{"id":12299,"date":"2021-08-30T08:00:35","date_gmt":"2021-08-30T06:00:35","guid":{"rendered":"https:\/\/www.welovecycling.com\/hu\/?p=12299"},"modified":"2021-08-27T13:45:44","modified_gmt":"2021-08-27T11:45:44","slug":"noverek-a-vadonban-egyutt-a-bikepacking-rogos-utjan","status":"publish","type":"post","link":"https:\/\/www.welovecycling.com\/hu\/kozosseg-es-kultura\/noverek-a-vadonban-egyutt-a-bikepacking-rogos-utjan\/","title":{"rendered":"N\u0151v\u00e9rek a vadonban: egy\u00fctt, a bikepacking r\u00f6g\u00f6s \u00fatj\u00e1n"},"content":{"rendered":"<p><strong>A t\u00f6rt\u00e9nelem sor\u00e1n a n\u0151knek mindig kevesebb lehet\u0151s\u00e9g\u00fck volt a ker\u00e9kp\u00e1roz\u00e1ssal foglalkozni, mint a f\u00e9rfiaknak. Amikor feltal\u00e1lt\u00e1k a biciklit, a n\u0151i ruha egy\u00e1ltal\u00e1n nem volt alkalmas arra, hogy visel\u0151i kipr\u00f3b\u00e1lj\u00e1k az \u00faj eszk\u00f6zt, ez\u00e9rt vesz\u00e9lyesnek b\u00e9lyegezt\u00e9k a ker\u00e9kp\u00e1roz\u00e1st, \u00e9s a k\u00e9rd\u00e9s le volt z\u00e1rva. M\u00e9g napjainkban is l\u00e1thatatlan akad\u00e1lyokat kell legy\u0151zni\u00fck a bring\u00e1s n\u0151knek, mint amilyen a nemek k\u00f6z\u00f6tti k\u00fcl\u00f6nbs\u00e9gekb\u0151l fakad\u00f3 bizonytalans\u00e1g. Az Egyes\u00fclt \u00c1llamokban is j\u00f3val kevesebb n\u0151 biciklizik, mint f\u00e9rfi, \u00e9s vannak, akik szeretn\u00e9nek ezen v\u00e1ltoztatni.<\/strong><\/p>\n<p><!--more--><\/p>\n<p>Id\u00e9n ny\u00e1ron 75 n\u0151, nem bin\u00e1ris \u00e9s transz nem\u0171 biciklis gy\u0171lt \u00f6ssze az English Lake District parkban, hogy r\u00e9szt vegyen egy k\u00f6z\u00f6ss\u00e9g\u00e9p\u00edt\u0151 h\u00e9tv\u00e9g\u00e9n, mely sor\u00e1n a bikepacking fort\u00e9lyaira tan\u00edtott\u00e1k meg egym\u00e1st a tapasztalt \u00e9s tapasztalatlan bring\u00e1sok.<\/p>\n<figure id=\"attachment_12300\" aria-describedby=\"caption-attachment-12300\" style=\"width: 1024px\" class=\"wp-caption alignnone\"><a href=\"https:\/\/d2p6e6u75xmxt8.cloudfront.net\/2\/2021\/08\/Sisters-in-the-wild-1.jpg\"><img loading=\"lazy\" decoding=\"async\" class=\"wp-image-12300 size-large\" src=\"https:\/\/d2p6e6u75xmxt8.cloudfront.net\/12\/2021\/08\/Sisters-in-the-wild-1-1024x683.jpg\" alt=\"Women Bikepacking\" width=\"1024\" height=\"683\" srcset=\"https:\/\/d2p6e6u75xmxt8.cloudfront.net\/12\/2021\/08\/Sisters-in-the-wild-1-1024x683.jpg 1024w, https:\/\/d2p6e6u75xmxt8.cloudfront.net\/12\/2021\/08\/Sisters-in-the-wild-1-300x200.jpg 300w, https:\/\/d2p6e6u75xmxt8.cloudfront.net\/12\/2021\/08\/Sisters-in-the-wild-1-768x512.jpg 768w, https:\/\/d2p6e6u75xmxt8.cloudfront.net\/12\/2021\/08\/Sisters-in-the-wild-1-272x182.jpg 272w, https:\/\/d2p6e6u75xmxt8.cloudfront.net\/12\/2021\/08\/Sisters-in-the-wild-1.jpg 1050w\" sizes=\"auto, (max-width: 1024px) 100vw, 1024px\" \/><\/a><figcaption id=\"caption-attachment-12300\" class=\"wp-caption-text\">\u00a9 Roxanna Barry<\/figcaption><\/figure>\n<p>A Sisters in the Wild (N\u0151v\u00e9rek a vadonban) egy olyan k\u00f6z\u00f6ss\u00e9g, mely egy mindenki sz\u00e1m\u00e1ra biztons\u00e1gos \u00e9s t\u00e1mogat\u00f3 k\u00f6rnyezet megalkot\u00e1s\u00e1t t\u0171zte ki c\u00e9lul, ahol b\u00e1rmely nem k\u00e9pvisel\u0151i kil\u00e9phetnek a komfortz\u00f3n\u00e1jukb\u00f3l. Egy h\u00e9tv\u00e9ge a gy\u00f6ny\u00f6r\u0171 t\u00f3vid\u00e9ken, melyet az orsz\u00e1g legjobb \u00fatjai vesznek k\u00f6r\u00fcl, t\u00f6k\u00e9letes alkalom volt a kezd\u0151k sz\u00e1m\u00e1ra, hogy megismerj\u00e9k a k\u00f6z\u00f6ss\u00e9get, mely t\u00e1rt karokkal v\u00e1rja \u0151ket.<\/p>\n<p>A Langdale-v\u00f6lgy kempingj\u00e9ben sokf\u00e9le h\u00e1tt\u00e9rrel \u00e9s tapasztalattal rendelkez\u0151 ember gy\u0171lt \u00f6ssze. Ultra ker\u00e9kp\u00e1rosok, szerel\u0151k, v\u00e1rosi biciklisek \u00e9s azok, akik m\u00e9g sosem tekertek terepen: a teljesen kezd\u0151kt\u0151l a profikig. Ilyen egy t\u00f6k\u00e9letes k\u00f6rnyezet a tud\u00e1smegoszt\u00e1shoz!<\/p>\n<figure id=\"attachment_12301\" aria-describedby=\"caption-attachment-12301\" style=\"width: 1024px\" class=\"wp-caption alignnone\"><a href=\"https:\/\/d2p6e6u75xmxt8.cloudfront.net\/2\/2021\/08\/Sisters-in-the-wild-3.jpg\"><img loading=\"lazy\" decoding=\"async\" class=\"wp-image-12301 size-large\" src=\"https:\/\/d2p6e6u75xmxt8.cloudfront.net\/12\/2021\/08\/Sisters-in-the-wild-3-1024x582.jpg\" alt=\"Sisters in the wild\" width=\"1024\" height=\"582\" srcset=\"https:\/\/d2p6e6u75xmxt8.cloudfront.net\/12\/2021\/08\/Sisters-in-the-wild-3-1024x582.jpg 1024w, https:\/\/d2p6e6u75xmxt8.cloudfront.net\/12\/2021\/08\/Sisters-in-the-wild-3-300x171.jpg 300w, https:\/\/d2p6e6u75xmxt8.cloudfront.net\/12\/2021\/08\/Sisters-in-the-wild-3-768x436.jpg 768w, https:\/\/d2p6e6u75xmxt8.cloudfront.net\/12\/2021\/08\/Sisters-in-the-wild-3.jpg 1200w\" sizes=\"auto, (max-width: 1024px) 100vw, 1024px\" \/><\/a><figcaption id=\"caption-attachment-12301\" class=\"wp-caption-text\">\u00a9 Roxanna Barry<\/figcaption><\/figure>\n<p>A m\u0171helyben \u00e1tadott inform\u00e1ci\u00f3k alapj\u00e1n az esem\u00e9ny v\u00e9g\u00e9re minden r\u00e9sztvev\u0151 meg tudta jav\u00edtani a kisebb-nagyobb hib\u00e1kat ker\u00e9kp\u00e1rj\u00e1n \u00e9s biztons\u00e1ggal kezelte a defektes kerekeket. A csapatban teker\u00e9s el\u0151nye, hogy mindig rem\u00e9nykedhetsz benne, hogy valaki tudni fogja, mit kell tenni, ha valami nem stimmel a ker\u00e9kp\u00e1roddal. M\u00e9gis nagy hangs\u00falyt kapott a workshopok keret\u00e9ben, hogy milyen szersz\u00e1mokat kell magaddal vinned &#8211; \u00e9s hogyan kell ezeket haszn\u00e1lni &#8211; ha hosszabb \u00fatra indulsz, f\u0151leg, ha terepen!<\/p>\n<p>Top tipp: Ha hosszabb \u00fatra indulsz, vigy\u00e9l magaddal egy tartal\u00e9k v\u00e1lt\u00f3tart\u00f3 f\u00fclet, arra az esetre, ha a tied megs\u00e9r\u00fclne! Ez az alkatr\u00e9sz k\u00f6nnyen cser\u00e9lhet\u0151, azonban a saj\u00e1t bring\u00e1dhoz val\u00f3t sok\u00e1ig tarthat beszerezni. Jobb teh\u00e1t, ha felk\u00e9sz\u00fclsz!<\/p>\n<figure id=\"attachment_12302\" aria-describedby=\"caption-attachment-12302\" style=\"width: 1024px\" class=\"wp-caption alignnone\"><a href=\"https:\/\/d2p6e6u75xmxt8.cloudfront.net\/2\/2021\/08\/Bike-workshop-Sisters-in-the-wild.jpg\"><img loading=\"lazy\" decoding=\"async\" class=\"wp-image-12302 size-large\" src=\"https:\/\/d2p6e6u75xmxt8.cloudfront.net\/12\/2021\/08\/Bike-workshop-Sisters-in-the-wild-1024x683.jpg\" alt=\"Bike workshop\" width=\"1024\" height=\"683\" srcset=\"https:\/\/d2p6e6u75xmxt8.cloudfront.net\/12\/2021\/08\/Bike-workshop-Sisters-in-the-wild-1024x683.jpg 1024w, https:\/\/d2p6e6u75xmxt8.cloudfront.net\/12\/2021\/08\/Bike-workshop-Sisters-in-the-wild-300x200.jpg 300w, https:\/\/d2p6e6u75xmxt8.cloudfront.net\/12\/2021\/08\/Bike-workshop-Sisters-in-the-wild-768x512.jpg 768w, https:\/\/d2p6e6u75xmxt8.cloudfront.net\/12\/2021\/08\/Bike-workshop-Sisters-in-the-wild-272x182.jpg 272w, https:\/\/d2p6e6u75xmxt8.cloudfront.net\/12\/2021\/08\/Bike-workshop-Sisters-in-the-wild.jpg 1050w\" sizes=\"auto, (max-width: 1024px) 100vw, 1024px\" \/><\/a><figcaption id=\"caption-attachment-12302\" class=\"wp-caption-text\">\u00a9 Roxanna Barry<\/figcaption><\/figure>\n<p>A szombat esti program k\u00e9t tapasztalt bikepacker besz\u00e9lget\u00e9s\u00e9vel v\u00e9gz\u0151d\u00f6tt. Emma Kingston, a Bikepacking England Guidebook szerz\u0151je megosztotta tapasztalatait a t\u00f6bbnapos kir\u00e1ndul\u00e1sokr\u00f3l. Ugyan\u00edgy Rachel Walker, aki beker\u00fclt a 100 n\u0151i biciklis k\u00f6z\u00e9, akiket 2018-ban a Cycling UK magazin m\u00e9ltatott. Azoknak, akik m\u00e9g sosem indultak t\u00f6bbnapos \u00fatra k\u00e9t ker\u00e9ken, szuper betekint\u00e9st ny\u00fajtott a bikepacking vil\u00e1g\u00e1ba ez a besz\u00e9lget\u00e9s, de a tapasztaltabbaknak is nagyszer\u0171 inspir\u00e1ci\u00f3t jelentettek a t\u00f6rt\u00e9netek \u00e9s \u00e9lm\u00e9nyek.<\/p>\n<p>Emma felszerel\u00e9s\u00e9nek minden egyes elem\u00e9t bemutatta \u00e9s elmagyar\u00e1zta, melyik mi\u00e9rt fontos. V\u00e9g\u00fcl hozz\u00e1tette, hogy azok a leghasznosabb dolgok, amiket m\u00e1r beszerezt\u00e9l. N\u00e9h\u00e1ny t\u00e1sk\u00e1val \u00e9s egy kis gumip\u00f3kkal k\u00f6nnyen r\u00f6gz\u00edtheted a felszerel\u00e9sed a biciklire, nem kell mindenb\u0151l \u00fajat, specifikusat venni! \u00cdgy k\u00f6t\u00f6tts\u00e9gek n\u00e9lk\u00fcl kipr\u00f3b\u00e1lhatod, hogy t\u00e9nyleg a te sportod-e a bikepacking, \u00e9s ha igen, mi az, amib\u0151l sz\u00fcks\u00e9ged van eggyel jobbra, k\u00e9nyelmesebbre, nagyobbra.<\/p>\n<figure id=\"attachment_12303\" aria-describedby=\"caption-attachment-12303\" style=\"width: 1020px\" class=\"wp-caption alignnone\"><a href=\"https:\/\/d2p6e6u75xmxt8.cloudfront.net\/12\/2021\/08\/Sisters-in-the-wild-2.jpg\"><img loading=\"lazy\" decoding=\"async\" class=\"wp-image-12303 size-full\" src=\"https:\/\/d2p6e6u75xmxt8.cloudfront.net\/12\/2021\/08\/Sisters-in-the-wild-2.jpg\" alt=\"Women's Bikepacking Seminar\" width=\"1020\" height=\"680\" srcset=\"https:\/\/d2p6e6u75xmxt8.cloudfront.net\/12\/2021\/08\/Sisters-in-the-wild-2.jpg 1020w, https:\/\/d2p6e6u75xmxt8.cloudfront.net\/12\/2021\/08\/Sisters-in-the-wild-2-300x200.jpg 300w, https:\/\/d2p6e6u75xmxt8.cloudfront.net\/12\/2021\/08\/Sisters-in-the-wild-2-768x512.jpg 768w, https:\/\/d2p6e6u75xmxt8.cloudfront.net\/12\/2021\/08\/Sisters-in-the-wild-2-272x182.jpg 272w\" sizes=\"auto, (max-width: 1020px) 100vw, 1020px\" \/><\/a><figcaption id=\"caption-attachment-12303\" class=\"wp-caption-text\">\u00a9 Roxanna Barry<\/figcaption><\/figure>\n<p>Ami Emma szerint nagyon fontos, az a j\u00f3 alv\u00e1s, amihez biztosan \u00e9rdemes befektetni egy j\u00f3 min\u0151s\u00e9g\u0171 h\u00e1l\u00f3zs\u00e1kba \u00e9s matracba. Mindkett\u0151t aszerint v\u00e1laszd ki, hogy milyen h\u0151m\u00e9rs\u00e9klet\u0171ek lesznek az \u00e9jszak\u00e1k, amiket a szabadban t\u00f6ltesz! A t\u00f6bbi dolog fontoss\u00e1gi sorrendje szem\u00e9lyes preferenci\u00e1kt\u00f3l f\u00fcgg. Lehet, hogy ink\u00e1bb szuperk\u00f6nny\u0171 felszerel\u00e9st keresel, m\u00edg m\u00e1snak a k\u00e9nyelem a fontos. Ameddig biztons\u00e1gban \u00e9s komfortosan \u00e9rzed magad, addig mindegy, milyen cuccokat viszel magaddal, j\u00f3l fogsz sz\u00f3rakozni!<\/p>\n<p>A besz\u00e9lget\u00e9s k\u00f6tetlen\u00fcl folytat\u00f3dott tov\u00e1bb, mindenki megosztotta kedvenc t\u00e1bori \u00e9teleleit (a zab nagyot ment!) \u00e9s a j\u00f3 alv\u00e1shoz haszn\u00e1lt fort\u00e9lyait. A nyomtalan t\u00far\u00e1k elv\u00e9t t\u00f6bben is kihangs\u00falyozt\u00e1k, aminek l\u00e9nyege, hogy ne hagyj szemetet magad ut\u00e1n. Motiv\u00e1ci\u00f3b\u00f3l \u00e9s inspir\u00e1ci\u00f3b\u00f3l nem volt hi\u00e1ny!<\/p>\n<p>Ez volt az els\u0151 ilyen esem\u00e9ny az Egyes\u00fclt Kir\u00e1lys\u00e1gban, de biztosan nem az utols\u00f3. A k\u00f6vetkez\u0151 rendezv\u00e9ny Szlov\u00e9ni\u00e1ban ker\u00fcl megrendez\u00e9sre, 2021 szeptember\u00e9ben. Jegyeket a <a href=\"https:\/\/www.sistersinthewild.com\/\">honlapon<\/a> vehetsz! A Sisters in the Wild-ot megtal\u00e1lod Instagramon is a <a href=\"https:\/\/www.instagram.com\/sistersinthewilduk\/\">Sisters in the Wild UK<\/a> \u00e9s a <a href=\"https:\/\/www.instagram.com\/sitwbikepacking\/\">SitW bikepacking<\/a> profilok alatt.<\/p>\n","protected":false},"excerpt":{"rendered":"<p>A t\u00f6rt\u00e9nelem sor\u00e1n a n\u0151knek mindig kevesebb lehet\u0151s\u00e9g\u00fck volt a ker\u00e9kp\u00e1roz\u00e1ssal foglalkozni, mint a f\u00e9rfiaknak. Amikor feltal\u00e1lt\u00e1k a biciklit, a [&hellip;]<\/p>\n","protected":false},"author":71,"featured_media":12305,"comment_status":"open","ping_status":"open","sticky":false,"template":"","format":"standard","meta":{"footnotes":""},"categories":[12],"tags":[],"global-categories":[],"class_list":["post-12299","post","type-post","status-publish","format-standard","has-post-thumbnail","hentry","category-kozosseg-es-kultura"],"yoast_head":"<!-- This site is optimized with the Yoast SEO Premium plugin v25.3 (Yoast SEO v25.9) - https:\/\/yoast.com\/wordpress\/plugins\/seo\/ -->\n<title>N\u0151v\u00e9rek a vadonban: egy\u00fctt, a bikepacking r\u00f6g\u00f6s \u00fatj\u00e1n<\/title>\n<meta name=\"description\" content=\"A t\u00f6rt\u00e9nelem sor\u00e1n a n\u0151knek mindig kevesebb lehet\u0151s\u00e9g\u00fck volt a ker\u00e9kp\u00e1roz\u00e1ssal foglalkozni, mint a f\u00e9rfiaknak. Amikor feltal\u00e1lt\u00e1k a biciklit, a n\u0151i ruha egy\u00e1ltal\u00e1n nem volt alkalmas arra, hogy visel\u0151i kipr\u00f3b\u00e1lj\u00e1k az \u00faj eszk\u00f6zt, ez\u00e9rt vesz\u00e9lyesnek b\u00e9lyegezt\u00e9k a ker\u00e9kp\u00e1roz\u00e1st, \u00e9s a k\u00e9rd\u00e9s le volt z\u00e1rva.\" \/>\n<meta name=\"robots\" content=\"index, follow, max-snippet:-1, max-image-preview:large, max-video-preview:-1\" \/>\n<link rel=\"canonical\" href=\"https:\/\/www.welovecycling.com\/hu\/kozosseg-es-kultura\/noverek-a-vadonban-egyutt-a-bikepacking-rogos-utjan\/\" \/>\n<meta property=\"og:locale\" content=\"hu_HU\" \/>\n<meta property=\"og:type\" content=\"article\" \/>\n<meta property=\"og:title\" content=\"N\u0151v\u00e9rek a vadonban: egy\u00fctt, a bikepacking r\u00f6g\u00f6s \u00fatj\u00e1n\" \/>\n<meta property=\"og:description\" content=\"A t\u00f6rt\u00e9nelem sor\u00e1n a n\u0151knek mindig kevesebb lehet\u0151s\u00e9g\u00fck volt a ker\u00e9kp\u00e1roz\u00e1ssal foglalkozni, mint a f\u00e9rfiaknak. Amikor feltal\u00e1lt\u00e1k a biciklit, a n\u0151i ruha egy\u00e1ltal\u00e1n nem volt alkalmas arra, hogy visel\u0151i kipr\u00f3b\u00e1lj\u00e1k az \u00faj eszk\u00f6zt, ez\u00e9rt vesz\u00e9lyesnek b\u00e9lyegezt\u00e9k a ker\u00e9kp\u00e1roz\u00e1st, \u00e9s a k\u00e9rd\u00e9s le volt z\u00e1rva.\" \/>\n<meta property=\"og:url\" content=\"https:\/\/www.welovecycling.com\/hu\/kozosseg-es-kultura\/noverek-a-vadonban-egyutt-a-bikepacking-rogos-utjan\/\" \/>\n<meta property=\"og:site_name\" content=\"\u0160koda We Love Cycling - Magyarorsz\u00e1g\" \/>\n<meta property=\"article:publisher\" content=\"https:\/\/www.facebook.com\/WeLoveCyclingHungary\/\" \/>\n<meta property=\"article:published_time\" content=\"2021-08-30T06:00:35+00:00\" \/>\n<meta property=\"og:image\" content=\"https:\/\/d2p6e6u75xmxt8.cloudfront.net\/12\/2021\/08\/Sisters-in-the-wild-CVR.jpg\" \/>\n\t<meta property=\"og:image:width\" content=\"1366\" \/>\n\t<meta property=\"og:image:height\" content=\"600\" \/>\n\t<meta property=\"og:image:type\" content=\"image\/jpeg\" \/>\n<meta name=\"author\" content=\"hegyizs\" \/>\n<meta name=\"twitter:card\" content=\"summary_large_image\" \/>\n<meta name=\"twitter:label1\" content=\"Written by\" \/>\n\t<meta name=\"twitter:data1\" content=\"Charlotte Murray\" \/>\n\t<meta name=\"twitter:label2\" content=\"Est. reading time\" \/>\n\t<meta name=\"twitter:data2\" content=\"5\" \/>\n<script type=\"application\/ld+json\" class=\"yoast-schema-graph\">{\"@context\":\"https:\/\/schema.org\",\"@graph\":[{\"@type\":\"WebPage\",\"@id\":\"https:\/\/www.welovecycling.com\/hu\/kozosseg-es-kultura\/noverek-a-vadonban-egyutt-a-bikepacking-rogos-utjan\/\",\"url\":\"https:\/\/www.welovecycling.com\/hu\/kozosseg-es-kultura\/noverek-a-vadonban-egyutt-a-bikepacking-rogos-utjan\/\",\"name\":\"N\u0151v\u00e9rek a vadonban: egy\u00fctt, a bikepacking r\u00f6g\u00f6s \u00fatj\u00e1n\",\"isPartOf\":{\"@id\":\"https:\/\/www.welovecycling.com\/hu\/#website\"},\"primaryImageOfPage\":{\"@id\":\"https:\/\/www.welovecycling.com\/hu\/kozosseg-es-kultura\/noverek-a-vadonban-egyutt-a-bikepacking-rogos-utjan\/#primaryimage\"},\"image\":{\"@id\":\"https:\/\/www.welovecycling.com\/hu\/kozosseg-es-kultura\/noverek-a-vadonban-egyutt-a-bikepacking-rogos-utjan\/#primaryimage\"},\"thumbnailUrl\":\"https:\/\/d2p6e6u75xmxt8.cloudfront.net\/12\/2021\/08\/Sisters-in-the-wild-CVR.jpg\",\"datePublished\":\"2021-08-30T06:00:35+00:00\",\"author\":{\"@id\":\"https:\/\/www.welovecycling.com\/hu\/#\/schema\/person\/414a2aebf1801691a5320edb6468e194\"},\"description\":\"A t\u00f6rt\u00e9nelem sor\u00e1n a n\u0151knek mindig kevesebb lehet\u0151s\u00e9g\u00fck volt a ker\u00e9kp\u00e1roz\u00e1ssal foglalkozni, mint a f\u00e9rfiaknak. Amikor feltal\u00e1lt\u00e1k a biciklit, a n\u0151i ruha egy\u00e1ltal\u00e1n nem volt alkalmas arra, hogy visel\u0151i kipr\u00f3b\u00e1lj\u00e1k az \u00faj eszk\u00f6zt, ez\u00e9rt vesz\u00e9lyesnek b\u00e9lyegezt\u00e9k a ker\u00e9kp\u00e1roz\u00e1st, \u00e9s a k\u00e9rd\u00e9s le volt z\u00e1rva.\",\"breadcrumb\":{\"@id\":\"https:\/\/www.welovecycling.com\/hu\/kozosseg-es-kultura\/noverek-a-vadonban-egyutt-a-bikepacking-rogos-utjan\/#breadcrumb\"},\"inLanguage\":\"hu\",\"potentialAction\":[{\"@type\":\"ReadAction\",\"target\":[\"https:\/\/www.welovecycling.com\/hu\/kozosseg-es-kultura\/noverek-a-vadonban-egyutt-a-bikepacking-rogos-utjan\/\"]}]},{\"@type\":\"ImageObject\",\"inLanguage\":\"hu\",\"@id\":\"https:\/\/www.welovecycling.com\/hu\/kozosseg-es-kultura\/noverek-a-vadonban-egyutt-a-bikepacking-rogos-utjan\/#primaryimage\",\"url\":\"https:\/\/d2p6e6u75xmxt8.cloudfront.net\/12\/2021\/08\/Sisters-in-the-wild-CVR.jpg\",\"contentUrl\":\"https:\/\/d2p6e6u75xmxt8.cloudfront.net\/12\/2021\/08\/Sisters-in-the-wild-CVR.jpg\",\"width\":1366,\"height\":600,\"caption\":\"Sisters in the Wild\"},{\"@type\":\"BreadcrumbList\",\"@id\":\"https:\/\/www.welovecycling.com\/hu\/kozosseg-es-kultura\/noverek-a-vadonban-egyutt-a-bikepacking-rogos-utjan\/#breadcrumb\",\"itemListElement\":[{\"@type\":\"ListItem\",\"position\":1,\"name\":\"Home\",\"item\":\"https:\/\/www.welovecycling.com\/hu\/\"},{\"@type\":\"ListItem\",\"position\":2,\"name\":\"N\u0151v\u00e9rek a vadonban: egy\u00fctt, a bikepacking r\u00f6g\u00f6s \u00fatj\u00e1n\"}]},{\"@type\":\"WebSite\",\"@id\":\"https:\/\/www.welovecycling.com\/hu\/#website\",\"url\":\"https:\/\/www.welovecycling.com\/hu\/\",\"name\":\"\u0160koda We Love Cycling - Magyarorsz\u00e1g\",\"description\":\"\u0160koda WeLoveCycling\",\"potentialAction\":[{\"@type\":\"SearchAction\",\"target\":{\"@type\":\"EntryPoint\",\"urlTemplate\":\"https:\/\/www.welovecycling.com\/hu\/?s={search_term_string}\"},\"query-input\":{\"@type\":\"PropertyValueSpecification\",\"valueRequired\":true,\"valueName\":\"search_term_string\"}}],\"inLanguage\":\"hu\"},{\"@type\":\"Person\",\"@id\":\"https:\/\/www.welovecycling.com\/hu\/#\/schema\/person\/414a2aebf1801691a5320edb6468e194\",\"name\":\"hegyizs\",\"image\":{\"@type\":\"ImageObject\",\"inLanguage\":\"hu\",\"@id\":\"https:\/\/www.welovecycling.com\/hu\/#\/schema\/person\/image\/\",\"url\":\"https:\/\/secure.gravatar.com\/avatar\/02cf8a7906b8cf90cecb4679defac7cfd33a1c2e3b88e4903d947f3bb58eedd3?s=96&d=mm&r=g\",\"contentUrl\":\"https:\/\/secure.gravatar.com\/avatar\/02cf8a7906b8cf90cecb4679defac7cfd33a1c2e3b88e4903d947f3bb58eedd3?s=96&d=mm&r=g\",\"caption\":\"hegyizs\"},\"url\":\"https:\/\/www.welovecycling.com\/hu\/author\/hegyizs\/\"}]}<\/script>\n<!-- \/ Yoast SEO Premium plugin. -->","yoast_head_json":{"title":"N\u0151v\u00e9rek a vadonban: egy\u00fctt, a bikepacking r\u00f6g\u00f6s \u00fatj\u00e1n","description":"A t\u00f6rt\u00e9nelem sor\u00e1n a n\u0151knek mindig kevesebb lehet\u0151s\u00e9g\u00fck volt a ker\u00e9kp\u00e1roz\u00e1ssal foglalkozni, mint a f\u00e9rfiaknak. Amikor feltal\u00e1lt\u00e1k a biciklit, a n\u0151i ruha egy\u00e1ltal\u00e1n nem volt alkalmas arra, hogy visel\u0151i kipr\u00f3b\u00e1lj\u00e1k az \u00faj eszk\u00f6zt, ez\u00e9rt vesz\u00e9lyesnek b\u00e9lyegezt\u00e9k a ker\u00e9kp\u00e1roz\u00e1st, \u00e9s a k\u00e9rd\u00e9s le volt z\u00e1rva.","robots":{"index":"index","follow":"follow","max-snippet":"max-snippet:-1","max-image-preview":"max-image-preview:large","max-video-preview":"max-video-preview:-1"},"canonical":"https:\/\/www.welovecycling.com\/hu\/kozosseg-es-kultura\/noverek-a-vadonban-egyutt-a-bikepacking-rogos-utjan\/","og_locale":"hu_HU","og_type":"article","og_title":"N\u0151v\u00e9rek a vadonban: egy\u00fctt, a bikepacking r\u00f6g\u00f6s \u00fatj\u00e1n","og_description":"A t\u00f6rt\u00e9nelem sor\u00e1n a n\u0151knek mindig kevesebb lehet\u0151s\u00e9g\u00fck volt a ker\u00e9kp\u00e1roz\u00e1ssal foglalkozni, mint a f\u00e9rfiaknak. Amikor feltal\u00e1lt\u00e1k a biciklit, a n\u0151i ruha egy\u00e1ltal\u00e1n nem volt alkalmas arra, hogy visel\u0151i kipr\u00f3b\u00e1lj\u00e1k az \u00faj eszk\u00f6zt, ez\u00e9rt vesz\u00e9lyesnek b\u00e9lyegezt\u00e9k a ker\u00e9kp\u00e1roz\u00e1st, \u00e9s a k\u00e9rd\u00e9s le volt z\u00e1rva.","og_url":"https:\/\/www.welovecycling.com\/hu\/kozosseg-es-kultura\/noverek-a-vadonban-egyutt-a-bikepacking-rogos-utjan\/","og_site_name":"\u0160koda We Love Cycling - Magyarorsz\u00e1g","article_publisher":"https:\/\/www.facebook.com\/WeLoveCyclingHungary\/","article_published_time":"2021-08-30T06:00:35+00:00","og_image":[{"width":1366,"height":600,"url":"https:\/\/d2p6e6u75xmxt8.cloudfront.net\/12\/2021\/08\/Sisters-in-the-wild-CVR.jpg","type":"image\/jpeg"}],"author":"hegyizs","twitter_card":"summary_large_image","twitter_misc":{"Written by":"Charlotte Murray","Est. reading time":"5"},"schema":{"@context":"https:\/\/schema.org","@graph":[{"@type":"WebPage","@id":"https:\/\/www.welovecycling.com\/hu\/kozosseg-es-kultura\/noverek-a-vadonban-egyutt-a-bikepacking-rogos-utjan\/","url":"https:\/\/www.welovecycling.com\/hu\/kozosseg-es-kultura\/noverek-a-vadonban-egyutt-a-bikepacking-rogos-utjan\/","name":"N\u0151v\u00e9rek a vadonban: egy\u00fctt, a bikepacking r\u00f6g\u00f6s \u00fatj\u00e1n","isPartOf":{"@id":"https:\/\/www.welovecycling.com\/hu\/#website"},"primaryImageOfPage":{"@id":"https:\/\/www.welovecycling.com\/hu\/kozosseg-es-kultura\/noverek-a-vadonban-egyutt-a-bikepacking-rogos-utjan\/#primaryimage"},"image":{"@id":"https:\/\/www.welovecycling.com\/hu\/kozosseg-es-kultura\/noverek-a-vadonban-egyutt-a-bikepacking-rogos-utjan\/#primaryimage"},"thumbnailUrl":"https:\/\/d2p6e6u75xmxt8.cloudfront.net\/12\/2021\/08\/Sisters-in-the-wild-CVR.jpg","datePublished":"2021-08-30T06:00:35+00:00","author":{"@id":"https:\/\/www.welovecycling.com\/hu\/#\/schema\/person\/414a2aebf1801691a5320edb6468e194"},"description":"A t\u00f6rt\u00e9nelem sor\u00e1n a n\u0151knek mindig kevesebb lehet\u0151s\u00e9g\u00fck volt a ker\u00e9kp\u00e1roz\u00e1ssal foglalkozni, mint a f\u00e9rfiaknak. Amikor feltal\u00e1lt\u00e1k a biciklit, a n\u0151i ruha egy\u00e1ltal\u00e1n nem volt alkalmas arra, hogy visel\u0151i kipr\u00f3b\u00e1lj\u00e1k az \u00faj eszk\u00f6zt, ez\u00e9rt vesz\u00e9lyesnek b\u00e9lyegezt\u00e9k a ker\u00e9kp\u00e1roz\u00e1st, \u00e9s a k\u00e9rd\u00e9s le volt z\u00e1rva.","breadcrumb":{"@id":"https:\/\/www.welovecycling.com\/hu\/kozosseg-es-kultura\/noverek-a-vadonban-egyutt-a-bikepacking-rogos-utjan\/#breadcrumb"},"inLanguage":"hu","potentialAction":[{"@type":"ReadAction","target":["https:\/\/www.welovecycling.com\/hu\/kozosseg-es-kultura\/noverek-a-vadonban-egyutt-a-bikepacking-rogos-utjan\/"]}]},{"@type":"ImageObject","inLanguage":"hu","@id":"https:\/\/www.welovecycling.com\/hu\/kozosseg-es-kultura\/noverek-a-vadonban-egyutt-a-bikepacking-rogos-utjan\/#primaryimage","url":"https:\/\/d2p6e6u75xmxt8.cloudfront.net\/12\/2021\/08\/Sisters-in-the-wild-CVR.jpg","contentUrl":"https:\/\/d2p6e6u75xmxt8.cloudfront.net\/12\/2021\/08\/Sisters-in-the-wild-CVR.jpg","width":1366,"height":600,"caption":"Sisters in the Wild"},{"@type":"BreadcrumbList","@id":"https:\/\/www.welovecycling.com\/hu\/kozosseg-es-kultura\/noverek-a-vadonban-egyutt-a-bikepacking-rogos-utjan\/#breadcrumb","itemListElement":[{"@type":"ListItem","position":1,"name":"Home","item":"https:\/\/www.welovecycling.com\/hu\/"},{"@type":"ListItem","position":2,"name":"N\u0151v\u00e9rek a vadonban: egy\u00fctt, a bikepacking r\u00f6g\u00f6s \u00fatj\u00e1n"}]},{"@type":"WebSite","@id":"https:\/\/www.welovecycling.com\/hu\/#website","url":"https:\/\/www.welovecycling.com\/hu\/","name":"\u0160koda We Love Cycling - Magyarorsz\u00e1g","description":"\u0160koda WeLoveCycling","potentialAction":[{"@type":"SearchAction","target":{"@type":"EntryPoint","urlTemplate":"https:\/\/www.welovecycling.com\/hu\/?s={search_term_string}"},"query-input":{"@type":"PropertyValueSpecification","valueRequired":true,"valueName":"search_term_string"}}],"inLanguage":"hu"},{"@type":"Person","@id":"https:\/\/www.welovecycling.com\/hu\/#\/schema\/person\/414a2aebf1801691a5320edb6468e194","name":"hegyizs","image":{"@type":"ImageObject","inLanguage":"hu","@id":"https:\/\/www.welovecycling.com\/hu\/#\/schema\/person\/image\/","url":"https:\/\/secure.gravatar.com\/avatar\/02cf8a7906b8cf90cecb4679defac7cfd33a1c2e3b88e4903d947f3bb58eedd3?s=96&d=mm&r=g","contentUrl":"https:\/\/secure.gravatar.com\/avatar\/02cf8a7906b8cf90cecb4679defac7cfd33a1c2e3b88e4903d947f3bb58eedd3?s=96&d=mm&r=g","caption":"hegyizs"},"url":"https:\/\/www.welovecycling.com\/hu\/author\/hegyizs\/"}]}},"_links":{"self":[{"href":"https:\/\/www.welovecycling.com\/hu\/wp-json\/wp\/v2\/posts\/12299","targetHints":{"allow":["GET"]}}],"collection":[{"href":"https:\/\/www.welovecycling.com\/hu\/wp-json\/wp\/v2\/posts"}],"about":[{"href":"https:\/\/www.welovecycling.com\/hu\/wp-json\/wp\/v2\/types\/post"}],"author":[{"embeddable":true,"href":"https:\/\/www.welovecycling.com\/hu\/wp-json\/wp\/v2\/users\/71"}],"replies":[{"embeddable":true,"href":"https:\/\/www.welovecycling.com\/hu\/wp-json\/wp\/v2\/comments?post=12299"}],"version-history":[{"count":2,"href":"https:\/\/www.welovecycling.com\/hu\/wp-json\/wp\/v2\/posts\/12299\/revisions"}],"predecessor-version":[{"id":12322,"href":"https:\/\/www.welovecycling.com\/hu\/wp-json\/wp\/v2\/posts\/12299\/revisions\/12322"}],"wp:featuredmedia":[{"embeddable":true,"href":"https:\/\/www.welovecycling.com\/hu\/wp-json\/wp\/v2\/media\/12305"}],"wp:attachment":[{"href":"https:\/\/www.welovecycling.com\/hu\/wp-json\/wp\/v2\/media?parent=12299"}],"wp:term":[{"taxonomy":"category","embeddable":true,"href":"https:\/\/www.welovecycling.com\/hu\/wp-json\/wp\/v2\/categories?post=12299"},{"taxonomy":"post_tag","embeddable":true,"href":"https:\/\/www.welovecycling.com\/hu\/wp-json\/wp\/v2\/tags?post=12299"},{"taxonomy":"global-categories","embeddable":true,"href":"https:\/\/www.welovecycling.com\/hu\/wp-json\/wp\/v2\/global-categories?post=12299"}],"curies":[{"name":"wp","href":"https:\/\/api.w.org\/{rel}","templated":true}]}}