{"id":12293,"date":"2021-08-25T08:00:44","date_gmt":"2021-08-25T06:00:44","guid":{"rendered":"https:\/\/www.welovecycling.com\/hu\/?p=12293"},"modified":"2021-08-24T12:12:45","modified_gmt":"2021-08-24T10:12:45","slug":"jakobsen-a-vuelta-szakaszgyozelmekrol-egy-almom-valt-valora","status":"publish","type":"post","link":"https:\/\/www.welovecycling.com\/hu\/orszaguti-kerekpar\/jakobsen-a-vuelta-szakaszgyozelmekrol-egy-almom-valt-valora\/","title":{"rendered":"Jakobsen a Vuelta szakaszgy\u0151zelmekr\u0151l: \u201eEgy \u00e1lmom v\u00e1lt val\u00f3ra.\u201d"},"content":{"rendered":"<p><strong>Egy sz\u00f6rny\u0171 baleset ut\u00e1n kellett \u00fajra felk\u00fczdenie mag\u00e1t &#8211; \u00e9s siker\u00fclt neki. Nagyon j\u00f3 \u00e9rz\u00e9s volt z\u00f6ld trik\u00f3ban l\u00e1tni Fabio Jakobsent a Vuelt\u00e1n!<\/strong><\/p>\n<p><!--more--><\/p>\n<p><em>\u201eEgy \u00e1lmom v\u00e1lt val\u00f3ra\u201d<\/em> \u2013 ismerte el Jakobsen a 4. szakasz ut\u00e1n. <em>\u201eHossz\u00fa volt az \u00fat a baleset ut\u00e1n id\u00e1ig, de boldog vagyok, hogy itt lehetek. Sok id\u0151be \u00e9s er\u0151fesz\u00edt\u00e9sbe telt, nemcsak nekem, hanem m\u00e1soknak is, akiknek h\u00e1l\u00e1s vagyok: azt hiszem ez a gy\u0151zelem az \u00f6v\u00e9k\u00e9 is.\u201d<\/em><\/p>\n<div class=\"embed-controller-wrapper\">\n<blockquote class=\"twitter-tweet\" data-width=\"500\" data-dnt=\"true\">\n<p lang=\"en\" dir=\"ltr\">Yessssssssssssssss!!!!!!!!!<a href=\"https:\/\/twitter.com\/FabioJakobsen?ref_src=twsrc%5Etfw\">@FabioJakobsen<\/a> wins again in a Grand Tour, taking stage 4 of <a href=\"https:\/\/twitter.com\/hashtag\/LaVuelta21?src=hash&amp;ref_src=twsrc%5Etfw\">#LaVuelta21<\/a> after a huge sprint!<br \/>Photo: <a href=\"https:\/\/twitter.com\/GettySport?ref_src=twsrc%5Etfw\">@GettySport<\/a> <a href=\"https:\/\/t.co\/xsBUpoVQud\">pic.twitter.com\/xsBUpoVQud<\/a><\/p>\n<p>&mdash; Soudal Quick-Step Pro Cycling Team (@soudalquickstep) <a href=\"https:\/\/twitter.com\/soudalquickstep\/status\/1427654953951170563?ref_src=twsrc%5Etfw\">August 17, 2021<\/a><\/p><\/blockquote>\n<p><script async data-src=\"https:\/\/platform.twitter.com\/widgets.js\" charset=\"utf-8\"><\/script><\/div>\n<p>A 24 \u00e9ves holland \u00e1prilisban t\u00e9rt vissza a versenyz\u00e9shez, amikor a Tour of Turkey versenyen seg\u00edtett Mark Cavendishnek, aki n\u00e9gy szakaszgy\u0151zelmet is szerzett. Azt\u00e1n Algarv\u00e9ben Sam Bennettet t\u00e1mogatta, majd k\u00e9t szakaszt megnyert a Tour of Wallonie-n, olyan sprinterek ellen, mint Giacomo Nizzolo (Qhubeka-NextHash). \u00dagy t\u0171nik, t\u00f6k\u00e9letes form\u00e1ban van, \u00e9s h\u00e1l\u00e1s mindenkinek, aki seg\u00edtett neki el\u00e9rni ezt. A fenti nyilatkozata \u00f3ta a Vuelta 8. szakasz\u00e1n is gy\u0151zelmet aratott, \u00e9s a verseny els\u0151 hete ut\u00e1n a pontverseny \u00e9l\u00e9n \u00e1ll.<\/p>\n<div class=\"embed-controller-wrapper\">\n<blockquote class=\"twitter-tweet\" data-width=\"500\" data-dnt=\"true\">\n<p lang=\"nl\" dir=\"ltr\">Fabio Jakobsen = back \ud83d\udd25<\/p>\n<p>Jakobsen heeft de vierde etappe van de Ronde van Spanje gewonnen. De 24-jarige Nederlander , die voor het eerst sinds zijn heftige valpartij weer een grote ronde rijdt, was in de massasprint de sterkste. \u2192 <a href=\"https:\/\/t.co\/LkkC65UCiF\">https:\/\/t.co\/LkkC65UCiF<\/a> <a href=\"https:\/\/t.co\/uPb0OFExlo\">pic.twitter.com\/uPb0OFExlo<\/a><\/p>\n<p>&mdash; NOS Sport (@NOSsport) <a href=\"https:\/\/twitter.com\/NOSsport\/status\/1427682966113701888?ref_src=twsrc%5Etfw\">August 17, 2021<\/a><\/p><\/blockquote>\n<p><script async data-src=\"https:\/\/platform.twitter.com\/widgets.js\" charset=\"utf-8\"><\/script><\/div>\n<p><em>\u201eLengyelorsz\u00e1g orvosair\u00f3l \u00e9s eg\u00e9szs\u00e9g\u00fcgyi szem\u00e9lyzet\u00e9r\u0151l, a m\u00e1sodik csal\u00e1domr\u00f3l, a csapatomr\u00f3l besz\u00e9lek, \u00e9s mindenki m\u00e1sr\u00f3l, aki seg\u00edtett \u00e9s t\u00e1mogatott. Ez az \u0151 gy\u0151zelm\u00fck is. A csal\u00e1dom gy\u0151zelme, mert miattuk lehetek itt.\u201d<\/em><\/p>\n<p>Vajon a Vuelta m\u00e1sodik het\u00e9ben is megtartja a z\u00f6ld mezt? Vagy mindent els\u00f6pr\u0151 gy\u0151zelemmel meg is nyeri a pontversenyt? M\u00e9g b\u00e1rmi megt\u00f6rt\u00e9nhet a versenyen, mi nagyon szurkolunk neki!<\/p>\n","protected":false},"excerpt":{"rendered":"<p>Egy sz\u00f6rny\u0171 baleset ut\u00e1n kellett \u00fajra felk\u00fczdenie mag\u00e1t &#8211; \u00e9s siker\u00fclt neki. Nagyon j\u00f3 \u00e9rz\u00e9s volt z\u00f6ld trik\u00f3ban l\u00e1tni Fabio [&hellip;]<\/p>\n","protected":false},"author":71,"featured_media":12296,"comment_status":"open","ping_status":"open","sticky":false,"template":"","format":"standard","meta":{"footnotes":""},"categories":[8],"tags":[],"global-categories":[],"class_list":["post-12293","post","type-post","status-publish","format-standard","has-post-thumbnail","hentry","category-orszaguti-kerekpar"],"yoast_head":"<!-- This site is optimized with the Yoast SEO Premium plugin v25.3 (Yoast SEO v25.9) - https:\/\/yoast.com\/wordpress\/plugins\/seo\/ -->\n<title>Jakobsen a Vuelta szakaszgy\u0151zelmekr\u0151l: \u201eEgy \u00e1lmom v\u00e1lt val\u00f3ra.\u201d<\/title>\n<meta name=\"description\" content=\"Egy sz\u00f6rny\u0171 baleset ut\u00e1n kellett \u00fajra felk\u00fczdenie mag\u00e1t - \u00e9s siker\u00fclt neki. Nagyon j\u00f3 \u00e9rz\u00e9s volt z\u00f6ld trik\u00f3ban l\u00e1tni Fabio Jakobsent a Vuelt\u00e1n!\" \/>\n<meta name=\"robots\" content=\"index, follow, max-snippet:-1, max-image-preview:large, max-video-preview:-1\" \/>\n<link rel=\"canonical\" href=\"https:\/\/www.welovecycling.com\/hu\/orszaguti-kerekpar\/jakobsen-a-vuelta-szakaszgyozelmekrol-egy-almom-valt-valora\/\" \/>\n<meta property=\"og:locale\" content=\"hu_HU\" \/>\n<meta property=\"og:type\" content=\"article\" \/>\n<meta property=\"og:title\" content=\"Jakobsen a Vuelta szakaszgy\u0151zelmekr\u0151l: \u201eEgy \u00e1lmom v\u00e1lt val\u00f3ra.\u201d\" \/>\n<meta property=\"og:description\" content=\"Egy sz\u00f6rny\u0171 baleset ut\u00e1n kellett \u00fajra felk\u00fczdenie mag\u00e1t - \u00e9s siker\u00fclt neki. Nagyon j\u00f3 \u00e9rz\u00e9s volt z\u00f6ld trik\u00f3ban l\u00e1tni Fabio Jakobsent a Vuelt\u00e1n!\" \/>\n<meta property=\"og:url\" content=\"https:\/\/www.welovecycling.com\/hu\/orszaguti-kerekpar\/jakobsen-a-vuelta-szakaszgyozelmekrol-egy-almom-valt-valora\/\" \/>\n<meta property=\"og:site_name\" content=\"\u0160koda We Love Cycling - Magyarorsz\u00e1g\" \/>\n<meta property=\"article:publisher\" content=\"https:\/\/www.facebook.com\/WeLoveCyclingHungary\/\" \/>\n<meta property=\"article:published_time\" content=\"2021-08-25T06:00:44+00:00\" \/>\n<meta property=\"og:image\" content=\"https:\/\/d2p6e6u75xmxt8.cloudfront.net\/12\/2021\/08\/Fabio-Jakobsen-profimedia-0623115188-CVR.jpg\" \/>\n\t<meta property=\"og:image:width\" content=\"1366\" \/>\n\t<meta property=\"og:image:height\" content=\"600\" \/>\n\t<meta property=\"og:image:type\" content=\"image\/jpeg\" \/>\n<meta name=\"author\" content=\"hegyizs\" \/>\n<meta name=\"twitter:card\" content=\"summary_large_image\" \/>\n<meta name=\"twitter:label1\" content=\"Written by\" \/>\n\t<meta name=\"twitter:data1\" content=\"Monica Buck\" \/>\n\t<meta name=\"twitter:label2\" content=\"Est. reading time\" \/>\n\t<meta name=\"twitter:data2\" content=\"4\" \/>\n<script type=\"application\/ld+json\" class=\"yoast-schema-graph\">{\"@context\":\"https:\/\/schema.org\",\"@graph\":[{\"@type\":\"WebPage\",\"@id\":\"https:\/\/www.welovecycling.com\/hu\/orszaguti-kerekpar\/jakobsen-a-vuelta-szakaszgyozelmekrol-egy-almom-valt-valora\/\",\"url\":\"https:\/\/www.welovecycling.com\/hu\/orszaguti-kerekpar\/jakobsen-a-vuelta-szakaszgyozelmekrol-egy-almom-valt-valora\/\",\"name\":\"Jakobsen a Vuelta szakaszgy\u0151zelmekr\u0151l: \u201eEgy \u00e1lmom v\u00e1lt val\u00f3ra.\u201d\",\"isPartOf\":{\"@id\":\"https:\/\/www.welovecycling.com\/hu\/#website\"},\"primaryImageOfPage\":{\"@id\":\"https:\/\/www.welovecycling.com\/hu\/orszaguti-kerekpar\/jakobsen-a-vuelta-szakaszgyozelmekrol-egy-almom-valt-valora\/#primaryimage\"},\"image\":{\"@id\":\"https:\/\/www.welovecycling.com\/hu\/orszaguti-kerekpar\/jakobsen-a-vuelta-szakaszgyozelmekrol-egy-almom-valt-valora\/#primaryimage\"},\"thumbnailUrl\":\"https:\/\/d2p6e6u75xmxt8.cloudfront.net\/12\/2021\/08\/Fabio-Jakobsen-profimedia-0623115188-CVR.jpg\",\"datePublished\":\"2021-08-25T06:00:44+00:00\",\"author\":{\"@id\":\"https:\/\/www.welovecycling.com\/hu\/#\/schema\/person\/414a2aebf1801691a5320edb6468e194\"},\"description\":\"Egy sz\u00f6rny\u0171 baleset ut\u00e1n kellett \u00fajra felk\u00fczdenie mag\u00e1t - \u00e9s siker\u00fclt neki. Nagyon j\u00f3 \u00e9rz\u00e9s volt z\u00f6ld trik\u00f3ban l\u00e1tni Fabio Jakobsent a Vuelt\u00e1n!\",\"breadcrumb\":{\"@id\":\"https:\/\/www.welovecycling.com\/hu\/orszaguti-kerekpar\/jakobsen-a-vuelta-szakaszgyozelmekrol-egy-almom-valt-valora\/#breadcrumb\"},\"inLanguage\":\"hu\",\"potentialAction\":[{\"@type\":\"ReadAction\",\"target\":[\"https:\/\/www.welovecycling.com\/hu\/orszaguti-kerekpar\/jakobsen-a-vuelta-szakaszgyozelmekrol-egy-almom-valt-valora\/\"]}]},{\"@type\":\"ImageObject\",\"inLanguage\":\"hu\",\"@id\":\"https:\/\/www.welovecycling.com\/hu\/orszaguti-kerekpar\/jakobsen-a-vuelta-szakaszgyozelmekrol-egy-almom-valt-valora\/#primaryimage\",\"url\":\"https:\/\/d2p6e6u75xmxt8.cloudfront.net\/12\/2021\/08\/Fabio-Jakobsen-profimedia-0623115188-CVR.jpg\",\"contentUrl\":\"https:\/\/d2p6e6u75xmxt8.cloudfront.net\/12\/2021\/08\/Fabio-Jakobsen-profimedia-0623115188-CVR.jpg\",\"width\":1366,\"height\":600,\"caption\":\"Fabio Jakobsen\"},{\"@type\":\"BreadcrumbList\",\"@id\":\"https:\/\/www.welovecycling.com\/hu\/orszaguti-kerekpar\/jakobsen-a-vuelta-szakaszgyozelmekrol-egy-almom-valt-valora\/#breadcrumb\",\"itemListElement\":[{\"@type\":\"ListItem\",\"position\":1,\"name\":\"Home\",\"item\":\"https:\/\/www.welovecycling.com\/hu\/\"},{\"@type\":\"ListItem\",\"position\":2,\"name\":\"Jakobsen a Vuelta szakaszgy\u0151zelmekr\u0151l: \u201eEgy \u00e1lmom v\u00e1lt val\u00f3ra.\u201d\"}]},{\"@type\":\"WebSite\",\"@id\":\"https:\/\/www.welovecycling.com\/hu\/#website\",\"url\":\"https:\/\/www.welovecycling.com\/hu\/\",\"name\":\"\u0160koda We Love Cycling - Magyarorsz\u00e1g\",\"description\":\"\u0160koda WeLoveCycling\",\"potentialAction\":[{\"@type\":\"SearchAction\",\"target\":{\"@type\":\"EntryPoint\",\"urlTemplate\":\"https:\/\/www.welovecycling.com\/hu\/?s={search_term_string}\"},\"query-input\":{\"@type\":\"PropertyValueSpecification\",\"valueRequired\":true,\"valueName\":\"search_term_string\"}}],\"inLanguage\":\"hu\"},{\"@type\":\"Person\",\"@id\":\"https:\/\/www.welovecycling.com\/hu\/#\/schema\/person\/414a2aebf1801691a5320edb6468e194\",\"name\":\"hegyizs\",\"image\":{\"@type\":\"ImageObject\",\"inLanguage\":\"hu\",\"@id\":\"https:\/\/www.welovecycling.com\/hu\/#\/schema\/person\/image\/\",\"url\":\"https:\/\/secure.gravatar.com\/avatar\/02cf8a7906b8cf90cecb4679defac7cfd33a1c2e3b88e4903d947f3bb58eedd3?s=96&d=mm&r=g\",\"contentUrl\":\"https:\/\/secure.gravatar.com\/avatar\/02cf8a7906b8cf90cecb4679defac7cfd33a1c2e3b88e4903d947f3bb58eedd3?s=96&d=mm&r=g\",\"caption\":\"hegyizs\"},\"url\":\"https:\/\/www.welovecycling.com\/hu\/author\/hegyizs\/\"}]}<\/script>\n<!-- \/ Yoast SEO Premium plugin. -->","yoast_head_json":{"title":"Jakobsen a Vuelta szakaszgy\u0151zelmekr\u0151l: \u201eEgy \u00e1lmom v\u00e1lt val\u00f3ra.\u201d","description":"Egy sz\u00f6rny\u0171 baleset ut\u00e1n kellett \u00fajra felk\u00fczdenie mag\u00e1t - \u00e9s siker\u00fclt neki. Nagyon j\u00f3 \u00e9rz\u00e9s volt z\u00f6ld trik\u00f3ban l\u00e1tni Fabio Jakobsent a Vuelt\u00e1n!","robots":{"index":"index","follow":"follow","max-snippet":"max-snippet:-1","max-image-preview":"max-image-preview:large","max-video-preview":"max-video-preview:-1"},"canonical":"https:\/\/www.welovecycling.com\/hu\/orszaguti-kerekpar\/jakobsen-a-vuelta-szakaszgyozelmekrol-egy-almom-valt-valora\/","og_locale":"hu_HU","og_type":"article","og_title":"Jakobsen a Vuelta szakaszgy\u0151zelmekr\u0151l: \u201eEgy \u00e1lmom v\u00e1lt val\u00f3ra.\u201d","og_description":"Egy sz\u00f6rny\u0171 baleset ut\u00e1n kellett \u00fajra felk\u00fczdenie mag\u00e1t - \u00e9s siker\u00fclt neki. Nagyon j\u00f3 \u00e9rz\u00e9s volt z\u00f6ld trik\u00f3ban l\u00e1tni Fabio Jakobsent a Vuelt\u00e1n!","og_url":"https:\/\/www.welovecycling.com\/hu\/orszaguti-kerekpar\/jakobsen-a-vuelta-szakaszgyozelmekrol-egy-almom-valt-valora\/","og_site_name":"\u0160koda We Love Cycling - Magyarorsz\u00e1g","article_publisher":"https:\/\/www.facebook.com\/WeLoveCyclingHungary\/","article_published_time":"2021-08-25T06:00:44+00:00","og_image":[{"width":1366,"height":600,"url":"https:\/\/d2p6e6u75xmxt8.cloudfront.net\/12\/2021\/08\/Fabio-Jakobsen-profimedia-0623115188-CVR.jpg","type":"image\/jpeg"}],"author":"hegyizs","twitter_card":"summary_large_image","twitter_misc":{"Written by":"Monica Buck","Est. reading time":"4"},"schema":{"@context":"https:\/\/schema.org","@graph":[{"@type":"WebPage","@id":"https:\/\/www.welovecycling.com\/hu\/orszaguti-kerekpar\/jakobsen-a-vuelta-szakaszgyozelmekrol-egy-almom-valt-valora\/","url":"https:\/\/www.welovecycling.com\/hu\/orszaguti-kerekpar\/jakobsen-a-vuelta-szakaszgyozelmekrol-egy-almom-valt-valora\/","name":"Jakobsen a Vuelta szakaszgy\u0151zelmekr\u0151l: \u201eEgy \u00e1lmom v\u00e1lt val\u00f3ra.\u201d","isPartOf":{"@id":"https:\/\/www.welovecycling.com\/hu\/#website"},"primaryImageOfPage":{"@id":"https:\/\/www.welovecycling.com\/hu\/orszaguti-kerekpar\/jakobsen-a-vuelta-szakaszgyozelmekrol-egy-almom-valt-valora\/#primaryimage"},"image":{"@id":"https:\/\/www.welovecycling.com\/hu\/orszaguti-kerekpar\/jakobsen-a-vuelta-szakaszgyozelmekrol-egy-almom-valt-valora\/#primaryimage"},"thumbnailUrl":"https:\/\/d2p6e6u75xmxt8.cloudfront.net\/12\/2021\/08\/Fabio-Jakobsen-profimedia-0623115188-CVR.jpg","datePublished":"2021-08-25T06:00:44+00:00","author":{"@id":"https:\/\/www.welovecycling.com\/hu\/#\/schema\/person\/414a2aebf1801691a5320edb6468e194"},"description":"Egy sz\u00f6rny\u0171 baleset ut\u00e1n kellett \u00fajra felk\u00fczdenie mag\u00e1t - \u00e9s siker\u00fclt neki. Nagyon j\u00f3 \u00e9rz\u00e9s volt z\u00f6ld trik\u00f3ban l\u00e1tni Fabio Jakobsent a Vuelt\u00e1n!","breadcrumb":{"@id":"https:\/\/www.welovecycling.com\/hu\/orszaguti-kerekpar\/jakobsen-a-vuelta-szakaszgyozelmekrol-egy-almom-valt-valora\/#breadcrumb"},"inLanguage":"hu","potentialAction":[{"@type":"ReadAction","target":["https:\/\/www.welovecycling.com\/hu\/orszaguti-kerekpar\/jakobsen-a-vuelta-szakaszgyozelmekrol-egy-almom-valt-valora\/"]}]},{"@type":"ImageObject","inLanguage":"hu","@id":"https:\/\/www.welovecycling.com\/hu\/orszaguti-kerekpar\/jakobsen-a-vuelta-szakaszgyozelmekrol-egy-almom-valt-valora\/#primaryimage","url":"https:\/\/d2p6e6u75xmxt8.cloudfront.net\/12\/2021\/08\/Fabio-Jakobsen-profimedia-0623115188-CVR.jpg","contentUrl":"https:\/\/d2p6e6u75xmxt8.cloudfront.net\/12\/2021\/08\/Fabio-Jakobsen-profimedia-0623115188-CVR.jpg","width":1366,"height":600,"caption":"Fabio Jakobsen"},{"@type":"BreadcrumbList","@id":"https:\/\/www.welovecycling.com\/hu\/orszaguti-kerekpar\/jakobsen-a-vuelta-szakaszgyozelmekrol-egy-almom-valt-valora\/#breadcrumb","itemListElement":[{"@type":"ListItem","position":1,"name":"Home","item":"https:\/\/www.welovecycling.com\/hu\/"},{"@type":"ListItem","position":2,"name":"Jakobsen a Vuelta szakaszgy\u0151zelmekr\u0151l: \u201eEgy \u00e1lmom v\u00e1lt val\u00f3ra.\u201d"}]},{"@type":"WebSite","@id":"https:\/\/www.welovecycling.com\/hu\/#website","url":"https:\/\/www.welovecycling.com\/hu\/","name":"\u0160koda We Love Cycling - Magyarorsz\u00e1g","description":"\u0160koda WeLoveCycling","potentialAction":[{"@type":"SearchAction","target":{"@type":"EntryPoint","urlTemplate":"https:\/\/www.welovecycling.com\/hu\/?s={search_term_string}"},"query-input":{"@type":"PropertyValueSpecification","valueRequired":true,"valueName":"search_term_string"}}],"inLanguage":"hu"},{"@type":"Person","@id":"https:\/\/www.welovecycling.com\/hu\/#\/schema\/person\/414a2aebf1801691a5320edb6468e194","name":"hegyizs","image":{"@type":"ImageObject","inLanguage":"hu","@id":"https:\/\/www.welovecycling.com\/hu\/#\/schema\/person\/image\/","url":"https:\/\/secure.gravatar.com\/avatar\/02cf8a7906b8cf90cecb4679defac7cfd33a1c2e3b88e4903d947f3bb58eedd3?s=96&d=mm&r=g","contentUrl":"https:\/\/secure.gravatar.com\/avatar\/02cf8a7906b8cf90cecb4679defac7cfd33a1c2e3b88e4903d947f3bb58eedd3?s=96&d=mm&r=g","caption":"hegyizs"},"url":"https:\/\/www.welovecycling.com\/hu\/author\/hegyizs\/"}]}},"_links":{"self":[{"href":"https:\/\/www.welovecycling.com\/hu\/wp-json\/wp\/v2\/posts\/12293","targetHints":{"allow":["GET"]}}],"collection":[{"href":"https:\/\/www.welovecycling.com\/hu\/wp-json\/wp\/v2\/posts"}],"about":[{"href":"https:\/\/www.welovecycling.com\/hu\/wp-json\/wp\/v2\/types\/post"}],"author":[{"embeddable":true,"href":"https:\/\/www.welovecycling.com\/hu\/wp-json\/wp\/v2\/users\/71"}],"replies":[{"embeddable":true,"href":"https:\/\/www.welovecycling.com\/hu\/wp-json\/wp\/v2\/comments?post=12293"}],"version-history":[{"count":1,"href":"https:\/\/www.welovecycling.com\/hu\/wp-json\/wp\/v2\/posts\/12293\/revisions"}],"predecessor-version":[{"id":12297,"href":"https:\/\/www.welovecycling.com\/hu\/wp-json\/wp\/v2\/posts\/12293\/revisions\/12297"}],"wp:featuredmedia":[{"embeddable":true,"href":"https:\/\/www.welovecycling.com\/hu\/wp-json\/wp\/v2\/media\/12296"}],"wp:attachment":[{"href":"https:\/\/www.welovecycling.com\/hu\/wp-json\/wp\/v2\/media?parent=12293"}],"wp:term":[{"taxonomy":"category","embeddable":true,"href":"https:\/\/www.welovecycling.com\/hu\/wp-json\/wp\/v2\/categories?post=12293"},{"taxonomy":"post_tag","embeddable":true,"href":"https:\/\/www.welovecycling.com\/hu\/wp-json\/wp\/v2\/tags?post=12293"},{"taxonomy":"global-categories","embeddable":true,"href":"https:\/\/www.welovecycling.com\/hu\/wp-json\/wp\/v2\/global-categories?post=12293"}],"curies":[{"name":"wp","href":"https:\/\/api.w.org\/{rel}","templated":true}]}}