{"id":12285,"date":"2021-08-23T18:43:07","date_gmt":"2021-08-23T16:43:07","guid":{"rendered":"https:\/\/www.welovecycling.com\/hu\/?p=12285"},"modified":"2021-08-23T18:44:09","modified_gmt":"2021-08-23T16:44:09","slug":"jakobsen-mosolya-roglic-pirosa-ilyen-volt-a-vuelta-elso-hete","status":"publish","type":"post","link":"https:\/\/www.welovecycling.com\/hu\/orszaguti-kerekpar\/jakobsen-mosolya-roglic-pirosa-ilyen-volt-a-vuelta-elso-hete\/","title":{"rendered":"Jakobsen mosolya, Roglic pirosa \u2013 ilyen volt a Vuelta els\u0151 hete!"},"content":{"rendered":"<p><strong>Remek versenyt hozott a Vuelta nyit\u00f3 hete: az \u00f6sszetett es\u00e9lyesek l\u00e1tv\u00e1nyos csat\u00e1kat v\u00edvnak egym\u00e1ssal, akadt meglepet\u00e9s piros trik\u00f3s, \u00e9s a gyorsas\u00e1gi pontverseny is rendk\u00edv\u00fcl \u00e9lvezetes, izgalmas k\u00fcl\u00f6np\u00e1rharcot hoz \u2013 k\u00fcl\u00f6n \u00f6r\u00f6m mindenkinek, hogy Fabio Jakobsen r\u00e9szv\u00e9tel\u00e9vel.<\/strong><!--more--><\/p>\n<p><strong>\u00a0<\/strong>Ez m\u00e1r t\u00e9nyleg az igazi, hamis\u00edtatlan Vuelta a Espa\u00f1a: harminc fokos k\u00e1nikula, hegyek, t\u00f6rt\u00e9nelmi utc\u00e1k, izgalmas szakaszok \u2013 az els\u0151 h\u00e9t bebizony\u00edtotta, az \u00e9v utols\u00f3 h\u00e1romhetese is garant\u00e1lt sz\u00f3rakoz\u00e1st ny\u00fajt a ker\u00e9kp\u00e1rkedvel\u0151knek.<\/p>\n<p>Pedig sokan \u201emegijedhettek\u201d, amikor a tavaly \u00e9s tavalyel\u0151tt is gy\u0151ztes Primoz Roglic a nyit\u00f3 id\u0151futamon aratott siker\u00e9vel r\u00f6gt\u00f6n az els\u0151 napon felvehette az elm\u00falt k\u00e9t \u00e9vben kisaj\u00e1t\u00edtott piros trik\u00f3t. Voltak ugyanis olyan v\u00e9lem\u00e9nyek, hogy a szlov\u00e9n szt\u00e1r az olimpi\u00e1n mutatott form\u00e1ja alapj\u00e1n ak\u00e1r v\u00e9gig is mehet az \u00f6sszetett \u00e9llovasnak j\u00e1r\u00f3 pirosban, \u00e9s akkor hogy lesz itt verseny h\u00e1rom h\u00e9ten kereszt\u00fcl?! \u2013 de azt\u00e1n term\u00e9szetesen nem ez t\u00f6rt\u00e9nt, \u00e9s ez a kisz\u00e1m\u00edthatatlans\u00e1g a sport\u00e1g egyik legszebb saj\u00e1toss\u00e1ga.<\/p>\n<figure id=\"attachment_12286\" aria-describedby=\"caption-attachment-12286\" style=\"width: 640px\" class=\"wp-caption alignnone\"><a href=\"https:\/\/d2p6e6u75xmxt8.cloudfront.net\/12\/2021\/08\/wlc_0823_02.jpg\"><img loading=\"lazy\" decoding=\"async\" class=\"wp-image-12286\" src=\"https:\/\/d2p6e6u75xmxt8.cloudfront.net\/12\/2021\/08\/wlc_0823_02.jpg\" alt=\"\" width=\"640\" height=\"394\" srcset=\"https:\/\/d2p6e6u75xmxt8.cloudfront.net\/12\/2021\/08\/wlc_0823_02.jpg 482w, https:\/\/d2p6e6u75xmxt8.cloudfront.net\/12\/2021\/08\/wlc_0823_02-300x185.jpg 300w\" sizes=\"auto, (max-width: 640px) 100vw, 640px\" \/><\/a><figcaption id=\"caption-attachment-12286\" class=\"wp-caption-text\">Rein Taaram\u00e4e \u00fagy \u00f6r\u00fclt a pirosnak, hogy els\u00edrta mag\u00e1t a dobog\u00f3n (fot\u00f3: AFP)<\/figcaption><\/figure>\n<p>F\u0151leg, hogy megint egy kiscsapatnak jutott nem mindennapi siker\u00e9lm\u00e9ny: arra el\u0151zetesen bizony\u00e1ra vajmi kevesen fogadtak volna, hogy az Intermarch\u00e9-Wanty Gobert birtokolhatja majd a pirosat ak\u00e1r csak egyetlen napra is, \u00e1m a veter\u00e1n \u00e9sztnek, Rein Taaram\u00e4e-nek k\u00f6sz\u00f6nhet\u0151en ez is megt\u00f6rt\u00e9nt \u2013 azt\u00e1n m\u00e1s k\u00e9rd\u00e9s, hogy a szerencs\u00e9j\u00fck ezzel ki is f\u00fajt, hiszen Taaram\u00e4e a k\u00f6vetkez\u0151 k\u00e9t napban k\u00e9t buk\u00e1sba is belekeveredett, \u00fagyhogy el is vesztette a trik\u00f3t\u2026<\/p>\n<p>Az\u00f3ta \u00fajra Roglicon fesz\u00fcl, aki l\u00e1that\u00f3an nem sz\u00edvesen v\u00e1lik meg t\u0151le: a hatodik etapon, majd az els\u0151 h\u00e9t vas\u00e1rnapi z\u00e1r\u00f3 szakasz\u00e1n, a k\u0151kem\u00e9ny, 4700 m\u00e9ternyi szintet tartalmaz\u00f3n is domin\u00e1lt, \u00edgy az els\u0151 sz\u00fcnnapon 28 m\u00e1sodperces el\u0151nyre tett szert (az Ineosnak egyel\u0151re kev\u00e9s bab\u00e9r terem, ellenben a hazai preszt\u00edzsversenyre mag\u00e1t mindig alaposan felsz\u00edv\u00f3 Movistarral: Roglicra k\u00e9t versenyz\u0151j\u00fck, a meglepet\u00e9sember Enric Mas \u00e9s Miguel \u00c1ngel L\u00f3pez is tapad).<\/p>\n<figure id=\"attachment_12287\" aria-describedby=\"caption-attachment-12287\" style=\"width: 640px\" class=\"wp-caption alignnone\"><a href=\"https:\/\/d2p6e6u75xmxt8.cloudfront.net\/12\/2021\/08\/wlc_0823_03.jpg\"><img loading=\"lazy\" decoding=\"async\" class=\"wp-image-12287\" src=\"https:\/\/d2p6e6u75xmxt8.cloudfront.net\/12\/2021\/08\/wlc_0823_03.jpg\" alt=\"\" width=\"640\" height=\"426\" srcset=\"https:\/\/d2p6e6u75xmxt8.cloudfront.net\/12\/2021\/08\/wlc_0823_03.jpg 482w, https:\/\/d2p6e6u75xmxt8.cloudfront.net\/12\/2021\/08\/wlc_0823_03-300x200.jpg 300w, https:\/\/d2p6e6u75xmxt8.cloudfront.net\/12\/2021\/08\/wlc_0823_03-272x182.jpg 272w\" sizes=\"auto, (max-width: 640px) 100vw, 640px\" \/><\/a><figcaption id=\"caption-attachment-12287\" class=\"wp-caption-text\">Roglicra nagyon vigy\u00e1znak a t\u00e1rsak \u2013 \u0151 meg a piros trik\u00f3t \u0151rzi(fot\u00f3: Getty)<\/figcaption><\/figure>\n<p>Mindenk\u00e9ppen meg kell eml\u00edten\u00fcnk a verseny m\u00e1sik h\u0151s\u00e9t, Fabio Jakobsent is.<\/p>\n<p>Ki ne eml\u00e9kezne a szeg\u00e9ny holland sr\u00e1cra, aki kerek egy \u00e9ve m\u00e9g az \u00e9let\u00e9\u00e9rt k\u00fczd\u00f6tt a lengyel k\u00f6r nyit\u00e1ny\u00e1nak mez\u0151nyhajr\u00e1j\u00e1ban elszenvedett iszony\u00fa buk\u00e1sa ut\u00e1n. Sok\u00e1ig \u00e9let-hal\u00e1l k\u00f6z\u00f6tt lebegett, csak sz\u00e1mos \u00e9letment\u0151, majd plasztikai beavatkoz\u00e1ssal tudt\u00e1k rendbe hozni (t\u00f6bbek k\u00f6z\u00f6tt az arc\u00e1t, az \u00f6sszes elvesztett fog\u00e1val egy\u00fctt, sz\u00e9tszakadt sz\u00e1jpadl\u00e1s\u00e1t, t\u00fcdej\u00e9t, \u00e9s \u00edgy tov\u00e1bb).<\/p>\n<p>Akkor az sem volt biztos, hogy \u00e9letben marad, ehhez k\u00e9pest az, hogy alig egy \u00e9vvel k\u00e9s\u0151bb \u00fajra biciklin \u00fcl, mi t\u00f6bb, f\u00e9lelem\u00e9rzet n\u00e9lk\u00fcl sprintel az egyik legnagyobb versenyen, s viseli \u00fagy a z\u00f6ld trik\u00f3t \u00e9ppen, hogy egyar\u00e1nt k\u00e9t-k\u00e9t szakaszgy\u0151zelmet \u00fcnnepelhetett riv\u00e1lis\u00e1val, Jasper Philipsennel egy\u00fctt, t\u00e9nyleg maga a megtestes\u00fclt csoda!<\/p>\n<figure id=\"attachment_12288\" aria-describedby=\"caption-attachment-12288\" style=\"width: 640px\" class=\"wp-caption alignnone\"><a href=\"https:\/\/d2p6e6u75xmxt8.cloudfront.net\/12\/2021\/08\/wlc_0823_04.jpg\"><img loading=\"lazy\" decoding=\"async\" class=\"wp-image-12288\" src=\"https:\/\/d2p6e6u75xmxt8.cloudfront.net\/12\/2021\/08\/wlc_0823_04.jpg\" alt=\"\" width=\"640\" height=\"336\" srcset=\"https:\/\/d2p6e6u75xmxt8.cloudfront.net\/12\/2021\/08\/wlc_0823_04.jpg 482w, https:\/\/d2p6e6u75xmxt8.cloudfront.net\/12\/2021\/08\/wlc_0823_04-300x157.jpg 300w\" sizes=\"auto, (max-width: 640px) 100vw, 640px\" \/><\/a><figcaption id=\"caption-attachment-12288\" class=\"wp-caption-text\">Jasper Philipsen \u00fcnnepel, mellette Jakobsen a z\u00f6ld trik\u00f3ban (fot\u00f3: AFP)<\/figcaption><\/figure>\n<p>S b\u00e1r az \u00f6sszetett favoritok k\u00f6z\u00fcl az idei Giro-gy\u0151ztes Egan Bernal egyel\u0151re nem szipork\u00e1zik, \u00e9s t\u00e1rsa, Adam Yates is ink\u00e1bb t\u0171nik lelkesnek, mint eredm\u00e9nyesnek, az\u00e9rt m\u00e9g \u0151ket se \u00edrjuk le. Meg\u00e9ri teh\u00e1t k\u00f6vetni a Vuelt\u00e1t a m\u00e1sodik k\u00e9t h\u00e9tben is!<\/p>\n<p><em>Bor\u00edt\u00f3k\u00e9p: Getty<\/em><\/p>\n","protected":false},"excerpt":{"rendered":"<p>Remek versenyt hozott a Vuelta nyit\u00f3 hete: az \u00f6sszetett es\u00e9lyesek l\u00e1tv\u00e1nyos csat\u00e1kat v\u00edvnak egym\u00e1ssal, akadt meglepet\u00e9s piros trik\u00f3s, \u00e9s a [&hellip;]<\/p>\n","protected":false},"author":71,"featured_media":12291,"comment_status":"open","ping_status":"open","sticky":false,"template":"","format":"standard","meta":{"footnotes":""},"categories":[8],"tags":[],"global-categories":[419],"class_list":["post-12285","post","type-post","status-publish","format-standard","has-post-thumbnail","hentry","category-orszaguti-kerekpar","global-categories-cycling"],"yoast_head":"<!-- This site is optimized with the Yoast SEO Premium plugin v25.3 (Yoast SEO v25.9) - https:\/\/yoast.com\/wordpress\/plugins\/seo\/ -->\n<title>Jakobsen mosolya, Roglic pirosa \u2013 ilyen volt a Vuelta els\u0151 hete!<\/title>\n<meta name=\"description\" content=\"Remek versenyt hozott a Vuelta nyit\u00f3 hete: az \u00f6sszetett es\u00e9lyesek l\u00e1tv\u00e1nyos csat\u00e1kat v\u00edvnak egym\u00e1ssal, akadt meglepet\u00e9s piros trik\u00f3s, \u00e9s a gyorsas\u00e1gi pontverseny is rendk\u00edv\u00fcl \u00e9lvezetes, izgalmas k\u00fcl\u00f6np\u00e1rharcot hoz \u2013 k\u00fcl\u00f6n \u00f6r\u00f6m mindenkinek, hogy Fabio Jakobsen r\u00e9szv\u00e9tel\u00e9vel.\" \/>\n<meta name=\"robots\" content=\"index, follow, max-snippet:-1, max-image-preview:large, max-video-preview:-1\" \/>\n<link rel=\"canonical\" href=\"https:\/\/www.welovecycling.com\/hu\/orszaguti-kerekpar\/jakobsen-mosolya-roglic-pirosa-ilyen-volt-a-vuelta-elso-hete\/\" \/>\n<meta property=\"og:locale\" content=\"hu_HU\" \/>\n<meta property=\"og:type\" content=\"article\" \/>\n<meta property=\"og:title\" content=\"Jakobsen mosolya, Roglic pirosa \u2013 ilyen volt a Vuelta els\u0151 hete!\" \/>\n<meta property=\"og:description\" content=\"Remek versenyt hozott a Vuelta nyit\u00f3 hete: az \u00f6sszetett es\u00e9lyesek l\u00e1tv\u00e1nyos csat\u00e1kat v\u00edvnak egym\u00e1ssal, akadt meglepet\u00e9s piros trik\u00f3s, \u00e9s a gyorsas\u00e1gi pontverseny is rendk\u00edv\u00fcl \u00e9lvezetes, izgalmas k\u00fcl\u00f6np\u00e1rharcot hoz \u2013 k\u00fcl\u00f6n \u00f6r\u00f6m mindenkinek, hogy Fabio Jakobsen r\u00e9szv\u00e9tel\u00e9vel.\" \/>\n<meta property=\"og:url\" content=\"https:\/\/www.welovecycling.com\/hu\/orszaguti-kerekpar\/jakobsen-mosolya-roglic-pirosa-ilyen-volt-a-vuelta-elso-hete\/\" \/>\n<meta property=\"og:site_name\" content=\"\u0160koda We Love Cycling - Magyarorsz\u00e1g\" \/>\n<meta property=\"article:publisher\" content=\"https:\/\/www.facebook.com\/WeLoveCyclingHungary\/\" \/>\n<meta property=\"article:published_time\" content=\"2021-08-23T16:43:07+00:00\" \/>\n<meta property=\"article:modified_time\" content=\"2021-08-23T16:44:09+00:00\" \/>\n<meta property=\"og:image\" content=\"https:\/\/d2p6e6u75xmxt8.cloudfront.net\/12\/2021\/08\/wlc0823.jpg\" \/>\n\t<meta property=\"og:image:width\" content=\"1200\" \/>\n\t<meta property=\"og:image:height\" content=\"778\" \/>\n\t<meta property=\"og:image:type\" content=\"image\/jpeg\" \/>\n<meta name=\"author\" content=\"hegyizs\" \/>\n<meta name=\"twitter:card\" content=\"summary_large_image\" \/>\n<meta name=\"twitter:label1\" content=\"Written by\" \/>\n\t<meta name=\"twitter:data1\" content=\"WLC\" \/>\n\t<meta name=\"twitter:label2\" content=\"Est. reading time\" \/>\n\t<meta name=\"twitter:data2\" content=\"4 minutes\" \/>\n<script type=\"application\/ld+json\" class=\"yoast-schema-graph\">{\"@context\":\"https:\/\/schema.org\",\"@graph\":[{\"@type\":\"WebPage\",\"@id\":\"https:\/\/www.welovecycling.com\/hu\/orszaguti-kerekpar\/jakobsen-mosolya-roglic-pirosa-ilyen-volt-a-vuelta-elso-hete\/\",\"url\":\"https:\/\/www.welovecycling.com\/hu\/orszaguti-kerekpar\/jakobsen-mosolya-roglic-pirosa-ilyen-volt-a-vuelta-elso-hete\/\",\"name\":\"Jakobsen mosolya, Roglic pirosa \u2013 ilyen volt a Vuelta els\u0151 hete!\",\"isPartOf\":{\"@id\":\"https:\/\/www.welovecycling.com\/hu\/#website\"},\"primaryImageOfPage\":{\"@id\":\"https:\/\/www.welovecycling.com\/hu\/orszaguti-kerekpar\/jakobsen-mosolya-roglic-pirosa-ilyen-volt-a-vuelta-elso-hete\/#primaryimage\"},\"image\":{\"@id\":\"https:\/\/www.welovecycling.com\/hu\/orszaguti-kerekpar\/jakobsen-mosolya-roglic-pirosa-ilyen-volt-a-vuelta-elso-hete\/#primaryimage\"},\"thumbnailUrl\":\"https:\/\/d2p6e6u75xmxt8.cloudfront.net\/12\/2021\/08\/wlc0823.jpg\",\"datePublished\":\"2021-08-23T16:43:07+00:00\",\"dateModified\":\"2021-08-23T16:44:09+00:00\",\"author\":{\"@id\":\"https:\/\/www.welovecycling.com\/hu\/#\/schema\/person\/414a2aebf1801691a5320edb6468e194\"},\"description\":\"Remek versenyt hozott a Vuelta nyit\u00f3 hete: az \u00f6sszetett es\u00e9lyesek l\u00e1tv\u00e1nyos csat\u00e1kat v\u00edvnak egym\u00e1ssal, akadt meglepet\u00e9s piros trik\u00f3s, \u00e9s a gyorsas\u00e1gi pontverseny is rendk\u00edv\u00fcl \u00e9lvezetes, izgalmas k\u00fcl\u00f6np\u00e1rharcot hoz \u2013 k\u00fcl\u00f6n \u00f6r\u00f6m mindenkinek, hogy Fabio Jakobsen r\u00e9szv\u00e9tel\u00e9vel.\",\"breadcrumb\":{\"@id\":\"https:\/\/www.welovecycling.com\/hu\/orszaguti-kerekpar\/jakobsen-mosolya-roglic-pirosa-ilyen-volt-a-vuelta-elso-hete\/#breadcrumb\"},\"inLanguage\":\"hu\",\"potentialAction\":[{\"@type\":\"ReadAction\",\"target\":[\"https:\/\/www.welovecycling.com\/hu\/orszaguti-kerekpar\/jakobsen-mosolya-roglic-pirosa-ilyen-volt-a-vuelta-elso-hete\/\"]}]},{\"@type\":\"ImageObject\",\"inLanguage\":\"hu\",\"@id\":\"https:\/\/www.welovecycling.com\/hu\/orszaguti-kerekpar\/jakobsen-mosolya-roglic-pirosa-ilyen-volt-a-vuelta-elso-hete\/#primaryimage\",\"url\":\"https:\/\/d2p6e6u75xmxt8.cloudfront.net\/12\/2021\/08\/wlc0823.jpg\",\"contentUrl\":\"https:\/\/d2p6e6u75xmxt8.cloudfront.net\/12\/2021\/08\/wlc0823.jpg\",\"width\":1200,\"height\":778},{\"@type\":\"BreadcrumbList\",\"@id\":\"https:\/\/www.welovecycling.com\/hu\/orszaguti-kerekpar\/jakobsen-mosolya-roglic-pirosa-ilyen-volt-a-vuelta-elso-hete\/#breadcrumb\",\"itemListElement\":[{\"@type\":\"ListItem\",\"position\":1,\"name\":\"Home\",\"item\":\"https:\/\/www.welovecycling.com\/hu\/\"},{\"@type\":\"ListItem\",\"position\":2,\"name\":\"Jakobsen mosolya, Roglic pirosa \u2013 ilyen volt a Vuelta els\u0151 hete!\"}]},{\"@type\":\"WebSite\",\"@id\":\"https:\/\/www.welovecycling.com\/hu\/#website\",\"url\":\"https:\/\/www.welovecycling.com\/hu\/\",\"name\":\"\u0160koda We Love Cycling - Magyarorsz\u00e1g\",\"description\":\"\u0160koda WeLoveCycling\",\"potentialAction\":[{\"@type\":\"SearchAction\",\"target\":{\"@type\":\"EntryPoint\",\"urlTemplate\":\"https:\/\/www.welovecycling.com\/hu\/?s={search_term_string}\"},\"query-input\":{\"@type\":\"PropertyValueSpecification\",\"valueRequired\":true,\"valueName\":\"search_term_string\"}}],\"inLanguage\":\"hu\"},{\"@type\":\"Person\",\"@id\":\"https:\/\/www.welovecycling.com\/hu\/#\/schema\/person\/414a2aebf1801691a5320edb6468e194\",\"name\":\"hegyizs\",\"image\":{\"@type\":\"ImageObject\",\"inLanguage\":\"hu\",\"@id\":\"https:\/\/www.welovecycling.com\/hu\/#\/schema\/person\/image\/\",\"url\":\"https:\/\/secure.gravatar.com\/avatar\/02cf8a7906b8cf90cecb4679defac7cfd33a1c2e3b88e4903d947f3bb58eedd3?s=96&d=mm&r=g\",\"contentUrl\":\"https:\/\/secure.gravatar.com\/avatar\/02cf8a7906b8cf90cecb4679defac7cfd33a1c2e3b88e4903d947f3bb58eedd3?s=96&d=mm&r=g\",\"caption\":\"hegyizs\"},\"url\":\"https:\/\/www.welovecycling.com\/hu\/author\/hegyizs\/\"}]}<\/script>\n<!-- \/ Yoast SEO Premium plugin. -->","yoast_head_json":{"title":"Jakobsen mosolya, Roglic pirosa \u2013 ilyen volt a Vuelta els\u0151 hete!","description":"Remek versenyt hozott a Vuelta nyit\u00f3 hete: az \u00f6sszetett es\u00e9lyesek l\u00e1tv\u00e1nyos csat\u00e1kat v\u00edvnak egym\u00e1ssal, akadt meglepet\u00e9s piros trik\u00f3s, \u00e9s a gyorsas\u00e1gi pontverseny is rendk\u00edv\u00fcl \u00e9lvezetes, izgalmas k\u00fcl\u00f6np\u00e1rharcot hoz \u2013 k\u00fcl\u00f6n \u00f6r\u00f6m mindenkinek, hogy Fabio Jakobsen r\u00e9szv\u00e9tel\u00e9vel.","robots":{"index":"index","follow":"follow","max-snippet":"max-snippet:-1","max-image-preview":"max-image-preview:large","max-video-preview":"max-video-preview:-1"},"canonical":"https:\/\/www.welovecycling.com\/hu\/orszaguti-kerekpar\/jakobsen-mosolya-roglic-pirosa-ilyen-volt-a-vuelta-elso-hete\/","og_locale":"hu_HU","og_type":"article","og_title":"Jakobsen mosolya, Roglic pirosa \u2013 ilyen volt a Vuelta els\u0151 hete!","og_description":"Remek versenyt hozott a Vuelta nyit\u00f3 hete: az \u00f6sszetett es\u00e9lyesek l\u00e1tv\u00e1nyos csat\u00e1kat v\u00edvnak egym\u00e1ssal, akadt meglepet\u00e9s piros trik\u00f3s, \u00e9s a gyorsas\u00e1gi pontverseny is rendk\u00edv\u00fcl \u00e9lvezetes, izgalmas k\u00fcl\u00f6np\u00e1rharcot hoz \u2013 k\u00fcl\u00f6n \u00f6r\u00f6m mindenkinek, hogy Fabio Jakobsen r\u00e9szv\u00e9tel\u00e9vel.","og_url":"https:\/\/www.welovecycling.com\/hu\/orszaguti-kerekpar\/jakobsen-mosolya-roglic-pirosa-ilyen-volt-a-vuelta-elso-hete\/","og_site_name":"\u0160koda We Love Cycling - Magyarorsz\u00e1g","article_publisher":"https:\/\/www.facebook.com\/WeLoveCyclingHungary\/","article_published_time":"2021-08-23T16:43:07+00:00","article_modified_time":"2021-08-23T16:44:09+00:00","og_image":[{"width":1200,"height":778,"url":"https:\/\/d2p6e6u75xmxt8.cloudfront.net\/12\/2021\/08\/wlc0823.jpg","type":"image\/jpeg"}],"author":"hegyizs","twitter_card":"summary_large_image","twitter_misc":{"Written by":"WLC","Est. reading time":"4 minutes"},"schema":{"@context":"https:\/\/schema.org","@graph":[{"@type":"WebPage","@id":"https:\/\/www.welovecycling.com\/hu\/orszaguti-kerekpar\/jakobsen-mosolya-roglic-pirosa-ilyen-volt-a-vuelta-elso-hete\/","url":"https:\/\/www.welovecycling.com\/hu\/orszaguti-kerekpar\/jakobsen-mosolya-roglic-pirosa-ilyen-volt-a-vuelta-elso-hete\/","name":"Jakobsen mosolya, Roglic pirosa \u2013 ilyen volt a Vuelta els\u0151 hete!","isPartOf":{"@id":"https:\/\/www.welovecycling.com\/hu\/#website"},"primaryImageOfPage":{"@id":"https:\/\/www.welovecycling.com\/hu\/orszaguti-kerekpar\/jakobsen-mosolya-roglic-pirosa-ilyen-volt-a-vuelta-elso-hete\/#primaryimage"},"image":{"@id":"https:\/\/www.welovecycling.com\/hu\/orszaguti-kerekpar\/jakobsen-mosolya-roglic-pirosa-ilyen-volt-a-vuelta-elso-hete\/#primaryimage"},"thumbnailUrl":"https:\/\/d2p6e6u75xmxt8.cloudfront.net\/12\/2021\/08\/wlc0823.jpg","datePublished":"2021-08-23T16:43:07+00:00","dateModified":"2021-08-23T16:44:09+00:00","author":{"@id":"https:\/\/www.welovecycling.com\/hu\/#\/schema\/person\/414a2aebf1801691a5320edb6468e194"},"description":"Remek versenyt hozott a Vuelta nyit\u00f3 hete: az \u00f6sszetett es\u00e9lyesek l\u00e1tv\u00e1nyos csat\u00e1kat v\u00edvnak egym\u00e1ssal, akadt meglepet\u00e9s piros trik\u00f3s, \u00e9s a gyorsas\u00e1gi pontverseny is rendk\u00edv\u00fcl \u00e9lvezetes, izgalmas k\u00fcl\u00f6np\u00e1rharcot hoz \u2013 k\u00fcl\u00f6n \u00f6r\u00f6m mindenkinek, hogy Fabio Jakobsen r\u00e9szv\u00e9tel\u00e9vel.","breadcrumb":{"@id":"https:\/\/www.welovecycling.com\/hu\/orszaguti-kerekpar\/jakobsen-mosolya-roglic-pirosa-ilyen-volt-a-vuelta-elso-hete\/#breadcrumb"},"inLanguage":"hu","potentialAction":[{"@type":"ReadAction","target":["https:\/\/www.welovecycling.com\/hu\/orszaguti-kerekpar\/jakobsen-mosolya-roglic-pirosa-ilyen-volt-a-vuelta-elso-hete\/"]}]},{"@type":"ImageObject","inLanguage":"hu","@id":"https:\/\/www.welovecycling.com\/hu\/orszaguti-kerekpar\/jakobsen-mosolya-roglic-pirosa-ilyen-volt-a-vuelta-elso-hete\/#primaryimage","url":"https:\/\/d2p6e6u75xmxt8.cloudfront.net\/12\/2021\/08\/wlc0823.jpg","contentUrl":"https:\/\/d2p6e6u75xmxt8.cloudfront.net\/12\/2021\/08\/wlc0823.jpg","width":1200,"height":778},{"@type":"BreadcrumbList","@id":"https:\/\/www.welovecycling.com\/hu\/orszaguti-kerekpar\/jakobsen-mosolya-roglic-pirosa-ilyen-volt-a-vuelta-elso-hete\/#breadcrumb","itemListElement":[{"@type":"ListItem","position":1,"name":"Home","item":"https:\/\/www.welovecycling.com\/hu\/"},{"@type":"ListItem","position":2,"name":"Jakobsen mosolya, Roglic pirosa \u2013 ilyen volt a Vuelta els\u0151 hete!"}]},{"@type":"WebSite","@id":"https:\/\/www.welovecycling.com\/hu\/#website","url":"https:\/\/www.welovecycling.com\/hu\/","name":"\u0160koda We Love Cycling - Magyarorsz\u00e1g","description":"\u0160koda WeLoveCycling","potentialAction":[{"@type":"SearchAction","target":{"@type":"EntryPoint","urlTemplate":"https:\/\/www.welovecycling.com\/hu\/?s={search_term_string}"},"query-input":{"@type":"PropertyValueSpecification","valueRequired":true,"valueName":"search_term_string"}}],"inLanguage":"hu"},{"@type":"Person","@id":"https:\/\/www.welovecycling.com\/hu\/#\/schema\/person\/414a2aebf1801691a5320edb6468e194","name":"hegyizs","image":{"@type":"ImageObject","inLanguage":"hu","@id":"https:\/\/www.welovecycling.com\/hu\/#\/schema\/person\/image\/","url":"https:\/\/secure.gravatar.com\/avatar\/02cf8a7906b8cf90cecb4679defac7cfd33a1c2e3b88e4903d947f3bb58eedd3?s=96&d=mm&r=g","contentUrl":"https:\/\/secure.gravatar.com\/avatar\/02cf8a7906b8cf90cecb4679defac7cfd33a1c2e3b88e4903d947f3bb58eedd3?s=96&d=mm&r=g","caption":"hegyizs"},"url":"https:\/\/www.welovecycling.com\/hu\/author\/hegyizs\/"}]}},"_links":{"self":[{"href":"https:\/\/www.welovecycling.com\/hu\/wp-json\/wp\/v2\/posts\/12285","targetHints":{"allow":["GET"]}}],"collection":[{"href":"https:\/\/www.welovecycling.com\/hu\/wp-json\/wp\/v2\/posts"}],"about":[{"href":"https:\/\/www.welovecycling.com\/hu\/wp-json\/wp\/v2\/types\/post"}],"author":[{"embeddable":true,"href":"https:\/\/www.welovecycling.com\/hu\/wp-json\/wp\/v2\/users\/71"}],"replies":[{"embeddable":true,"href":"https:\/\/www.welovecycling.com\/hu\/wp-json\/wp\/v2\/comments?post=12285"}],"version-history":[{"count":2,"href":"https:\/\/www.welovecycling.com\/hu\/wp-json\/wp\/v2\/posts\/12285\/revisions"}],"predecessor-version":[{"id":12292,"href":"https:\/\/www.welovecycling.com\/hu\/wp-json\/wp\/v2\/posts\/12285\/revisions\/12292"}],"wp:featuredmedia":[{"embeddable":true,"href":"https:\/\/www.welovecycling.com\/hu\/wp-json\/wp\/v2\/media\/12291"}],"wp:attachment":[{"href":"https:\/\/www.welovecycling.com\/hu\/wp-json\/wp\/v2\/media?parent=12285"}],"wp:term":[{"taxonomy":"category","embeddable":true,"href":"https:\/\/www.welovecycling.com\/hu\/wp-json\/wp\/v2\/categories?post=12285"},{"taxonomy":"post_tag","embeddable":true,"href":"https:\/\/www.welovecycling.com\/hu\/wp-json\/wp\/v2\/tags?post=12285"},{"taxonomy":"global-categories","embeddable":true,"href":"https:\/\/www.welovecycling.com\/hu\/wp-json\/wp\/v2\/global-categories?post=12285"}],"curies":[{"name":"wp","href":"https:\/\/api.w.org\/{rel}","templated":true}]}}