{"id":12278,"date":"2021-08-26T08:00:58","date_gmt":"2021-08-26T06:00:58","guid":{"rendered":"https:\/\/www.welovecycling.com\/hu\/?p=12278"},"modified":"2021-08-19T13:00:28","modified_gmt":"2021-08-19T11:00:28","slug":"ha-begorcsol-a-labad-biciklizes-kozben","status":"publish","type":"post","link":"https:\/\/www.welovecycling.com\/hu\/edzes-es-eletmod\/ha-begorcsol-a-labad-biciklizes-kozben\/","title":{"rendered":"Ha beg\u00f6rcs\u00f6l a l\u00e1bad bicikliz\u00e9s k\u00f6zben"},"content":{"rendered":"<p><strong>Annak ellen\u00e9re, hogy a g\u00f6rcs mindenki sz\u00e1m\u00e1ra ismer\u0151s vend\u00e9g, nem tudunk r\u00f3la sokat. De azt igen, hogyan mulaszthatod el leggyorsabban!<\/strong><!--more--><\/p>\n<p>Forr\u00f3 ny\u00e1ri meleg van, izzadsz, \u00e9s m\u00e1r \u00e9rzed azt a kis bizserg\u00e9st, amit minden bizonnyal g\u00f6rcs fog k\u00f6vetni. Ami a g\u00f6rcs megsz\u00fcntet\u00e9s\u00e9t illeti, nincs hi\u00e1ny a n\u00e9pi gy\u00f3gym\u00f3dokb\u00f3l. A n\u00e9pszer\u0171 megold\u00e1sok k\u00f6z\u00e9 tartozik a savany\u00fas\u00e1gl\u00e9-, ban\u00e1n- vagy must\u00e1rfogyaszt\u00e1s, a ny\u00fajt\u00e1s \u00e9s a kiv\u00e1r\u00e1s is. Vagy megpr\u00f3b\u00e1lhatsz gyorsan bevinni egy kis magn\u00e9ziumot, s\u00f3t, k\u00e1lciumot vagy kinint (ami a mal\u00e1ria ellenszere).<\/p>\n<p>Az igazs\u00e1g az, hogy b\u00e1r a tud\u00f3sok t\u00f6bb mint 50 \u00e9ve tanulm\u00e1nyozz\u00e1k a g\u00f6rcs\u00f6ket, m\u00e9g mindig nem \u00e9rtj\u00fck teljesen a jelens\u00e9get. Azt tudjuk, hogy vannak, akik hajlamosak r\u00e1, \u00e9s vannak, akik szinte soha nem tal\u00e1lkoznak vele. Versenyek sor\u00e1n gyakoribbak, \u00edgy a t\u00falterhel\u00e9s logikus magyar\u00e1zat lehet. Az is t\u00f6bb mint val\u00f3sz\u00edn\u0171, hogy a t\u00e1pl\u00e1lkoz\u00e1s bizonyos emberek eset\u00e9n szerepet j\u00e1tszik gyakoris\u00e1gukban.<\/p>\n<p>Ha bicikliz\u00e9s k\u00f6zben szokott g\u00f6rcs\u00f6lni a l\u00e1bad (vagy m\u00e1s testr\u00e9szed), az k\u00f6nnyen elronthatja az \u00e9lm\u00e9nyt, de van n\u00e9h\u00e1ny ir\u00e1nymutat\u00e1sunk, ami seg\u00edthet a probl\u00e9m\u00e1n. \u00cdme, \u00f6t tipp, hogyan akad\u00e1lyozhatod meg, hogy a l\u00e1bg\u00f6rcs t\u00f6nkretegye az utat!<\/p>\n<h2><strong>Ne ess t\u00falz\u00e1sba az elektrolitokkal!<\/strong><\/h2>\n<figure id=\"attachment_12280\" aria-describedby=\"caption-attachment-12280\" style=\"width: 768px\" class=\"wp-caption alignnone\"><a href=\"https:\/\/d2p6e6u75xmxt8.cloudfront.net\/12\/2021\/08\/mg-5539-1-1628520508.jpeg\"><img loading=\"lazy\" decoding=\"async\" class=\"size-full wp-image-12280\" src=\"https:\/\/d2p6e6u75xmxt8.cloudfront.net\/12\/2021\/08\/mg-5539-1-1628520508.jpeg\" alt=\"\" width=\"768\" height=\"512\" srcset=\"https:\/\/d2p6e6u75xmxt8.cloudfront.net\/12\/2021\/08\/mg-5539-1-1628520508.jpeg 768w, https:\/\/d2p6e6u75xmxt8.cloudfront.net\/12\/2021\/08\/mg-5539-1-1628520508-300x200.jpeg 300w, https:\/\/d2p6e6u75xmxt8.cloudfront.net\/12\/2021\/08\/mg-5539-1-1628520508-272x182.jpeg 272w\" sizes=\"auto, (max-width: 768px) 100vw, 768px\" \/><\/a><figcaption id=\"caption-attachment-12280\" class=\"wp-caption-text\">Fot\u00f3: Brian Barnhart<\/figcaption><\/figure>\n<p>Sokan mondj\u00e1k, hogy az elektrolitok hi\u00e1nya a g\u00f6rcs\u00f6k egyik oka lehet, mivel az izom\u00f6sszeh\u00faz\u00f3d\u00e1sban, a folyad\u00e9kegyens\u00falyban \u00e9s az idegrendszer reakci\u00f3iban is szerepet j\u00e1tszanak. Erre azonban nem az a megold\u00e1s, hogy \u201et\u00f6bbet kell bel\u0151l\u00fck bevinni.\u201d<\/p>\n<p>A n\u00e1trium p\u00e9ld\u00e1ul egy kulcsfontoss\u00e1g\u00fa elektrolit, \u00e9s gyakran felmer\u00fcl a g\u00f6rcs\u00f6kr\u0151l sz\u00f3l\u00f3 anyagokban, de val\u00f3j\u00e1ban kev\u00e9s tudom\u00e1nyos bizony\u00edt\u00e9k t\u00e1masztja al\u00e1, hogy az alacsony bevitel g\u00f6rcs\u00f6ket okoz. Egy tanulm\u00e1nyban \u00f6sszehasonl\u00edtottak 15 olyan fut\u00f3t, aki tapasztalt g\u00f6rcs\u00f6ket egy maraton sor\u00e1n, 67 olyannal, aki nem, \u00e9s nem tal\u00e1ltak szignifik\u00e1ns k\u00fcl\u00f6nbs\u00e9get a n\u00e1trium-szintj\u00fckben.<\/p>\n<p>Egy m\u00e1sik lehets\u00e9ges b\u0171n\u00f6s a magn\u00e9zium, hiszen ez is szerepet j\u00e1tszik az izom\u00f6sszeh\u00faz\u00f3d\u00e1sokban. Hi\u00e1nya val\u00f3ban g\u00f6rcs\u00f6kh\u00f6z vezethet, azonban ritka, hogy ennyire kev\u00e9s lenne bel\u0151le a szervezet\u00fcnkben. A Hawaii Ironman r\u00e9sztvev\u0151ivel v\u00e9gzett kutat\u00e1s sor\u00e1n nem seg\u00edtett a g\u00f6rcs\u00f6k\u00f6n a plusz magn\u00e9zium.<\/p>\n<p>V\u00e9g\u00fcl pedig besz\u00e9lj\u00fcnk a k\u00e1liumban gazdag ban\u00e1nr\u00f3l. Ism\u00e9telten azt kell mondjuk, hogy nincs elegend\u0151 bizony\u00edt\u00e9k arra, hogy a k\u00e1liumhi\u00e1ny g\u00f6rcs\u00f6kh\u00f6z vezet. Ezen k\u00edv\u00fcl pedig a hi\u00e1ny \u00e1ltal\u00e1ban hossz\u00fa ideig tart\u00f3 h\u00e1ny\u00e1sb\u00f3l, kr\u00f3nikus hasmen\u00e9sb\u0151l fakad, nem pedig izzad\u00e1sb\u00f3l.<\/p>\n<h2><strong>De az\u00e9rt n\u00f6veld a n\u00e1triumbevitelt!<\/strong><\/h2>\n<figure id=\"attachment_12281\" aria-describedby=\"caption-attachment-12281\" style=\"width: 768px\" class=\"wp-caption alignnone\"><a href=\"https:\/\/d2p6e6u75xmxt8.cloudfront.net\/12\/2021\/08\/drink-mix-0301-preview-1591910511.jpg\"><img loading=\"lazy\" decoding=\"async\" class=\"size-full wp-image-12281\" src=\"https:\/\/d2p6e6u75xmxt8.cloudfront.net\/12\/2021\/08\/drink-mix-0301-preview-1591910511.jpg\" alt=\"\" width=\"768\" height=\"513\" srcset=\"https:\/\/d2p6e6u75xmxt8.cloudfront.net\/12\/2021\/08\/drink-mix-0301-preview-1591910511.jpg 768w, https:\/\/d2p6e6u75xmxt8.cloudfront.net\/12\/2021\/08\/drink-mix-0301-preview-1591910511-300x200.jpg 300w, https:\/\/d2p6e6u75xmxt8.cloudfront.net\/12\/2021\/08\/drink-mix-0301-preview-1591910511-272x182.jpg 272w\" sizes=\"auto, (max-width: 768px) 100vw, 768px\" \/><\/a><figcaption id=\"caption-attachment-12281\" class=\"wp-caption-text\">Fot\u00f3: Trevor Raab<\/figcaption><\/figure>\n<p>A legt\u00f6bb ember t\u00f6bb mint el\u00e9g s\u00f3t bevisz napi \u00e9tkez\u00e9sei sor\u00e1n, de a sportol\u00f3k kiv\u00e9telt k\u00e9pezhetnek ez al\u00f3l. K\u00fcl\u00f6n\u00f6sen akkor kell erre figyelni, ha er\u0151sen izzadsz. A napi 2-3 kil\u00f3 verejt\u00e9kveszt\u00e9s n\u00e1triumhi\u00e1nyhoz vezethet, ha az \u00e9trended is alacsony n\u00e1triumtartalm\u00fa, \u00e9s mivel ez a t\u00e1panyag is szerepet j\u00e1tszik az izom\u00f6sszeh\u00faz\u00f3d\u00e1sokban, nem z\u00e1rhatjuk ki, hogy hi\u00e1nya g\u00f6rcs\u00f6ket okoz.<\/p>\n<p>Ha szeretn\u00e9d kipip\u00e1lni ezt a lehet\u0151s\u00e9get, adj hozz\u00e1 a mindennapi \u00e9trendedhez 1500-2000 mg n\u00e1triumot \u00e9s figyeld, hogy enyh\u00fclnek-e a g\u00f6rcseid. K\u00e9t h\u00e9tig tarts pr\u00f3baid\u0151szakot, ennyi id\u0151 alatt nem fog gondot okozni a plusz bevitel.<\/p>\n<p>Ha k\u00e9t h\u00e9t alatt nem tapasztalsz v\u00e1ltoz\u00e1st, akkor nyilv\u00e1n nem a n\u00e1trium volt a b\u0171n\u00f6s, \u00e9s visszat\u00e9rhetsz a kor\u00e1bbi bevitt mennyis\u00e9ghez.<\/p>\n<h2><strong>Ny\u00fajts!<\/strong><\/h2>\n<p>A v\u00e1dlig\u00f6rcs enyh\u00edthet\u0151, ha fel\u00e1llsz a nyeregben \u00e9s a ped\u00e1lra l\u00e9pve lenyomod a sarkad. Ha a combod g\u00f6rcs\u00f6l, sz\u00e1llj le \u00e9s h\u00fazd fel a t\u00e9rded magasra! Mindig azt az izmot pr\u00f3b\u00e1ld megny\u00fajtani, ami \u00e9ppen g\u00f6rcs\u00f6l.<\/p>\n<h2><strong>Hidrat\u00e1lj!<\/strong><\/h2>\n<figure id=\"attachment_12282\" aria-describedby=\"caption-attachment-12282\" style=\"width: 768px\" class=\"wp-caption alignnone\"><a href=\"https:\/\/d2p6e6u75xmxt8.cloudfront.net\/12\/2021\/08\/mg-5514-1628521816.jpg\"><img loading=\"lazy\" decoding=\"async\" class=\"size-full wp-image-12282\" src=\"https:\/\/d2p6e6u75xmxt8.cloudfront.net\/12\/2021\/08\/mg-5514-1628521816.jpg\" alt=\"\" width=\"768\" height=\"512\" srcset=\"https:\/\/d2p6e6u75xmxt8.cloudfront.net\/12\/2021\/08\/mg-5514-1628521816.jpg 768w, https:\/\/d2p6e6u75xmxt8.cloudfront.net\/12\/2021\/08\/mg-5514-1628521816-300x200.jpg 300w, https:\/\/d2p6e6u75xmxt8.cloudfront.net\/12\/2021\/08\/mg-5514-1628521816-272x182.jpg 272w\" sizes=\"auto, (max-width: 768px) 100vw, 768px\" \/><\/a><figcaption id=\"caption-attachment-12282\" class=\"wp-caption-text\">Fot\u00f3: Brian Barnhart<\/figcaption><\/figure>\n<p>\u00dagy t\u0171nik, a megfelel\u0151 hidrat\u00e1l\u00e1s n\u00e9h\u00e1ny embern\u00e9l seg\u00edt megel\u0151zni a g\u00f6rcs\u00f6l\u00e9st, m\u00e9g ha nincs is erre tudom\u00e1nyos bizony\u00edt\u00e9k. Ak\u00e1rhogy is, a hidrat\u00e1l\u00e1s mindig kulcsfontoss\u00e1g\u00fa a teljes\u00edtm\u00e9ny\u00fcnk sz\u00e1mos aspektus\u00e1t n\u00e9zve, sz\u00f3val igy\u00e1l sok-sok vizet!<\/p>\n<h2><strong>Ne fesz\u00edtsd t\u00fal a h\u00fart!<\/strong><\/h2>\n<figure id=\"attachment_12283\" aria-describedby=\"caption-attachment-12283\" style=\"width: 768px\" class=\"wp-caption alignnone\"><a href=\"https:\/\/d2p6e6u75xmxt8.cloudfront.net\/12\/2021\/08\/mg-4866-1628521888.jpg\"><img loading=\"lazy\" decoding=\"async\" class=\"size-full wp-image-12283\" src=\"https:\/\/d2p6e6u75xmxt8.cloudfront.net\/12\/2021\/08\/mg-4866-1628521888.jpg\" alt=\"\" width=\"768\" height=\"512\" srcset=\"https:\/\/d2p6e6u75xmxt8.cloudfront.net\/12\/2021\/08\/mg-4866-1628521888.jpg 768w, https:\/\/d2p6e6u75xmxt8.cloudfront.net\/12\/2021\/08\/mg-4866-1628521888-300x200.jpg 300w, https:\/\/d2p6e6u75xmxt8.cloudfront.net\/12\/2021\/08\/mg-4866-1628521888-272x182.jpg 272w\" sizes=\"auto, (max-width: 768px) 100vw, 768px\" \/><\/a><figcaption id=\"caption-attachment-12283\" class=\"wp-caption-text\">Fot\u00f3: Brian Barnhart<\/figcaption><\/figure>\n<p>Val\u00f3sz\u00edn\u0171leg van k\u00f6ze a g\u00f6rcs\u00f6l\u00e9snek a t\u00falzott meger\u0151ltet\u00e9shez, ez\u00e9rt azt javasoljuk, hogy ne menj olyan t\u00far\u00e1kra, amikre nem vagy felk\u00e9sz\u00fclve! Ne n\u00f6veld a neh\u00e9zs\u00e9gi szintet sem id\u0151ben, sem t\u00e1vols\u00e1gban hetente 10%-n\u00e1l t\u00f6bbel!<\/p>\n<p><em>Bor\u00edt\u00f3k\u00e9p: Brian Barnhart<\/em><\/p>\n<p><em>Forr\u00e1s: <\/em><a href=\"https:\/\/www.bicycling.com\/training\/g20034625\/how-to-prevent-cramping-on-a-ride\/\" target=\"_blank\" rel=\"noopener\"><em>bicycling.com<\/em><\/a><\/p>\n","protected":false},"excerpt":{"rendered":"<p>Annak ellen\u00e9re, hogy a g\u00f6rcs mindenki sz\u00e1m\u00e1ra ismer\u0151s vend\u00e9g, nem tudunk r\u00f3la sokat. De azt igen, hogyan mulaszthatod el leggyorsabban!<\/p>\n","protected":false},"author":71,"featured_media":12279,"comment_status":"closed","ping_status":"closed","sticky":false,"template":"","format":"standard","meta":{"footnotes":""},"categories":[6],"tags":[],"global-categories":[],"class_list":["post-12278","post","type-post","status-publish","format-standard","has-post-thumbnail","hentry","category-edzes-es-eletmod"],"yoast_head":"<!-- This site is optimized with the Yoast SEO Premium plugin v25.3 (Yoast SEO v25.9) - https:\/\/yoast.com\/wordpress\/plugins\/seo\/ -->\n<title>Ha beg\u00f6rcs\u00f6l a l\u00e1bad bicikliz\u00e9s k\u00f6zben - \u0160koda We Love Cycling - Magyarorsz\u00e1g<\/title>\n<meta name=\"description\" content=\"Annak ellen\u00e9re, hogy a g\u00f6rcs mindenki sz\u00e1m\u00e1ra ismer\u0151s vend\u00e9g, nem tudunk r\u00f3la sokat. De azt igen, hogyan mulaszthatod el leggyorsabban!\" \/>\n<meta name=\"robots\" content=\"index, follow, max-snippet:-1, max-image-preview:large, max-video-preview:-1\" \/>\n<link rel=\"canonical\" href=\"https:\/\/www.welovecycling.com\/hu\/edzes-es-eletmod\/ha-begorcsol-a-labad-biciklizes-kozben\/\" \/>\n<meta property=\"og:locale\" content=\"hu_HU\" \/>\n<meta property=\"og:type\" content=\"article\" \/>\n<meta property=\"og:title\" content=\"Ha beg\u00f6rcs\u00f6l a l\u00e1bad bicikliz\u00e9s k\u00f6zben\" \/>\n<meta property=\"og:description\" content=\"Annak ellen\u00e9re, hogy a g\u00f6rcs mindenki sz\u00e1m\u00e1ra ismer\u0151s vend\u00e9g, nem tudunk r\u00f3la sokat. De azt igen, hogyan mulaszthatod el leggyorsabban!\" \/>\n<meta property=\"og:url\" content=\"https:\/\/www.welovecycling.com\/hu\/edzes-es-eletmod\/ha-begorcsol-a-labad-biciklizes-kozben\/\" \/>\n<meta property=\"og:site_name\" content=\"\u0160koda We Love Cycling - Magyarorsz\u00e1g\" \/>\n<meta property=\"article:publisher\" content=\"https:\/\/www.facebook.com\/WeLoveCyclingHungary\/\" \/>\n<meta property=\"article:published_time\" content=\"2021-08-26T06:00:58+00:00\" \/>\n<meta property=\"og:image\" content=\"https:\/\/d2p6e6u75xmxt8.cloudfront.net\/12\/2021\/08\/mg-5930-1-1628520301.jpeg\" \/>\n\t<meta property=\"og:image:width\" content=\"2500\" \/>\n\t<meta property=\"og:image:height\" content=\"1667\" \/>\n\t<meta property=\"og:image:type\" content=\"image\/jpeg\" \/>\n<meta name=\"author\" content=\"hegyizs\" \/>\n<meta name=\"twitter:card\" content=\"summary_large_image\" \/>\n<meta name=\"twitter:label1\" content=\"Written by\" \/>\n\t<meta name=\"twitter:data1\" content=\"WLC\" \/>\n\t<meta name=\"twitter:label2\" content=\"Est. reading time\" \/>\n\t<meta name=\"twitter:data2\" content=\"5 minutes\" \/>\n<script type=\"application\/ld+json\" class=\"yoast-schema-graph\">{\"@context\":\"https:\/\/schema.org\",\"@graph\":[{\"@type\":\"WebPage\",\"@id\":\"https:\/\/www.welovecycling.com\/hu\/edzes-es-eletmod\/ha-begorcsol-a-labad-biciklizes-kozben\/\",\"url\":\"https:\/\/www.welovecycling.com\/hu\/edzes-es-eletmod\/ha-begorcsol-a-labad-biciklizes-kozben\/\",\"name\":\"Ha beg\u00f6rcs\u00f6l a l\u00e1bad bicikliz\u00e9s k\u00f6zben - \u0160koda We Love Cycling - Magyarorsz\u00e1g\",\"isPartOf\":{\"@id\":\"https:\/\/www.welovecycling.com\/hu\/#website\"},\"primaryImageOfPage\":{\"@id\":\"https:\/\/www.welovecycling.com\/hu\/edzes-es-eletmod\/ha-begorcsol-a-labad-biciklizes-kozben\/#primaryimage\"},\"image\":{\"@id\":\"https:\/\/www.welovecycling.com\/hu\/edzes-es-eletmod\/ha-begorcsol-a-labad-biciklizes-kozben\/#primaryimage\"},\"thumbnailUrl\":\"https:\/\/d2p6e6u75xmxt8.cloudfront.net\/12\/2021\/08\/mg-5930-1-1628520301.jpeg\",\"datePublished\":\"2021-08-26T06:00:58+00:00\",\"author\":{\"@id\":\"https:\/\/www.welovecycling.com\/hu\/#\/schema\/person\/414a2aebf1801691a5320edb6468e194\"},\"description\":\"Annak ellen\u00e9re, hogy a g\u00f6rcs mindenki sz\u00e1m\u00e1ra ismer\u0151s vend\u00e9g, nem tudunk r\u00f3la sokat. De azt igen, hogyan mulaszthatod el leggyorsabban!\",\"breadcrumb\":{\"@id\":\"https:\/\/www.welovecycling.com\/hu\/edzes-es-eletmod\/ha-begorcsol-a-labad-biciklizes-kozben\/#breadcrumb\"},\"inLanguage\":\"hu\",\"potentialAction\":[{\"@type\":\"ReadAction\",\"target\":[\"https:\/\/www.welovecycling.com\/hu\/edzes-es-eletmod\/ha-begorcsol-a-labad-biciklizes-kozben\/\"]}]},{\"@type\":\"ImageObject\",\"inLanguage\":\"hu\",\"@id\":\"https:\/\/www.welovecycling.com\/hu\/edzes-es-eletmod\/ha-begorcsol-a-labad-biciklizes-kozben\/#primaryimage\",\"url\":\"https:\/\/d2p6e6u75xmxt8.cloudfront.net\/12\/2021\/08\/mg-5930-1-1628520301.jpeg\",\"contentUrl\":\"https:\/\/d2p6e6u75xmxt8.cloudfront.net\/12\/2021\/08\/mg-5930-1-1628520301.jpeg\",\"width\":2500,\"height\":1667},{\"@type\":\"BreadcrumbList\",\"@id\":\"https:\/\/www.welovecycling.com\/hu\/edzes-es-eletmod\/ha-begorcsol-a-labad-biciklizes-kozben\/#breadcrumb\",\"itemListElement\":[{\"@type\":\"ListItem\",\"position\":1,\"name\":\"Home\",\"item\":\"https:\/\/www.welovecycling.com\/hu\/\"},{\"@type\":\"ListItem\",\"position\":2,\"name\":\"Ha beg\u00f6rcs\u00f6l a l\u00e1bad bicikliz\u00e9s k\u00f6zben\"}]},{\"@type\":\"WebSite\",\"@id\":\"https:\/\/www.welovecycling.com\/hu\/#website\",\"url\":\"https:\/\/www.welovecycling.com\/hu\/\",\"name\":\"\u0160koda We Love Cycling - Magyarorsz\u00e1g\",\"description\":\"\u0160koda WeLoveCycling\",\"potentialAction\":[{\"@type\":\"SearchAction\",\"target\":{\"@type\":\"EntryPoint\",\"urlTemplate\":\"https:\/\/www.welovecycling.com\/hu\/?s={search_term_string}\"},\"query-input\":{\"@type\":\"PropertyValueSpecification\",\"valueRequired\":true,\"valueName\":\"search_term_string\"}}],\"inLanguage\":\"hu\"},{\"@type\":\"Person\",\"@id\":\"https:\/\/www.welovecycling.com\/hu\/#\/schema\/person\/414a2aebf1801691a5320edb6468e194\",\"name\":\"hegyizs\",\"image\":{\"@type\":\"ImageObject\",\"inLanguage\":\"hu\",\"@id\":\"https:\/\/www.welovecycling.com\/hu\/#\/schema\/person\/image\/\",\"url\":\"https:\/\/secure.gravatar.com\/avatar\/02cf8a7906b8cf90cecb4679defac7cfd33a1c2e3b88e4903d947f3bb58eedd3?s=96&d=mm&r=g\",\"contentUrl\":\"https:\/\/secure.gravatar.com\/avatar\/02cf8a7906b8cf90cecb4679defac7cfd33a1c2e3b88e4903d947f3bb58eedd3?s=96&d=mm&r=g\",\"caption\":\"hegyizs\"},\"url\":\"https:\/\/www.welovecycling.com\/hu\/author\/hegyizs\/\"}]}<\/script>\n<!-- \/ Yoast SEO Premium plugin. -->","yoast_head_json":{"title":"Ha beg\u00f6rcs\u00f6l a l\u00e1bad bicikliz\u00e9s k\u00f6zben - \u0160koda We Love Cycling - Magyarorsz\u00e1g","description":"Annak ellen\u00e9re, hogy a g\u00f6rcs mindenki sz\u00e1m\u00e1ra ismer\u0151s vend\u00e9g, nem tudunk r\u00f3la sokat. De azt igen, hogyan mulaszthatod el leggyorsabban!","robots":{"index":"index","follow":"follow","max-snippet":"max-snippet:-1","max-image-preview":"max-image-preview:large","max-video-preview":"max-video-preview:-1"},"canonical":"https:\/\/www.welovecycling.com\/hu\/edzes-es-eletmod\/ha-begorcsol-a-labad-biciklizes-kozben\/","og_locale":"hu_HU","og_type":"article","og_title":"Ha beg\u00f6rcs\u00f6l a l\u00e1bad bicikliz\u00e9s k\u00f6zben","og_description":"Annak ellen\u00e9re, hogy a g\u00f6rcs mindenki sz\u00e1m\u00e1ra ismer\u0151s vend\u00e9g, nem tudunk r\u00f3la sokat. De azt igen, hogyan mulaszthatod el leggyorsabban!","og_url":"https:\/\/www.welovecycling.com\/hu\/edzes-es-eletmod\/ha-begorcsol-a-labad-biciklizes-kozben\/","og_site_name":"\u0160koda We Love Cycling - Magyarorsz\u00e1g","article_publisher":"https:\/\/www.facebook.com\/WeLoveCyclingHungary\/","article_published_time":"2021-08-26T06:00:58+00:00","og_image":[{"width":2500,"height":1667,"url":"https:\/\/d2p6e6u75xmxt8.cloudfront.net\/12\/2021\/08\/mg-5930-1-1628520301.jpeg","type":"image\/jpeg"}],"author":"hegyizs","twitter_card":"summary_large_image","twitter_misc":{"Written by":"WLC","Est. reading time":"5 minutes"},"schema":{"@context":"https:\/\/schema.org","@graph":[{"@type":"WebPage","@id":"https:\/\/www.welovecycling.com\/hu\/edzes-es-eletmod\/ha-begorcsol-a-labad-biciklizes-kozben\/","url":"https:\/\/www.welovecycling.com\/hu\/edzes-es-eletmod\/ha-begorcsol-a-labad-biciklizes-kozben\/","name":"Ha beg\u00f6rcs\u00f6l a l\u00e1bad bicikliz\u00e9s k\u00f6zben - \u0160koda We Love Cycling - Magyarorsz\u00e1g","isPartOf":{"@id":"https:\/\/www.welovecycling.com\/hu\/#website"},"primaryImageOfPage":{"@id":"https:\/\/www.welovecycling.com\/hu\/edzes-es-eletmod\/ha-begorcsol-a-labad-biciklizes-kozben\/#primaryimage"},"image":{"@id":"https:\/\/www.welovecycling.com\/hu\/edzes-es-eletmod\/ha-begorcsol-a-labad-biciklizes-kozben\/#primaryimage"},"thumbnailUrl":"https:\/\/d2p6e6u75xmxt8.cloudfront.net\/12\/2021\/08\/mg-5930-1-1628520301.jpeg","datePublished":"2021-08-26T06:00:58+00:00","author":{"@id":"https:\/\/www.welovecycling.com\/hu\/#\/schema\/person\/414a2aebf1801691a5320edb6468e194"},"description":"Annak ellen\u00e9re, hogy a g\u00f6rcs mindenki sz\u00e1m\u00e1ra ismer\u0151s vend\u00e9g, nem tudunk r\u00f3la sokat. De azt igen, hogyan mulaszthatod el leggyorsabban!","breadcrumb":{"@id":"https:\/\/www.welovecycling.com\/hu\/edzes-es-eletmod\/ha-begorcsol-a-labad-biciklizes-kozben\/#breadcrumb"},"inLanguage":"hu","potentialAction":[{"@type":"ReadAction","target":["https:\/\/www.welovecycling.com\/hu\/edzes-es-eletmod\/ha-begorcsol-a-labad-biciklizes-kozben\/"]}]},{"@type":"ImageObject","inLanguage":"hu","@id":"https:\/\/www.welovecycling.com\/hu\/edzes-es-eletmod\/ha-begorcsol-a-labad-biciklizes-kozben\/#primaryimage","url":"https:\/\/d2p6e6u75xmxt8.cloudfront.net\/12\/2021\/08\/mg-5930-1-1628520301.jpeg","contentUrl":"https:\/\/d2p6e6u75xmxt8.cloudfront.net\/12\/2021\/08\/mg-5930-1-1628520301.jpeg","width":2500,"height":1667},{"@type":"BreadcrumbList","@id":"https:\/\/www.welovecycling.com\/hu\/edzes-es-eletmod\/ha-begorcsol-a-labad-biciklizes-kozben\/#breadcrumb","itemListElement":[{"@type":"ListItem","position":1,"name":"Home","item":"https:\/\/www.welovecycling.com\/hu\/"},{"@type":"ListItem","position":2,"name":"Ha beg\u00f6rcs\u00f6l a l\u00e1bad bicikliz\u00e9s k\u00f6zben"}]},{"@type":"WebSite","@id":"https:\/\/www.welovecycling.com\/hu\/#website","url":"https:\/\/www.welovecycling.com\/hu\/","name":"\u0160koda We Love Cycling - Magyarorsz\u00e1g","description":"\u0160koda WeLoveCycling","potentialAction":[{"@type":"SearchAction","target":{"@type":"EntryPoint","urlTemplate":"https:\/\/www.welovecycling.com\/hu\/?s={search_term_string}"},"query-input":{"@type":"PropertyValueSpecification","valueRequired":true,"valueName":"search_term_string"}}],"inLanguage":"hu"},{"@type":"Person","@id":"https:\/\/www.welovecycling.com\/hu\/#\/schema\/person\/414a2aebf1801691a5320edb6468e194","name":"hegyizs","image":{"@type":"ImageObject","inLanguage":"hu","@id":"https:\/\/www.welovecycling.com\/hu\/#\/schema\/person\/image\/","url":"https:\/\/secure.gravatar.com\/avatar\/02cf8a7906b8cf90cecb4679defac7cfd33a1c2e3b88e4903d947f3bb58eedd3?s=96&d=mm&r=g","contentUrl":"https:\/\/secure.gravatar.com\/avatar\/02cf8a7906b8cf90cecb4679defac7cfd33a1c2e3b88e4903d947f3bb58eedd3?s=96&d=mm&r=g","caption":"hegyizs"},"url":"https:\/\/www.welovecycling.com\/hu\/author\/hegyizs\/"}]}},"_links":{"self":[{"href":"https:\/\/www.welovecycling.com\/hu\/wp-json\/wp\/v2\/posts\/12278","targetHints":{"allow":["GET"]}}],"collection":[{"href":"https:\/\/www.welovecycling.com\/hu\/wp-json\/wp\/v2\/posts"}],"about":[{"href":"https:\/\/www.welovecycling.com\/hu\/wp-json\/wp\/v2\/types\/post"}],"author":[{"embeddable":true,"href":"https:\/\/www.welovecycling.com\/hu\/wp-json\/wp\/v2\/users\/71"}],"replies":[{"embeddable":true,"href":"https:\/\/www.welovecycling.com\/hu\/wp-json\/wp\/v2\/comments?post=12278"}],"version-history":[{"count":1,"href":"https:\/\/www.welovecycling.com\/hu\/wp-json\/wp\/v2\/posts\/12278\/revisions"}],"predecessor-version":[{"id":12284,"href":"https:\/\/www.welovecycling.com\/hu\/wp-json\/wp\/v2\/posts\/12278\/revisions\/12284"}],"wp:featuredmedia":[{"embeddable":true,"href":"https:\/\/www.welovecycling.com\/hu\/wp-json\/wp\/v2\/media\/12279"}],"wp:attachment":[{"href":"https:\/\/www.welovecycling.com\/hu\/wp-json\/wp\/v2\/media?parent=12278"}],"wp:term":[{"taxonomy":"category","embeddable":true,"href":"https:\/\/www.welovecycling.com\/hu\/wp-json\/wp\/v2\/categories?post=12278"},{"taxonomy":"post_tag","embeddable":true,"href":"https:\/\/www.welovecycling.com\/hu\/wp-json\/wp\/v2\/tags?post=12278"},{"taxonomy":"global-categories","embeddable":true,"href":"https:\/\/www.welovecycling.com\/hu\/wp-json\/wp\/v2\/global-categories?post=12278"}],"curies":[{"name":"wp","href":"https:\/\/api.w.org\/{rel}","templated":true}]}}