{"id":12263,"date":"2021-08-28T08:00:38","date_gmt":"2021-08-28T06:00:38","guid":{"rendered":"https:\/\/www.welovecycling.com\/hu\/?p=12263"},"modified":"2021-08-19T13:04:38","modified_gmt":"2021-08-19T11:04:38","slug":"recept-egy-tokeletes-ausztriai-csaladi-kirandulashoz","status":"publish","type":"post","link":"https:\/\/www.welovecycling.com\/hu\/csalad\/recept-egy-tokeletes-ausztriai-csaladi-kirandulashoz\/","title":{"rendered":"Recept egy t\u00f6k\u00e9letes ausztriai csal\u00e1di kir\u00e1ndul\u00e1shoz"},"content":{"rendered":"<p><strong>Karintia Ausztria legd\u00e9libb r\u00e9sze, ahova sz\u00e1mos ker\u00e9kp\u00e1r\u00fat, valamint gy\u00f6ny\u00f6r\u0171 tavak cs\u00e1b\u00edtj\u00e1k \u00e1t a k\u00f6rnyez\u0151 orsz\u00e1gok lak\u00f3it. Ebben a cikkben egy olyan t\u00faratervet szeretn\u00e9k bemutatni, ami nem csak engem, mint profi bring\u00e1st tett boldogg\u00e1, hanem a feles\u00e9gemet \u00e9s a l\u00e1nyomat is. Az alapvet\u0151 \u00f6tlet az volt, hogy a ker\u00e9kp\u00e1roz\u00e1st mellett m\u00e1s tev\u00e9kenys\u00e9geket is felvegy\u00fcnk a programok k\u00f6z\u00e9. Mutatom, hogyan!<\/strong><\/p>\n<p><!--more--><\/p>\n<h2><strong>\u00c1llatok \u00e9s \u00e9let a farmon<\/strong><\/h2>\n<p>Karintia felfedez\u00e9se sor\u00e1n k\u00e9t k\u00fcl\u00f6nb\u00f6z\u0151 \u00fcd\u00fcl\u0151helyet l\u00e1togattunk meg, melyeket kifejezetten ker\u00e9kp\u00e1ros csal\u00e1dok sz\u00e1m\u00e1ra alak\u00edtottak ki. Az els\u0151 hely Bad Kleinkirchheim volt, ahol a csal\u00e1di tulajdon\u00fa Hinteregger farmon tal\u00e1ltunk sz\u00e1ll\u00e1st. Az 1470 -ben alap\u00edtott tany\u00e1n b\u00e1rki kipr\u00f3b\u00e1lhatja, milyen az \u00e9let a farmon, bele\u00e9rtve a teh\u00e9nfej\u00e9st, a toj\u00e1sgy\u0171jt\u00e9st vagy a szarvasmarh\u00e1k legel\u0151re hajt\u00e1s\u00e1t is. Ha hagyom\u00e1nyos programokra v\u00e1gysz a ker\u00e9kp\u00e1roz\u00e1s mellett, Karintia erre kiv\u00e1l\u00f3 hely. A 7 \u00e9ves l\u00e1nyom, Eleonora le volt ny\u0171g\u00f6zve. Soha nem l\u00e1ttam \u0151t olyan izgatottnak amiatt, hogy a nappal egy\u00fctt kell kelnie!<\/p>\n<p>Azzal, hogy ebben a sz\u00e1llod\u00e1ban sz\u00e1lltunk meg, lehet\u0151s\u00e9get kaptunk r\u00e1, hogy ingyen haszn\u00e1ljuk a felvon\u00f3kat, a haj\u00f3kat \u00e9s sok m\u00e1s l\u00e1tnival\u00f3t is megn\u00e9zhess\u00fcnk, \u00edgy v\u00e9g\u00fcl magunk m\u00f6g\u00f6tt hagytuk a mez\u0151gazdas\u00e1gi munk\u00e1kat \u00e9s tov\u00e1bbindultunk.<\/p>\n<figure id=\"attachment_12264\" aria-describedby=\"caption-attachment-12264\" style=\"width: 1024px\" class=\"wp-caption alignnone\"><a href=\"https:\/\/d2p6e6u75xmxt8.cloudfront.net\/2\/2021\/08\/Gaspi-family-trip-boat.jpg\"><img loading=\"lazy\" decoding=\"async\" class=\"wp-image-12264 size-large\" src=\"https:\/\/d2p6e6u75xmxt8.cloudfront.net\/12\/2021\/08\/Gaspi-family-trip-boat-1024x576.jpg\" alt=\"Family cycling trip\" width=\"1024\" height=\"576\" srcset=\"https:\/\/d2p6e6u75xmxt8.cloudfront.net\/12\/2021\/08\/Gaspi-family-trip-boat-1024x576.jpg 1024w, https:\/\/d2p6e6u75xmxt8.cloudfront.net\/12\/2021\/08\/Gaspi-family-trip-boat-300x169.jpg 300w, https:\/\/d2p6e6u75xmxt8.cloudfront.net\/12\/2021\/08\/Gaspi-family-trip-boat-768x432.jpg 768w, https:\/\/d2p6e6u75xmxt8.cloudfront.net\/12\/2021\/08\/Gaspi-family-trip-boat.jpg 1120w\" sizes=\"auto, (max-width: 1024px) 100vw, 1024px\" \/><\/a><figcaption id=\"caption-attachment-12264\" class=\"wp-caption-text\">Profi ker\u00e9kp\u00e1rosk\u00e9nt \u00e9s csal\u00e1dosk\u00e9nt gyakran szembes\u00fcl\u00f6k azzal a dilemm\u00e1val, hogy milyen nyaral\u00e1st szervezzek, hogy mindenki j\u00f3l \u00e9rezze mag\u00e1t rajta.<\/figcaption><\/figure>\n<h2><strong>Pumptrack p\u00e1ly\u00e1k, ugrat\u00f3k, bob<\/strong><\/h2>\n<p>A k\u00f6vetkez\u0151 szuper program a felvon\u00f3 k\u00f6zel\u00e9ben tal\u00e1lhat\u00f3 pumptrack-en zajlott. A l\u00e1nyom m\u00e1r tudja, hogyan kell bevenni a neh\u00e9z kanyarokat, de az edz\u00e9s sosem \u00e1rt, \u00e9s n\u00e9h\u00e1ny k\u00f6r a p\u00e1ly\u00e1n eml\u00e9keztette arra, hogyan \u00fclj\u00f6n helyesen neh\u00e9z terepen, hogy ne boruljon fel.<\/p>\n<p>Miut\u00e1n cs\u00fasztunk p\u00e1rat a bobp\u00e1ly\u00e1n, egy hegyi kalauz, Adrian Krainer vezet\u00e9s\u00e9vel elindultunk a hegyekbe. Adrian felel\u0151s a helyi ny\u00e1ri \u00e9s t\u00e9li sportok\u00e9rt: nemcsak nagy bring\u00e1s, hanem remek snowboardos is.<\/p>\n<p>Ameddig felfel\u00e9 haladtunk egy sikl\u00f3ban, elmes\u00e9lte, hogy \u00e9desapja milyen nehezen \u00e9rte el, hogy ker\u00e9kp\u00e1rutakat \u00e9p\u00edthessen a hegyekben. Azonban ahogy n\u00e9pszer\u0171bb lett a mountain bike, \u00fagy ny\u00edltak ki a lehet\u0151s\u00e9gek \u00e9s a helyi kincst\u00e1r k\u00e9szletei. Az\u00f3ta folyamatos az MTB p\u00e1ly\u00e1kba val\u00f3 beruh\u00e1z\u00e1s.<\/p>\n<figure id=\"attachment_12265\" aria-describedby=\"caption-attachment-12265\" style=\"width: 1024px\" class=\"wp-caption alignnone\"><a href=\"https:\/\/d2p6e6u75xmxt8.cloudfront.net\/2\/2021\/08\/Gaspi-trip.jpg\"><img loading=\"lazy\" decoding=\"async\" class=\"wp-image-12265 size-large\" src=\"https:\/\/d2p6e6u75xmxt8.cloudfront.net\/12\/2021\/08\/Gaspi-trip-1024x576.jpg\" alt=\"MTB in Austria\" width=\"1024\" height=\"576\" srcset=\"https:\/\/d2p6e6u75xmxt8.cloudfront.net\/12\/2021\/08\/Gaspi-trip-1024x576.jpg 1024w, https:\/\/d2p6e6u75xmxt8.cloudfront.net\/12\/2021\/08\/Gaspi-trip-300x169.jpg 300w, https:\/\/d2p6e6u75xmxt8.cloudfront.net\/12\/2021\/08\/Gaspi-trip-768x432.jpg 768w, https:\/\/d2p6e6u75xmxt8.cloudfront.net\/12\/2021\/08\/Gaspi-trip.jpg 1120w\" sizes=\"auto, (max-width: 1024px) 100vw, 1024px\" \/><\/a><figcaption id=\"caption-attachment-12265\" class=\"wp-caption-text\">Tal\u00e1ltunk egy helyet, amivel \u00e9n is \u00e9s a csal\u00e1dom is el\u00e9gedettek voltunk.<\/figcaption><\/figure>\n<h2><strong>Az egyik leghosszabb flow trail Eur\u00f3p\u00e1ban<\/strong><\/h2>\n<p>\u00datic\u00e9lunk Eur\u00f3pa egyik leghosszabb flow trail p\u00e1ly\u00e1ja volt, amit 2020-ban \u00e9p\u00edtettek \u00e9s hossz\u00fas\u00e1ga 15 kilom\u00e9terre r\u00fag! Az a j\u00f3 ezekben a p\u00e1ly\u00e1kban, hogy kezd\u0151knek \u00e9s halad\u00f3knak is remek. Hossza miatt pedig m\u00e9g a gyerekek is megtanulhatj\u00e1k rajta, hogyan kell helyesen haszn\u00e1lni a f\u00e9keket \u00e9s hogyan maradhatnak stabilak. A helyi flow p\u00e1ly\u00e1k t\u00f6k\u00e9letesen kiel\u00e9g\u00edtett\u00e9k az elv\u00e1r\u00e1sainkat, biztons\u00e1g \u00e9s sz\u00f3rakoz\u00e1s szempontj\u00e1b\u00f3l is!<\/p>\n<p>Ezenk\u00edv\u00fcl a Nockbike t\u00farak\u00f6zpontot is \u00e9rdemes megl\u00e1togatni, ami a sikl\u00f3 utols\u00f3 \u00e1llom\u00e1sa. K\u00f6r\u00fclbel\u00fcl 700 kilom\u00e9ter, kijel\u00f6lt t\u00fara\u00fatvonal indul innen. A 14 MTB p\u00e1ly\u00e1k k\u00fcl\u00f6nb\u00f6z\u0151 szint\u0171 bicajosoknak \u00e9p\u00fcltek, ezek mellett 7 DH \u00f6sv\u00e9ny \u00e9s sz\u00e1mos k\u00f6nny\u0171, orsz\u00e1g\u00fati bring\u00e1val is bej\u00e1rhat\u00f3 \u00fatvonal k\u00f6z\u00fcl v\u00e1laszthatunk.<\/p>\n<h2><strong>Nyeregbe, gyerekek!<\/strong><\/h2>\n<p>Azokat a bicikliseket, akik a s\u00edk terepeket kedvelik, le fogja ny\u0171g\u00f6zni a Millst\u00e4tter-t\u00f3 k\u00f6r\u00fcli kir\u00e1ndul\u00e1s. Szerencs\u00e9nk volt, \u00e9s a haj\u00f3skapit\u00e1ny megengedte, hogy felvigy\u00fck biciklijeinket a fed\u00e9lzetre a vissza\u00fat sor\u00e1n, \u00edgy a csapatunk legkisebb tagja m\u00e9g jobban \u00e9lvezte.<\/p>\n<figure id=\"attachment_12266\" aria-describedby=\"caption-attachment-12266\" style=\"width: 1024px\" class=\"wp-caption alignnone\"><a href=\"https:\/\/d2p6e6u75xmxt8.cloudfront.net\/2\/2021\/08\/IMG_1778.jpg\"><img loading=\"lazy\" decoding=\"async\" class=\"wp-image-12266 size-large\" src=\"https:\/\/d2p6e6u75xmxt8.cloudfront.net\/12\/2021\/08\/IMG_1778-1024x768.jpg\" alt=\"Cycling with kids\" width=\"1024\" height=\"768\" srcset=\"https:\/\/d2p6e6u75xmxt8.cloudfront.net\/12\/2021\/08\/IMG_1778-1024x768.jpg 1024w, https:\/\/d2p6e6u75xmxt8.cloudfront.net\/12\/2021\/08\/IMG_1778-300x225.jpg 300w, https:\/\/d2p6e6u75xmxt8.cloudfront.net\/12\/2021\/08\/IMG_1778-768x576.jpg 768w, https:\/\/d2p6e6u75xmxt8.cloudfront.net\/12\/2021\/08\/IMG_1778-1536x1152.jpg 1536w, https:\/\/d2p6e6u75xmxt8.cloudfront.net\/12\/2021\/08\/IMG_1778-1920x1440.jpg 1920w, https:\/\/d2p6e6u75xmxt8.cloudfront.net\/12\/2021\/08\/IMG_1778.jpg 2048w, https:\/\/d2p6e6u75xmxt8.cloudfront.net\/12\/2021\/08\/IMG_1778-1920x1440.jpg 1920w\" sizes=\"auto, (max-width: 1024px) 100vw, 1024px\" \/><\/a><figcaption id=\"caption-attachment-12266\" class=\"wp-caption-text\">Nagyon sok gyerekbar\u00e1t \u00fatvonal tal\u00e1lhat\u00f3 a k\u00f6rny\u00e9ken.<\/figcaption><\/figure>\n<p>A halad\u00f3k azonban a technik\u00e1s T25 \u2013 Sternen p\u00e1ly\u00e1t is ki\u00e9lvezhetik, amely r\u00f6g\u00f6s utakon \u00e9s kiugr\u00f3 gy\u00f6kereken kereszt\u00fcl vezet D\u00f6briach am Millst\u00e4ttersee-be. Miut\u00e1n lemer\u00edtettem a biciklim aksij\u00e1t, bepakoltunk a furgonba \u00e9s tov\u00e1bbindultunk Nassfeld fel\u00e9, ami Katinritia legnagyobb s\u00edparadicsoma.<\/p>\n<h2><strong>Flow trail \u00e9s \u00e9lm\u00e9nypark Nassfeldben<\/strong><\/h2>\n<p>K\u00e9t \u00f3r\u00e1s aut\u00f3\u00fat vezetett minket a Millennium Express \u00e1llom\u00e1s\u00e1hoz, ahonnan biciklivel ment\u00fcnk tov\u00e1bb a Mex Line 1 flow track-ig. \u00a0A flow p\u00e1lya soha v\u00e9get nem \u00e9r\u0151 kanyarokkal v\u00e1rt minket. Az \u00f6sv\u00e9ny egyetlen h\u00e1tr\u00e1nya a kavicsos fel\u00fclete, ami miatt az \u00fat egyes helyeken cs\u00faszott, \u00edgy m\u00e9g a tapasztalt versenyz\u0151k sz\u00e1m\u00e1ra is vesz\u00e9lyes volt.<\/p>\n<p>Ami viszont tetszett, az \u00f6sv\u00e9ny v\u00e9g\u00e9n tal\u00e1lhat\u00f3 pump track p\u00e1lya volt, a nap legjobb \u00e9lm\u00e9ny\u00e9t pedig a Nassfeld Outdoor Park adta, ahol n\u00e9h\u00e1ny \u00f3r\u00e1t t\u00f6lt\u00f6tt\u00fcnk a labirintusok, k\u00f6t\u00e9lp\u00e1ly\u00e1t \u00e9s m\u00e1sz\u00f3falak k\u00f6z\u00f6tt. Alig tudtunk tov\u00e1bbindulni! Nassfeld szint\u00e9n egy olyan hely, ahol remek\u00fcl lehet \u00f6tv\u00f6zni a ker\u00e9kp\u00e1roz\u00e1st \u00e9s m\u00e1s sz\u00f3rakoz\u00e1sokat, \u00edgy biztosan az eg\u00e9sz csal\u00e1d \u00e9lvezheti az itt t\u00f6lt\u00f6tt napot. Opcion\u00e1lis programk\u00e9nt meg kell eml\u00edtenem az 1900 m\u00e9teres magass\u00e1gban tal\u00e1lhat\u00f3 Aqua Trail Berg Wasser nev\u0171 kalandparkot is, ahol rengeteg v\u00edzi mulats\u00e1g \u00e9s trambulin v\u00e1rja a csal\u00e1dokat.<\/p>\n<p><a href=\"https:\/\/d2p6e6u75xmxt8.cloudfront.net\/2\/2021\/08\/Family-cycling-trip.jpg\"><img loading=\"lazy\" decoding=\"async\" class=\"alignnone wp-image-12267 size-large\" src=\"https:\/\/d2p6e6u75xmxt8.cloudfront.net\/12\/2021\/08\/Family-cycling-trip-1024x769.jpg\" alt=\"Family cycling\" width=\"1024\" height=\"769\" srcset=\"https:\/\/d2p6e6u75xmxt8.cloudfront.net\/12\/2021\/08\/Family-cycling-trip-1024x769.jpg 1024w, https:\/\/d2p6e6u75xmxt8.cloudfront.net\/12\/2021\/08\/Family-cycling-trip-300x225.jpg 300w, https:\/\/d2p6e6u75xmxt8.cloudfront.net\/12\/2021\/08\/Family-cycling-trip-768x577.jpg 768w, https:\/\/d2p6e6u75xmxt8.cloudfront.net\/12\/2021\/08\/Family-cycling-trip.jpg 1031w\" sizes=\"auto, (max-width: 1024px) 100vw, 1024px\" \/><\/a><\/p>\n<p>M\u00e1snap, t\u00faravezet\u0151nket, Geraldot k\u00f6vetve jutottunk el a Weissensee \u00f6sv\u00e9nyig. Egy szuper teker\u00e9s ut\u00e1n egy \u00e9tteremben k\u00f6t\u00f6tt\u00fcnk ki, ahol megk\u00f3stolhattuk a helyi \u00e9teleket, p\u00e9ld\u00e1ul a kihagyhatatlan Germkn\u00f6delt is: az osztr\u00e1k g\u0151zgomb\u00f3cot szilvalekv\u00e1rral t\u00f6ltik meg, m\u00e1kkal \u00e9s van\u00edliasod\u00f3val t\u00e1lalj\u00e1k.<\/p>\n<p>Karintiai utunk nem is siker\u00fclhetett volna jobban! Igyekeztem kihangs\u00falyozni azokat a tev\u00e9kenys\u00e9geket, melyek nem a bicikliz\u00e9shez kapcsol\u00f3dtak \u00e9s igaz\u00e1n \u00e9lvezetess\u00e9 tett\u00e9k kisl\u00e1nyunk sz\u00e1m\u00e1ra is a kir\u00e1ndul\u00e1st. Rem\u00e9lem, ez m\u00e1s csal\u00e1dokat is arra inspir\u00e1l, hogy kihaszn\u00e1lj\u00e1k a ny\u00e1r utols\u00f3 heteit \u00e9s felfedezz\u00e9k Ausztri\u00e1t!<\/p>\n","protected":false},"excerpt":{"rendered":"<p>Karintia Ausztria legd\u00e9libb r\u00e9sze, ahova sz\u00e1mos ker\u00e9kp\u00e1r\u00fat, valamint gy\u00f6ny\u00f6r\u0171 tavak cs\u00e1b\u00edtj\u00e1k \u00e1t a k\u00f6rnyez\u0151 orsz\u00e1gok lak\u00f3it. Ebben a cikkben egy [&hellip;]<\/p>\n","protected":false},"author":71,"featured_media":12269,"comment_status":"open","ping_status":"open","sticky":false,"template":"","format":"standard","meta":{"footnotes":""},"categories":[11],"tags":[],"global-categories":[],"class_list":["post-12263","post","type-post","status-publish","format-standard","has-post-thumbnail","hentry","category-csalad"],"yoast_head":"<!-- This site is optimized with the Yoast SEO Premium plugin v25.3 (Yoast SEO v25.9) - https:\/\/yoast.com\/wordpress\/plugins\/seo\/ -->\n<title>Recept egy t\u00f6k\u00e9letes ausztriai csal\u00e1di kir\u00e1ndul\u00e1shoz<\/title>\n<meta name=\"description\" content=\"Karintia Ausztria legd\u00e9libb r\u00e9sze, ahova sz\u00e1mos ker\u00e9kp\u00e1r\u00fat, valamint gy\u00f6ny\u00f6r\u0171 tavak cs\u00e1b\u00edtj\u00e1k \u00e1t a k\u00f6rnyez\u0151 orsz\u00e1gok lak\u00f3it.\" \/>\n<meta name=\"robots\" content=\"index, follow, max-snippet:-1, max-image-preview:large, max-video-preview:-1\" \/>\n<link rel=\"canonical\" href=\"https:\/\/www.welovecycling.com\/hu\/csalad\/recept-egy-tokeletes-ausztriai-csaladi-kirandulashoz\/\" \/>\n<meta property=\"og:locale\" content=\"hu_HU\" \/>\n<meta property=\"og:type\" content=\"article\" \/>\n<meta property=\"og:title\" content=\"Recept egy t\u00f6k\u00e9letes ausztriai csal\u00e1di kir\u00e1ndul\u00e1shoz\" \/>\n<meta property=\"og:description\" content=\"Karintia Ausztria legd\u00e9libb r\u00e9sze, ahova sz\u00e1mos ker\u00e9kp\u00e1r\u00fat, valamint gy\u00f6ny\u00f6r\u0171 tavak cs\u00e1b\u00edtj\u00e1k \u00e1t a k\u00f6rnyez\u0151 orsz\u00e1gok lak\u00f3it.\" \/>\n<meta property=\"og:url\" content=\"https:\/\/www.welovecycling.com\/hu\/csalad\/recept-egy-tokeletes-ausztriai-csaladi-kirandulashoz\/\" \/>\n<meta property=\"og:site_name\" content=\"\u0160koda We Love Cycling - Magyarorsz\u00e1g\" \/>\n<meta property=\"article:publisher\" content=\"https:\/\/www.facebook.com\/WeLoveCyclingHungary\/\" \/>\n<meta property=\"article:published_time\" content=\"2021-08-28T06:00:38+00:00\" \/>\n<meta property=\"og:image\" content=\"https:\/\/d2p6e6u75xmxt8.cloudfront.net\/12\/2021\/08\/Gaspi-Family-CVR.jpg\" \/>\n\t<meta property=\"og:image:width\" content=\"1366\" \/>\n\t<meta property=\"og:image:height\" content=\"600\" \/>\n\t<meta property=\"og:image:type\" content=\"image\/jpeg\" \/>\n<meta name=\"author\" content=\"hegyizs\" \/>\n<meta name=\"twitter:card\" content=\"summary_large_image\" \/>\n<meta name=\"twitter:label1\" content=\"Written by\" \/>\n\t<meta name=\"twitter:data1\" content=\"Adam Marsal and Richard Gasperotti\" \/>\n\t<meta name=\"twitter:label2\" content=\"Est. reading time\" \/>\n\t<meta name=\"twitter:data2\" content=\"6\" \/>\n<script type=\"application\/ld+json\" class=\"yoast-schema-graph\">{\"@context\":\"https:\/\/schema.org\",\"@graph\":[{\"@type\":\"WebPage\",\"@id\":\"https:\/\/www.welovecycling.com\/hu\/csalad\/recept-egy-tokeletes-ausztriai-csaladi-kirandulashoz\/\",\"url\":\"https:\/\/www.welovecycling.com\/hu\/csalad\/recept-egy-tokeletes-ausztriai-csaladi-kirandulashoz\/\",\"name\":\"Recept egy t\u00f6k\u00e9letes ausztriai csal\u00e1di kir\u00e1ndul\u00e1shoz\",\"isPartOf\":{\"@id\":\"https:\/\/www.welovecycling.com\/hu\/#website\"},\"primaryImageOfPage\":{\"@id\":\"https:\/\/www.welovecycling.com\/hu\/csalad\/recept-egy-tokeletes-ausztriai-csaladi-kirandulashoz\/#primaryimage\"},\"image\":{\"@id\":\"https:\/\/www.welovecycling.com\/hu\/csalad\/recept-egy-tokeletes-ausztriai-csaladi-kirandulashoz\/#primaryimage\"},\"thumbnailUrl\":\"https:\/\/d2p6e6u75xmxt8.cloudfront.net\/12\/2021\/08\/Gaspi-Family-CVR.jpg\",\"datePublished\":\"2021-08-28T06:00:38+00:00\",\"author\":{\"@id\":\"https:\/\/www.welovecycling.com\/hu\/#\/schema\/person\/414a2aebf1801691a5320edb6468e194\"},\"description\":\"Karintia Ausztria legd\u00e9libb r\u00e9sze, ahova sz\u00e1mos ker\u00e9kp\u00e1r\u00fat, valamint gy\u00f6ny\u00f6r\u0171 tavak cs\u00e1b\u00edtj\u00e1k \u00e1t a k\u00f6rnyez\u0151 orsz\u00e1gok lak\u00f3it.\",\"breadcrumb\":{\"@id\":\"https:\/\/www.welovecycling.com\/hu\/csalad\/recept-egy-tokeletes-ausztriai-csaladi-kirandulashoz\/#breadcrumb\"},\"inLanguage\":\"hu\",\"potentialAction\":[{\"@type\":\"ReadAction\",\"target\":[\"https:\/\/www.welovecycling.com\/hu\/csalad\/recept-egy-tokeletes-ausztriai-csaladi-kirandulashoz\/\"]}]},{\"@type\":\"ImageObject\",\"inLanguage\":\"hu\",\"@id\":\"https:\/\/www.welovecycling.com\/hu\/csalad\/recept-egy-tokeletes-ausztriai-csaladi-kirandulashoz\/#primaryimage\",\"url\":\"https:\/\/d2p6e6u75xmxt8.cloudfront.net\/12\/2021\/08\/Gaspi-Family-CVR.jpg\",\"contentUrl\":\"https:\/\/d2p6e6u75xmxt8.cloudfront.net\/12\/2021\/08\/Gaspi-Family-CVR.jpg\",\"width\":1366,\"height\":600,\"caption\":\"Family cycling trip\"},{\"@type\":\"BreadcrumbList\",\"@id\":\"https:\/\/www.welovecycling.com\/hu\/csalad\/recept-egy-tokeletes-ausztriai-csaladi-kirandulashoz\/#breadcrumb\",\"itemListElement\":[{\"@type\":\"ListItem\",\"position\":1,\"name\":\"Home\",\"item\":\"https:\/\/www.welovecycling.com\/hu\/\"},{\"@type\":\"ListItem\",\"position\":2,\"name\":\"Recept egy t\u00f6k\u00e9letes ausztriai csal\u00e1di kir\u00e1ndul\u00e1shoz\"}]},{\"@type\":\"WebSite\",\"@id\":\"https:\/\/www.welovecycling.com\/hu\/#website\",\"url\":\"https:\/\/www.welovecycling.com\/hu\/\",\"name\":\"\u0160koda We Love Cycling - Magyarorsz\u00e1g\",\"description\":\"\u0160koda WeLoveCycling\",\"potentialAction\":[{\"@type\":\"SearchAction\",\"target\":{\"@type\":\"EntryPoint\",\"urlTemplate\":\"https:\/\/www.welovecycling.com\/hu\/?s={search_term_string}\"},\"query-input\":{\"@type\":\"PropertyValueSpecification\",\"valueRequired\":true,\"valueName\":\"search_term_string\"}}],\"inLanguage\":\"hu\"},{\"@type\":\"Person\",\"@id\":\"https:\/\/www.welovecycling.com\/hu\/#\/schema\/person\/414a2aebf1801691a5320edb6468e194\",\"name\":\"hegyizs\",\"image\":{\"@type\":\"ImageObject\",\"inLanguage\":\"hu\",\"@id\":\"https:\/\/www.welovecycling.com\/hu\/#\/schema\/person\/image\/\",\"url\":\"https:\/\/secure.gravatar.com\/avatar\/02cf8a7906b8cf90cecb4679defac7cfd33a1c2e3b88e4903d947f3bb58eedd3?s=96&d=mm&r=g\",\"contentUrl\":\"https:\/\/secure.gravatar.com\/avatar\/02cf8a7906b8cf90cecb4679defac7cfd33a1c2e3b88e4903d947f3bb58eedd3?s=96&d=mm&r=g\",\"caption\":\"hegyizs\"},\"url\":\"https:\/\/www.welovecycling.com\/hu\/author\/hegyizs\/\"}]}<\/script>\n<!-- \/ Yoast SEO Premium plugin. -->","yoast_head_json":{"title":"Recept egy t\u00f6k\u00e9letes ausztriai csal\u00e1di kir\u00e1ndul\u00e1shoz","description":"Karintia Ausztria legd\u00e9libb r\u00e9sze, ahova sz\u00e1mos ker\u00e9kp\u00e1r\u00fat, valamint gy\u00f6ny\u00f6r\u0171 tavak cs\u00e1b\u00edtj\u00e1k \u00e1t a k\u00f6rnyez\u0151 orsz\u00e1gok lak\u00f3it.","robots":{"index":"index","follow":"follow","max-snippet":"max-snippet:-1","max-image-preview":"max-image-preview:large","max-video-preview":"max-video-preview:-1"},"canonical":"https:\/\/www.welovecycling.com\/hu\/csalad\/recept-egy-tokeletes-ausztriai-csaladi-kirandulashoz\/","og_locale":"hu_HU","og_type":"article","og_title":"Recept egy t\u00f6k\u00e9letes ausztriai csal\u00e1di kir\u00e1ndul\u00e1shoz","og_description":"Karintia Ausztria legd\u00e9libb r\u00e9sze, ahova sz\u00e1mos ker\u00e9kp\u00e1r\u00fat, valamint gy\u00f6ny\u00f6r\u0171 tavak cs\u00e1b\u00edtj\u00e1k \u00e1t a k\u00f6rnyez\u0151 orsz\u00e1gok lak\u00f3it.","og_url":"https:\/\/www.welovecycling.com\/hu\/csalad\/recept-egy-tokeletes-ausztriai-csaladi-kirandulashoz\/","og_site_name":"\u0160koda We Love Cycling - Magyarorsz\u00e1g","article_publisher":"https:\/\/www.facebook.com\/WeLoveCyclingHungary\/","article_published_time":"2021-08-28T06:00:38+00:00","og_image":[{"width":1366,"height":600,"url":"https:\/\/d2p6e6u75xmxt8.cloudfront.net\/12\/2021\/08\/Gaspi-Family-CVR.jpg","type":"image\/jpeg"}],"author":"hegyizs","twitter_card":"summary_large_image","twitter_misc":{"Written by":"Adam Marsal and Richard Gasperotti","Est. reading time":"6"},"schema":{"@context":"https:\/\/schema.org","@graph":[{"@type":"WebPage","@id":"https:\/\/www.welovecycling.com\/hu\/csalad\/recept-egy-tokeletes-ausztriai-csaladi-kirandulashoz\/","url":"https:\/\/www.welovecycling.com\/hu\/csalad\/recept-egy-tokeletes-ausztriai-csaladi-kirandulashoz\/","name":"Recept egy t\u00f6k\u00e9letes ausztriai csal\u00e1di kir\u00e1ndul\u00e1shoz","isPartOf":{"@id":"https:\/\/www.welovecycling.com\/hu\/#website"},"primaryImageOfPage":{"@id":"https:\/\/www.welovecycling.com\/hu\/csalad\/recept-egy-tokeletes-ausztriai-csaladi-kirandulashoz\/#primaryimage"},"image":{"@id":"https:\/\/www.welovecycling.com\/hu\/csalad\/recept-egy-tokeletes-ausztriai-csaladi-kirandulashoz\/#primaryimage"},"thumbnailUrl":"https:\/\/d2p6e6u75xmxt8.cloudfront.net\/12\/2021\/08\/Gaspi-Family-CVR.jpg","datePublished":"2021-08-28T06:00:38+00:00","author":{"@id":"https:\/\/www.welovecycling.com\/hu\/#\/schema\/person\/414a2aebf1801691a5320edb6468e194"},"description":"Karintia Ausztria legd\u00e9libb r\u00e9sze, ahova sz\u00e1mos ker\u00e9kp\u00e1r\u00fat, valamint gy\u00f6ny\u00f6r\u0171 tavak cs\u00e1b\u00edtj\u00e1k \u00e1t a k\u00f6rnyez\u0151 orsz\u00e1gok lak\u00f3it.","breadcrumb":{"@id":"https:\/\/www.welovecycling.com\/hu\/csalad\/recept-egy-tokeletes-ausztriai-csaladi-kirandulashoz\/#breadcrumb"},"inLanguage":"hu","potentialAction":[{"@type":"ReadAction","target":["https:\/\/www.welovecycling.com\/hu\/csalad\/recept-egy-tokeletes-ausztriai-csaladi-kirandulashoz\/"]}]},{"@type":"ImageObject","inLanguage":"hu","@id":"https:\/\/www.welovecycling.com\/hu\/csalad\/recept-egy-tokeletes-ausztriai-csaladi-kirandulashoz\/#primaryimage","url":"https:\/\/d2p6e6u75xmxt8.cloudfront.net\/12\/2021\/08\/Gaspi-Family-CVR.jpg","contentUrl":"https:\/\/d2p6e6u75xmxt8.cloudfront.net\/12\/2021\/08\/Gaspi-Family-CVR.jpg","width":1366,"height":600,"caption":"Family cycling trip"},{"@type":"BreadcrumbList","@id":"https:\/\/www.welovecycling.com\/hu\/csalad\/recept-egy-tokeletes-ausztriai-csaladi-kirandulashoz\/#breadcrumb","itemListElement":[{"@type":"ListItem","position":1,"name":"Home","item":"https:\/\/www.welovecycling.com\/hu\/"},{"@type":"ListItem","position":2,"name":"Recept egy t\u00f6k\u00e9letes ausztriai csal\u00e1di kir\u00e1ndul\u00e1shoz"}]},{"@type":"WebSite","@id":"https:\/\/www.welovecycling.com\/hu\/#website","url":"https:\/\/www.welovecycling.com\/hu\/","name":"\u0160koda We Love Cycling - Magyarorsz\u00e1g","description":"\u0160koda WeLoveCycling","potentialAction":[{"@type":"SearchAction","target":{"@type":"EntryPoint","urlTemplate":"https:\/\/www.welovecycling.com\/hu\/?s={search_term_string}"},"query-input":{"@type":"PropertyValueSpecification","valueRequired":true,"valueName":"search_term_string"}}],"inLanguage":"hu"},{"@type":"Person","@id":"https:\/\/www.welovecycling.com\/hu\/#\/schema\/person\/414a2aebf1801691a5320edb6468e194","name":"hegyizs","image":{"@type":"ImageObject","inLanguage":"hu","@id":"https:\/\/www.welovecycling.com\/hu\/#\/schema\/person\/image\/","url":"https:\/\/secure.gravatar.com\/avatar\/02cf8a7906b8cf90cecb4679defac7cfd33a1c2e3b88e4903d947f3bb58eedd3?s=96&d=mm&r=g","contentUrl":"https:\/\/secure.gravatar.com\/avatar\/02cf8a7906b8cf90cecb4679defac7cfd33a1c2e3b88e4903d947f3bb58eedd3?s=96&d=mm&r=g","caption":"hegyizs"},"url":"https:\/\/www.welovecycling.com\/hu\/author\/hegyizs\/"}]}},"_links":{"self":[{"href":"https:\/\/www.welovecycling.com\/hu\/wp-json\/wp\/v2\/posts\/12263","targetHints":{"allow":["GET"]}}],"collection":[{"href":"https:\/\/www.welovecycling.com\/hu\/wp-json\/wp\/v2\/posts"}],"about":[{"href":"https:\/\/www.welovecycling.com\/hu\/wp-json\/wp\/v2\/types\/post"}],"author":[{"embeddable":true,"href":"https:\/\/www.welovecycling.com\/hu\/wp-json\/wp\/v2\/users\/71"}],"replies":[{"embeddable":true,"href":"https:\/\/www.welovecycling.com\/hu\/wp-json\/wp\/v2\/comments?post=12263"}],"version-history":[{"count":2,"href":"https:\/\/www.welovecycling.com\/hu\/wp-json\/wp\/v2\/posts\/12263\/revisions"}],"predecessor-version":[{"id":12277,"href":"https:\/\/www.welovecycling.com\/hu\/wp-json\/wp\/v2\/posts\/12263\/revisions\/12277"}],"wp:featuredmedia":[{"embeddable":true,"href":"https:\/\/www.welovecycling.com\/hu\/wp-json\/wp\/v2\/media\/12269"}],"wp:attachment":[{"href":"https:\/\/www.welovecycling.com\/hu\/wp-json\/wp\/v2\/media?parent=12263"}],"wp:term":[{"taxonomy":"category","embeddable":true,"href":"https:\/\/www.welovecycling.com\/hu\/wp-json\/wp\/v2\/categories?post=12263"},{"taxonomy":"post_tag","embeddable":true,"href":"https:\/\/www.welovecycling.com\/hu\/wp-json\/wp\/v2\/tags?post=12263"},{"taxonomy":"global-categories","embeddable":true,"href":"https:\/\/www.welovecycling.com\/hu\/wp-json\/wp\/v2\/global-categories?post=12263"}],"curies":[{"name":"wp","href":"https:\/\/api.w.org\/{rel}","templated":true}]}}