{"id":12257,"date":"2021-08-27T08:00:07","date_gmt":"2021-08-27T06:00:07","guid":{"rendered":"https:\/\/www.welovecycling.com\/hu\/?p=12257"},"modified":"2021-08-19T13:09:26","modified_gmt":"2021-08-19T11:09:26","slug":"elvezd-a-nyarat-nyeregben-a-sorozes-kerdese","status":"publish","type":"post","link":"https:\/\/www.welovecycling.com\/hu\/edzes-es-eletmod\/elvezd-a-nyarat-nyeregben-a-sorozes-kerdese\/","title":{"rendered":"\u00c9lvezd a nyarat nyeregben! \u2013 A s\u00f6r\u00f6z\u00e9s k\u00e9rd\u00e9se"},"content":{"rendered":"<p><strong>K\u00e1v\u00e9z\u00f3 f\u00e9l\u00faton \u00e9s hideg s\u00f6r a c\u00e9lban. Ilyen egy t\u00f6k\u00e9letes ny\u00e1ri t\u00fara receptje! A s\u00f6r a szabadid\u0151s ker\u00e9kp\u00e1roz\u00e1s fontos r\u00e9sze. De vajon biztons\u00e1gos is? H\u00e1ny s\u00f6rt ihatsz meg? Vannak h\u00e1tr\u00e1nyai \u00e9s el\u0151nyei az alkoholfogyaszt\u00e1snak, amikr\u0151l \u00e9rdemes tudni?<\/strong><\/p>\n<p><!--more--><\/p>\n<h2><strong>A legjobb jutalom edz\u00e9s ut\u00e1n<\/strong><\/h2>\n<p>Sok oka van annak, hogy a ker\u00e9kp\u00e1rosok szeretik a s\u00f6rt. Az egyik minden bizonnyal a jutalom\u00e9rzet, amit ny\u00fajt. M\u00e1r az \u00fat elej\u00e9n lehet r\u00f3la fant\u00e1zi\u00e1lni \u00e9s van mit v\u00e1rni, van mi\u00e9rt k\u00fczdeni a nehezebb emelked\u0151k\u00f6n. N\u00e9h\u00e1nyan m\u00e9g az \u00fatvonalat is \u00fagy tervezik meg, hogy mindenk\u00e9ppen a helyi s\u00f6rf\u0151zd\u00e9n\u00e9l \u00e9rjen v\u00e9get. Semmi sem \u00edzlik jobban, mint egy j\u00f3, hideg s\u00f6r egy meleg, izzaszt\u00f3 nap ut\u00e1n!<\/p>\n<figure id=\"attachment_12258\" aria-describedby=\"caption-attachment-12258\" style=\"width: 1000px\" class=\"wp-caption alignnone\"><a href=\"https:\/\/d2p6e6u75xmxt8.cloudfront.net\/12\/2021\/08\/Cyclist-and-beer-profimedia-0613397251.jpg\"><img loading=\"lazy\" decoding=\"async\" class=\"wp-image-12258 size-full\" src=\"https:\/\/d2p6e6u75xmxt8.cloudfront.net\/12\/2021\/08\/Cyclist-and-beer-profimedia-0613397251.jpg\" alt=\"Beer break\" width=\"1000\" height=\"667\" srcset=\"https:\/\/d2p6e6u75xmxt8.cloudfront.net\/12\/2021\/08\/Cyclist-and-beer-profimedia-0613397251.jpg 1000w, https:\/\/d2p6e6u75xmxt8.cloudfront.net\/12\/2021\/08\/Cyclist-and-beer-profimedia-0613397251-300x200.jpg 300w, https:\/\/d2p6e6u75xmxt8.cloudfront.net\/12\/2021\/08\/Cyclist-and-beer-profimedia-0613397251-768x512.jpg 768w, https:\/\/d2p6e6u75xmxt8.cloudfront.net\/12\/2021\/08\/Cyclist-and-beer-profimedia-0613397251-272x182.jpg 272w\" sizes=\"auto, (max-width: 1000px) 100vw, 1000px\" \/><\/a><figcaption id=\"caption-attachment-12258\" class=\"wp-caption-text\"><em>A kutat\u00e1sok szerint az emberek lassabban isznak, ha egyenes fal\u00fa poh\u00e1rban kapj\u00e1k meg az italt, mint ha \u00edvelt poharakban ker\u00fcl el\u00e9j\u00fck. \u00a9 Profimedia<\/em><\/figcaption><\/figure>\n<h2><strong>Ritu\u00e1l\u00e9<\/strong><\/h2>\n<p>A jutalom pedig nem csak mag\u00e1r\u00f3l a s\u00f6rr\u0151l sz\u00f3l. Van valami k\u00fcl\u00f6nleges abban, hogy k\u00f6z\u00f6sen megisztok egy s\u00f6rt, miut\u00e1n dolgoztatok \u00e9s el\u00e9rtetek egy\u00fctt valahov\u00e1. Emberi dolog az, hogy szeretj\u00fck a ritu\u00e1l\u00e9kat, hiszen ezek \u00f6sszekapcsolnak benn\u00fcnket. Szinte minden fontos esem\u00e9nyhez kapcsol\u00f3dik valamilyen szertart\u00e1s vagy \u00fcnnep \u00e9s ezek k\u00f6z\u00fcl soknak r\u00e9sze az alkohol. Teh\u00e1t azzal, hogy megiszunk egy s\u00f6rt teker\u00e9s ut\u00e1n, csak jelent\u0151sebb\u00e9 tessz\u00fck az esem\u00e9nyt.<\/p>\n<h2><strong>Vannak el\u0151nyei a s\u00f6rfogyaszt\u00e1snak?<\/strong><\/h2>\n<p>Tal\u00e1n hallott\u00e1l m\u00e1r az alkohol eg\u00e9szs\u00e9g\u00fcgyi el\u0151nyeir\u0151l. De ha orvost vagy t\u00e1pl\u00e1lkoz\u00e1si szak\u00e9rt\u0151t k\u00e9rdezel, biztosan azt fogja mondani, hogy ha \u201enem iszol, ne is kezdd el.\u201d Egyes kutat\u00e1sok azt mutatj\u00e1k, hogy napi k\u00f6r\u00fclbel\u00fcl egy adag alkoholos ital korrel\u00e1l a hossz\u00fa \u00e9lettartammal, azonban nem vil\u00e1gos, hogy ez mag\u00e1nak az alkoholnak a hat\u00e1sa, az iv\u00e1s t\u00e1rsadalmi el\u0151nyei miatt van, vagy valami m\u00e1s okb\u00f3l. A h\u00e1tr\u00e1nyai viszont egy\u00e9rtelm\u0171ek, k\u00fcl\u00f6n\u00f6sen a m\u00e9rt\u00e9ktelen alkoholfogyaszt\u00e1snak. N\u00e9zz\u00fck, mik ezek!<\/p>\n<h2><strong>Mi t\u00f6rt\u00e9nik a s\u00f6rfogyaszt\u00e1st k\u00f6vet\u0151 24 \u00f3r\u00e1ban?<\/strong><\/h2>\n<p>Ha t\u00fal sok s\u00f6rt iszol, annak sz\u00e1mos negat\u00edv hat\u00e1sa lehet az eg\u00e9szs\u00e9gedre. Mi t\u00f6rt\u00e9nik a testeddel miut\u00e1n itt\u00e1l?<\/p>\n<ul>\n<li>Mivel az ital gyeng\u00edti az immunrendszert, k\u00f6nnyebben elkapod a betegs\u00e9geket<\/li>\n<li>Romlanak a koordin\u00e1ci\u00f3s k\u00e9pess\u00e9geit \u00e9s az \u00edt\u00e9l\u0151k\u00e9pess\u00e9ged, ez\u00e9rt nagyobb es\u00e9llyel s\u00e9r\u00fclsz meg (f\u0151leg, ha ut\u00e1na vissza\u00fclsz a biciklire)<\/li>\n<li>Cs\u00f6kken az alv\u00e1smin\u0151s\u00e9ged. Ha szeretn\u00e9d ezt elker\u00fclni, min\u00e9l kor\u00e1bban idd meg azt a poh\u00e1r s\u00f6rt!<\/li>\n<\/ul>\n<p>\u00c9s ez m\u00e9g nem minden. Az alkoholfogyaszt\u00e1snak olyan k\u00f6zvetlen hat\u00e1sai is vannak, melyek befoly\u00e1solj\u00e1k a regener\u00e1ci\u00f3t \u00e9s a ker\u00e9kp\u00e1ros teljes\u00edtm\u00e9nyt.<\/p>\n<figure id=\"attachment_12259\" aria-describedby=\"caption-attachment-12259\" style=\"width: 1000px\" class=\"wp-caption alignnone\"><a href=\"https:\/\/d2p6e6u75xmxt8.cloudfront.net\/12\/2021\/08\/Enjoying-Beer-profimedia-0542124942.jpg\"><img loading=\"lazy\" decoding=\"async\" class=\"wp-image-12259 size-full\" src=\"https:\/\/d2p6e6u75xmxt8.cloudfront.net\/12\/2021\/08\/Enjoying-Beer-profimedia-0542124942.jpg\" alt=\"Enjoying a Beer\" width=\"1000\" height=\"666\" srcset=\"https:\/\/d2p6e6u75xmxt8.cloudfront.net\/12\/2021\/08\/Enjoying-Beer-profimedia-0542124942.jpg 1000w, https:\/\/d2p6e6u75xmxt8.cloudfront.net\/12\/2021\/08\/Enjoying-Beer-profimedia-0542124942-300x200.jpg 300w, https:\/\/d2p6e6u75xmxt8.cloudfront.net\/12\/2021\/08\/Enjoying-Beer-profimedia-0542124942-768x511.jpg 768w, https:\/\/d2p6e6u75xmxt8.cloudfront.net\/12\/2021\/08\/Enjoying-Beer-profimedia-0542124942-272x182.jpg 272w\" sizes=\"auto, (max-width: 1000px) 100vw, 1000px\" \/><\/a><figcaption id=\"caption-attachment-12259\" class=\"wp-caption-text\">Ha egy h\u00f3napra feladod az alkoholfogyaszt\u00e1s, jav\u00edthatod a m\u00e1jm\u0171k\u00f6d\u00e9st, cs\u00f6kkentheted a v\u00e9rnyom\u00e1sod \u00e9s a cukorbetegs\u00e9g kock\u00e1zat\u00e1t. \u00a9 Profimedia<\/figcaption><\/figure>\n<ol>\n<li>Ha alkohollal a szervezetedben tekersz, romlik a teljes\u00edtm\u00e9nyed.<\/li>\n<li>Ha bicikliz\u00e9s ut\u00e1n r\u00f6gt\u00f6n s\u00f6r\u00f6z\u00f6l, nehezebben fogsz regener\u00e1l\u00f3dni. Ennek oka, hogy az izomfeh\u00e9rj\u00e9k szint\u00e9zise cs\u00f6kken \u00e9s g\u00e1tolja a glikog\u00e9nrakt\u00e1rad felt\u00f6lt\u00e9s\u00e9t.<\/li>\n<li>Mivel az alkohol elnyomja az antidiuretikum hormonokat, meg\u0151 a vizel\u00e9s sor\u00e1n vesztett v\u00edz mennyis\u00e9ge. Az alkoholos italok teh\u00e1t nem j\u00f3k folyad\u00e9kp\u00f3tl\u00e1sra! Ez a hat\u00e1s legink\u00e1bb a m\u00e9rt\u00e9ktelen iv\u00e1s (t\u00f6bb mint 5 ital) eset\u00e9n \u00e9szrevehet\u0151, de ha csak 1-2 s\u00f6rt iszol, akkor is igy\u00e1l mell\u00e9 vizet!<\/li>\n<\/ol>\n<h2><strong>Nehezebb a s\u00falykezel\u00e9s<\/strong><\/h2>\n<p>Van egy h\u00e1tr\u00e1nya az alkoholnak: \u00e9szrev\u00e9tlen\u00fcl plusz kal\u00f3ri\u00e1kat csemp\u00e9sz az \u00e9trendedbe. Grammonk\u00e9nt 7 kcal kal\u00f3ri\u00e1t tartalmaz, egy norm\u00e1l adag s\u00f6r kb. 200 kcal-t. Ez azt jelenti, hogy k\u00e9t ital elfogyaszt\u00e1sa k\u00f6zel megegyezik egy extra eb\u00e9ddel. Ha fogyni szeretn\u00e9l, vagy nagyon \u00fcgyelsz a tests\u00falyodra, nem aj\u00e1nljuk, hogy igy\u00e1l!<\/p>\n<h2><strong>Vonzza a gyorskaj\u00e1t<\/strong><\/h2>\n<p>A s\u00f6riv\u00e1s m\u00e1sik rejtett vesz\u00e9lye, hogy vonz\u00f3bb\u00e1 teszi az eg\u00e9szs\u00e9gtelen \u00e9teleket. Ak\u00e1r az\u00e9rt, mert cs\u00f6kkennek a g\u00e1tl\u00e1said, ak\u00e1r a megszok\u00e1s miatt, az italoz\u00e1s sokszor hamburgerez\u00e9sbe vagy chipsez\u00e9sbe fullad. A s\u00f6r \u00e9s az eg\u00e9szs\u00e9gtelen \u00e9telek t\u00e1rs\u00edt\u00e1sa pedig csak n\u00f6veli a plusz kal\u00f3ri\u00e1k mennyis\u00e9g\u00e9t.<\/p>\n<figure id=\"attachment_12260\" aria-describedby=\"caption-attachment-12260\" style=\"width: 1000px\" class=\"wp-caption alignnone\"><a href=\"https:\/\/d2p6e6u75xmxt8.cloudfront.net\/12\/2021\/08\/Beer-garden-profimedia-0013463024.jpg\"><img loading=\"lazy\" decoding=\"async\" class=\"wp-image-12260 size-full\" src=\"https:\/\/d2p6e6u75xmxt8.cloudfront.net\/12\/2021\/08\/Beer-garden-profimedia-0013463024.jpg\" alt=\"Beer garden\" width=\"1000\" height=\"666\" srcset=\"https:\/\/d2p6e6u75xmxt8.cloudfront.net\/12\/2021\/08\/Beer-garden-profimedia-0013463024.jpg 1000w, https:\/\/d2p6e6u75xmxt8.cloudfront.net\/12\/2021\/08\/Beer-garden-profimedia-0013463024-300x200.jpg 300w, https:\/\/d2p6e6u75xmxt8.cloudfront.net\/12\/2021\/08\/Beer-garden-profimedia-0013463024-768x511.jpg 768w, https:\/\/d2p6e6u75xmxt8.cloudfront.net\/12\/2021\/08\/Beer-garden-profimedia-0013463024-272x182.jpg 272w\" sizes=\"auto, (max-width: 1000px) 100vw, 1000px\" \/><\/a><figcaption id=\"caption-attachment-12260\" class=\"wp-caption-text\"><em>Ismered az \u00e9rz\u00e9st, amikor egy j\u00f3 s\u00f6r ut\u00e1n megk\u00edv\u00e1nod a gyorskaj\u00e1t? \u00a9 Profimedia<\/em><\/figcaption><\/figure>\n<h2><strong>Hogyan \u00e9lvezd biztons\u00e1gosan?<\/strong><\/h2>\n<p>Ezeknek a h\u00e1tr\u00e1nyoknak a tudat\u00e1ban n\u00e9zz\u00fck meg, mit tehetsz, hogy biztons\u00e1gosan \u00e9lvezhesd a j\u00f3l meg\u00e9rdemelt s\u00f6r\u00f6d!<\/p>\n<h2><strong>Maradj csak egyn\u00e9l!<\/strong><\/h2>\n<p>Ez tal\u00e1n a legfontosabb. A cikkben le\u00edrt h\u00e1tr\u00e1nyok t\u00f6bbs\u00e9ge nem vonatkozik egy s\u00f6rre. Ha csak egyet iszol, nem lesz gond.<\/p>\n<h2><strong>Fogyaszd az \u00fat v\u00e9g\u00e9n!<\/strong><\/h2>\n<p>\u00c1llj ellen a cs\u00e1b\u00edt\u00e1snak \u00fatk\u00f6zben \u00e9s csak t\u00fara v\u00e9g\u00e9n igyatok! A legfontosabb hat\u00e1sa az alkoholnak az, hogy rontja a reakci\u00f3id\u0151t \u00e9s az \u00edt\u00e9l\u0151k\u00e9pess\u00e9get, ez pedig balesethez vezethet.<\/p>\n","protected":false},"excerpt":{"rendered":"<p>K\u00e1v\u00e9z\u00f3 f\u00e9l\u00faton \u00e9s hideg s\u00f6r a c\u00e9lban. Ilyen egy t\u00f6k\u00e9letes ny\u00e1ri t\u00fara receptje! A s\u00f6r a szabadid\u0151s ker\u00e9kp\u00e1roz\u00e1s fontos r\u00e9sze. [&hellip;]<\/p>\n","protected":false},"author":71,"featured_media":12262,"comment_status":"closed","ping_status":"closed","sticky":false,"template":"","format":"standard","meta":{"footnotes":""},"categories":[6],"tags":[],"global-categories":[],"class_list":["post-12257","post","type-post","status-publish","format-standard","has-post-thumbnail","hentry","category-edzes-es-eletmod"],"yoast_head":"<!-- This site is optimized with the Yoast SEO Premium plugin v25.3 (Yoast SEO v25.9) - https:\/\/yoast.com\/wordpress\/plugins\/seo\/ -->\n<title>\u00c9lvezd a nyarat nyeregben! \u2013 A s\u00f6r\u00f6z\u00e9s k\u00e9rd\u00e9se<\/title>\n<meta name=\"description\" content=\"K\u00e1v\u00e9z\u00f3 f\u00e9l\u00faton \u00e9s hideg s\u00f6r a c\u00e9lban. Ilyen egy t\u00f6k\u00e9letes ny\u00e1ri t\u00fara receptje! A s\u00f6r a szabadid\u0151s ker\u00e9kp\u00e1roz\u00e1s fontos r\u00e9sze. De vajon biztons\u00e1gos is? H\u00e1ny s\u00f6rt ihatsz meg? Vannak h\u00e1tr\u00e1nyai \u00e9s el\u0151nyei az alkoholfogyaszt\u00e1snak, amikr\u0151l \u00e9rdemes tudni?\" \/>\n<meta name=\"robots\" content=\"index, follow, max-snippet:-1, max-image-preview:large, max-video-preview:-1\" \/>\n<link rel=\"canonical\" href=\"https:\/\/www.welovecycling.com\/hu\/edzes-es-eletmod\/elvezd-a-nyarat-nyeregben-a-sorozes-kerdese\/\" \/>\n<meta property=\"og:locale\" content=\"hu_HU\" \/>\n<meta property=\"og:type\" content=\"article\" \/>\n<meta property=\"og:title\" content=\"\u00c9lvezd a nyarat nyeregben! \u2013 A s\u00f6r\u00f6z\u00e9s k\u00e9rd\u00e9se\" \/>\n<meta property=\"og:description\" content=\"K\u00e1v\u00e9z\u00f3 f\u00e9l\u00faton \u00e9s hideg s\u00f6r a c\u00e9lban. Ilyen egy t\u00f6k\u00e9letes ny\u00e1ri t\u00fara receptje! A s\u00f6r a szabadid\u0151s ker\u00e9kp\u00e1roz\u00e1s fontos r\u00e9sze. De vajon biztons\u00e1gos is? H\u00e1ny s\u00f6rt ihatsz meg? Vannak h\u00e1tr\u00e1nyai \u00e9s el\u0151nyei az alkoholfogyaszt\u00e1snak, amikr\u0151l \u00e9rdemes tudni?\" \/>\n<meta property=\"og:url\" content=\"https:\/\/www.welovecycling.com\/hu\/edzes-es-eletmod\/elvezd-a-nyarat-nyeregben-a-sorozes-kerdese\/\" \/>\n<meta property=\"og:site_name\" content=\"\u0160koda We Love Cycling - Magyarorsz\u00e1g\" \/>\n<meta property=\"article:publisher\" content=\"https:\/\/www.facebook.com\/WeLoveCyclingHungary\/\" \/>\n<meta property=\"article:published_time\" content=\"2021-08-27T06:00:07+00:00\" \/>\n<meta property=\"og:image\" content=\"https:\/\/d2p6e6u75xmxt8.cloudfront.net\/12\/2021\/08\/Cyclist-Drinking-Beer-profimedia-0542124929-CVR.jpg\" \/>\n\t<meta property=\"og:image:width\" content=\"1366\" \/>\n\t<meta property=\"og:image:height\" content=\"600\" \/>\n\t<meta property=\"og:image:type\" content=\"image\/jpeg\" \/>\n<meta name=\"author\" content=\"hegyizs\" \/>\n<meta name=\"twitter:card\" content=\"summary_large_image\" \/>\n<meta name=\"twitter:label1\" content=\"Written by\" \/>\n\t<meta name=\"twitter:data1\" content=\"Ji\u0159\u00ed Kalo\u010d\" \/>\n\t<meta name=\"twitter:label2\" content=\"Est. reading time\" \/>\n\t<meta name=\"twitter:data2\" content=\"5\" \/>\n<script type=\"application\/ld+json\" class=\"yoast-schema-graph\">{\"@context\":\"https:\/\/schema.org\",\"@graph\":[{\"@type\":\"WebPage\",\"@id\":\"https:\/\/www.welovecycling.com\/hu\/edzes-es-eletmod\/elvezd-a-nyarat-nyeregben-a-sorozes-kerdese\/\",\"url\":\"https:\/\/www.welovecycling.com\/hu\/edzes-es-eletmod\/elvezd-a-nyarat-nyeregben-a-sorozes-kerdese\/\",\"name\":\"\u00c9lvezd a nyarat nyeregben! \u2013 A s\u00f6r\u00f6z\u00e9s k\u00e9rd\u00e9se\",\"isPartOf\":{\"@id\":\"https:\/\/www.welovecycling.com\/hu\/#website\"},\"primaryImageOfPage\":{\"@id\":\"https:\/\/www.welovecycling.com\/hu\/edzes-es-eletmod\/elvezd-a-nyarat-nyeregben-a-sorozes-kerdese\/#primaryimage\"},\"image\":{\"@id\":\"https:\/\/www.welovecycling.com\/hu\/edzes-es-eletmod\/elvezd-a-nyarat-nyeregben-a-sorozes-kerdese\/#primaryimage\"},\"thumbnailUrl\":\"https:\/\/d2p6e6u75xmxt8.cloudfront.net\/12\/2021\/08\/Cyclist-Drinking-Beer-profimedia-0542124929-CVR.jpg\",\"datePublished\":\"2021-08-27T06:00:07+00:00\",\"author\":{\"@id\":\"https:\/\/www.welovecycling.com\/hu\/#\/schema\/person\/414a2aebf1801691a5320edb6468e194\"},\"description\":\"K\u00e1v\u00e9z\u00f3 f\u00e9l\u00faton \u00e9s hideg s\u00f6r a c\u00e9lban. Ilyen egy t\u00f6k\u00e9letes ny\u00e1ri t\u00fara receptje! A s\u00f6r a szabadid\u0151s ker\u00e9kp\u00e1roz\u00e1s fontos r\u00e9sze. De vajon biztons\u00e1gos is? H\u00e1ny s\u00f6rt ihatsz meg? Vannak h\u00e1tr\u00e1nyai \u00e9s el\u0151nyei az alkoholfogyaszt\u00e1snak, amikr\u0151l \u00e9rdemes tudni?\",\"breadcrumb\":{\"@id\":\"https:\/\/www.welovecycling.com\/hu\/edzes-es-eletmod\/elvezd-a-nyarat-nyeregben-a-sorozes-kerdese\/#breadcrumb\"},\"inLanguage\":\"hu\",\"potentialAction\":[{\"@type\":\"ReadAction\",\"target\":[\"https:\/\/www.welovecycling.com\/hu\/edzes-es-eletmod\/elvezd-a-nyarat-nyeregben-a-sorozes-kerdese\/\"]}]},{\"@type\":\"ImageObject\",\"inLanguage\":\"hu\",\"@id\":\"https:\/\/www.welovecycling.com\/hu\/edzes-es-eletmod\/elvezd-a-nyarat-nyeregben-a-sorozes-kerdese\/#primaryimage\",\"url\":\"https:\/\/d2p6e6u75xmxt8.cloudfront.net\/12\/2021\/08\/Cyclist-Drinking-Beer-profimedia-0542124929-CVR.jpg\",\"contentUrl\":\"https:\/\/d2p6e6u75xmxt8.cloudfront.net\/12\/2021\/08\/Cyclist-Drinking-Beer-profimedia-0542124929-CVR.jpg\",\"width\":1366,\"height\":600,\"caption\":\"Cyclist with a beer\"},{\"@type\":\"BreadcrumbList\",\"@id\":\"https:\/\/www.welovecycling.com\/hu\/edzes-es-eletmod\/elvezd-a-nyarat-nyeregben-a-sorozes-kerdese\/#breadcrumb\",\"itemListElement\":[{\"@type\":\"ListItem\",\"position\":1,\"name\":\"Home\",\"item\":\"https:\/\/www.welovecycling.com\/hu\/\"},{\"@type\":\"ListItem\",\"position\":2,\"name\":\"\u00c9lvezd a nyarat nyeregben! \u2013 A s\u00f6r\u00f6z\u00e9s k\u00e9rd\u00e9se\"}]},{\"@type\":\"WebSite\",\"@id\":\"https:\/\/www.welovecycling.com\/hu\/#website\",\"url\":\"https:\/\/www.welovecycling.com\/hu\/\",\"name\":\"\u0160koda We Love Cycling - Magyarorsz\u00e1g\",\"description\":\"\u0160koda WeLoveCycling\",\"potentialAction\":[{\"@type\":\"SearchAction\",\"target\":{\"@type\":\"EntryPoint\",\"urlTemplate\":\"https:\/\/www.welovecycling.com\/hu\/?s={search_term_string}\"},\"query-input\":{\"@type\":\"PropertyValueSpecification\",\"valueRequired\":true,\"valueName\":\"search_term_string\"}}],\"inLanguage\":\"hu\"},{\"@type\":\"Person\",\"@id\":\"https:\/\/www.welovecycling.com\/hu\/#\/schema\/person\/414a2aebf1801691a5320edb6468e194\",\"name\":\"hegyizs\",\"image\":{\"@type\":\"ImageObject\",\"inLanguage\":\"hu\",\"@id\":\"https:\/\/www.welovecycling.com\/hu\/#\/schema\/person\/image\/\",\"url\":\"https:\/\/secure.gravatar.com\/avatar\/02cf8a7906b8cf90cecb4679defac7cfd33a1c2e3b88e4903d947f3bb58eedd3?s=96&d=mm&r=g\",\"contentUrl\":\"https:\/\/secure.gravatar.com\/avatar\/02cf8a7906b8cf90cecb4679defac7cfd33a1c2e3b88e4903d947f3bb58eedd3?s=96&d=mm&r=g\",\"caption\":\"hegyizs\"},\"url\":\"https:\/\/www.welovecycling.com\/hu\/author\/hegyizs\/\"}]}<\/script>\n<!-- \/ Yoast SEO Premium plugin. -->","yoast_head_json":{"title":"\u00c9lvezd a nyarat nyeregben! \u2013 A s\u00f6r\u00f6z\u00e9s k\u00e9rd\u00e9se","description":"K\u00e1v\u00e9z\u00f3 f\u00e9l\u00faton \u00e9s hideg s\u00f6r a c\u00e9lban. Ilyen egy t\u00f6k\u00e9letes ny\u00e1ri t\u00fara receptje! A s\u00f6r a szabadid\u0151s ker\u00e9kp\u00e1roz\u00e1s fontos r\u00e9sze. De vajon biztons\u00e1gos is? H\u00e1ny s\u00f6rt ihatsz meg? Vannak h\u00e1tr\u00e1nyai \u00e9s el\u0151nyei az alkoholfogyaszt\u00e1snak, amikr\u0151l \u00e9rdemes tudni?","robots":{"index":"index","follow":"follow","max-snippet":"max-snippet:-1","max-image-preview":"max-image-preview:large","max-video-preview":"max-video-preview:-1"},"canonical":"https:\/\/www.welovecycling.com\/hu\/edzes-es-eletmod\/elvezd-a-nyarat-nyeregben-a-sorozes-kerdese\/","og_locale":"hu_HU","og_type":"article","og_title":"\u00c9lvezd a nyarat nyeregben! \u2013 A s\u00f6r\u00f6z\u00e9s k\u00e9rd\u00e9se","og_description":"K\u00e1v\u00e9z\u00f3 f\u00e9l\u00faton \u00e9s hideg s\u00f6r a c\u00e9lban. Ilyen egy t\u00f6k\u00e9letes ny\u00e1ri t\u00fara receptje! A s\u00f6r a szabadid\u0151s ker\u00e9kp\u00e1roz\u00e1s fontos r\u00e9sze. De vajon biztons\u00e1gos is? H\u00e1ny s\u00f6rt ihatsz meg? Vannak h\u00e1tr\u00e1nyai \u00e9s el\u0151nyei az alkoholfogyaszt\u00e1snak, amikr\u0151l \u00e9rdemes tudni?","og_url":"https:\/\/www.welovecycling.com\/hu\/edzes-es-eletmod\/elvezd-a-nyarat-nyeregben-a-sorozes-kerdese\/","og_site_name":"\u0160koda We Love Cycling - Magyarorsz\u00e1g","article_publisher":"https:\/\/www.facebook.com\/WeLoveCyclingHungary\/","article_published_time":"2021-08-27T06:00:07+00:00","og_image":[{"width":1366,"height":600,"url":"https:\/\/d2p6e6u75xmxt8.cloudfront.net\/12\/2021\/08\/Cyclist-Drinking-Beer-profimedia-0542124929-CVR.jpg","type":"image\/jpeg"}],"author":"hegyizs","twitter_card":"summary_large_image","twitter_misc":{"Written by":"Ji\u0159\u00ed Kalo\u010d","Est. reading time":"5"},"schema":{"@context":"https:\/\/schema.org","@graph":[{"@type":"WebPage","@id":"https:\/\/www.welovecycling.com\/hu\/edzes-es-eletmod\/elvezd-a-nyarat-nyeregben-a-sorozes-kerdese\/","url":"https:\/\/www.welovecycling.com\/hu\/edzes-es-eletmod\/elvezd-a-nyarat-nyeregben-a-sorozes-kerdese\/","name":"\u00c9lvezd a nyarat nyeregben! \u2013 A s\u00f6r\u00f6z\u00e9s k\u00e9rd\u00e9se","isPartOf":{"@id":"https:\/\/www.welovecycling.com\/hu\/#website"},"primaryImageOfPage":{"@id":"https:\/\/www.welovecycling.com\/hu\/edzes-es-eletmod\/elvezd-a-nyarat-nyeregben-a-sorozes-kerdese\/#primaryimage"},"image":{"@id":"https:\/\/www.welovecycling.com\/hu\/edzes-es-eletmod\/elvezd-a-nyarat-nyeregben-a-sorozes-kerdese\/#primaryimage"},"thumbnailUrl":"https:\/\/d2p6e6u75xmxt8.cloudfront.net\/12\/2021\/08\/Cyclist-Drinking-Beer-profimedia-0542124929-CVR.jpg","datePublished":"2021-08-27T06:00:07+00:00","author":{"@id":"https:\/\/www.welovecycling.com\/hu\/#\/schema\/person\/414a2aebf1801691a5320edb6468e194"},"description":"K\u00e1v\u00e9z\u00f3 f\u00e9l\u00faton \u00e9s hideg s\u00f6r a c\u00e9lban. Ilyen egy t\u00f6k\u00e9letes ny\u00e1ri t\u00fara receptje! A s\u00f6r a szabadid\u0151s ker\u00e9kp\u00e1roz\u00e1s fontos r\u00e9sze. De vajon biztons\u00e1gos is? H\u00e1ny s\u00f6rt ihatsz meg? Vannak h\u00e1tr\u00e1nyai \u00e9s el\u0151nyei az alkoholfogyaszt\u00e1snak, amikr\u0151l \u00e9rdemes tudni?","breadcrumb":{"@id":"https:\/\/www.welovecycling.com\/hu\/edzes-es-eletmod\/elvezd-a-nyarat-nyeregben-a-sorozes-kerdese\/#breadcrumb"},"inLanguage":"hu","potentialAction":[{"@type":"ReadAction","target":["https:\/\/www.welovecycling.com\/hu\/edzes-es-eletmod\/elvezd-a-nyarat-nyeregben-a-sorozes-kerdese\/"]}]},{"@type":"ImageObject","inLanguage":"hu","@id":"https:\/\/www.welovecycling.com\/hu\/edzes-es-eletmod\/elvezd-a-nyarat-nyeregben-a-sorozes-kerdese\/#primaryimage","url":"https:\/\/d2p6e6u75xmxt8.cloudfront.net\/12\/2021\/08\/Cyclist-Drinking-Beer-profimedia-0542124929-CVR.jpg","contentUrl":"https:\/\/d2p6e6u75xmxt8.cloudfront.net\/12\/2021\/08\/Cyclist-Drinking-Beer-profimedia-0542124929-CVR.jpg","width":1366,"height":600,"caption":"Cyclist with a beer"},{"@type":"BreadcrumbList","@id":"https:\/\/www.welovecycling.com\/hu\/edzes-es-eletmod\/elvezd-a-nyarat-nyeregben-a-sorozes-kerdese\/#breadcrumb","itemListElement":[{"@type":"ListItem","position":1,"name":"Home","item":"https:\/\/www.welovecycling.com\/hu\/"},{"@type":"ListItem","position":2,"name":"\u00c9lvezd a nyarat nyeregben! \u2013 A s\u00f6r\u00f6z\u00e9s k\u00e9rd\u00e9se"}]},{"@type":"WebSite","@id":"https:\/\/www.welovecycling.com\/hu\/#website","url":"https:\/\/www.welovecycling.com\/hu\/","name":"\u0160koda We Love Cycling - Magyarorsz\u00e1g","description":"\u0160koda WeLoveCycling","potentialAction":[{"@type":"SearchAction","target":{"@type":"EntryPoint","urlTemplate":"https:\/\/www.welovecycling.com\/hu\/?s={search_term_string}"},"query-input":{"@type":"PropertyValueSpecification","valueRequired":true,"valueName":"search_term_string"}}],"inLanguage":"hu"},{"@type":"Person","@id":"https:\/\/www.welovecycling.com\/hu\/#\/schema\/person\/414a2aebf1801691a5320edb6468e194","name":"hegyizs","image":{"@type":"ImageObject","inLanguage":"hu","@id":"https:\/\/www.welovecycling.com\/hu\/#\/schema\/person\/image\/","url":"https:\/\/secure.gravatar.com\/avatar\/02cf8a7906b8cf90cecb4679defac7cfd33a1c2e3b88e4903d947f3bb58eedd3?s=96&d=mm&r=g","contentUrl":"https:\/\/secure.gravatar.com\/avatar\/02cf8a7906b8cf90cecb4679defac7cfd33a1c2e3b88e4903d947f3bb58eedd3?s=96&d=mm&r=g","caption":"hegyizs"},"url":"https:\/\/www.welovecycling.com\/hu\/author\/hegyizs\/"}]}},"_links":{"self":[{"href":"https:\/\/www.welovecycling.com\/hu\/wp-json\/wp\/v2\/posts\/12257","targetHints":{"allow":["GET"]}}],"collection":[{"href":"https:\/\/www.welovecycling.com\/hu\/wp-json\/wp\/v2\/posts"}],"about":[{"href":"https:\/\/www.welovecycling.com\/hu\/wp-json\/wp\/v2\/types\/post"}],"author":[{"embeddable":true,"href":"https:\/\/www.welovecycling.com\/hu\/wp-json\/wp\/v2\/users\/71"}],"replies":[{"embeddable":true,"href":"https:\/\/www.welovecycling.com\/hu\/wp-json\/wp\/v2\/comments?post=12257"}],"version-history":[{"count":2,"href":"https:\/\/www.welovecycling.com\/hu\/wp-json\/wp\/v2\/posts\/12257\/revisions"}],"predecessor-version":[{"id":12276,"href":"https:\/\/www.welovecycling.com\/hu\/wp-json\/wp\/v2\/posts\/12257\/revisions\/12276"}],"wp:featuredmedia":[{"embeddable":true,"href":"https:\/\/www.welovecycling.com\/hu\/wp-json\/wp\/v2\/media\/12262"}],"wp:attachment":[{"href":"https:\/\/www.welovecycling.com\/hu\/wp-json\/wp\/v2\/media?parent=12257"}],"wp:term":[{"taxonomy":"category","embeddable":true,"href":"https:\/\/www.welovecycling.com\/hu\/wp-json\/wp\/v2\/categories?post=12257"},{"taxonomy":"post_tag","embeddable":true,"href":"https:\/\/www.welovecycling.com\/hu\/wp-json\/wp\/v2\/tags?post=12257"},{"taxonomy":"global-categories","embeddable":true,"href":"https:\/\/www.welovecycling.com\/hu\/wp-json\/wp\/v2\/global-categories?post=12257"}],"curies":[{"name":"wp","href":"https:\/\/api.w.org\/{rel}","templated":true}]}}