{"id":12254,"date":"2021-09-02T08:00:23","date_gmt":"2021-09-02T06:00:23","guid":{"rendered":"https:\/\/www.welovecycling.com\/hu\/?p=12254"},"modified":"2021-08-24T12:13:26","modified_gmt":"2021-08-24T10:13:26","slug":"ride2unite-podcast-elise-vander-sande-vel-es-annelies-dommal-tobb-nore-van-szukseg-a-kerekpariparban","status":"publish","type":"post","link":"https:\/\/www.welovecycling.com\/hu\/kozosseg-es-kultura\/ride2unite-podcast-elise-vander-sande-vel-es-annelies-dommal-tobb-nore-van-szukseg-a-kerekpariparban\/","title":{"rendered":"#Ride2Unite podcast Elise Vander Sande-vel \u00e9s Annelies Dommal: \u201eT\u00f6bb n\u0151re van sz\u00fcks\u00e9g a ker\u00e9kp\u00e1riparban!\u201d"},"content":{"rendered":"<p><strong>A #Ride2Unite podcast leg\u00fajabb epiz\u00f3dj\u00e1ban Anna Glowinski a Lotto Soudal Ladies csapat k\u00e9t tagj\u00e1val, Elise Vander Sande-vel \u00e9s Annelies Dommal besz\u00e9lgetett. Megvitatt\u00e1k p\u00e1lyafut\u00e1sukat a kezdetekt\u0151l, el\u0151rehalad\u00e1sukat, volt sz\u00f3 a neh\u00e9zs\u00e9geikr\u0151l \u00e9s a fel\u00e9j\u00fck ir\u00e1nyul\u00f3 elv\u00e1r\u00e1sokr\u00f3l, illetve a n\u0151i ker\u00e9kp\u00e1roz\u00e1sr\u00f3l is.<\/strong><\/p>\n<p><!--more--><\/p>\n<p>Annelies Dom (35) az UCI Women\u2019s Continental Team \u00fajonnan kinevezett sportigazgat\u00f3ja. A Lotto Soudal Ladies, valamint a 2018-as belga orsz\u00e1g\u00fati bajnoks\u00e1g gy\u0151ztese, aki 10 \u00e9ves tapasztalattal rendelkezik a p\u00e1lya- \u00e9s orsz\u00e1g\u00fati ker\u00e9kp\u00e1roz\u00e1s ter\u00e9n. A Lotto Soudal Ladies csapat\u00e1ban minden tag sz\u00e1m\u00e1ra \u0151 dolgozza ki a strat\u00e9gi\u00e1t, amivel betarthatj\u00e1k az edz\u00e9sterv\u00fcket \u00e9s felk\u00e9sz\u00fclhetnek a versenyekre. 2020 november\u00e9ben abbahagyta az akt\u00edv versenyker\u00e9kp\u00e1roz\u00e1st, de tervei szerinte tov\u00e1bbra is az ipar\u00e1gban marad.<\/p>\n<p>A belga Elise Vander Sande (23) a podcast m\u00e1sodik vend\u00e9ge egy felt\u00f6rekv\u0151 fiatal tehets\u00e9g, aki az \u00e9v elej\u00e9n kezdett el a csapattal tekerni. Mivel karrierje legelej\u00e9n \u00e1ll, nyilv\u00e1nval\u00f3an \u00f6r\u00fcl, hogy t\u00e1maszkodhat Annelies-re, b\u00edzhat a tan\u00e1csaiban \u00e9s inspir\u00e1ci\u00f3t mer\u00edthet munk\u00e1j\u00e1b\u00f3l.<\/p>\n<div class=\"embed-controller-wrapper\"><iframe title=\"Spotify Embed: \u201cMore Women Have to Get on the Bikes and Develop as Riders\u201d: #Ride2Unite Podcast with Elise Vander Sande and Annelies Dom\" style=\"border-radius: 12px\" width=\"100%\" height=\"152\" frameborder=\"0\" allowfullscreen allow=\"autoplay; clipboard-write; encrypted-media; fullscreen; picture-in-picture\" loading=\"lazy\" data-src=\"https:\/\/open.spotify.com\/embed\/episode\/5TO7yATRtPnr09OYYudlgM?utm_source=oembed\"><\/iframe><\/div>\n<p>Mivel Annelies versenyz\u0151b\u0151l sportigazgat\u00f3 lett, Anna arra k\u00e9rdezett r\u00e1, hogy szerinte mi a legnagyobb szeml\u00e9letbeli v\u00e1ltoz\u00e1s, amit tapasztalt. \u201e<em>Amikor a kocsiban \u00fclsz a csapat m\u00f6g\u00f6tt, akkor nem tudod befoly\u00e1solni, hogy mi t\u00f6rt\u00e9nik vel\u00fck. Nem is sejtettem, milyen sok \u00e9rzelem van jelen a k\u00eds\u00e9r\u0151aut\u00f3ban, hiszen felel\u0151snek \u00e9rzed magad a teljes csapat\u00e9rt. Minden lehets\u00e9ges m\u00f3don seg\u00edteni szeretn\u00e9l, de ez nem olyan egyszer\u0171, nincs hatalmad ir\u00e1ny\u00edtani. Csak t\u00e1j\u00e9koztatni tudod a t\u00f6bbieket, de ha elindult a verseny, gyakorlatilag magukra maradnak<\/em>\u201d \u2013 fejtette ki Annelies.<\/p>\n<p>M\u00e9g kezd\u0151 ker\u00e9kp\u00e1rosk\u00e9nt is egyet\u00e9rt\u0151en b\u00f3logatott Elise, amikor Annelies az egyenl\u0151s\u00e9gr\u0151l besz\u00e9lt a ker\u00e9kp\u00e1roz\u00e1s vil\u00e1g\u00e1ban. A tapasztalt biciklis a m\u00e9di\u00e1ban, a p\u00e9nz\u00fcgyek \u00e9s a lehet\u0151s\u00e9gek ter\u00e9n is nagy k\u00fcl\u00f6nbs\u00e9geket tapasztalt karrierje sor\u00e1n a f\u00e9rfi \u00e9s a n\u0151i ker\u00e9kp\u00e1roz\u00e1s k\u00f6z\u00f6tt. <em>\u201eVan hova fejl\u0151dni\u201d<\/em> \u2013 jegyezte meg.<\/p>\n<p>Ha k\u00edv\u00e1ncsi vagy, m\u00e9g mir\u0151l besz\u00e9lgettek a podcastban a l\u00e1nyok, hallgasd meg a felv\u00e9telt eredeti nyelven!<\/p>\n","protected":false},"excerpt":{"rendered":"<p>A #Ride2Unite podcast leg\u00fajabb epiz\u00f3dj\u00e1ban Anna Glowinski a Lotto Soudal Ladies csapat k\u00e9t tagj\u00e1val, Elise Vander Sande-vel \u00e9s Annelies Dommal [&hellip;]<\/p>\n","protected":false},"author":71,"featured_media":12256,"comment_status":"open","ping_status":"open","sticky":false,"template":"","format":"standard","meta":{"footnotes":""},"categories":[12],"tags":[],"global-categories":[],"class_list":["post-12254","post","type-post","status-publish","format-standard","has-post-thumbnail","hentry","category-kozosseg-es-kultura"],"yoast_head":"<!-- This site is optimized with the Yoast SEO Premium plugin v25.3 (Yoast SEO v25.9) - https:\/\/yoast.com\/wordpress\/plugins\/seo\/ -->\n<title>#Ride2Unite podcast Elise Vander Sande-vel \u00e9s Annelies Dommal<\/title>\n<meta name=\"description\" content=\"A #Ride2Unite podcast leg\u00fajabb epiz\u00f3dj\u00e1ban Anna Glowinski a Lotto Soudal Ladies csapat k\u00e9t tagj\u00e1val, Elise Vander Sande-vel \u00e9s Annelies Dommal besz\u00e9lgetett. Megvitatt\u00e1k p\u00e1lyafut\u00e1sukat a kezdetekt\u0151l, el\u0151rehalad\u00e1sukat, volt sz\u00f3 a neh\u00e9zs\u00e9geikr\u0151l \u00e9s a fel\u00e9j\u00fck ir\u00e1nyul\u00f3 elv\u00e1r\u00e1sokr\u00f3l, illetve a n\u0151i ker\u00e9kp\u00e1roz\u00e1sr\u00f3l is.\" \/>\n<meta name=\"robots\" content=\"index, follow, max-snippet:-1, max-image-preview:large, max-video-preview:-1\" \/>\n<link rel=\"canonical\" href=\"https:\/\/www.welovecycling.com\/hu\/kozosseg-es-kultura\/ride2unite-podcast-elise-vander-sande-vel-es-annelies-dommal-tobb-nore-van-szukseg-a-kerekpariparban\/\" \/>\n<meta property=\"og:locale\" content=\"hu_HU\" \/>\n<meta property=\"og:type\" content=\"article\" \/>\n<meta property=\"og:title\" content=\"#Ride2Unite podcast Elise Vander Sande-vel \u00e9s Annelies Dommal: \u201eT\u00f6bb n\u0151re van sz\u00fcks\u00e9g a ker\u00e9kp\u00e1riparban!\u201d\" \/>\n<meta property=\"og:description\" content=\"A #Ride2Unite podcast leg\u00fajabb epiz\u00f3dj\u00e1ban Anna Glowinski a Lotto Soudal Ladies csapat k\u00e9t tagj\u00e1val, Elise Vander Sande-vel \u00e9s Annelies Dommal besz\u00e9lgetett. Megvitatt\u00e1k p\u00e1lyafut\u00e1sukat a kezdetekt\u0151l, el\u0151rehalad\u00e1sukat, volt sz\u00f3 a neh\u00e9zs\u00e9geikr\u0151l \u00e9s a fel\u00e9j\u00fck ir\u00e1nyul\u00f3 elv\u00e1r\u00e1sokr\u00f3l, illetve a n\u0151i ker\u00e9kp\u00e1roz\u00e1sr\u00f3l is.\" \/>\n<meta property=\"og:url\" content=\"https:\/\/www.welovecycling.com\/hu\/kozosseg-es-kultura\/ride2unite-podcast-elise-vander-sande-vel-es-annelies-dommal-tobb-nore-van-szukseg-a-kerekpariparban\/\" \/>\n<meta property=\"og:site_name\" content=\"\u0160koda We Love Cycling - Magyarorsz\u00e1g\" \/>\n<meta property=\"article:publisher\" content=\"https:\/\/www.facebook.com\/WeLoveCyclingHungary\/\" \/>\n<meta property=\"article:published_time\" content=\"2021-09-02T06:00:23+00:00\" \/>\n<meta property=\"og:image\" content=\"https:\/\/d2p6e6u75xmxt8.cloudfront.net\/12\/2021\/08\/R2U-Elise-Annelise-CVR.jpg\" \/>\n\t<meta property=\"og:image:width\" content=\"1366\" \/>\n\t<meta property=\"og:image:height\" content=\"600\" \/>\n\t<meta property=\"og:image:type\" content=\"image\/jpeg\" \/>\n<meta name=\"author\" content=\"hegyizs\" \/>\n<meta name=\"twitter:card\" content=\"summary_large_image\" \/>\n<meta name=\"twitter:label1\" content=\"Written by\" \/>\n\t<meta name=\"twitter:data1\" content=\"Frantiska Blazkova\" \/>\n\t<meta name=\"twitter:label2\" content=\"Est. reading time\" \/>\n\t<meta name=\"twitter:data2\" content=\"5\" \/>\n<script type=\"application\/ld+json\" class=\"yoast-schema-graph\">{\"@context\":\"https:\/\/schema.org\",\"@graph\":[{\"@type\":\"WebPage\",\"@id\":\"https:\/\/www.welovecycling.com\/hu\/kozosseg-es-kultura\/ride2unite-podcast-elise-vander-sande-vel-es-annelies-dommal-tobb-nore-van-szukseg-a-kerekpariparban\/\",\"url\":\"https:\/\/www.welovecycling.com\/hu\/kozosseg-es-kultura\/ride2unite-podcast-elise-vander-sande-vel-es-annelies-dommal-tobb-nore-van-szukseg-a-kerekpariparban\/\",\"name\":\"#Ride2Unite podcast Elise Vander Sande-vel \u00e9s Annelies Dommal\",\"isPartOf\":{\"@id\":\"https:\/\/www.welovecycling.com\/hu\/#website\"},\"primaryImageOfPage\":{\"@id\":\"https:\/\/www.welovecycling.com\/hu\/kozosseg-es-kultura\/ride2unite-podcast-elise-vander-sande-vel-es-annelies-dommal-tobb-nore-van-szukseg-a-kerekpariparban\/#primaryimage\"},\"image\":{\"@id\":\"https:\/\/www.welovecycling.com\/hu\/kozosseg-es-kultura\/ride2unite-podcast-elise-vander-sande-vel-es-annelies-dommal-tobb-nore-van-szukseg-a-kerekpariparban\/#primaryimage\"},\"thumbnailUrl\":\"https:\/\/d2p6e6u75xmxt8.cloudfront.net\/12\/2021\/08\/R2U-Elise-Annelise-CVR.jpg\",\"datePublished\":\"2021-09-02T06:00:23+00:00\",\"author\":{\"@id\":\"https:\/\/www.welovecycling.com\/hu\/#\/schema\/person\/414a2aebf1801691a5320edb6468e194\"},\"description\":\"A #Ride2Unite podcast leg\u00fajabb epiz\u00f3dj\u00e1ban Anna Glowinski a Lotto Soudal Ladies csapat k\u00e9t tagj\u00e1val, Elise Vander Sande-vel \u00e9s Annelies Dommal besz\u00e9lgetett. Megvitatt\u00e1k p\u00e1lyafut\u00e1sukat a kezdetekt\u0151l, el\u0151rehalad\u00e1sukat, volt sz\u00f3 a neh\u00e9zs\u00e9geikr\u0151l \u00e9s a fel\u00e9j\u00fck ir\u00e1nyul\u00f3 elv\u00e1r\u00e1sokr\u00f3l, illetve a n\u0151i ker\u00e9kp\u00e1roz\u00e1sr\u00f3l is.\",\"breadcrumb\":{\"@id\":\"https:\/\/www.welovecycling.com\/hu\/kozosseg-es-kultura\/ride2unite-podcast-elise-vander-sande-vel-es-annelies-dommal-tobb-nore-van-szukseg-a-kerekpariparban\/#breadcrumb\"},\"inLanguage\":\"hu\",\"potentialAction\":[{\"@type\":\"ReadAction\",\"target\":[\"https:\/\/www.welovecycling.com\/hu\/kozosseg-es-kultura\/ride2unite-podcast-elise-vander-sande-vel-es-annelies-dommal-tobb-nore-van-szukseg-a-kerekpariparban\/\"]}]},{\"@type\":\"ImageObject\",\"inLanguage\":\"hu\",\"@id\":\"https:\/\/www.welovecycling.com\/hu\/kozosseg-es-kultura\/ride2unite-podcast-elise-vander-sande-vel-es-annelies-dommal-tobb-nore-van-szukseg-a-kerekpariparban\/#primaryimage\",\"url\":\"https:\/\/d2p6e6u75xmxt8.cloudfront.net\/12\/2021\/08\/R2U-Elise-Annelise-CVR.jpg\",\"contentUrl\":\"https:\/\/d2p6e6u75xmxt8.cloudfront.net\/12\/2021\/08\/R2U-Elise-Annelise-CVR.jpg\",\"width\":1366,\"height\":600,\"caption\":\"Elise Vander Sande and Annelies Dom\"},{\"@type\":\"BreadcrumbList\",\"@id\":\"https:\/\/www.welovecycling.com\/hu\/kozosseg-es-kultura\/ride2unite-podcast-elise-vander-sande-vel-es-annelies-dommal-tobb-nore-van-szukseg-a-kerekpariparban\/#breadcrumb\",\"itemListElement\":[{\"@type\":\"ListItem\",\"position\":1,\"name\":\"Home\",\"item\":\"https:\/\/www.welovecycling.com\/hu\/\"},{\"@type\":\"ListItem\",\"position\":2,\"name\":\"#Ride2Unite podcast Elise Vander Sande-vel \u00e9s Annelies Dommal: \u201eT\u00f6bb n\u0151re van sz\u00fcks\u00e9g a ker\u00e9kp\u00e1riparban!\u201d\"}]},{\"@type\":\"WebSite\",\"@id\":\"https:\/\/www.welovecycling.com\/hu\/#website\",\"url\":\"https:\/\/www.welovecycling.com\/hu\/\",\"name\":\"\u0160koda We Love Cycling - Magyarorsz\u00e1g\",\"description\":\"\u0160koda WeLoveCycling\",\"potentialAction\":[{\"@type\":\"SearchAction\",\"target\":{\"@type\":\"EntryPoint\",\"urlTemplate\":\"https:\/\/www.welovecycling.com\/hu\/?s={search_term_string}\"},\"query-input\":{\"@type\":\"PropertyValueSpecification\",\"valueRequired\":true,\"valueName\":\"search_term_string\"}}],\"inLanguage\":\"hu\"},{\"@type\":\"Person\",\"@id\":\"https:\/\/www.welovecycling.com\/hu\/#\/schema\/person\/414a2aebf1801691a5320edb6468e194\",\"name\":\"hegyizs\",\"image\":{\"@type\":\"ImageObject\",\"inLanguage\":\"hu\",\"@id\":\"https:\/\/www.welovecycling.com\/hu\/#\/schema\/person\/image\/\",\"url\":\"https:\/\/secure.gravatar.com\/avatar\/02cf8a7906b8cf90cecb4679defac7cfd33a1c2e3b88e4903d947f3bb58eedd3?s=96&d=mm&r=g\",\"contentUrl\":\"https:\/\/secure.gravatar.com\/avatar\/02cf8a7906b8cf90cecb4679defac7cfd33a1c2e3b88e4903d947f3bb58eedd3?s=96&d=mm&r=g\",\"caption\":\"hegyizs\"},\"url\":\"https:\/\/www.welovecycling.com\/hu\/author\/hegyizs\/\"}]}<\/script>\n<!-- \/ Yoast SEO Premium plugin. -->","yoast_head_json":{"title":"#Ride2Unite podcast Elise Vander Sande-vel \u00e9s Annelies Dommal","description":"A #Ride2Unite podcast leg\u00fajabb epiz\u00f3dj\u00e1ban Anna Glowinski a Lotto Soudal Ladies csapat k\u00e9t tagj\u00e1val, Elise Vander Sande-vel \u00e9s Annelies Dommal besz\u00e9lgetett. Megvitatt\u00e1k p\u00e1lyafut\u00e1sukat a kezdetekt\u0151l, el\u0151rehalad\u00e1sukat, volt sz\u00f3 a neh\u00e9zs\u00e9geikr\u0151l \u00e9s a fel\u00e9j\u00fck ir\u00e1nyul\u00f3 elv\u00e1r\u00e1sokr\u00f3l, illetve a n\u0151i ker\u00e9kp\u00e1roz\u00e1sr\u00f3l is.","robots":{"index":"index","follow":"follow","max-snippet":"max-snippet:-1","max-image-preview":"max-image-preview:large","max-video-preview":"max-video-preview:-1"},"canonical":"https:\/\/www.welovecycling.com\/hu\/kozosseg-es-kultura\/ride2unite-podcast-elise-vander-sande-vel-es-annelies-dommal-tobb-nore-van-szukseg-a-kerekpariparban\/","og_locale":"hu_HU","og_type":"article","og_title":"#Ride2Unite podcast Elise Vander Sande-vel \u00e9s Annelies Dommal: \u201eT\u00f6bb n\u0151re van sz\u00fcks\u00e9g a ker\u00e9kp\u00e1riparban!\u201d","og_description":"A #Ride2Unite podcast leg\u00fajabb epiz\u00f3dj\u00e1ban Anna Glowinski a Lotto Soudal Ladies csapat k\u00e9t tagj\u00e1val, Elise Vander Sande-vel \u00e9s Annelies Dommal besz\u00e9lgetett. Megvitatt\u00e1k p\u00e1lyafut\u00e1sukat a kezdetekt\u0151l, el\u0151rehalad\u00e1sukat, volt sz\u00f3 a neh\u00e9zs\u00e9geikr\u0151l \u00e9s a fel\u00e9j\u00fck ir\u00e1nyul\u00f3 elv\u00e1r\u00e1sokr\u00f3l, illetve a n\u0151i ker\u00e9kp\u00e1roz\u00e1sr\u00f3l is.","og_url":"https:\/\/www.welovecycling.com\/hu\/kozosseg-es-kultura\/ride2unite-podcast-elise-vander-sande-vel-es-annelies-dommal-tobb-nore-van-szukseg-a-kerekpariparban\/","og_site_name":"\u0160koda We Love Cycling - Magyarorsz\u00e1g","article_publisher":"https:\/\/www.facebook.com\/WeLoveCyclingHungary\/","article_published_time":"2021-09-02T06:00:23+00:00","og_image":[{"width":1366,"height":600,"url":"https:\/\/d2p6e6u75xmxt8.cloudfront.net\/12\/2021\/08\/R2U-Elise-Annelise-CVR.jpg","type":"image\/jpeg"}],"author":"hegyizs","twitter_card":"summary_large_image","twitter_misc":{"Written by":"Frantiska Blazkova","Est. reading time":"5"},"schema":{"@context":"https:\/\/schema.org","@graph":[{"@type":"WebPage","@id":"https:\/\/www.welovecycling.com\/hu\/kozosseg-es-kultura\/ride2unite-podcast-elise-vander-sande-vel-es-annelies-dommal-tobb-nore-van-szukseg-a-kerekpariparban\/","url":"https:\/\/www.welovecycling.com\/hu\/kozosseg-es-kultura\/ride2unite-podcast-elise-vander-sande-vel-es-annelies-dommal-tobb-nore-van-szukseg-a-kerekpariparban\/","name":"#Ride2Unite podcast Elise Vander Sande-vel \u00e9s Annelies Dommal","isPartOf":{"@id":"https:\/\/www.welovecycling.com\/hu\/#website"},"primaryImageOfPage":{"@id":"https:\/\/www.welovecycling.com\/hu\/kozosseg-es-kultura\/ride2unite-podcast-elise-vander-sande-vel-es-annelies-dommal-tobb-nore-van-szukseg-a-kerekpariparban\/#primaryimage"},"image":{"@id":"https:\/\/www.welovecycling.com\/hu\/kozosseg-es-kultura\/ride2unite-podcast-elise-vander-sande-vel-es-annelies-dommal-tobb-nore-van-szukseg-a-kerekpariparban\/#primaryimage"},"thumbnailUrl":"https:\/\/d2p6e6u75xmxt8.cloudfront.net\/12\/2021\/08\/R2U-Elise-Annelise-CVR.jpg","datePublished":"2021-09-02T06:00:23+00:00","author":{"@id":"https:\/\/www.welovecycling.com\/hu\/#\/schema\/person\/414a2aebf1801691a5320edb6468e194"},"description":"A #Ride2Unite podcast leg\u00fajabb epiz\u00f3dj\u00e1ban Anna Glowinski a Lotto Soudal Ladies csapat k\u00e9t tagj\u00e1val, Elise Vander Sande-vel \u00e9s Annelies Dommal besz\u00e9lgetett. Megvitatt\u00e1k p\u00e1lyafut\u00e1sukat a kezdetekt\u0151l, el\u0151rehalad\u00e1sukat, volt sz\u00f3 a neh\u00e9zs\u00e9geikr\u0151l \u00e9s a fel\u00e9j\u00fck ir\u00e1nyul\u00f3 elv\u00e1r\u00e1sokr\u00f3l, illetve a n\u0151i ker\u00e9kp\u00e1roz\u00e1sr\u00f3l is.","breadcrumb":{"@id":"https:\/\/www.welovecycling.com\/hu\/kozosseg-es-kultura\/ride2unite-podcast-elise-vander-sande-vel-es-annelies-dommal-tobb-nore-van-szukseg-a-kerekpariparban\/#breadcrumb"},"inLanguage":"hu","potentialAction":[{"@type":"ReadAction","target":["https:\/\/www.welovecycling.com\/hu\/kozosseg-es-kultura\/ride2unite-podcast-elise-vander-sande-vel-es-annelies-dommal-tobb-nore-van-szukseg-a-kerekpariparban\/"]}]},{"@type":"ImageObject","inLanguage":"hu","@id":"https:\/\/www.welovecycling.com\/hu\/kozosseg-es-kultura\/ride2unite-podcast-elise-vander-sande-vel-es-annelies-dommal-tobb-nore-van-szukseg-a-kerekpariparban\/#primaryimage","url":"https:\/\/d2p6e6u75xmxt8.cloudfront.net\/12\/2021\/08\/R2U-Elise-Annelise-CVR.jpg","contentUrl":"https:\/\/d2p6e6u75xmxt8.cloudfront.net\/12\/2021\/08\/R2U-Elise-Annelise-CVR.jpg","width":1366,"height":600,"caption":"Elise Vander Sande and Annelies Dom"},{"@type":"BreadcrumbList","@id":"https:\/\/www.welovecycling.com\/hu\/kozosseg-es-kultura\/ride2unite-podcast-elise-vander-sande-vel-es-annelies-dommal-tobb-nore-van-szukseg-a-kerekpariparban\/#breadcrumb","itemListElement":[{"@type":"ListItem","position":1,"name":"Home","item":"https:\/\/www.welovecycling.com\/hu\/"},{"@type":"ListItem","position":2,"name":"#Ride2Unite podcast Elise Vander Sande-vel \u00e9s Annelies Dommal: \u201eT\u00f6bb n\u0151re van sz\u00fcks\u00e9g a ker\u00e9kp\u00e1riparban!\u201d"}]},{"@type":"WebSite","@id":"https:\/\/www.welovecycling.com\/hu\/#website","url":"https:\/\/www.welovecycling.com\/hu\/","name":"\u0160koda We Love Cycling - Magyarorsz\u00e1g","description":"\u0160koda WeLoveCycling","potentialAction":[{"@type":"SearchAction","target":{"@type":"EntryPoint","urlTemplate":"https:\/\/www.welovecycling.com\/hu\/?s={search_term_string}"},"query-input":{"@type":"PropertyValueSpecification","valueRequired":true,"valueName":"search_term_string"}}],"inLanguage":"hu"},{"@type":"Person","@id":"https:\/\/www.welovecycling.com\/hu\/#\/schema\/person\/414a2aebf1801691a5320edb6468e194","name":"hegyizs","image":{"@type":"ImageObject","inLanguage":"hu","@id":"https:\/\/www.welovecycling.com\/hu\/#\/schema\/person\/image\/","url":"https:\/\/secure.gravatar.com\/avatar\/02cf8a7906b8cf90cecb4679defac7cfd33a1c2e3b88e4903d947f3bb58eedd3?s=96&d=mm&r=g","contentUrl":"https:\/\/secure.gravatar.com\/avatar\/02cf8a7906b8cf90cecb4679defac7cfd33a1c2e3b88e4903d947f3bb58eedd3?s=96&d=mm&r=g","caption":"hegyizs"},"url":"https:\/\/www.welovecycling.com\/hu\/author\/hegyizs\/"}]}},"_links":{"self":[{"href":"https:\/\/www.welovecycling.com\/hu\/wp-json\/wp\/v2\/posts\/12254","targetHints":{"allow":["GET"]}}],"collection":[{"href":"https:\/\/www.welovecycling.com\/hu\/wp-json\/wp\/v2\/posts"}],"about":[{"href":"https:\/\/www.welovecycling.com\/hu\/wp-json\/wp\/v2\/types\/post"}],"author":[{"embeddable":true,"href":"https:\/\/www.welovecycling.com\/hu\/wp-json\/wp\/v2\/users\/71"}],"replies":[{"embeddable":true,"href":"https:\/\/www.welovecycling.com\/hu\/wp-json\/wp\/v2\/comments?post=12254"}],"version-history":[{"count":1,"href":"https:\/\/www.welovecycling.com\/hu\/wp-json\/wp\/v2\/posts\/12254\/revisions"}],"predecessor-version":[{"id":12275,"href":"https:\/\/www.welovecycling.com\/hu\/wp-json\/wp\/v2\/posts\/12254\/revisions\/12275"}],"wp:featuredmedia":[{"embeddable":true,"href":"https:\/\/www.welovecycling.com\/hu\/wp-json\/wp\/v2\/media\/12256"}],"wp:attachment":[{"href":"https:\/\/www.welovecycling.com\/hu\/wp-json\/wp\/v2\/media?parent=12254"}],"wp:term":[{"taxonomy":"category","embeddable":true,"href":"https:\/\/www.welovecycling.com\/hu\/wp-json\/wp\/v2\/categories?post=12254"},{"taxonomy":"post_tag","embeddable":true,"href":"https:\/\/www.welovecycling.com\/hu\/wp-json\/wp\/v2\/tags?post=12254"},{"taxonomy":"global-categories","embeddable":true,"href":"https:\/\/www.welovecycling.com\/hu\/wp-json\/wp\/v2\/global-categories?post=12254"}],"curies":[{"name":"wp","href":"https:\/\/api.w.org\/{rel}","templated":true}]}}