{"id":12250,"date":"2021-08-24T08:00:05","date_gmt":"2021-08-24T06:00:05","guid":{"rendered":"https:\/\/www.welovecycling.com\/hu\/?p=12250"},"modified":"2021-08-19T12:59:17","modified_gmt":"2021-08-19T10:59:17","slug":"biztonsagosabb-felfujhato-kapukat-a-tdf-re","status":"publish","type":"post","link":"https:\/\/www.welovecycling.com\/hu\/orszaguti-kerekpar\/biztonsagosabb-felfujhato-kapukat-a-tdf-re\/","title":{"rendered":"Biztons\u00e1gosabb felf\u00fajhat\u00f3 kapukat a TdF-re!"},"content":{"rendered":"<p><strong>2016-ban balesett okozott egy felf\u00fajhat\u00f3 kapu, amikor v\u00e1ratlanul \u00f6sszeomlott \u00e9s r\u00e1esett Adam Yates-re, lel\u00f6kve a ker\u00e9kp\u00e1rj\u00e1r\u00f3l. A szervez\u0151k az egyik n\u00e9z\u0151 \u00f6vcsatj\u00e1t okolt\u00e1k, de val\u00f3j\u00e1ban a fizika volt a b\u0171n\u00f6s. N\u00e9zz\u00fck meg, hogyan t\u00f6rt\u00e9nt \u00e9s mit lehet tenni a hasonl\u00f3 esetek megel\u0151z\u00e9s\u00e9re!<\/strong><\/p>\n<p><!--more--><\/p>\n<h2><strong>Megsz\u0171nt a l\u00e9gnyom\u00e1s, \u00f6sszeomlott a kapu<\/strong><\/h2>\n<p>A napjainkban haszn\u00e1lt felf\u00fajhat\u00f3 kapuk monostabilak, ami azt jelenti, hogy \u00e1lland\u00f3 l\u00e9gnyom\u00e1sra van sz\u00fcks\u00e9g\u00fck ahhoz, hogy fenntarts\u00e1k felf\u00fajt form\u00e1jukat. Ha ezt a nyom\u00e1st elvesz\u00edtik, akkor visszat\u00e9rnek egyetlen stabil form\u00e1jukhoz, ami a lapos. Pontosan ez t\u00f6rt\u00e9nt 2016-ban is a Tour de France-en.<\/p>\n<p>Adam Yates, aki az Orica \u2013 Bike Exchange csapat\u00e1ban versenyzett, gyakorlatilag lerep\u00fclt a biciklij\u00e9r\u0151l, amikor nyak\u00e1ba zuhant a kapu, \u00e9s a t\u00e1mogat\u00f3 Mavic motorosok is bajba ker\u00fcltek. A baleset lelass\u00edtotta a versenyt, hiszen a kaput el kellett t\u00e1vol\u00edtani az \u00fatb\u00f3l.<\/p>\n<lite-youtube videoid=O2nyDL4DNWg params=\"enablejsapi=1\" style=\"background-image: url('https:\/\/i.ytimg.com\/vi_webp\/O2nyDL4DNWg\/maxresdefault.webp');\"><\/lite-youtube>\n<h2><strong>Origami ihlet\u00e9s\u0171 tal\u00e1lm\u00e1ny<\/strong><\/h2>\n<p>A Harvard John A. Paulson Egyetem m\u00e9rn\u00f6kei \u00fagy d\u00f6nt\u00f6ttek, v\u00e9get vetnek ennek. Kifejlesztettek egy origamihoz hasonl\u00f3 m\u0171k\u00f6d\u00e9s\u0171, bistabil szerkezetet, amivel kiv\u00e1lthatj\u00e1k a monostabil elemeket.<\/p>\n<p><em>\u201eEz a kutat\u00e1s k\u00f6zvetlen utat jelenthet a nagym\u00e9ret\u0171, robusztus, felf\u00fajhat\u00f3 rendszerek \u00faj gener\u00e1ci\u00f3j\u00e1hoz, melyek fel\u00e1ll\u00edt\u00e1suk ut\u00e1n meg\u0151rzik form\u00e1jukat, an\u00e9lk\u00fcl, hogy folyamatos l\u00e9gnyom\u00e1st ig\u00e9nyeln\u00e9nek\u201d<\/em> \u2013 mondta Katia Bertoldi, a tanulm\u00e1ny egyik f\u0151 szerz\u0151je.<\/p>\n<p>A h\u00e1romsz\u00f6glet\u0171 \u00e9p\u00edt\u0151elemek fel\u00e1ll\u00edthat\u00f3ak \u00e9s \u00f6sszehajthat\u00f3ak, kombin\u00e1lva pedig k\u00fcl\u00f6nb\u00f6z\u0151 z\u00e1rt, stabil form\u00e1kat alkotnak.<\/p>\n<p><em>\u201eEzeknek az \u00e9p\u00edt\u0151elemeknek a geometri\u00e1j\u00e1ra t\u00e1maszkodunk, nem pedig az anyaguk tulajdons\u00e1gaira, ami azt jelenti, hogy b\u00e1rmilyen anyagb\u00f3l elk\u00e9sz\u00edthetj\u00fck \u0151ket, ide\u00e9rtve az olcs\u00f3, \u00fajrahasznos\u00edtott alapokat is\u201d<\/em> \u2013 magyar\u00e1zta Benjamin Gorissen, a kutat\u00f3csoport tagja.<\/p>\n<h2><strong>Ahogy a val\u00f3s\u00e1gban m\u0171k\u00f6dik<\/strong><\/h2>\n<p>A kutat\u00f3k a gyakorlatban is kipr\u00f3b\u00e1lt\u00e1k az elm\u00e9let\u00fcket. K\u00e9sz\u00edtettek egy 240&#215;120 cm-es felf\u00fajhat\u00f3 mened\u00e9ket, m\u0171anyagb\u00f3l.<\/p>\n<lite-youtube videoid=ufPHlPeGpiI params=\"enablejsapi=1\" style=\"background-image: url('https:\/\/i.ytimg.com\/vi_webp\/ufPHlPeGpiI\/maxresdefault.webp');\"><\/lite-youtube>\n<h2><strong>A Tour-on, katasztr\u00f3f\u00e1k idej\u00e9n \u00e9s m\u00e9g az \u0171rben is<\/strong><\/h2>\n<p>A kutat\u00f3k sz\u00e1mos k\u00fcl\u00f6nb\u00f6z\u0151 helyzetet azonos\u00edtottak, ahol j\u00f3l j\u00f6het az \u00faj tal\u00e1lm\u00e1ny. Vajon a Tour de France is k\u00f6zt\u00fck lesz?<\/p>\n<p><em>\u201eSoha nem l\u00e1tott t\u00e9r ny\u00edlt meg a felf\u00fajhat\u00f3 szerkezetek sz\u00e1m\u00e1ra azzal, hogy nem vesz\u00e9lyesek, k\u00f6nnyen \u00f6sszecsukhat\u00f3ak, \u00e9s megtartj\u00e1k a form\u00e1jukat. Nem csak a F\u00f6ld\u00f6n l\u00e1tjuk ennek jelent\u0151s\u00e9g\u00e9t, hanem potenci\u00e1lisan a Holdon vagy a Mars felfedez\u00e9se sor\u00e1n is\u201d<\/em> \u2013 mondta Chuck Hoberman, a cikk t\u00e1rsszerz\u0151je.<\/p>\n<p><em>\u201eEl tudjuk k\u00e9pzelni, hogy ezeket a mened\u00e9khelyek a katasztr\u00f3fa\u00f6vezetekben is hasznos\u00edthat\u00f3ak v\u00e9szhelyzet eset\u00e9n. Mivel laposak, egyszer\u0171en lehet \u0151ket sz\u00e1ll\u00edtani, \u00e9s csak egyszer kell \u0151ket felf\u00fajni, ut\u00e1na is mozgathat\u00f3ak\u201d<\/em> \u2013 tette hozz\u00e1 David Melancon, aki szint\u00e9n r\u00e9szt vett a kutat\u00e1sban.<\/p>\n","protected":false},"excerpt":{"rendered":"<p>2016-ban balesett okozott egy felf\u00fajhat\u00f3 kapu, amikor v\u00e1ratlanul \u00f6sszeomlott \u00e9s r\u00e1esett Adam Yates-re, lel\u00f6kve a ker\u00e9kp\u00e1rj\u00e1r\u00f3l. A szervez\u0151k az egyik [&hellip;]<\/p>\n","protected":false},"author":71,"featured_media":12253,"comment_status":"open","ping_status":"open","sticky":false,"template":"","format":"standard","meta":{"footnotes":""},"categories":[8],"tags":[],"global-categories":[],"class_list":["post-12250","post","type-post","status-publish","format-standard","has-post-thumbnail","hentry","category-orszaguti-kerekpar"],"yoast_head":"<!-- This site is optimized with the Yoast SEO Premium plugin v25.3 (Yoast SEO v25.9) - https:\/\/yoast.com\/wordpress\/plugins\/seo\/ -->\n<title>Biztons\u00e1gosabb felf\u00fajhat\u00f3 kapukat a TdF-re!<\/title>\n<meta name=\"description\" content=\"2016-ban balesett okozott egy felf\u00fajhat\u00f3 kapu, amikor v\u00e1ratlanul \u00f6sszeomlott \u00e9s r\u00e1esett Adam Yates-re, lel\u00f6kve a ker\u00e9kp\u00e1rj\u00e1r\u00f3l. A szervez\u0151k az egyik n\u00e9z\u0151 \u00f6vcsatj\u00e1t okolt\u00e1k, de val\u00f3j\u00e1ban a fizika volt a b\u0171n\u00f6s. N\u00e9zz\u00fck meg, hogyan t\u00f6rt\u00e9nt \u00e9s mit lehet tenni a hasonl\u00f3 esetek megel\u0151z\u00e9s\u00e9re!\" \/>\n<meta name=\"robots\" content=\"index, follow, max-snippet:-1, max-image-preview:large, max-video-preview:-1\" \/>\n<link rel=\"canonical\" href=\"https:\/\/www.welovecycling.com\/hu\/orszaguti-kerekpar\/biztonsagosabb-felfujhato-kapukat-a-tdf-re\/\" \/>\n<meta property=\"og:locale\" content=\"hu_HU\" \/>\n<meta property=\"og:type\" content=\"article\" \/>\n<meta property=\"og:title\" content=\"Biztons\u00e1gosabb felf\u00fajhat\u00f3 kapukat a TdF-re!\" \/>\n<meta property=\"og:description\" content=\"2016-ban balesett okozott egy felf\u00fajhat\u00f3 kapu, amikor v\u00e1ratlanul \u00f6sszeomlott \u00e9s r\u00e1esett Adam Yates-re, lel\u00f6kve a ker\u00e9kp\u00e1rj\u00e1r\u00f3l. A szervez\u0151k az egyik n\u00e9z\u0151 \u00f6vcsatj\u00e1t okolt\u00e1k, de val\u00f3j\u00e1ban a fizika volt a b\u0171n\u00f6s. N\u00e9zz\u00fck meg, hogyan t\u00f6rt\u00e9nt \u00e9s mit lehet tenni a hasonl\u00f3 esetek megel\u0151z\u00e9s\u00e9re!\" \/>\n<meta property=\"og:url\" content=\"https:\/\/www.welovecycling.com\/hu\/orszaguti-kerekpar\/biztonsagosabb-felfujhato-kapukat-a-tdf-re\/\" \/>\n<meta property=\"og:site_name\" content=\"\u0160koda We Love Cycling - Magyarorsz\u00e1g\" \/>\n<meta property=\"article:publisher\" content=\"https:\/\/www.facebook.com\/WeLoveCyclingHungary\/\" \/>\n<meta property=\"article:published_time\" content=\"2021-08-24T06:00:05+00:00\" \/>\n<meta property=\"og:image\" content=\"https:\/\/d2p6e6u75xmxt8.cloudfront.net\/12\/2021\/08\/Adam-Yates-inflatable-arch-fall-profimedia-0293609068-CVR.jpg\" \/>\n\t<meta property=\"og:image:width\" content=\"1366\" \/>\n\t<meta property=\"og:image:height\" content=\"600\" \/>\n\t<meta property=\"og:image:type\" content=\"image\/jpeg\" \/>\n<meta name=\"author\" content=\"hegyizs\" \/>\n<meta name=\"twitter:card\" content=\"summary_large_image\" \/>\n<meta name=\"twitter:label1\" content=\"Written by\" \/>\n\t<meta name=\"twitter:data1\" content=\"Ji\u0159\u00ed Kalo\u010d\" \/>\n\t<meta name=\"twitter:label2\" content=\"Est. reading time\" \/>\n\t<meta name=\"twitter:data2\" content=\"5\" \/>\n<script type=\"application\/ld+json\" class=\"yoast-schema-graph\">{\"@context\":\"https:\/\/schema.org\",\"@graph\":[{\"@type\":\"WebPage\",\"@id\":\"https:\/\/www.welovecycling.com\/hu\/orszaguti-kerekpar\/biztonsagosabb-felfujhato-kapukat-a-tdf-re\/\",\"url\":\"https:\/\/www.welovecycling.com\/hu\/orszaguti-kerekpar\/biztonsagosabb-felfujhato-kapukat-a-tdf-re\/\",\"name\":\"Biztons\u00e1gosabb felf\u00fajhat\u00f3 kapukat a TdF-re!\",\"isPartOf\":{\"@id\":\"https:\/\/www.welovecycling.com\/hu\/#website\"},\"primaryImageOfPage\":{\"@id\":\"https:\/\/www.welovecycling.com\/hu\/orszaguti-kerekpar\/biztonsagosabb-felfujhato-kapukat-a-tdf-re\/#primaryimage\"},\"image\":{\"@id\":\"https:\/\/www.welovecycling.com\/hu\/orszaguti-kerekpar\/biztonsagosabb-felfujhato-kapukat-a-tdf-re\/#primaryimage\"},\"thumbnailUrl\":\"https:\/\/d2p6e6u75xmxt8.cloudfront.net\/12\/2021\/08\/Adam-Yates-inflatable-arch-fall-profimedia-0293609068-CVR.jpg\",\"datePublished\":\"2021-08-24T06:00:05+00:00\",\"author\":{\"@id\":\"https:\/\/www.welovecycling.com\/hu\/#\/schema\/person\/414a2aebf1801691a5320edb6468e194\"},\"description\":\"2016-ban balesett okozott egy felf\u00fajhat\u00f3 kapu, amikor v\u00e1ratlanul \u00f6sszeomlott \u00e9s r\u00e1esett Adam Yates-re, lel\u00f6kve a ker\u00e9kp\u00e1rj\u00e1r\u00f3l. A szervez\u0151k az egyik n\u00e9z\u0151 \u00f6vcsatj\u00e1t okolt\u00e1k, de val\u00f3j\u00e1ban a fizika volt a b\u0171n\u00f6s. N\u00e9zz\u00fck meg, hogyan t\u00f6rt\u00e9nt \u00e9s mit lehet tenni a hasonl\u00f3 esetek megel\u0151z\u00e9s\u00e9re!\",\"breadcrumb\":{\"@id\":\"https:\/\/www.welovecycling.com\/hu\/orszaguti-kerekpar\/biztonsagosabb-felfujhato-kapukat-a-tdf-re\/#breadcrumb\"},\"inLanguage\":\"hu\",\"potentialAction\":[{\"@type\":\"ReadAction\",\"target\":[\"https:\/\/www.welovecycling.com\/hu\/orszaguti-kerekpar\/biztonsagosabb-felfujhato-kapukat-a-tdf-re\/\"]}]},{\"@type\":\"ImageObject\",\"inLanguage\":\"hu\",\"@id\":\"https:\/\/www.welovecycling.com\/hu\/orszaguti-kerekpar\/biztonsagosabb-felfujhato-kapukat-a-tdf-re\/#primaryimage\",\"url\":\"https:\/\/d2p6e6u75xmxt8.cloudfront.net\/12\/2021\/08\/Adam-Yates-inflatable-arch-fall-profimedia-0293609068-CVR.jpg\",\"contentUrl\":\"https:\/\/d2p6e6u75xmxt8.cloudfront.net\/12\/2021\/08\/Adam-Yates-inflatable-arch-fall-profimedia-0293609068-CVR.jpg\",\"width\":1366,\"height\":600,\"caption\":\"Adam Yates\"},{\"@type\":\"BreadcrumbList\",\"@id\":\"https:\/\/www.welovecycling.com\/hu\/orszaguti-kerekpar\/biztonsagosabb-felfujhato-kapukat-a-tdf-re\/#breadcrumb\",\"itemListElement\":[{\"@type\":\"ListItem\",\"position\":1,\"name\":\"Home\",\"item\":\"https:\/\/www.welovecycling.com\/hu\/\"},{\"@type\":\"ListItem\",\"position\":2,\"name\":\"Biztons\u00e1gosabb felf\u00fajhat\u00f3 kapukat a TdF-re!\"}]},{\"@type\":\"WebSite\",\"@id\":\"https:\/\/www.welovecycling.com\/hu\/#website\",\"url\":\"https:\/\/www.welovecycling.com\/hu\/\",\"name\":\"\u0160koda We Love Cycling - Magyarorsz\u00e1g\",\"description\":\"\u0160koda WeLoveCycling\",\"potentialAction\":[{\"@type\":\"SearchAction\",\"target\":{\"@type\":\"EntryPoint\",\"urlTemplate\":\"https:\/\/www.welovecycling.com\/hu\/?s={search_term_string}\"},\"query-input\":{\"@type\":\"PropertyValueSpecification\",\"valueRequired\":true,\"valueName\":\"search_term_string\"}}],\"inLanguage\":\"hu\"},{\"@type\":\"Person\",\"@id\":\"https:\/\/www.welovecycling.com\/hu\/#\/schema\/person\/414a2aebf1801691a5320edb6468e194\",\"name\":\"hegyizs\",\"image\":{\"@type\":\"ImageObject\",\"inLanguage\":\"hu\",\"@id\":\"https:\/\/www.welovecycling.com\/hu\/#\/schema\/person\/image\/\",\"url\":\"https:\/\/secure.gravatar.com\/avatar\/02cf8a7906b8cf90cecb4679defac7cfd33a1c2e3b88e4903d947f3bb58eedd3?s=96&d=mm&r=g\",\"contentUrl\":\"https:\/\/secure.gravatar.com\/avatar\/02cf8a7906b8cf90cecb4679defac7cfd33a1c2e3b88e4903d947f3bb58eedd3?s=96&d=mm&r=g\",\"caption\":\"hegyizs\"},\"url\":\"https:\/\/www.welovecycling.com\/hu\/author\/hegyizs\/\"}]}<\/script>\n<!-- \/ Yoast SEO Premium plugin. -->","yoast_head_json":{"title":"Biztons\u00e1gosabb felf\u00fajhat\u00f3 kapukat a TdF-re!","description":"2016-ban balesett okozott egy felf\u00fajhat\u00f3 kapu, amikor v\u00e1ratlanul \u00f6sszeomlott \u00e9s r\u00e1esett Adam Yates-re, lel\u00f6kve a ker\u00e9kp\u00e1rj\u00e1r\u00f3l. A szervez\u0151k az egyik n\u00e9z\u0151 \u00f6vcsatj\u00e1t okolt\u00e1k, de val\u00f3j\u00e1ban a fizika volt a b\u0171n\u00f6s. N\u00e9zz\u00fck meg, hogyan t\u00f6rt\u00e9nt \u00e9s mit lehet tenni a hasonl\u00f3 esetek megel\u0151z\u00e9s\u00e9re!","robots":{"index":"index","follow":"follow","max-snippet":"max-snippet:-1","max-image-preview":"max-image-preview:large","max-video-preview":"max-video-preview:-1"},"canonical":"https:\/\/www.welovecycling.com\/hu\/orszaguti-kerekpar\/biztonsagosabb-felfujhato-kapukat-a-tdf-re\/","og_locale":"hu_HU","og_type":"article","og_title":"Biztons\u00e1gosabb felf\u00fajhat\u00f3 kapukat a TdF-re!","og_description":"2016-ban balesett okozott egy felf\u00fajhat\u00f3 kapu, amikor v\u00e1ratlanul \u00f6sszeomlott \u00e9s r\u00e1esett Adam Yates-re, lel\u00f6kve a ker\u00e9kp\u00e1rj\u00e1r\u00f3l. A szervez\u0151k az egyik n\u00e9z\u0151 \u00f6vcsatj\u00e1t okolt\u00e1k, de val\u00f3j\u00e1ban a fizika volt a b\u0171n\u00f6s. N\u00e9zz\u00fck meg, hogyan t\u00f6rt\u00e9nt \u00e9s mit lehet tenni a hasonl\u00f3 esetek megel\u0151z\u00e9s\u00e9re!","og_url":"https:\/\/www.welovecycling.com\/hu\/orszaguti-kerekpar\/biztonsagosabb-felfujhato-kapukat-a-tdf-re\/","og_site_name":"\u0160koda We Love Cycling - Magyarorsz\u00e1g","article_publisher":"https:\/\/www.facebook.com\/WeLoveCyclingHungary\/","article_published_time":"2021-08-24T06:00:05+00:00","og_image":[{"width":1366,"height":600,"url":"https:\/\/d2p6e6u75xmxt8.cloudfront.net\/12\/2021\/08\/Adam-Yates-inflatable-arch-fall-profimedia-0293609068-CVR.jpg","type":"image\/jpeg"}],"author":"hegyizs","twitter_card":"summary_large_image","twitter_misc":{"Written by":"Ji\u0159\u00ed Kalo\u010d","Est. reading time":"5"},"schema":{"@context":"https:\/\/schema.org","@graph":[{"@type":"WebPage","@id":"https:\/\/www.welovecycling.com\/hu\/orszaguti-kerekpar\/biztonsagosabb-felfujhato-kapukat-a-tdf-re\/","url":"https:\/\/www.welovecycling.com\/hu\/orszaguti-kerekpar\/biztonsagosabb-felfujhato-kapukat-a-tdf-re\/","name":"Biztons\u00e1gosabb felf\u00fajhat\u00f3 kapukat a TdF-re!","isPartOf":{"@id":"https:\/\/www.welovecycling.com\/hu\/#website"},"primaryImageOfPage":{"@id":"https:\/\/www.welovecycling.com\/hu\/orszaguti-kerekpar\/biztonsagosabb-felfujhato-kapukat-a-tdf-re\/#primaryimage"},"image":{"@id":"https:\/\/www.welovecycling.com\/hu\/orszaguti-kerekpar\/biztonsagosabb-felfujhato-kapukat-a-tdf-re\/#primaryimage"},"thumbnailUrl":"https:\/\/d2p6e6u75xmxt8.cloudfront.net\/12\/2021\/08\/Adam-Yates-inflatable-arch-fall-profimedia-0293609068-CVR.jpg","datePublished":"2021-08-24T06:00:05+00:00","author":{"@id":"https:\/\/www.welovecycling.com\/hu\/#\/schema\/person\/414a2aebf1801691a5320edb6468e194"},"description":"2016-ban balesett okozott egy felf\u00fajhat\u00f3 kapu, amikor v\u00e1ratlanul \u00f6sszeomlott \u00e9s r\u00e1esett Adam Yates-re, lel\u00f6kve a ker\u00e9kp\u00e1rj\u00e1r\u00f3l. A szervez\u0151k az egyik n\u00e9z\u0151 \u00f6vcsatj\u00e1t okolt\u00e1k, de val\u00f3j\u00e1ban a fizika volt a b\u0171n\u00f6s. N\u00e9zz\u00fck meg, hogyan t\u00f6rt\u00e9nt \u00e9s mit lehet tenni a hasonl\u00f3 esetek megel\u0151z\u00e9s\u00e9re!","breadcrumb":{"@id":"https:\/\/www.welovecycling.com\/hu\/orszaguti-kerekpar\/biztonsagosabb-felfujhato-kapukat-a-tdf-re\/#breadcrumb"},"inLanguage":"hu","potentialAction":[{"@type":"ReadAction","target":["https:\/\/www.welovecycling.com\/hu\/orszaguti-kerekpar\/biztonsagosabb-felfujhato-kapukat-a-tdf-re\/"]}]},{"@type":"ImageObject","inLanguage":"hu","@id":"https:\/\/www.welovecycling.com\/hu\/orszaguti-kerekpar\/biztonsagosabb-felfujhato-kapukat-a-tdf-re\/#primaryimage","url":"https:\/\/d2p6e6u75xmxt8.cloudfront.net\/12\/2021\/08\/Adam-Yates-inflatable-arch-fall-profimedia-0293609068-CVR.jpg","contentUrl":"https:\/\/d2p6e6u75xmxt8.cloudfront.net\/12\/2021\/08\/Adam-Yates-inflatable-arch-fall-profimedia-0293609068-CVR.jpg","width":1366,"height":600,"caption":"Adam Yates"},{"@type":"BreadcrumbList","@id":"https:\/\/www.welovecycling.com\/hu\/orszaguti-kerekpar\/biztonsagosabb-felfujhato-kapukat-a-tdf-re\/#breadcrumb","itemListElement":[{"@type":"ListItem","position":1,"name":"Home","item":"https:\/\/www.welovecycling.com\/hu\/"},{"@type":"ListItem","position":2,"name":"Biztons\u00e1gosabb felf\u00fajhat\u00f3 kapukat a TdF-re!"}]},{"@type":"WebSite","@id":"https:\/\/www.welovecycling.com\/hu\/#website","url":"https:\/\/www.welovecycling.com\/hu\/","name":"\u0160koda We Love Cycling - Magyarorsz\u00e1g","description":"\u0160koda WeLoveCycling","potentialAction":[{"@type":"SearchAction","target":{"@type":"EntryPoint","urlTemplate":"https:\/\/www.welovecycling.com\/hu\/?s={search_term_string}"},"query-input":{"@type":"PropertyValueSpecification","valueRequired":true,"valueName":"search_term_string"}}],"inLanguage":"hu"},{"@type":"Person","@id":"https:\/\/www.welovecycling.com\/hu\/#\/schema\/person\/414a2aebf1801691a5320edb6468e194","name":"hegyizs","image":{"@type":"ImageObject","inLanguage":"hu","@id":"https:\/\/www.welovecycling.com\/hu\/#\/schema\/person\/image\/","url":"https:\/\/secure.gravatar.com\/avatar\/02cf8a7906b8cf90cecb4679defac7cfd33a1c2e3b88e4903d947f3bb58eedd3?s=96&d=mm&r=g","contentUrl":"https:\/\/secure.gravatar.com\/avatar\/02cf8a7906b8cf90cecb4679defac7cfd33a1c2e3b88e4903d947f3bb58eedd3?s=96&d=mm&r=g","caption":"hegyizs"},"url":"https:\/\/www.welovecycling.com\/hu\/author\/hegyizs\/"}]}},"_links":{"self":[{"href":"https:\/\/www.welovecycling.com\/hu\/wp-json\/wp\/v2\/posts\/12250","targetHints":{"allow":["GET"]}}],"collection":[{"href":"https:\/\/www.welovecycling.com\/hu\/wp-json\/wp\/v2\/posts"}],"about":[{"href":"https:\/\/www.welovecycling.com\/hu\/wp-json\/wp\/v2\/types\/post"}],"author":[{"embeddable":true,"href":"https:\/\/www.welovecycling.com\/hu\/wp-json\/wp\/v2\/users\/71"}],"replies":[{"embeddable":true,"href":"https:\/\/www.welovecycling.com\/hu\/wp-json\/wp\/v2\/comments?post=12250"}],"version-history":[{"count":2,"href":"https:\/\/www.welovecycling.com\/hu\/wp-json\/wp\/v2\/posts\/12250\/revisions"}],"predecessor-version":[{"id":12274,"href":"https:\/\/www.welovecycling.com\/hu\/wp-json\/wp\/v2\/posts\/12250\/revisions\/12274"}],"wp:featuredmedia":[{"embeddable":true,"href":"https:\/\/www.welovecycling.com\/hu\/wp-json\/wp\/v2\/media\/12253"}],"wp:attachment":[{"href":"https:\/\/www.welovecycling.com\/hu\/wp-json\/wp\/v2\/media?parent=12250"}],"wp:term":[{"taxonomy":"category","embeddable":true,"href":"https:\/\/www.welovecycling.com\/hu\/wp-json\/wp\/v2\/categories?post=12250"},{"taxonomy":"post_tag","embeddable":true,"href":"https:\/\/www.welovecycling.com\/hu\/wp-json\/wp\/v2\/tags?post=12250"},{"taxonomy":"global-categories","embeddable":true,"href":"https:\/\/www.welovecycling.com\/hu\/wp-json\/wp\/v2\/global-categories?post=12250"}],"curies":[{"name":"wp","href":"https:\/\/api.w.org\/{rel}","templated":true}]}}