{"id":12244,"date":"2021-08-23T08:00:23","date_gmt":"2021-08-23T06:00:23","guid":{"rendered":"https:\/\/www.welovecycling.com\/hu\/?p=12244"},"modified":"2021-08-19T12:58:44","modified_gmt":"2021-08-19T10:58:44","slug":"elvezd-a-nyarat-nyeregben-a-fagyizas-kerdese","status":"publish","type":"post","link":"https:\/\/www.welovecycling.com\/hu\/edzes-es-eletmod\/elvezd-a-nyarat-nyeregben-a-fagyizas-kerdese\/","title":{"rendered":"\u00c9lvezd a nyarat nyeregben! \u2013 A fagyiz\u00e1s k\u00e9rd\u00e9se"},"content":{"rendered":"<p><strong>Kr\u00e9mes, hideg \u00e9s mindenki szereti. De tele van kal\u00f3ri\u00e1val, cukorral \u00e9s zs\u00edrral. Milyen h\u00e1tr\u00e1nyai vannak a t\u00fal sok fagyifogyaszt\u00e1snak? Van r\u00e1 m\u00f3d, hogy az eg\u00e9szs\u00e9ges ker\u00e9kp\u00e1ros \u00e9trend\u00fcnk r\u00e9szek\u00e9nt \u00e9p\u00edts\u00fck be ezt a h\u0171s\u00edt\u0151 nyal\u00e1nks\u00e1got?<\/strong><\/p>\n<p><!--more--><\/p>\n<h2><strong>Tele van cukorral<\/strong><\/h2>\n<p>A WHO javaslata szerint egy embernek \u00e1tlagosan a napi bevitt kal\u00f3ri\u00e1k 10%-\u00e1t, vagy 50 grammot teheti ki a cukor. Ez azt jelenti, hogy egy-k\u00e9t adag fagylalt k\u00f6nnyen \u00e1tl\u00e9pheti a limitet.<\/p>\n<figure id=\"attachment_12245\" aria-describedby=\"caption-attachment-12245\" style=\"width: 1024px\" class=\"wp-caption alignnone\"><a href=\"https:\/\/d2p6e6u75xmxt8.cloudfront.net\/2\/2021\/08\/Ice-cream-pexels-jean-balzan-675439.jpg\"><img loading=\"lazy\" decoding=\"async\" class=\"wp-image-12245 size-large\" src=\"https:\/\/d2p6e6u75xmxt8.cloudfront.net\/12\/2021\/08\/Ice-cream-pexels-jean-balzan-675439-1024x682.jpg\" alt=\"Ice cream\" width=\"1024\" height=\"682\" srcset=\"https:\/\/d2p6e6u75xmxt8.cloudfront.net\/12\/2021\/08\/Ice-cream-pexels-jean-balzan-675439-1024x682.jpg 1024w, https:\/\/d2p6e6u75xmxt8.cloudfront.net\/12\/2021\/08\/Ice-cream-pexels-jean-balzan-675439-300x200.jpg 300w, https:\/\/d2p6e6u75xmxt8.cloudfront.net\/12\/2021\/08\/Ice-cream-pexels-jean-balzan-675439-768x512.jpg 768w, https:\/\/d2p6e6u75xmxt8.cloudfront.net\/12\/2021\/08\/Ice-cream-pexels-jean-balzan-675439-272x182.jpg 272w, https:\/\/d2p6e6u75xmxt8.cloudfront.net\/12\/2021\/08\/Ice-cream-pexels-jean-balzan-675439.jpg 1280w\" sizes=\"auto, (max-width: 1024px) 100vw, 1024px\" \/><\/a><figcaption id=\"caption-attachment-12245\" class=\"wp-caption-text\">Mik a fagylalt h\u00e1tr\u00e1nyai?<\/figcaption><\/figure>\n<h2><strong>Tele van kal\u00f3ri\u00e1val<\/strong><\/h2>\n<p>A fagylalt magas zs\u00edr-\u00e9s cukortartalma \u00e9s alacsony rosttartalma miatt igaz\u00e1n kal\u00f3riad\u00fas. Nagyon \u00edzletes, de nem t\u00fal laktat\u00f3. K\u00f6nny\u0171 teh\u00e1t t\u00f6bben enni bel\u0151le a kellet\u00e9n\u00e9l!<\/p>\n<h2><strong>Tele van adal\u00e9kokkal (\u00e1ltal\u00e1ban)<\/strong><\/h2>\n<p>Sok fagylalt tartalmaz mesters\u00e9ges arom\u00e1kat \u00e9s adal\u00e9kanyagokat. Ezek k\u00f6z\u00fcl vannak olyanok, melyek negat\u00edv hat\u00e1ssal vannak az eg\u00e9szs\u00e9gre \u00e9s vannak, amik biztons\u00e1gosak. De m\u00e9gis ki ellen\u0151rizni egy gomb\u00f3c fagyi \u00f6sszetev\u0151it?<\/p>\n<h2><strong>Lehet bicikliz\u00e9s k\u00f6zben fagyizni?<\/strong><\/h2>\n<p>A sok kal\u00f3ria \u00e9s cukor probl\u00e9m\u00e1t jelenthet, ha eg\u00e9sz nap a kanap\u00e9n \u00fcld\u00f6g\u00e9lsz, de ha nyeregben vagy, nem \u00e1rthat, nem igaz? Azonban sajnos zs\u00edrban is nagyon gazdag \u00e9telr\u0151l van sz\u00f3. A zs\u00edr lelass\u00edtja az em\u00e9szt\u00e9st, ami pont az ellenkez\u0151je, mint amire bring\u00e1z\u00e1s k\u00f6zben sz\u00fcks\u00e9g\u00fcnk lenne. R\u00e1ad\u00e1sul sok embernek akad neh\u00e9zs\u00e9ge a lakt\u00f3z \u00e9s a tejcukor megem\u00e9szt\u00e9s\u00e9ben, ami rosszalkod\u00f3 gyomorhoz vezethet, ami ker\u00e9kp\u00e1ron m\u00e9g annyira sem kellemes, mint k\u00e9t l\u00e1bon.<\/p>\n<figure id=\"attachment_12246\" aria-describedby=\"caption-attachment-12246\" style=\"width: 1024px\" class=\"wp-caption alignnone\"><a href=\"https:\/\/d2p6e6u75xmxt8.cloudfront.net\/2\/2021\/08\/Ice-cream-pexels-jill-wellington-461189.jpg\"><img loading=\"lazy\" decoding=\"async\" class=\"wp-image-12246 size-large\" src=\"https:\/\/d2p6e6u75xmxt8.cloudfront.net\/12\/2021\/08\/Ice-cream-pexels-jill-wellington-461189-1024x682.jpg\" alt=\"Ice cream\" width=\"1024\" height=\"682\" srcset=\"https:\/\/d2p6e6u75xmxt8.cloudfront.net\/12\/2021\/08\/Ice-cream-pexels-jill-wellington-461189-1024x682.jpg 1024w, https:\/\/d2p6e6u75xmxt8.cloudfront.net\/12\/2021\/08\/Ice-cream-pexels-jill-wellington-461189-300x200.jpg 300w, https:\/\/d2p6e6u75xmxt8.cloudfront.net\/12\/2021\/08\/Ice-cream-pexels-jill-wellington-461189-768x512.jpg 768w, https:\/\/d2p6e6u75xmxt8.cloudfront.net\/12\/2021\/08\/Ice-cream-pexels-jill-wellington-461189-272x182.jpg 272w, https:\/\/d2p6e6u75xmxt8.cloudfront.net\/12\/2021\/08\/Ice-cream-pexels-jill-wellington-461189.jpg 1280w\" sizes=\"auto, (max-width: 1024px) 100vw, 1024px\" \/><\/a><figcaption id=\"caption-attachment-12246\" class=\"wp-caption-text\">Lehet, hogy nem a legjobb d\u00f6nt\u00e9s bicikliz\u00e9s k\u00f6zben fagyizni.<\/figcaption><\/figure>\n<p>Teh\u00e1t, ha versenyezni szeretn\u00e9l, vagy a lehet\u0151 legt\u00f6bbet kihozni a teker\u00e9sedb\u0151l, nem a legjobb \u00f6tlet fagyizni menet k\u00f6zben. Ha viszont csak egy nyugodt kir\u00e1ndul\u00e1sra indulsz \u00e9s van id\u0151d rendesen megem\u00e9szteni, akkor val\u00f3sz\u00edn\u0171leg nem fog \u00e1rtani egy kis fagyi.<\/p>\n<h2><strong>Hogyan \u00e9lvezd ki a legjobban?<\/strong><\/h2>\n<p>\u00cdme, n\u00e9h\u00e1ny tipp, melyek seg\u00edtenek elker\u00fclni a fagylalt egyes h\u00e1tr\u00e1nyait, \u00e9s a lehet\u0151 legt\u00f6bbet kihozni az \u00e9lm\u00e9nyb\u0151l.<\/p>\n<h4><strong>Ne egy\u00e9l egyszerre t\u00fal sokat!<\/strong><\/h4>\n<p>Pr\u00f3b\u00e1lj egy adagn\u00e1l meg\u00e1llni! Egyr\u00e9szt seg\u00edt, hogy k\u00f6nnyebben megem\u00e9szd, \u00e9s hogy ne l\u00e9pd t\u00fal a cukor-limited, m\u00e1sr\u00e9szt pedig \u00edgy tudod igaz\u00e1n ki\u00e9lvezni az \u00edz\u00e9t: ha t\u00fal sokat eszel bel\u0151le, a v\u00e9g\u00e9re lefagy a nyelved \u00e9s nem fogod \u00e9rezni az \u00edzes\u00edt\u00e9st.<\/p>\n<figure id=\"attachment_12247\" aria-describedby=\"caption-attachment-12247\" style=\"width: 1024px\" class=\"wp-caption alignnone\"><a href=\"https:\/\/d2p6e6u75xmxt8.cloudfront.net\/2\/2021\/08\/Ice-cream-pexels-maria-orlova-4916466.jpg\"><img loading=\"lazy\" decoding=\"async\" class=\"wp-image-12247 size-large\" src=\"https:\/\/d2p6e6u75xmxt8.cloudfront.net\/12\/2021\/08\/Ice-cream-pexels-maria-orlova-4916466-1024x682.jpg\" alt=\"Ice cream\" width=\"1024\" height=\"682\" srcset=\"https:\/\/d2p6e6u75xmxt8.cloudfront.net\/12\/2021\/08\/Ice-cream-pexels-maria-orlova-4916466-1024x682.jpg 1024w, https:\/\/d2p6e6u75xmxt8.cloudfront.net\/12\/2021\/08\/Ice-cream-pexels-maria-orlova-4916466-300x200.jpg 300w, https:\/\/d2p6e6u75xmxt8.cloudfront.net\/12\/2021\/08\/Ice-cream-pexels-maria-orlova-4916466-768x512.jpg 768w, https:\/\/d2p6e6u75xmxt8.cloudfront.net\/12\/2021\/08\/Ice-cream-pexels-maria-orlova-4916466-272x182.jpg 272w, https:\/\/d2p6e6u75xmxt8.cloudfront.net\/12\/2021\/08\/Ice-cream-pexels-maria-orlova-4916466.jpg 1280w\" sizes=\"auto, (max-width: 1024px) 100vw, 1024px\" \/><\/a><figcaption id=\"caption-attachment-12247\" class=\"wp-caption-text\">Ne egy\u00e9l bel\u0151le t\u00fal sokat!<\/figcaption><\/figure>\n<h2><strong>Csak lassan!<\/strong><\/h2>\n<p>Ha t\u00fal gyorsan falsz, agyfagy\u00e1sod lehet, ami k\u00f6nnyen elrontja az \u00e9lm\u00e9nyt. Ha lass\u00edtasz, akkor viszont megel\u0151zheted ezt, \u00e9s igaz\u00e1n ki\u00e9lvezheted az \u00edzvil\u00e1got, amibe annyi munk\u00e1t \u00f6lt a fagylalt k\u00e9sz\u00edt\u0151je!<\/p>\n<h2><strong>Szeresd a t\u00f6lcs\u00e9rt!<\/strong><\/h2>\n<p>A fagyit alapvet\u0151en nyalni kell. Erre sz\u00e1nt\u00e1k. A t\u00f6lcs\u00e9rek pedig csod\u00e1latosak! T\u00f6k\u00e9letess\u00e9 teszik a pillanatot \u00e9s elfogyaszt\u00e1suk plusz id\u0151t ad a pihen\u00e9sre. Ha a t\u00f6lcs\u00e9r nem opci\u00f3, a kan\u00e1l is ok\u00e9, de ne v\u00e1lassz f\u00e9met, mert azok gyorsabban vezetik a h\u0151t \u00e9s \u00edgy hamarabb el fog t\u0151l\u00fck olvadni a fagyid.<\/p>\n<h2><strong>Olvasd el az \u00f6sszetev\u0151ket!<\/strong><\/h2>\n<p>Ha boltban v\u00e1s\u00e1rolsz magadnak fagylaltot, haszn\u00e1ld ki a lehet\u0151s\u00e9get, \u00e9s olvasd el az \u00f6sszetev\u0151it \u00e9s a t\u00e1panyagtartalm\u00e1t! Olyan term\u00e9ket v\u00e1lassz, ami val\u00f3di alapanyagokb\u00f3l k\u00e9sz\u00fclt, p\u00e9ld\u00e1ul tejb\u0151l, tejsz\u00ednb\u0151l, kaka\u00f3b\u00f3l vagy van\u00edli\u00e1b\u00f3l, \u00e9s a lehet\u0151 legkevesebb mesters\u00e9ges anyagot tartalmazza!<\/p>\n","protected":false},"excerpt":{"rendered":"<p>Kr\u00e9mes, hideg \u00e9s mindenki szereti. De tele van kal\u00f3ri\u00e1val, cukorral \u00e9s zs\u00edrral. Milyen h\u00e1tr\u00e1nyai vannak a t\u00fal sok fagyifogyaszt\u00e1snak? Van [&hellip;]<\/p>\n","protected":false},"author":71,"featured_media":12249,"comment_status":"closed","ping_status":"closed","sticky":false,"template":"","format":"standard","meta":{"footnotes":""},"categories":[6],"tags":[],"global-categories":[],"class_list":["post-12244","post","type-post","status-publish","format-standard","has-post-thumbnail","hentry","category-edzes-es-eletmod"],"yoast_head":"<!-- This site is optimized with the Yoast SEO Premium plugin v25.3 (Yoast SEO v25.9) - https:\/\/yoast.com\/wordpress\/plugins\/seo\/ -->\n<title>\u00c9lvezd a nyarat nyeregben! \u2013 A fagyiz\u00e1s k\u00e9rd\u00e9se - We Love Cycling<\/title>\n<meta name=\"description\" content=\"Kr\u00e9mes, hideg \u00e9s mindenki szereti. De tele van kal\u00f3ri\u00e1val, cukorral \u00e9s zs\u00edrral. Milyen h\u00e1tr\u00e1nyai vannak a t\u00fal sok fagyifogyaszt\u00e1snak? Van r\u00e1 m\u00f3d, hogy az eg\u00e9szs\u00e9ges ker\u00e9kp\u00e1ros \u00e9trend\u00fcnk r\u00e9szek\u00e9nt \u00e9p\u00edts\u00fck be ezt a h\u0171s\u00edt\u0151 nyal\u00e1nks\u00e1got?\" \/>\n<meta name=\"robots\" content=\"index, follow, max-snippet:-1, max-image-preview:large, max-video-preview:-1\" \/>\n<link rel=\"canonical\" href=\"https:\/\/www.welovecycling.com\/hu\/edzes-es-eletmod\/elvezd-a-nyarat-nyeregben-a-fagyizas-kerdese\/\" \/>\n<meta property=\"og:locale\" content=\"hu_HU\" \/>\n<meta property=\"og:type\" content=\"article\" \/>\n<meta property=\"og:title\" content=\"\u00c9lvezd a nyarat nyeregben! \u2013 A fagyiz\u00e1s k\u00e9rd\u00e9se\" \/>\n<meta property=\"og:description\" content=\"Kr\u00e9mes, hideg \u00e9s mindenki szereti. De tele van kal\u00f3ri\u00e1val, cukorral \u00e9s zs\u00edrral. Milyen h\u00e1tr\u00e1nyai vannak a t\u00fal sok fagyifogyaszt\u00e1snak? Van r\u00e1 m\u00f3d, hogy az eg\u00e9szs\u00e9ges ker\u00e9kp\u00e1ros \u00e9trend\u00fcnk r\u00e9szek\u00e9nt \u00e9p\u00edts\u00fck be ezt a h\u0171s\u00edt\u0151 nyal\u00e1nks\u00e1got?\" \/>\n<meta property=\"og:url\" content=\"https:\/\/www.welovecycling.com\/hu\/edzes-es-eletmod\/elvezd-a-nyarat-nyeregben-a-fagyizas-kerdese\/\" \/>\n<meta property=\"og:site_name\" content=\"\u0160koda We Love Cycling - Magyarorsz\u00e1g\" \/>\n<meta property=\"article:publisher\" content=\"https:\/\/www.facebook.com\/WeLoveCyclingHungary\/\" \/>\n<meta property=\"article:published_time\" content=\"2021-08-23T06:00:23+00:00\" \/>\n<meta property=\"og:image\" content=\"https:\/\/d2p6e6u75xmxt8.cloudfront.net\/12\/2021\/08\/Ice-cream-pexels-jeshoots-3631-CVR.jpg\" \/>\n\t<meta property=\"og:image:width\" content=\"1366\" \/>\n\t<meta property=\"og:image:height\" content=\"600\" \/>\n\t<meta property=\"og:image:type\" content=\"image\/jpeg\" \/>\n<meta name=\"author\" content=\"hegyizs\" \/>\n<meta name=\"twitter:card\" content=\"summary_large_image\" \/>\n<meta name=\"twitter:label1\" content=\"Written by\" \/>\n\t<meta name=\"twitter:data1\" content=\"Ji\u0159\u00ed Kalo\u010d\" \/>\n\t<meta name=\"twitter:label2\" content=\"Est. reading time\" \/>\n\t<meta name=\"twitter:data2\" content=\"5\" \/>\n<script type=\"application\/ld+json\" class=\"yoast-schema-graph\">{\"@context\":\"https:\/\/schema.org\",\"@graph\":[{\"@type\":\"WebPage\",\"@id\":\"https:\/\/www.welovecycling.com\/hu\/edzes-es-eletmod\/elvezd-a-nyarat-nyeregben-a-fagyizas-kerdese\/\",\"url\":\"https:\/\/www.welovecycling.com\/hu\/edzes-es-eletmod\/elvezd-a-nyarat-nyeregben-a-fagyizas-kerdese\/\",\"name\":\"\u00c9lvezd a nyarat nyeregben! \u2013 A fagyiz\u00e1s k\u00e9rd\u00e9se - We Love Cycling\",\"isPartOf\":{\"@id\":\"https:\/\/www.welovecycling.com\/hu\/#website\"},\"primaryImageOfPage\":{\"@id\":\"https:\/\/www.welovecycling.com\/hu\/edzes-es-eletmod\/elvezd-a-nyarat-nyeregben-a-fagyizas-kerdese\/#primaryimage\"},\"image\":{\"@id\":\"https:\/\/www.welovecycling.com\/hu\/edzes-es-eletmod\/elvezd-a-nyarat-nyeregben-a-fagyizas-kerdese\/#primaryimage\"},\"thumbnailUrl\":\"https:\/\/d2p6e6u75xmxt8.cloudfront.net\/12\/2021\/08\/Ice-cream-pexels-jeshoots-3631-CVR.jpg\",\"datePublished\":\"2021-08-23T06:00:23+00:00\",\"author\":{\"@id\":\"https:\/\/www.welovecycling.com\/hu\/#\/schema\/person\/414a2aebf1801691a5320edb6468e194\"},\"description\":\"Kr\u00e9mes, hideg \u00e9s mindenki szereti. De tele van kal\u00f3ri\u00e1val, cukorral \u00e9s zs\u00edrral. Milyen h\u00e1tr\u00e1nyai vannak a t\u00fal sok fagyifogyaszt\u00e1snak? Van r\u00e1 m\u00f3d, hogy az eg\u00e9szs\u00e9ges ker\u00e9kp\u00e1ros \u00e9trend\u00fcnk r\u00e9szek\u00e9nt \u00e9p\u00edts\u00fck be ezt a h\u0171s\u00edt\u0151 nyal\u00e1nks\u00e1got?\",\"breadcrumb\":{\"@id\":\"https:\/\/www.welovecycling.com\/hu\/edzes-es-eletmod\/elvezd-a-nyarat-nyeregben-a-fagyizas-kerdese\/#breadcrumb\"},\"inLanguage\":\"hu\",\"potentialAction\":[{\"@type\":\"ReadAction\",\"target\":[\"https:\/\/www.welovecycling.com\/hu\/edzes-es-eletmod\/elvezd-a-nyarat-nyeregben-a-fagyizas-kerdese\/\"]}]},{\"@type\":\"ImageObject\",\"inLanguage\":\"hu\",\"@id\":\"https:\/\/www.welovecycling.com\/hu\/edzes-es-eletmod\/elvezd-a-nyarat-nyeregben-a-fagyizas-kerdese\/#primaryimage\",\"url\":\"https:\/\/d2p6e6u75xmxt8.cloudfront.net\/12\/2021\/08\/Ice-cream-pexels-jeshoots-3631-CVR.jpg\",\"contentUrl\":\"https:\/\/d2p6e6u75xmxt8.cloudfront.net\/12\/2021\/08\/Ice-cream-pexels-jeshoots-3631-CVR.jpg\",\"width\":1366,\"height\":600,\"caption\":\"Ice cream\"},{\"@type\":\"BreadcrumbList\",\"@id\":\"https:\/\/www.welovecycling.com\/hu\/edzes-es-eletmod\/elvezd-a-nyarat-nyeregben-a-fagyizas-kerdese\/#breadcrumb\",\"itemListElement\":[{\"@type\":\"ListItem\",\"position\":1,\"name\":\"Home\",\"item\":\"https:\/\/www.welovecycling.com\/hu\/\"},{\"@type\":\"ListItem\",\"position\":2,\"name\":\"\u00c9lvezd a nyarat nyeregben! \u2013 A fagyiz\u00e1s k\u00e9rd\u00e9se\"}]},{\"@type\":\"WebSite\",\"@id\":\"https:\/\/www.welovecycling.com\/hu\/#website\",\"url\":\"https:\/\/www.welovecycling.com\/hu\/\",\"name\":\"\u0160koda We Love Cycling - Magyarorsz\u00e1g\",\"description\":\"\u0160koda WeLoveCycling\",\"potentialAction\":[{\"@type\":\"SearchAction\",\"target\":{\"@type\":\"EntryPoint\",\"urlTemplate\":\"https:\/\/www.welovecycling.com\/hu\/?s={search_term_string}\"},\"query-input\":{\"@type\":\"PropertyValueSpecification\",\"valueRequired\":true,\"valueName\":\"search_term_string\"}}],\"inLanguage\":\"hu\"},{\"@type\":\"Person\",\"@id\":\"https:\/\/www.welovecycling.com\/hu\/#\/schema\/person\/414a2aebf1801691a5320edb6468e194\",\"name\":\"hegyizs\",\"image\":{\"@type\":\"ImageObject\",\"inLanguage\":\"hu\",\"@id\":\"https:\/\/www.welovecycling.com\/hu\/#\/schema\/person\/image\/\",\"url\":\"https:\/\/secure.gravatar.com\/avatar\/02cf8a7906b8cf90cecb4679defac7cfd33a1c2e3b88e4903d947f3bb58eedd3?s=96&d=mm&r=g\",\"contentUrl\":\"https:\/\/secure.gravatar.com\/avatar\/02cf8a7906b8cf90cecb4679defac7cfd33a1c2e3b88e4903d947f3bb58eedd3?s=96&d=mm&r=g\",\"caption\":\"hegyizs\"},\"url\":\"https:\/\/www.welovecycling.com\/hu\/author\/hegyizs\/\"}]}<\/script>\n<!-- \/ Yoast SEO Premium plugin. -->","yoast_head_json":{"title":"\u00c9lvezd a nyarat nyeregben! \u2013 A fagyiz\u00e1s k\u00e9rd\u00e9se - We Love Cycling","description":"Kr\u00e9mes, hideg \u00e9s mindenki szereti. De tele van kal\u00f3ri\u00e1val, cukorral \u00e9s zs\u00edrral. Milyen h\u00e1tr\u00e1nyai vannak a t\u00fal sok fagyifogyaszt\u00e1snak? Van r\u00e1 m\u00f3d, hogy az eg\u00e9szs\u00e9ges ker\u00e9kp\u00e1ros \u00e9trend\u00fcnk r\u00e9szek\u00e9nt \u00e9p\u00edts\u00fck be ezt a h\u0171s\u00edt\u0151 nyal\u00e1nks\u00e1got?","robots":{"index":"index","follow":"follow","max-snippet":"max-snippet:-1","max-image-preview":"max-image-preview:large","max-video-preview":"max-video-preview:-1"},"canonical":"https:\/\/www.welovecycling.com\/hu\/edzes-es-eletmod\/elvezd-a-nyarat-nyeregben-a-fagyizas-kerdese\/","og_locale":"hu_HU","og_type":"article","og_title":"\u00c9lvezd a nyarat nyeregben! \u2013 A fagyiz\u00e1s k\u00e9rd\u00e9se","og_description":"Kr\u00e9mes, hideg \u00e9s mindenki szereti. De tele van kal\u00f3ri\u00e1val, cukorral \u00e9s zs\u00edrral. Milyen h\u00e1tr\u00e1nyai vannak a t\u00fal sok fagyifogyaszt\u00e1snak? Van r\u00e1 m\u00f3d, hogy az eg\u00e9szs\u00e9ges ker\u00e9kp\u00e1ros \u00e9trend\u00fcnk r\u00e9szek\u00e9nt \u00e9p\u00edts\u00fck be ezt a h\u0171s\u00edt\u0151 nyal\u00e1nks\u00e1got?","og_url":"https:\/\/www.welovecycling.com\/hu\/edzes-es-eletmod\/elvezd-a-nyarat-nyeregben-a-fagyizas-kerdese\/","og_site_name":"\u0160koda We Love Cycling - Magyarorsz\u00e1g","article_publisher":"https:\/\/www.facebook.com\/WeLoveCyclingHungary\/","article_published_time":"2021-08-23T06:00:23+00:00","og_image":[{"width":1366,"height":600,"url":"https:\/\/d2p6e6u75xmxt8.cloudfront.net\/12\/2021\/08\/Ice-cream-pexels-jeshoots-3631-CVR.jpg","type":"image\/jpeg"}],"author":"hegyizs","twitter_card":"summary_large_image","twitter_misc":{"Written by":"Ji\u0159\u00ed Kalo\u010d","Est. reading time":"5"},"schema":{"@context":"https:\/\/schema.org","@graph":[{"@type":"WebPage","@id":"https:\/\/www.welovecycling.com\/hu\/edzes-es-eletmod\/elvezd-a-nyarat-nyeregben-a-fagyizas-kerdese\/","url":"https:\/\/www.welovecycling.com\/hu\/edzes-es-eletmod\/elvezd-a-nyarat-nyeregben-a-fagyizas-kerdese\/","name":"\u00c9lvezd a nyarat nyeregben! \u2013 A fagyiz\u00e1s k\u00e9rd\u00e9se - We Love Cycling","isPartOf":{"@id":"https:\/\/www.welovecycling.com\/hu\/#website"},"primaryImageOfPage":{"@id":"https:\/\/www.welovecycling.com\/hu\/edzes-es-eletmod\/elvezd-a-nyarat-nyeregben-a-fagyizas-kerdese\/#primaryimage"},"image":{"@id":"https:\/\/www.welovecycling.com\/hu\/edzes-es-eletmod\/elvezd-a-nyarat-nyeregben-a-fagyizas-kerdese\/#primaryimage"},"thumbnailUrl":"https:\/\/d2p6e6u75xmxt8.cloudfront.net\/12\/2021\/08\/Ice-cream-pexels-jeshoots-3631-CVR.jpg","datePublished":"2021-08-23T06:00:23+00:00","author":{"@id":"https:\/\/www.welovecycling.com\/hu\/#\/schema\/person\/414a2aebf1801691a5320edb6468e194"},"description":"Kr\u00e9mes, hideg \u00e9s mindenki szereti. De tele van kal\u00f3ri\u00e1val, cukorral \u00e9s zs\u00edrral. Milyen h\u00e1tr\u00e1nyai vannak a t\u00fal sok fagyifogyaszt\u00e1snak? Van r\u00e1 m\u00f3d, hogy az eg\u00e9szs\u00e9ges ker\u00e9kp\u00e1ros \u00e9trend\u00fcnk r\u00e9szek\u00e9nt \u00e9p\u00edts\u00fck be ezt a h\u0171s\u00edt\u0151 nyal\u00e1nks\u00e1got?","breadcrumb":{"@id":"https:\/\/www.welovecycling.com\/hu\/edzes-es-eletmod\/elvezd-a-nyarat-nyeregben-a-fagyizas-kerdese\/#breadcrumb"},"inLanguage":"hu","potentialAction":[{"@type":"ReadAction","target":["https:\/\/www.welovecycling.com\/hu\/edzes-es-eletmod\/elvezd-a-nyarat-nyeregben-a-fagyizas-kerdese\/"]}]},{"@type":"ImageObject","inLanguage":"hu","@id":"https:\/\/www.welovecycling.com\/hu\/edzes-es-eletmod\/elvezd-a-nyarat-nyeregben-a-fagyizas-kerdese\/#primaryimage","url":"https:\/\/d2p6e6u75xmxt8.cloudfront.net\/12\/2021\/08\/Ice-cream-pexels-jeshoots-3631-CVR.jpg","contentUrl":"https:\/\/d2p6e6u75xmxt8.cloudfront.net\/12\/2021\/08\/Ice-cream-pexels-jeshoots-3631-CVR.jpg","width":1366,"height":600,"caption":"Ice cream"},{"@type":"BreadcrumbList","@id":"https:\/\/www.welovecycling.com\/hu\/edzes-es-eletmod\/elvezd-a-nyarat-nyeregben-a-fagyizas-kerdese\/#breadcrumb","itemListElement":[{"@type":"ListItem","position":1,"name":"Home","item":"https:\/\/www.welovecycling.com\/hu\/"},{"@type":"ListItem","position":2,"name":"\u00c9lvezd a nyarat nyeregben! \u2013 A fagyiz\u00e1s k\u00e9rd\u00e9se"}]},{"@type":"WebSite","@id":"https:\/\/www.welovecycling.com\/hu\/#website","url":"https:\/\/www.welovecycling.com\/hu\/","name":"\u0160koda We Love Cycling - Magyarorsz\u00e1g","description":"\u0160koda WeLoveCycling","potentialAction":[{"@type":"SearchAction","target":{"@type":"EntryPoint","urlTemplate":"https:\/\/www.welovecycling.com\/hu\/?s={search_term_string}"},"query-input":{"@type":"PropertyValueSpecification","valueRequired":true,"valueName":"search_term_string"}}],"inLanguage":"hu"},{"@type":"Person","@id":"https:\/\/www.welovecycling.com\/hu\/#\/schema\/person\/414a2aebf1801691a5320edb6468e194","name":"hegyizs","image":{"@type":"ImageObject","inLanguage":"hu","@id":"https:\/\/www.welovecycling.com\/hu\/#\/schema\/person\/image\/","url":"https:\/\/secure.gravatar.com\/avatar\/02cf8a7906b8cf90cecb4679defac7cfd33a1c2e3b88e4903d947f3bb58eedd3?s=96&d=mm&r=g","contentUrl":"https:\/\/secure.gravatar.com\/avatar\/02cf8a7906b8cf90cecb4679defac7cfd33a1c2e3b88e4903d947f3bb58eedd3?s=96&d=mm&r=g","caption":"hegyizs"},"url":"https:\/\/www.welovecycling.com\/hu\/author\/hegyizs\/"}]}},"_links":{"self":[{"href":"https:\/\/www.welovecycling.com\/hu\/wp-json\/wp\/v2\/posts\/12244","targetHints":{"allow":["GET"]}}],"collection":[{"href":"https:\/\/www.welovecycling.com\/hu\/wp-json\/wp\/v2\/posts"}],"about":[{"href":"https:\/\/www.welovecycling.com\/hu\/wp-json\/wp\/v2\/types\/post"}],"author":[{"embeddable":true,"href":"https:\/\/www.welovecycling.com\/hu\/wp-json\/wp\/v2\/users\/71"}],"replies":[{"embeddable":true,"href":"https:\/\/www.welovecycling.com\/hu\/wp-json\/wp\/v2\/comments?post=12244"}],"version-history":[{"count":2,"href":"https:\/\/www.welovecycling.com\/hu\/wp-json\/wp\/v2\/posts\/12244\/revisions"}],"predecessor-version":[{"id":12272,"href":"https:\/\/www.welovecycling.com\/hu\/wp-json\/wp\/v2\/posts\/12244\/revisions\/12272"}],"wp:featuredmedia":[{"embeddable":true,"href":"https:\/\/www.welovecycling.com\/hu\/wp-json\/wp\/v2\/media\/12249"}],"wp:attachment":[{"href":"https:\/\/www.welovecycling.com\/hu\/wp-json\/wp\/v2\/media?parent=12244"}],"wp:term":[{"taxonomy":"category","embeddable":true,"href":"https:\/\/www.welovecycling.com\/hu\/wp-json\/wp\/v2\/categories?post=12244"},{"taxonomy":"post_tag","embeddable":true,"href":"https:\/\/www.welovecycling.com\/hu\/wp-json\/wp\/v2\/tags?post=12244"},{"taxonomy":"global-categories","embeddable":true,"href":"https:\/\/www.welovecycling.com\/hu\/wp-json\/wp\/v2\/global-categories?post=12244"}],"curies":[{"name":"wp","href":"https:\/\/api.w.org\/{rel}","templated":true}]}}