{"id":12231,"date":"2021-08-13T15:09:49","date_gmt":"2021-08-13T13:09:49","guid":{"rendered":"https:\/\/www.welovecycling.com\/hu\/?p=12231"},"modified":"2021-08-13T15:22:30","modified_gmt":"2021-08-13T13:22:30","slug":"roglic-kontra-bernal-avagy-jon-az-ev-utolso-haromhetese-a-vuelta","status":"publish","type":"post","link":"https:\/\/www.welovecycling.com\/hu\/orszaguti-kerekpar\/roglic-kontra-bernal-avagy-jon-az-ev-utolso-haromhetese-a-vuelta\/","title":{"rendered":"Roglic kontra Bernal, avagy j\u00f6n az \u00e9v utols\u00f3 h\u00e1romhetese, a Vuelta!"},"content":{"rendered":"<p><strong>A szombaton elrajtol\u00f3 spanyol k\u00f6rverseny legnagyobb k\u00e9rd\u00e9se, hogy vajon Primoz Roglicnak vagy Egan Bernalnak siker\u00fcl-e t\u00f6rt\u00e9nelmet \u00edrnia. Az idei Vuelta a friss olimpiai bajnokok csat\u00e1ja is lesz egyben, hiszen Roglic mellett Richard Carapaz \u00e9s a deb\u00fct\u00e1ns Tom Pidcock is ott van a mez\u0151nyben.<\/strong><!--more--><\/p>\n<p>Szombaton elrajtol az \u00e9v utols\u00f3 h\u00e1romhetes k\u00f6rversenye \u2013 amely az id\u00e9n ism\u00e9t val\u00f3ban h\u00e1romhetes lesz.<\/p>\n<p>Tavaly a koronav\u00edrus-j\u00e1rv\u00e1ny miatt a Vuelta h\u00fazta a legr\u00f6videbbet a h\u00e1rom Grand Tour k\u00f6z\u00fcl: a k\u00e9nyszerb\u0151l eleve embertelen id\u0151pontra, okt\u00f3ber 20. \u00e9s november 8. k\u00f6z\u00e9 pakolt viadalt le kellett r\u00f6vid\u00edteni 21 helyett 18 szakaszosra, \u00edgy most \u00f6nmag\u00e1ban \u00f6r\u00fclni kell m\u00e1r annak is, hogy \u00fajra a versenynapt\u00e1r megszokott hely\u00e9n tal\u00e1ljuk, a megszokott 21 szakasszal, a megszokott rekken\u0151 h\u0151s\u00e9ggel, oldalszeles szakaszokkal, \u00e9s a hasonl\u00f3 elmaradhatatlan finoms\u00e1gokkal.<\/p>\n<p>\u00cdgy is akadnak azonban rendhagy\u00f3 meglepet\u00e9sek \u2013 \u00e1m ezek szerencs\u00e9re m\u00e1r sokkal pozit\u00edvabbak, mint a tavalyiak.<\/p>\n<p>Lesz p\u00e9ld\u00e1ul \u00faj hegy a programban \u2013 a 18. etap z\u00e1r\u00f3 emelked\u0151je, a brut\u00e1lisnak \u00edg\u00e9rkez\u0151, 15 kilom\u00e9ter hossz\u00fa, kiemelt kateg\u00f3ri\u00e1s Alto del Gamoniterio ak\u00e1r d\u00f6nt\u0151nek is bizonyulhat \u2013, de az sem mindennapi, hogy id\u0151futammal kezd\u0151dj\u00f6n \u00e9s azzal is z\u00e1ruljon a Vuelta. Ut\u00f3bbira h\u00fasz \u00e9ve nem volt p\u00e9lda, m\u00e1rpedig a \u201919-es Tour de France \u00f3ta tudjuk, hogy egy j\u00f3 kis id\u0151futam m\u00e9g a v\u00e9g\u00e9n is alaposan megkavarhatja a lapokat, f\u0151leg egy olyan hossz\u00fa, 30 km f\u00f6l\u00f6tti, mint amilyen a mostani z\u00e1r\u00e1s lesz.<\/p>\n<figure id=\"attachment_12232\" aria-describedby=\"caption-attachment-12232\" style=\"width: 1000px\" class=\"wp-caption alignnone\"><a href=\"https:\/\/d2p6e6u75xmxt8.cloudfront.net\/12\/2021\/08\/08-13-wlc-vuelta-2.jpg\"><img loading=\"lazy\" decoding=\"async\" class=\"wp-image-12232 size-full\" src=\"https:\/\/d2p6e6u75xmxt8.cloudfront.net\/12\/2021\/08\/08-13-wlc-vuelta-2.jpg\" alt=\"\" width=\"1000\" height=\"647\" srcset=\"https:\/\/d2p6e6u75xmxt8.cloudfront.net\/12\/2021\/08\/08-13-wlc-vuelta-2.jpg 1000w, https:\/\/d2p6e6u75xmxt8.cloudfront.net\/12\/2021\/08\/08-13-wlc-vuelta-2-300x194.jpg 300w, https:\/\/d2p6e6u75xmxt8.cloudfront.net\/12\/2021\/08\/08-13-wlc-vuelta-2-768x497.jpg 768w\" sizes=\"auto, (max-width: 1000px) 100vw, 1000px\" \/><\/a><figcaption id=\"caption-attachment-12232\" class=\"wp-caption-text\">A rettegett hegy, az Alto del Gamoniteiro (forr\u00e1s: Ciclismo Epico)<\/figcaption><\/figure>\n<p>Noha a rendk\u00edv\u00fcl fesz\u00edtett menetrend, a Tour de France ut\u00e1n alig egy h\u00e9ttel megrendezett toki\u00f3i olimpia miatt ez\u00fattal tal\u00e1n kisebb figyelem ir\u00e1nyul a Vuelt\u00e1ra, mint m\u00e1skor, \u00e9s sz\u00e1mos nagy n\u00e9v is visszamondta r\u00e9szv\u00e9tel\u00e9t (k\u00f6zt\u00fck a Tour-c\u00edmv\u00e9d\u0151, az olimpia mez\u0151nyverseny\u00e9n bronz\u00e9rmet szerz\u0151 Tadej Pogacar is), \u00edgy is \u2013 vagy pont ez\u00e9rt \u2013 nagy harc v\u00e1rhat\u00f3 a piros trik\u00f3\u00e9rt.<\/p>\n<p>A legnagyobb es\u00e9lyes egy\u00e9rtelm\u0171en a c\u00edmv\u00e9d\u0151 \u00e9s a tr\u00f3nk\u00f6vetel\u0151, azaz Primoz Roglic \u00e9s Egan Bernal.<\/p>\n<p>A Jumbo szlov\u00e9n szt\u00e1rja megint felem\u00e1s \u00e9vet tudhat maga m\u00f6g\u00f6tt eddig, hiszen az idei Tourja ism\u00e9t nem \u00fagy siker\u00fclt, ahogy szerette volna (buk\u00e1s nyom\u00e1n fel kellett adnia a versenyt). Az olimpia egy\u00e9ni id\u0151futamverseny\u00e9ben viszont t\u00f6k\u00e9letes menettel szerzett arany\u00e9rmet, a Vuelt\u00e1n pedig egym\u00e1st k\u00f6vet\u0151 harmadik gy\u0151zelm\u00e9re k\u00e9sz\u00fcl, amire eddig csup\u00e1n egyetlen Spanyolorsz\u00e1gon k\u00edv\u00fcl sz\u00fcletett versenyz\u0151 volt k\u00e9pes (a hozz\u00e1 hasonl\u00f3an kiv\u00e1l\u00f3 id\u0151futammen\u0151 sv\u00e1jci Tony Rominger, aki 13 etapsikere mellett 1992-ben, \u201993-ban \u00e9s \u201994-ben is meg tudta nyerni a nagy preszt\u00edzs\u0171 spanyol k\u00f6rt).<\/p>\n<figure id=\"attachment_12233\" aria-describedby=\"caption-attachment-12233\" style=\"width: 1024px\" class=\"wp-caption alignnone\"><a href=\"https:\/\/d2p6e6u75xmxt8.cloudfront.net\/12\/2021\/08\/08-13-wlc-vuelta-3.jpg\"><img loading=\"lazy\" decoding=\"async\" class=\"size-large wp-image-12233\" src=\"https:\/\/d2p6e6u75xmxt8.cloudfront.net\/12\/2021\/08\/08-13-wlc-vuelta-3-1024x682.jpg\" alt=\"\" width=\"1024\" height=\"682\" srcset=\"https:\/\/d2p6e6u75xmxt8.cloudfront.net\/12\/2021\/08\/08-13-wlc-vuelta-3-1024x682.jpg 1024w, https:\/\/d2p6e6u75xmxt8.cloudfront.net\/12\/2021\/08\/08-13-wlc-vuelta-3-300x200.jpg 300w, https:\/\/d2p6e6u75xmxt8.cloudfront.net\/12\/2021\/08\/08-13-wlc-vuelta-3-768x512.jpg 768w, https:\/\/d2p6e6u75xmxt8.cloudfront.net\/12\/2021\/08\/08-13-wlc-vuelta-3-272x182.jpg 272w, https:\/\/d2p6e6u75xmxt8.cloudfront.net\/12\/2021\/08\/08-13-wlc-vuelta-3.jpg 1280w\" sizes=\"auto, (max-width: 1024px) 100vw, 1024px\" \/><\/a><figcaption id=\"caption-attachment-12233\" class=\"wp-caption-text\">Roglic az olimpiai arannyal a nyak\u00e1ban m\u00e1r boldogan mosolygott (fot\u00f3: Getty)<\/figcaption><\/figure>\n<p>Legf\u0151bb riv\u00e1lisa az a Bernal lesz, aki ugyancsak t\u00f6rt\u00e9nelmet szeretne \u00edrni, csak egy kicsit m\u00e1s aspektusb\u00f3l.<\/p>\n<p>Az Ineos kolumbiai zsenije id\u00e9n a Gir\u00f3t m\u00e1r megnyerte, m\u00e9ghozz\u00e1 er\u0151demonstr\u00e1l\u00f3 teljes\u00edtm\u00e9nnyel, most ugyanezt tenn\u00e9 Vuelta-deb\u00fct\u00e1l\u00e1s\u00e1n is \u2013 s minekut\u00e1na k\u00e9t \u00e9vvel ezel\u0151tt m\u00e1r a Tour de France-on is diadalmaskodni tudott, \u0151 lehetne haz\u00e1ja els\u0151 versenyz\u0151je, aki mindh\u00e1rom Grand Tourt kipip\u00e1lja, illetve ugyanabban az \u00e9vben nyer k\u00e9t nagy h\u00e1romhetest. Az Ineos kerete minimum \u00edg\u00e9retesnek t\u0171nik, benne k\u00e9t friss olimpiai bajnokkal: Richard Carapaz az orsz\u00e1g\u00fati mez\u0151nyversenyt nyerte meg meg\u00e9rdemelten, a sokoldal\u00fa brit szupertehets\u00e9g, Tom Pidcock pedig a hegyiker\u00e9kp\u00e1rosok k\u00f6z\u00f6tt szerzett arany\u00e9rme ut\u00e1n Spanyolorsz\u00e1gban deb\u00fct\u00e1l a h\u00e1romhetes k\u00f6rversenyen.<\/p>\n<figure id=\"attachment_12234\" aria-describedby=\"caption-attachment-12234\" style=\"width: 1024px\" class=\"wp-caption alignnone\"><a href=\"https:\/\/d2p6e6u75xmxt8.cloudfront.net\/12\/2021\/08\/08-13-wlc-vuelta-4.jpg\"><img loading=\"lazy\" decoding=\"async\" class=\"size-large wp-image-12234\" src=\"https:\/\/d2p6e6u75xmxt8.cloudfront.net\/12\/2021\/08\/08-13-wlc-vuelta-4-1024x683.jpg\" alt=\"\" width=\"1024\" height=\"683\" srcset=\"https:\/\/d2p6e6u75xmxt8.cloudfront.net\/12\/2021\/08\/08-13-wlc-vuelta-4-1024x683.jpg 1024w, https:\/\/d2p6e6u75xmxt8.cloudfront.net\/12\/2021\/08\/08-13-wlc-vuelta-4-300x200.jpg 300w, https:\/\/d2p6e6u75xmxt8.cloudfront.net\/12\/2021\/08\/08-13-wlc-vuelta-4-768x512.jpg 768w, https:\/\/d2p6e6u75xmxt8.cloudfront.net\/12\/2021\/08\/08-13-wlc-vuelta-4-1536x1025.jpg 1536w, https:\/\/d2p6e6u75xmxt8.cloudfront.net\/12\/2021\/08\/08-13-wlc-vuelta-4-2048x1366.jpg 2048w, https:\/\/d2p6e6u75xmxt8.cloudfront.net\/12\/2021\/08\/08-13-wlc-vuelta-4-1920x1281.jpg 1920w, https:\/\/d2p6e6u75xmxt8.cloudfront.net\/12\/2021\/08\/08-13-wlc-vuelta-4-272x182.jpg 272w, https:\/\/d2p6e6u75xmxt8.cloudfront.net\/12\/2021\/08\/08-13-wlc-vuelta-4-1920x1281.jpg 1920w\" sizes=\"auto, (max-width: 1024px) 100vw, 1024px\" \/><\/a><figcaption id=\"caption-attachment-12234\" class=\"wp-caption-text\">Egan Bernal a Gir\u00f3t er\u0151demonstr\u00e1l\u00f3 teljes\u00edtm\u00e9nnyel nyerte meg (fot\u00f3: LaPresse)<\/figcaption><\/figure>\n<p>A szombaton Burgosb\u00f3l elrajtol\u00f3 76. Vuelta a Espana mez\u0151nye 3336 km megt\u00e9tele ut\u00e1n szeptember 5-\u00e9n \u00e9r c\u00e9lba, ez\u00fattal nem Madridban, hanem a z\u00e1r\u00f3 id\u0151futam helysz\u00edn\u00e9n, Santiago de Compostel\u00e1ban.<\/p>\n<p><em>Bor\u00edt\u00f3k\u00e9p: Ciclismo Epic<\/em><\/p>\n","protected":false},"excerpt":{"rendered":"<p>A szombaton elrajtol\u00f3 spanyol k\u00f6rverseny legnagyobb k\u00e9rd\u00e9se, hogy vajon Primoz Roglicnak vagy Egan Bernalnak siker\u00fcl-e t\u00f6rt\u00e9nelmet \u00edrnia. Az idei Vuelta [&hellip;]<\/p>\n","protected":false},"author":71,"featured_media":12235,"comment_status":"open","ping_status":"open","sticky":false,"template":"","format":"standard","meta":{"footnotes":""},"categories":[8],"tags":[],"global-categories":[419],"class_list":["post-12231","post","type-post","status-publish","format-standard","has-post-thumbnail","hentry","category-orszaguti-kerekpar","global-categories-cycling"],"yoast_head":"<!-- This site is optimized with the Yoast SEO Premium plugin v25.3 (Yoast SEO v25.9) - https:\/\/yoast.com\/wordpress\/plugins\/seo\/ -->\n<title>Roglic kontra Bernal, avagy j\u00f6n az \u00e9v utols\u00f3 h\u00e1romhetese, a Vuelta!<\/title>\n<meta name=\"description\" content=\"A szombaton elrajtol\u00f3 spanyol k\u00f6rverseny legnagyobb k\u00e9rd\u00e9se, hogy vajon Primoz Roglicnak vagy Egan Bernalnak siker\u00fcl-e t\u00f6rt\u00e9nelmet \u00edrnia. Az idei Vuelta a friss olimpiai bajnokok csat\u00e1ja is lesz egyben, hiszen Roglic mellett Richard Carapaz \u00e9s a deb\u00fct\u00e1ns Tom Pidcock is ott van a mez\u0151nyben.\" \/>\n<meta name=\"robots\" content=\"index, follow, max-snippet:-1, max-image-preview:large, max-video-preview:-1\" \/>\n<link rel=\"canonical\" href=\"https:\/\/www.welovecycling.com\/hu\/orszaguti-kerekpar\/roglic-kontra-bernal-avagy-jon-az-ev-utolso-haromhetese-a-vuelta\/\" \/>\n<meta property=\"og:locale\" content=\"hu_HU\" \/>\n<meta property=\"og:type\" content=\"article\" \/>\n<meta property=\"og:title\" content=\"Roglic kontra Bernal, avagy j\u00f6n az \u00e9v utols\u00f3 h\u00e1romhetese, a Vuelta!\" \/>\n<meta property=\"og:description\" content=\"A szombaton elrajtol\u00f3 spanyol k\u00f6rverseny legnagyobb k\u00e9rd\u00e9se, hogy vajon Primoz Roglicnak vagy Egan Bernalnak siker\u00fcl-e t\u00f6rt\u00e9nelmet \u00edrnia. Az idei Vuelta a friss olimpiai bajnokok csat\u00e1ja is lesz egyben, hiszen Roglic mellett Richard Carapaz \u00e9s a deb\u00fct\u00e1ns Tom Pidcock is ott van a mez\u0151nyben.\" \/>\n<meta property=\"og:url\" content=\"https:\/\/www.welovecycling.com\/hu\/orszaguti-kerekpar\/roglic-kontra-bernal-avagy-jon-az-ev-utolso-haromhetese-a-vuelta\/\" \/>\n<meta property=\"og:site_name\" content=\"\u0160koda We Love Cycling - Magyarorsz\u00e1g\" \/>\n<meta property=\"article:publisher\" content=\"https:\/\/www.facebook.com\/WeLoveCyclingHungary\/\" \/>\n<meta property=\"article:published_time\" content=\"2021-08-13T13:09:49+00:00\" \/>\n<meta property=\"article:modified_time\" content=\"2021-08-13T13:22:30+00:00\" \/>\n<meta property=\"og:image\" content=\"https:\/\/d2p6e6u75xmxt8.cloudfront.net\/12\/2021\/08\/08-13-wlc-vuelta-1.jpg\" \/>\n\t<meta property=\"og:image:width\" content=\"1920\" \/>\n\t<meta property=\"og:image:height\" content=\"1080\" \/>\n\t<meta property=\"og:image:type\" content=\"image\/jpeg\" \/>\n<meta name=\"author\" content=\"hegyizs\" \/>\n<meta name=\"twitter:card\" content=\"summary_large_image\" \/>\n<meta name=\"twitter:label1\" content=\"Written by\" \/>\n\t<meta name=\"twitter:data1\" content=\"WLC\" \/>\n\t<meta name=\"twitter:label2\" content=\"Est. reading time\" \/>\n\t<meta name=\"twitter:data2\" content=\"4 minutes\" \/>\n<script type=\"application\/ld+json\" class=\"yoast-schema-graph\">{\"@context\":\"https:\/\/schema.org\",\"@graph\":[{\"@type\":\"WebPage\",\"@id\":\"https:\/\/www.welovecycling.com\/hu\/orszaguti-kerekpar\/roglic-kontra-bernal-avagy-jon-az-ev-utolso-haromhetese-a-vuelta\/\",\"url\":\"https:\/\/www.welovecycling.com\/hu\/orszaguti-kerekpar\/roglic-kontra-bernal-avagy-jon-az-ev-utolso-haromhetese-a-vuelta\/\",\"name\":\"Roglic kontra Bernal, avagy j\u00f6n az \u00e9v utols\u00f3 h\u00e1romhetese, a Vuelta!\",\"isPartOf\":{\"@id\":\"https:\/\/www.welovecycling.com\/hu\/#website\"},\"primaryImageOfPage\":{\"@id\":\"https:\/\/www.welovecycling.com\/hu\/orszaguti-kerekpar\/roglic-kontra-bernal-avagy-jon-az-ev-utolso-haromhetese-a-vuelta\/#primaryimage\"},\"image\":{\"@id\":\"https:\/\/www.welovecycling.com\/hu\/orszaguti-kerekpar\/roglic-kontra-bernal-avagy-jon-az-ev-utolso-haromhetese-a-vuelta\/#primaryimage\"},\"thumbnailUrl\":\"https:\/\/d2p6e6u75xmxt8.cloudfront.net\/12\/2021\/08\/08-13-wlc-vuelta-1.jpg\",\"datePublished\":\"2021-08-13T13:09:49+00:00\",\"dateModified\":\"2021-08-13T13:22:30+00:00\",\"author\":{\"@id\":\"https:\/\/www.welovecycling.com\/hu\/#\/schema\/person\/414a2aebf1801691a5320edb6468e194\"},\"description\":\"A szombaton elrajtol\u00f3 spanyol k\u00f6rverseny legnagyobb k\u00e9rd\u00e9se, hogy vajon Primoz Roglicnak vagy Egan Bernalnak siker\u00fcl-e t\u00f6rt\u00e9nelmet \u00edrnia. Az idei Vuelta a friss olimpiai bajnokok csat\u00e1ja is lesz egyben, hiszen Roglic mellett Richard Carapaz \u00e9s a deb\u00fct\u00e1ns Tom Pidcock is ott van a mez\u0151nyben.\",\"breadcrumb\":{\"@id\":\"https:\/\/www.welovecycling.com\/hu\/orszaguti-kerekpar\/roglic-kontra-bernal-avagy-jon-az-ev-utolso-haromhetese-a-vuelta\/#breadcrumb\"},\"inLanguage\":\"hu\",\"potentialAction\":[{\"@type\":\"ReadAction\",\"target\":[\"https:\/\/www.welovecycling.com\/hu\/orszaguti-kerekpar\/roglic-kontra-bernal-avagy-jon-az-ev-utolso-haromhetese-a-vuelta\/\"]}]},{\"@type\":\"ImageObject\",\"inLanguage\":\"hu\",\"@id\":\"https:\/\/www.welovecycling.com\/hu\/orszaguti-kerekpar\/roglic-kontra-bernal-avagy-jon-az-ev-utolso-haromhetese-a-vuelta\/#primaryimage\",\"url\":\"https:\/\/d2p6e6u75xmxt8.cloudfront.net\/12\/2021\/08\/08-13-wlc-vuelta-1.jpg\",\"contentUrl\":\"https:\/\/d2p6e6u75xmxt8.cloudfront.net\/12\/2021\/08\/08-13-wlc-vuelta-1.jpg\",\"width\":1920,\"height\":1080},{\"@type\":\"BreadcrumbList\",\"@id\":\"https:\/\/www.welovecycling.com\/hu\/orszaguti-kerekpar\/roglic-kontra-bernal-avagy-jon-az-ev-utolso-haromhetese-a-vuelta\/#breadcrumb\",\"itemListElement\":[{\"@type\":\"ListItem\",\"position\":1,\"name\":\"Home\",\"item\":\"https:\/\/www.welovecycling.com\/hu\/\"},{\"@type\":\"ListItem\",\"position\":2,\"name\":\"Roglic kontra Bernal, avagy j\u00f6n az \u00e9v utols\u00f3 h\u00e1romhetese, a Vuelta!\"}]},{\"@type\":\"WebSite\",\"@id\":\"https:\/\/www.welovecycling.com\/hu\/#website\",\"url\":\"https:\/\/www.welovecycling.com\/hu\/\",\"name\":\"\u0160koda We Love Cycling - Magyarorsz\u00e1g\",\"description\":\"\u0160koda WeLoveCycling\",\"potentialAction\":[{\"@type\":\"SearchAction\",\"target\":{\"@type\":\"EntryPoint\",\"urlTemplate\":\"https:\/\/www.welovecycling.com\/hu\/?s={search_term_string}\"},\"query-input\":{\"@type\":\"PropertyValueSpecification\",\"valueRequired\":true,\"valueName\":\"search_term_string\"}}],\"inLanguage\":\"hu\"},{\"@type\":\"Person\",\"@id\":\"https:\/\/www.welovecycling.com\/hu\/#\/schema\/person\/414a2aebf1801691a5320edb6468e194\",\"name\":\"hegyizs\",\"image\":{\"@type\":\"ImageObject\",\"inLanguage\":\"hu\",\"@id\":\"https:\/\/www.welovecycling.com\/hu\/#\/schema\/person\/image\/\",\"url\":\"https:\/\/secure.gravatar.com\/avatar\/02cf8a7906b8cf90cecb4679defac7cfd33a1c2e3b88e4903d947f3bb58eedd3?s=96&d=mm&r=g\",\"contentUrl\":\"https:\/\/secure.gravatar.com\/avatar\/02cf8a7906b8cf90cecb4679defac7cfd33a1c2e3b88e4903d947f3bb58eedd3?s=96&d=mm&r=g\",\"caption\":\"hegyizs\"},\"url\":\"https:\/\/www.welovecycling.com\/hu\/author\/hegyizs\/\"}]}<\/script>\n<!-- \/ Yoast SEO Premium plugin. -->","yoast_head_json":{"title":"Roglic kontra Bernal, avagy j\u00f6n az \u00e9v utols\u00f3 h\u00e1romhetese, a Vuelta!","description":"A szombaton elrajtol\u00f3 spanyol k\u00f6rverseny legnagyobb k\u00e9rd\u00e9se, hogy vajon Primoz Roglicnak vagy Egan Bernalnak siker\u00fcl-e t\u00f6rt\u00e9nelmet \u00edrnia. Az idei Vuelta a friss olimpiai bajnokok csat\u00e1ja is lesz egyben, hiszen Roglic mellett Richard Carapaz \u00e9s a deb\u00fct\u00e1ns Tom Pidcock is ott van a mez\u0151nyben.","robots":{"index":"index","follow":"follow","max-snippet":"max-snippet:-1","max-image-preview":"max-image-preview:large","max-video-preview":"max-video-preview:-1"},"canonical":"https:\/\/www.welovecycling.com\/hu\/orszaguti-kerekpar\/roglic-kontra-bernal-avagy-jon-az-ev-utolso-haromhetese-a-vuelta\/","og_locale":"hu_HU","og_type":"article","og_title":"Roglic kontra Bernal, avagy j\u00f6n az \u00e9v utols\u00f3 h\u00e1romhetese, a Vuelta!","og_description":"A szombaton elrajtol\u00f3 spanyol k\u00f6rverseny legnagyobb k\u00e9rd\u00e9se, hogy vajon Primoz Roglicnak vagy Egan Bernalnak siker\u00fcl-e t\u00f6rt\u00e9nelmet \u00edrnia. Az idei Vuelta a friss olimpiai bajnokok csat\u00e1ja is lesz egyben, hiszen Roglic mellett Richard Carapaz \u00e9s a deb\u00fct\u00e1ns Tom Pidcock is ott van a mez\u0151nyben.","og_url":"https:\/\/www.welovecycling.com\/hu\/orszaguti-kerekpar\/roglic-kontra-bernal-avagy-jon-az-ev-utolso-haromhetese-a-vuelta\/","og_site_name":"\u0160koda We Love Cycling - Magyarorsz\u00e1g","article_publisher":"https:\/\/www.facebook.com\/WeLoveCyclingHungary\/","article_published_time":"2021-08-13T13:09:49+00:00","article_modified_time":"2021-08-13T13:22:30+00:00","og_image":[{"width":1920,"height":1080,"url":"https:\/\/d2p6e6u75xmxt8.cloudfront.net\/12\/2021\/08\/08-13-wlc-vuelta-1.jpg","type":"image\/jpeg"}],"author":"hegyizs","twitter_card":"summary_large_image","twitter_misc":{"Written by":"WLC","Est. reading time":"4 minutes"},"schema":{"@context":"https:\/\/schema.org","@graph":[{"@type":"WebPage","@id":"https:\/\/www.welovecycling.com\/hu\/orszaguti-kerekpar\/roglic-kontra-bernal-avagy-jon-az-ev-utolso-haromhetese-a-vuelta\/","url":"https:\/\/www.welovecycling.com\/hu\/orszaguti-kerekpar\/roglic-kontra-bernal-avagy-jon-az-ev-utolso-haromhetese-a-vuelta\/","name":"Roglic kontra Bernal, avagy j\u00f6n az \u00e9v utols\u00f3 h\u00e1romhetese, a Vuelta!","isPartOf":{"@id":"https:\/\/www.welovecycling.com\/hu\/#website"},"primaryImageOfPage":{"@id":"https:\/\/www.welovecycling.com\/hu\/orszaguti-kerekpar\/roglic-kontra-bernal-avagy-jon-az-ev-utolso-haromhetese-a-vuelta\/#primaryimage"},"image":{"@id":"https:\/\/www.welovecycling.com\/hu\/orszaguti-kerekpar\/roglic-kontra-bernal-avagy-jon-az-ev-utolso-haromhetese-a-vuelta\/#primaryimage"},"thumbnailUrl":"https:\/\/d2p6e6u75xmxt8.cloudfront.net\/12\/2021\/08\/08-13-wlc-vuelta-1.jpg","datePublished":"2021-08-13T13:09:49+00:00","dateModified":"2021-08-13T13:22:30+00:00","author":{"@id":"https:\/\/www.welovecycling.com\/hu\/#\/schema\/person\/414a2aebf1801691a5320edb6468e194"},"description":"A szombaton elrajtol\u00f3 spanyol k\u00f6rverseny legnagyobb k\u00e9rd\u00e9se, hogy vajon Primoz Roglicnak vagy Egan Bernalnak siker\u00fcl-e t\u00f6rt\u00e9nelmet \u00edrnia. Az idei Vuelta a friss olimpiai bajnokok csat\u00e1ja is lesz egyben, hiszen Roglic mellett Richard Carapaz \u00e9s a deb\u00fct\u00e1ns Tom Pidcock is ott van a mez\u0151nyben.","breadcrumb":{"@id":"https:\/\/www.welovecycling.com\/hu\/orszaguti-kerekpar\/roglic-kontra-bernal-avagy-jon-az-ev-utolso-haromhetese-a-vuelta\/#breadcrumb"},"inLanguage":"hu","potentialAction":[{"@type":"ReadAction","target":["https:\/\/www.welovecycling.com\/hu\/orszaguti-kerekpar\/roglic-kontra-bernal-avagy-jon-az-ev-utolso-haromhetese-a-vuelta\/"]}]},{"@type":"ImageObject","inLanguage":"hu","@id":"https:\/\/www.welovecycling.com\/hu\/orszaguti-kerekpar\/roglic-kontra-bernal-avagy-jon-az-ev-utolso-haromhetese-a-vuelta\/#primaryimage","url":"https:\/\/d2p6e6u75xmxt8.cloudfront.net\/12\/2021\/08\/08-13-wlc-vuelta-1.jpg","contentUrl":"https:\/\/d2p6e6u75xmxt8.cloudfront.net\/12\/2021\/08\/08-13-wlc-vuelta-1.jpg","width":1920,"height":1080},{"@type":"BreadcrumbList","@id":"https:\/\/www.welovecycling.com\/hu\/orszaguti-kerekpar\/roglic-kontra-bernal-avagy-jon-az-ev-utolso-haromhetese-a-vuelta\/#breadcrumb","itemListElement":[{"@type":"ListItem","position":1,"name":"Home","item":"https:\/\/www.welovecycling.com\/hu\/"},{"@type":"ListItem","position":2,"name":"Roglic kontra Bernal, avagy j\u00f6n az \u00e9v utols\u00f3 h\u00e1romhetese, a Vuelta!"}]},{"@type":"WebSite","@id":"https:\/\/www.welovecycling.com\/hu\/#website","url":"https:\/\/www.welovecycling.com\/hu\/","name":"\u0160koda We Love Cycling - Magyarorsz\u00e1g","description":"\u0160koda WeLoveCycling","potentialAction":[{"@type":"SearchAction","target":{"@type":"EntryPoint","urlTemplate":"https:\/\/www.welovecycling.com\/hu\/?s={search_term_string}"},"query-input":{"@type":"PropertyValueSpecification","valueRequired":true,"valueName":"search_term_string"}}],"inLanguage":"hu"},{"@type":"Person","@id":"https:\/\/www.welovecycling.com\/hu\/#\/schema\/person\/414a2aebf1801691a5320edb6468e194","name":"hegyizs","image":{"@type":"ImageObject","inLanguage":"hu","@id":"https:\/\/www.welovecycling.com\/hu\/#\/schema\/person\/image\/","url":"https:\/\/secure.gravatar.com\/avatar\/02cf8a7906b8cf90cecb4679defac7cfd33a1c2e3b88e4903d947f3bb58eedd3?s=96&d=mm&r=g","contentUrl":"https:\/\/secure.gravatar.com\/avatar\/02cf8a7906b8cf90cecb4679defac7cfd33a1c2e3b88e4903d947f3bb58eedd3?s=96&d=mm&r=g","caption":"hegyizs"},"url":"https:\/\/www.welovecycling.com\/hu\/author\/hegyizs\/"}]}},"_links":{"self":[{"href":"https:\/\/www.welovecycling.com\/hu\/wp-json\/wp\/v2\/posts\/12231","targetHints":{"allow":["GET"]}}],"collection":[{"href":"https:\/\/www.welovecycling.com\/hu\/wp-json\/wp\/v2\/posts"}],"about":[{"href":"https:\/\/www.welovecycling.com\/hu\/wp-json\/wp\/v2\/types\/post"}],"author":[{"embeddable":true,"href":"https:\/\/www.welovecycling.com\/hu\/wp-json\/wp\/v2\/users\/71"}],"replies":[{"embeddable":true,"href":"https:\/\/www.welovecycling.com\/hu\/wp-json\/wp\/v2\/comments?post=12231"}],"version-history":[{"count":2,"href":"https:\/\/www.welovecycling.com\/hu\/wp-json\/wp\/v2\/posts\/12231\/revisions"}],"predecessor-version":[{"id":12237,"href":"https:\/\/www.welovecycling.com\/hu\/wp-json\/wp\/v2\/posts\/12231\/revisions\/12237"}],"wp:featuredmedia":[{"embeddable":true,"href":"https:\/\/www.welovecycling.com\/hu\/wp-json\/wp\/v2\/media\/12235"}],"wp:attachment":[{"href":"https:\/\/www.welovecycling.com\/hu\/wp-json\/wp\/v2\/media?parent=12231"}],"wp:term":[{"taxonomy":"category","embeddable":true,"href":"https:\/\/www.welovecycling.com\/hu\/wp-json\/wp\/v2\/categories?post=12231"},{"taxonomy":"post_tag","embeddable":true,"href":"https:\/\/www.welovecycling.com\/hu\/wp-json\/wp\/v2\/tags?post=12231"},{"taxonomy":"global-categories","embeddable":true,"href":"https:\/\/www.welovecycling.com\/hu\/wp-json\/wp\/v2\/global-categories?post=12231"}],"curies":[{"name":"wp","href":"https:\/\/api.w.org\/{rel}","templated":true}]}}