{"id":1223,"date":"2018-07-24T14:28:11","date_gmt":"2018-07-24T14:28:11","guid":{"rendered":"https:\/\/www.welovecycling.com\/hu\/?p=1223"},"modified":"2018-07-24T14:28:11","modified_gmt":"2018-07-24T14:28:11","slug":"10-dolog-amit-nem-tudtal-a-tour-de-france-rol","status":"publish","type":"post","link":"https:\/\/www.welovecycling.com\/hu\/tour-de-france\/10-dolog-amit-nem-tudtal-a-tour-de-france-rol\/","title":{"rendered":"10 dolog, amit nem tudt\u00e1l a Tour de France-r\u00f3l"},"content":{"rendered":"<p><strong>A vil\u00e1g legnagyobb orsz\u00e1g\u00fati ker\u00e9kp\u00e1ros versenye tele van \u00e9rdekess\u00e9gekkel. \u00cdme 10 dolog, amit nem biztos, hogy tudt\u00e1l a Tour de France-r\u00f3l.<\/strong><\/p>\n<h4><!--more-->1.Egy \u00e1tlagos TDF versenyz\u0151 kb. 5000 kal\u00f3ri\u00e1t \u00e9get el a verseny minden szakasz\u00e1ban. Ez a teljes versenyt\u00e1vra kisz\u00e1molva \u00f6sszesen 124.000 kal\u00f3ria!<\/h4>\n<div class=\"embed-controller-wrapper\"><a href=\"https:\/\/giphy.com\/gifs\/celebrity-reshuffle-aWPGuTlDqq2yc\"><img loading=\"lazy\" decoding=\"async\" src=\"https:\/\/media1.giphy.com\/media\/aWPGuTlDqq2yc\/giphy.gif\" alt=\"Oh My God Reaction GIF - Find &amp; Share on GIPHY\" width=\"480\" height=\"252\" \/><\/a><\/div>\n<h4>2.A szervez\u0151k t\u00f6bb mint 1200 hotelszob\u00e1t foglalnak le a versenyz\u0151knek \u00e9s a TDF st\u00e1bj\u00e1nak.<\/h4>\n<h4>3.A leghosszabb Tour de France-ot 1926-ban szervezt\u00e9k meg, ebben az \u00e9vben a bring\u00e1sok 5745 kil\u00f3m\u00e9tert tekertek.<\/h4>\n<h4>4.R\u00e9gen teljesen leg\u00e1lis volt versenyz\u00e9s k\u00f6zben alkoholt fogyasztani.<\/h4>\n<p style=\"text-align: center;\"><a href=\"https:\/\/d2p6e6u75xmxt8.cloudfront.net\/12\/2018\/07\/tour-de-france-erdekessegek-1.jpg\"><img loading=\"lazy\" decoding=\"async\" class=\"alignnone size-full wp-image-1224 aligncenter\" src=\"https:\/\/d2p6e6u75xmxt8.cloudfront.net\/12\/2018\/07\/tour-de-france-erdekessegek-1.jpg\" alt=\"tour de france\" width=\"1000\" height=\"636\" srcset=\"https:\/\/d2p6e6u75xmxt8.cloudfront.net\/12\/2018\/07\/tour-de-france-erdekessegek-1.jpg 1000w, https:\/\/d2p6e6u75xmxt8.cloudfront.net\/12\/2018\/07\/tour-de-france-erdekessegek-1-300x191.jpg 300w, https:\/\/d2p6e6u75xmxt8.cloudfront.net\/12\/2018\/07\/tour-de-france-erdekessegek-1-768x488.jpg 768w\" sizes=\"auto, (max-width: 1000px) 100vw, 1000px\" \/><\/a><span style=\"font-size: 10pt;\"><em>K\u00e9p: bicycling.com<\/em><\/span><\/p>\n<h4 style=\"text-align: left;\">5.S\u0151t, a \u201920-as \u00e9vekben m\u00e9g doh\u00e1nyoztak is, mik\u00f6zben teljes\u00edtett\u00e9k a t\u00e1vot.<\/h4>\n<p style=\"text-align: center;\"><a href=\"https:\/\/d2p6e6u75xmxt8.cloudfront.net\/12\/2018\/07\/tour-de-france-erdekessegek-2.jpg\"><img loading=\"lazy\" decoding=\"async\" class=\"alignnone size-full wp-image-1225 aligncenter\" src=\"https:\/\/d2p6e6u75xmxt8.cloudfront.net\/12\/2018\/07\/tour-de-france-erdekessegek-2.jpg\" alt=\"tour de france\" width=\"800\" height=\"420\" srcset=\"https:\/\/d2p6e6u75xmxt8.cloudfront.net\/12\/2018\/07\/tour-de-france-erdekessegek-2.jpg 800w, https:\/\/d2p6e6u75xmxt8.cloudfront.net\/12\/2018\/07\/tour-de-france-erdekessegek-2-300x158.jpg 300w, https:\/\/d2p6e6u75xmxt8.cloudfront.net\/12\/2018\/07\/tour-de-france-erdekessegek-2-768x403.jpg 768w\" sizes=\"auto, (max-width: 800px) 100vw, 800px\" \/><\/a><span style=\"font-size: 10pt;\"><em>K\u00e9p: annieandre.com<\/em><\/span><\/p>\n<h4 style=\"text-align: left;\">6.A Tour legnagyobb nyertese 450 000 eur\u00f3t vihet haza!<\/h4>\n<h4 style=\"text-align: left;\">7.2014-ben a versenyz\u0151k \u00e1tlagsebess\u00e9ge 41 km\/h volt.<\/h4>\n<h4 style=\"text-align: left;\">8.Egy TDF bring\u00e1snak minimum <a href=\"https:\/\/www.welovecycling.com\/hu\/tour-de-france\/mit-esznek-a-tour-de-france-versenyzoi\/\">6000 kal\u00f3ri\u00e1t<\/a> kell naponta bevinni a szervezet\u00e9be.<\/h4>\n<div class=\"embed-controller-wrapper\"><a href=\"https:\/\/giphy.com\/gifs\/video-bike-tricks-OZvMMeKdYmPpS\"><img loading=\"lazy\" decoding=\"async\" src=\"https:\/\/media4.giphy.com\/media\/OZvMMeKdYmPpS\/giphy.gif\" alt=\"Fun Video GIF - Find &amp; Share on GIPHY\" width=\"320\" height=\"180\" \/><\/a><\/div>\n<h4>9.1919-ben annyira kem\u00e9ny volt a p\u00e1lya, hogy csak 10-en tudt\u00e1k befejezni a teljes k\u00f6rt.<\/h4>\n<h4>10. 1904-ben a legfiatalabb \u00e9s a legid\u0151sebb TDF versenyz\u0151 is rajthoz \u00e1llt. Frenchman Henri Cornet 19, Henri Paret pedig 36 \u00e9vesen teljes\u00edtette a t\u00e1vot. A legfiatalabb \u00e9s legid\u0151sebb versenyz\u0151 rekordja az\u00f3ta sem d\u0151lt meg.<\/h4>\n","protected":false},"excerpt":{"rendered":"<p>A vil\u00e1g legnagyobb orsz\u00e1g\u00fati ker\u00e9kp\u00e1ros versenye tele van \u00e9rdekess\u00e9gekkel. \u00cdme 10 dolog, amit nem biztos, hogy tudt\u00e1l a Tour de [&hellip;]<\/p>\n","protected":false},"author":71,"featured_media":1226,"comment_status":"open","ping_status":"open","sticky":false,"template":"","format":"standard","meta":{"footnotes":""},"categories":[96],"tags":[16,28,27,101,79,93],"global-categories":[],"class_list":["post-1223","post","type-post","status-publish","format-standard","has-post-thumbnail","hentry","category-tour-de-france","tag-kerekpar","tag-kerekpar-blog","tag-kerekpar-magazin","tag-tdf2018","tag-tour-de-france","tag-tour-de-france-2018"],"yoast_head":"<!-- This site is optimized with the Yoast SEO Premium plugin v25.3 (Yoast SEO v25.9) - https:\/\/yoast.com\/wordpress\/plugins\/seo\/ -->\n<title>10 dolog, amit nem tudt\u00e1l a Tour de France-r\u00f3l - \u0160koda We Love Cycling - Magyarorsz\u00e1g<\/title>\n<meta name=\"description\" content=\"A vil\u00e1g legnagyobb orsz\u00e1g\u00fati ker\u00e9kp\u00e1ros versenye tele van \u00e9rdekess\u00e9gekkel. \u00cdme 10 dolog, amit nem biztos, hogy tudt\u00e1l a Tour de France-r\u00f3l.\" \/>\n<meta name=\"robots\" content=\"index, follow, max-snippet:-1, max-image-preview:large, max-video-preview:-1\" \/>\n<link rel=\"canonical\" href=\"https:\/\/www.welovecycling.com\/hu\/tour-de-france\/10-dolog-amit-nem-tudtal-a-tour-de-france-rol\/\" \/>\n<meta property=\"og:locale\" content=\"hu_HU\" \/>\n<meta property=\"og:type\" content=\"article\" \/>\n<meta property=\"og:title\" content=\"10 dolog, amit nem tudt\u00e1l a Tour de France-r\u00f3l\" \/>\n<meta property=\"og:description\" content=\"A vil\u00e1g legnagyobb orsz\u00e1g\u00fati ker\u00e9kp\u00e1ros versenye tele van \u00e9rdekess\u00e9gekkel. \u00cdme 10 dolog, amit nem biztos, hogy tudt\u00e1l a Tour de France-r\u00f3l.\" \/>\n<meta property=\"og:url\" content=\"https:\/\/www.welovecycling.com\/hu\/tour-de-france\/10-dolog-amit-nem-tudtal-a-tour-de-france-rol\/\" \/>\n<meta property=\"og:site_name\" content=\"\u0160koda We Love Cycling - Magyarorsz\u00e1g\" \/>\n<meta property=\"article:publisher\" content=\"https:\/\/www.facebook.com\/WeLoveCyclingHungary\/\" \/>\n<meta property=\"article:published_time\" content=\"2018-07-24T14:28:11+00:00\" \/>\n<meta property=\"og:image\" content=\"https:\/\/d2p6e6u75xmxt8.cloudfront.net\/12\/2018\/07\/7623525492_5a170477b3_o-1.jpg\" \/>\n\t<meta property=\"og:image:width\" content=\"3126\" \/>\n\t<meta property=\"og:image:height\" content=\"2080\" \/>\n\t<meta property=\"og:image:type\" content=\"image\/jpeg\" \/>\n<meta name=\"author\" content=\"hegyizs\" \/>\n<meta name=\"twitter:card\" content=\"summary_large_image\" \/>\n<meta name=\"twitter:label1\" content=\"Written by\" \/>\n\t<meta name=\"twitter:data1\" content=\"hegyizs\" \/>\n\t<meta name=\"twitter:label2\" content=\"Est. reading time\" \/>\n\t<meta name=\"twitter:data2\" content=\"1 minute\" \/>\n<script type=\"application\/ld+json\" class=\"yoast-schema-graph\">{\"@context\":\"https:\/\/schema.org\",\"@graph\":[{\"@type\":\"WebPage\",\"@id\":\"https:\/\/www.welovecycling.com\/hu\/tour-de-france\/10-dolog-amit-nem-tudtal-a-tour-de-france-rol\/\",\"url\":\"https:\/\/www.welovecycling.com\/hu\/tour-de-france\/10-dolog-amit-nem-tudtal-a-tour-de-france-rol\/\",\"name\":\"10 dolog, amit nem tudt\u00e1l a Tour de France-r\u00f3l - \u0160koda We Love Cycling - Magyarorsz\u00e1g\",\"isPartOf\":{\"@id\":\"https:\/\/www.welovecycling.com\/hu\/#website\"},\"primaryImageOfPage\":{\"@id\":\"https:\/\/www.welovecycling.com\/hu\/tour-de-france\/10-dolog-amit-nem-tudtal-a-tour-de-france-rol\/#primaryimage\"},\"image\":{\"@id\":\"https:\/\/www.welovecycling.com\/hu\/tour-de-france\/10-dolog-amit-nem-tudtal-a-tour-de-france-rol\/#primaryimage\"},\"thumbnailUrl\":\"https:\/\/d2p6e6u75xmxt8.cloudfront.net\/12\/2018\/07\/7623525492_5a170477b3_o-1.jpg\",\"datePublished\":\"2018-07-24T14:28:11+00:00\",\"author\":{\"@id\":\"https:\/\/www.welovecycling.com\/hu\/#\/schema\/person\/414a2aebf1801691a5320edb6468e194\"},\"description\":\"A vil\u00e1g legnagyobb orsz\u00e1g\u00fati ker\u00e9kp\u00e1ros versenye tele van \u00e9rdekess\u00e9gekkel. \u00cdme 10 dolog, amit nem biztos, hogy tudt\u00e1l a Tour de France-r\u00f3l.\",\"breadcrumb\":{\"@id\":\"https:\/\/www.welovecycling.com\/hu\/tour-de-france\/10-dolog-amit-nem-tudtal-a-tour-de-france-rol\/#breadcrumb\"},\"inLanguage\":\"hu\",\"potentialAction\":[{\"@type\":\"ReadAction\",\"target\":[\"https:\/\/www.welovecycling.com\/hu\/tour-de-france\/10-dolog-amit-nem-tudtal-a-tour-de-france-rol\/\"]}]},{\"@type\":\"ImageObject\",\"inLanguage\":\"hu\",\"@id\":\"https:\/\/www.welovecycling.com\/hu\/tour-de-france\/10-dolog-amit-nem-tudtal-a-tour-de-france-rol\/#primaryimage\",\"url\":\"https:\/\/d2p6e6u75xmxt8.cloudfront.net\/12\/2018\/07\/7623525492_5a170477b3_o-1.jpg\",\"contentUrl\":\"https:\/\/d2p6e6u75xmxt8.cloudfront.net\/12\/2018\/07\/7623525492_5a170477b3_o-1.jpg\",\"width\":3126,\"height\":2080,\"caption\":\"tour de france\"},{\"@type\":\"BreadcrumbList\",\"@id\":\"https:\/\/www.welovecycling.com\/hu\/tour-de-france\/10-dolog-amit-nem-tudtal-a-tour-de-france-rol\/#breadcrumb\",\"itemListElement\":[{\"@type\":\"ListItem\",\"position\":1,\"name\":\"Home\",\"item\":\"https:\/\/www.welovecycling.com\/hu\/\"},{\"@type\":\"ListItem\",\"position\":2,\"name\":\"10 dolog, amit nem tudt\u00e1l a Tour de France-r\u00f3l\"}]},{\"@type\":\"WebSite\",\"@id\":\"https:\/\/www.welovecycling.com\/hu\/#website\",\"url\":\"https:\/\/www.welovecycling.com\/hu\/\",\"name\":\"\u0160koda We Love Cycling - Magyarorsz\u00e1g\",\"description\":\"\u0160koda WeLoveCycling\",\"potentialAction\":[{\"@type\":\"SearchAction\",\"target\":{\"@type\":\"EntryPoint\",\"urlTemplate\":\"https:\/\/www.welovecycling.com\/hu\/?s={search_term_string}\"},\"query-input\":{\"@type\":\"PropertyValueSpecification\",\"valueRequired\":true,\"valueName\":\"search_term_string\"}}],\"inLanguage\":\"hu\"},{\"@type\":\"Person\",\"@id\":\"https:\/\/www.welovecycling.com\/hu\/#\/schema\/person\/414a2aebf1801691a5320edb6468e194\",\"name\":\"hegyizs\",\"image\":{\"@type\":\"ImageObject\",\"inLanguage\":\"hu\",\"@id\":\"https:\/\/www.welovecycling.com\/hu\/#\/schema\/person\/image\/\",\"url\":\"https:\/\/secure.gravatar.com\/avatar\/02cf8a7906b8cf90cecb4679defac7cfd33a1c2e3b88e4903d947f3bb58eedd3?s=96&d=mm&r=g\",\"contentUrl\":\"https:\/\/secure.gravatar.com\/avatar\/02cf8a7906b8cf90cecb4679defac7cfd33a1c2e3b88e4903d947f3bb58eedd3?s=96&d=mm&r=g\",\"caption\":\"hegyizs\"},\"url\":\"https:\/\/www.welovecycling.com\/hu\/author\/hegyizs\/\"}]}<\/script>\n<!-- \/ Yoast SEO Premium plugin. -->","yoast_head_json":{"title":"10 dolog, amit nem tudt\u00e1l a Tour de France-r\u00f3l - \u0160koda We Love Cycling - Magyarorsz\u00e1g","description":"A vil\u00e1g legnagyobb orsz\u00e1g\u00fati ker\u00e9kp\u00e1ros versenye tele van \u00e9rdekess\u00e9gekkel. \u00cdme 10 dolog, amit nem biztos, hogy tudt\u00e1l a Tour de France-r\u00f3l.","robots":{"index":"index","follow":"follow","max-snippet":"max-snippet:-1","max-image-preview":"max-image-preview:large","max-video-preview":"max-video-preview:-1"},"canonical":"https:\/\/www.welovecycling.com\/hu\/tour-de-france\/10-dolog-amit-nem-tudtal-a-tour-de-france-rol\/","og_locale":"hu_HU","og_type":"article","og_title":"10 dolog, amit nem tudt\u00e1l a Tour de France-r\u00f3l","og_description":"A vil\u00e1g legnagyobb orsz\u00e1g\u00fati ker\u00e9kp\u00e1ros versenye tele van \u00e9rdekess\u00e9gekkel. \u00cdme 10 dolog, amit nem biztos, hogy tudt\u00e1l a Tour de France-r\u00f3l.","og_url":"https:\/\/www.welovecycling.com\/hu\/tour-de-france\/10-dolog-amit-nem-tudtal-a-tour-de-france-rol\/","og_site_name":"\u0160koda We Love Cycling - Magyarorsz\u00e1g","article_publisher":"https:\/\/www.facebook.com\/WeLoveCyclingHungary\/","article_published_time":"2018-07-24T14:28:11+00:00","og_image":[{"width":3126,"height":2080,"url":"https:\/\/d2p6e6u75xmxt8.cloudfront.net\/12\/2018\/07\/7623525492_5a170477b3_o-1.jpg","type":"image\/jpeg"}],"author":"hegyizs","twitter_card":"summary_large_image","twitter_misc":{"Written by":"hegyizs","Est. reading time":"1 minute"},"schema":{"@context":"https:\/\/schema.org","@graph":[{"@type":"WebPage","@id":"https:\/\/www.welovecycling.com\/hu\/tour-de-france\/10-dolog-amit-nem-tudtal-a-tour-de-france-rol\/","url":"https:\/\/www.welovecycling.com\/hu\/tour-de-france\/10-dolog-amit-nem-tudtal-a-tour-de-france-rol\/","name":"10 dolog, amit nem tudt\u00e1l a Tour de France-r\u00f3l - \u0160koda We Love Cycling - Magyarorsz\u00e1g","isPartOf":{"@id":"https:\/\/www.welovecycling.com\/hu\/#website"},"primaryImageOfPage":{"@id":"https:\/\/www.welovecycling.com\/hu\/tour-de-france\/10-dolog-amit-nem-tudtal-a-tour-de-france-rol\/#primaryimage"},"image":{"@id":"https:\/\/www.welovecycling.com\/hu\/tour-de-france\/10-dolog-amit-nem-tudtal-a-tour-de-france-rol\/#primaryimage"},"thumbnailUrl":"https:\/\/d2p6e6u75xmxt8.cloudfront.net\/12\/2018\/07\/7623525492_5a170477b3_o-1.jpg","datePublished":"2018-07-24T14:28:11+00:00","author":{"@id":"https:\/\/www.welovecycling.com\/hu\/#\/schema\/person\/414a2aebf1801691a5320edb6468e194"},"description":"A vil\u00e1g legnagyobb orsz\u00e1g\u00fati ker\u00e9kp\u00e1ros versenye tele van \u00e9rdekess\u00e9gekkel. \u00cdme 10 dolog, amit nem biztos, hogy tudt\u00e1l a Tour de France-r\u00f3l.","breadcrumb":{"@id":"https:\/\/www.welovecycling.com\/hu\/tour-de-france\/10-dolog-amit-nem-tudtal-a-tour-de-france-rol\/#breadcrumb"},"inLanguage":"hu","potentialAction":[{"@type":"ReadAction","target":["https:\/\/www.welovecycling.com\/hu\/tour-de-france\/10-dolog-amit-nem-tudtal-a-tour-de-france-rol\/"]}]},{"@type":"ImageObject","inLanguage":"hu","@id":"https:\/\/www.welovecycling.com\/hu\/tour-de-france\/10-dolog-amit-nem-tudtal-a-tour-de-france-rol\/#primaryimage","url":"https:\/\/d2p6e6u75xmxt8.cloudfront.net\/12\/2018\/07\/7623525492_5a170477b3_o-1.jpg","contentUrl":"https:\/\/d2p6e6u75xmxt8.cloudfront.net\/12\/2018\/07\/7623525492_5a170477b3_o-1.jpg","width":3126,"height":2080,"caption":"tour de france"},{"@type":"BreadcrumbList","@id":"https:\/\/www.welovecycling.com\/hu\/tour-de-france\/10-dolog-amit-nem-tudtal-a-tour-de-france-rol\/#breadcrumb","itemListElement":[{"@type":"ListItem","position":1,"name":"Home","item":"https:\/\/www.welovecycling.com\/hu\/"},{"@type":"ListItem","position":2,"name":"10 dolog, amit nem tudt\u00e1l a Tour de France-r\u00f3l"}]},{"@type":"WebSite","@id":"https:\/\/www.welovecycling.com\/hu\/#website","url":"https:\/\/www.welovecycling.com\/hu\/","name":"\u0160koda We Love Cycling - Magyarorsz\u00e1g","description":"\u0160koda WeLoveCycling","potentialAction":[{"@type":"SearchAction","target":{"@type":"EntryPoint","urlTemplate":"https:\/\/www.welovecycling.com\/hu\/?s={search_term_string}"},"query-input":{"@type":"PropertyValueSpecification","valueRequired":true,"valueName":"search_term_string"}}],"inLanguage":"hu"},{"@type":"Person","@id":"https:\/\/www.welovecycling.com\/hu\/#\/schema\/person\/414a2aebf1801691a5320edb6468e194","name":"hegyizs","image":{"@type":"ImageObject","inLanguage":"hu","@id":"https:\/\/www.welovecycling.com\/hu\/#\/schema\/person\/image\/","url":"https:\/\/secure.gravatar.com\/avatar\/02cf8a7906b8cf90cecb4679defac7cfd33a1c2e3b88e4903d947f3bb58eedd3?s=96&d=mm&r=g","contentUrl":"https:\/\/secure.gravatar.com\/avatar\/02cf8a7906b8cf90cecb4679defac7cfd33a1c2e3b88e4903d947f3bb58eedd3?s=96&d=mm&r=g","caption":"hegyizs"},"url":"https:\/\/www.welovecycling.com\/hu\/author\/hegyizs\/"}]}},"_links":{"self":[{"href":"https:\/\/www.welovecycling.com\/hu\/wp-json\/wp\/v2\/posts\/1223","targetHints":{"allow":["GET"]}}],"collection":[{"href":"https:\/\/www.welovecycling.com\/hu\/wp-json\/wp\/v2\/posts"}],"about":[{"href":"https:\/\/www.welovecycling.com\/hu\/wp-json\/wp\/v2\/types\/post"}],"author":[{"embeddable":true,"href":"https:\/\/www.welovecycling.com\/hu\/wp-json\/wp\/v2\/users\/71"}],"replies":[{"embeddable":true,"href":"https:\/\/www.welovecycling.com\/hu\/wp-json\/wp\/v2\/comments?post=1223"}],"version-history":[{"count":2,"href":"https:\/\/www.welovecycling.com\/hu\/wp-json\/wp\/v2\/posts\/1223\/revisions"}],"predecessor-version":[{"id":1229,"href":"https:\/\/www.welovecycling.com\/hu\/wp-json\/wp\/v2\/posts\/1223\/revisions\/1229"}],"wp:featuredmedia":[{"embeddable":true,"href":"https:\/\/www.welovecycling.com\/hu\/wp-json\/wp\/v2\/media\/1226"}],"wp:attachment":[{"href":"https:\/\/www.welovecycling.com\/hu\/wp-json\/wp\/v2\/media?parent=1223"}],"wp:term":[{"taxonomy":"category","embeddable":true,"href":"https:\/\/www.welovecycling.com\/hu\/wp-json\/wp\/v2\/categories?post=1223"},{"taxonomy":"post_tag","embeddable":true,"href":"https:\/\/www.welovecycling.com\/hu\/wp-json\/wp\/v2\/tags?post=1223"},{"taxonomy":"global-categories","embeddable":true,"href":"https:\/\/www.welovecycling.com\/hu\/wp-json\/wp\/v2\/global-categories?post=1223"}],"curies":[{"name":"wp","href":"https:\/\/api.w.org\/{rel}","templated":true}]}}