{"id":12223,"date":"2021-08-19T08:00:30","date_gmt":"2021-08-19T06:00:30","guid":{"rendered":"https:\/\/www.welovecycling.com\/hu\/?p=12223"},"modified":"2021-08-13T15:25:22","modified_gmt":"2021-08-13T13:25:22","slug":"peter-sagan-a-totalenergies-csapataban","status":"publish","type":"post","link":"https:\/\/www.welovecycling.com\/hu\/orszaguti-kerekpar\/peter-sagan-a-totalenergies-csapataban\/","title":{"rendered":"Peter Sagan a TotalEnergies csapat\u00e1ban"},"content":{"rendered":"<p><strong>A francia m\u00e1sodoszt\u00e1ly\u00fa csapat \u201ehatalmas b\u00fcszkes\u00e9ggel\u201d jelentette be, hogy igazolt\u00e1k a h\u00e1romszoros vil\u00e1gbajnokot, \u00e9s tov\u00e1bb \u00e9p\u00edtik csapatukat az UCI WorldTour-ra. Sagan mellett Maciej Bodnar \u00e9s Daniel Oss versenyz\u0151k is csatlakoztak a TotalEnergies-hez. Emellett sz\u00e1mos \u00faj m\u00e1rka is \u00e9rkezik a fed\u00e9lzetre. Ilyen p\u00e9ld\u00e1ul a Specialized ker\u00e9kp\u00e1rgy\u00e1rt\u00f3, a Sportful ruh\u00e1zati m\u00e1rka, \u00e9s az \u00faj cip\u0151k, gumik, sisakok, kerekek gy\u00e1rt\u00f3i.<\/strong><\/p>\n<p><!--more--><\/p>\n<p>Peter Sagan remek\u00fcl teljes\u00edtett a szezon elej\u00e9n, miel\u0151tt a Covid megszak\u00edtotta volna a sz\u00e9ri\u00e1j\u00e1t. Els\u0151 gy\u0151zelm\u00e9t a Volta a Catalunya -n szerezte meg, majd a Giro -n megnyerte a pontversenyt. Sajnos a Tour -on bukott, \u00edgy k\u00e9nytelen volt feladni a versenyt.<\/p>\n<div class=\"embed-controller-wrapper\">\n<blockquote class=\"twitter-tweet\" data-width=\"500\" data-dnt=\"true\">\n<p lang=\"fr\" dir=\"ltr\">C\u2019est avec une immense fiert\u00e9 que le Team TotalEnergies annonce la signature de <a href=\"https:\/\/twitter.com\/petosagan?ref_src=twsrc%5Etfw\">@petosagan<\/a> pour deux saisons.<br \/>\ud83c\uddf8\ud83c\uddf0 \ud835\udc15\ud835\udc22\ud835\udc2d\ud835\udc1a\ud835\udc23\ud835\udc2d\ud835\udc1e \ud835\udc0f\ud835\udc1e\ud835\udc2d\ud835\udc1e\ud835\udc2b !<br \/>\ud83d\udc49 <a href=\"https:\/\/t.co\/Teo0jTk796\">https:\/\/t.co\/Teo0jTk796<\/a><a href=\"https:\/\/twitter.com\/hashtag\/AllezTotalEnergies?src=hash&amp;ref_src=twsrc%5Etfw\">#AllezTotalEnergies<\/a>\u26a1 <a href=\"https:\/\/t.co\/CWhU89wZWF\">pic.twitter.com\/CWhU89wZWF<\/a><\/p>\n<p>&mdash; Team TotalEnergies (@TeamTotalEnrg) <a href=\"https:\/\/twitter.com\/TeamTotalEnrg\/status\/1422595414767845379?ref_src=twsrc%5Etfw\">August 3, 2021<\/a><\/p><\/blockquote>\n<p><script async data-src=\"https:\/\/platform.twitter.com\/widgets.js\" charset=\"utf-8\"><\/script><\/div>\n<p><em>\u201eEgy nagyon izgalmas kaland kezd\u0151dik<\/em>\u201d \u2013 nyilatkozta Sagan. <em>\u201eJean-Ren\u00e9 c\u00e9lja, hogy megv\u00e1ltoztassa a ker\u00e9kp\u00e1ros vil\u00e1got, \u00e9s rem\u00e9lem, hogy seg\u00edthetek neki \u00e9s a csapatnak ebben \u00e9s sok versenyt megnyerhetek az \u00faj sz\u00ednekben! Egyel\u0151re persze a szezonz\u00e1r\u00f3 c\u00e9lokra koncentr\u00e1lok a csapatommal \u00e9s t\u00e9len nagy lelkesed\u00e9ssel csatlakozom az \u00faj form\u00e1ci\u00f3hoz.\u201d<\/em><\/p>\n<p>Meglep\u0151 m\u00f3don Sagan nem vitte mag\u00e1val testv\u00e9r\u00e9t, Jurajt \u00e9s egy m\u00e1sik szlov\u00e1k t\u00e1rs\u00e1t, Erik Ba\u0161k\u00e1t. Jelenleg mindketten a Bora-Hansgrohe csapat\u00e1ban tekernek. Nem tudni, hogy Sagan fog-e m\u00e9g versenyezni vel\u00fck, a jelenlegi csapat\u00e1ban. Val\u00f3sz\u00edn\u0171leg azonban l\u00e1thatjuk majd a leuveni vil\u00e1gbajnoks\u00e1gon \u00e9s az olaszorsz\u00e1gi Eur\u00f3pa -bajnoks\u00e1gon.<\/p>\n<p>A Team TotalEnergies menedzsere, Jean-Ren\u00e9 Bernaudeau pedig \u00edgy nyilatkozott: <em>\u201eNyilv\u00e1nval\u00f3an hihetetlen\u00fcl b\u00fcszk\u00e9k vagyunk. K\u00e9ts\u00e9gtelen\u00fcl Peter a vil\u00e1g legn\u00e9pszer\u0171bb bring\u00e1sa, kiv\u00e9teles tehets\u00e9g, aki lehet\u0151v\u00e9 teszi, hogy szintet l\u00e9pj\u00fcnk. Nagyon ambici\u00f3zus a csapat!\u201d<\/em><\/p>\n<div class=\"embed-controller-wrapper\">\n<blockquote class=\"twitter-tweet\" data-width=\"500\" data-dnt=\"true\">\n<p lang=\"en\" dir=\"ltr\">A cycle is closing in my professional career<a href=\"https:\/\/t.co\/p3Xq1lBAoM\">https:\/\/t.co\/p3Xq1lBAoM<\/a><\/p>\n<p>&mdash; Peter Sagan (@petosagan) <a href=\"https:\/\/twitter.com\/petosagan\/status\/1420672677338091520?ref_src=twsrc%5Etfw\">July 29, 2021<\/a><\/p><\/blockquote>\n<p><script async data-src=\"https:\/\/platform.twitter.com\/widgets.js\" charset=\"utf-8\"><\/script><\/div>\n<p><em>\u201ePeter hatalmas versenyz\u0151, ezt mindenki tudja, \u00e9s biztosan szerez majd nek\u00fcnk gy\u0151zelmeket: ebben sz\u00e1m\u00edtunk is r\u00e1. A bajnok \u00e1tigazol\u00e1sa, \u00e9s az olyan m\u00e1rk\u00e1kkal val\u00f3 partners\u00e9g, mint a Specialized \u00e9s a Sportful \u00faj vonzer\u0151t jelenthet a holnap tehets\u00e9gei sz\u00e1m\u00e1ra.<\/em><\/p>\n<p><em>\u201ePeter a Classics \u00e9s a Tour alatt kulcsfontoss\u00e1g\u00fa r\u00e9sze lesz a csapatnak. Tapasztalatai r\u00e9v\u00e9n rengeteget tanulhatunk t\u0151le, \u00e9s biztosan seg\u00edteni fog abban, hogy magasabb szintre l\u00e9pj\u00fcnk. \u201d<\/em><\/p>\n<p>Szerinted hogyan fog teljes\u00edteni Peter \u00faj csapat\u00e1ban? Fog m\u00e9g nyerni \u0160koda z\u00f6ld trik\u00f3t?<\/p>\n","protected":false},"excerpt":{"rendered":"<p>A francia m\u00e1sodoszt\u00e1ly\u00fa csapat \u201ehatalmas b\u00fcszkes\u00e9ggel\u201d jelentette be, hogy igazolt\u00e1k a h\u00e1romszoros vil\u00e1gbajnokot, \u00e9s tov\u00e1bb \u00e9p\u00edtik csapatukat az UCI WorldTour-ra. [&hellip;]<\/p>\n","protected":false},"author":71,"featured_media":12226,"comment_status":"open","ping_status":"open","sticky":false,"template":"","format":"standard","meta":{"footnotes":""},"categories":[8],"tags":[],"global-categories":[],"class_list":["post-12223","post","type-post","status-publish","format-standard","has-post-thumbnail","hentry","category-orszaguti-kerekpar"],"yoast_head":"<!-- This site is optimized with the Yoast SEO Premium plugin v25.3 (Yoast SEO v25.9) - https:\/\/yoast.com\/wordpress\/plugins\/seo\/ -->\n<title>Peter Sagan a TotalEnergies csapat\u00e1ban<\/title>\n<meta name=\"description\" content=\"A francia m\u00e1sodoszt\u00e1ly\u00fa csapat \u201ehatalmas b\u00fcszkes\u00e9ggel\u201d jelentette be, hogy igazolt\u00e1k a h\u00e1romszoros vil\u00e1gbajnokot, \u00e9s tov\u00e1bb \u00e9p\u00edtik csapatukat az UCI WorldTour-ra. Sagan mellett Maciej Bodnar \u00e9s Daniel Oss versenyz\u0151k is csatlakoztak a TotalEnergies-hez.\" \/>\n<meta name=\"robots\" content=\"index, follow, max-snippet:-1, max-image-preview:large, max-video-preview:-1\" \/>\n<link rel=\"canonical\" href=\"https:\/\/www.welovecycling.com\/hu\/orszaguti-kerekpar\/peter-sagan-a-totalenergies-csapataban\/\" \/>\n<meta property=\"og:locale\" content=\"hu_HU\" \/>\n<meta property=\"og:type\" content=\"article\" \/>\n<meta property=\"og:title\" content=\"Peter Sagan a TotalEnergies csapat\u00e1ban\" \/>\n<meta property=\"og:description\" content=\"A francia m\u00e1sodoszt\u00e1ly\u00fa csapat \u201ehatalmas b\u00fcszkes\u00e9ggel\u201d jelentette be, hogy igazolt\u00e1k a h\u00e1romszoros vil\u00e1gbajnokot, \u00e9s tov\u00e1bb \u00e9p\u00edtik csapatukat az UCI WorldTour-ra. Sagan mellett Maciej Bodnar \u00e9s Daniel Oss versenyz\u0151k is csatlakoztak a TotalEnergies-hez.\" \/>\n<meta property=\"og:url\" content=\"https:\/\/www.welovecycling.com\/hu\/orszaguti-kerekpar\/peter-sagan-a-totalenergies-csapataban\/\" \/>\n<meta property=\"og:site_name\" content=\"\u0160koda We Love Cycling - Magyarorsz\u00e1g\" \/>\n<meta property=\"article:publisher\" content=\"https:\/\/www.facebook.com\/WeLoveCyclingHungary\/\" \/>\n<meta property=\"article:published_time\" content=\"2021-08-19T06:00:30+00:00\" \/>\n<meta property=\"og:image\" content=\"https:\/\/d2p6e6u75xmxt8.cloudfront.net\/12\/2021\/08\/Peter-Sagan-profimedia-0612464979-CVR.jpg\" \/>\n\t<meta property=\"og:image:width\" content=\"1366\" \/>\n\t<meta property=\"og:image:height\" content=\"600\" \/>\n\t<meta property=\"og:image:type\" content=\"image\/jpeg\" \/>\n<meta name=\"author\" content=\"hegyizs\" \/>\n<meta name=\"twitter:card\" content=\"summary_large_image\" \/>\n<meta name=\"twitter:label1\" content=\"Written by\" \/>\n\t<meta name=\"twitter:data1\" content=\"Monica Buck\" \/>\n\t<meta name=\"twitter:label2\" content=\"Est. reading time\" \/>\n\t<meta name=\"twitter:data2\" content=\"4\" \/>\n<script type=\"application\/ld+json\" class=\"yoast-schema-graph\">{\"@context\":\"https:\/\/schema.org\",\"@graph\":[{\"@type\":\"WebPage\",\"@id\":\"https:\/\/www.welovecycling.com\/hu\/orszaguti-kerekpar\/peter-sagan-a-totalenergies-csapataban\/\",\"url\":\"https:\/\/www.welovecycling.com\/hu\/orszaguti-kerekpar\/peter-sagan-a-totalenergies-csapataban\/\",\"name\":\"Peter Sagan a TotalEnergies csapat\u00e1ban\",\"isPartOf\":{\"@id\":\"https:\/\/www.welovecycling.com\/hu\/#website\"},\"primaryImageOfPage\":{\"@id\":\"https:\/\/www.welovecycling.com\/hu\/orszaguti-kerekpar\/peter-sagan-a-totalenergies-csapataban\/#primaryimage\"},\"image\":{\"@id\":\"https:\/\/www.welovecycling.com\/hu\/orszaguti-kerekpar\/peter-sagan-a-totalenergies-csapataban\/#primaryimage\"},\"thumbnailUrl\":\"https:\/\/d2p6e6u75xmxt8.cloudfront.net\/12\/2021\/08\/Peter-Sagan-profimedia-0612464979-CVR.jpg\",\"datePublished\":\"2021-08-19T06:00:30+00:00\",\"author\":{\"@id\":\"https:\/\/www.welovecycling.com\/hu\/#\/schema\/person\/414a2aebf1801691a5320edb6468e194\"},\"description\":\"A francia m\u00e1sodoszt\u00e1ly\u00fa csapat \u201ehatalmas b\u00fcszkes\u00e9ggel\u201d jelentette be, hogy igazolt\u00e1k a h\u00e1romszoros vil\u00e1gbajnokot, \u00e9s tov\u00e1bb \u00e9p\u00edtik csapatukat az UCI WorldTour-ra. Sagan mellett Maciej Bodnar \u00e9s Daniel Oss versenyz\u0151k is csatlakoztak a TotalEnergies-hez.\",\"breadcrumb\":{\"@id\":\"https:\/\/www.welovecycling.com\/hu\/orszaguti-kerekpar\/peter-sagan-a-totalenergies-csapataban\/#breadcrumb\"},\"inLanguage\":\"hu\",\"potentialAction\":[{\"@type\":\"ReadAction\",\"target\":[\"https:\/\/www.welovecycling.com\/hu\/orszaguti-kerekpar\/peter-sagan-a-totalenergies-csapataban\/\"]}]},{\"@type\":\"ImageObject\",\"inLanguage\":\"hu\",\"@id\":\"https:\/\/www.welovecycling.com\/hu\/orszaguti-kerekpar\/peter-sagan-a-totalenergies-csapataban\/#primaryimage\",\"url\":\"https:\/\/d2p6e6u75xmxt8.cloudfront.net\/12\/2021\/08\/Peter-Sagan-profimedia-0612464979-CVR.jpg\",\"contentUrl\":\"https:\/\/d2p6e6u75xmxt8.cloudfront.net\/12\/2021\/08\/Peter-Sagan-profimedia-0612464979-CVR.jpg\",\"width\":1366,\"height\":600,\"caption\":\"Peter Sagan\"},{\"@type\":\"BreadcrumbList\",\"@id\":\"https:\/\/www.welovecycling.com\/hu\/orszaguti-kerekpar\/peter-sagan-a-totalenergies-csapataban\/#breadcrumb\",\"itemListElement\":[{\"@type\":\"ListItem\",\"position\":1,\"name\":\"Home\",\"item\":\"https:\/\/www.welovecycling.com\/hu\/\"},{\"@type\":\"ListItem\",\"position\":2,\"name\":\"Peter Sagan a TotalEnergies csapat\u00e1ban\"}]},{\"@type\":\"WebSite\",\"@id\":\"https:\/\/www.welovecycling.com\/hu\/#website\",\"url\":\"https:\/\/www.welovecycling.com\/hu\/\",\"name\":\"\u0160koda We Love Cycling - Magyarorsz\u00e1g\",\"description\":\"\u0160koda WeLoveCycling\",\"potentialAction\":[{\"@type\":\"SearchAction\",\"target\":{\"@type\":\"EntryPoint\",\"urlTemplate\":\"https:\/\/www.welovecycling.com\/hu\/?s={search_term_string}\"},\"query-input\":{\"@type\":\"PropertyValueSpecification\",\"valueRequired\":true,\"valueName\":\"search_term_string\"}}],\"inLanguage\":\"hu\"},{\"@type\":\"Person\",\"@id\":\"https:\/\/www.welovecycling.com\/hu\/#\/schema\/person\/414a2aebf1801691a5320edb6468e194\",\"name\":\"hegyizs\",\"image\":{\"@type\":\"ImageObject\",\"inLanguage\":\"hu\",\"@id\":\"https:\/\/www.welovecycling.com\/hu\/#\/schema\/person\/image\/\",\"url\":\"https:\/\/secure.gravatar.com\/avatar\/02cf8a7906b8cf90cecb4679defac7cfd33a1c2e3b88e4903d947f3bb58eedd3?s=96&d=mm&r=g\",\"contentUrl\":\"https:\/\/secure.gravatar.com\/avatar\/02cf8a7906b8cf90cecb4679defac7cfd33a1c2e3b88e4903d947f3bb58eedd3?s=96&d=mm&r=g\",\"caption\":\"hegyizs\"},\"url\":\"https:\/\/www.welovecycling.com\/hu\/author\/hegyizs\/\"}]}<\/script>\n<!-- \/ Yoast SEO Premium plugin. -->","yoast_head_json":{"title":"Peter Sagan a TotalEnergies csapat\u00e1ban","description":"A francia m\u00e1sodoszt\u00e1ly\u00fa csapat \u201ehatalmas b\u00fcszkes\u00e9ggel\u201d jelentette be, hogy igazolt\u00e1k a h\u00e1romszoros vil\u00e1gbajnokot, \u00e9s tov\u00e1bb \u00e9p\u00edtik csapatukat az UCI WorldTour-ra. Sagan mellett Maciej Bodnar \u00e9s Daniel Oss versenyz\u0151k is csatlakoztak a TotalEnergies-hez.","robots":{"index":"index","follow":"follow","max-snippet":"max-snippet:-1","max-image-preview":"max-image-preview:large","max-video-preview":"max-video-preview:-1"},"canonical":"https:\/\/www.welovecycling.com\/hu\/orszaguti-kerekpar\/peter-sagan-a-totalenergies-csapataban\/","og_locale":"hu_HU","og_type":"article","og_title":"Peter Sagan a TotalEnergies csapat\u00e1ban","og_description":"A francia m\u00e1sodoszt\u00e1ly\u00fa csapat \u201ehatalmas b\u00fcszkes\u00e9ggel\u201d jelentette be, hogy igazolt\u00e1k a h\u00e1romszoros vil\u00e1gbajnokot, \u00e9s tov\u00e1bb \u00e9p\u00edtik csapatukat az UCI WorldTour-ra. Sagan mellett Maciej Bodnar \u00e9s Daniel Oss versenyz\u0151k is csatlakoztak a TotalEnergies-hez.","og_url":"https:\/\/www.welovecycling.com\/hu\/orszaguti-kerekpar\/peter-sagan-a-totalenergies-csapataban\/","og_site_name":"\u0160koda We Love Cycling - Magyarorsz\u00e1g","article_publisher":"https:\/\/www.facebook.com\/WeLoveCyclingHungary\/","article_published_time":"2021-08-19T06:00:30+00:00","og_image":[{"width":1366,"height":600,"url":"https:\/\/d2p6e6u75xmxt8.cloudfront.net\/12\/2021\/08\/Peter-Sagan-profimedia-0612464979-CVR.jpg","type":"image\/jpeg"}],"author":"hegyizs","twitter_card":"summary_large_image","twitter_misc":{"Written by":"Monica Buck","Est. reading time":"4"},"schema":{"@context":"https:\/\/schema.org","@graph":[{"@type":"WebPage","@id":"https:\/\/www.welovecycling.com\/hu\/orszaguti-kerekpar\/peter-sagan-a-totalenergies-csapataban\/","url":"https:\/\/www.welovecycling.com\/hu\/orszaguti-kerekpar\/peter-sagan-a-totalenergies-csapataban\/","name":"Peter Sagan a TotalEnergies csapat\u00e1ban","isPartOf":{"@id":"https:\/\/www.welovecycling.com\/hu\/#website"},"primaryImageOfPage":{"@id":"https:\/\/www.welovecycling.com\/hu\/orszaguti-kerekpar\/peter-sagan-a-totalenergies-csapataban\/#primaryimage"},"image":{"@id":"https:\/\/www.welovecycling.com\/hu\/orszaguti-kerekpar\/peter-sagan-a-totalenergies-csapataban\/#primaryimage"},"thumbnailUrl":"https:\/\/d2p6e6u75xmxt8.cloudfront.net\/12\/2021\/08\/Peter-Sagan-profimedia-0612464979-CVR.jpg","datePublished":"2021-08-19T06:00:30+00:00","author":{"@id":"https:\/\/www.welovecycling.com\/hu\/#\/schema\/person\/414a2aebf1801691a5320edb6468e194"},"description":"A francia m\u00e1sodoszt\u00e1ly\u00fa csapat \u201ehatalmas b\u00fcszkes\u00e9ggel\u201d jelentette be, hogy igazolt\u00e1k a h\u00e1romszoros vil\u00e1gbajnokot, \u00e9s tov\u00e1bb \u00e9p\u00edtik csapatukat az UCI WorldTour-ra. Sagan mellett Maciej Bodnar \u00e9s Daniel Oss versenyz\u0151k is csatlakoztak a TotalEnergies-hez.","breadcrumb":{"@id":"https:\/\/www.welovecycling.com\/hu\/orszaguti-kerekpar\/peter-sagan-a-totalenergies-csapataban\/#breadcrumb"},"inLanguage":"hu","potentialAction":[{"@type":"ReadAction","target":["https:\/\/www.welovecycling.com\/hu\/orszaguti-kerekpar\/peter-sagan-a-totalenergies-csapataban\/"]}]},{"@type":"ImageObject","inLanguage":"hu","@id":"https:\/\/www.welovecycling.com\/hu\/orszaguti-kerekpar\/peter-sagan-a-totalenergies-csapataban\/#primaryimage","url":"https:\/\/d2p6e6u75xmxt8.cloudfront.net\/12\/2021\/08\/Peter-Sagan-profimedia-0612464979-CVR.jpg","contentUrl":"https:\/\/d2p6e6u75xmxt8.cloudfront.net\/12\/2021\/08\/Peter-Sagan-profimedia-0612464979-CVR.jpg","width":1366,"height":600,"caption":"Peter Sagan"},{"@type":"BreadcrumbList","@id":"https:\/\/www.welovecycling.com\/hu\/orszaguti-kerekpar\/peter-sagan-a-totalenergies-csapataban\/#breadcrumb","itemListElement":[{"@type":"ListItem","position":1,"name":"Home","item":"https:\/\/www.welovecycling.com\/hu\/"},{"@type":"ListItem","position":2,"name":"Peter Sagan a TotalEnergies csapat\u00e1ban"}]},{"@type":"WebSite","@id":"https:\/\/www.welovecycling.com\/hu\/#website","url":"https:\/\/www.welovecycling.com\/hu\/","name":"\u0160koda We Love Cycling - Magyarorsz\u00e1g","description":"\u0160koda WeLoveCycling","potentialAction":[{"@type":"SearchAction","target":{"@type":"EntryPoint","urlTemplate":"https:\/\/www.welovecycling.com\/hu\/?s={search_term_string}"},"query-input":{"@type":"PropertyValueSpecification","valueRequired":true,"valueName":"search_term_string"}}],"inLanguage":"hu"},{"@type":"Person","@id":"https:\/\/www.welovecycling.com\/hu\/#\/schema\/person\/414a2aebf1801691a5320edb6468e194","name":"hegyizs","image":{"@type":"ImageObject","inLanguage":"hu","@id":"https:\/\/www.welovecycling.com\/hu\/#\/schema\/person\/image\/","url":"https:\/\/secure.gravatar.com\/avatar\/02cf8a7906b8cf90cecb4679defac7cfd33a1c2e3b88e4903d947f3bb58eedd3?s=96&d=mm&r=g","contentUrl":"https:\/\/secure.gravatar.com\/avatar\/02cf8a7906b8cf90cecb4679defac7cfd33a1c2e3b88e4903d947f3bb58eedd3?s=96&d=mm&r=g","caption":"hegyizs"},"url":"https:\/\/www.welovecycling.com\/hu\/author\/hegyizs\/"}]}},"_links":{"self":[{"href":"https:\/\/www.welovecycling.com\/hu\/wp-json\/wp\/v2\/posts\/12223","targetHints":{"allow":["GET"]}}],"collection":[{"href":"https:\/\/www.welovecycling.com\/hu\/wp-json\/wp\/v2\/posts"}],"about":[{"href":"https:\/\/www.welovecycling.com\/hu\/wp-json\/wp\/v2\/types\/post"}],"author":[{"embeddable":true,"href":"https:\/\/www.welovecycling.com\/hu\/wp-json\/wp\/v2\/users\/71"}],"replies":[{"embeddable":true,"href":"https:\/\/www.welovecycling.com\/hu\/wp-json\/wp\/v2\/comments?post=12223"}],"version-history":[{"count":1,"href":"https:\/\/www.welovecycling.com\/hu\/wp-json\/wp\/v2\/posts\/12223\/revisions"}],"predecessor-version":[{"id":12230,"href":"https:\/\/www.welovecycling.com\/hu\/wp-json\/wp\/v2\/posts\/12223\/revisions\/12230"}],"wp:featuredmedia":[{"embeddable":true,"href":"https:\/\/www.welovecycling.com\/hu\/wp-json\/wp\/v2\/media\/12226"}],"wp:attachment":[{"href":"https:\/\/www.welovecycling.com\/hu\/wp-json\/wp\/v2\/media?parent=12223"}],"wp:term":[{"taxonomy":"category","embeddable":true,"href":"https:\/\/www.welovecycling.com\/hu\/wp-json\/wp\/v2\/categories?post=12223"},{"taxonomy":"post_tag","embeddable":true,"href":"https:\/\/www.welovecycling.com\/hu\/wp-json\/wp\/v2\/tags?post=12223"},{"taxonomy":"global-categories","embeddable":true,"href":"https:\/\/www.welovecycling.com\/hu\/wp-json\/wp\/v2\/global-categories?post=12223"}],"curies":[{"name":"wp","href":"https:\/\/api.w.org\/{rel}","templated":true}]}}