{"id":12207,"date":"2021-08-20T08:00:02","date_gmt":"2021-08-20T06:00:02","guid":{"rendered":"https:\/\/www.welovecycling.com\/hu\/?p=12207"},"modified":"2021-08-13T15:26:16","modified_gmt":"2021-08-13T13:26:16","slug":"17-jel-ami-elarulja-hogy-verbeli-bringas-vagy","status":"publish","type":"post","link":"https:\/\/www.welovecycling.com\/hu\/kozosseg-es-kultura\/17-jel-ami-elarulja-hogy-verbeli-bringas-vagy\/","title":{"rendered":"17 jel, ami el\u00e1rulja, hogy v\u00e9rbeli bring\u00e1s vagy"},"content":{"rendered":"<p><strong>Ak\u00e1rhogy is k\u00fczdesz ellene, az \u00e9letm\u00f3dod \u00e9s a tapasztalataid \u00e1talak\u00edtj\u00e1k a tested \u00e9s a szok\u00e1saidat. N\u00e9ha el\u00e9g, ha az emberek a szemedbe n\u00e9znek, \u00e9s m\u00e1ris ismerik a szenved\u00e9lyed, \u00e9s ez al\u00f3l a bicikliz\u00e9s sem kiv\u00e9tel. A nyeregben t\u00f6lt\u00f6tt \u00e9vek bizony nyomot hagynak rajtad, amik n\u00e9ha mulats\u00e1gosan k\u00f6nny\u0171v\u00e9 teszik, hogy felismerj\u00e9k benned a bring\u00e1st!<\/strong><\/p>\n<p><!--more--><\/p>\n<p>1.\u00a0\u00a0\u00a0\u00a0 A telefonod id\u0151j\u00e1r\u00e1s-applik\u00e1ci\u00f3ja eg\u00e9sz j\u00faliusban Franciaorsz\u00e1got figyeli, hi\u00e1ba vagy itthon.<\/p>\n<p>2.\u00a0\u00a0\u00a0\u00a0 Mindig van n\u00e1lad k\u00e9zipumpa \u00e9s n\u00e9h\u00e1ny szersz\u00e1m, mindegy, milyen j\u00e1rm\u0171vel utazol.<\/p>\n<p>3.\u00a0\u00a0\u00a0\u00a0 Furcs\u00e1k a v\u00e1dlijaid.<\/p>\n<p>4.\u00a0\u00a0\u00a0\u00a0 A tenyered \u00fagy n\u00e9z ki, mintha k\u0151kem\u00e9ny fizikai munk\u00e1t v\u00e9gezn\u00e9l nap, mint nap, akkor is, ha irod\u00e1ban dolgozol.<\/p>\n<p>5.\u00a0\u00a0\u00a0\u00a0 Nyelvbotl\u00e1s n\u00e9lk\u00fcl fel tudod sorolni az \u00f6sszes belga \u00e9s holland Tour-versenyz\u0151t.<\/p>\n<p>6.\u00a0\u00a0\u00a0\u00a0 Egyet\u00e9rtesz azzal, hogy az \u00e9let \u00e9s a hal\u00e1l k\u00f6z\u00f6tti v\u00e1laszt\u00f3vonal m\u00e1sf\u00e9l m\u00e9teres.<\/p>\n<p>7.\u00a0\u00a0\u00a0\u00a0 T\u00f6bben is \u00e1ll\u00edtj\u00e1k, hogy l\u00e1ttak m\u00e1r kartonsz\u00e1mra venni a m\u00fczlit.<\/p>\n<p>8.\u00a0\u00a0\u00a0\u00a0 Ha esni kezd, b\u00e1rmikor el\u0151 tudsz kapni egy es\u0151kab\u00e1tot a zsebedb\u0151l.<\/p>\n<figure id=\"attachment_12208\" aria-describedby=\"caption-attachment-12208\" style=\"width: 1000px\" class=\"wp-caption alignnone\"><a href=\"https:\/\/d2p6e6u75xmxt8.cloudfront.net\/12\/2021\/08\/Valverde-raincoat-profimedia-0026175721.jpg\"><img loading=\"lazy\" decoding=\"async\" class=\"wp-image-12208 size-full\" src=\"https:\/\/d2p6e6u75xmxt8.cloudfront.net\/12\/2021\/08\/Valverde-raincoat-profimedia-0026175721.jpg\" alt=\"Alejandro Valverde\" width=\"1000\" height=\"649\" srcset=\"https:\/\/d2p6e6u75xmxt8.cloudfront.net\/12\/2021\/08\/Valverde-raincoat-profimedia-0026175721.jpg 1000w, https:\/\/d2p6e6u75xmxt8.cloudfront.net\/12\/2021\/08\/Valverde-raincoat-profimedia-0026175721-300x195.jpg 300w, https:\/\/d2p6e6u75xmxt8.cloudfront.net\/12\/2021\/08\/Valverde-raincoat-profimedia-0026175721-768x498.jpg 768w\" sizes=\"auto, (max-width: 1000px) 100vw, 1000px\" \/><\/a><figcaption id=\"caption-attachment-12208\" class=\"wp-caption-text\">Mindig van a zsebedben egy es\u0151kab\u00e1t! \u00a9 Profimedia<\/figcaption><\/figure>\n<p>9.\u00a0\u00a0\u00a0\u00a0 Gyorsabban fel\u00e9rsz a huszadikra, mint a lift, \u00e9s m\u00e9g leveg\u0151 ut\u00e1n sem kapkodsz.<\/p>\n<p>10.\u00a0\u00a0\u00a0\u00a0 Hab\u00e1r nem rendelkezel a t\u00e9m\u00e1ban v\u00e9gzetts\u00e9ggel, m\u00e9gis rengeteget tudsz a koh\u00e1szatr\u00f3l \u00e9s a sz\u00e9nsz\u00e1lak gy\u00e1rt\u00e1s\u00e1r\u00f3l.<\/p>\n<p>11.\u00a0\u00a0\u00a0\u00a0 Zavarbaejt\u0151en sok k\u00fcl\u00f6nbs\u00e9get l\u00e1tsz k\u00e9t gumiabroncs k\u00f6z\u00f6tt.<\/p>\n<p>12.\u00a0\u00a0\u00a0\u00a0 Miel\u0151tt megmond\u00e1d, mikorra \u00e9rsz haza, kim\u00e9sz az udvarra, hogy felm\u00e9rd a sz\u00e9l ir\u00e1ny\u00e1t \u00e9s erej\u00e9t.<\/p>\n<p>13.\u00a0\u00a0\u00a0\u00a0 A nyugalmi pulzusod alapj\u00e1n ak\u00e1r halott is lehetn\u00e9l.<\/p>\n<p>14.\u00a0\u00a0\u00a0\u00a0 Rajtakaptak m\u00e1r, hogy GPS seg\u00edts\u00e9g\u00e9vel igyekezt\u00e9l eligazodni a szupermarket polcai k\u00f6z\u00f6tt.<\/p>\n<p>15.\u00a0\u00a0\u00a0\u00a0 Nem s\u00edrsz, csak egy l\u00e9gy van a szemedben, att\u00f3l k\u00f6nnyezel.<\/p>\n<p>16.\u00a0\u00a0\u00a0\u00a0 Soha nem n\u00e9zel a haverjaiddal focit.<\/p>\n<p>17.\u00a0\u00a0\u00a0\u00a0 Olyan \u00e9les a hat\u00e1rvonal a karjaidon \u00e9s a l\u00e1baidon a barna \u00e9s a feh\u00e9r b\u0151r k\u00f6z\u00f6tt, mintha rajzolt\u00e1k volna.<\/p>\n","protected":false},"excerpt":{"rendered":"<p>Ak\u00e1rhogy is k\u00fczdesz ellene, az \u00e9letm\u00f3dod \u00e9s a tapasztalataid \u00e1talak\u00edtj\u00e1k a tested \u00e9s a szok\u00e1saidat. N\u00e9ha el\u00e9g, ha az emberek [&hellip;]<\/p>\n","protected":false},"author":71,"featured_media":12210,"comment_status":"open","ping_status":"open","sticky":false,"template":"","format":"standard","meta":{"footnotes":""},"categories":[12],"tags":[],"global-categories":[],"class_list":["post-12207","post","type-post","status-publish","format-standard","has-post-thumbnail","hentry","category-kozosseg-es-kultura"],"yoast_head":"<!-- This site is optimized with the Yoast SEO Premium plugin v25.3 (Yoast SEO v25.9) - https:\/\/yoast.com\/wordpress\/plugins\/seo\/ -->\n<title>17 jel, ami el\u00e1rulja, hogy v\u00e9rbeli bring\u00e1s vagy<\/title>\n<meta name=\"description\" content=\"Ak\u00e1rhogy is k\u00fczdesz ellene, az \u00e9letm\u00f3dod \u00e9s a tapasztalataid \u00e1talak\u00edtj\u00e1k a tested \u00e9s a szok\u00e1saidat. N\u00e9ha el\u00e9g, ha az emberek a szemedbe n\u00e9znek, \u00e9s m\u00e1ris ismerik a szenved\u00e9lyed, \u00e9s ez al\u00f3l a bicikliz\u00e9s sem kiv\u00e9tel. A nyeregben t\u00f6lt\u00f6tt \u00e9vek bizony nyomot hagynak rajtad, amik n\u00e9ha mulats\u00e1gosan k\u00f6nny\u0171v\u00e9 teszik, hogy felismerj\u00e9k benned a bring\u00e1st!\" \/>\n<meta name=\"robots\" content=\"index, follow, max-snippet:-1, max-image-preview:large, max-video-preview:-1\" \/>\n<link rel=\"canonical\" href=\"https:\/\/www.welovecycling.com\/hu\/kozosseg-es-kultura\/17-jel-ami-elarulja-hogy-verbeli-bringas-vagy\/\" \/>\n<meta property=\"og:locale\" content=\"hu_HU\" \/>\n<meta property=\"og:type\" content=\"article\" \/>\n<meta property=\"og:title\" content=\"17 jel, ami el\u00e1rulja, hogy v\u00e9rbeli bring\u00e1s vagy\" \/>\n<meta property=\"og:description\" content=\"Ak\u00e1rhogy is k\u00fczdesz ellene, az \u00e9letm\u00f3dod \u00e9s a tapasztalataid \u00e1talak\u00edtj\u00e1k a tested \u00e9s a szok\u00e1saidat. N\u00e9ha el\u00e9g, ha az emberek a szemedbe n\u00e9znek, \u00e9s m\u00e1ris ismerik a szenved\u00e9lyed, \u00e9s ez al\u00f3l a bicikliz\u00e9s sem kiv\u00e9tel. A nyeregben t\u00f6lt\u00f6tt \u00e9vek bizony nyomot hagynak rajtad, amik n\u00e9ha mulats\u00e1gosan k\u00f6nny\u0171v\u00e9 teszik, hogy felismerj\u00e9k benned a bring\u00e1st!\" \/>\n<meta property=\"og:url\" content=\"https:\/\/www.welovecycling.com\/hu\/kozosseg-es-kultura\/17-jel-ami-elarulja-hogy-verbeli-bringas-vagy\/\" \/>\n<meta property=\"og:site_name\" content=\"\u0160koda We Love Cycling - Magyarorsz\u00e1g\" \/>\n<meta property=\"article:publisher\" content=\"https:\/\/www.facebook.com\/WeLoveCyclingHungary\/\" \/>\n<meta property=\"article:published_time\" content=\"2021-08-20T06:00:02+00:00\" \/>\n<meta property=\"og:image\" content=\"https:\/\/d2p6e6u75xmxt8.cloudfront.net\/12\/2021\/08\/Cyclist-in-nature-MTB-profimedia-0624764392-CVR.jpg\" \/>\n\t<meta property=\"og:image:width\" content=\"1366\" \/>\n\t<meta property=\"og:image:height\" content=\"600\" \/>\n\t<meta property=\"og:image:type\" content=\"image\/jpeg\" \/>\n<meta name=\"author\" content=\"hegyizs\" \/>\n<meta name=\"twitter:card\" content=\"summary_large_image\" \/>\n<meta name=\"twitter:label1\" content=\"Written by\" \/>\n\t<meta name=\"twitter:data1\" content=\"Adam Marsal\" \/>\n\t<meta name=\"twitter:label2\" content=\"Est. reading time\" \/>\n\t<meta name=\"twitter:data2\" content=\"4\" \/>\n<script type=\"application\/ld+json\" class=\"yoast-schema-graph\">{\"@context\":\"https:\/\/schema.org\",\"@graph\":[{\"@type\":\"WebPage\",\"@id\":\"https:\/\/www.welovecycling.com\/hu\/kozosseg-es-kultura\/17-jel-ami-elarulja-hogy-verbeli-bringas-vagy\/\",\"url\":\"https:\/\/www.welovecycling.com\/hu\/kozosseg-es-kultura\/17-jel-ami-elarulja-hogy-verbeli-bringas-vagy\/\",\"name\":\"17 jel, ami el\u00e1rulja, hogy v\u00e9rbeli bring\u00e1s vagy\",\"isPartOf\":{\"@id\":\"https:\/\/www.welovecycling.com\/hu\/#website\"},\"primaryImageOfPage\":{\"@id\":\"https:\/\/www.welovecycling.com\/hu\/kozosseg-es-kultura\/17-jel-ami-elarulja-hogy-verbeli-bringas-vagy\/#primaryimage\"},\"image\":{\"@id\":\"https:\/\/www.welovecycling.com\/hu\/kozosseg-es-kultura\/17-jel-ami-elarulja-hogy-verbeli-bringas-vagy\/#primaryimage\"},\"thumbnailUrl\":\"https:\/\/d2p6e6u75xmxt8.cloudfront.net\/12\/2021\/08\/Cyclist-in-nature-MTB-profimedia-0624764392-CVR.jpg\",\"datePublished\":\"2021-08-20T06:00:02+00:00\",\"author\":{\"@id\":\"https:\/\/www.welovecycling.com\/hu\/#\/schema\/person\/414a2aebf1801691a5320edb6468e194\"},\"description\":\"Ak\u00e1rhogy is k\u00fczdesz ellene, az \u00e9letm\u00f3dod \u00e9s a tapasztalataid \u00e1talak\u00edtj\u00e1k a tested \u00e9s a szok\u00e1saidat. N\u00e9ha el\u00e9g, ha az emberek a szemedbe n\u00e9znek, \u00e9s m\u00e1ris ismerik a szenved\u00e9lyed, \u00e9s ez al\u00f3l a bicikliz\u00e9s sem kiv\u00e9tel. A nyeregben t\u00f6lt\u00f6tt \u00e9vek bizony nyomot hagynak rajtad, amik n\u00e9ha mulats\u00e1gosan k\u00f6nny\u0171v\u00e9 teszik, hogy felismerj\u00e9k benned a bring\u00e1st!\",\"breadcrumb\":{\"@id\":\"https:\/\/www.welovecycling.com\/hu\/kozosseg-es-kultura\/17-jel-ami-elarulja-hogy-verbeli-bringas-vagy\/#breadcrumb\"},\"inLanguage\":\"hu\",\"potentialAction\":[{\"@type\":\"ReadAction\",\"target\":[\"https:\/\/www.welovecycling.com\/hu\/kozosseg-es-kultura\/17-jel-ami-elarulja-hogy-verbeli-bringas-vagy\/\"]}]},{\"@type\":\"ImageObject\",\"inLanguage\":\"hu\",\"@id\":\"https:\/\/www.welovecycling.com\/hu\/kozosseg-es-kultura\/17-jel-ami-elarulja-hogy-verbeli-bringas-vagy\/#primaryimage\",\"url\":\"https:\/\/d2p6e6u75xmxt8.cloudfront.net\/12\/2021\/08\/Cyclist-in-nature-MTB-profimedia-0624764392-CVR.jpg\",\"contentUrl\":\"https:\/\/d2p6e6u75xmxt8.cloudfront.net\/12\/2021\/08\/Cyclist-in-nature-MTB-profimedia-0624764392-CVR.jpg\",\"width\":1366,\"height\":600,\"caption\":\"Cyclist\"},{\"@type\":\"BreadcrumbList\",\"@id\":\"https:\/\/www.welovecycling.com\/hu\/kozosseg-es-kultura\/17-jel-ami-elarulja-hogy-verbeli-bringas-vagy\/#breadcrumb\",\"itemListElement\":[{\"@type\":\"ListItem\",\"position\":1,\"name\":\"Home\",\"item\":\"https:\/\/www.welovecycling.com\/hu\/\"},{\"@type\":\"ListItem\",\"position\":2,\"name\":\"17 jel, ami el\u00e1rulja, hogy v\u00e9rbeli bring\u00e1s vagy\"}]},{\"@type\":\"WebSite\",\"@id\":\"https:\/\/www.welovecycling.com\/hu\/#website\",\"url\":\"https:\/\/www.welovecycling.com\/hu\/\",\"name\":\"\u0160koda We Love Cycling - Magyarorsz\u00e1g\",\"description\":\"\u0160koda WeLoveCycling\",\"potentialAction\":[{\"@type\":\"SearchAction\",\"target\":{\"@type\":\"EntryPoint\",\"urlTemplate\":\"https:\/\/www.welovecycling.com\/hu\/?s={search_term_string}\"},\"query-input\":{\"@type\":\"PropertyValueSpecification\",\"valueRequired\":true,\"valueName\":\"search_term_string\"}}],\"inLanguage\":\"hu\"},{\"@type\":\"Person\",\"@id\":\"https:\/\/www.welovecycling.com\/hu\/#\/schema\/person\/414a2aebf1801691a5320edb6468e194\",\"name\":\"hegyizs\",\"image\":{\"@type\":\"ImageObject\",\"inLanguage\":\"hu\",\"@id\":\"https:\/\/www.welovecycling.com\/hu\/#\/schema\/person\/image\/\",\"url\":\"https:\/\/secure.gravatar.com\/avatar\/02cf8a7906b8cf90cecb4679defac7cfd33a1c2e3b88e4903d947f3bb58eedd3?s=96&d=mm&r=g\",\"contentUrl\":\"https:\/\/secure.gravatar.com\/avatar\/02cf8a7906b8cf90cecb4679defac7cfd33a1c2e3b88e4903d947f3bb58eedd3?s=96&d=mm&r=g\",\"caption\":\"hegyizs\"},\"url\":\"https:\/\/www.welovecycling.com\/hu\/author\/hegyizs\/\"}]}<\/script>\n<!-- \/ Yoast SEO Premium plugin. -->","yoast_head_json":{"title":"17 jel, ami el\u00e1rulja, hogy v\u00e9rbeli bring\u00e1s vagy","description":"Ak\u00e1rhogy is k\u00fczdesz ellene, az \u00e9letm\u00f3dod \u00e9s a tapasztalataid \u00e1talak\u00edtj\u00e1k a tested \u00e9s a szok\u00e1saidat. N\u00e9ha el\u00e9g, ha az emberek a szemedbe n\u00e9znek, \u00e9s m\u00e1ris ismerik a szenved\u00e9lyed, \u00e9s ez al\u00f3l a bicikliz\u00e9s sem kiv\u00e9tel. A nyeregben t\u00f6lt\u00f6tt \u00e9vek bizony nyomot hagynak rajtad, amik n\u00e9ha mulats\u00e1gosan k\u00f6nny\u0171v\u00e9 teszik, hogy felismerj\u00e9k benned a bring\u00e1st!","robots":{"index":"index","follow":"follow","max-snippet":"max-snippet:-1","max-image-preview":"max-image-preview:large","max-video-preview":"max-video-preview:-1"},"canonical":"https:\/\/www.welovecycling.com\/hu\/kozosseg-es-kultura\/17-jel-ami-elarulja-hogy-verbeli-bringas-vagy\/","og_locale":"hu_HU","og_type":"article","og_title":"17 jel, ami el\u00e1rulja, hogy v\u00e9rbeli bring\u00e1s vagy","og_description":"Ak\u00e1rhogy is k\u00fczdesz ellene, az \u00e9letm\u00f3dod \u00e9s a tapasztalataid \u00e1talak\u00edtj\u00e1k a tested \u00e9s a szok\u00e1saidat. N\u00e9ha el\u00e9g, ha az emberek a szemedbe n\u00e9znek, \u00e9s m\u00e1ris ismerik a szenved\u00e9lyed, \u00e9s ez al\u00f3l a bicikliz\u00e9s sem kiv\u00e9tel. A nyeregben t\u00f6lt\u00f6tt \u00e9vek bizony nyomot hagynak rajtad, amik n\u00e9ha mulats\u00e1gosan k\u00f6nny\u0171v\u00e9 teszik, hogy felismerj\u00e9k benned a bring\u00e1st!","og_url":"https:\/\/www.welovecycling.com\/hu\/kozosseg-es-kultura\/17-jel-ami-elarulja-hogy-verbeli-bringas-vagy\/","og_site_name":"\u0160koda We Love Cycling - Magyarorsz\u00e1g","article_publisher":"https:\/\/www.facebook.com\/WeLoveCyclingHungary\/","article_published_time":"2021-08-20T06:00:02+00:00","og_image":[{"width":1366,"height":600,"url":"https:\/\/d2p6e6u75xmxt8.cloudfront.net\/12\/2021\/08\/Cyclist-in-nature-MTB-profimedia-0624764392-CVR.jpg","type":"image\/jpeg"}],"author":"hegyizs","twitter_card":"summary_large_image","twitter_misc":{"Written by":"Adam Marsal","Est. reading time":"4"},"schema":{"@context":"https:\/\/schema.org","@graph":[{"@type":"WebPage","@id":"https:\/\/www.welovecycling.com\/hu\/kozosseg-es-kultura\/17-jel-ami-elarulja-hogy-verbeli-bringas-vagy\/","url":"https:\/\/www.welovecycling.com\/hu\/kozosseg-es-kultura\/17-jel-ami-elarulja-hogy-verbeli-bringas-vagy\/","name":"17 jel, ami el\u00e1rulja, hogy v\u00e9rbeli bring\u00e1s vagy","isPartOf":{"@id":"https:\/\/www.welovecycling.com\/hu\/#website"},"primaryImageOfPage":{"@id":"https:\/\/www.welovecycling.com\/hu\/kozosseg-es-kultura\/17-jel-ami-elarulja-hogy-verbeli-bringas-vagy\/#primaryimage"},"image":{"@id":"https:\/\/www.welovecycling.com\/hu\/kozosseg-es-kultura\/17-jel-ami-elarulja-hogy-verbeli-bringas-vagy\/#primaryimage"},"thumbnailUrl":"https:\/\/d2p6e6u75xmxt8.cloudfront.net\/12\/2021\/08\/Cyclist-in-nature-MTB-profimedia-0624764392-CVR.jpg","datePublished":"2021-08-20T06:00:02+00:00","author":{"@id":"https:\/\/www.welovecycling.com\/hu\/#\/schema\/person\/414a2aebf1801691a5320edb6468e194"},"description":"Ak\u00e1rhogy is k\u00fczdesz ellene, az \u00e9letm\u00f3dod \u00e9s a tapasztalataid \u00e1talak\u00edtj\u00e1k a tested \u00e9s a szok\u00e1saidat. N\u00e9ha el\u00e9g, ha az emberek a szemedbe n\u00e9znek, \u00e9s m\u00e1ris ismerik a szenved\u00e9lyed, \u00e9s ez al\u00f3l a bicikliz\u00e9s sem kiv\u00e9tel. A nyeregben t\u00f6lt\u00f6tt \u00e9vek bizony nyomot hagynak rajtad, amik n\u00e9ha mulats\u00e1gosan k\u00f6nny\u0171v\u00e9 teszik, hogy felismerj\u00e9k benned a bring\u00e1st!","breadcrumb":{"@id":"https:\/\/www.welovecycling.com\/hu\/kozosseg-es-kultura\/17-jel-ami-elarulja-hogy-verbeli-bringas-vagy\/#breadcrumb"},"inLanguage":"hu","potentialAction":[{"@type":"ReadAction","target":["https:\/\/www.welovecycling.com\/hu\/kozosseg-es-kultura\/17-jel-ami-elarulja-hogy-verbeli-bringas-vagy\/"]}]},{"@type":"ImageObject","inLanguage":"hu","@id":"https:\/\/www.welovecycling.com\/hu\/kozosseg-es-kultura\/17-jel-ami-elarulja-hogy-verbeli-bringas-vagy\/#primaryimage","url":"https:\/\/d2p6e6u75xmxt8.cloudfront.net\/12\/2021\/08\/Cyclist-in-nature-MTB-profimedia-0624764392-CVR.jpg","contentUrl":"https:\/\/d2p6e6u75xmxt8.cloudfront.net\/12\/2021\/08\/Cyclist-in-nature-MTB-profimedia-0624764392-CVR.jpg","width":1366,"height":600,"caption":"Cyclist"},{"@type":"BreadcrumbList","@id":"https:\/\/www.welovecycling.com\/hu\/kozosseg-es-kultura\/17-jel-ami-elarulja-hogy-verbeli-bringas-vagy\/#breadcrumb","itemListElement":[{"@type":"ListItem","position":1,"name":"Home","item":"https:\/\/www.welovecycling.com\/hu\/"},{"@type":"ListItem","position":2,"name":"17 jel, ami el\u00e1rulja, hogy v\u00e9rbeli bring\u00e1s vagy"}]},{"@type":"WebSite","@id":"https:\/\/www.welovecycling.com\/hu\/#website","url":"https:\/\/www.welovecycling.com\/hu\/","name":"\u0160koda We Love Cycling - Magyarorsz\u00e1g","description":"\u0160koda WeLoveCycling","potentialAction":[{"@type":"SearchAction","target":{"@type":"EntryPoint","urlTemplate":"https:\/\/www.welovecycling.com\/hu\/?s={search_term_string}"},"query-input":{"@type":"PropertyValueSpecification","valueRequired":true,"valueName":"search_term_string"}}],"inLanguage":"hu"},{"@type":"Person","@id":"https:\/\/www.welovecycling.com\/hu\/#\/schema\/person\/414a2aebf1801691a5320edb6468e194","name":"hegyizs","image":{"@type":"ImageObject","inLanguage":"hu","@id":"https:\/\/www.welovecycling.com\/hu\/#\/schema\/person\/image\/","url":"https:\/\/secure.gravatar.com\/avatar\/02cf8a7906b8cf90cecb4679defac7cfd33a1c2e3b88e4903d947f3bb58eedd3?s=96&d=mm&r=g","contentUrl":"https:\/\/secure.gravatar.com\/avatar\/02cf8a7906b8cf90cecb4679defac7cfd33a1c2e3b88e4903d947f3bb58eedd3?s=96&d=mm&r=g","caption":"hegyizs"},"url":"https:\/\/www.welovecycling.com\/hu\/author\/hegyizs\/"}]}},"_links":{"self":[{"href":"https:\/\/www.welovecycling.com\/hu\/wp-json\/wp\/v2\/posts\/12207","targetHints":{"allow":["GET"]}}],"collection":[{"href":"https:\/\/www.welovecycling.com\/hu\/wp-json\/wp\/v2\/posts"}],"about":[{"href":"https:\/\/www.welovecycling.com\/hu\/wp-json\/wp\/v2\/types\/post"}],"author":[{"embeddable":true,"href":"https:\/\/www.welovecycling.com\/hu\/wp-json\/wp\/v2\/users\/71"}],"replies":[{"embeddable":true,"href":"https:\/\/www.welovecycling.com\/hu\/wp-json\/wp\/v2\/comments?post=12207"}],"version-history":[{"count":2,"href":"https:\/\/www.welovecycling.com\/hu\/wp-json\/wp\/v2\/posts\/12207\/revisions"}],"predecessor-version":[{"id":12227,"href":"https:\/\/www.welovecycling.com\/hu\/wp-json\/wp\/v2\/posts\/12207\/revisions\/12227"}],"wp:featuredmedia":[{"embeddable":true,"href":"https:\/\/www.welovecycling.com\/hu\/wp-json\/wp\/v2\/media\/12210"}],"wp:attachment":[{"href":"https:\/\/www.welovecycling.com\/hu\/wp-json\/wp\/v2\/media?parent=12207"}],"wp:term":[{"taxonomy":"category","embeddable":true,"href":"https:\/\/www.welovecycling.com\/hu\/wp-json\/wp\/v2\/categories?post=12207"},{"taxonomy":"post_tag","embeddable":true,"href":"https:\/\/www.welovecycling.com\/hu\/wp-json\/wp\/v2\/tags?post=12207"},{"taxonomy":"global-categories","embeddable":true,"href":"https:\/\/www.welovecycling.com\/hu\/wp-json\/wp\/v2\/global-categories?post=12207"}],"curies":[{"name":"wp","href":"https:\/\/api.w.org\/{rel}","templated":true}]}}