{"id":12202,"date":"2021-08-13T12:59:04","date_gmt":"2021-08-13T10:59:04","guid":{"rendered":"https:\/\/www.welovecycling.com\/hu\/?p=12202"},"modified":"2022-02-03T12:59:47","modified_gmt":"2022-02-03T10:59:47","slug":"a-honap-utvonala-augusztus-grosglockner","status":"publish","type":"post","link":"https:\/\/www.welovecycling.com\/hu\/honap-utvonala\/a-honap-utvonala-augusztus-grosglockner\/","title":{"rendered":"A h\u00f3nap \u00fatvonala \u2013 Augusztus: Gro\u00dfglockner"},"content":{"rendered":"<p><strong>Pusztai L\u00e1szl\u00f3nak k\u00f6sz\u00f6nhetj\u00fck, hogy Ausztria legmagasabb hegy\u00e9nek sz\u00e9ps\u00e9g\u00e9t \u00e9lvezhetj\u00fck a leg\u00fajabb <em>H\u00f3nap \u00fatvonal\u00e1t<\/em> bemutat\u00f3 vide\u00f3ban. Persze a l\u00e1tv\u00e1nyt a k\u00fczdelem teszi igaz\u00e1n gy\u00f6ny\u00f6r\u0171v\u00e9, \u00edgy mindenkinek aj\u00e1nljuk, hogy l\u00e1togasson el a szomsz\u00e9dba egy kis hegyi kaland\u00e9rt! Laci \u00fatvonal\u00e1t b\u00e1tran k\u00f6vethetitek.<\/strong><!--more--><\/p>\n<p>Mindenki alatt persze \u2013a <a href=\"https:\/\/www.welovecycling.com\/hu\/honap-utvonala\/a-honap-utvonala-julius-mangart-hegy-szlovenia\/\">j\u00faliusi \u00fatvonalhoz<\/a> hasonl\u00f3an &#8211; azokat \u00e9rtj\u00fck, akiknek nincs t\u00e9riszonya, szeretik, ha \u00e9g a combjuk, \u00e9s \u00fcltek m\u00e1r 7 \u00e9s f\u00e9l \u00f3r\u00e1t a nyeregben.<\/p>\n<figure id=\"attachment_12203\" aria-describedby=\"caption-attachment-12203\" style=\"width: 1000px\" class=\"wp-caption alignnone\"><a href=\"https:\/\/d2p6e6u75xmxt8.cloudfront.net\/12\/2021\/08\/wlc_huv.jpg\"><img loading=\"lazy\" decoding=\"async\" class=\"size-full wp-image-12203\" src=\"https:\/\/d2p6e6u75xmxt8.cloudfront.net\/12\/2021\/08\/wlc_huv.jpg\" alt=\"\" width=\"1000\" height=\"450\" srcset=\"https:\/\/d2p6e6u75xmxt8.cloudfront.net\/12\/2021\/08\/wlc_huv.jpg 1000w, https:\/\/d2p6e6u75xmxt8.cloudfront.net\/12\/2021\/08\/wlc_huv-300x135.jpg 300w, https:\/\/d2p6e6u75xmxt8.cloudfront.net\/12\/2021\/08\/wlc_huv-768x346.jpg 768w\" sizes=\"auto, (max-width: 1000px) 100vw, 1000px\" \/><\/a><figcaption id=\"caption-attachment-12203\" class=\"wp-caption-text\">Laci \u00fatvonal\u00e1val ism\u00e9t lehetetlen betelni. Fot\u00f3: Pusztai L\u00e1szl\u00f3<\/figcaption><\/figure>\n<p><em>\u201eHa Ausztria l\u00e1tnival\u00f3ira, vagy legszebb panor\u00e1ma\u00fatjaira keres\u00fcnk r\u00e1, biztos, hogy az els\u0151 tal\u00e1latok k\u00f6z\u00f6tt lesz Ausztria legmagasabb hegye, a 3798 m\u00e9ter magas Gro\u00dfglockner, amelyet t\u00f6bb 3000 m\u00e9ter feletti hegycs\u00facs vesz k\u00f6r\u00fcl. K\u00e9t \u00e9ve aut\u00f3val j\u00e1rtam a k\u00f6rny\u00e9ken \u00e9s m\u00e1r akkor elhat\u00e1roztam, hogy visszan\u00e9zek ker\u00e9kp\u00e1rral is, hogy ki\u00e9lvezhessem a minden kanyarban el\u00e9nk t\u00e1rul\u00f3 alpesi panor\u00e1m\u00e1t, a v\u00e1ltozatos k\u00f6rnyezetet, amit a v\u00edzes\u00e9sek, tavak \u00e9s a magass\u00e1gok\/m\u00e9lys\u00e9gek sz\u00ednes\u00edtenek a h\u00e1tt\u00e9rben megh\u00faz\u00f3d\u00f3 havas cs\u00facsok l\u00e1tv\u00e1ny\u00e1val.\u201d<\/em><\/p>\n<p>Laci \u00e9s bring\u00e1s bar\u00e1tai ism\u00e9t a felh\u0151k f\u00f6l\u00f6tt j\u00e1rtak, \u00e9s ism\u00e9t megosztott\u00e1k vel\u00fcnk az \u00e9lm\u00e9nyeiket, melyeket a tengerszemekkel \u00e9s mormot\u00e1kkal t\u0171zdelt hegyekben szereztek. A 141 km-es t\u00fara legmagasabb pontja 2571 m\u00e9teres volt, \u00f6sszesen pedig 3708 m\u00e9teres szintemelked\u00e9ssel kellett megk\u00fczdeni\u00fck \u2013 sokszor 10%-os emelked\u0151kkel tark\u00edtva. H\u00e9t \u00e9s f\u00e9l \u00f3ra alatt tett\u00e9k meg a t\u00e1vot, de igaz, hogy sietni\u00fck kellett, mert m\u0171szaki probl\u00e9m\u00e1k miatt k\u00e9s\u0151bb indultak el, mint szerettek volna.<\/p>\n<p><em>\u201eEgy ilyen t\u00far\u00e1n nagyon egyszer\u0171 sok \u00e1ll\u00e1si id\u0151t \u00f6sszehozni, hiszen minden kanyarban el lehetne id\u0151zni \u00e9s csod\u00e1lni a k\u00f6rnyezetet, illetve a H\u00fctt\u00e9kben nagyon j\u00f3l tudnak esni az osztr\u00e1k k\u00fcl\u00f6nlegess\u00e9gek, mint a G\u0151zgomb\u00f3c, vagy a Cs\u00e1sz\u00e1rmorzsa.\u201d<\/em><\/p>\n<p>Az els\u0151 tan\u00e1csunk teh\u00e1t azoknak, akik nekiv\u00e1gnak az \u00fatnak, hogy induljanak id\u0151ben, k\u00fcl\u00f6nben \u0151k is lemaradnak a g\u0151zgomb\u00f3coz\u00e1sr\u00f3l!<\/p>\n<p>\u00c9rdemes ellen\u0151rizni az id\u0151j\u00e1r\u00e1s-el\u0151rejelz\u00e9st miel\u0151tt elindultok, hiszen az Alpok igen szesz\u00e9lyes. Laci\u00e9knak szerencs\u00e9j\u00fck volt, egy csepp es\u0151 n\u00e9lk\u00fcl meg\u00faszt\u00e1k a t\u00far\u00e1t, b\u00e1r a felh\u0151k, melyek sokszor csak m\u00e9g k\u00fcl\u00f6nlegesebb\u00e9 teszik a kil\u00e1t\u00e1st, a legmagasabb ponton eltakart\u00e1k el\u0151l\u00fck a panor\u00e1m\u00e1t. Ilyen ez, ha az ember a felh\u0151k k\u00f6z\u00e9 t\u00f6rekszik!<\/p>\n<p>Ett\u0151l f\u00fcggetlen\u00fcl a teljes \u00fatvonal csod\u00e1latosan sz\u00e9p, a legk\u00fcl\u00f6nlegesebb a z\u00f6ldell\u0151 t\u00e1jba be\u00e9kel\u0151d\u0151 havas hegycs\u00facsok l\u00e1tv\u00e1nya. Az \u00fatvonal <a href=\"https:\/\/www.strava.com\/activities\/5748922386?share_sig=%5BC%4050f4cbd1628582893&amp;utm_medium=social&amp;utm_source=android_share\">Strava linkj\u00e9t itt \u00e9ritek el<\/a>.<\/p>\n<figure id=\"attachment_12204\" aria-describedby=\"caption-attachment-12204\" style=\"width: 1000px\" class=\"wp-caption alignnone\"><a href=\"https:\/\/d2p6e6u75xmxt8.cloudfront.net\/12\/2021\/08\/wlc_huv2.jpg\"><img loading=\"lazy\" decoding=\"async\" class=\"size-full wp-image-12204\" src=\"https:\/\/d2p6e6u75xmxt8.cloudfront.net\/12\/2021\/08\/wlc_huv2.jpg\" alt=\"\" width=\"1000\" height=\"450\" srcset=\"https:\/\/d2p6e6u75xmxt8.cloudfront.net\/12\/2021\/08\/wlc_huv2.jpg 1000w, https:\/\/d2p6e6u75xmxt8.cloudfront.net\/12\/2021\/08\/wlc_huv2-300x135.jpg 300w, https:\/\/d2p6e6u75xmxt8.cloudfront.net\/12\/2021\/08\/wlc_huv2-768x346.jpg 768w\" sizes=\"auto, (max-width: 1000px) 100vw, 1000px\" \/><\/a><figcaption id=\"caption-attachment-12204\" class=\"wp-caption-text\">Felh\u0151szint feletti magass\u00e1g. Fot\u00f3: Pusztai L\u00e1szl\u00f3<\/figcaption><\/figure>\n<p>Fontos, hogy ez egy hossz\u00fa t\u00fara, \u00e9s b\u00e1r nem technikailag nem ig\u00e9nyel extra tud\u00e1st, a j\u00f3 \u00e1ll\u00f3k\u00e9pess\u00e9g \u00e9s a megfelel\u0151 felk\u00e9sz\u00fcl\u00e9s elengedhetetlen. Laci m\u00fczliszeletekkel, izot\u00f3ni\u00e1s italporokkal, 2 db felt\u00f6lt\u00f6tt kulaccsal, egy GoPro-val \u00e9s egy 10 literes nyeregt\u00e1sk\u00e1val indult \u00fatnak, melyben egy melegebb mez, kam\u00e1sli \u00e9s es\u0151kab\u00e1t \u00e1llt k\u00e9szen az esetleges hidegfrontra.<\/p>\n<p><em>\u201eEgy kiad\u00f3s reggelit k\u00f6vet\u0151en az els\u0151 40 km alatt nem \u00e1lltam meg. Ekkor &#8211; az id\u0151 hi\u00e1nya miatt &#8211; egy ABC-ben v\u00e1s\u00e1roltam p\u00e1r tejszeletet \u00e9s az Edelwei\u00dfspitze H\u00fctt\u00e9ben n\u00e9h\u00e1ny mogyor\u00f3s osty\u00e1t. \u00datk\u00f6zben a falvakban tal\u00e1lhat\u00f3 kutakn\u00e1l, forr\u00e1sokn\u00e1l, vagy k\u00fcl\u00f6nb\u00f6z\u0151 vend\u00e9gl\u00e1t\u00f3 helyeken t\u00f6lt\u00f6ttem \u00fajra a kulacsokat. Egy 8 \u00f3r\u00e1s t\u00far\u00e1n, h\u0151m\u00e9rs\u00e9klett\u0151l f\u00fcgg\u0151en ak\u00e1r 10+ liter folyad\u00e9k is elfogy!\u201d<\/em><\/p>\n<figure id=\"attachment_12205\" aria-describedby=\"caption-attachment-12205\" style=\"width: 1000px\" class=\"wp-caption alignnone\"><a href=\"https:\/\/d2p6e6u75xmxt8.cloudfront.net\/12\/2021\/08\/wlc_huv03.jpg\"><img loading=\"lazy\" decoding=\"async\" class=\"size-full wp-image-12205\" src=\"https:\/\/d2p6e6u75xmxt8.cloudfront.net\/12\/2021\/08\/wlc_huv03.jpg\" alt=\"\" width=\"1000\" height=\"450\" srcset=\"https:\/\/d2p6e6u75xmxt8.cloudfront.net\/12\/2021\/08\/wlc_huv03.jpg 1000w, https:\/\/d2p6e6u75xmxt8.cloudfront.net\/12\/2021\/08\/wlc_huv03-300x135.jpg 300w, https:\/\/d2p6e6u75xmxt8.cloudfront.net\/12\/2021\/08\/wlc_huv03-768x346.jpg 768w\" sizes=\"auto, (max-width: 1000px) 100vw, 1000px\" \/><\/a><figcaption id=\"caption-attachment-12205\" class=\"wp-caption-text\">H\u00e1t nem mesesz\u00e9p? Fot\u00f3: Pusztai L\u00e1szl\u00f3<\/figcaption><\/figure>\n<p>Ha k\u00edv\u00e1ncsiak vagytok, milyen szuper helyeken tekert \u2013 \u00e9s teker m\u00e9g a j\u00f6v\u0151ben &#8211; Laci, k\u00f6vess\u00e9tek <a href=\"https:\/\/www.strava.com\/athletes\/14170606\">Strav\u00e1n<\/a>! Szerint\u00fcnk \u00e9rdemes.<\/p>\n<p><em>Ha te is szeretn\u00e9d megosztani kedvenc \u00fatvonalaidat bring\u00e1s k\u00f6z\u00f6ss\u00e9g\u00fcnkkel, k\u00e9sz\u00edts fot\u00f3kat, \u00e9s k\u00fcldj el nek\u00fcnk egy besz\u00e1mol\u00f3t a t\u00far\u00e1r\u00f3l, illetve a legfontosabb tudnival\u00f3kr\u00f3l a <a href=\"https:\/\/www.welovecycling.com\/hu\/honap-utvonala\/honap-utvonala-szeptember-zelenij-linda-kedvenc-dh-palyaja\/welovecycling@skoda.hu\">welovecycling@skoda.hu<\/a>\u00a0e-mail c\u00edmre! Ha pedig tov\u00e1bbi inspir\u00e1ci\u00f3t keresel k\u00f6vetkez\u0151 t\u00far\u00e1dhoz, n\u00e9zd meg kor\u00e1bbi \u00fatvonalainkat!<\/em><\/p>\n","protected":false},"excerpt":{"rendered":"<p>Pusztai L\u00e1szl\u00f3nak k\u00f6sz\u00f6nhetj\u00fck, hogy Ausztria legmagasabb hegy\u00e9nek sz\u00e9ps\u00e9g\u00e9t \u00e9lvezhetj\u00fck a leg\u00fajabb H\u00f3nap \u00fatvonal\u00e1t bemutat\u00f3 vide\u00f3ban. Persze a l\u00e1tv\u00e1nyt a k\u00fczdelem [&hellip;]<\/p>\n","protected":false},"author":71,"featured_media":12201,"comment_status":"open","ping_status":"open","sticky":false,"template":"","format":"video","meta":{"footnotes":""},"categories":[461],"tags":[],"global-categories":[419],"class_list":["post-12202","post","type-post","status-publish","format-video","has-post-thumbnail","hentry","category-honap-utvonala","post_format-post-format-video","global-categories-cycling"],"yoast_head":"<!-- This site is optimized with the Yoast SEO Premium plugin v25.3 (Yoast SEO v25.9) - https:\/\/yoast.com\/wordpress\/plugins\/seo\/ -->\n<title>A h\u00f3nap \u00fatvonala \u2013 Augusztus: Gro\u00dfglockner<\/title>\n<meta name=\"description\" content=\"Pusztai L\u00e1szl\u00f3nak k\u00f6sz\u00f6nhetj\u00fck, hogy Ausztria legmagasabb hegy\u00e9nek sz\u00e9ps\u00e9g\u00e9t \u00e9lvezhetj\u00fck a leg\u00fajabb H\u00f3nap \u00fatvonal\u00e1t bemutat\u00f3 vide\u00f3ban. Persze a l\u00e1tv\u00e1nyt a k\u00fczdelem teszi igaz\u00e1n gy\u00f6ny\u00f6r\u0171v\u00e9, \u00edgy mindenkinek aj\u00e1nljuk, hogy l\u00e1togasson el a szomsz\u00e9dba egy kis hegyi kaland\u00e9rt! Laci \u00fatvonal\u00e1t b\u00e1tran k\u00f6vethetitek.\" \/>\n<meta name=\"robots\" content=\"index, follow, max-snippet:-1, max-image-preview:large, max-video-preview:-1\" \/>\n<link rel=\"canonical\" href=\"https:\/\/www.welovecycling.com\/hu\/honap-utvonala\/a-honap-utvonala-augusztus-grosglockner\/\" \/>\n<meta property=\"og:locale\" content=\"hu_HU\" \/>\n<meta property=\"og:type\" content=\"article\" \/>\n<meta property=\"og:title\" content=\"A h\u00f3nap \u00fatvonala \u2013 Augusztus: Gro\u00dfglockner\" \/>\n<meta property=\"og:description\" content=\"Pusztai L\u00e1szl\u00f3nak k\u00f6sz\u00f6nhetj\u00fck, hogy Ausztria legmagasabb hegy\u00e9nek sz\u00e9ps\u00e9g\u00e9t \u00e9lvezhetj\u00fck a leg\u00fajabb H\u00f3nap \u00fatvonal\u00e1t bemutat\u00f3 vide\u00f3ban. Persze a l\u00e1tv\u00e1nyt a k\u00fczdelem teszi igaz\u00e1n gy\u00f6ny\u00f6r\u0171v\u00e9, \u00edgy mindenkinek aj\u00e1nljuk, hogy l\u00e1togasson el a szomsz\u00e9dba egy kis hegyi kaland\u00e9rt! Laci \u00fatvonal\u00e1t b\u00e1tran k\u00f6vethetitek.\" \/>\n<meta property=\"og:url\" content=\"https:\/\/www.welovecycling.com\/hu\/honap-utvonala\/a-honap-utvonala-augusztus-grosglockner\/\" \/>\n<meta property=\"og:site_name\" content=\"\u0160koda We Love Cycling - Magyarorsz\u00e1g\" \/>\n<meta property=\"article:publisher\" content=\"https:\/\/www.facebook.com\/WeLoveCyclingHungary\/\" \/>\n<meta property=\"article:published_time\" content=\"2021-08-13T10:59:04+00:00\" \/>\n<meta property=\"article:modified_time\" content=\"2022-02-03T10:59:47+00:00\" \/>\n<meta property=\"og:image\" content=\"https:\/\/d2p6e6u75xmxt8.cloudfront.net\/12\/2021\/08\/large-WL016_honap_utvonala_aug_pusztai_laszlo_CIKK_cover.png\" \/>\n\t<meta property=\"og:image:width\" content=\"1000\" \/>\n\t<meta property=\"og:image:height\" content=\"435\" \/>\n\t<meta property=\"og:image:type\" content=\"image\/png\" \/>\n<meta name=\"author\" content=\"hegyizs\" \/>\n<meta name=\"twitter:card\" content=\"summary_large_image\" \/>\n<meta name=\"twitter:label1\" content=\"Written by\" \/>\n\t<meta name=\"twitter:data1\" content=\"WLC\" \/>\n\t<meta name=\"twitter:label2\" content=\"Est. reading time\" \/>\n\t<meta name=\"twitter:data2\" content=\"4 minutes\" \/>\n<script type=\"application\/ld+json\" class=\"yoast-schema-graph\">{\"@context\":\"https:\/\/schema.org\",\"@graph\":[{\"@type\":\"WebPage\",\"@id\":\"https:\/\/www.welovecycling.com\/hu\/honap-utvonala\/a-honap-utvonala-augusztus-grosglockner\/\",\"url\":\"https:\/\/www.welovecycling.com\/hu\/honap-utvonala\/a-honap-utvonala-augusztus-grosglockner\/\",\"name\":\"A h\u00f3nap \u00fatvonala \u2013 Augusztus: Gro\u00dfglockner\",\"isPartOf\":{\"@id\":\"https:\/\/www.welovecycling.com\/hu\/#website\"},\"primaryImageOfPage\":{\"@id\":\"https:\/\/www.welovecycling.com\/hu\/honap-utvonala\/a-honap-utvonala-augusztus-grosglockner\/#primaryimage\"},\"image\":{\"@id\":\"https:\/\/www.welovecycling.com\/hu\/honap-utvonala\/a-honap-utvonala-augusztus-grosglockner\/#primaryimage\"},\"thumbnailUrl\":\"https:\/\/d2p6e6u75xmxt8.cloudfront.net\/12\/2021\/08\/large-WL016_honap_utvonala_aug_pusztai_laszlo_CIKK_cover.png\",\"datePublished\":\"2021-08-13T10:59:04+00:00\",\"dateModified\":\"2022-02-03T10:59:47+00:00\",\"author\":{\"@id\":\"https:\/\/www.welovecycling.com\/hu\/#\/schema\/person\/414a2aebf1801691a5320edb6468e194\"},\"description\":\"Pusztai L\u00e1szl\u00f3nak k\u00f6sz\u00f6nhetj\u00fck, hogy Ausztria legmagasabb hegy\u00e9nek sz\u00e9ps\u00e9g\u00e9t \u00e9lvezhetj\u00fck a leg\u00fajabb H\u00f3nap \u00fatvonal\u00e1t bemutat\u00f3 vide\u00f3ban. Persze a l\u00e1tv\u00e1nyt a k\u00fczdelem teszi igaz\u00e1n gy\u00f6ny\u00f6r\u0171v\u00e9, \u00edgy mindenkinek aj\u00e1nljuk, hogy l\u00e1togasson el a szomsz\u00e9dba egy kis hegyi kaland\u00e9rt! Laci \u00fatvonal\u00e1t b\u00e1tran k\u00f6vethetitek.\",\"breadcrumb\":{\"@id\":\"https:\/\/www.welovecycling.com\/hu\/honap-utvonala\/a-honap-utvonala-augusztus-grosglockner\/#breadcrumb\"},\"inLanguage\":\"hu\",\"potentialAction\":[{\"@type\":\"ReadAction\",\"target\":[\"https:\/\/www.welovecycling.com\/hu\/honap-utvonala\/a-honap-utvonala-augusztus-grosglockner\/\"]}]},{\"@type\":\"ImageObject\",\"inLanguage\":\"hu\",\"@id\":\"https:\/\/www.welovecycling.com\/hu\/honap-utvonala\/a-honap-utvonala-augusztus-grosglockner\/#primaryimage\",\"url\":\"https:\/\/d2p6e6u75xmxt8.cloudfront.net\/12\/2021\/08\/large-WL016_honap_utvonala_aug_pusztai_laszlo_CIKK_cover.png\",\"contentUrl\":\"https:\/\/d2p6e6u75xmxt8.cloudfront.net\/12\/2021\/08\/large-WL016_honap_utvonala_aug_pusztai_laszlo_CIKK_cover.png\",\"width\":1000,\"height\":435},{\"@type\":\"BreadcrumbList\",\"@id\":\"https:\/\/www.welovecycling.com\/hu\/honap-utvonala\/a-honap-utvonala-augusztus-grosglockner\/#breadcrumb\",\"itemListElement\":[{\"@type\":\"ListItem\",\"position\":1,\"name\":\"Home\",\"item\":\"https:\/\/www.welovecycling.com\/hu\/\"},{\"@type\":\"ListItem\",\"position\":2,\"name\":\"A h\u00f3nap \u00fatvonala \u2013 Augusztus: Gro\u00dfglockner\"}]},{\"@type\":\"WebSite\",\"@id\":\"https:\/\/www.welovecycling.com\/hu\/#website\",\"url\":\"https:\/\/www.welovecycling.com\/hu\/\",\"name\":\"\u0160koda We Love Cycling - Magyarorsz\u00e1g\",\"description\":\"\u0160koda WeLoveCycling\",\"potentialAction\":[{\"@type\":\"SearchAction\",\"target\":{\"@type\":\"EntryPoint\",\"urlTemplate\":\"https:\/\/www.welovecycling.com\/hu\/?s={search_term_string}\"},\"query-input\":{\"@type\":\"PropertyValueSpecification\",\"valueRequired\":true,\"valueName\":\"search_term_string\"}}],\"inLanguage\":\"hu\"},{\"@type\":\"Person\",\"@id\":\"https:\/\/www.welovecycling.com\/hu\/#\/schema\/person\/414a2aebf1801691a5320edb6468e194\",\"name\":\"hegyizs\",\"image\":{\"@type\":\"ImageObject\",\"inLanguage\":\"hu\",\"@id\":\"https:\/\/www.welovecycling.com\/hu\/#\/schema\/person\/image\/\",\"url\":\"https:\/\/secure.gravatar.com\/avatar\/02cf8a7906b8cf90cecb4679defac7cfd33a1c2e3b88e4903d947f3bb58eedd3?s=96&d=mm&r=g\",\"contentUrl\":\"https:\/\/secure.gravatar.com\/avatar\/02cf8a7906b8cf90cecb4679defac7cfd33a1c2e3b88e4903d947f3bb58eedd3?s=96&d=mm&r=g\",\"caption\":\"hegyizs\"},\"url\":\"https:\/\/www.welovecycling.com\/hu\/author\/hegyizs\/\"}]}<\/script>\n<!-- \/ Yoast SEO Premium plugin. -->","yoast_head_json":{"title":"A h\u00f3nap \u00fatvonala \u2013 Augusztus: Gro\u00dfglockner","description":"Pusztai L\u00e1szl\u00f3nak k\u00f6sz\u00f6nhetj\u00fck, hogy Ausztria legmagasabb hegy\u00e9nek sz\u00e9ps\u00e9g\u00e9t \u00e9lvezhetj\u00fck a leg\u00fajabb H\u00f3nap \u00fatvonal\u00e1t bemutat\u00f3 vide\u00f3ban. Persze a l\u00e1tv\u00e1nyt a k\u00fczdelem teszi igaz\u00e1n gy\u00f6ny\u00f6r\u0171v\u00e9, \u00edgy mindenkinek aj\u00e1nljuk, hogy l\u00e1togasson el a szomsz\u00e9dba egy kis hegyi kaland\u00e9rt! Laci \u00fatvonal\u00e1t b\u00e1tran k\u00f6vethetitek.","robots":{"index":"index","follow":"follow","max-snippet":"max-snippet:-1","max-image-preview":"max-image-preview:large","max-video-preview":"max-video-preview:-1"},"canonical":"https:\/\/www.welovecycling.com\/hu\/honap-utvonala\/a-honap-utvonala-augusztus-grosglockner\/","og_locale":"hu_HU","og_type":"article","og_title":"A h\u00f3nap \u00fatvonala \u2013 Augusztus: Gro\u00dfglockner","og_description":"Pusztai L\u00e1szl\u00f3nak k\u00f6sz\u00f6nhetj\u00fck, hogy Ausztria legmagasabb hegy\u00e9nek sz\u00e9ps\u00e9g\u00e9t \u00e9lvezhetj\u00fck a leg\u00fajabb H\u00f3nap \u00fatvonal\u00e1t bemutat\u00f3 vide\u00f3ban. Persze a l\u00e1tv\u00e1nyt a k\u00fczdelem teszi igaz\u00e1n gy\u00f6ny\u00f6r\u0171v\u00e9, \u00edgy mindenkinek aj\u00e1nljuk, hogy l\u00e1togasson el a szomsz\u00e9dba egy kis hegyi kaland\u00e9rt! Laci \u00fatvonal\u00e1t b\u00e1tran k\u00f6vethetitek.","og_url":"https:\/\/www.welovecycling.com\/hu\/honap-utvonala\/a-honap-utvonala-augusztus-grosglockner\/","og_site_name":"\u0160koda We Love Cycling - Magyarorsz\u00e1g","article_publisher":"https:\/\/www.facebook.com\/WeLoveCyclingHungary\/","article_published_time":"2021-08-13T10:59:04+00:00","article_modified_time":"2022-02-03T10:59:47+00:00","og_image":[{"width":1000,"height":435,"url":"https:\/\/d2p6e6u75xmxt8.cloudfront.net\/12\/2021\/08\/large-WL016_honap_utvonala_aug_pusztai_laszlo_CIKK_cover.png","type":"image\/png"}],"author":"hegyizs","twitter_card":"summary_large_image","twitter_misc":{"Written by":"WLC","Est. reading time":"4 minutes"},"schema":{"@context":"https:\/\/schema.org","@graph":[{"@type":"WebPage","@id":"https:\/\/www.welovecycling.com\/hu\/honap-utvonala\/a-honap-utvonala-augusztus-grosglockner\/","url":"https:\/\/www.welovecycling.com\/hu\/honap-utvonala\/a-honap-utvonala-augusztus-grosglockner\/","name":"A h\u00f3nap \u00fatvonala \u2013 Augusztus: Gro\u00dfglockner","isPartOf":{"@id":"https:\/\/www.welovecycling.com\/hu\/#website"},"primaryImageOfPage":{"@id":"https:\/\/www.welovecycling.com\/hu\/honap-utvonala\/a-honap-utvonala-augusztus-grosglockner\/#primaryimage"},"image":{"@id":"https:\/\/www.welovecycling.com\/hu\/honap-utvonala\/a-honap-utvonala-augusztus-grosglockner\/#primaryimage"},"thumbnailUrl":"https:\/\/d2p6e6u75xmxt8.cloudfront.net\/12\/2021\/08\/large-WL016_honap_utvonala_aug_pusztai_laszlo_CIKK_cover.png","datePublished":"2021-08-13T10:59:04+00:00","dateModified":"2022-02-03T10:59:47+00:00","author":{"@id":"https:\/\/www.welovecycling.com\/hu\/#\/schema\/person\/414a2aebf1801691a5320edb6468e194"},"description":"Pusztai L\u00e1szl\u00f3nak k\u00f6sz\u00f6nhetj\u00fck, hogy Ausztria legmagasabb hegy\u00e9nek sz\u00e9ps\u00e9g\u00e9t \u00e9lvezhetj\u00fck a leg\u00fajabb H\u00f3nap \u00fatvonal\u00e1t bemutat\u00f3 vide\u00f3ban. Persze a l\u00e1tv\u00e1nyt a k\u00fczdelem teszi igaz\u00e1n gy\u00f6ny\u00f6r\u0171v\u00e9, \u00edgy mindenkinek aj\u00e1nljuk, hogy l\u00e1togasson el a szomsz\u00e9dba egy kis hegyi kaland\u00e9rt! Laci \u00fatvonal\u00e1t b\u00e1tran k\u00f6vethetitek.","breadcrumb":{"@id":"https:\/\/www.welovecycling.com\/hu\/honap-utvonala\/a-honap-utvonala-augusztus-grosglockner\/#breadcrumb"},"inLanguage":"hu","potentialAction":[{"@type":"ReadAction","target":["https:\/\/www.welovecycling.com\/hu\/honap-utvonala\/a-honap-utvonala-augusztus-grosglockner\/"]}]},{"@type":"ImageObject","inLanguage":"hu","@id":"https:\/\/www.welovecycling.com\/hu\/honap-utvonala\/a-honap-utvonala-augusztus-grosglockner\/#primaryimage","url":"https:\/\/d2p6e6u75xmxt8.cloudfront.net\/12\/2021\/08\/large-WL016_honap_utvonala_aug_pusztai_laszlo_CIKK_cover.png","contentUrl":"https:\/\/d2p6e6u75xmxt8.cloudfront.net\/12\/2021\/08\/large-WL016_honap_utvonala_aug_pusztai_laszlo_CIKK_cover.png","width":1000,"height":435},{"@type":"BreadcrumbList","@id":"https:\/\/www.welovecycling.com\/hu\/honap-utvonala\/a-honap-utvonala-augusztus-grosglockner\/#breadcrumb","itemListElement":[{"@type":"ListItem","position":1,"name":"Home","item":"https:\/\/www.welovecycling.com\/hu\/"},{"@type":"ListItem","position":2,"name":"A h\u00f3nap \u00fatvonala \u2013 Augusztus: Gro\u00dfglockner"}]},{"@type":"WebSite","@id":"https:\/\/www.welovecycling.com\/hu\/#website","url":"https:\/\/www.welovecycling.com\/hu\/","name":"\u0160koda We Love Cycling - Magyarorsz\u00e1g","description":"\u0160koda WeLoveCycling","potentialAction":[{"@type":"SearchAction","target":{"@type":"EntryPoint","urlTemplate":"https:\/\/www.welovecycling.com\/hu\/?s={search_term_string}"},"query-input":{"@type":"PropertyValueSpecification","valueRequired":true,"valueName":"search_term_string"}}],"inLanguage":"hu"},{"@type":"Person","@id":"https:\/\/www.welovecycling.com\/hu\/#\/schema\/person\/414a2aebf1801691a5320edb6468e194","name":"hegyizs","image":{"@type":"ImageObject","inLanguage":"hu","@id":"https:\/\/www.welovecycling.com\/hu\/#\/schema\/person\/image\/","url":"https:\/\/secure.gravatar.com\/avatar\/02cf8a7906b8cf90cecb4679defac7cfd33a1c2e3b88e4903d947f3bb58eedd3?s=96&d=mm&r=g","contentUrl":"https:\/\/secure.gravatar.com\/avatar\/02cf8a7906b8cf90cecb4679defac7cfd33a1c2e3b88e4903d947f3bb58eedd3?s=96&d=mm&r=g","caption":"hegyizs"},"url":"https:\/\/www.welovecycling.com\/hu\/author\/hegyizs\/"}]}},"_links":{"self":[{"href":"https:\/\/www.welovecycling.com\/hu\/wp-json\/wp\/v2\/posts\/12202","targetHints":{"allow":["GET"]}}],"collection":[{"href":"https:\/\/www.welovecycling.com\/hu\/wp-json\/wp\/v2\/posts"}],"about":[{"href":"https:\/\/www.welovecycling.com\/hu\/wp-json\/wp\/v2\/types\/post"}],"author":[{"embeddable":true,"href":"https:\/\/www.welovecycling.com\/hu\/wp-json\/wp\/v2\/users\/71"}],"replies":[{"embeddable":true,"href":"https:\/\/www.welovecycling.com\/hu\/wp-json\/wp\/v2\/comments?post=12202"}],"version-history":[{"count":2,"href":"https:\/\/www.welovecycling.com\/hu\/wp-json\/wp\/v2\/posts\/12202\/revisions"}],"predecessor-version":[{"id":13528,"href":"https:\/\/www.welovecycling.com\/hu\/wp-json\/wp\/v2\/posts\/12202\/revisions\/13528"}],"wp:featuredmedia":[{"embeddable":true,"href":"https:\/\/www.welovecycling.com\/hu\/wp-json\/wp\/v2\/media\/12201"}],"wp:attachment":[{"href":"https:\/\/www.welovecycling.com\/hu\/wp-json\/wp\/v2\/media?parent=12202"}],"wp:term":[{"taxonomy":"category","embeddable":true,"href":"https:\/\/www.welovecycling.com\/hu\/wp-json\/wp\/v2\/categories?post=12202"},{"taxonomy":"post_tag","embeddable":true,"href":"https:\/\/www.welovecycling.com\/hu\/wp-json\/wp\/v2\/tags?post=12202"},{"taxonomy":"global-categories","embeddable":true,"href":"https:\/\/www.welovecycling.com\/hu\/wp-json\/wp\/v2\/global-categories?post=12202"}],"curies":[{"name":"wp","href":"https:\/\/api.w.org\/{rel}","templated":true}]}}