{"id":12157,"date":"2021-08-07T08:00:23","date_gmt":"2021-08-07T06:00:23","guid":{"rendered":"https:\/\/www.welovecycling.com\/hu\/?p=12157"},"modified":"2021-08-06T17:31:00","modified_gmt":"2021-08-06T15:31:00","slug":"pogacar-es-froome-nelkul-a-vuelta-sagan-alairt-a-masodvonalba","status":"publish","type":"post","link":"https:\/\/www.welovecycling.com\/hu\/orszaguti-kerekpar\/pogacar-es-froome-nelkul-a-vuelta-sagan-alairt-a-masodvonalba\/","title":{"rendered":"Pogacar \u00e9s Froome n\u00e9lk\u00fcl a Vuelta, Sagan al\u00e1\u00edrt a m\u00e1sodvonalba"},"content":{"rendered":"<p><strong>A h\u00e1romszoros vil\u00e1gbajnok szlov\u00e1k szt\u00e1r, Peter Sagan a Bor\u00e1t\u00f3l hivatalosan is a francia Pro- csapathoz, a TotalEnergies-hez szerz\u0151d\u00f6tt, amelyet szeretne naggy\u00e1 tenni, mik\u00f6zben Tadej Pogacar \u00e9s Chris Froome is bejelentette, kihagyja a szombaton rajtol\u00f3 Vuelt\u00e1t.<\/strong><!--more--><\/p>\n<div class=\"page\" title=\"Page 1\">\n<div class=\"layoutArea\">\n<div class=\"column\">\n<p>A tokio\u0301i olimpia orsza\u0301gu\u0301ti versenysza\u0301mainak leza\u0301rulta\u0301val beindult az a\u0301tigazola\u0301si keringo\u030b a bringa\u0301sokna\u0301l: a legnagyobb hi\u0301r egye\u0301rtelmu\u030ben Peter Sagan csapatva\u0301lta\u0301sa volt.<br \/>\nAz ma\u0301r eddig is nyi\u0301lt titok volt, hogy a ha\u0301romszoros vila\u0301gbajnok szlova\u0301k szta\u0301r elhagyja eddigi sikercsapata\u0301t, a Bora\u0301t, e\u0301s va\u0301rhato\u0301an a francia Pro-csapathoz, a TotalEnergies-hez ta\u0301vozik, e\u0301s a he\u0301t eleje\u0301n meg is to\u0308rte\u0301nt a hivatalos ala\u0301i\u0301ra\u0301s.<br \/>\nSagan e\u0301s Bora ha\u0301zassa\u0301ga sikeresnek volt mondhato\u0301, a ne\u0301met ista\u0301llo\u0301 a zsolnai szu\u0308lete\u0301su\u030b ko\u0308zo\u0308nse\u0301gkedvencnek ko\u0308szo\u0308nheto\u030ben indult el azon az u\u0301ton, melynek ve\u0301ge\u0301n ma ma\u0301r az egyik legnagyobb csapat a vila\u0301gelitben. Sagan a Bora szi\u0301neiben me\u0301g ke\u0301t alkalommal nyerte meg a Tour de France legjobb sprintere\u0301nek ja\u0301ro\u0301 zo\u0308ld triko\u0301t (az elo\u030bzo\u030b o\u0308ttel egyu\u0308tt ez i\u0301gy rekordsza\u0301mu\u0301 he\u0301t alkalommal sikeru\u0308lt neki), a tavalyi a Giro\u0301n pedig a cikla\u0301ment.<\/p>\n<figure id=\"attachment_12159\" aria-describedby=\"caption-attachment-12159\" style=\"width: 1024px\" class=\"wp-caption alignnone\"><a href=\"https:\/\/d2p6e6u75xmxt8.cloudfront.net\/12\/2021\/08\/wlc0806_02-min.png\"><img loading=\"lazy\" decoding=\"async\" class=\"size-large wp-image-12159\" src=\"https:\/\/d2p6e6u75xmxt8.cloudfront.net\/12\/2021\/08\/wlc0806_02-min-1024x635.png\" alt=\"\" width=\"1024\" height=\"635\" srcset=\"https:\/\/d2p6e6u75xmxt8.cloudfront.net\/12\/2021\/08\/wlc0806_02-min-1024x635.png 1024w, https:\/\/d2p6e6u75xmxt8.cloudfront.net\/12\/2021\/08\/wlc0806_02-min-300x186.png 300w, https:\/\/d2p6e6u75xmxt8.cloudfront.net\/12\/2021\/08\/wlc0806_02-min-768x476.png 768w, https:\/\/d2p6e6u75xmxt8.cloudfront.net\/12\/2021\/08\/wlc0806_02-min.png 1042w\" sizes=\"auto, (max-width: 1024px) 100vw, 1024px\" \/><\/a><figcaption id=\"caption-attachment-12159\" class=\"wp-caption-text\">forr\u00e1s: EPA<\/figcaption><\/figure>\n<div class=\"page\" title=\"Page 2\">\n<div class=\"layoutArea\">\n<div class=\"column\">\n<p>E\u0301s ba\u0301r a TotalEnergies nem az orsza\u0301gu\u0301ti kere\u0301kpa\u0301roza\u0301s csu\u0301cskatego\u0301ria\u0301ja\u0301ban, a World Tour- mezo\u030bnyben szerepel, hanem eggyel alatta, a Pro-szinten, Sagant ez egya\u0301ltala\u0301n nem zavarja \u2013 ellenkezo\u030bleg. \u201eAmikor 2016 ve\u0301ge\u0301n csatlakoztam a Bora\u0301hoz, az is egy kiscsapat volt, de ne\u0301ha\u0301ny e\u0301v alatt minden megva\u0301ltozott e\u0301s az egyik legnagyobba\u0301 no\u030btte ki maga\u0301t. Az, hogy a TotalEnergies ma me\u0301g nem egy World Tour-csapat, nekem egya\u0301ltala\u0301n nem jelent proble\u0301ma\u0301t: szeretne\u0301k segi\u0301teni naggya\u0301 tenni o\u030bket!\u201d \u2013 nyilatkozta a francia L\u2019E\u0301quipe-nek, hozza\u0301te\u0301ve, hogy az egyszerre komoly e\u0301s vicces csapatfo\u030bno\u0308k, Jean-Rene\u0301 Bernaudeut is roppant meggyo\u030bzo\u030b volt a ta\u0301rgyala\u0301sok alatt \u2013 Sagan elmonda\u0301sa szerint most elo\u030bszo\u0308r hallott olyat, hogy egy csapatmenedzser arra ke\u0301rte o\u030bt, hogy na\u0301luk egyszeru\u030ben csak e\u0301lvezze a kere\u0301kpa\u0301roza\u0301st.<\/p>\n<p>Ko\u0308zben alakulnak a keretek az augusztus 14-e\u0301n, szombaton rajtolo\u0301 Vuelta a Espana\u0301ra. A Jumbo egye\u0301rtelmu\u030ben ci\u0301mve\u0301de\u0301sre utazik a friss olimpiai bajnok Primoz Rogliccsal, ke\u0301t ma\u0301sik szta\u0301r, Tadej Pogacar, valamint Chris Froome viszont bejelentette, nem indul az idei spanyol ko\u0308ro\u0308n \u2013 a Tour- ci\u0301mve\u0301do\u030b szlove\u0301n helyette a vila\u0301gbajnoksa\u0301gra fo\u0301kusza\u0301l, a gyenge e\u0301vet futo\u0301 brit vetera\u0301n pedig inka\u0301bb kisebb szakaszversenyeken indul a szezon ha\u0301trale\u0301vo\u030b re\u0301sze\u0301ben.<\/p>\n<figure id=\"attachment_12160\" aria-describedby=\"caption-attachment-12160\" style=\"width: 1024px\" class=\"wp-caption alignnone\"><a href=\"https:\/\/d2p6e6u75xmxt8.cloudfront.net\/12\/2021\/08\/wlc0806_03-min.png\"><img loading=\"lazy\" decoding=\"async\" class=\"size-large wp-image-12160\" src=\"https:\/\/d2p6e6u75xmxt8.cloudfront.net\/12\/2021\/08\/wlc0806_03-min-1024x676.png\" alt=\"\" width=\"1024\" height=\"676\" srcset=\"https:\/\/d2p6e6u75xmxt8.cloudfront.net\/12\/2021\/08\/wlc0806_03-min-1024x676.png 1024w, https:\/\/d2p6e6u75xmxt8.cloudfront.net\/12\/2021\/08\/wlc0806_03-min-300x198.png 300w, https:\/\/d2p6e6u75xmxt8.cloudfront.net\/12\/2021\/08\/wlc0806_03-min-768x507.png 768w, https:\/\/d2p6e6u75xmxt8.cloudfront.net\/12\/2021\/08\/wlc0806_03-min.png 1042w\" sizes=\"auto, (max-width: 1024px) 100vw, 1024px\" \/><\/a><figcaption id=\"caption-attachment-12160\" class=\"wp-caption-text\">Tadej Pogacar a toki\u00f3i bronz\u00e9remmel \u2013 alig egy h\u00e9ttel azut\u00e1n, hogy a Touron megv\u00e9dte c\u00edm\u00e9t (fot\u00f3: BettiniPhoto)<\/figcaption><\/figure>\n<div class=\"page\" title=\"Page 3\">\n<div class=\"layoutArea\">\n<div class=\"column\">\n<p>Ezzel egyu\u0308tt az Emirates sportigazgato\u0301ja, Allan Peiper e\u0301rdekes re\u0301szleteket hintett el a Velonewsnak. Ela\u0301rulta, Pogacar jo\u0308vo\u030bre is csak egy nagy ha\u0301romhetesen indul majd: valo\u0301szi\u0301nu\u030bleg u\u0301jra megpro\u0301ba\u0301lja megve\u0301deni a Tour sa\u0301rga triko\u0301ja\u0301t, de az sincs kiza\u0301rva, hogy a Giro lesz az az egy verseny, tekintve, hogy az ifju\u0301 szlove\u0301n zseni kora\u0301bban ma\u0301r to\u0308bbszo\u0308r jelezte, nagyon tetszik neki az olasz ko\u0308r, e\u0301s mine\u0301l hamarabb szeretne rajta elindulni.<\/p>\n<\/div>\n<\/div>\n<\/div>\n<\/div>\n<\/div>\n<\/div>\n<\/div>\n<\/div>\n<\/div>\n","protected":false},"excerpt":{"rendered":"<p>A h\u00e1romszoros vil\u00e1gbajnok szlov\u00e1k szt\u00e1r, Peter Sagan a Bor\u00e1t\u00f3l hivatalosan is a francia Pro- csapathoz, a TotalEnergies-hez szerz\u0151d\u00f6tt, amelyet szeretne [&hellip;]<\/p>\n","protected":false},"author":71,"featured_media":12161,"comment_status":"open","ping_status":"open","sticky":false,"template":"","format":"standard","meta":{"footnotes":""},"categories":[8],"tags":[],"global-categories":[],"class_list":["post-12157","post","type-post","status-publish","format-standard","has-post-thumbnail","hentry","category-orszaguti-kerekpar"],"yoast_head":"<!-- This site is optimized with the Yoast SEO Premium plugin v25.3 (Yoast SEO v25.9) - https:\/\/yoast.com\/wordpress\/plugins\/seo\/ -->\n<title>Pogacar \u00e9s Froome n\u00e9lk\u00fcl a Vuelta, Sagan al\u00e1\u00edrt a m\u00e1sodvonalba<\/title>\n<meta name=\"description\" content=\"A h\u00e1romszoros vil\u00e1gbajnok szlov\u00e1k szt\u00e1r, Peter Sagan a Bor\u00e1t\u00f3l hivatalosan is a francia Pro- csapathoz, a TotalEnergies-hez szerz\u0151d\u00f6tt, amelyet szeretne naggy\u00e1 tenni, mik\u00f6zben Tadej Pogacar \u00e9s Chris Froome is bejelentette, kihagyja a szombaton rajtol\u00f3 Vuelt\u00e1t.\" \/>\n<meta name=\"robots\" content=\"index, follow, max-snippet:-1, max-image-preview:large, max-video-preview:-1\" \/>\n<link rel=\"canonical\" href=\"https:\/\/www.welovecycling.com\/hu\/orszaguti-kerekpar\/pogacar-es-froome-nelkul-a-vuelta-sagan-alairt-a-masodvonalba\/\" \/>\n<meta property=\"og:locale\" content=\"hu_HU\" \/>\n<meta property=\"og:type\" content=\"article\" \/>\n<meta property=\"og:title\" content=\"Pogacar \u00e9s Froome n\u00e9lk\u00fcl a Vuelta, Sagan al\u00e1\u00edrt a m\u00e1sodvonalba\" \/>\n<meta property=\"og:description\" content=\"A h\u00e1romszoros vil\u00e1gbajnok szlov\u00e1k szt\u00e1r, Peter Sagan a Bor\u00e1t\u00f3l hivatalosan is a francia Pro- csapathoz, a TotalEnergies-hez szerz\u0151d\u00f6tt, amelyet szeretne naggy\u00e1 tenni, mik\u00f6zben Tadej Pogacar \u00e9s Chris Froome is bejelentette, kihagyja a szombaton rajtol\u00f3 Vuelt\u00e1t.\" \/>\n<meta property=\"og:url\" content=\"https:\/\/www.welovecycling.com\/hu\/orszaguti-kerekpar\/pogacar-es-froome-nelkul-a-vuelta-sagan-alairt-a-masodvonalba\/\" \/>\n<meta property=\"og:site_name\" content=\"\u0160koda We Love Cycling - Magyarorsz\u00e1g\" \/>\n<meta property=\"article:publisher\" content=\"https:\/\/www.facebook.com\/WeLoveCyclingHungary\/\" \/>\n<meta property=\"article:published_time\" content=\"2021-08-07T06:00:23+00:00\" \/>\n<meta property=\"og:image\" content=\"https:\/\/d2p6e6u75xmxt8.cloudfront.net\/12\/2021\/08\/wlc0806_01-min.png\" \/>\n\t<meta property=\"og:image:width\" content=\"1048\" \/>\n\t<meta property=\"og:image:height\" content=\"651\" \/>\n\t<meta property=\"og:image:type\" content=\"image\/png\" \/>\n<meta name=\"author\" content=\"hegyizs\" \/>\n<meta name=\"twitter:card\" content=\"summary_large_image\" \/>\n<meta name=\"twitter:label1\" content=\"Written by\" \/>\n\t<meta name=\"twitter:data1\" content=\"WLC\" \/>\n\t<meta name=\"twitter:label2\" content=\"Est. reading time\" \/>\n\t<meta name=\"twitter:data2\" content=\"3 minutes\" \/>\n<script type=\"application\/ld+json\" class=\"yoast-schema-graph\">{\"@context\":\"https:\/\/schema.org\",\"@graph\":[{\"@type\":\"WebPage\",\"@id\":\"https:\/\/www.welovecycling.com\/hu\/orszaguti-kerekpar\/pogacar-es-froome-nelkul-a-vuelta-sagan-alairt-a-masodvonalba\/\",\"url\":\"https:\/\/www.welovecycling.com\/hu\/orszaguti-kerekpar\/pogacar-es-froome-nelkul-a-vuelta-sagan-alairt-a-masodvonalba\/\",\"name\":\"Pogacar \u00e9s Froome n\u00e9lk\u00fcl a Vuelta, Sagan al\u00e1\u00edrt a m\u00e1sodvonalba\",\"isPartOf\":{\"@id\":\"https:\/\/www.welovecycling.com\/hu\/#website\"},\"primaryImageOfPage\":{\"@id\":\"https:\/\/www.welovecycling.com\/hu\/orszaguti-kerekpar\/pogacar-es-froome-nelkul-a-vuelta-sagan-alairt-a-masodvonalba\/#primaryimage\"},\"image\":{\"@id\":\"https:\/\/www.welovecycling.com\/hu\/orszaguti-kerekpar\/pogacar-es-froome-nelkul-a-vuelta-sagan-alairt-a-masodvonalba\/#primaryimage\"},\"thumbnailUrl\":\"https:\/\/d2p6e6u75xmxt8.cloudfront.net\/12\/2021\/08\/wlc0806_01-min.png\",\"datePublished\":\"2021-08-07T06:00:23+00:00\",\"author\":{\"@id\":\"https:\/\/www.welovecycling.com\/hu\/#\/schema\/person\/414a2aebf1801691a5320edb6468e194\"},\"description\":\"A h\u00e1romszoros vil\u00e1gbajnok szlov\u00e1k szt\u00e1r, Peter Sagan a Bor\u00e1t\u00f3l hivatalosan is a francia Pro- csapathoz, a TotalEnergies-hez szerz\u0151d\u00f6tt, amelyet szeretne naggy\u00e1 tenni, mik\u00f6zben Tadej Pogacar \u00e9s Chris Froome is bejelentette, kihagyja a szombaton rajtol\u00f3 Vuelt\u00e1t.\",\"breadcrumb\":{\"@id\":\"https:\/\/www.welovecycling.com\/hu\/orszaguti-kerekpar\/pogacar-es-froome-nelkul-a-vuelta-sagan-alairt-a-masodvonalba\/#breadcrumb\"},\"inLanguage\":\"hu\",\"potentialAction\":[{\"@type\":\"ReadAction\",\"target\":[\"https:\/\/www.welovecycling.com\/hu\/orszaguti-kerekpar\/pogacar-es-froome-nelkul-a-vuelta-sagan-alairt-a-masodvonalba\/\"]}]},{\"@type\":\"ImageObject\",\"inLanguage\":\"hu\",\"@id\":\"https:\/\/www.welovecycling.com\/hu\/orszaguti-kerekpar\/pogacar-es-froome-nelkul-a-vuelta-sagan-alairt-a-masodvonalba\/#primaryimage\",\"url\":\"https:\/\/d2p6e6u75xmxt8.cloudfront.net\/12\/2021\/08\/wlc0806_01-min.png\",\"contentUrl\":\"https:\/\/d2p6e6u75xmxt8.cloudfront.net\/12\/2021\/08\/wlc0806_01-min.png\",\"width\":1048,\"height\":651},{\"@type\":\"BreadcrumbList\",\"@id\":\"https:\/\/www.welovecycling.com\/hu\/orszaguti-kerekpar\/pogacar-es-froome-nelkul-a-vuelta-sagan-alairt-a-masodvonalba\/#breadcrumb\",\"itemListElement\":[{\"@type\":\"ListItem\",\"position\":1,\"name\":\"Home\",\"item\":\"https:\/\/www.welovecycling.com\/hu\/\"},{\"@type\":\"ListItem\",\"position\":2,\"name\":\"Pogacar \u00e9s Froome n\u00e9lk\u00fcl a Vuelta, Sagan al\u00e1\u00edrt a m\u00e1sodvonalba\"}]},{\"@type\":\"WebSite\",\"@id\":\"https:\/\/www.welovecycling.com\/hu\/#website\",\"url\":\"https:\/\/www.welovecycling.com\/hu\/\",\"name\":\"\u0160koda We Love Cycling - Magyarorsz\u00e1g\",\"description\":\"\u0160koda WeLoveCycling\",\"potentialAction\":[{\"@type\":\"SearchAction\",\"target\":{\"@type\":\"EntryPoint\",\"urlTemplate\":\"https:\/\/www.welovecycling.com\/hu\/?s={search_term_string}\"},\"query-input\":{\"@type\":\"PropertyValueSpecification\",\"valueRequired\":true,\"valueName\":\"search_term_string\"}}],\"inLanguage\":\"hu\"},{\"@type\":\"Person\",\"@id\":\"https:\/\/www.welovecycling.com\/hu\/#\/schema\/person\/414a2aebf1801691a5320edb6468e194\",\"name\":\"hegyizs\",\"image\":{\"@type\":\"ImageObject\",\"inLanguage\":\"hu\",\"@id\":\"https:\/\/www.welovecycling.com\/hu\/#\/schema\/person\/image\/\",\"url\":\"https:\/\/secure.gravatar.com\/avatar\/02cf8a7906b8cf90cecb4679defac7cfd33a1c2e3b88e4903d947f3bb58eedd3?s=96&d=mm&r=g\",\"contentUrl\":\"https:\/\/secure.gravatar.com\/avatar\/02cf8a7906b8cf90cecb4679defac7cfd33a1c2e3b88e4903d947f3bb58eedd3?s=96&d=mm&r=g\",\"caption\":\"hegyizs\"},\"url\":\"https:\/\/www.welovecycling.com\/hu\/author\/hegyizs\/\"}]}<\/script>\n<!-- \/ Yoast SEO Premium plugin. -->","yoast_head_json":{"title":"Pogacar \u00e9s Froome n\u00e9lk\u00fcl a Vuelta, Sagan al\u00e1\u00edrt a m\u00e1sodvonalba","description":"A h\u00e1romszoros vil\u00e1gbajnok szlov\u00e1k szt\u00e1r, Peter Sagan a Bor\u00e1t\u00f3l hivatalosan is a francia Pro- csapathoz, a TotalEnergies-hez szerz\u0151d\u00f6tt, amelyet szeretne naggy\u00e1 tenni, mik\u00f6zben Tadej Pogacar \u00e9s Chris Froome is bejelentette, kihagyja a szombaton rajtol\u00f3 Vuelt\u00e1t.","robots":{"index":"index","follow":"follow","max-snippet":"max-snippet:-1","max-image-preview":"max-image-preview:large","max-video-preview":"max-video-preview:-1"},"canonical":"https:\/\/www.welovecycling.com\/hu\/orszaguti-kerekpar\/pogacar-es-froome-nelkul-a-vuelta-sagan-alairt-a-masodvonalba\/","og_locale":"hu_HU","og_type":"article","og_title":"Pogacar \u00e9s Froome n\u00e9lk\u00fcl a Vuelta, Sagan al\u00e1\u00edrt a m\u00e1sodvonalba","og_description":"A h\u00e1romszoros vil\u00e1gbajnok szlov\u00e1k szt\u00e1r, Peter Sagan a Bor\u00e1t\u00f3l hivatalosan is a francia Pro- csapathoz, a TotalEnergies-hez szerz\u0151d\u00f6tt, amelyet szeretne naggy\u00e1 tenni, mik\u00f6zben Tadej Pogacar \u00e9s Chris Froome is bejelentette, kihagyja a szombaton rajtol\u00f3 Vuelt\u00e1t.","og_url":"https:\/\/www.welovecycling.com\/hu\/orszaguti-kerekpar\/pogacar-es-froome-nelkul-a-vuelta-sagan-alairt-a-masodvonalba\/","og_site_name":"\u0160koda We Love Cycling - Magyarorsz\u00e1g","article_publisher":"https:\/\/www.facebook.com\/WeLoveCyclingHungary\/","article_published_time":"2021-08-07T06:00:23+00:00","og_image":[{"width":1048,"height":651,"url":"https:\/\/d2p6e6u75xmxt8.cloudfront.net\/12\/2021\/08\/wlc0806_01-min.png","type":"image\/png"}],"author":"hegyizs","twitter_card":"summary_large_image","twitter_misc":{"Written by":"WLC","Est. reading time":"3 minutes"},"schema":{"@context":"https:\/\/schema.org","@graph":[{"@type":"WebPage","@id":"https:\/\/www.welovecycling.com\/hu\/orszaguti-kerekpar\/pogacar-es-froome-nelkul-a-vuelta-sagan-alairt-a-masodvonalba\/","url":"https:\/\/www.welovecycling.com\/hu\/orszaguti-kerekpar\/pogacar-es-froome-nelkul-a-vuelta-sagan-alairt-a-masodvonalba\/","name":"Pogacar \u00e9s Froome n\u00e9lk\u00fcl a Vuelta, Sagan al\u00e1\u00edrt a m\u00e1sodvonalba","isPartOf":{"@id":"https:\/\/www.welovecycling.com\/hu\/#website"},"primaryImageOfPage":{"@id":"https:\/\/www.welovecycling.com\/hu\/orszaguti-kerekpar\/pogacar-es-froome-nelkul-a-vuelta-sagan-alairt-a-masodvonalba\/#primaryimage"},"image":{"@id":"https:\/\/www.welovecycling.com\/hu\/orszaguti-kerekpar\/pogacar-es-froome-nelkul-a-vuelta-sagan-alairt-a-masodvonalba\/#primaryimage"},"thumbnailUrl":"https:\/\/d2p6e6u75xmxt8.cloudfront.net\/12\/2021\/08\/wlc0806_01-min.png","datePublished":"2021-08-07T06:00:23+00:00","author":{"@id":"https:\/\/www.welovecycling.com\/hu\/#\/schema\/person\/414a2aebf1801691a5320edb6468e194"},"description":"A h\u00e1romszoros vil\u00e1gbajnok szlov\u00e1k szt\u00e1r, Peter Sagan a Bor\u00e1t\u00f3l hivatalosan is a francia Pro- csapathoz, a TotalEnergies-hez szerz\u0151d\u00f6tt, amelyet szeretne naggy\u00e1 tenni, mik\u00f6zben Tadej Pogacar \u00e9s Chris Froome is bejelentette, kihagyja a szombaton rajtol\u00f3 Vuelt\u00e1t.","breadcrumb":{"@id":"https:\/\/www.welovecycling.com\/hu\/orszaguti-kerekpar\/pogacar-es-froome-nelkul-a-vuelta-sagan-alairt-a-masodvonalba\/#breadcrumb"},"inLanguage":"hu","potentialAction":[{"@type":"ReadAction","target":["https:\/\/www.welovecycling.com\/hu\/orszaguti-kerekpar\/pogacar-es-froome-nelkul-a-vuelta-sagan-alairt-a-masodvonalba\/"]}]},{"@type":"ImageObject","inLanguage":"hu","@id":"https:\/\/www.welovecycling.com\/hu\/orszaguti-kerekpar\/pogacar-es-froome-nelkul-a-vuelta-sagan-alairt-a-masodvonalba\/#primaryimage","url":"https:\/\/d2p6e6u75xmxt8.cloudfront.net\/12\/2021\/08\/wlc0806_01-min.png","contentUrl":"https:\/\/d2p6e6u75xmxt8.cloudfront.net\/12\/2021\/08\/wlc0806_01-min.png","width":1048,"height":651},{"@type":"BreadcrumbList","@id":"https:\/\/www.welovecycling.com\/hu\/orszaguti-kerekpar\/pogacar-es-froome-nelkul-a-vuelta-sagan-alairt-a-masodvonalba\/#breadcrumb","itemListElement":[{"@type":"ListItem","position":1,"name":"Home","item":"https:\/\/www.welovecycling.com\/hu\/"},{"@type":"ListItem","position":2,"name":"Pogacar \u00e9s Froome n\u00e9lk\u00fcl a Vuelta, Sagan al\u00e1\u00edrt a m\u00e1sodvonalba"}]},{"@type":"WebSite","@id":"https:\/\/www.welovecycling.com\/hu\/#website","url":"https:\/\/www.welovecycling.com\/hu\/","name":"\u0160koda We Love Cycling - Magyarorsz\u00e1g","description":"\u0160koda WeLoveCycling","potentialAction":[{"@type":"SearchAction","target":{"@type":"EntryPoint","urlTemplate":"https:\/\/www.welovecycling.com\/hu\/?s={search_term_string}"},"query-input":{"@type":"PropertyValueSpecification","valueRequired":true,"valueName":"search_term_string"}}],"inLanguage":"hu"},{"@type":"Person","@id":"https:\/\/www.welovecycling.com\/hu\/#\/schema\/person\/414a2aebf1801691a5320edb6468e194","name":"hegyizs","image":{"@type":"ImageObject","inLanguage":"hu","@id":"https:\/\/www.welovecycling.com\/hu\/#\/schema\/person\/image\/","url":"https:\/\/secure.gravatar.com\/avatar\/02cf8a7906b8cf90cecb4679defac7cfd33a1c2e3b88e4903d947f3bb58eedd3?s=96&d=mm&r=g","contentUrl":"https:\/\/secure.gravatar.com\/avatar\/02cf8a7906b8cf90cecb4679defac7cfd33a1c2e3b88e4903d947f3bb58eedd3?s=96&d=mm&r=g","caption":"hegyizs"},"url":"https:\/\/www.welovecycling.com\/hu\/author\/hegyizs\/"}]}},"_links":{"self":[{"href":"https:\/\/www.welovecycling.com\/hu\/wp-json\/wp\/v2\/posts\/12157","targetHints":{"allow":["GET"]}}],"collection":[{"href":"https:\/\/www.welovecycling.com\/hu\/wp-json\/wp\/v2\/posts"}],"about":[{"href":"https:\/\/www.welovecycling.com\/hu\/wp-json\/wp\/v2\/types\/post"}],"author":[{"embeddable":true,"href":"https:\/\/www.welovecycling.com\/hu\/wp-json\/wp\/v2\/users\/71"}],"replies":[{"embeddable":true,"href":"https:\/\/www.welovecycling.com\/hu\/wp-json\/wp\/v2\/comments?post=12157"}],"version-history":[{"count":2,"href":"https:\/\/www.welovecycling.com\/hu\/wp-json\/wp\/v2\/posts\/12157\/revisions"}],"predecessor-version":[{"id":12163,"href":"https:\/\/www.welovecycling.com\/hu\/wp-json\/wp\/v2\/posts\/12157\/revisions\/12163"}],"wp:featuredmedia":[{"embeddable":true,"href":"https:\/\/www.welovecycling.com\/hu\/wp-json\/wp\/v2\/media\/12161"}],"wp:attachment":[{"href":"https:\/\/www.welovecycling.com\/hu\/wp-json\/wp\/v2\/media?parent=12157"}],"wp:term":[{"taxonomy":"category","embeddable":true,"href":"https:\/\/www.welovecycling.com\/hu\/wp-json\/wp\/v2\/categories?post=12157"},{"taxonomy":"post_tag","embeddable":true,"href":"https:\/\/www.welovecycling.com\/hu\/wp-json\/wp\/v2\/tags?post=12157"},{"taxonomy":"global-categories","embeddable":true,"href":"https:\/\/www.welovecycling.com\/hu\/wp-json\/wp\/v2\/global-categories?post=12157"}],"curies":[{"name":"wp","href":"https:\/\/api.w.org\/{rel}","templated":true}]}}