{"id":1215,"date":"2018-07-24T11:22:34","date_gmt":"2018-07-24T11:22:34","guid":{"rendered":"https:\/\/www.welovecycling.com\/hu\/?p=1215"},"modified":"2018-07-24T11:40:35","modified_gmt":"2018-07-24T11:40:35","slug":"versenynapi-taplalkozas","status":"publish","type":"post","link":"https:\/\/www.welovecycling.com\/hu\/tour-de-france\/versenynapi-taplalkozas\/","title":{"rendered":"Versenynapi t\u00e1pl\u00e1lkoz\u00e1s \u2013 \u00cdgy csin\u00e1ld!"},"content":{"rendered":"<p><strong>Elkezdt\u00e9l eg\u00e9szs\u00e9gesebben \u00e9tkezni a jobb teljes\u00edtm\u00e9ny\u00e9rt? A t\u00e9li h\u00f3napokban kev\u00e9s sz\u00e9nhidr\u00e1tot fogyasztott\u00e1l, hogy jobban tudj\u00e1l a zs\u00edrb\u00f3l energi\u00e1t \u00e9getni? Nagyszer\u0171! Ezzel m\u00e1r stabil alapot teremtett\u00e9l. De ha gyors is akarsz lenni verseny k\u00f6zben, sz\u00fcks\u00e9ged lesz n\u00e9mi k\u00fcls\u0151 cukorbevitelre is. L\u00e1ssuk, mi a versenynapi t\u00e1pl\u00e1lkoz\u00e1s titka.<\/strong><\/p>\n<p>A verseny k\u00f6zbeni ev\u00e9sc\u00e9lja, hogy fenntartsuk az izmok sz\u00e9nhidr\u00e1tell\u00e1t\u00e1s\u00e1t \u00e9s cs\u00f6kkents\u00fck a m\u00e1jban, valamint az izmokban t\u00e1rolt glikog\u00e9n-felhaszn\u00e1l\u00e1st. A sz\u00e9nhidr\u00e1toknak k\u00f6zvetlen hat\u00e1sa van a k\u00f6zponti rendszerre is, \u00e9s cs\u00f6kkentik az \u00e9szlelt er\u0151kifejt\u00e9st testmozg\u00e1s k\u00f6zben. Most m\u00e1r csak az a k\u00e9rd\u00e9s, hogy mikor \u00e9s mennyi sz\u00e9nhidr\u00e1tot kell magadhoz venned.<\/p>\n<h2><!--more--><\/h2>\n<h2>Egy\u00e9l \u00fctemterv szerint<\/h2>\n<p>Egy dolgot felt\u00e9tlen\u00fcl tudnod kell a nyeregben ev\u00e9ssel kapcsolatban: ha meg\u00e9hezel, soha nem fogsz tudni eleget enni a h\u00e1tral\u00e9k ledolgoz\u00e1s\u00e1hoz, m\u00e9g a piacon kaphat\u00f3 legjobb energiazsel\u00e9kkel sem. Ez\u00e9rt fontos elkezdeni a feltankol\u00e1st kb. 20-30 perccel a verseny indul\u00e1sa ut\u00e1n, majd \u00fctemterv szerint folytatni. Soha ne v\u00e1rd meg, m\u00edg \u00e9hes leszel.<\/p>\n<p><a href=\"https:\/\/d2p6e6u75xmxt8.cloudfront.net\/12\/2018\/07\/tour-de-france-taplalkozas-01.jpg\"><img loading=\"lazy\" decoding=\"async\" class=\"size-full wp-image-1216\" src=\"https:\/\/d2p6e6u75xmxt8.cloudfront.net\/12\/2018\/07\/tour-de-france-taplalkozas-01.jpg\" alt=\"versenynapi taplalkozas tour de france\" width=\"1800\" height=\"1200\" srcset=\"https:\/\/d2p6e6u75xmxt8.cloudfront.net\/12\/2018\/07\/tour-de-france-taplalkozas-01.jpg 1800w, https:\/\/d2p6e6u75xmxt8.cloudfront.net\/12\/2018\/07\/tour-de-france-taplalkozas-01-300x200.jpg 300w, https:\/\/d2p6e6u75xmxt8.cloudfront.net\/12\/2018\/07\/tour-de-france-taplalkozas-01-768x512.jpg 768w, https:\/\/d2p6e6u75xmxt8.cloudfront.net\/12\/2018\/07\/tour-de-france-taplalkozas-01-1024x683.jpg 1024w, https:\/\/d2p6e6u75xmxt8.cloudfront.net\/12\/2018\/07\/tour-de-france-taplalkozas-01-272x182.jpg 272w\" sizes=\"auto, (max-width: 1800px) 100vw, 1800px\" \/><\/a><\/p>\n<p style=\"text-align: center;\"><em><span style=\"font-size: 10pt;\">Marcel Kittel, a Quick-Step Floors csapat tagja ban\u00e1nt eszik a 104. Tour de France 16. szakasz\u00e1nak ind\u00edt\u00e1sa el\u0151tt.<\/span><\/em><\/p>\n<p>Seg\u00edt, ha van valami, ami eml\u00e9keztet az ev\u00e9sre. Be\u00e1ll\u00edthatsz \u00f3r\u00e1nk\u00e9nti figyelmeztet\u00e9st a telefonodon, vagy egy\u00e9l minden v\u00e1rost\u00e1bl\u00e1n\u00e1l vagy hat\u00e1rk\u0151n\u00e9l. Ne hagyatkozz csak a mem\u00f3ri\u00e1dra, mert mihelyt kem\u00e9nyedik a menet \u00e9s be\u00e1ll a kimer\u00fclts\u00e9g, k\u00f6nnyen kimegy a fejedb\u0151l. Egy kiv\u00e9tel van: a legfeljebb 60 perc k\u00f6r\u00fcli versenyeken nincs sz\u00fcks\u00e9ged \u00fczemanyag-p\u00f3tl\u00e1sra.<\/p>\n<h2>C\u00e9lozz meg 60 g sz\u00e9nhidr\u00e1tot \u00f3r\u00e1nk\u00e9nt<\/h2>\n<p>Ami a mennyis\u00e9get illeti, a legt\u00f6bb embernek \u00f3r\u00e1nk\u00e9nt kb. 0,5-1 g sz\u00e9nhidr\u00e1tra van sz\u00fcks\u00e9ge tests\u00falykilogrammonk\u00e9nt versenytemp\u00f3ban t\u00f6rt\u00e9n\u0151 teker\u00e9shez. De vedd azt is figyelembe, hogy egy \u00e1tlagos versenyz\u0151 csak kb. 60 g sz\u00e9nhidr\u00e1tot tud \u00f3r\u00e1nk\u00e9nt biztons\u00e1gosan el\u00e9getni. Efelett szinte biztos, hogy em\u00e9szt\u00e9si probl\u00e9m\u00e1k jelentkeznek. \u00d3r\u00e1nk\u00e9nt ak\u00e1r 90 g sz\u00e9nhidr\u00e1tot is be tudsz vinni egy t\u00f6bbforr\u00e1s\u00fa energiazsel\u00e9vel. A k\u00f6vetkez\u0151 cikkekben r\u00e9szletesebben le\u00edrjuk, hogyan v\u00e1s\u00e1rolj zsel\u00e9t, de \u00e1ltal\u00e1nos szab\u00e1ly, hogy mindenk\u00e9pp olvasd el a <a href=\"https:\/\/www.welovecycling.com\/hu\/tour-de-france\/mit-esznek-a-tour-de-france-versenyzoi\/\">szeletek \u00e9s zsel\u00e9k<\/a> c\u00edmk\u00e9j\u00e9t, \u00e9s ne felejtsd el belesz\u00e1m\u00edtani az italokban tal\u00e1lhat\u00f3 sz\u00e9nhidr\u00e1tokat is, ha el akarod ker\u00fclni a gyomorpanaszokat.<\/p>\n<p><a href=\"https:\/\/d2p6e6u75xmxt8.cloudfront.net\/12\/2018\/07\/tour-de-france-taplalkozas-02.jpg\"><img loading=\"lazy\" decoding=\"async\" class=\"size-full wp-image-1217\" src=\"https:\/\/d2p6e6u75xmxt8.cloudfront.net\/12\/2018\/07\/tour-de-france-taplalkozas-02.jpg\" alt=\"versenynapi taplalkozas tour de france\" width=\"1250\" height=\"832\" srcset=\"https:\/\/d2p6e6u75xmxt8.cloudfront.net\/12\/2018\/07\/tour-de-france-taplalkozas-02.jpg 1250w, https:\/\/d2p6e6u75xmxt8.cloudfront.net\/12\/2018\/07\/tour-de-france-taplalkozas-02-300x200.jpg 300w, https:\/\/d2p6e6u75xmxt8.cloudfront.net\/12\/2018\/07\/tour-de-france-taplalkozas-02-768x511.jpg 768w, https:\/\/d2p6e6u75xmxt8.cloudfront.net\/12\/2018\/07\/tour-de-france-taplalkozas-02-1024x682.jpg 1024w, https:\/\/d2p6e6u75xmxt8.cloudfront.net\/12\/2018\/07\/tour-de-france-taplalkozas-02-272x182.jpg 272w\" sizes=\"auto, (max-width: 1250px) 100vw, 1250px\" \/><\/a><\/p>\n<h2><\/h2>\n<h2>Hidrat\u00e1lj megfelel\u0151en &#8211; a versenynapi t\u00e1pl\u00e1lkoz\u00e1s egyik titka<\/h2>\n<p>A hidrat\u00e1l\u00e1s az egyik legfontosabb r\u00e9sze a versenynapi t\u00e1pl\u00e1lkoz\u00e1snak. \u00a0\u00d3r\u00e1nk\u00e9nt f\u00e9l \u00e9s 1 liter k\u00f6z\u00f6tti mennyis\u00e9g\u0171 folyad\u00e9kot kell meginnod ahhoz, hogy tartani tudd a cs\u00facsteljes\u00edtm\u00e9nyt. Ahogy az ev\u00e9st, az iv\u00e1st is kb. 30 perccel a verseny el\u0151tt el kell kezdened. Mindenk\u00e9ppen legyenek elektrolitok \u00e9s sz\u00e9nhidr\u00e1tok a vizespalackodban, mivel ezek felgyors\u00edthatj\u00e1k a rehidrat\u00e1ci\u00f3t, \u00e9s akkor is dolgoztatj\u00e1k a szervezetedet, ha nagyon izzadn\u00e1l. Sz\u00e1mos italt\u00edpus k\u00f6z\u00fcl v\u00e1laszthatsz, k\u00f6vetkez\u0151 cikkeinkben ezekbe is be fogunk pillantani.<\/p>\n","protected":false},"excerpt":{"rendered":"<p>Elkezdt\u00e9l eg\u00e9szs\u00e9gesebben \u00e9tkezni a jobb teljes\u00edtm\u00e9ny\u00e9rt? A t\u00e9li h\u00f3napokban kev\u00e9s sz\u00e9nhidr\u00e1tot fogyasztott\u00e1l, hogy jobban tudj\u00e1l a zs\u00edrb\u00f3l energi\u00e1t \u00e9getni? Nagyszer\u0171! [&hellip;]<\/p>\n","protected":false},"author":71,"featured_media":1218,"comment_status":"open","ping_status":"open","sticky":false,"template":"","format":"standard","meta":{"footnotes":""},"categories":[96],"tags":[51,28,27,87,88,101,79,93,102],"global-categories":[],"class_list":["post-1215","post","type-post","status-publish","format-standard","has-post-thumbnail","hentry","category-tour-de-france","tag-egeszseges-eletmod","tag-kerekpar-blog","tag-kerekpar-magazin","tag-kerekpar-verseny","tag-tdf","tag-tdf2018","tag-tour-de-france","tag-tour-de-france-2018","tag-versenynapi-taplalkozas"],"yoast_head":"<!-- This site is optimized with the Yoast SEO Premium plugin v25.3 (Yoast SEO v25.9) - https:\/\/yoast.com\/wordpress\/plugins\/seo\/ -->\n<title>Versenynapi t\u00e1pl\u00e1lkoz\u00e1s \u2013 \u00cdgy csin\u00e1ld! - \u0160koda We Love Cycling - Magyarorsz\u00e1g<\/title>\n<meta name=\"description\" content=\"Ha gyors akarsz lenni versenyz\u00e9s k\u00f6zben, akkor a gyakorl\u00e1s mellett a rendszeres \u00e9tkez\u00e9sre is figyelned kell. Kattints, ha szeretn\u00e9d tudni a versenynapi t\u00e1pl\u00e1lkoz\u00e1s titkait!\" \/>\n<meta name=\"robots\" content=\"index, follow, max-snippet:-1, max-image-preview:large, max-video-preview:-1\" \/>\n<link rel=\"canonical\" href=\"https:\/\/www.welovecycling.com\/hu\/tour-de-france\/versenynapi-taplalkozas\/\" \/>\n<meta property=\"og:locale\" content=\"hu_HU\" \/>\n<meta property=\"og:type\" content=\"article\" \/>\n<meta property=\"og:title\" content=\"Versenynapi t\u00e1pl\u00e1lkoz\u00e1s \u2013 \u00cdgy csin\u00e1ld!\" \/>\n<meta property=\"og:description\" content=\"Ha gyors akarsz lenni versenyz\u00e9s k\u00f6zben, akkor a gyakorl\u00e1s mellett a rendszeres \u00e9tkez\u00e9sre is figyelned kell. Kattints, ha szeretn\u00e9d tudni a versenynapi t\u00e1pl\u00e1lkoz\u00e1s titkait!\" \/>\n<meta property=\"og:url\" content=\"https:\/\/www.welovecycling.com\/hu\/tour-de-france\/versenynapi-taplalkozas\/\" \/>\n<meta property=\"og:site_name\" content=\"\u0160koda We Love Cycling - Magyarorsz\u00e1g\" \/>\n<meta property=\"article:publisher\" content=\"https:\/\/www.facebook.com\/WeLoveCyclingHungary\/\" \/>\n<meta property=\"article:published_time\" content=\"2018-07-24T11:22:34+00:00\" \/>\n<meta property=\"article:modified_time\" content=\"2018-07-24T11:40:35+00:00\" \/>\n<meta property=\"og:image\" content=\"https:\/\/d2p6e6u75xmxt8.cloudfront.net\/12\/2018\/07\/tour-de-france-taplalkozas-cover.jpg\" \/>\n\t<meta property=\"og:image:width\" content=\"1366\" \/>\n\t<meta property=\"og:image:height\" content=\"600\" \/>\n\t<meta property=\"og:image:type\" content=\"image\/jpeg\" \/>\n<meta name=\"author\" content=\"hegyizs\" \/>\n<meta name=\"twitter:card\" content=\"summary_large_image\" \/>\n<meta name=\"twitter:label1\" content=\"Written by\" \/>\n\t<meta name=\"twitter:data1\" content=\"hegyizs\" \/>\n\t<meta name=\"twitter:label2\" content=\"Est. reading time\" \/>\n\t<meta name=\"twitter:data2\" content=\"3 minutes\" \/>\n<script type=\"application\/ld+json\" class=\"yoast-schema-graph\">{\"@context\":\"https:\/\/schema.org\",\"@graph\":[{\"@type\":\"WebPage\",\"@id\":\"https:\/\/www.welovecycling.com\/hu\/tour-de-france\/versenynapi-taplalkozas\/\",\"url\":\"https:\/\/www.welovecycling.com\/hu\/tour-de-france\/versenynapi-taplalkozas\/\",\"name\":\"Versenynapi t\u00e1pl\u00e1lkoz\u00e1s \u2013 \u00cdgy csin\u00e1ld! - \u0160koda We Love Cycling - Magyarorsz\u00e1g\",\"isPartOf\":{\"@id\":\"https:\/\/www.welovecycling.com\/hu\/#website\"},\"primaryImageOfPage\":{\"@id\":\"https:\/\/www.welovecycling.com\/hu\/tour-de-france\/versenynapi-taplalkozas\/#primaryimage\"},\"image\":{\"@id\":\"https:\/\/www.welovecycling.com\/hu\/tour-de-france\/versenynapi-taplalkozas\/#primaryimage\"},\"thumbnailUrl\":\"https:\/\/d2p6e6u75xmxt8.cloudfront.net\/12\/2018\/07\/tour-de-france-taplalkozas-cover.jpg\",\"datePublished\":\"2018-07-24T11:22:34+00:00\",\"dateModified\":\"2018-07-24T11:40:35+00:00\",\"author\":{\"@id\":\"https:\/\/www.welovecycling.com\/hu\/#\/schema\/person\/414a2aebf1801691a5320edb6468e194\"},\"description\":\"Ha gyors akarsz lenni versenyz\u00e9s k\u00f6zben, akkor a gyakorl\u00e1s mellett a rendszeres \u00e9tkez\u00e9sre is figyelned kell. Kattints, ha szeretn\u00e9d tudni a versenynapi t\u00e1pl\u00e1lkoz\u00e1s titkait!\",\"breadcrumb\":{\"@id\":\"https:\/\/www.welovecycling.com\/hu\/tour-de-france\/versenynapi-taplalkozas\/#breadcrumb\"},\"inLanguage\":\"hu\",\"potentialAction\":[{\"@type\":\"ReadAction\",\"target\":[\"https:\/\/www.welovecycling.com\/hu\/tour-de-france\/versenynapi-taplalkozas\/\"]}]},{\"@type\":\"ImageObject\",\"inLanguage\":\"hu\",\"@id\":\"https:\/\/www.welovecycling.com\/hu\/tour-de-france\/versenynapi-taplalkozas\/#primaryimage\",\"url\":\"https:\/\/d2p6e6u75xmxt8.cloudfront.net\/12\/2018\/07\/tour-de-france-taplalkozas-cover.jpg\",\"contentUrl\":\"https:\/\/d2p6e6u75xmxt8.cloudfront.net\/12\/2018\/07\/tour-de-france-taplalkozas-cover.jpg\",\"width\":1366,\"height\":600,\"caption\":\"versenynapi taplalkozas tour de france\"},{\"@type\":\"BreadcrumbList\",\"@id\":\"https:\/\/www.welovecycling.com\/hu\/tour-de-france\/versenynapi-taplalkozas\/#breadcrumb\",\"itemListElement\":[{\"@type\":\"ListItem\",\"position\":1,\"name\":\"Home\",\"item\":\"https:\/\/www.welovecycling.com\/hu\/\"},{\"@type\":\"ListItem\",\"position\":2,\"name\":\"Versenynapi t\u00e1pl\u00e1lkoz\u00e1s \u2013 \u00cdgy csin\u00e1ld!\"}]},{\"@type\":\"WebSite\",\"@id\":\"https:\/\/www.welovecycling.com\/hu\/#website\",\"url\":\"https:\/\/www.welovecycling.com\/hu\/\",\"name\":\"\u0160koda We Love Cycling - Magyarorsz\u00e1g\",\"description\":\"\u0160koda WeLoveCycling\",\"potentialAction\":[{\"@type\":\"SearchAction\",\"target\":{\"@type\":\"EntryPoint\",\"urlTemplate\":\"https:\/\/www.welovecycling.com\/hu\/?s={search_term_string}\"},\"query-input\":{\"@type\":\"PropertyValueSpecification\",\"valueRequired\":true,\"valueName\":\"search_term_string\"}}],\"inLanguage\":\"hu\"},{\"@type\":\"Person\",\"@id\":\"https:\/\/www.welovecycling.com\/hu\/#\/schema\/person\/414a2aebf1801691a5320edb6468e194\",\"name\":\"hegyizs\",\"image\":{\"@type\":\"ImageObject\",\"inLanguage\":\"hu\",\"@id\":\"https:\/\/www.welovecycling.com\/hu\/#\/schema\/person\/image\/\",\"url\":\"https:\/\/secure.gravatar.com\/avatar\/02cf8a7906b8cf90cecb4679defac7cfd33a1c2e3b88e4903d947f3bb58eedd3?s=96&d=mm&r=g\",\"contentUrl\":\"https:\/\/secure.gravatar.com\/avatar\/02cf8a7906b8cf90cecb4679defac7cfd33a1c2e3b88e4903d947f3bb58eedd3?s=96&d=mm&r=g\",\"caption\":\"hegyizs\"},\"url\":\"https:\/\/www.welovecycling.com\/hu\/author\/hegyizs\/\"}]}<\/script>\n<!-- \/ Yoast SEO Premium plugin. -->","yoast_head_json":{"title":"Versenynapi t\u00e1pl\u00e1lkoz\u00e1s \u2013 \u00cdgy csin\u00e1ld! - \u0160koda We Love Cycling - Magyarorsz\u00e1g","description":"Ha gyors akarsz lenni versenyz\u00e9s k\u00f6zben, akkor a gyakorl\u00e1s mellett a rendszeres \u00e9tkez\u00e9sre is figyelned kell. Kattints, ha szeretn\u00e9d tudni a versenynapi t\u00e1pl\u00e1lkoz\u00e1s titkait!","robots":{"index":"index","follow":"follow","max-snippet":"max-snippet:-1","max-image-preview":"max-image-preview:large","max-video-preview":"max-video-preview:-1"},"canonical":"https:\/\/www.welovecycling.com\/hu\/tour-de-france\/versenynapi-taplalkozas\/","og_locale":"hu_HU","og_type":"article","og_title":"Versenynapi t\u00e1pl\u00e1lkoz\u00e1s \u2013 \u00cdgy csin\u00e1ld!","og_description":"Ha gyors akarsz lenni versenyz\u00e9s k\u00f6zben, akkor a gyakorl\u00e1s mellett a rendszeres \u00e9tkez\u00e9sre is figyelned kell. Kattints, ha szeretn\u00e9d tudni a versenynapi t\u00e1pl\u00e1lkoz\u00e1s titkait!","og_url":"https:\/\/www.welovecycling.com\/hu\/tour-de-france\/versenynapi-taplalkozas\/","og_site_name":"\u0160koda We Love Cycling - Magyarorsz\u00e1g","article_publisher":"https:\/\/www.facebook.com\/WeLoveCyclingHungary\/","article_published_time":"2018-07-24T11:22:34+00:00","article_modified_time":"2018-07-24T11:40:35+00:00","og_image":[{"width":1366,"height":600,"url":"https:\/\/d2p6e6u75xmxt8.cloudfront.net\/12\/2018\/07\/tour-de-france-taplalkozas-cover.jpg","type":"image\/jpeg"}],"author":"hegyizs","twitter_card":"summary_large_image","twitter_misc":{"Written by":"hegyizs","Est. reading time":"3 minutes"},"schema":{"@context":"https:\/\/schema.org","@graph":[{"@type":"WebPage","@id":"https:\/\/www.welovecycling.com\/hu\/tour-de-france\/versenynapi-taplalkozas\/","url":"https:\/\/www.welovecycling.com\/hu\/tour-de-france\/versenynapi-taplalkozas\/","name":"Versenynapi t\u00e1pl\u00e1lkoz\u00e1s \u2013 \u00cdgy csin\u00e1ld! - \u0160koda We Love Cycling - Magyarorsz\u00e1g","isPartOf":{"@id":"https:\/\/www.welovecycling.com\/hu\/#website"},"primaryImageOfPage":{"@id":"https:\/\/www.welovecycling.com\/hu\/tour-de-france\/versenynapi-taplalkozas\/#primaryimage"},"image":{"@id":"https:\/\/www.welovecycling.com\/hu\/tour-de-france\/versenynapi-taplalkozas\/#primaryimage"},"thumbnailUrl":"https:\/\/d2p6e6u75xmxt8.cloudfront.net\/12\/2018\/07\/tour-de-france-taplalkozas-cover.jpg","datePublished":"2018-07-24T11:22:34+00:00","dateModified":"2018-07-24T11:40:35+00:00","author":{"@id":"https:\/\/www.welovecycling.com\/hu\/#\/schema\/person\/414a2aebf1801691a5320edb6468e194"},"description":"Ha gyors akarsz lenni versenyz\u00e9s k\u00f6zben, akkor a gyakorl\u00e1s mellett a rendszeres \u00e9tkez\u00e9sre is figyelned kell. Kattints, ha szeretn\u00e9d tudni a versenynapi t\u00e1pl\u00e1lkoz\u00e1s titkait!","breadcrumb":{"@id":"https:\/\/www.welovecycling.com\/hu\/tour-de-france\/versenynapi-taplalkozas\/#breadcrumb"},"inLanguage":"hu","potentialAction":[{"@type":"ReadAction","target":["https:\/\/www.welovecycling.com\/hu\/tour-de-france\/versenynapi-taplalkozas\/"]}]},{"@type":"ImageObject","inLanguage":"hu","@id":"https:\/\/www.welovecycling.com\/hu\/tour-de-france\/versenynapi-taplalkozas\/#primaryimage","url":"https:\/\/d2p6e6u75xmxt8.cloudfront.net\/12\/2018\/07\/tour-de-france-taplalkozas-cover.jpg","contentUrl":"https:\/\/d2p6e6u75xmxt8.cloudfront.net\/12\/2018\/07\/tour-de-france-taplalkozas-cover.jpg","width":1366,"height":600,"caption":"versenynapi taplalkozas tour de france"},{"@type":"BreadcrumbList","@id":"https:\/\/www.welovecycling.com\/hu\/tour-de-france\/versenynapi-taplalkozas\/#breadcrumb","itemListElement":[{"@type":"ListItem","position":1,"name":"Home","item":"https:\/\/www.welovecycling.com\/hu\/"},{"@type":"ListItem","position":2,"name":"Versenynapi t\u00e1pl\u00e1lkoz\u00e1s \u2013 \u00cdgy csin\u00e1ld!"}]},{"@type":"WebSite","@id":"https:\/\/www.welovecycling.com\/hu\/#website","url":"https:\/\/www.welovecycling.com\/hu\/","name":"\u0160koda We Love Cycling - Magyarorsz\u00e1g","description":"\u0160koda WeLoveCycling","potentialAction":[{"@type":"SearchAction","target":{"@type":"EntryPoint","urlTemplate":"https:\/\/www.welovecycling.com\/hu\/?s={search_term_string}"},"query-input":{"@type":"PropertyValueSpecification","valueRequired":true,"valueName":"search_term_string"}}],"inLanguage":"hu"},{"@type":"Person","@id":"https:\/\/www.welovecycling.com\/hu\/#\/schema\/person\/414a2aebf1801691a5320edb6468e194","name":"hegyizs","image":{"@type":"ImageObject","inLanguage":"hu","@id":"https:\/\/www.welovecycling.com\/hu\/#\/schema\/person\/image\/","url":"https:\/\/secure.gravatar.com\/avatar\/02cf8a7906b8cf90cecb4679defac7cfd33a1c2e3b88e4903d947f3bb58eedd3?s=96&d=mm&r=g","contentUrl":"https:\/\/secure.gravatar.com\/avatar\/02cf8a7906b8cf90cecb4679defac7cfd33a1c2e3b88e4903d947f3bb58eedd3?s=96&d=mm&r=g","caption":"hegyizs"},"url":"https:\/\/www.welovecycling.com\/hu\/author\/hegyizs\/"}]}},"_links":{"self":[{"href":"https:\/\/www.welovecycling.com\/hu\/wp-json\/wp\/v2\/posts\/1215","targetHints":{"allow":["GET"]}}],"collection":[{"href":"https:\/\/www.welovecycling.com\/hu\/wp-json\/wp\/v2\/posts"}],"about":[{"href":"https:\/\/www.welovecycling.com\/hu\/wp-json\/wp\/v2\/types\/post"}],"author":[{"embeddable":true,"href":"https:\/\/www.welovecycling.com\/hu\/wp-json\/wp\/v2\/users\/71"}],"replies":[{"embeddable":true,"href":"https:\/\/www.welovecycling.com\/hu\/wp-json\/wp\/v2\/comments?post=1215"}],"version-history":[{"count":2,"href":"https:\/\/www.welovecycling.com\/hu\/wp-json\/wp\/v2\/posts\/1215\/revisions"}],"predecessor-version":[{"id":1220,"href":"https:\/\/www.welovecycling.com\/hu\/wp-json\/wp\/v2\/posts\/1215\/revisions\/1220"}],"wp:featuredmedia":[{"embeddable":true,"href":"https:\/\/www.welovecycling.com\/hu\/wp-json\/wp\/v2\/media\/1218"}],"wp:attachment":[{"href":"https:\/\/www.welovecycling.com\/hu\/wp-json\/wp\/v2\/media?parent=1215"}],"wp:term":[{"taxonomy":"category","embeddable":true,"href":"https:\/\/www.welovecycling.com\/hu\/wp-json\/wp\/v2\/categories?post=1215"},{"taxonomy":"post_tag","embeddable":true,"href":"https:\/\/www.welovecycling.com\/hu\/wp-json\/wp\/v2\/tags?post=1215"},{"taxonomy":"global-categories","embeddable":true,"href":"https:\/\/www.welovecycling.com\/hu\/wp-json\/wp\/v2\/global-categories?post=1215"}],"curies":[{"name":"wp","href":"https:\/\/api.w.org\/{rel}","templated":true}]}}