{"id":12143,"date":"2021-08-05T14:58:46","date_gmt":"2021-08-05T12:58:46","guid":{"rendered":"https:\/\/www.welovecycling.com\/hu\/?p=12143"},"modified":"2021-08-05T15:01:05","modified_gmt":"2021-08-05T13:01:05","slug":"mi-tortent-az-olimpian-a-nok-orszaguti-versenyen","status":"publish","type":"post","link":"https:\/\/www.welovecycling.com\/hu\/kozosseg-es-kultura\/mi-tortent-az-olimpian-a-nok-orszaguti-versenyen\/","title":{"rendered":"Mi t\u00f6rt\u00e9nt az olimpi\u00e1n a n\u0151k orsz\u00e1g\u00fati verseny\u00e9n?"},"content":{"rendered":"<p><strong>Az egy\u00e9ni id\u0151m\u00e9r\u0151 versenyt v\u00e1rva m\u00e9g mindig pr\u00f3b\u00e1ljuk feldolgozni a vas\u00e1rnapi n\u0151i orsz\u00e1g\u00fati versenyen t\u00f6rt\u00e9nteket. Az olimpiai orsz\u00e1g\u00fati versenyz\u00e9s t\u00f6rt\u00e9net\u00e9nek egyik legjelent\u0151sebb meglepet\u00e9s gy\u0151zelm\u00e9nek lehett\u00fcnk ugyanis tan\u00fai. Anna Kiesenhofer osztr\u00e1k versenyz\u0151 szerezte meg az arany\u00e9rmet Toki\u00f3ban, m\u00edg Annemiek van Vleuten \u00e9s Elisa Longo Borghini ez\u00fcst-, illetve bronz\u00e9rmet szereztek.<\/strong> <!--more--><\/p>\n<p>Amikor azonban van Vleuten \u00e1tl\u00e9pte a c\u00e9lvonalat, a leveg\u0151be emelte a kez\u00e9t, hogy meg\u00fcnnepelje, hogy \u0151 nyerte a versenyt, ami kellemetlen pillanatot okozott mindenkinek, bele\u00e9rtve m\u00e1s versenyz\u0151ket is, mint p\u00e9ld\u00e1ul Lizzie Deignant, aki gratul\u00e1lt a gy\u0151zelemhez. Kiesenhofer, aki 2017 \u00f3ta nem \u00e1ll senkivel szakmai szerz\u0151d\u00e9sben \u00e9s csapatt\u00e1rsak n\u00e9lk\u00fcl biciklizett, akkor m\u00e1r t\u00f6bb, mint egy perce \u00e1thaladt a c\u00e9lvonalon. Sz\u00f3val, hogy t\u00f6rt\u00e9nhetett ez?<\/p>\n<div class=\"embed-controller-wrapper\">\n<blockquote class=\"twitter-tweet\" data-width=\"500\" data-dnt=\"true\">\n<p lang=\"en\" dir=\"ltr\">Happy to have a good night of sleep after yesterday&#39;s rollercoaster ride of emotions.<br \/>Out of a situation where we were racing for 4th&#8230; I won my first Olympic medal. Training and staying at <a href=\"https:\/\/twitter.com\/HotelInteralpen?ref_src=twsrc%5Etfw\">@hotelinteralpen<\/a> did it&#39;s work again. \ud83d\udcaaTime to look forward!<br \/>11.30-13.00 \ud83c\uddef\ud83c\uddf5 \/4.30-6.00\ud83c\uddf3\ud83c\uddf1 <a href=\"https:\/\/t.co\/wNiXF1sxB8\">pic.twitter.com\/wNiXF1sxB8<\/a><\/p>\n<p>&mdash; Annemiek van Vleuten (@AvVleuten) <a href=\"https:\/\/twitter.com\/AvVleuten\/status\/1419555047633874945?ref_src=twsrc%5Etfw\">July 26, 2021<\/a><\/p><\/blockquote>\n<p><script async data-src=\"https:\/\/platform.twitter.com\/widgets.js\" charset=\"utf-8\"><\/script><\/div>\n<h2><strong>\u00c9rd el, hogy megfeledkezzenek r\u00f3lad!<\/strong><\/h2>\n<p>A felh\u00e1borod\u00e1s ellen\u00e9re b\u00e1rki, aki n\u00e9zte a versenyt, nem vitatja Kiesenhofer dominanci\u00e1j\u00e1t \u00e9s meg\u00e9rdemelt gy\u0151zelm\u00e9t. A 30 \u00e9ves l\u00e1ny a 137 kilom\u00e9teres futam kezdet\u00e9t\u0151l a nemzetk\u00f6zi Fuji p\u00e1ly\u00e1ig t\u00e1madott, r\u00e1ad\u00e1sul annyira sikeresen, hogy az utols\u00f3 40 km-t egyed\u00fcl tette meg.<\/p>\n<p>A z\u00e1szl\u00f3 elejt\u00e9s\u00e9t\u0151l kezdve Carla Oberholzerrel, Vera Looserrel, Omer Shapira -val \u00e9s Anna Plicht\u00e1val egy\u00fctt tekert, majd \u00e1tvette a vezet\u00e9st. Alig t\u00f6bb, mint 50 km volt h\u00e1tra, amikor Van Vleuten \u00fagy d\u00f6nt\u00f6tt, hogy t\u00e1mad\u00e1st ind\u00edt.<\/p>\n<p>T\u00fal kev\u00e9s, t\u00fal k\u00e9s\u0151n. A Kagosaka-h\u00e1g\u00f3n Kiesenhofer meghat\u00e1roz\u00f3 l\u00e9p\u00e9st tett, mikor az utols\u00f3 k\u00e9t h\u00e1tral\u00e9v\u0151 versenyz\u0151t kiejtette. A verseny ezen a ponton nagyj\u00e1b\u00f3l lez\u00e1rult. Er\u0151fesz\u00edt\u00e9sei ellen\u00e9re Van Vleutennek ekkor m\u00e9g 25 km h\u00e1ra volt, ekkor Shapira, Plichta \u00e9s Kiesenhofer bicikliztek el\u00f6l.<\/p>\n<figure id=\"attachment_12147\" aria-describedby=\"caption-attachment-12147\" style=\"width: 1000px\" class=\"wp-caption alignnone\"><a href=\"https:\/\/d2p6e6u75xmxt8.cloudfront.net\/12\/2021\/08\/Anna-Kiesenhofer-profimedia-0623212918.jpg\"><img loading=\"lazy\" decoding=\"async\" class=\"wp-image-12147 size-full\" src=\"https:\/\/d2p6e6u75xmxt8.cloudfront.net\/12\/2021\/08\/Anna-Kiesenhofer-profimedia-0623212918.jpg\" alt=\"Anna Kiesenhofer\" width=\"1000\" height=\"666\" srcset=\"https:\/\/d2p6e6u75xmxt8.cloudfront.net\/12\/2021\/08\/Anna-Kiesenhofer-profimedia-0623212918.jpg 1000w, https:\/\/d2p6e6u75xmxt8.cloudfront.net\/12\/2021\/08\/Anna-Kiesenhofer-profimedia-0623212918-300x200.jpg 300w, https:\/\/d2p6e6u75xmxt8.cloudfront.net\/12\/2021\/08\/Anna-Kiesenhofer-profimedia-0623212918-768x511.jpg 768w, https:\/\/d2p6e6u75xmxt8.cloudfront.net\/12\/2021\/08\/Anna-Kiesenhofer-profimedia-0623212918-272x182.jpg 272w\" sizes=\"auto, (max-width: 1000px) 100vw, 1000px\" \/><\/a><figcaption id=\"caption-attachment-12147\" class=\"wp-caption-text\">Kiesenhofer meglep\u0151 gy\u0151zelme ut\u00e1n. \u00a9 Profimedia<\/figcaption><\/figure>\n<p>Miut\u00e1n a k\u00e9t volt leszakadt versenyz\u0151t az utols\u00f3 5 km-en elkapt\u00e1k, Hollandia csapata felk\u00e9sz\u00fclt a c\u00e9lba \u00e9r\u00e9sre. Van Vleuten az utols\u00f3 2 km-en t\u00e1madott, Elisa Longo Borghini pedig \u00fcld\u00f6z\u0151be vette &#8211; nem vette \u00e9szre, hogy sorsuk m\u00e1r megpecs\u00e9tel\u0151d\u00f6tt.<\/p>\n<h2><strong>Megszakadt kommunik\u00e1ci\u00f3<\/strong><\/h2>\n<p>Persze m\u00e9g mindig neh\u00e9z elk\u00e9pzelni, hogyan vesztett\u00e9k el a nyom\u00e1t a hollandok annak, hogy Kiesenhofer volt az \u00e9len. Van azonban n\u00e9h\u00e1ny, az olimpiai versenyekre jellemz\u0151 t\u00e9nyez\u0151, ami hozz\u00e1j\u00e1rult a kialakult z\u0171rzavarhoz. P\u00e9ld\u00e1ul az olimpi\u00e1n nem engedett a r\u00e1di\u00f3, ellent\u00e9tben m\u00e1s profi versenyekkel, \u00edgy neh\u00e9z l\u00e9p\u00e9st tartani azzal, hogy \u00e1llnak a versenyz\u0151k.<\/p>\n<p>M\u00e1sodszor, az a t\u00e9ny, hogy a mez\u0151nyt kis csapatok n\u00e9pes\u00edtett\u00e9k be &#8211; csak n\u00e9gy nemzet rendelkezett n\u00e9gy taggal &#8211; val\u00f3sz\u00edn\u0171leg hozz\u00e1j\u00e1rult ahhoz a k\u00e1oszhoz, ami Van Vleuten zavar\u00e1t eredm\u00e9nyezte, amikor Kiesenhofer ut\u00e1n 75 m\u00e1sodperccel el\u00e9rte a c\u00e9lvonalat.<\/p>\n<p>-El vagyok keseredve &#8211; nyilatkozta van Vleuten. &#8211; \u00d6t kilom\u00e9ter volt m\u00e9g h\u00e1tra, mikor Marianne oda\u00e9rt hozz\u00e1m, egyik\u00fcnk sem tudta, hogy b\u00e1rkit kiejtettek. Ez t\u00f6rt\u00e9nik akkor, ha rossz a kommunik\u00e1ci\u00f3 egy ilyen fontos versenyen.<\/p>\n<div class=\"embed-controller-wrapper\">\n<blockquote class=\"twitter-tweet\" data-width=\"500\" data-dnt=\"true\">\n<p lang=\"en\" dir=\"ltr\">My story. A day later my thoughts about yesterday&#39;s rollercoaster in a row. One last look back on the road race. Now looking forward to the TT! <a href=\"https:\/\/t.co\/CnKWPop0EC\">https:\/\/t.co\/CnKWPop0EC<\/a> (Text in Dutch)<\/p>\n<p>\ud83d\udcf8: <a href=\"https:\/\/twitter.com\/bettiniphoto?ref_src=twsrc%5Etfw\">@bettiniphoto<\/a> <a href=\"https:\/\/t.co\/fOCdTrVPGL\">pic.twitter.com\/fOCdTrVPGL<\/a><\/p>\n<p>&mdash; Annemiek van Vleuten (@AvVleuten) <a href=\"https:\/\/twitter.com\/AvVleuten\/status\/1419579816676888578?ref_src=twsrc%5Etfw\">July 26, 2021<\/a><\/p><\/blockquote>\n<p><script async data-src=\"https:\/\/platform.twitter.com\/widgets.js\" charset=\"utf-8\"><\/script><\/div>\n<h2><strong>Nem vet j\u00f3 f\u00e9nyt a n\u0151i mez\u0151nyre<\/strong><\/h2>\n<p>Nem csak a hollandok zavarodtak \u00f6ssze. Lizzie Deignan brit versenyz\u0151, aki 11. Helyen v\u00e9gzett, a verseny ut\u00e1n adott interj\u00fak sor\u00e1n gratul\u00e1lt Van Vleutennek, miel\u0151tt r\u00e1j\u00f6tt volna, ki a val\u00f3di gy\u0151ztes.<\/p>\n<p>\u201cSemmit sem tudok r\u00f3la\u201d &#8211; mondta Deignan Kiesenhoferr\u0151l. &#8211; Hat\u00e1rozottan egy meglepet\u00e9s gy\u0151ztest k\u00f6sz\u00f6nthet\u00fcnk benne!<\/p>\n<p>\u201cHatalmas inform\u00e1ci\u00f3 hi\u00e1nnyal k\u00fczd\u00f6tt\u00fcnk\u201d &#8211; tette hozz\u00e1 Deignan. \u201cVal\u00f3sz\u00edn\u0171leg a verseny el\u0151tti holland dominancia ellenem dolgozott. Senki nem k\u00f6telezte el mag\u00e1t. Egy\u00e9ni versenyz\u0151k\u00e9nt nem tehettem semmit \u00e9s meglepett az egy\u00fcttm\u0171k\u00f6d\u00e9s hi\u00e1nya.\u201d<\/p>\n<p>M\u00e1s versenyz\u0151k hat\u00e1rozottabban fogalmazt\u00e1k meg, hogyan v\u00e9lekednek a verseny sz\u00ednvonal\u00e1r\u00f3l. Cecilie Uttrup Ludwig, a sokoldal\u00fa d\u00e1n versenyz\u0151, aki Deignan el\u0151tt v\u00e9gzett a 10.helyen, nem volt megel\u00e9gedve a dolgok alakul\u00e1s\u00e1val. \u201cEz abszurd.\u201d &#8211; mondta az Ekstra Bladet d\u00e1n h\u00edr\u00fcgyn\u00f6ks\u00e9g besz\u00e1mol\u00f3j\u00e1ban.<\/p>\n<div class=\"embed-controller-wrapper\">\n<blockquote class=\"twitter-tweet\" data-width=\"500\" data-dnt=\"true\">\n<p lang=\"en\" dir=\"ltr\">Konnichiwa from Japan\ud83d\udc4b\ud83c\udffb\ud83c\uddef\ud83c\uddf5\ud83c\udfd4<br \/>The danish dynamite duo are absolutely thrilled to represent our country on Sunday at the biggest sport event in the world\ud83e\udde8\ud83c\udde9\ud83c\uddf0\ud83c\udf0f\ud83d\ude0d The wait is almost over\u23f2\ud83d\ude4c\ud83c\udffb\ud83e\udd29<a href=\"https:\/\/twitter.com\/Tokyo2020?ref_src=twsrc%5Etfw\">@Tokyo2020<\/a> here we come\ud83d\udc99\ud83d\udda4\u2764\ufe0f\ud83d\udc9b\ud83d\udc9a <a href=\"https:\/\/twitter.com\/hashtag\/AllForDenmark?src=hash&amp;ref_src=twsrc%5Etfw\">#AllForDenmark<\/a> <a href=\"https:\/\/t.co\/0tQFFmgDSm\">pic.twitter.com\/0tQFFmgDSm<\/a><\/p>\n<p>&mdash; Cecilie Uttrup Ludwig (@CUttrupLudwig) <a href=\"https:\/\/twitter.com\/CUttrupLudwig\/status\/1417821068652204033?ref_src=twsrc%5Etfw\">July 21, 2021<\/a><\/p><\/blockquote>\n<p><script async data-src=\"https:\/\/platform.twitter.com\/widgets.js\" charset=\"utf-8\"><\/script><\/div>\n<p>A Danish Broadcasting Corporation-nek (DR) k\u00e9s\u0151bb ezt nyilatkozta: \u201cHa teljesen \u0151szinte akarok lenni, akkor szar volt. Ez el\u00e9g rossz f\u00e9nyt vet a n\u0151i ker\u00e9kp\u00e1roz\u00e1sra.\u201d<\/p>\n<h2><strong>Nos, ki is ez a meglepet\u00e9s nyertes?<\/strong><\/h2>\n<p>Ennek ellen\u00e9re a vas\u00e1rnapi verseny bebizony\u00edtotta, hogy a n\u0151i mez\u0151ny minden, csak nem kisz\u00e1m\u00edthat\u00f3, \u00e9s mindig t\u00f6rt\u00e9nhetnek v\u00e1ratlan helyzetek.<\/p>\n<p>Sz\u00f3val mi a helyzet ezzel a meglepet\u00e9s olimpiai bajnokkal? Az osztr\u00e1k versenyz\u0151nek &#8211; aki az els\u0151 osztr\u00e1k versenyz\u0151 volt, aki Adolf Schmal \u00f3ta az olimpiai dobog\u00f3 tetej\u00e9n \u00e1llt az 1896-os ath\u00e9ni j\u00e1t\u00e9kokon &#8211; minden bizonnyal nem mindennapi \u00fat vezetett az aranyhoz Toki\u00f3ban. A kezdeti \u00edg\u00e9retes karrier ellen\u00e9re 2017-ben felhagyott ezzel a sport\u00e1ggal, ekkor ugyanis nem tudott csapatot biztos\u00edtani az indul\u00e1shoz.<\/p>\n<p>N\u00e9h\u00e1ny \u00e9vvel k\u00e9s\u0151bb, 2019-ben, amat\u0151r versenyz\u0151k\u00e9nt t\u00e9rt vissza, \u00e9s megnyerte az osztr\u00e1k orsz\u00e1gos orsz\u00e1g\u00fati versenyt. V\u00e9g\u00fcl kereskedelmi csapattal \u00e9s szakmai szerz\u0151d\u00e9s n\u00e9lk\u00fcl indult el az olimpi\u00e1n. Ker\u00e9kp\u00e1ros elfoglalts\u00e1gai mellett matematikai doktori c\u00edmet is szerzett, majd B\u00e9csben \u00e9s Cambridge-ben tanult, miel\u0151tt 2016-ban Katal\u00f3ni\u00e1ban doktor\u00e1lt. Jelenleg a Lausanne-i Egyetemen \u00f6tv\u00f6zi az oktat\u00e1st a kutat\u00e1ssal.<\/p>\n<figure id=\"attachment_12148\" aria-describedby=\"caption-attachment-12148\" style=\"width: 1000px\" class=\"wp-caption alignnone\"><a href=\"https:\/\/d2p6e6u75xmxt8.cloudfront.net\/12\/2021\/08\/Anna-Kiesenhofer-Olympics-profimedia-0623289044.jpg\"><img loading=\"lazy\" decoding=\"async\" class=\"wp-image-12148 size-full\" src=\"https:\/\/d2p6e6u75xmxt8.cloudfront.net\/12\/2021\/08\/Anna-Kiesenhofer-Olympics-profimedia-0623289044.jpg\" alt=\"Anna Kiesenhofer\" width=\"1000\" height=\"666\" srcset=\"https:\/\/d2p6e6u75xmxt8.cloudfront.net\/12\/2021\/08\/Anna-Kiesenhofer-Olympics-profimedia-0623289044.jpg 1000w, https:\/\/d2p6e6u75xmxt8.cloudfront.net\/12\/2021\/08\/Anna-Kiesenhofer-Olympics-profimedia-0623289044-300x200.jpg 300w, https:\/\/d2p6e6u75xmxt8.cloudfront.net\/12\/2021\/08\/Anna-Kiesenhofer-Olympics-profimedia-0623289044-768x511.jpg 768w, https:\/\/d2p6e6u75xmxt8.cloudfront.net\/12\/2021\/08\/Anna-Kiesenhofer-Olympics-profimedia-0623289044-272x182.jpg 272w\" sizes=\"auto, (max-width: 1000px) 100vw, 1000px\" \/><\/a><figcaption id=\"caption-attachment-12148\" class=\"wp-caption-text\"><em>A gy\u0151zelem \u00fcnnepl\u00e9se. \u00a9 Profimedia<\/em><\/figcaption><\/figure>\n<p>Ez m\u00e1r az olimpiai arany\u00e9rem n\u00e9lk\u00fcl is egy leny\u0171g\u00f6z\u0151 \u00f6n\u00e9letrajz. Teh\u00e1t, annak ellen\u00e9re, hogy az idei n\u0151i orsz\u00e1g\u00fati versenyt \u00e1that\u00f3 \u00e9rzelmi hull\u00e1mz\u00e1s hat\u00e1rozottan \u00e9rezhet\u0151, j\u00f6jjenek most a gy\u0151ztes szavai:<\/p>\n<p>\u201e\u00dagy terveztem, hogy az elej\u00e9t\u0151l t\u00e1madok, \u00e9s \u00f6r\u00fcltem, hogy el\u00f6l helyezkedhetek el. \u00d6r\u00fcl\u00f6k, hogy nem f\u00e9ltem. T\u00e1madtam, \u00e9s a csoporton bel\u00fcl t\u00f6bb\u00e9 -kev\u00e9sb\u00e9 egy\u00fctt dolgoztunk. L\u00e1ttam, hogy \u00e9n vagyok a leger\u0151sebb, \u00e9s tudtam, hogyan tudom megoldani a m\u00e1sz\u00e1st a hossz\u00fa ereszked\u00e9s el\u0151tt.<\/p>\n<p>V\u00e9g\u00fcl csak megpr\u00f3b\u00e1ltam el\u00e9rni a c\u00e9lt. A l\u00e1baim teljesen k\u00e9sz voltak. Soha \u00e9letemben nem er\u0151lk\u00f6dtem \u00edgy. Alig tudtam ped\u00e1lozni. \u00dagy \u00e9reztem, hogy egy\u00e1ltal\u00e1n nem maradt energia a l\u00e1bamban [\u2026] Ez egyszer\u0171en hihetetlen. T\u00e9nyleg sokat \u00e1ldoztam erre a napra. Nem sz\u00e1m\u00edtottam arra, hogy \u00edgy fogok teljes\u00edteni. \u00c9n is mindent fel\u00e1ldoztam volna a legjobb 15 hely\u00e9rt, de ez a diadal bebizony\u00edtotta, hogy minden er\u0151fesz\u00edt\u00e9s meg\u00e9rte. \u201d<\/p>\n<p>Gratul\u00e1lunk Anna Kiesenhofer leny\u0171g\u00f6z\u0151 gy\u0151zelm\u00e9hez, \u00e9s izgatottan n\u00e9z\u00fcnk el\u00e9be a tov\u00e1bbi ker\u00e9kp\u00e1ros versenyeknek az olimpi\u00e1n!<\/p>\n","protected":false},"excerpt":{"rendered":"<p>Az egy\u00e9ni id\u0151m\u00e9r\u0151 versenyt v\u00e1rva m\u00e9g mindig pr\u00f3b\u00e1ljuk feldolgozni a vas\u00e1rnapi n\u0151i orsz\u00e1g\u00fati versenyen t\u00f6rt\u00e9nteket. Az olimpiai orsz\u00e1g\u00fati versenyz\u00e9s t\u00f6rt\u00e9net\u00e9nek [&hellip;]<\/p>\n","protected":false},"author":71,"featured_media":12150,"comment_status":"open","ping_status":"open","sticky":false,"template":"","format":"standard","meta":{"footnotes":""},"categories":[12],"tags":[],"global-categories":[],"class_list":["post-12143","post","type-post","status-publish","format-standard","has-post-thumbnail","hentry","category-kozosseg-es-kultura"],"yoast_head":"<!-- This site is optimized with the Yoast SEO Premium plugin v25.3 (Yoast SEO v25.9) - https:\/\/yoast.com\/wordpress\/plugins\/seo\/ -->\n<title>Mi t\u00f6rt\u00e9nt az olimpi\u00e1n a n\u0151k orsz\u00e1g\u00fati verseny\u00e9n?<\/title>\n<meta name=\"description\" content=\"Az egy\u00e9ni id\u0151m\u00e9r\u0151 versenyt v\u00e1rva m\u00e9g mindig pr\u00f3b\u00e1ljuk feldolgozni a vas\u00e1rnapi n\u0151i orsz\u00e1g\u00fati versenyen t\u00f6rt\u00e9nteket. Az olimpiai orsz\u00e1g\u00fati versenyz\u00e9s t\u00f6rt\u00e9net\u00e9nek egyik legjelent\u0151sebb meglepet\u00e9s gy\u0151zelm\u00e9nek lehett\u00fcnk ugyanis tan\u00fai.\" \/>\n<meta name=\"robots\" content=\"index, follow, max-snippet:-1, max-image-preview:large, max-video-preview:-1\" \/>\n<link rel=\"canonical\" href=\"https:\/\/www.welovecycling.com\/hu\/kozosseg-es-kultura\/mi-tortent-az-olimpian-a-nok-orszaguti-versenyen\/\" \/>\n<meta property=\"og:locale\" content=\"hu_HU\" \/>\n<meta property=\"og:type\" content=\"article\" \/>\n<meta property=\"og:title\" content=\"Mi t\u00f6rt\u00e9nt az olimpi\u00e1n a n\u0151k orsz\u00e1g\u00fati verseny\u00e9n?\" \/>\n<meta property=\"og:description\" content=\"Az egy\u00e9ni id\u0151m\u00e9r\u0151 versenyt v\u00e1rva m\u00e9g mindig pr\u00f3b\u00e1ljuk feldolgozni a vas\u00e1rnapi n\u0151i orsz\u00e1g\u00fati versenyen t\u00f6rt\u00e9nteket. Az olimpiai orsz\u00e1g\u00fati versenyz\u00e9s t\u00f6rt\u00e9net\u00e9nek egyik legjelent\u0151sebb meglepet\u00e9s gy\u0151zelm\u00e9nek lehett\u00fcnk ugyanis tan\u00fai.\" \/>\n<meta property=\"og:url\" content=\"https:\/\/www.welovecycling.com\/hu\/kozosseg-es-kultura\/mi-tortent-az-olimpian-a-nok-orszaguti-versenyen\/\" \/>\n<meta property=\"og:site_name\" content=\"\u0160koda We Love Cycling - Magyarorsz\u00e1g\" \/>\n<meta property=\"article:publisher\" content=\"https:\/\/www.facebook.com\/WeLoveCyclingHungary\/\" \/>\n<meta property=\"article:published_time\" content=\"2021-08-05T12:58:46+00:00\" \/>\n<meta property=\"article:modified_time\" content=\"2021-08-05T13:01:05+00:00\" \/>\n<meta property=\"og:image\" content=\"https:\/\/d2p6e6u75xmxt8.cloudfront.net\/12\/2021\/08\/Anna-Kiesenhofer-2020-Olympics-profimedia-0623220208-CVR.jpg\" \/>\n\t<meta property=\"og:image:width\" content=\"1366\" \/>\n\t<meta property=\"og:image:height\" content=\"600\" \/>\n\t<meta property=\"og:image:type\" content=\"image\/jpeg\" \/>\n<meta name=\"author\" content=\"hegyizs\" \/>\n<meta name=\"twitter:card\" content=\"summary_large_image\" \/>\n<meta name=\"twitter:label1\" content=\"Written by\" \/>\n\t<meta name=\"twitter:data1\" content=\"Megan Flottorp\" \/>\n\t<meta name=\"twitter:label2\" content=\"Est. reading time\" \/>\n\t<meta name=\"twitter:data2\" content=\"6\" \/>\n<script type=\"application\/ld+json\" class=\"yoast-schema-graph\">{\"@context\":\"https:\/\/schema.org\",\"@graph\":[{\"@type\":\"WebPage\",\"@id\":\"https:\/\/www.welovecycling.com\/hu\/kozosseg-es-kultura\/mi-tortent-az-olimpian-a-nok-orszaguti-versenyen\/\",\"url\":\"https:\/\/www.welovecycling.com\/hu\/kozosseg-es-kultura\/mi-tortent-az-olimpian-a-nok-orszaguti-versenyen\/\",\"name\":\"Mi t\u00f6rt\u00e9nt az olimpi\u00e1n a n\u0151k orsz\u00e1g\u00fati verseny\u00e9n?\",\"isPartOf\":{\"@id\":\"https:\/\/www.welovecycling.com\/hu\/#website\"},\"primaryImageOfPage\":{\"@id\":\"https:\/\/www.welovecycling.com\/hu\/kozosseg-es-kultura\/mi-tortent-az-olimpian-a-nok-orszaguti-versenyen\/#primaryimage\"},\"image\":{\"@id\":\"https:\/\/www.welovecycling.com\/hu\/kozosseg-es-kultura\/mi-tortent-az-olimpian-a-nok-orszaguti-versenyen\/#primaryimage\"},\"thumbnailUrl\":\"https:\/\/d2p6e6u75xmxt8.cloudfront.net\/12\/2021\/08\/Anna-Kiesenhofer-2020-Olympics-profimedia-0623220208-CVR.jpg\",\"datePublished\":\"2021-08-05T12:58:46+00:00\",\"dateModified\":\"2021-08-05T13:01:05+00:00\",\"author\":{\"@id\":\"https:\/\/www.welovecycling.com\/hu\/#\/schema\/person\/414a2aebf1801691a5320edb6468e194\"},\"description\":\"Az egy\u00e9ni id\u0151m\u00e9r\u0151 versenyt v\u00e1rva m\u00e9g mindig pr\u00f3b\u00e1ljuk feldolgozni a vas\u00e1rnapi n\u0151i orsz\u00e1g\u00fati versenyen t\u00f6rt\u00e9nteket. Az olimpiai orsz\u00e1g\u00fati versenyz\u00e9s t\u00f6rt\u00e9net\u00e9nek egyik legjelent\u0151sebb meglepet\u00e9s gy\u0151zelm\u00e9nek lehett\u00fcnk ugyanis tan\u00fai.\",\"breadcrumb\":{\"@id\":\"https:\/\/www.welovecycling.com\/hu\/kozosseg-es-kultura\/mi-tortent-az-olimpian-a-nok-orszaguti-versenyen\/#breadcrumb\"},\"inLanguage\":\"hu\",\"potentialAction\":[{\"@type\":\"ReadAction\",\"target\":[\"https:\/\/www.welovecycling.com\/hu\/kozosseg-es-kultura\/mi-tortent-az-olimpian-a-nok-orszaguti-versenyen\/\"]}]},{\"@type\":\"ImageObject\",\"inLanguage\":\"hu\",\"@id\":\"https:\/\/www.welovecycling.com\/hu\/kozosseg-es-kultura\/mi-tortent-az-olimpian-a-nok-orszaguti-versenyen\/#primaryimage\",\"url\":\"https:\/\/d2p6e6u75xmxt8.cloudfront.net\/12\/2021\/08\/Anna-Kiesenhofer-2020-Olympics-profimedia-0623220208-CVR.jpg\",\"contentUrl\":\"https:\/\/d2p6e6u75xmxt8.cloudfront.net\/12\/2021\/08\/Anna-Kiesenhofer-2020-Olympics-profimedia-0623220208-CVR.jpg\",\"width\":1366,\"height\":600},{\"@type\":\"BreadcrumbList\",\"@id\":\"https:\/\/www.welovecycling.com\/hu\/kozosseg-es-kultura\/mi-tortent-az-olimpian-a-nok-orszaguti-versenyen\/#breadcrumb\",\"itemListElement\":[{\"@type\":\"ListItem\",\"position\":1,\"name\":\"Home\",\"item\":\"https:\/\/www.welovecycling.com\/hu\/\"},{\"@type\":\"ListItem\",\"position\":2,\"name\":\"Mi t\u00f6rt\u00e9nt az olimpi\u00e1n a n\u0151k orsz\u00e1g\u00fati verseny\u00e9n?\"}]},{\"@type\":\"WebSite\",\"@id\":\"https:\/\/www.welovecycling.com\/hu\/#website\",\"url\":\"https:\/\/www.welovecycling.com\/hu\/\",\"name\":\"\u0160koda We Love Cycling - Magyarorsz\u00e1g\",\"description\":\"\u0160koda WeLoveCycling\",\"potentialAction\":[{\"@type\":\"SearchAction\",\"target\":{\"@type\":\"EntryPoint\",\"urlTemplate\":\"https:\/\/www.welovecycling.com\/hu\/?s={search_term_string}\"},\"query-input\":{\"@type\":\"PropertyValueSpecification\",\"valueRequired\":true,\"valueName\":\"search_term_string\"}}],\"inLanguage\":\"hu\"},{\"@type\":\"Person\",\"@id\":\"https:\/\/www.welovecycling.com\/hu\/#\/schema\/person\/414a2aebf1801691a5320edb6468e194\",\"name\":\"hegyizs\",\"image\":{\"@type\":\"ImageObject\",\"inLanguage\":\"hu\",\"@id\":\"https:\/\/www.welovecycling.com\/hu\/#\/schema\/person\/image\/\",\"url\":\"https:\/\/secure.gravatar.com\/avatar\/02cf8a7906b8cf90cecb4679defac7cfd33a1c2e3b88e4903d947f3bb58eedd3?s=96&d=mm&r=g\",\"contentUrl\":\"https:\/\/secure.gravatar.com\/avatar\/02cf8a7906b8cf90cecb4679defac7cfd33a1c2e3b88e4903d947f3bb58eedd3?s=96&d=mm&r=g\",\"caption\":\"hegyizs\"},\"url\":\"https:\/\/www.welovecycling.com\/hu\/author\/hegyizs\/\"}]}<\/script>\n<!-- \/ Yoast SEO Premium plugin. -->","yoast_head_json":{"title":"Mi t\u00f6rt\u00e9nt az olimpi\u00e1n a n\u0151k orsz\u00e1g\u00fati verseny\u00e9n?","description":"Az egy\u00e9ni id\u0151m\u00e9r\u0151 versenyt v\u00e1rva m\u00e9g mindig pr\u00f3b\u00e1ljuk feldolgozni a vas\u00e1rnapi n\u0151i orsz\u00e1g\u00fati versenyen t\u00f6rt\u00e9nteket. Az olimpiai orsz\u00e1g\u00fati versenyz\u00e9s t\u00f6rt\u00e9net\u00e9nek egyik legjelent\u0151sebb meglepet\u00e9s gy\u0151zelm\u00e9nek lehett\u00fcnk ugyanis tan\u00fai.","robots":{"index":"index","follow":"follow","max-snippet":"max-snippet:-1","max-image-preview":"max-image-preview:large","max-video-preview":"max-video-preview:-1"},"canonical":"https:\/\/www.welovecycling.com\/hu\/kozosseg-es-kultura\/mi-tortent-az-olimpian-a-nok-orszaguti-versenyen\/","og_locale":"hu_HU","og_type":"article","og_title":"Mi t\u00f6rt\u00e9nt az olimpi\u00e1n a n\u0151k orsz\u00e1g\u00fati verseny\u00e9n?","og_description":"Az egy\u00e9ni id\u0151m\u00e9r\u0151 versenyt v\u00e1rva m\u00e9g mindig pr\u00f3b\u00e1ljuk feldolgozni a vas\u00e1rnapi n\u0151i orsz\u00e1g\u00fati versenyen t\u00f6rt\u00e9nteket. Az olimpiai orsz\u00e1g\u00fati versenyz\u00e9s t\u00f6rt\u00e9net\u00e9nek egyik legjelent\u0151sebb meglepet\u00e9s gy\u0151zelm\u00e9nek lehett\u00fcnk ugyanis tan\u00fai.","og_url":"https:\/\/www.welovecycling.com\/hu\/kozosseg-es-kultura\/mi-tortent-az-olimpian-a-nok-orszaguti-versenyen\/","og_site_name":"\u0160koda We Love Cycling - Magyarorsz\u00e1g","article_publisher":"https:\/\/www.facebook.com\/WeLoveCyclingHungary\/","article_published_time":"2021-08-05T12:58:46+00:00","article_modified_time":"2021-08-05T13:01:05+00:00","og_image":[{"width":1366,"height":600,"url":"https:\/\/d2p6e6u75xmxt8.cloudfront.net\/12\/2021\/08\/Anna-Kiesenhofer-2020-Olympics-profimedia-0623220208-CVR.jpg","type":"image\/jpeg"}],"author":"hegyizs","twitter_card":"summary_large_image","twitter_misc":{"Written by":"Megan Flottorp","Est. reading time":"6"},"schema":{"@context":"https:\/\/schema.org","@graph":[{"@type":"WebPage","@id":"https:\/\/www.welovecycling.com\/hu\/kozosseg-es-kultura\/mi-tortent-az-olimpian-a-nok-orszaguti-versenyen\/","url":"https:\/\/www.welovecycling.com\/hu\/kozosseg-es-kultura\/mi-tortent-az-olimpian-a-nok-orszaguti-versenyen\/","name":"Mi t\u00f6rt\u00e9nt az olimpi\u00e1n a n\u0151k orsz\u00e1g\u00fati verseny\u00e9n?","isPartOf":{"@id":"https:\/\/www.welovecycling.com\/hu\/#website"},"primaryImageOfPage":{"@id":"https:\/\/www.welovecycling.com\/hu\/kozosseg-es-kultura\/mi-tortent-az-olimpian-a-nok-orszaguti-versenyen\/#primaryimage"},"image":{"@id":"https:\/\/www.welovecycling.com\/hu\/kozosseg-es-kultura\/mi-tortent-az-olimpian-a-nok-orszaguti-versenyen\/#primaryimage"},"thumbnailUrl":"https:\/\/d2p6e6u75xmxt8.cloudfront.net\/12\/2021\/08\/Anna-Kiesenhofer-2020-Olympics-profimedia-0623220208-CVR.jpg","datePublished":"2021-08-05T12:58:46+00:00","dateModified":"2021-08-05T13:01:05+00:00","author":{"@id":"https:\/\/www.welovecycling.com\/hu\/#\/schema\/person\/414a2aebf1801691a5320edb6468e194"},"description":"Az egy\u00e9ni id\u0151m\u00e9r\u0151 versenyt v\u00e1rva m\u00e9g mindig pr\u00f3b\u00e1ljuk feldolgozni a vas\u00e1rnapi n\u0151i orsz\u00e1g\u00fati versenyen t\u00f6rt\u00e9nteket. Az olimpiai orsz\u00e1g\u00fati versenyz\u00e9s t\u00f6rt\u00e9net\u00e9nek egyik legjelent\u0151sebb meglepet\u00e9s gy\u0151zelm\u00e9nek lehett\u00fcnk ugyanis tan\u00fai.","breadcrumb":{"@id":"https:\/\/www.welovecycling.com\/hu\/kozosseg-es-kultura\/mi-tortent-az-olimpian-a-nok-orszaguti-versenyen\/#breadcrumb"},"inLanguage":"hu","potentialAction":[{"@type":"ReadAction","target":["https:\/\/www.welovecycling.com\/hu\/kozosseg-es-kultura\/mi-tortent-az-olimpian-a-nok-orszaguti-versenyen\/"]}]},{"@type":"ImageObject","inLanguage":"hu","@id":"https:\/\/www.welovecycling.com\/hu\/kozosseg-es-kultura\/mi-tortent-az-olimpian-a-nok-orszaguti-versenyen\/#primaryimage","url":"https:\/\/d2p6e6u75xmxt8.cloudfront.net\/12\/2021\/08\/Anna-Kiesenhofer-2020-Olympics-profimedia-0623220208-CVR.jpg","contentUrl":"https:\/\/d2p6e6u75xmxt8.cloudfront.net\/12\/2021\/08\/Anna-Kiesenhofer-2020-Olympics-profimedia-0623220208-CVR.jpg","width":1366,"height":600},{"@type":"BreadcrumbList","@id":"https:\/\/www.welovecycling.com\/hu\/kozosseg-es-kultura\/mi-tortent-az-olimpian-a-nok-orszaguti-versenyen\/#breadcrumb","itemListElement":[{"@type":"ListItem","position":1,"name":"Home","item":"https:\/\/www.welovecycling.com\/hu\/"},{"@type":"ListItem","position":2,"name":"Mi t\u00f6rt\u00e9nt az olimpi\u00e1n a n\u0151k orsz\u00e1g\u00fati verseny\u00e9n?"}]},{"@type":"WebSite","@id":"https:\/\/www.welovecycling.com\/hu\/#website","url":"https:\/\/www.welovecycling.com\/hu\/","name":"\u0160koda We Love Cycling - Magyarorsz\u00e1g","description":"\u0160koda WeLoveCycling","potentialAction":[{"@type":"SearchAction","target":{"@type":"EntryPoint","urlTemplate":"https:\/\/www.welovecycling.com\/hu\/?s={search_term_string}"},"query-input":{"@type":"PropertyValueSpecification","valueRequired":true,"valueName":"search_term_string"}}],"inLanguage":"hu"},{"@type":"Person","@id":"https:\/\/www.welovecycling.com\/hu\/#\/schema\/person\/414a2aebf1801691a5320edb6468e194","name":"hegyizs","image":{"@type":"ImageObject","inLanguage":"hu","@id":"https:\/\/www.welovecycling.com\/hu\/#\/schema\/person\/image\/","url":"https:\/\/secure.gravatar.com\/avatar\/02cf8a7906b8cf90cecb4679defac7cfd33a1c2e3b88e4903d947f3bb58eedd3?s=96&d=mm&r=g","contentUrl":"https:\/\/secure.gravatar.com\/avatar\/02cf8a7906b8cf90cecb4679defac7cfd33a1c2e3b88e4903d947f3bb58eedd3?s=96&d=mm&r=g","caption":"hegyizs"},"url":"https:\/\/www.welovecycling.com\/hu\/author\/hegyizs\/"}]}},"_links":{"self":[{"href":"https:\/\/www.welovecycling.com\/hu\/wp-json\/wp\/v2\/posts\/12143","targetHints":{"allow":["GET"]}}],"collection":[{"href":"https:\/\/www.welovecycling.com\/hu\/wp-json\/wp\/v2\/posts"}],"about":[{"href":"https:\/\/www.welovecycling.com\/hu\/wp-json\/wp\/v2\/types\/post"}],"author":[{"embeddable":true,"href":"https:\/\/www.welovecycling.com\/hu\/wp-json\/wp\/v2\/users\/71"}],"replies":[{"embeddable":true,"href":"https:\/\/www.welovecycling.com\/hu\/wp-json\/wp\/v2\/comments?post=12143"}],"version-history":[{"count":2,"href":"https:\/\/www.welovecycling.com\/hu\/wp-json\/wp\/v2\/posts\/12143\/revisions"}],"predecessor-version":[{"id":12151,"href":"https:\/\/www.welovecycling.com\/hu\/wp-json\/wp\/v2\/posts\/12143\/revisions\/12151"}],"wp:featuredmedia":[{"embeddable":true,"href":"https:\/\/www.welovecycling.com\/hu\/wp-json\/wp\/v2\/media\/12150"}],"wp:attachment":[{"href":"https:\/\/www.welovecycling.com\/hu\/wp-json\/wp\/v2\/media?parent=12143"}],"wp:term":[{"taxonomy":"category","embeddable":true,"href":"https:\/\/www.welovecycling.com\/hu\/wp-json\/wp\/v2\/categories?post=12143"},{"taxonomy":"post_tag","embeddable":true,"href":"https:\/\/www.welovecycling.com\/hu\/wp-json\/wp\/v2\/tags?post=12143"},{"taxonomy":"global-categories","embeddable":true,"href":"https:\/\/www.welovecycling.com\/hu\/wp-json\/wp\/v2\/global-categories?post=12143"}],"curies":[{"name":"wp","href":"https:\/\/api.w.org\/{rel}","templated":true}]}}