{"id":12134,"date":"2021-08-01T08:00:44","date_gmt":"2021-08-01T06:00:44","guid":{"rendered":"https:\/\/www.welovecycling.com\/hu\/?p=12134"},"modified":"2021-07-30T16:33:17","modified_gmt":"2021-07-30T14:33:17","slug":"nem-a-profi-szervezesrol-marad-emlekezetes-a-tokioi-olimpia","status":"publish","type":"post","link":"https:\/\/www.welovecycling.com\/hu\/adrenalin\/nem-a-profi-szervezesrol-marad-emlekezetes-a-tokioi-olimpia\/","title":{"rendered":"Nem a profi szervez\u00e9sr\u0151l marad eml\u00e9kezetes a toki\u00f3i olimpia"},"content":{"rendered":"<p><strong>Els\u0151sorban ifj\u00fa hegyiker\u00e9kp\u00e1ros csillagunk, Vas Kata Blanka fantasztikus negyedik hely\u00e9nek k\u00f6sz\u00f6nhet\u0151en mi, magyarok nagyon kellemes eml\u00e9kekkel gondolhatunk majd vissza a toki\u00f3i olimpi\u00e1ra \u2013 de a bring\u00e1sok j\u00f3 r\u00e9sz\u00e9re ez nem felt\u00e9tlen\u00fcl lesz igaz. A j\u00e1t\u00e9kok bringaversenyei ugyanis ink\u00e1bb az arcpir\u00edt\u00f3 szervez\u0151i bakikr\u00f3l marad eml\u00e9kezetes: gyakorlatilag nem volt olyan sz\u00e1m, ahol ne ezek ker\u00fcltek volna a reflektorf\u00e9nybe r\u00f6videbb-hosszabb ideig. <\/strong><!--more--><\/p>\n<p><strong>\u00a0<\/strong>Indult ugyeb\u00e1r minden a f\u00e9rfiak mez\u0151nyverseny\u00e9vel, ahol maga Valter Attila sz\u00e1molt be k\u00f6z\u00f6ss\u00e9gi oldal\u00e1n sz\u00fcrre\u00e1lis k\u00e1lv\u00e1ri\u00e1j\u00e1r\u00f3l: n\u00e9h\u00e1ny t\u00e1rs\u00e1val egy\u00fctt meg\u00e1ll\u00edtott\u00e1k \u0151ket a c\u00e9l el\u0151tt n\u00e9h\u00e1ny kilom\u00e9terrel, majd 13 percnyi teljesen \u00e9rtelmetlen \u00e9s \u00e9rthetetlen \u00e1csorg\u00e1st k\u00f6vet\u0151en engedt\u00e9k \u0151ket m\u00e9gis az \u00e9lboly ut\u00e1n \u2013 s b\u00e1r egyetlen magyar orsz\u00e1g\u00fatisunk harmadmag\u00e1val m\u00e9g \u00edgy is be\u00e9rt limitid\u0151n bel\u00fcl, a hivatalos eredm\u00e9nyblokkban m\u00e9gis \u201enem fejezte be a versenyt\u201d ker\u00fclt a neve mell\u00e9\u2026<\/p>\n<figure id=\"attachment_12135\" aria-describedby=\"caption-attachment-12135\" style=\"width: 964px\" class=\"wp-caption alignnone\"><a href=\"https:\/\/d2p6e6u75xmxt8.cloudfront.net\/12\/2021\/07\/wlc0807_01.jpg\"><img loading=\"lazy\" decoding=\"async\" class=\"size-full wp-image-12135\" src=\"https:\/\/d2p6e6u75xmxt8.cloudfront.net\/12\/2021\/07\/wlc0807_01.jpg\" alt=\"\" width=\"964\" height=\"530\" srcset=\"https:\/\/d2p6e6u75xmxt8.cloudfront.net\/12\/2021\/07\/wlc0807_01.jpg 964w, https:\/\/d2p6e6u75xmxt8.cloudfront.net\/12\/2021\/07\/wlc0807_01-300x165.jpg 300w, https:\/\/d2p6e6u75xmxt8.cloudfront.net\/12\/2021\/07\/wlc0807_01-768x422.jpg 768w\" sizes=\"auto, (max-width: 964px) 100vw, 964px\" \/><\/a><figcaption id=\"caption-attachment-12135\" class=\"wp-caption-text\">Valter Attil\u00e1\u00e9knak (el\u00f6l) \u00edgy kellett betekerni\u00fck a c\u00e9lba, mindezt egy olimpi\u00e1n\u2026 (forr\u00e1s: Cycling out of context)<\/figcaption><\/figure>\n<p>A n\u0151k mez\u0151nyverseny\u00e9t a t\u00e1j\u00e9koztat\u00e1s tot\u00e1lis hi\u00e1nya jellemezte, a versenyz\u0151k menet k\u00f6zben nem voltak tiszt\u00e1ban az aktu\u00e1lis id\u0151k\u00fcl\u00f6nbs\u00e9gekkel, ez pedig a v\u00e9geredm\u00e9nyt is d\u00f6nt\u0151en befoly\u00e1solta. Az egyik favorit, Annemiek van Vleuten p\u00e9ld\u00e1ul az eg\u00e9sz vil\u00e1g szeme l\u00e1tt\u00e1ra csin\u00e1lt mag\u00e1b\u00f3l boh\u00f3cot, nyilv\u00e1n akarat\u00e1n k\u00edv\u00fcl: azt hitte, m\u00e1r az \u00f6sszes sz\u00f6kev\u00e9nyt befogt\u00e1k, \u00edgy t\u00e1rsait lehajr\u00e1zva, a c\u00e9lba \u00e9rve elkezdett \u00fcnnepelni \u2013 csak ut\u00e1na tudta meg, hogy a gyakorlatilag f\u00e9lamat\u0151r osztr\u00e1k bring\u00e1s, Anna Kiesenhofer m\u00e9g el\u0151tt\u00fck maradt, \u00edgy \u0151 nyert j\u00f3 egy perccel, a holland pedig hi\u00e1ba \u00f6r\u00fclt, csak ez\u00fcst\u00e9rem jutott neki (k\u00e9s\u0151bb az id\u0151futamverseny arany\u00e9rm\u00e9vel vigasztal\u00f3dhatott).<\/p>\n<figure id=\"attachment_12138\" aria-describedby=\"caption-attachment-12138\" style=\"width: 964px\" class=\"wp-caption alignnone\"><a href=\"https:\/\/d2p6e6u75xmxt8.cloudfront.net\/12\/2021\/08\/wlc0807_03.jpg\"><img loading=\"lazy\" decoding=\"async\" class=\"size-full wp-image-12138\" src=\"https:\/\/d2p6e6u75xmxt8.cloudfront.net\/12\/2021\/08\/wlc0807_03.jpg\" alt=\"\" width=\"964\" height=\"642\" srcset=\"https:\/\/d2p6e6u75xmxt8.cloudfront.net\/12\/2021\/08\/wlc0807_03.jpg 964w, https:\/\/d2p6e6u75xmxt8.cloudfront.net\/12\/2021\/08\/wlc0807_03-300x200.jpg 300w, https:\/\/d2p6e6u75xmxt8.cloudfront.net\/12\/2021\/08\/wlc0807_03-768x511.jpg 768w, https:\/\/d2p6e6u75xmxt8.cloudfront.net\/12\/2021\/08\/wlc0807_03-272x182.jpg 272w\" sizes=\"auto, (max-width: 964px) 100vw, 964px\" \/><\/a><figcaption id=\"caption-attachment-12138\" class=\"wp-caption-text\">Szeg\u00e9ny Annemiek van Vleuten itt m\u00e9g \u00f6r\u00fclt \u2013 azt\u00e1n sz\u00f3ltak neki, hogy nem \u0151 nyert\u2026 (fot\u00f3: Ronald Hoogendoorn\/BSR Agency via Getty Images)<\/figcaption><\/figure>\n<p>A f\u00e9rfi hegyiker\u00e9kp\u00e1rosok versenye is egy abszurd esetr\u0151l marad eml\u00e9kezetes. A szervez\u0151k az utols\u00f3 edz\u00e9s ut\u00e1n nemes egyszer\u0171s\u00e9ggel kivettek egy r\u00e1mp\u00e1t az egyik szikl\u00e1s let\u00f6r\u00e9sn\u00e9l, emiatt az egyik f\u0151 favorit, a holland Mathieu van der Poel m\u00e1r az els\u0151 k\u00f6rben \u00f3ri\u00e1sit bukott \u00e9s elsz\u00e1llt. Ebben persze neki is volt felel\u0151ss\u00e9ge, hiszen edz\u0151je szerint sz\u00f3ltak nekik, hogy a r\u00e1mp\u00e1t csak az edz\u00e9sen haszn\u00e1lhatt\u00e1k (a t\u00f6bbiek meg is oldott\u00e1k a feladatot), van der Poel m\u00e9gis \u00e1ll\u00edtja, \u0151 nem tudott err\u0151l. \u00cdgy vagy \u00fagy, a folyamatos p\u00e1lyaalak\u00edtgat\u00e1sok \u00e9s vari\u00e1l\u00e1sok sok mindenkit megzavartak, a n\u0151k verseny\u00e9ben ugyancsak \u201e\u00f6nhatalm\u00falag\u201d v\u00e1ltoztattak a p\u00e1ly\u00e1n a szervez\u0151k a rajt el\u0151tt nem sokkal \u2013 Vas Blanka ut\u00f3lag hihetetlennek nevezte, hogy egy olimpi\u00e1n ilyesmi megt\u00f6rt\u00e9nhet.<\/p>\n<figure id=\"attachment_12139\" aria-describedby=\"caption-attachment-12139\" style=\"width: 964px\" class=\"wp-caption alignnone\"><a href=\"https:\/\/d2p6e6u75xmxt8.cloudfront.net\/12\/2021\/08\/wlc_080704.jpg\"><img loading=\"lazy\" decoding=\"async\" class=\"size-full wp-image-12139\" src=\"https:\/\/d2p6e6u75xmxt8.cloudfront.net\/12\/2021\/08\/wlc_080704.jpg\" alt=\"\" width=\"964\" height=\"722\" srcset=\"https:\/\/d2p6e6u75xmxt8.cloudfront.net\/12\/2021\/08\/wlc_080704.jpg 964w, https:\/\/d2p6e6u75xmxt8.cloudfront.net\/12\/2021\/08\/wlc_080704-300x225.jpg 300w, https:\/\/d2p6e6u75xmxt8.cloudfront.net\/12\/2021\/08\/wlc_080704-768x575.jpg 768w\" sizes=\"auto, (max-width: 964px) 100vw, 964px\" \/><\/a><figcaption id=\"caption-attachment-12139\" class=\"wp-caption-text\">Bizony, ott el\u0151z\u0151 nap m\u00e9g volt egy r\u00e1mpa (fot\u00f3: Jasper Jacobs\/Belga Mag\/AFP)<\/figcaption><\/figure>\n<p>\u00c9s ha ez nem lenne el\u00e9g: a BMX-esekn\u00e9l esett meg a tal\u00e1n legkir\u00edv\u00f3bb jelenet: jav\u00e1ban tartott az egyik edz\u00e9s, amikor egy mag\u00e1r\u00f3l megfeledkezett p\u00e1lyab\u00edr\u00f3 egyszer\u0171en bekolb\u00e1szolt a p\u00e1lya kell\u0151s k\u00f6zep\u00e9re, a nagy sebess\u00e9ggel \u00e9rkez\u0151 vil\u00e1gbajnoknak, Niek Kimmannak es\u00e9lye sem volt, hogy kiker\u00fclje, kem\u00e9nyen elg\u00e1zolta. A holland elmondta, cs\u00fany\u00e1n be\u00fct\u00f6tte a t\u00e9rd\u00e9t, az \u00e9let azonban valahol k\u00e1rp\u00f3tolta \u0151t: a d\u00f6nt\u0151ben m\u00e9gis megszerezte az arany\u00e9rmet riv\u00e1lisa, Connor Fields \u00f3ri\u00e1si buk\u00e1s\u00e1t k\u00f6vet\u0151en.<\/p>\n<figure id=\"attachment_12141\" aria-describedby=\"caption-attachment-12141\" style=\"width: 964px\" class=\"wp-caption alignnone\"><a href=\"https:\/\/d2p6e6u75xmxt8.cloudfront.net\/12\/2021\/08\/wlc_0807_05.jpg\"><img loading=\"lazy\" decoding=\"async\" class=\"wp-image-12141 size-full\" src=\"https:\/\/d2p6e6u75xmxt8.cloudfront.net\/12\/2021\/08\/wlc_0807_05.jpg\" alt=\"\" width=\"964\" height=\"474\" srcset=\"https:\/\/d2p6e6u75xmxt8.cloudfront.net\/12\/2021\/08\/wlc_0807_05.jpg 964w, https:\/\/d2p6e6u75xmxt8.cloudfront.net\/12\/2021\/08\/wlc_0807_05-300x148.jpg 300w, https:\/\/d2p6e6u75xmxt8.cloudfront.net\/12\/2021\/08\/wlc_0807_05-768x378.jpg 768w\" sizes=\"auto, (max-width: 964px) 100vw, 964px\" \/><\/a><figcaption id=\"caption-attachment-12141\" class=\"wp-caption-text\">Niek Kimmannak es\u00e9lye sem volt kiker\u00fclni a p\u00e1ly\u00e1n b\u00f3kl\u00e1sz\u00f3 b\u00edr\u00f3t<\/dd>\n<dd><\/figcaption><\/figure>\n<p>A toki\u00f3i szervez\u00e9s teh\u00e1t sok szempontb\u00f3l nem vizsg\u00e1zott jelesre \u2013 f\u00fcggetlen\u00fcl att\u00f3l, hogy ezekben a v\u00e9szterhes id\u0151kben, ilyen komoly lakoss\u00e1gi elutas\u00edtotts\u00e1g mellett m\u00e1r \u00f6nmag\u00e1ban is brav\u00far egy ekkora esem\u00e9ny lebonyol\u00edt\u00e1sa.<\/p>\n<p><em>Bor\u00edt\u00f3k\u00e9p: Getty Images<\/em><\/p>\n","protected":false},"excerpt":{"rendered":"<p>Els\u0151sorban ifj\u00fa hegyiker\u00e9kp\u00e1ros csillagunk, Vas Kata Blanka fantasztikus negyedik hely\u00e9nek k\u00f6sz\u00f6nhet\u0151en mi, magyarok nagyon kellemes eml\u00e9kekkel gondolhatunk majd vissza a [&hellip;]<\/p>\n","protected":false},"author":71,"featured_media":12136,"comment_status":"open","ping_status":"open","sticky":false,"template":"","format":"standard","meta":{"footnotes":""},"categories":[5],"tags":[],"global-categories":[],"class_list":["post-12134","post","type-post","status-publish","format-standard","has-post-thumbnail","hentry","category-adrenalin"],"yoast_head":"<!-- This site is optimized with the Yoast SEO Premium plugin v25.3 (Yoast SEO v25.9) - https:\/\/yoast.com\/wordpress\/plugins\/seo\/ -->\n<title>Nem a profi szervez\u00e9sr\u0151l marad eml\u00e9kezetes a toki\u00f3i olimpia<\/title>\n<meta name=\"description\" content=\"Els\u0151sorban ifj\u00fa hegyiker\u00e9kp\u00e1ros csillagunk, Vas Kata Blanka fantasztikus negyedik hely\u00e9nek k\u00f6sz\u00f6nhet\u0151en mi, magyarok nagyon kellemes eml\u00e9kekkel gondolhatunk majd vissza a toki\u00f3i olimpi\u00e1ra \u2013 de a bring\u00e1sok j\u00f3 r\u00e9sz\u00e9re ez nem felt\u00e9tlen\u00fcl lesz igaz.\" \/>\n<meta name=\"robots\" content=\"index, follow, max-snippet:-1, max-image-preview:large, max-video-preview:-1\" \/>\n<link rel=\"canonical\" href=\"https:\/\/www.welovecycling.com\/hu\/adrenalin\/nem-a-profi-szervezesrol-marad-emlekezetes-a-tokioi-olimpia\/\" \/>\n<meta property=\"og:locale\" content=\"hu_HU\" \/>\n<meta property=\"og:type\" content=\"article\" \/>\n<meta property=\"og:title\" content=\"Nem a profi szervez\u00e9sr\u0151l marad eml\u00e9kezetes a toki\u00f3i olimpia\" \/>\n<meta property=\"og:description\" content=\"Els\u0151sorban ifj\u00fa hegyiker\u00e9kp\u00e1ros csillagunk, Vas Kata Blanka fantasztikus negyedik hely\u00e9nek k\u00f6sz\u00f6nhet\u0151en mi, magyarok nagyon kellemes eml\u00e9kekkel gondolhatunk majd vissza a toki\u00f3i olimpi\u00e1ra \u2013 de a bring\u00e1sok j\u00f3 r\u00e9sz\u00e9re ez nem felt\u00e9tlen\u00fcl lesz igaz.\" \/>\n<meta property=\"og:url\" content=\"https:\/\/www.welovecycling.com\/hu\/adrenalin\/nem-a-profi-szervezesrol-marad-emlekezetes-a-tokioi-olimpia\/\" \/>\n<meta property=\"og:site_name\" content=\"\u0160koda We Love Cycling - Magyarorsz\u00e1g\" \/>\n<meta property=\"article:publisher\" content=\"https:\/\/www.facebook.com\/WeLoveCyclingHungary\/\" \/>\n<meta property=\"article:published_time\" content=\"2021-08-01T06:00:44+00:00\" \/>\n<meta property=\"og:image\" content=\"https:\/\/d2p6e6u75xmxt8.cloudfront.net\/12\/2021\/07\/wlc_0807cover.jpg\" \/>\n\t<meta property=\"og:image:width\" content=\"1200\" \/>\n\t<meta property=\"og:image:height\" content=\"799\" \/>\n\t<meta property=\"og:image:type\" content=\"image\/jpeg\" \/>\n<meta name=\"author\" content=\"hegyizs\" \/>\n<meta name=\"twitter:card\" content=\"summary_large_image\" \/>\n<meta name=\"twitter:label1\" content=\"Written by\" \/>\n\t<meta name=\"twitter:data1\" content=\"WLC\" \/>\n\t<meta name=\"twitter:label2\" content=\"Est. reading time\" \/>\n\t<meta name=\"twitter:data2\" content=\"4 minutes\" \/>\n<script type=\"application\/ld+json\" class=\"yoast-schema-graph\">{\"@context\":\"https:\/\/schema.org\",\"@graph\":[{\"@type\":\"WebPage\",\"@id\":\"https:\/\/www.welovecycling.com\/hu\/adrenalin\/nem-a-profi-szervezesrol-marad-emlekezetes-a-tokioi-olimpia\/\",\"url\":\"https:\/\/www.welovecycling.com\/hu\/adrenalin\/nem-a-profi-szervezesrol-marad-emlekezetes-a-tokioi-olimpia\/\",\"name\":\"Nem a profi szervez\u00e9sr\u0151l marad eml\u00e9kezetes a toki\u00f3i olimpia\",\"isPartOf\":{\"@id\":\"https:\/\/www.welovecycling.com\/hu\/#website\"},\"primaryImageOfPage\":{\"@id\":\"https:\/\/www.welovecycling.com\/hu\/adrenalin\/nem-a-profi-szervezesrol-marad-emlekezetes-a-tokioi-olimpia\/#primaryimage\"},\"image\":{\"@id\":\"https:\/\/www.welovecycling.com\/hu\/adrenalin\/nem-a-profi-szervezesrol-marad-emlekezetes-a-tokioi-olimpia\/#primaryimage\"},\"thumbnailUrl\":\"https:\/\/d2p6e6u75xmxt8.cloudfront.net\/12\/2021\/07\/wlc_0807cover.jpg\",\"datePublished\":\"2021-08-01T06:00:44+00:00\",\"author\":{\"@id\":\"https:\/\/www.welovecycling.com\/hu\/#\/schema\/person\/414a2aebf1801691a5320edb6468e194\"},\"description\":\"Els\u0151sorban ifj\u00fa hegyiker\u00e9kp\u00e1ros csillagunk, Vas Kata Blanka fantasztikus negyedik hely\u00e9nek k\u00f6sz\u00f6nhet\u0151en mi, magyarok nagyon kellemes eml\u00e9kekkel gondolhatunk majd vissza a toki\u00f3i olimpi\u00e1ra \u2013 de a bring\u00e1sok j\u00f3 r\u00e9sz\u00e9re ez nem felt\u00e9tlen\u00fcl lesz igaz.\",\"breadcrumb\":{\"@id\":\"https:\/\/www.welovecycling.com\/hu\/adrenalin\/nem-a-profi-szervezesrol-marad-emlekezetes-a-tokioi-olimpia\/#breadcrumb\"},\"inLanguage\":\"hu\",\"potentialAction\":[{\"@type\":\"ReadAction\",\"target\":[\"https:\/\/www.welovecycling.com\/hu\/adrenalin\/nem-a-profi-szervezesrol-marad-emlekezetes-a-tokioi-olimpia\/\"]}]},{\"@type\":\"ImageObject\",\"inLanguage\":\"hu\",\"@id\":\"https:\/\/www.welovecycling.com\/hu\/adrenalin\/nem-a-profi-szervezesrol-marad-emlekezetes-a-tokioi-olimpia\/#primaryimage\",\"url\":\"https:\/\/d2p6e6u75xmxt8.cloudfront.net\/12\/2021\/07\/wlc_0807cover.jpg\",\"contentUrl\":\"https:\/\/d2p6e6u75xmxt8.cloudfront.net\/12\/2021\/07\/wlc_0807cover.jpg\",\"width\":1200,\"height\":799},{\"@type\":\"BreadcrumbList\",\"@id\":\"https:\/\/www.welovecycling.com\/hu\/adrenalin\/nem-a-profi-szervezesrol-marad-emlekezetes-a-tokioi-olimpia\/#breadcrumb\",\"itemListElement\":[{\"@type\":\"ListItem\",\"position\":1,\"name\":\"Home\",\"item\":\"https:\/\/www.welovecycling.com\/hu\/\"},{\"@type\":\"ListItem\",\"position\":2,\"name\":\"Nem a profi szervez\u00e9sr\u0151l marad eml\u00e9kezetes a toki\u00f3i olimpia\"}]},{\"@type\":\"WebSite\",\"@id\":\"https:\/\/www.welovecycling.com\/hu\/#website\",\"url\":\"https:\/\/www.welovecycling.com\/hu\/\",\"name\":\"\u0160koda We Love Cycling - Magyarorsz\u00e1g\",\"description\":\"\u0160koda WeLoveCycling\",\"potentialAction\":[{\"@type\":\"SearchAction\",\"target\":{\"@type\":\"EntryPoint\",\"urlTemplate\":\"https:\/\/www.welovecycling.com\/hu\/?s={search_term_string}\"},\"query-input\":{\"@type\":\"PropertyValueSpecification\",\"valueRequired\":true,\"valueName\":\"search_term_string\"}}],\"inLanguage\":\"hu\"},{\"@type\":\"Person\",\"@id\":\"https:\/\/www.welovecycling.com\/hu\/#\/schema\/person\/414a2aebf1801691a5320edb6468e194\",\"name\":\"hegyizs\",\"image\":{\"@type\":\"ImageObject\",\"inLanguage\":\"hu\",\"@id\":\"https:\/\/www.welovecycling.com\/hu\/#\/schema\/person\/image\/\",\"url\":\"https:\/\/secure.gravatar.com\/avatar\/02cf8a7906b8cf90cecb4679defac7cfd33a1c2e3b88e4903d947f3bb58eedd3?s=96&d=mm&r=g\",\"contentUrl\":\"https:\/\/secure.gravatar.com\/avatar\/02cf8a7906b8cf90cecb4679defac7cfd33a1c2e3b88e4903d947f3bb58eedd3?s=96&d=mm&r=g\",\"caption\":\"hegyizs\"},\"url\":\"https:\/\/www.welovecycling.com\/hu\/author\/hegyizs\/\"}]}<\/script>\n<!-- \/ Yoast SEO Premium plugin. -->","yoast_head_json":{"title":"Nem a profi szervez\u00e9sr\u0151l marad eml\u00e9kezetes a toki\u00f3i olimpia","description":"Els\u0151sorban ifj\u00fa hegyiker\u00e9kp\u00e1ros csillagunk, Vas Kata Blanka fantasztikus negyedik hely\u00e9nek k\u00f6sz\u00f6nhet\u0151en mi, magyarok nagyon kellemes eml\u00e9kekkel gondolhatunk majd vissza a toki\u00f3i olimpi\u00e1ra \u2013 de a bring\u00e1sok j\u00f3 r\u00e9sz\u00e9re ez nem felt\u00e9tlen\u00fcl lesz igaz.","robots":{"index":"index","follow":"follow","max-snippet":"max-snippet:-1","max-image-preview":"max-image-preview:large","max-video-preview":"max-video-preview:-1"},"canonical":"https:\/\/www.welovecycling.com\/hu\/adrenalin\/nem-a-profi-szervezesrol-marad-emlekezetes-a-tokioi-olimpia\/","og_locale":"hu_HU","og_type":"article","og_title":"Nem a profi szervez\u00e9sr\u0151l marad eml\u00e9kezetes a toki\u00f3i olimpia","og_description":"Els\u0151sorban ifj\u00fa hegyiker\u00e9kp\u00e1ros csillagunk, Vas Kata Blanka fantasztikus negyedik hely\u00e9nek k\u00f6sz\u00f6nhet\u0151en mi, magyarok nagyon kellemes eml\u00e9kekkel gondolhatunk majd vissza a toki\u00f3i olimpi\u00e1ra \u2013 de a bring\u00e1sok j\u00f3 r\u00e9sz\u00e9re ez nem felt\u00e9tlen\u00fcl lesz igaz.","og_url":"https:\/\/www.welovecycling.com\/hu\/adrenalin\/nem-a-profi-szervezesrol-marad-emlekezetes-a-tokioi-olimpia\/","og_site_name":"\u0160koda We Love Cycling - Magyarorsz\u00e1g","article_publisher":"https:\/\/www.facebook.com\/WeLoveCyclingHungary\/","article_published_time":"2021-08-01T06:00:44+00:00","og_image":[{"width":1200,"height":799,"url":"https:\/\/d2p6e6u75xmxt8.cloudfront.net\/12\/2021\/07\/wlc_0807cover.jpg","type":"image\/jpeg"}],"author":"hegyizs","twitter_card":"summary_large_image","twitter_misc":{"Written by":"WLC","Est. reading time":"4 minutes"},"schema":{"@context":"https:\/\/schema.org","@graph":[{"@type":"WebPage","@id":"https:\/\/www.welovecycling.com\/hu\/adrenalin\/nem-a-profi-szervezesrol-marad-emlekezetes-a-tokioi-olimpia\/","url":"https:\/\/www.welovecycling.com\/hu\/adrenalin\/nem-a-profi-szervezesrol-marad-emlekezetes-a-tokioi-olimpia\/","name":"Nem a profi szervez\u00e9sr\u0151l marad eml\u00e9kezetes a toki\u00f3i olimpia","isPartOf":{"@id":"https:\/\/www.welovecycling.com\/hu\/#website"},"primaryImageOfPage":{"@id":"https:\/\/www.welovecycling.com\/hu\/adrenalin\/nem-a-profi-szervezesrol-marad-emlekezetes-a-tokioi-olimpia\/#primaryimage"},"image":{"@id":"https:\/\/www.welovecycling.com\/hu\/adrenalin\/nem-a-profi-szervezesrol-marad-emlekezetes-a-tokioi-olimpia\/#primaryimage"},"thumbnailUrl":"https:\/\/d2p6e6u75xmxt8.cloudfront.net\/12\/2021\/07\/wlc_0807cover.jpg","datePublished":"2021-08-01T06:00:44+00:00","author":{"@id":"https:\/\/www.welovecycling.com\/hu\/#\/schema\/person\/414a2aebf1801691a5320edb6468e194"},"description":"Els\u0151sorban ifj\u00fa hegyiker\u00e9kp\u00e1ros csillagunk, Vas Kata Blanka fantasztikus negyedik hely\u00e9nek k\u00f6sz\u00f6nhet\u0151en mi, magyarok nagyon kellemes eml\u00e9kekkel gondolhatunk majd vissza a toki\u00f3i olimpi\u00e1ra \u2013 de a bring\u00e1sok j\u00f3 r\u00e9sz\u00e9re ez nem felt\u00e9tlen\u00fcl lesz igaz.","breadcrumb":{"@id":"https:\/\/www.welovecycling.com\/hu\/adrenalin\/nem-a-profi-szervezesrol-marad-emlekezetes-a-tokioi-olimpia\/#breadcrumb"},"inLanguage":"hu","potentialAction":[{"@type":"ReadAction","target":["https:\/\/www.welovecycling.com\/hu\/adrenalin\/nem-a-profi-szervezesrol-marad-emlekezetes-a-tokioi-olimpia\/"]}]},{"@type":"ImageObject","inLanguage":"hu","@id":"https:\/\/www.welovecycling.com\/hu\/adrenalin\/nem-a-profi-szervezesrol-marad-emlekezetes-a-tokioi-olimpia\/#primaryimage","url":"https:\/\/d2p6e6u75xmxt8.cloudfront.net\/12\/2021\/07\/wlc_0807cover.jpg","contentUrl":"https:\/\/d2p6e6u75xmxt8.cloudfront.net\/12\/2021\/07\/wlc_0807cover.jpg","width":1200,"height":799},{"@type":"BreadcrumbList","@id":"https:\/\/www.welovecycling.com\/hu\/adrenalin\/nem-a-profi-szervezesrol-marad-emlekezetes-a-tokioi-olimpia\/#breadcrumb","itemListElement":[{"@type":"ListItem","position":1,"name":"Home","item":"https:\/\/www.welovecycling.com\/hu\/"},{"@type":"ListItem","position":2,"name":"Nem a profi szervez\u00e9sr\u0151l marad eml\u00e9kezetes a toki\u00f3i olimpia"}]},{"@type":"WebSite","@id":"https:\/\/www.welovecycling.com\/hu\/#website","url":"https:\/\/www.welovecycling.com\/hu\/","name":"\u0160koda We Love Cycling - Magyarorsz\u00e1g","description":"\u0160koda WeLoveCycling","potentialAction":[{"@type":"SearchAction","target":{"@type":"EntryPoint","urlTemplate":"https:\/\/www.welovecycling.com\/hu\/?s={search_term_string}"},"query-input":{"@type":"PropertyValueSpecification","valueRequired":true,"valueName":"search_term_string"}}],"inLanguage":"hu"},{"@type":"Person","@id":"https:\/\/www.welovecycling.com\/hu\/#\/schema\/person\/414a2aebf1801691a5320edb6468e194","name":"hegyizs","image":{"@type":"ImageObject","inLanguage":"hu","@id":"https:\/\/www.welovecycling.com\/hu\/#\/schema\/person\/image\/","url":"https:\/\/secure.gravatar.com\/avatar\/02cf8a7906b8cf90cecb4679defac7cfd33a1c2e3b88e4903d947f3bb58eedd3?s=96&d=mm&r=g","contentUrl":"https:\/\/secure.gravatar.com\/avatar\/02cf8a7906b8cf90cecb4679defac7cfd33a1c2e3b88e4903d947f3bb58eedd3?s=96&d=mm&r=g","caption":"hegyizs"},"url":"https:\/\/www.welovecycling.com\/hu\/author\/hegyizs\/"}]}},"_links":{"self":[{"href":"https:\/\/www.welovecycling.com\/hu\/wp-json\/wp\/v2\/posts\/12134","targetHints":{"allow":["GET"]}}],"collection":[{"href":"https:\/\/www.welovecycling.com\/hu\/wp-json\/wp\/v2\/posts"}],"about":[{"href":"https:\/\/www.welovecycling.com\/hu\/wp-json\/wp\/v2\/types\/post"}],"author":[{"embeddable":true,"href":"https:\/\/www.welovecycling.com\/hu\/wp-json\/wp\/v2\/users\/71"}],"replies":[{"embeddable":true,"href":"https:\/\/www.welovecycling.com\/hu\/wp-json\/wp\/v2\/comments?post=12134"}],"version-history":[{"count":2,"href":"https:\/\/www.welovecycling.com\/hu\/wp-json\/wp\/v2\/posts\/12134\/revisions"}],"predecessor-version":[{"id":12142,"href":"https:\/\/www.welovecycling.com\/hu\/wp-json\/wp\/v2\/posts\/12134\/revisions\/12142"}],"wp:featuredmedia":[{"embeddable":true,"href":"https:\/\/www.welovecycling.com\/hu\/wp-json\/wp\/v2\/media\/12136"}],"wp:attachment":[{"href":"https:\/\/www.welovecycling.com\/hu\/wp-json\/wp\/v2\/media?parent=12134"}],"wp:term":[{"taxonomy":"category","embeddable":true,"href":"https:\/\/www.welovecycling.com\/hu\/wp-json\/wp\/v2\/categories?post=12134"},{"taxonomy":"post_tag","embeddable":true,"href":"https:\/\/www.welovecycling.com\/hu\/wp-json\/wp\/v2\/tags?post=12134"},{"taxonomy":"global-categories","embeddable":true,"href":"https:\/\/www.welovecycling.com\/hu\/wp-json\/wp\/v2\/global-categories?post=12134"}],"curies":[{"name":"wp","href":"https:\/\/api.w.org\/{rel}","templated":true}]}}