{"id":12129,"date":"2021-08-08T08:00:02","date_gmt":"2021-08-08T06:00:02","guid":{"rendered":"https:\/\/www.welovecycling.com\/hu\/?p=12129"},"modified":"2021-07-30T15:05:03","modified_gmt":"2021-07-30T13:05:03","slug":"a-legjobb-haletelek-bicikliseknek","status":"publish","type":"post","link":"https:\/\/www.welovecycling.com\/hu\/edzes-es-eletmod\/a-legjobb-haletelek-bicikliseknek\/","title":{"rendered":"A legjobb hal\u00e9telek bicikliseknek"},"content":{"rendered":"<p><strong>Ami az eg\u00e9szs\u00e9get \u00e9s a j\u00f3 teljes\u00edtm\u00e9nyt illeti, rengeteg indok sz\u00f3l amellett, hogy a tenger gy\u00fcm\u00f6lcsei ott vannak a bring\u00e1sok \u00e9tlapj\u00e1n. A halak tele vannak feh\u00e9rj\u00e9vel, eg\u00e9szs\u00e9ges zs\u00edrokkal, vitaminokkal \u00e9s \u00e1sv\u00e1nyi anyagokkal. Ha a v\u00f6r\u00f6s h\u00fasok egy r\u00e9sz\u00e9t herkenty\u0171kre cser\u00e9led, ak\u00e1r \u00e9vekkel is meghosszabb\u00edthatod az \u00e9leted!<\/strong><!--more--><\/p>\n<p>Minden eg\u00e9szs\u00e9g\u00fcgyi hat\u00e1sa ellen\u00e9re, kevesebb halat fogyasztunk a kellet\u00e9n\u00e9l. A k\u00f6lts\u00e9gekt\u0151l kezdve a szennyez\u0151d\u00e9s probl\u00e9m\u00e1j\u00e1n \u00e1t a t\u00falhal\u00e1sz\u00e1s elleni k\u00fczdelemig, ennek sz\u00e1mos oka van. Nem egyszer\u0171 teh\u00e1t beszerezni a test\u00fcnk sz\u00e1m\u00e1ra eg\u00e9szs\u00e9ges mennyis\u00e9get, \u00fagy, hogy azzal ne k\u00e1ros\u00edtsuk se a k\u00f6rnyezetet, se a p\u00e9nzt\u00e1rc\u00e1nkat. Seg\u00edt\u00fcnk eligazodni a halpiac tenger\u00e9ben!<\/p>\n<h2><strong>Omega-3<\/strong><\/h2>\n<p>A csirkemell remek sov\u00e1ny feh\u00e9rjeforr\u00e1s, de ha a halakr\u00f3l van sz\u00f3, b\u00f6lcs dolog a zs\u00edrosabb opci\u00f3kat v\u00e1lasztani, ezek jelentik ugyanis a szupereg\u00e9szs\u00e9ges omega-3 zs\u00edrsavak, az EPA (eikozapenta\u00e9nsav) \u00e9s a DHA (dokozahexa\u00e9nsav) legjobb forr\u00e1sait.<\/p>\n<p>Az omega-3 az egyik legkutatottabb t\u00e1panyag, rengeteg tanulm\u00e1ny \u00e9s publik\u00e1ci\u00f3 vizsg\u00e1lja hat\u00e1sait. Ha nem fogyasztunk bel\u0151le eleget, hi\u00e1nya korai hal\u00e1loz\u00e1shoz vezethet, m\u00e9ghozz\u00e1 a <a href=\"https:\/\/academic.oup.com\/ajcn\/advance-article\/doi\/10.1093\/ajcn\/nqab195\/6301120?login=true\">doh\u00e1nyz\u00e1ssal hasonl\u00f3 m\u00e9rt\u00e9kben<\/a>! Az omega-3 seg\u00edt megel\u0151zni a kettes t\u00edpus\u00fa cukorbetegs\u00e9g kialakul\u00e1s\u00e1t, \u00e9s jav\u00edtja az alv\u00e1smin\u0151s\u00e9get \u00e9s az \u00e1ltal\u00e1nos hangulatot.<\/p>\n<figure id=\"attachment_12131\" aria-describedby=\"caption-attachment-12131\" style=\"width: 1024px\" class=\"wp-caption alignnone\"><a href=\"https:\/\/d2p6e6u75xmxt8.cloudfront.net\/12\/2021\/07\/salmon-1238662_1280.jpeg\"><img loading=\"lazy\" decoding=\"async\" class=\"size-large wp-image-12131\" src=\"https:\/\/d2p6e6u75xmxt8.cloudfront.net\/12\/2021\/07\/salmon-1238662_1280-1024x726.jpeg\" alt=\"\" width=\"1024\" height=\"726\" srcset=\"https:\/\/d2p6e6u75xmxt8.cloudfront.net\/12\/2021\/07\/salmon-1238662_1280-1024x726.jpeg 1024w, https:\/\/d2p6e6u75xmxt8.cloudfront.net\/12\/2021\/07\/salmon-1238662_1280-300x213.jpeg 300w, https:\/\/d2p6e6u75xmxt8.cloudfront.net\/12\/2021\/07\/salmon-1238662_1280-768x545.jpeg 768w, https:\/\/d2p6e6u75xmxt8.cloudfront.net\/12\/2021\/07\/salmon-1238662_1280.jpeg 1280w\" sizes=\"auto, (max-width: 1024px) 100vw, 1024px\" \/><\/a><figcaption id=\"caption-attachment-12131\" class=\"wp-caption-text\">Az omega-3 elengedhetetlen az eg\u00e9szs\u00e9ghez. Fot\u00f3: Pixabay<\/figcaption><\/figure>\n<p>Ami pedig a sportol\u00f3k szempontj\u00e1b\u00f3l hasznos: cs\u00f6kkenti az edz\u00e9seknek k\u00f6sz\u00f6nhet\u0151 izomf\u00e1jdalmat \u00e9s jav\u00edtja a pulzussz\u00e1mot, \u00edgy gyorsabban tud regener\u00e1l\u00f3dni a tested.<\/p>\n<p>Ezek a zs\u00edrsavak a test sejtmembr\u00e1nj\u00e1nak szerves r\u00e9sz\u00e9t k\u00e9pezik \u00e9s szinte minden szerv\u00fcnk m\u0171k\u00f6d\u00e9s\u00e9t befoly\u00e1solj\u00e1k, bele\u00e9rtve a sz\u00edvet, az agyat \u00e9s az izomsz\u00f6veteket is.<\/p>\n<h2><strong>Kedvenceink<\/strong><\/h2>\n<p>A k\u00f6vetkez\u0151 halakat keresd a boltokban, ha szeretn\u00e9d megdobni az omega-3 beviteled:<\/p>\n<ul>\n<li>Szardella<\/li>\n<li>Atlanti makr\u00e9la<\/li>\n<li>Sarkvid\u00e9ki szemling<\/li>\n<li>Barramundi<\/li>\n<li>Hering<\/li>\n<li>Feh\u00e9r mar\u00e9na<\/li>\n<li>Feketekagyl\u00f3<\/li>\n<li>Osztriga<\/li>\n<li>Fekete t\u0151kehal<\/li>\n<li>Lazac<\/li>\n<li>Szard\u00ednia<\/li>\n<li>Tengeri s\u00fcg\u00e9r<\/li>\n<li>B\u0171z\u00f6s lazacok<\/li>\n<li>Pisztr\u00e1ng<\/li>\n<li>Tonhal<\/li>\n<\/ul>\n<p>Nincs azzal baj, ha kev\u00e9sb\u00e9 zs\u00edros halakat fogyasztunk, mint amilyen p\u00e9ld\u00e1ul a harcsa, hiszen ezek is tele vannak feh\u00e9rj\u00e9vel \u00e9s m\u00e1s t\u00e1panyagokkal, p\u00e9ld\u00e1ul szel\u00e9nnel. T\u00f6rekedj\u00fcnk azonban arra, hogy a fent eml\u00edtett halakat is be\u00e9p\u00edts\u00fck az \u00e9trend\u00fcnkbe!<\/p>\n<h2><strong>\u00cdgy k\u00e9sz\u00edtsd el<\/strong><\/h2>\n<p>Ahhoz, hogy kihaszn\u00e1lhassa a halfogyaszt\u00e1s el\u0151nyeit, el kell engednek a ropog\u00f3s gyors\u00e9ttermi halrudakat. A r\u00e1ntott hal elk\u00e9sz\u00edt\u00e9si m\u00f3dja sajnos k\u00f6nnyen ellens\u00falyozhatja a pozit\u00edv hat\u00e1sokat. A magas h\u0151m\u00e9rs\u00e9klet a koleszterin oxid\u00e1ci\u00f3j\u00e1t id\u00e9zheti el\u0151 a halakban, ez pedig n\u00f6velheti bizonyos betegs\u00e9gek kock\u00e1zat\u00e1t, bele\u00e9rtve a sz\u00edvbetegs\u00e9geket is.<\/p>\n<figure id=\"attachment_12132\" aria-describedby=\"caption-attachment-12132\" style=\"width: 1024px\" class=\"wp-caption alignnone\"><a href=\"https:\/\/d2p6e6u75xmxt8.cloudfront.net\/12\/2021\/07\/salmon-2997240_1280.jpeg\"><img loading=\"lazy\" decoding=\"async\" class=\"size-large wp-image-12132\" src=\"https:\/\/d2p6e6u75xmxt8.cloudfront.net\/12\/2021\/07\/salmon-2997240_1280-1024x731.jpeg\" alt=\"\" width=\"1024\" height=\"731\" srcset=\"https:\/\/d2p6e6u75xmxt8.cloudfront.net\/12\/2021\/07\/salmon-2997240_1280-1024x731.jpeg 1024w, https:\/\/d2p6e6u75xmxt8.cloudfront.net\/12\/2021\/07\/salmon-2997240_1280-300x214.jpeg 300w, https:\/\/d2p6e6u75xmxt8.cloudfront.net\/12\/2021\/07\/salmon-2997240_1280-768x548.jpeg 768w, https:\/\/d2p6e6u75xmxt8.cloudfront.net\/12\/2021\/07\/salmon-2997240_1280.jpeg 1280w\" sizes=\"auto, (max-width: 1024px) 100vw, 1024px\" \/><\/a><figcaption id=\"caption-attachment-12132\" class=\"wp-caption-text\">Nem mindegy, hogyan k\u00e9sz\u00edted el! Fot\u00f3: Pixabay<\/figcaption><\/figure>\n<p>A halfogyaszt\u00e1s el\u0151nyeinek maximaliz\u00e1l\u00e1sa \u00e9rdek\u00e9ben haszn\u00e1lj kev\u00e9sb\u00e9 k\u00e1ros elk\u00e9sz\u00edt\u00e9si technik\u00e1kat, p\u00e9ld\u00e1ul s\u00fct\u00e9st vagy p\u00e1rol\u00e1st!<\/p>\n<p><em>Forr\u00e1s: <\/em><a href=\"https:\/\/www.bicycling.com\/health-nutrition\/a37068537\/healthiest-seafood-for-cyclists\/\"><em>bicycling.com<\/em><\/a><\/p>\n","protected":false},"excerpt":{"rendered":"<p>Ami az eg\u00e9szs\u00e9get \u00e9s a j\u00f3 teljes\u00edtm\u00e9nyt illeti, rengeteg indok sz\u00f3l amellett, hogy a tenger gy\u00fcm\u00f6lcsei ott vannak a bring\u00e1sok [&hellip;]<\/p>\n","protected":false},"author":71,"featured_media":12130,"comment_status":"closed","ping_status":"closed","sticky":false,"template":"","format":"standard","meta":{"footnotes":""},"categories":[6],"tags":[],"global-categories":[],"class_list":["post-12129","post","type-post","status-publish","format-standard","has-post-thumbnail","hentry","category-edzes-es-eletmod"],"yoast_head":"<!-- This site is optimized with the Yoast SEO Premium plugin v25.3 (Yoast SEO v25.9) - https:\/\/yoast.com\/wordpress\/plugins\/seo\/ -->\n<title>A legjobb hal\u00e9telek bicikliseknek - \u0160koda We Love Cycling - Magyarorsz\u00e1g<\/title>\n<meta name=\"description\" content=\"Ami az eg\u00e9szs\u00e9get \u00e9s a j\u00f3 teljes\u00edtm\u00e9nyt illeti, rengeteg indok sz\u00f3l amellett, hogy a tenger gy\u00fcm\u00f6lcsei ott vannak a bring\u00e1sok \u00e9tlapj\u00e1n. A halak tele vannak feh\u00e9rj\u00e9vel, eg\u00e9szs\u00e9ges zs\u00edrokkal, vitaminokkal \u00e9s \u00e1sv\u00e1nyi anyagokkal. Ha a v\u00f6r\u00f6s h\u00fasok egy r\u00e9sz\u00e9t herkenty\u0171kre cser\u00e9led, ak\u00e1r \u00e9vekkel is meghosszabb\u00edthatod az \u00e9leted!\" \/>\n<meta name=\"robots\" content=\"index, follow, max-snippet:-1, max-image-preview:large, max-video-preview:-1\" \/>\n<link rel=\"canonical\" href=\"https:\/\/www.welovecycling.com\/hu\/edzes-es-eletmod\/a-legjobb-haletelek-bicikliseknek\/\" \/>\n<meta property=\"og:locale\" content=\"hu_HU\" \/>\n<meta property=\"og:type\" content=\"article\" \/>\n<meta property=\"og:title\" content=\"A legjobb hal\u00e9telek bicikliseknek\" \/>\n<meta property=\"og:description\" content=\"Ami az eg\u00e9szs\u00e9get \u00e9s a j\u00f3 teljes\u00edtm\u00e9nyt illeti, rengeteg indok sz\u00f3l amellett, hogy a tenger gy\u00fcm\u00f6lcsei ott vannak a bring\u00e1sok \u00e9tlapj\u00e1n. A halak tele vannak feh\u00e9rj\u00e9vel, eg\u00e9szs\u00e9ges zs\u00edrokkal, vitaminokkal \u00e9s \u00e1sv\u00e1nyi anyagokkal. Ha a v\u00f6r\u00f6s h\u00fasok egy r\u00e9sz\u00e9t herkenty\u0171kre cser\u00e9led, ak\u00e1r \u00e9vekkel is meghosszabb\u00edthatod az \u00e9leted!\" \/>\n<meta property=\"og:url\" content=\"https:\/\/www.welovecycling.com\/hu\/edzes-es-eletmod\/a-legjobb-haletelek-bicikliseknek\/\" \/>\n<meta property=\"og:site_name\" content=\"\u0160koda We Love Cycling - Magyarorsz\u00e1g\" \/>\n<meta property=\"article:publisher\" content=\"https:\/\/www.facebook.com\/WeLoveCyclingHungary\/\" \/>\n<meta property=\"article:published_time\" content=\"2021-08-08T06:00:02+00:00\" \/>\n<meta property=\"og:image\" content=\"https:\/\/d2p6e6u75xmxt8.cloudfront.net\/12\/2021\/07\/fish-2105233_1920.jpeg\" \/>\n\t<meta property=\"og:image:width\" content=\"1920\" \/>\n\t<meta property=\"og:image:height\" content=\"1280\" \/>\n\t<meta property=\"og:image:type\" content=\"image\/jpeg\" \/>\n<meta name=\"author\" content=\"hegyizs\" \/>\n<meta name=\"twitter:card\" content=\"summary_large_image\" \/>\n<meta name=\"twitter:label1\" content=\"Written by\" \/>\n\t<meta name=\"twitter:data1\" content=\"WLC\" \/>\n\t<meta name=\"twitter:label2\" content=\"Est. reading time\" \/>\n\t<meta name=\"twitter:data2\" content=\"3 minutes\" \/>\n<script type=\"application\/ld+json\" class=\"yoast-schema-graph\">{\"@context\":\"https:\/\/schema.org\",\"@graph\":[{\"@type\":\"WebPage\",\"@id\":\"https:\/\/www.welovecycling.com\/hu\/edzes-es-eletmod\/a-legjobb-haletelek-bicikliseknek\/\",\"url\":\"https:\/\/www.welovecycling.com\/hu\/edzes-es-eletmod\/a-legjobb-haletelek-bicikliseknek\/\",\"name\":\"A legjobb hal\u00e9telek bicikliseknek - \u0160koda We Love Cycling - Magyarorsz\u00e1g\",\"isPartOf\":{\"@id\":\"https:\/\/www.welovecycling.com\/hu\/#website\"},\"primaryImageOfPage\":{\"@id\":\"https:\/\/www.welovecycling.com\/hu\/edzes-es-eletmod\/a-legjobb-haletelek-bicikliseknek\/#primaryimage\"},\"image\":{\"@id\":\"https:\/\/www.welovecycling.com\/hu\/edzes-es-eletmod\/a-legjobb-haletelek-bicikliseknek\/#primaryimage\"},\"thumbnailUrl\":\"https:\/\/d2p6e6u75xmxt8.cloudfront.net\/12\/2021\/07\/fish-2105233_1920.jpeg\",\"datePublished\":\"2021-08-08T06:00:02+00:00\",\"author\":{\"@id\":\"https:\/\/www.welovecycling.com\/hu\/#\/schema\/person\/414a2aebf1801691a5320edb6468e194\"},\"description\":\"Ami az eg\u00e9szs\u00e9get \u00e9s a j\u00f3 teljes\u00edtm\u00e9nyt illeti, rengeteg indok sz\u00f3l amellett, hogy a tenger gy\u00fcm\u00f6lcsei ott vannak a bring\u00e1sok \u00e9tlapj\u00e1n. A halak tele vannak feh\u00e9rj\u00e9vel, eg\u00e9szs\u00e9ges zs\u00edrokkal, vitaminokkal \u00e9s \u00e1sv\u00e1nyi anyagokkal. Ha a v\u00f6r\u00f6s h\u00fasok egy r\u00e9sz\u00e9t herkenty\u0171kre cser\u00e9led, ak\u00e1r \u00e9vekkel is meghosszabb\u00edthatod az \u00e9leted!\",\"breadcrumb\":{\"@id\":\"https:\/\/www.welovecycling.com\/hu\/edzes-es-eletmod\/a-legjobb-haletelek-bicikliseknek\/#breadcrumb\"},\"inLanguage\":\"hu\",\"potentialAction\":[{\"@type\":\"ReadAction\",\"target\":[\"https:\/\/www.welovecycling.com\/hu\/edzes-es-eletmod\/a-legjobb-haletelek-bicikliseknek\/\"]}]},{\"@type\":\"ImageObject\",\"inLanguage\":\"hu\",\"@id\":\"https:\/\/www.welovecycling.com\/hu\/edzes-es-eletmod\/a-legjobb-haletelek-bicikliseknek\/#primaryimage\",\"url\":\"https:\/\/d2p6e6u75xmxt8.cloudfront.net\/12\/2021\/07\/fish-2105233_1920.jpeg\",\"contentUrl\":\"https:\/\/d2p6e6u75xmxt8.cloudfront.net\/12\/2021\/07\/fish-2105233_1920.jpeg\",\"width\":1920,\"height\":1280},{\"@type\":\"BreadcrumbList\",\"@id\":\"https:\/\/www.welovecycling.com\/hu\/edzes-es-eletmod\/a-legjobb-haletelek-bicikliseknek\/#breadcrumb\",\"itemListElement\":[{\"@type\":\"ListItem\",\"position\":1,\"name\":\"Home\",\"item\":\"https:\/\/www.welovecycling.com\/hu\/\"},{\"@type\":\"ListItem\",\"position\":2,\"name\":\"A legjobb hal\u00e9telek bicikliseknek\"}]},{\"@type\":\"WebSite\",\"@id\":\"https:\/\/www.welovecycling.com\/hu\/#website\",\"url\":\"https:\/\/www.welovecycling.com\/hu\/\",\"name\":\"\u0160koda We Love Cycling - Magyarorsz\u00e1g\",\"description\":\"\u0160koda WeLoveCycling\",\"potentialAction\":[{\"@type\":\"SearchAction\",\"target\":{\"@type\":\"EntryPoint\",\"urlTemplate\":\"https:\/\/www.welovecycling.com\/hu\/?s={search_term_string}\"},\"query-input\":{\"@type\":\"PropertyValueSpecification\",\"valueRequired\":true,\"valueName\":\"search_term_string\"}}],\"inLanguage\":\"hu\"},{\"@type\":\"Person\",\"@id\":\"https:\/\/www.welovecycling.com\/hu\/#\/schema\/person\/414a2aebf1801691a5320edb6468e194\",\"name\":\"hegyizs\",\"image\":{\"@type\":\"ImageObject\",\"inLanguage\":\"hu\",\"@id\":\"https:\/\/www.welovecycling.com\/hu\/#\/schema\/person\/image\/\",\"url\":\"https:\/\/secure.gravatar.com\/avatar\/02cf8a7906b8cf90cecb4679defac7cfd33a1c2e3b88e4903d947f3bb58eedd3?s=96&d=mm&r=g\",\"contentUrl\":\"https:\/\/secure.gravatar.com\/avatar\/02cf8a7906b8cf90cecb4679defac7cfd33a1c2e3b88e4903d947f3bb58eedd3?s=96&d=mm&r=g\",\"caption\":\"hegyizs\"},\"url\":\"https:\/\/www.welovecycling.com\/hu\/author\/hegyizs\/\"}]}<\/script>\n<!-- \/ Yoast SEO Premium plugin. -->","yoast_head_json":{"title":"A legjobb hal\u00e9telek bicikliseknek - \u0160koda We Love Cycling - Magyarorsz\u00e1g","description":"Ami az eg\u00e9szs\u00e9get \u00e9s a j\u00f3 teljes\u00edtm\u00e9nyt illeti, rengeteg indok sz\u00f3l amellett, hogy a tenger gy\u00fcm\u00f6lcsei ott vannak a bring\u00e1sok \u00e9tlapj\u00e1n. A halak tele vannak feh\u00e9rj\u00e9vel, eg\u00e9szs\u00e9ges zs\u00edrokkal, vitaminokkal \u00e9s \u00e1sv\u00e1nyi anyagokkal. Ha a v\u00f6r\u00f6s h\u00fasok egy r\u00e9sz\u00e9t herkenty\u0171kre cser\u00e9led, ak\u00e1r \u00e9vekkel is meghosszabb\u00edthatod az \u00e9leted!","robots":{"index":"index","follow":"follow","max-snippet":"max-snippet:-1","max-image-preview":"max-image-preview:large","max-video-preview":"max-video-preview:-1"},"canonical":"https:\/\/www.welovecycling.com\/hu\/edzes-es-eletmod\/a-legjobb-haletelek-bicikliseknek\/","og_locale":"hu_HU","og_type":"article","og_title":"A legjobb hal\u00e9telek bicikliseknek","og_description":"Ami az eg\u00e9szs\u00e9get \u00e9s a j\u00f3 teljes\u00edtm\u00e9nyt illeti, rengeteg indok sz\u00f3l amellett, hogy a tenger gy\u00fcm\u00f6lcsei ott vannak a bring\u00e1sok \u00e9tlapj\u00e1n. A halak tele vannak feh\u00e9rj\u00e9vel, eg\u00e9szs\u00e9ges zs\u00edrokkal, vitaminokkal \u00e9s \u00e1sv\u00e1nyi anyagokkal. Ha a v\u00f6r\u00f6s h\u00fasok egy r\u00e9sz\u00e9t herkenty\u0171kre cser\u00e9led, ak\u00e1r \u00e9vekkel is meghosszabb\u00edthatod az \u00e9leted!","og_url":"https:\/\/www.welovecycling.com\/hu\/edzes-es-eletmod\/a-legjobb-haletelek-bicikliseknek\/","og_site_name":"\u0160koda We Love Cycling - Magyarorsz\u00e1g","article_publisher":"https:\/\/www.facebook.com\/WeLoveCyclingHungary\/","article_published_time":"2021-08-08T06:00:02+00:00","og_image":[{"width":1920,"height":1280,"url":"https:\/\/d2p6e6u75xmxt8.cloudfront.net\/12\/2021\/07\/fish-2105233_1920.jpeg","type":"image\/jpeg"}],"author":"hegyizs","twitter_card":"summary_large_image","twitter_misc":{"Written by":"WLC","Est. reading time":"3 minutes"},"schema":{"@context":"https:\/\/schema.org","@graph":[{"@type":"WebPage","@id":"https:\/\/www.welovecycling.com\/hu\/edzes-es-eletmod\/a-legjobb-haletelek-bicikliseknek\/","url":"https:\/\/www.welovecycling.com\/hu\/edzes-es-eletmod\/a-legjobb-haletelek-bicikliseknek\/","name":"A legjobb hal\u00e9telek bicikliseknek - \u0160koda We Love Cycling - Magyarorsz\u00e1g","isPartOf":{"@id":"https:\/\/www.welovecycling.com\/hu\/#website"},"primaryImageOfPage":{"@id":"https:\/\/www.welovecycling.com\/hu\/edzes-es-eletmod\/a-legjobb-haletelek-bicikliseknek\/#primaryimage"},"image":{"@id":"https:\/\/www.welovecycling.com\/hu\/edzes-es-eletmod\/a-legjobb-haletelek-bicikliseknek\/#primaryimage"},"thumbnailUrl":"https:\/\/d2p6e6u75xmxt8.cloudfront.net\/12\/2021\/07\/fish-2105233_1920.jpeg","datePublished":"2021-08-08T06:00:02+00:00","author":{"@id":"https:\/\/www.welovecycling.com\/hu\/#\/schema\/person\/414a2aebf1801691a5320edb6468e194"},"description":"Ami az eg\u00e9szs\u00e9get \u00e9s a j\u00f3 teljes\u00edtm\u00e9nyt illeti, rengeteg indok sz\u00f3l amellett, hogy a tenger gy\u00fcm\u00f6lcsei ott vannak a bring\u00e1sok \u00e9tlapj\u00e1n. A halak tele vannak feh\u00e9rj\u00e9vel, eg\u00e9szs\u00e9ges zs\u00edrokkal, vitaminokkal \u00e9s \u00e1sv\u00e1nyi anyagokkal. Ha a v\u00f6r\u00f6s h\u00fasok egy r\u00e9sz\u00e9t herkenty\u0171kre cser\u00e9led, ak\u00e1r \u00e9vekkel is meghosszabb\u00edthatod az \u00e9leted!","breadcrumb":{"@id":"https:\/\/www.welovecycling.com\/hu\/edzes-es-eletmod\/a-legjobb-haletelek-bicikliseknek\/#breadcrumb"},"inLanguage":"hu","potentialAction":[{"@type":"ReadAction","target":["https:\/\/www.welovecycling.com\/hu\/edzes-es-eletmod\/a-legjobb-haletelek-bicikliseknek\/"]}]},{"@type":"ImageObject","inLanguage":"hu","@id":"https:\/\/www.welovecycling.com\/hu\/edzes-es-eletmod\/a-legjobb-haletelek-bicikliseknek\/#primaryimage","url":"https:\/\/d2p6e6u75xmxt8.cloudfront.net\/12\/2021\/07\/fish-2105233_1920.jpeg","contentUrl":"https:\/\/d2p6e6u75xmxt8.cloudfront.net\/12\/2021\/07\/fish-2105233_1920.jpeg","width":1920,"height":1280},{"@type":"BreadcrumbList","@id":"https:\/\/www.welovecycling.com\/hu\/edzes-es-eletmod\/a-legjobb-haletelek-bicikliseknek\/#breadcrumb","itemListElement":[{"@type":"ListItem","position":1,"name":"Home","item":"https:\/\/www.welovecycling.com\/hu\/"},{"@type":"ListItem","position":2,"name":"A legjobb hal\u00e9telek bicikliseknek"}]},{"@type":"WebSite","@id":"https:\/\/www.welovecycling.com\/hu\/#website","url":"https:\/\/www.welovecycling.com\/hu\/","name":"\u0160koda We Love Cycling - Magyarorsz\u00e1g","description":"\u0160koda WeLoveCycling","potentialAction":[{"@type":"SearchAction","target":{"@type":"EntryPoint","urlTemplate":"https:\/\/www.welovecycling.com\/hu\/?s={search_term_string}"},"query-input":{"@type":"PropertyValueSpecification","valueRequired":true,"valueName":"search_term_string"}}],"inLanguage":"hu"},{"@type":"Person","@id":"https:\/\/www.welovecycling.com\/hu\/#\/schema\/person\/414a2aebf1801691a5320edb6468e194","name":"hegyizs","image":{"@type":"ImageObject","inLanguage":"hu","@id":"https:\/\/www.welovecycling.com\/hu\/#\/schema\/person\/image\/","url":"https:\/\/secure.gravatar.com\/avatar\/02cf8a7906b8cf90cecb4679defac7cfd33a1c2e3b88e4903d947f3bb58eedd3?s=96&d=mm&r=g","contentUrl":"https:\/\/secure.gravatar.com\/avatar\/02cf8a7906b8cf90cecb4679defac7cfd33a1c2e3b88e4903d947f3bb58eedd3?s=96&d=mm&r=g","caption":"hegyizs"},"url":"https:\/\/www.welovecycling.com\/hu\/author\/hegyizs\/"}]}},"_links":{"self":[{"href":"https:\/\/www.welovecycling.com\/hu\/wp-json\/wp\/v2\/posts\/12129","targetHints":{"allow":["GET"]}}],"collection":[{"href":"https:\/\/www.welovecycling.com\/hu\/wp-json\/wp\/v2\/posts"}],"about":[{"href":"https:\/\/www.welovecycling.com\/hu\/wp-json\/wp\/v2\/types\/post"}],"author":[{"embeddable":true,"href":"https:\/\/www.welovecycling.com\/hu\/wp-json\/wp\/v2\/users\/71"}],"replies":[{"embeddable":true,"href":"https:\/\/www.welovecycling.com\/hu\/wp-json\/wp\/v2\/comments?post=12129"}],"version-history":[{"count":1,"href":"https:\/\/www.welovecycling.com\/hu\/wp-json\/wp\/v2\/posts\/12129\/revisions"}],"predecessor-version":[{"id":12133,"href":"https:\/\/www.welovecycling.com\/hu\/wp-json\/wp\/v2\/posts\/12129\/revisions\/12133"}],"wp:featuredmedia":[{"embeddable":true,"href":"https:\/\/www.welovecycling.com\/hu\/wp-json\/wp\/v2\/media\/12130"}],"wp:attachment":[{"href":"https:\/\/www.welovecycling.com\/hu\/wp-json\/wp\/v2\/media?parent=12129"}],"wp:term":[{"taxonomy":"category","embeddable":true,"href":"https:\/\/www.welovecycling.com\/hu\/wp-json\/wp\/v2\/categories?post=12129"},{"taxonomy":"post_tag","embeddable":true,"href":"https:\/\/www.welovecycling.com\/hu\/wp-json\/wp\/v2\/tags?post=12129"},{"taxonomy":"global-categories","embeddable":true,"href":"https:\/\/www.welovecycling.com\/hu\/wp-json\/wp\/v2\/global-categories?post=12129"}],"curies":[{"name":"wp","href":"https:\/\/api.w.org\/{rel}","templated":true}]}}