{"id":12112,"date":"2021-08-05T08:00:25","date_gmt":"2021-08-05T06:00:25","guid":{"rendered":"https:\/\/www.welovecycling.com\/hu\/?p=12112"},"modified":"2021-07-30T15:03:17","modified_gmt":"2021-07-30T13:03:17","slug":"a-biciklizes-nincs-testalkathoz-kotve","status":"publish","type":"post","link":"https:\/\/www.welovecycling.com\/hu\/kozosseg-es-kultura\/a-biciklizes-nincs-testalkathoz-kotve\/","title":{"rendered":"A bicikliz\u00e9s nincs testalkathoz k\u00f6tve"},"content":{"rendered":"<p><strong>K\u00f6nny\u0171 azt felt\u00e9telezni, hogy minden sportnak megvan az ide\u00e1lis testalkata, \u00edgy a bicikliz\u00e9snek is, ez azonban nem \u00edgy van. Mi\u00e9rt terjednek m\u00e9gis az el\u0151\u00edt\u00e9letek?<\/strong><\/p>\n<p><!--more--><\/p>\n<p>Egy 2012-es tanulm\u00e1ny \u00edgy fogalmazott: <em>\u201eA tests\u00fallyal kapcsolatos el\u0151\u00edt\u00e9letek egyenl\u0151tlens\u00e9ghez vezetnek a munkaer\u0151piacon, \u00e9s az eg\u00e9szs\u00e9g\u00fcgyi- \u00e9s oktat\u00e1si int\u00e9zm\u00e9nyekben is, hiszen elterjedt negat\u00edv sztereot\u00edpia, hogy a t\u00fals\u00falyos emberek lust\u00e1k, motiv\u00e1latlanok, nincs \u00f6nfegyelm\u00fck \u00e9s hanyagok.\u201d<\/em><\/p>\n<p>Aki a saj\u00e1t b\u0151r\u00e9n tapasztalja ezeket az el\u0151\u00edt\u00e9leteket, n\u00e9zze meg a Shimano filmj\u00e9t, az All Bodies on Bike-ot! A f\u0151szerepben k\u00e9t, saj\u00e1t magukat k\u00f6v\u00e9r ker\u00e9kp\u00e1rosnak vall\u00f3 n\u0151 \u00e1ll, Kailey Karnhauser \u00e9s Marley Blonsky, akik egy\u00fctt indultak el bikepacking \u00fatjukra az amerikai Corvallis v\u00e1rosb\u00f3l a Csendes-\u00f3ce\u00e1nig. \u00c9s remek\u00fcl teljes\u00edtett\u00e9k a kih\u00edv\u00e1sokat!<\/p>\n<lite-youtube videoid=JytAXpxmmQY params=\"enablejsapi=1\" style=\"background-image: url('https:\/\/i.ytimg.com\/vi_webp\/JytAXpxmmQY\/maxresdefault.webp');\"><\/lite-youtube>\n<p>A film sokakra nagy hat\u00e1st tett. Ami\u00f3ta k\u00f6zz\u00e9tett\u00e9k YouTube-on, k\u00f6zel 210 ezer megtekint\u00e9st \u00e9rt el, \u00e9s Kaileyt \u00e9s Marleyt is el\u00e1rasztott\u00e1k a pozit\u00edv visszajelz\u00e9sek.<\/p>\n<p>Az egyik komment \u00edgy sz\u00f3lt: \u201eK\u00f6v\u00e9r ker\u00e9kp\u00e1rosk\u00e9nt, m\u00e9lyen \u00e9rintett Kailey \u00e9s Marley t\u00f6rt\u00e9nete. Olyan \u00fcd\u00edt\u0151 l\u00e1tni valakit, aki hasonl\u00edt r\u00e1m, \u00e9s szereti \u00f6nmag\u00e1t \u00e9s a ker\u00e9kp\u00e1rj\u00e1t! Rengeteg \u00f6r\u00f6met ny\u00fajt a bicikliz\u00e9s. T\u00f6bb ilyet szeretn\u00e9k l\u00e1tni!\u201d<\/p>\n<p>Kornhauser egy interj\u00faban elmondta, hogy k\u00edv\u00e1ncsian v\u00e1rta a reakci\u00f3kat, hiszen egy \u00e9rz\u00e9keny t\u00e9m\u00e1r\u00f3l van sz\u00f3. A bring\u00e1s el\u0151sz\u00f6r 2019-ben ker\u00fclt a figyelem k\u00f6zpontj\u00e1ba, amikor egy, Alaszk\u00e1n \u00e1t\u00edvel\u0151, 1000 m\u00e9rf\u00f6ldes utat k\u00f6vet\u0151en megjelent a Bicycling c\u00edmlapj\u00e1n.<\/p>\n<p>Blonsky r\u00e9gi t\u00e1mogat\u00f3ja a k\u00f6v\u00e9r emberek jogai\u00e9rt k\u00fczd\u0151 k\u00f6z\u00f6ss\u00e9gnek \u00e9s a m\u00e9lt\u00f3s\u00e1gukat hirdet\u0151 politikai mozgalmaknak. \u0150 mes\u00e9lte, hogy egyszer kapott egy \u00fczenetet, amiben egy ex-ker\u00e9kp\u00e1ros le\u00edrta, hogy az\u00e9rt hagyta abba a teker\u00e9st, mert \u00fagy \u00e9rezte, t\u00fal k\u00f6v\u00e9r hozz\u00e1.<\/p>\n<div class=\"embed-controller-wrapper\">\n<blockquote class=\"twitter-tweet\" data-width=\"500\" data-dnt=\"true\">\n<p lang=\"en\" dir=\"ltr\">We&#39;ve all been on that group ride that sucks. Make your next group ride suck less with these 5 tips to be more inclusive. <a href=\"https:\/\/t.co\/9fQYXTrRkp\">https:\/\/t.co\/9fQYXTrRkp<\/a><\/p>\n<p>&mdash; Marley Blonsky (@MarleyBlonsky) <a href=\"https:\/\/twitter.com\/MarleyBlonsky\/status\/1418009448010813442?ref_src=twsrc%5Etfw\">July 22, 2021<\/a><\/p><\/blockquote>\n<p><script async data-src=\"https:\/\/platform.twitter.com\/widgets.js\" charset=\"utf-8\"><\/script><\/div>\n<p><em>\u201eDefektet kapott, \u00e9s azt hitte, hogy ez az \u0151 hib\u00e1ja volt. Azonban l\u00e1tva, hogy \u00e9n is posztolok arr\u00f3l, hogyan lehet defektet jav\u00edtani, r\u00e1j\u00f6tt, hogy ez egy h\u00e9tk\u00f6znapi dolog, a ker\u00e9kp\u00e1ros \u00e9let r\u00e9sze, \u00e9s megnyugodott.\u201d<\/em><\/p>\n<p>Mindketten sz\u00e1mos \u00fczenetet kaptak olyan emberekt\u0151l, akiknek felszabad\u00edt\u00f3 \u00e9rz\u00e9s volt l\u00e1tni, hogy hozz\u00e1juk hasonl\u00f3 testalkattal is b\u00fcszk\u00e9n bicikliznek. Sokukat inspir\u00e1lta arra a film, hogy \u00fajra nyeregbe \u00fcljenek. S\u0151t, meglep\u0151 m\u00f3don, nem csak a t\u00fals\u00falyos n\u0151ket motiv\u00e1lta a t\u00f6rt\u00e9net.<\/p>\n<p><em>\u201eRengeteg \u00fczenet \u00e9rkezett sov\u00e1ny f\u00e9rfiakt\u00f3l, akik megk\u00f6sz\u00f6nt\u00e9k, hogy seg\u00edt\u00fcnk t\u00e1g\u00edtani a biciklisekr\u0151l elk\u00e9pzelt k\u00e9pet\u201d<\/em> \u2013 mondta Blonsky. <em>\u201eEz az\u00e9rt szuper, mert sokan vannak, akik nem illenek ebbe a kialakult elk\u00e9pzel\u00e9sbe. Szeretn\u00e9nk befogad\u00f3bb\u00e1 tenni a sportot!\u201d<\/em><\/p>\n<div class=\"embed-controller-wrapper\">\n<blockquote class=\"twitter-tweet\" data-width=\"500\" data-dnt=\"true\">\n<p lang=\"en\" dir=\"ltr\">When a two-day bikepacking trip along the Corvallis to Coast Trail called <a href=\"https:\/\/twitter.com\/MarleyBlonsky?ref_src=twsrc%5Etfw\">@MarleyBlonsky<\/a> &amp; <a href=\"https:\/\/twitter.com\/kornhausersauce?ref_src=twsrc%5Etfw\">@Kornhausersauce<\/a> they answered \ud83d\udca5 <a href=\"https:\/\/t.co\/GgBQLGZo8G\">https:\/\/t.co\/GgBQLGZo8G<\/a> <a href=\"https:\/\/twitter.com\/hashtag\/UseYourHead?src=hash&amp;ref_src=twsrc%5Etfw\">#UseYourHead<\/a> <a href=\"https:\/\/t.co\/nt88pCnRQL\">pic.twitter.com\/nt88pCnRQL<\/a><\/p>\n<p>&mdash; Lazer Sport North America (@LazerSportNA) <a href=\"https:\/\/twitter.com\/LazerSportNA\/status\/1384541126393311232?ref_src=twsrc%5Etfw\">April 20, 2021<\/a><\/p><\/blockquote>\n<p><script async data-src=\"https:\/\/platform.twitter.com\/widgets.js\" charset=\"utf-8\"><\/script><\/div>\n<p>Kornhaus hozz\u00e1tette, hogy az elit sportol\u00f3kt\u00f3l is ugyanezt az \u00fczenetet kapt\u00e1k. <em>\u201eMarley \u00e9s \u00e9n nem ismerj\u00fck ezt a k\u00f6rnyezetet, sz\u00f3val nagyon meglep\u0151 \u00e9s izgalmas, hogy \u0151k is azonosulni tudnak a testk\u00e9pet \u00e9rint\u0151 el\u0151\u00edt\u00e9letek probl\u00e9m\u00e1j\u00e1val\u201d <\/em>\u2013 mondta.<\/p>\n<p>A 13 perces kisfilm a bicikliz\u00e9s val\u00f3di oldal\u00e1t mutatja be, nem a sz\u00e9p\u00edtett verzi\u00f3t. \u00dczenete, hogy a t\u00fals\u00falyos emberek ugyanolyan emberek, mint a v\u00e9konyak \u00e9s a sov\u00e1nyak.<\/p>\n<p>A tengerparti \u00fatszakaszon a k\u00e9t n\u0151 remek\u00fcl mulat a nyeregben, majd a teljes st\u00e1bbal egy\u00fctt csobban egyet a Csendes-\u00f3ce\u00e1nban. Nincs ebben semmi k\u00fcl\u00f6n\u00f6s, \u00e9s m\u00e9gis rendk\u00edv\u00fcli, mert felt\u00e1rja a vil\u00e1got, ami sok bizonytalan ember fej\u00e9ben l\u00e9tezik, \u00e9s amely vil\u00e1gban nem \u00fclhet b\u00e1rki ker\u00e9kp\u00e1rra. Pedig dehogynem!<\/p>\n<p>Ahogy Blonsky mondta: \u201e<em>Ez az \u00e9let\u00fcnk. Ker\u00e9kp\u00e1rozunk, j\u00f3l \u00e9rezz\u00fck magunkat \u00e9s k\u00f6v\u00e9rek vagyunk!\u201d<\/em><\/p>\n","protected":false},"excerpt":{"rendered":"<p>K\u00f6nny\u0171 azt felt\u00e9telezni, hogy minden sportnak megvan az ide\u00e1lis testalkata, \u00edgy a bicikliz\u00e9snek is, ez azonban nem \u00edgy van. Mi\u00e9rt [&hellip;]<\/p>\n","protected":false},"author":71,"featured_media":12116,"comment_status":"closed","ping_status":"closed","sticky":false,"template":"","format":"standard","meta":{"footnotes":""},"categories":[12],"tags":[],"global-categories":[],"class_list":["post-12112","post","type-post","status-publish","format-standard","has-post-thumbnail","hentry","category-kozosseg-es-kultura"],"yoast_head":"<!-- This site is optimized with the Yoast SEO Premium plugin v25.3 (Yoast SEO v25.9) - https:\/\/yoast.com\/wordpress\/plugins\/seo\/ -->\n<title>A bicikliz\u00e9s nincs testalkathoz k\u00f6tve - \u0160koda We Love Cycling - Magyarorsz\u00e1g<\/title>\n<meta name=\"description\" content=\"K\u00f6nny\u0171 azt felt\u00e9telezni, hogy minden sportnak megvan az ide\u00e1lis testalkata, \u00edgy a bicikliz\u00e9snek is, ez azonban nem \u00edgy van. Mi\u00e9rt terjednek m\u00e9gis az el\u0151\u00edt\u00e9letek?\" \/>\n<meta name=\"robots\" content=\"index, follow, max-snippet:-1, max-image-preview:large, max-video-preview:-1\" \/>\n<link rel=\"canonical\" href=\"https:\/\/www.welovecycling.com\/hu\/kozosseg-es-kultura\/a-biciklizes-nincs-testalkathoz-kotve\/\" \/>\n<meta property=\"og:locale\" content=\"hu_HU\" \/>\n<meta property=\"og:type\" content=\"article\" \/>\n<meta property=\"og:title\" content=\"A bicikliz\u00e9s nincs testalkathoz k\u00f6tve\" \/>\n<meta property=\"og:description\" content=\"K\u00f6nny\u0171 azt felt\u00e9telezni, hogy minden sportnak megvan az ide\u00e1lis testalkata, \u00edgy a bicikliz\u00e9snek is, ez azonban nem \u00edgy van. Mi\u00e9rt terjednek m\u00e9gis az el\u0151\u00edt\u00e9letek?\" \/>\n<meta property=\"og:url\" content=\"https:\/\/www.welovecycling.com\/hu\/kozosseg-es-kultura\/a-biciklizes-nincs-testalkathoz-kotve\/\" \/>\n<meta property=\"og:site_name\" content=\"\u0160koda We Love Cycling - Magyarorsz\u00e1g\" \/>\n<meta property=\"article:publisher\" content=\"https:\/\/www.facebook.com\/WeLoveCyclingHungary\/\" \/>\n<meta property=\"article:published_time\" content=\"2021-08-05T06:00:25+00:00\" \/>\n<meta property=\"og:image\" content=\"https:\/\/d2p6e6u75xmxt8.cloudfront.net\/12\/2021\/07\/Overweight-cycling-profimedia-0442568415-CVR.jpg\" \/>\n\t<meta property=\"og:image:width\" content=\"1366\" \/>\n\t<meta property=\"og:image:height\" content=\"600\" \/>\n\t<meta property=\"og:image:type\" content=\"image\/jpeg\" \/>\n<meta name=\"author\" content=\"hegyizs\" \/>\n<meta name=\"twitter:card\" content=\"summary_large_image\" \/>\n<meta name=\"twitter:label1\" content=\"Written by\" \/>\n\t<meta name=\"twitter:data1\" content=\"Siegfried Mortkowitz\" \/>\n\t<meta name=\"twitter:label2\" content=\"Est. reading time\" \/>\n\t<meta name=\"twitter:data2\" content=\"6\" \/>\n<script type=\"application\/ld+json\" class=\"yoast-schema-graph\">{\"@context\":\"https:\/\/schema.org\",\"@graph\":[{\"@type\":\"WebPage\",\"@id\":\"https:\/\/www.welovecycling.com\/hu\/kozosseg-es-kultura\/a-biciklizes-nincs-testalkathoz-kotve\/\",\"url\":\"https:\/\/www.welovecycling.com\/hu\/kozosseg-es-kultura\/a-biciklizes-nincs-testalkathoz-kotve\/\",\"name\":\"A bicikliz\u00e9s nincs testalkathoz k\u00f6tve - \u0160koda We Love Cycling - Magyarorsz\u00e1g\",\"isPartOf\":{\"@id\":\"https:\/\/www.welovecycling.com\/hu\/#website\"},\"primaryImageOfPage\":{\"@id\":\"https:\/\/www.welovecycling.com\/hu\/kozosseg-es-kultura\/a-biciklizes-nincs-testalkathoz-kotve\/#primaryimage\"},\"image\":{\"@id\":\"https:\/\/www.welovecycling.com\/hu\/kozosseg-es-kultura\/a-biciklizes-nincs-testalkathoz-kotve\/#primaryimage\"},\"thumbnailUrl\":\"https:\/\/d2p6e6u75xmxt8.cloudfront.net\/12\/2021\/07\/Overweight-cycling-profimedia-0442568415-CVR.jpg\",\"datePublished\":\"2021-08-05T06:00:25+00:00\",\"author\":{\"@id\":\"https:\/\/www.welovecycling.com\/hu\/#\/schema\/person\/414a2aebf1801691a5320edb6468e194\"},\"description\":\"K\u00f6nny\u0171 azt felt\u00e9telezni, hogy minden sportnak megvan az ide\u00e1lis testalkata, \u00edgy a bicikliz\u00e9snek is, ez azonban nem \u00edgy van. Mi\u00e9rt terjednek m\u00e9gis az el\u0151\u00edt\u00e9letek?\",\"breadcrumb\":{\"@id\":\"https:\/\/www.welovecycling.com\/hu\/kozosseg-es-kultura\/a-biciklizes-nincs-testalkathoz-kotve\/#breadcrumb\"},\"inLanguage\":\"hu\",\"potentialAction\":[{\"@type\":\"ReadAction\",\"target\":[\"https:\/\/www.welovecycling.com\/hu\/kozosseg-es-kultura\/a-biciklizes-nincs-testalkathoz-kotve\/\"]}]},{\"@type\":\"ImageObject\",\"inLanguage\":\"hu\",\"@id\":\"https:\/\/www.welovecycling.com\/hu\/kozosseg-es-kultura\/a-biciklizes-nincs-testalkathoz-kotve\/#primaryimage\",\"url\":\"https:\/\/d2p6e6u75xmxt8.cloudfront.net\/12\/2021\/07\/Overweight-cycling-profimedia-0442568415-CVR.jpg\",\"contentUrl\":\"https:\/\/d2p6e6u75xmxt8.cloudfront.net\/12\/2021\/07\/Overweight-cycling-profimedia-0442568415-CVR.jpg\",\"width\":1366,\"height\":600,\"caption\":\"Plus-size cyclists\"},{\"@type\":\"BreadcrumbList\",\"@id\":\"https:\/\/www.welovecycling.com\/hu\/kozosseg-es-kultura\/a-biciklizes-nincs-testalkathoz-kotve\/#breadcrumb\",\"itemListElement\":[{\"@type\":\"ListItem\",\"position\":1,\"name\":\"Home\",\"item\":\"https:\/\/www.welovecycling.com\/hu\/\"},{\"@type\":\"ListItem\",\"position\":2,\"name\":\"A bicikliz\u00e9s nincs testalkathoz k\u00f6tve\"}]},{\"@type\":\"WebSite\",\"@id\":\"https:\/\/www.welovecycling.com\/hu\/#website\",\"url\":\"https:\/\/www.welovecycling.com\/hu\/\",\"name\":\"\u0160koda We Love Cycling - Magyarorsz\u00e1g\",\"description\":\"\u0160koda WeLoveCycling\",\"potentialAction\":[{\"@type\":\"SearchAction\",\"target\":{\"@type\":\"EntryPoint\",\"urlTemplate\":\"https:\/\/www.welovecycling.com\/hu\/?s={search_term_string}\"},\"query-input\":{\"@type\":\"PropertyValueSpecification\",\"valueRequired\":true,\"valueName\":\"search_term_string\"}}],\"inLanguage\":\"hu\"},{\"@type\":\"Person\",\"@id\":\"https:\/\/www.welovecycling.com\/hu\/#\/schema\/person\/414a2aebf1801691a5320edb6468e194\",\"name\":\"hegyizs\",\"image\":{\"@type\":\"ImageObject\",\"inLanguage\":\"hu\",\"@id\":\"https:\/\/www.welovecycling.com\/hu\/#\/schema\/person\/image\/\",\"url\":\"https:\/\/secure.gravatar.com\/avatar\/02cf8a7906b8cf90cecb4679defac7cfd33a1c2e3b88e4903d947f3bb58eedd3?s=96&d=mm&r=g\",\"contentUrl\":\"https:\/\/secure.gravatar.com\/avatar\/02cf8a7906b8cf90cecb4679defac7cfd33a1c2e3b88e4903d947f3bb58eedd3?s=96&d=mm&r=g\",\"caption\":\"hegyizs\"},\"url\":\"https:\/\/www.welovecycling.com\/hu\/author\/hegyizs\/\"}]}<\/script>\n<!-- \/ Yoast SEO Premium plugin. -->","yoast_head_json":{"title":"A bicikliz\u00e9s nincs testalkathoz k\u00f6tve - \u0160koda We Love Cycling - Magyarorsz\u00e1g","description":"K\u00f6nny\u0171 azt felt\u00e9telezni, hogy minden sportnak megvan az ide\u00e1lis testalkata, \u00edgy a bicikliz\u00e9snek is, ez azonban nem \u00edgy van. Mi\u00e9rt terjednek m\u00e9gis az el\u0151\u00edt\u00e9letek?","robots":{"index":"index","follow":"follow","max-snippet":"max-snippet:-1","max-image-preview":"max-image-preview:large","max-video-preview":"max-video-preview:-1"},"canonical":"https:\/\/www.welovecycling.com\/hu\/kozosseg-es-kultura\/a-biciklizes-nincs-testalkathoz-kotve\/","og_locale":"hu_HU","og_type":"article","og_title":"A bicikliz\u00e9s nincs testalkathoz k\u00f6tve","og_description":"K\u00f6nny\u0171 azt felt\u00e9telezni, hogy minden sportnak megvan az ide\u00e1lis testalkata, \u00edgy a bicikliz\u00e9snek is, ez azonban nem \u00edgy van. Mi\u00e9rt terjednek m\u00e9gis az el\u0151\u00edt\u00e9letek?","og_url":"https:\/\/www.welovecycling.com\/hu\/kozosseg-es-kultura\/a-biciklizes-nincs-testalkathoz-kotve\/","og_site_name":"\u0160koda We Love Cycling - Magyarorsz\u00e1g","article_publisher":"https:\/\/www.facebook.com\/WeLoveCyclingHungary\/","article_published_time":"2021-08-05T06:00:25+00:00","og_image":[{"width":1366,"height":600,"url":"https:\/\/d2p6e6u75xmxt8.cloudfront.net\/12\/2021\/07\/Overweight-cycling-profimedia-0442568415-CVR.jpg","type":"image\/jpeg"}],"author":"hegyizs","twitter_card":"summary_large_image","twitter_misc":{"Written by":"Siegfried Mortkowitz","Est. reading time":"6"},"schema":{"@context":"https:\/\/schema.org","@graph":[{"@type":"WebPage","@id":"https:\/\/www.welovecycling.com\/hu\/kozosseg-es-kultura\/a-biciklizes-nincs-testalkathoz-kotve\/","url":"https:\/\/www.welovecycling.com\/hu\/kozosseg-es-kultura\/a-biciklizes-nincs-testalkathoz-kotve\/","name":"A bicikliz\u00e9s nincs testalkathoz k\u00f6tve - \u0160koda We Love Cycling - Magyarorsz\u00e1g","isPartOf":{"@id":"https:\/\/www.welovecycling.com\/hu\/#website"},"primaryImageOfPage":{"@id":"https:\/\/www.welovecycling.com\/hu\/kozosseg-es-kultura\/a-biciklizes-nincs-testalkathoz-kotve\/#primaryimage"},"image":{"@id":"https:\/\/www.welovecycling.com\/hu\/kozosseg-es-kultura\/a-biciklizes-nincs-testalkathoz-kotve\/#primaryimage"},"thumbnailUrl":"https:\/\/d2p6e6u75xmxt8.cloudfront.net\/12\/2021\/07\/Overweight-cycling-profimedia-0442568415-CVR.jpg","datePublished":"2021-08-05T06:00:25+00:00","author":{"@id":"https:\/\/www.welovecycling.com\/hu\/#\/schema\/person\/414a2aebf1801691a5320edb6468e194"},"description":"K\u00f6nny\u0171 azt felt\u00e9telezni, hogy minden sportnak megvan az ide\u00e1lis testalkata, \u00edgy a bicikliz\u00e9snek is, ez azonban nem \u00edgy van. Mi\u00e9rt terjednek m\u00e9gis az el\u0151\u00edt\u00e9letek?","breadcrumb":{"@id":"https:\/\/www.welovecycling.com\/hu\/kozosseg-es-kultura\/a-biciklizes-nincs-testalkathoz-kotve\/#breadcrumb"},"inLanguage":"hu","potentialAction":[{"@type":"ReadAction","target":["https:\/\/www.welovecycling.com\/hu\/kozosseg-es-kultura\/a-biciklizes-nincs-testalkathoz-kotve\/"]}]},{"@type":"ImageObject","inLanguage":"hu","@id":"https:\/\/www.welovecycling.com\/hu\/kozosseg-es-kultura\/a-biciklizes-nincs-testalkathoz-kotve\/#primaryimage","url":"https:\/\/d2p6e6u75xmxt8.cloudfront.net\/12\/2021\/07\/Overweight-cycling-profimedia-0442568415-CVR.jpg","contentUrl":"https:\/\/d2p6e6u75xmxt8.cloudfront.net\/12\/2021\/07\/Overweight-cycling-profimedia-0442568415-CVR.jpg","width":1366,"height":600,"caption":"Plus-size cyclists"},{"@type":"BreadcrumbList","@id":"https:\/\/www.welovecycling.com\/hu\/kozosseg-es-kultura\/a-biciklizes-nincs-testalkathoz-kotve\/#breadcrumb","itemListElement":[{"@type":"ListItem","position":1,"name":"Home","item":"https:\/\/www.welovecycling.com\/hu\/"},{"@type":"ListItem","position":2,"name":"A bicikliz\u00e9s nincs testalkathoz k\u00f6tve"}]},{"@type":"WebSite","@id":"https:\/\/www.welovecycling.com\/hu\/#website","url":"https:\/\/www.welovecycling.com\/hu\/","name":"\u0160koda We Love Cycling - Magyarorsz\u00e1g","description":"\u0160koda WeLoveCycling","potentialAction":[{"@type":"SearchAction","target":{"@type":"EntryPoint","urlTemplate":"https:\/\/www.welovecycling.com\/hu\/?s={search_term_string}"},"query-input":{"@type":"PropertyValueSpecification","valueRequired":true,"valueName":"search_term_string"}}],"inLanguage":"hu"},{"@type":"Person","@id":"https:\/\/www.welovecycling.com\/hu\/#\/schema\/person\/414a2aebf1801691a5320edb6468e194","name":"hegyizs","image":{"@type":"ImageObject","inLanguage":"hu","@id":"https:\/\/www.welovecycling.com\/hu\/#\/schema\/person\/image\/","url":"https:\/\/secure.gravatar.com\/avatar\/02cf8a7906b8cf90cecb4679defac7cfd33a1c2e3b88e4903d947f3bb58eedd3?s=96&d=mm&r=g","contentUrl":"https:\/\/secure.gravatar.com\/avatar\/02cf8a7906b8cf90cecb4679defac7cfd33a1c2e3b88e4903d947f3bb58eedd3?s=96&d=mm&r=g","caption":"hegyizs"},"url":"https:\/\/www.welovecycling.com\/hu\/author\/hegyizs\/"}]}},"_links":{"self":[{"href":"https:\/\/www.welovecycling.com\/hu\/wp-json\/wp\/v2\/posts\/12112","targetHints":{"allow":["GET"]}}],"collection":[{"href":"https:\/\/www.welovecycling.com\/hu\/wp-json\/wp\/v2\/posts"}],"about":[{"href":"https:\/\/www.welovecycling.com\/hu\/wp-json\/wp\/v2\/types\/post"}],"author":[{"embeddable":true,"href":"https:\/\/www.welovecycling.com\/hu\/wp-json\/wp\/v2\/users\/71"}],"replies":[{"embeddable":true,"href":"https:\/\/www.welovecycling.com\/hu\/wp-json\/wp\/v2\/comments?post=12112"}],"version-history":[{"count":1,"href":"https:\/\/www.welovecycling.com\/hu\/wp-json\/wp\/v2\/posts\/12112\/revisions"}],"predecessor-version":[{"id":12127,"href":"https:\/\/www.welovecycling.com\/hu\/wp-json\/wp\/v2\/posts\/12112\/revisions\/12127"}],"wp:featuredmedia":[{"embeddable":true,"href":"https:\/\/www.welovecycling.com\/hu\/wp-json\/wp\/v2\/media\/12116"}],"wp:attachment":[{"href":"https:\/\/www.welovecycling.com\/hu\/wp-json\/wp\/v2\/media?parent=12112"}],"wp:term":[{"taxonomy":"category","embeddable":true,"href":"https:\/\/www.welovecycling.com\/hu\/wp-json\/wp\/v2\/categories?post=12112"},{"taxonomy":"post_tag","embeddable":true,"href":"https:\/\/www.welovecycling.com\/hu\/wp-json\/wp\/v2\/tags?post=12112"},{"taxonomy":"global-categories","embeddable":true,"href":"https:\/\/www.welovecycling.com\/hu\/wp-json\/wp\/v2\/global-categories?post=12112"}],"curies":[{"name":"wp","href":"https:\/\/api.w.org\/{rel}","templated":true}]}}