{"id":1210,"date":"2018-07-24T10:28:15","date_gmt":"2018-07-24T10:28:15","guid":{"rendered":"https:\/\/www.welovecycling.com\/hu\/?p=1210"},"modified":"2018-07-24T10:31:58","modified_gmt":"2018-07-24T10:31:58","slug":"a-tour-de-france-orvosanak-egy-napja","status":"publish","type":"post","link":"https:\/\/www.welovecycling.com\/hu\/tour-de-france\/a-tour-de-france-orvosanak-egy-napja\/","title":{"rendered":"A Tour de France orvos\u00e1nak egy napja"},"content":{"rendered":"<p><strong>Dr. Jost Paul-Henrit a Dauphin\u00e9 6. szakasz\u00e1n siker\u00fclt elcs\u00edpn\u00fcnk. \u201eJ\u00f3 napot z\u00e1rtunk\u201d \u2013 mondta, felt\u00e9telezhet\u0151en az\u00e9rt, mert nem t\u00f6rt\u00e9nt es\u00e9s. A tapasztalt aneszteziol\u00f3gus nyugodtnak \u00e9s boldognak t\u0171nt, mivel orvosi szaktud\u00e1s\u00e1ra a Tour de France aznapj\u00e1n h\u00e1l\u2019 Isten nem volt sz\u00fcks\u00e9g.<\/strong><\/p>\n<h2><!--more--><\/h2>\n<h2>F\u00fcggetlen orvosi seg\u00edts\u00e9gny\u00fajt\u00e1s<\/h2>\n<p>A Tour de France valamennyi csapat\u00e1nak megvan a saj\u00e1t orvosi szem\u00e9lyzete, akik versenyz\u0151ikr\u0151l gondoskodnak, de a Tour szervez\u0151je, az Amaury Sport Organisation (ASO) f\u00fcggetlen orvosi csapatot is biztos\u00edt a s\u00e9r\u00fcl\u00e9sek kezel\u00e9s\u00e9re. Megk\u00e9rdezt\u00fck Paul-Henrit\u00f3l, mit fog csin\u00e1lni a Touron.<\/p>\n<p>\u201e\u00c9n vagyok a Dauphin\u00e9 orvos igazgat\u00f3ja, de a Tour de France-on [Dr] Florence Pommerie helyettese leszek.\u201d Teh\u00e1t mi pontosan a dolga? \u201eA verseny alatt szimpl\u00e1n k\u00f6vetj\u00fck a versenyz\u0151ket, \u00e9s ha es\u00e9s t\u00f6rt\u00e9nik&#8230;\u201d Beavatkoznak? \u201eIgen.\u201d<\/p>\n<h2>Minden a hely\u00e9n<\/h2>\n<p>Joggal gondolhatn\u00e1nk, hogy a Tour nagy r\u00e9sze azzal telik sz\u00e1mukra, hogy v\u00e1rj\u00e1k, hogy valami baj t\u00f6rt\u00e9njen. B\u00e1r a komoly s\u00e9r\u00fcl\u00e9sekkel j\u00e1r\u00f3 es\u00e9sek bev\u00e9s\u0151dnek az eml\u00e9kezetbe, szerencs\u00e9re ritk\u00e1n t\u00f6rt\u00e9nnek ilyenek. De ez nem jelenti azt, hogy az orvosi csapat el\u00e9gedetten h\u00e1trad\u0151lhet \u2013 le kell k\u00f6vetni\u00fck a verseny taktikai fejlem\u00e9nyeit.<\/p>\n<lite-youtube videoid=PMF6Iffw9Ls params=\"enablejsapi=1\" style=\"background-image: url('https:\/\/i.ytimg.com\/vi_webp\/PMF6Iffw9Ls\/maxresdefault.webp');\"><\/lite-youtube>\n<p>\u201eA munk\u00e1nk legbonyolultabb r\u00e9sze az egyes ment\u0151aut\u00f3knak a verseny helyzet\u00e9t\u0151l f\u00fcgg\u0151en t\u00f6rt\u00e9n\u0151 megfelel\u0151 pozicion\u00e1l\u00e1sa.\u201d M\u00e1s sz\u00f3val Paul-Henri \u00e1lland\u00f3an sakkozni pr\u00f3b\u00e1l j\u00e1rm\u0171veivel, hogy orvosi beavatkoz\u00e1s szempontj\u00e1b\u00f3l a legjobb helyen legyenek \u2013 an\u00e9lk\u00fcl, hogy a verseny dinamik\u00e1j\u00e1t megzavarn\u00e1k.<\/p>\n<p>\u201eMegpr\u00f3b\u00e1ljuk a legjobb poz\u00edci\u00f3t felvenni\u2026 hogy csapatonk\u00e9nt k\u00e9t j\u00e1rm\u0171vel \u00a0legy\u00fcnk jelen.\u201d Teh\u00e1t ha sz\u00f6k\u00e9s t\u00f6rt\u00e9nik \u00e9s a mez\u0151ny \u00fcld\u00f6z\u0151be veszi, nyugodt marad? \u201eIgen\u201d, v\u00e1laszolja Paul-Henri, \u201e\u00e9s megpr\u00f3b\u00e1ljuk a lehet\u0151 legkisebb t\u00e1vols\u00e1got tartani a mez\u0151ny \u00e9s a ment\u0151aut\u00f3 k\u00f6z\u00f6tt.\u201d<\/p>\n<h2>Gyakorlati k\u00e9rd\u00e9sek<\/h2>\n<p>Megk\u00e9rdezt\u00fck, mi a k\u00fcl\u00f6nbs\u00e9g a Dauphin\u00e9 \u00e9s a Tour k\u00f6z\u00f6tt. \u201eA Dauphin\u00e9n egy k\u00f6zponti aut\u00f3nk \u00e9s n\u00e9gy ment\u0151aut\u00f3nk van, a Touron pedig k\u00e9t k\u00f6zponti aut\u00f3nk, n\u00e9gy ment\u0151aut\u00f3nk \u00e9s egy motorbiciklink.\u201d<\/p>\n<p>Ez a motorbicikli fontos szerepet j\u00e1tszik akkor, ha a ker\u00e9kp\u00e1rosokhoz olyan, kiemelt HC-szakaszokon kell eljutni, ahol a nagyobb j\u00e1rm\u0171vek nem tudn\u00e1nak gyorsan haladni. Richie Porte 2017-es Chamb\u00e9ry el\u0151tti es\u00e9se megmutatta, milyen szoros kapcsolatban \u00e1llnak az ASO orvosai a franciaorsz\u00e1gi l\u00e9giment\u0151 szolg\u00e1lattal.<\/p>\n<h2>L\u00e9tfontoss\u00e1g\u00fa seg\u00edts\u00e9gny\u00fajt\u00e1s<\/h2>\n<p>Paul-Henri olyan nyugodt hangon besz\u00e9lt, mintha legal\u00e1bbis egy Mavic neutr\u00e1l aut\u00f3ban \u00fclne. De a val\u00f3s\u00e1g kij\u00f3zan\u00edt\u00f3 \u2013 Paul-Henri volt az ell\u00e1t\u00f3 orvos Michael Goolaert n\u00e9h\u00e1ny h\u00f3nnappal ezel\u0151tti tragikus hal\u00e1l\u00e1n\u00e1l a Paris-Roubaix-n, \u00edgy pontosan tiszt\u00e1ban van a Tour versenyz\u0151i \u00e1ltal v\u00e1llalt kock\u00e1zatokkal.<\/p>\n<p><a href=\"https:\/\/d2p6e6u75xmxt8.cloudfront.net\/12\/2018\/07\/tour-de-france-orvos-01.jpg\"><img loading=\"lazy\" decoding=\"async\" class=\"size-full wp-image-1212\" src=\"https:\/\/d2p6e6u75xmxt8.cloudfront.net\/12\/2018\/07\/tour-de-france-orvos-01.jpg\" alt=\"tour de france\" width=\"1250\" height=\"833\" srcset=\"https:\/\/d2p6e6u75xmxt8.cloudfront.net\/12\/2018\/07\/tour-de-france-orvos-01.jpg 1250w, https:\/\/d2p6e6u75xmxt8.cloudfront.net\/12\/2018\/07\/tour-de-france-orvos-01-300x200.jpg 300w, https:\/\/d2p6e6u75xmxt8.cloudfront.net\/12\/2018\/07\/tour-de-france-orvos-01-768x512.jpg 768w, https:\/\/d2p6e6u75xmxt8.cloudfront.net\/12\/2018\/07\/tour-de-france-orvos-01-1024x682.jpg 1024w, https:\/\/d2p6e6u75xmxt8.cloudfront.net\/12\/2018\/07\/tour-de-france-orvos-01-272x182.jpg 272w\" sizes=\"auto, (max-width: 1250px) 100vw, 1250px\" \/><\/a><\/p>\n<p style=\"text-align: center;\"><em><span style=\"font-size: 10pt;\">Manuele Mori orvosi ell\u00e1t\u00e1st kap, miut\u00e1n a 2017-es Tour de France negyedik szakasz\u00e1n elesett.<\/span><\/em><\/p>\n<p>Megk\u00e9rdezt\u00fck, hogy az ASO konzult\u00e1l-e a f\u00fcggetlen orvosi csoporttal az \u00fatvonal tervez\u00e9si st\u00e1dium\u00e1ban. \u201eA Tour de France indul\u00e1sa el\u0151tt m\u00e1r be vagyunk vonva. R\u00e9szt vesz\u00fcnk a kritikus szakaszokkal kapcsolatos d\u00f6nt\u00e9sekben. Eg\u00e9sz \u00e9vben egy\u00fcttm\u0171k\u00f6d\u00fcnk [az ASO-val] \u00e9s nagyon j\u00f3l ismerj\u00fck egym\u00e1st.\u201d Arra a k\u00e9rd\u00e9sre, hogy van-e olyan szakasz, ami miatt Paul-Henri agg\u00f3dik, \u00edgy felelt: \u201eNem, nincs ilyen \u2026\u201d \u00e9s azonnal beugrik Dr. Pommerie megjegyz\u00e9se, miszerint mindig meglep\u0151dik a mez\u0151ny \u201ef\u00e1jdalomt\u0171r\u0151-k\u00e9pess\u00e9g\u00e9n&#8230; elsz\u00e1nts\u00e1gukon, valamint kedvess\u00e9g\u00fck\u00f6n\u2026\u201d<\/p>\n<h2>A Tour de France alatt a versenyz\u0151k eg\u00e9szs\u00e9ge a legfontosabb<\/h2>\n<p>R\u00e1k\u00e9rdezt\u00fcnk, hogy milyen Paul-Henri kapcsolata a csapatokkal, amire azt v\u00e1laszolta, hogy \u201e\u2026 nagyon j\u00f3, hiszen egy\u00fctt dolgozunk azon, hogy a versenyz\u0151kb\u0151l a legjobbat hozzuk ki \u2013 a UCI-jal \u00e9s a doppingellen\u0151rz\u0151 csoporttal is olajozott az egy\u00fcttm\u0171k\u00f6d\u00e9s\u00fcnk. De mi a s\u00e9r\u00fcl\u00e9sek ell\u00e1t\u00e1s\u00e1\u00e9rt vagyunk itt, ahogy a francia mondja: \u2018complimenter\u2019.\u201d<\/p>\n<p>\u201e\u00c1tmegy\u00fcnk besz\u00e9lgetni az orvosokkal, ha probl\u00e9ma mer\u00fcl fel a versenyz\u0151kn\u00e9l, az orvosi teamek rendelkez\u00e9s\u00e9re \u00e1llunk. De szerencs\u00e9re nem s\u0171r\u0171n kell k\u00f3rh\u00e1zba menni\u00fck.\u201d<\/p>\n<p>K\u00edv\u00e1ncsi vagy, mit eszik egy TDF versenyz\u0151? <a href=\"https:\/\/www.welovecycling.com\/hu\/tour-de-france\/mit-esznek-a-tour-de-france-versenyzoi\/\">Katt ide<\/a>, \u00e9s m\u00e1ris kider\u00fcl!<\/p>\n","protected":false},"excerpt":{"rendered":"<p>Dr. Jost Paul-Henrit a Dauphin\u00e9 6. szakasz\u00e1n siker\u00fclt elcs\u00edpn\u00fcnk. \u201eJ\u00f3 napot z\u00e1rtunk\u201d \u2013 mondta, felt\u00e9telezhet\u0151en az\u00e9rt, mert nem t\u00f6rt\u00e9nt es\u00e9s. [&hellip;]<\/p>\n","protected":false},"author":71,"featured_media":1213,"comment_status":"open","ping_status":"open","sticky":false,"template":"","format":"standard","meta":{"footnotes":""},"categories":[96],"tags":[28,27,87,82,88,101,79,93],"global-categories":[],"class_list":["post-1210","post","type-post","status-publish","format-standard","has-post-thumbnail","hentry","category-tour-de-france","tag-kerekpar-blog","tag-kerekpar-magazin","tag-kerekpar-verseny","tag-orszaguti-kerekpar","tag-tdf","tag-tdf2018","tag-tour-de-france","tag-tour-de-france-2018"],"yoast_head":"<!-- This site is optimized with the Yoast SEO Premium plugin v25.3 (Yoast SEO v25.9) - https:\/\/yoast.com\/wordpress\/plugins\/seo\/ -->\n<title>A Tour de France orvos\u00e1nak egy napja - \u0160koda We Love Cycling - Magyarorsz\u00e1g<\/title>\n<meta name=\"description\" content=\"Milyen a Tour de France orvos\u00e1nak egy teljesen \u00e1tlagos napja? Kattints, \u00e9s m\u00e1ris megtudod, milyen kih\u00edv\u00e1sokkal tal\u00e1lkozik a verseny alatt.\" \/>\n<meta name=\"robots\" content=\"index, follow, max-snippet:-1, max-image-preview:large, max-video-preview:-1\" \/>\n<link rel=\"canonical\" href=\"https:\/\/www.welovecycling.com\/hu\/tour-de-france\/a-tour-de-france-orvosanak-egy-napja\/\" \/>\n<meta property=\"og:locale\" content=\"hu_HU\" \/>\n<meta property=\"og:type\" content=\"article\" \/>\n<meta property=\"og:title\" content=\"A Tour de France orvos\u00e1nak egy napja\" \/>\n<meta property=\"og:description\" content=\"Milyen a Tour de France orvos\u00e1nak egy teljesen \u00e1tlagos napja? Kattints, \u00e9s m\u00e1ris megtudod, milyen kih\u00edv\u00e1sokkal tal\u00e1lkozik a verseny alatt.\" \/>\n<meta property=\"og:url\" content=\"https:\/\/www.welovecycling.com\/hu\/tour-de-france\/a-tour-de-france-orvosanak-egy-napja\/\" \/>\n<meta property=\"og:site_name\" content=\"\u0160koda We Love Cycling - Magyarorsz\u00e1g\" \/>\n<meta property=\"article:publisher\" content=\"https:\/\/www.facebook.com\/WeLoveCyclingHungary\/\" \/>\n<meta property=\"article:published_time\" content=\"2018-07-24T10:28:15+00:00\" \/>\n<meta property=\"article:modified_time\" content=\"2018-07-24T10:31:58+00:00\" \/>\n<meta property=\"og:image\" content=\"https:\/\/d2p6e6u75xmxt8.cloudfront.net\/12\/2018\/07\/tour-de-france-orvos-cover.jpg\" \/>\n\t<meta property=\"og:image:width\" content=\"1366\" \/>\n\t<meta property=\"og:image:height\" content=\"600\" \/>\n\t<meta property=\"og:image:type\" content=\"image\/jpeg\" \/>\n<meta name=\"author\" content=\"hegyizs\" \/>\n<meta name=\"twitter:card\" content=\"summary_large_image\" \/>\n<meta name=\"twitter:label1\" content=\"Written by\" \/>\n\t<meta name=\"twitter:data1\" content=\"hegyizs\" \/>\n\t<meta name=\"twitter:label2\" content=\"Est. reading time\" \/>\n\t<meta name=\"twitter:data2\" content=\"4 minutes\" \/>\n<script type=\"application\/ld+json\" class=\"yoast-schema-graph\">{\"@context\":\"https:\/\/schema.org\",\"@graph\":[{\"@type\":\"WebPage\",\"@id\":\"https:\/\/www.welovecycling.com\/hu\/tour-de-france\/a-tour-de-france-orvosanak-egy-napja\/\",\"url\":\"https:\/\/www.welovecycling.com\/hu\/tour-de-france\/a-tour-de-france-orvosanak-egy-napja\/\",\"name\":\"A Tour de France orvos\u00e1nak egy napja - \u0160koda We Love Cycling - Magyarorsz\u00e1g\",\"isPartOf\":{\"@id\":\"https:\/\/www.welovecycling.com\/hu\/#website\"},\"primaryImageOfPage\":{\"@id\":\"https:\/\/www.welovecycling.com\/hu\/tour-de-france\/a-tour-de-france-orvosanak-egy-napja\/#primaryimage\"},\"image\":{\"@id\":\"https:\/\/www.welovecycling.com\/hu\/tour-de-france\/a-tour-de-france-orvosanak-egy-napja\/#primaryimage\"},\"thumbnailUrl\":\"https:\/\/d2p6e6u75xmxt8.cloudfront.net\/12\/2018\/07\/tour-de-france-orvos-cover.jpg\",\"datePublished\":\"2018-07-24T10:28:15+00:00\",\"dateModified\":\"2018-07-24T10:31:58+00:00\",\"author\":{\"@id\":\"https:\/\/www.welovecycling.com\/hu\/#\/schema\/person\/414a2aebf1801691a5320edb6468e194\"},\"description\":\"Milyen a Tour de France orvos\u00e1nak egy teljesen \u00e1tlagos napja? Kattints, \u00e9s m\u00e1ris megtudod, milyen kih\u00edv\u00e1sokkal tal\u00e1lkozik a verseny alatt.\",\"breadcrumb\":{\"@id\":\"https:\/\/www.welovecycling.com\/hu\/tour-de-france\/a-tour-de-france-orvosanak-egy-napja\/#breadcrumb\"},\"inLanguage\":\"hu\",\"potentialAction\":[{\"@type\":\"ReadAction\",\"target\":[\"https:\/\/www.welovecycling.com\/hu\/tour-de-france\/a-tour-de-france-orvosanak-egy-napja\/\"]}]},{\"@type\":\"ImageObject\",\"inLanguage\":\"hu\",\"@id\":\"https:\/\/www.welovecycling.com\/hu\/tour-de-france\/a-tour-de-france-orvosanak-egy-napja\/#primaryimage\",\"url\":\"https:\/\/d2p6e6u75xmxt8.cloudfront.net\/12\/2018\/07\/tour-de-france-orvos-cover.jpg\",\"contentUrl\":\"https:\/\/d2p6e6u75xmxt8.cloudfront.net\/12\/2018\/07\/tour-de-france-orvos-cover.jpg\",\"width\":1366,\"height\":600},{\"@type\":\"BreadcrumbList\",\"@id\":\"https:\/\/www.welovecycling.com\/hu\/tour-de-france\/a-tour-de-france-orvosanak-egy-napja\/#breadcrumb\",\"itemListElement\":[{\"@type\":\"ListItem\",\"position\":1,\"name\":\"Home\",\"item\":\"https:\/\/www.welovecycling.com\/hu\/\"},{\"@type\":\"ListItem\",\"position\":2,\"name\":\"A Tour de France orvos\u00e1nak egy napja\"}]},{\"@type\":\"WebSite\",\"@id\":\"https:\/\/www.welovecycling.com\/hu\/#website\",\"url\":\"https:\/\/www.welovecycling.com\/hu\/\",\"name\":\"\u0160koda We Love Cycling - Magyarorsz\u00e1g\",\"description\":\"\u0160koda WeLoveCycling\",\"potentialAction\":[{\"@type\":\"SearchAction\",\"target\":{\"@type\":\"EntryPoint\",\"urlTemplate\":\"https:\/\/www.welovecycling.com\/hu\/?s={search_term_string}\"},\"query-input\":{\"@type\":\"PropertyValueSpecification\",\"valueRequired\":true,\"valueName\":\"search_term_string\"}}],\"inLanguage\":\"hu\"},{\"@type\":\"Person\",\"@id\":\"https:\/\/www.welovecycling.com\/hu\/#\/schema\/person\/414a2aebf1801691a5320edb6468e194\",\"name\":\"hegyizs\",\"image\":{\"@type\":\"ImageObject\",\"inLanguage\":\"hu\",\"@id\":\"https:\/\/www.welovecycling.com\/hu\/#\/schema\/person\/image\/\",\"url\":\"https:\/\/secure.gravatar.com\/avatar\/02cf8a7906b8cf90cecb4679defac7cfd33a1c2e3b88e4903d947f3bb58eedd3?s=96&d=mm&r=g\",\"contentUrl\":\"https:\/\/secure.gravatar.com\/avatar\/02cf8a7906b8cf90cecb4679defac7cfd33a1c2e3b88e4903d947f3bb58eedd3?s=96&d=mm&r=g\",\"caption\":\"hegyizs\"},\"url\":\"https:\/\/www.welovecycling.com\/hu\/author\/hegyizs\/\"}]}<\/script>\n<!-- \/ Yoast SEO Premium plugin. -->","yoast_head_json":{"title":"A Tour de France orvos\u00e1nak egy napja - \u0160koda We Love Cycling - Magyarorsz\u00e1g","description":"Milyen a Tour de France orvos\u00e1nak egy teljesen \u00e1tlagos napja? Kattints, \u00e9s m\u00e1ris megtudod, milyen kih\u00edv\u00e1sokkal tal\u00e1lkozik a verseny alatt.","robots":{"index":"index","follow":"follow","max-snippet":"max-snippet:-1","max-image-preview":"max-image-preview:large","max-video-preview":"max-video-preview:-1"},"canonical":"https:\/\/www.welovecycling.com\/hu\/tour-de-france\/a-tour-de-france-orvosanak-egy-napja\/","og_locale":"hu_HU","og_type":"article","og_title":"A Tour de France orvos\u00e1nak egy napja","og_description":"Milyen a Tour de France orvos\u00e1nak egy teljesen \u00e1tlagos napja? Kattints, \u00e9s m\u00e1ris megtudod, milyen kih\u00edv\u00e1sokkal tal\u00e1lkozik a verseny alatt.","og_url":"https:\/\/www.welovecycling.com\/hu\/tour-de-france\/a-tour-de-france-orvosanak-egy-napja\/","og_site_name":"\u0160koda We Love Cycling - Magyarorsz\u00e1g","article_publisher":"https:\/\/www.facebook.com\/WeLoveCyclingHungary\/","article_published_time":"2018-07-24T10:28:15+00:00","article_modified_time":"2018-07-24T10:31:58+00:00","og_image":[{"width":1366,"height":600,"url":"https:\/\/d2p6e6u75xmxt8.cloudfront.net\/12\/2018\/07\/tour-de-france-orvos-cover.jpg","type":"image\/jpeg"}],"author":"hegyizs","twitter_card":"summary_large_image","twitter_misc":{"Written by":"hegyizs","Est. reading time":"4 minutes"},"schema":{"@context":"https:\/\/schema.org","@graph":[{"@type":"WebPage","@id":"https:\/\/www.welovecycling.com\/hu\/tour-de-france\/a-tour-de-france-orvosanak-egy-napja\/","url":"https:\/\/www.welovecycling.com\/hu\/tour-de-france\/a-tour-de-france-orvosanak-egy-napja\/","name":"A Tour de France orvos\u00e1nak egy napja - \u0160koda We Love Cycling - Magyarorsz\u00e1g","isPartOf":{"@id":"https:\/\/www.welovecycling.com\/hu\/#website"},"primaryImageOfPage":{"@id":"https:\/\/www.welovecycling.com\/hu\/tour-de-france\/a-tour-de-france-orvosanak-egy-napja\/#primaryimage"},"image":{"@id":"https:\/\/www.welovecycling.com\/hu\/tour-de-france\/a-tour-de-france-orvosanak-egy-napja\/#primaryimage"},"thumbnailUrl":"https:\/\/d2p6e6u75xmxt8.cloudfront.net\/12\/2018\/07\/tour-de-france-orvos-cover.jpg","datePublished":"2018-07-24T10:28:15+00:00","dateModified":"2018-07-24T10:31:58+00:00","author":{"@id":"https:\/\/www.welovecycling.com\/hu\/#\/schema\/person\/414a2aebf1801691a5320edb6468e194"},"description":"Milyen a Tour de France orvos\u00e1nak egy teljesen \u00e1tlagos napja? Kattints, \u00e9s m\u00e1ris megtudod, milyen kih\u00edv\u00e1sokkal tal\u00e1lkozik a verseny alatt.","breadcrumb":{"@id":"https:\/\/www.welovecycling.com\/hu\/tour-de-france\/a-tour-de-france-orvosanak-egy-napja\/#breadcrumb"},"inLanguage":"hu","potentialAction":[{"@type":"ReadAction","target":["https:\/\/www.welovecycling.com\/hu\/tour-de-france\/a-tour-de-france-orvosanak-egy-napja\/"]}]},{"@type":"ImageObject","inLanguage":"hu","@id":"https:\/\/www.welovecycling.com\/hu\/tour-de-france\/a-tour-de-france-orvosanak-egy-napja\/#primaryimage","url":"https:\/\/d2p6e6u75xmxt8.cloudfront.net\/12\/2018\/07\/tour-de-france-orvos-cover.jpg","contentUrl":"https:\/\/d2p6e6u75xmxt8.cloudfront.net\/12\/2018\/07\/tour-de-france-orvos-cover.jpg","width":1366,"height":600},{"@type":"BreadcrumbList","@id":"https:\/\/www.welovecycling.com\/hu\/tour-de-france\/a-tour-de-france-orvosanak-egy-napja\/#breadcrumb","itemListElement":[{"@type":"ListItem","position":1,"name":"Home","item":"https:\/\/www.welovecycling.com\/hu\/"},{"@type":"ListItem","position":2,"name":"A Tour de France orvos\u00e1nak egy napja"}]},{"@type":"WebSite","@id":"https:\/\/www.welovecycling.com\/hu\/#website","url":"https:\/\/www.welovecycling.com\/hu\/","name":"\u0160koda We Love Cycling - Magyarorsz\u00e1g","description":"\u0160koda WeLoveCycling","potentialAction":[{"@type":"SearchAction","target":{"@type":"EntryPoint","urlTemplate":"https:\/\/www.welovecycling.com\/hu\/?s={search_term_string}"},"query-input":{"@type":"PropertyValueSpecification","valueRequired":true,"valueName":"search_term_string"}}],"inLanguage":"hu"},{"@type":"Person","@id":"https:\/\/www.welovecycling.com\/hu\/#\/schema\/person\/414a2aebf1801691a5320edb6468e194","name":"hegyizs","image":{"@type":"ImageObject","inLanguage":"hu","@id":"https:\/\/www.welovecycling.com\/hu\/#\/schema\/person\/image\/","url":"https:\/\/secure.gravatar.com\/avatar\/02cf8a7906b8cf90cecb4679defac7cfd33a1c2e3b88e4903d947f3bb58eedd3?s=96&d=mm&r=g","contentUrl":"https:\/\/secure.gravatar.com\/avatar\/02cf8a7906b8cf90cecb4679defac7cfd33a1c2e3b88e4903d947f3bb58eedd3?s=96&d=mm&r=g","caption":"hegyizs"},"url":"https:\/\/www.welovecycling.com\/hu\/author\/hegyizs\/"}]}},"_links":{"self":[{"href":"https:\/\/www.welovecycling.com\/hu\/wp-json\/wp\/v2\/posts\/1210","targetHints":{"allow":["GET"]}}],"collection":[{"href":"https:\/\/www.welovecycling.com\/hu\/wp-json\/wp\/v2\/posts"}],"about":[{"href":"https:\/\/www.welovecycling.com\/hu\/wp-json\/wp\/v2\/types\/post"}],"author":[{"embeddable":true,"href":"https:\/\/www.welovecycling.com\/hu\/wp-json\/wp\/v2\/users\/71"}],"replies":[{"embeddable":true,"href":"https:\/\/www.welovecycling.com\/hu\/wp-json\/wp\/v2\/comments?post=1210"}],"version-history":[{"count":1,"href":"https:\/\/www.welovecycling.com\/hu\/wp-json\/wp\/v2\/posts\/1210\/revisions"}],"predecessor-version":[{"id":1214,"href":"https:\/\/www.welovecycling.com\/hu\/wp-json\/wp\/v2\/posts\/1210\/revisions\/1214"}],"wp:featuredmedia":[{"embeddable":true,"href":"https:\/\/www.welovecycling.com\/hu\/wp-json\/wp\/v2\/media\/1213"}],"wp:attachment":[{"href":"https:\/\/www.welovecycling.com\/hu\/wp-json\/wp\/v2\/media?parent=1210"}],"wp:term":[{"taxonomy":"category","embeddable":true,"href":"https:\/\/www.welovecycling.com\/hu\/wp-json\/wp\/v2\/categories?post=1210"},{"taxonomy":"post_tag","embeddable":true,"href":"https:\/\/www.welovecycling.com\/hu\/wp-json\/wp\/v2\/tags?post=1210"},{"taxonomy":"global-categories","embeddable":true,"href":"https:\/\/www.welovecycling.com\/hu\/wp-json\/wp\/v2\/global-categories?post=1210"}],"curies":[{"name":"wp","href":"https:\/\/api.w.org\/{rel}","templated":true}]}}