{"id":12093,"date":"2021-08-02T08:00:12","date_gmt":"2021-08-02T06:00:12","guid":{"rendered":"https:\/\/www.welovecycling.com\/hu\/?p=12093"},"modified":"2021-07-30T15:00:30","modified_gmt":"2021-07-30T13:00:30","slug":"big-bubba-a-fajdalom-ellenere-is-folytatja-a-biciklizest","status":"publish","type":"post","link":"https:\/\/www.welovecycling.com\/hu\/kozosseg-es-kultura\/big-bubba-a-fajdalom-ellenere-is-folytatja-a-biciklizest\/","title":{"rendered":"\u201eBig Bubba\u201d a f\u00e1jdalom ellen\u00e9re is folytatja a bicikliz\u00e9st"},"content":{"rendered":"<p><strong>Annak ellen\u00e9re, hogy csak 135 cm magas, a cseh Jakub Ouvin-ra nem v\u00e9letlen\u00fcl ragasztott\u00e1k r\u00e1 bar\u00e1tai a \u201eNagy Bubba\u201d becenevet. A magass\u00e1g\u00e1b\u00f3l ad\u00f3d\u00f3 h\u00e1tr\u00e1ny \u00e9s f\u00e1jdalom nem akad\u00e1lyozza meg abban, hogy nyeregbe \u00fclj\u00f6n, s\u0151t, soha meg sem fordult a fej\u00e9ben, hogy abbahagyja a bicikliz\u00e9st. A mountain bike-oz\u00e1s seg\u00edtett neki \u00e9lete legnehezebb pillanataiban. Interj\u00fankban Jakub besz\u00e9l az orvosokkal folytatott harc\u00e1r\u00f3l, mely a cs\u00edp\u0151prot\u00e9zis m\u0171t\u00e9t lehet\u0151s\u00e9ge \u00e9s a ker\u00e9kp\u00e1roz\u00e1s miatt folyik. Sz\u00e1m\u00e1ra egyik sem k\u00e9rd\u00e9s.<\/strong><\/p>\n<p><!--more--><\/p>\n<p><strong>Sokat szenvedsz teker\u00e9s k\u00f6zben, m\u00e9gsem adod fel. Hogy van most a cs\u00edp\u0151d?<\/strong><\/p>\n<p>Az orvosom nemr\u00e9g k\u00f6z\u00f6lte velem, hogy a cs\u00edp\u0151m menthetetlen. Az egyetlen lehets\u00e9ges kezel\u00e9s a teljes prot\u00e9zis lenne. A gy\u00f3gytorn\u00e1szom viszont ragaszkodik ahhoz, hogy egy\u00fctt \u00e9ljek a saj\u00e1t cs\u00edp\u0151\u00edz\u00fcleteimmel, \u00e9s \u00e1poljam, gondozzam a testem. Elhat\u00e1roztam, hogy nem v\u00e1llalom a m\u0171t\u00e9tet, eg\u00e9szen addig, ameddig nem kelt fel a f\u00e1jdalom az \u00e9jszaka k\u00f6zep\u00e9n. Az \u00faj e-MTB nagyon sokat seg\u00edt nyeregben maradni. Hosszabb utakat meg tudok vele tenni, csatlakozhatok bring\u00e1s csoportokhoz \u00e9s sokkal jobb form\u00e1ban vagyok most, mint valaha.<\/p>\n<figure id=\"attachment_12094\" aria-describedby=\"caption-attachment-12094\" style=\"width: 1024px\" class=\"wp-caption alignnone\"><a href=\"https:\/\/d2p6e6u75xmxt8.cloudfront.net\/2\/2021\/07\/Big-Buba-1.jpg\"><img loading=\"lazy\" decoding=\"async\" class=\"wp-image-12094 size-large\" src=\"https:\/\/d2p6e6u75xmxt8.cloudfront.net\/12\/2021\/07\/Big-Buba-1-1024x682.jpg\" alt=\"Big Buba\" width=\"1024\" height=\"682\" srcset=\"https:\/\/d2p6e6u75xmxt8.cloudfront.net\/12\/2021\/07\/Big-Buba-1-1024x682.jpg 1024w, https:\/\/d2p6e6u75xmxt8.cloudfront.net\/12\/2021\/07\/Big-Buba-1-300x200.jpg 300w, https:\/\/d2p6e6u75xmxt8.cloudfront.net\/12\/2021\/07\/Big-Buba-1-768x512.jpg 768w, https:\/\/d2p6e6u75xmxt8.cloudfront.net\/12\/2021\/07\/Big-Buba-1-272x182.jpg 272w, https:\/\/d2p6e6u75xmxt8.cloudfront.net\/12\/2021\/07\/Big-Buba-1.jpg 1037w\" sizes=\"auto, (max-width: 1024px) 100vw, 1024px\" \/><\/a><figcaption id=\"caption-attachment-12094\" class=\"wp-caption-text\">\u00a9 Adam Mar\u0161\u00e1l<\/figcaption><\/figure>\n<p><strong>Neh\u00e9z megtal\u00e1lni azokat a ker\u00e9kp\u00e1rokat, amik passzolnak hozz\u00e1d?<\/strong><\/p>\n<p>A ker\u00e9kp\u00e1rtervez\u00e9s hihetetlen fejl\u0151d\u00e9sen ment kereszt\u00fcl az elm\u00falt \u00e9vekben. A megfelel\u0151 ker\u00e9kp\u00e1r megtal\u00e1l\u00e1sa ma sokkal k\u00f6nnyebb, mint kor\u00e1bban. Figyelembe v\u00e9ve a magass\u00e1gomat, olyan gyerekker\u00e9kp\u00e1rt kell v\u00e1lasztanom, amely rendelkezik minden lehets\u00e9ges technikai el\u0151nnyel, ami a feln\u0151tteknek kell, p\u00e9ld\u00e1ul hidraulikus t\u00e1rcsaf\u00e9kekkel \u00e9s sebess\u00e9gv\u00e1lt\u00f3val. Szerencs\u00e9mre a jelenlegi gyerekker\u00e9kp\u00e1rok a feln\u0151tteknek sz\u00e1nt bring\u00e1k kicsiny\u00edtett m\u00e1sai, \u00edgy minden van benn\u00fck, amire sz\u00fcks\u00e9gem lehet.<\/p>\n<p><strong>Mi volt a helyzet az els\u0151 bicikliddel?<\/strong><\/p>\n<p>Akkoriban nem volt m\u00e1s v\u00e1laszt\u00e1som, mint null\u00e1r\u00f3l fel\u00e9p\u00edteni a saj\u00e1t biciklim. Sokszor megpr\u00f3b\u00e1ltam \u00f6sszerakni egy olyan bring\u00e1t, ami passzol a testm\u00e9retemhez. De pr\u00f3b\u00e1ltam p\u00e9ld\u00e1ul \u00f6szv\u00e9r ker\u00e9kp\u00e1rt is, aminek az els\u0151 kereke nagyobb, mint a h\u00e1ts\u00f3. Egy m\u00e1sik k\u00eds\u00e9rlet egy BMX v\u00e1z volt, MTB vill\u00e1val \u00e9s 26\u201d-os ker\u00e9kkel felszerelve. R\u00e9gebben mindegyik bring\u00e1m hardtail volt, sz\u00f3val nem voltak t\u00fal k\u00e9nyelmesek a downhill p\u00e1ly\u00e1kon. Az els\u0151 igazi DH biciklimet egy bar\u00e1tom, Bolek Krutor k\u00e9sz\u00edtette, az \u00e1ltala kifejlesztett karbonsz\u00e1las technol\u00f3gi\u00e1val. 16 \u00e9ven \u00e1t haszn\u00e1ltam, t\u00f6k\u00e9letes volt!<\/p>\n<figure id=\"attachment_12095\" aria-describedby=\"caption-attachment-12095\" style=\"width: 1024px\" class=\"wp-caption alignnone\"><a href=\"https:\/\/d2p6e6u75xmxt8.cloudfront.net\/2\/2021\/07\/Big-Buba-2.jpg\"><img loading=\"lazy\" decoding=\"async\" class=\"wp-image-12095 size-large\" src=\"https:\/\/d2p6e6u75xmxt8.cloudfront.net\/12\/2021\/07\/Big-Buba-2-1024x682.jpg\" alt=\"Big Buba\" width=\"1024\" height=\"682\" srcset=\"https:\/\/d2p6e6u75xmxt8.cloudfront.net\/12\/2021\/07\/Big-Buba-2-1024x682.jpg 1024w, https:\/\/d2p6e6u75xmxt8.cloudfront.net\/12\/2021\/07\/Big-Buba-2-300x200.jpg 300w, https:\/\/d2p6e6u75xmxt8.cloudfront.net\/12\/2021\/07\/Big-Buba-2-768x512.jpg 768w, https:\/\/d2p6e6u75xmxt8.cloudfront.net\/12\/2021\/07\/Big-Buba-2-272x182.jpg 272w, https:\/\/d2p6e6u75xmxt8.cloudfront.net\/12\/2021\/07\/Big-Buba-2.jpg 1037w\" sizes=\"auto, (max-width: 1024px) 100vw, 1024px\" \/><\/a><figcaption id=\"caption-attachment-12095\" class=\"wp-caption-text\">\u00a9 Adam Mar\u0161\u00e1l<\/figcaption><\/figure>\n<p><strong>Most milyen ker\u00e9kp\u00e1rt haszn\u00e1lsz?<\/strong><\/p>\n<p>Egy E-bike Mondraker F-Play 24-et, amit egyenes Spanyolorsz\u00e1gb\u00f3l kaptam. Jelent\u0151sen megv\u00e1ltozott mostanra a st\u00edlusom, kezdetben f\u00e9ltem az akkumul\u00e1tor s\u00faly\u00e1t\u00f3l, \u00e9s nem voltak j\u00f3 tapasztalataim az XC bring\u00e1kkal. T\u00f6bb hetes tesztel\u00e9s ut\u00e1n azonban haboz\u00e1s n\u00e9lk\u00fcl kijelenthetem, hogy az F-Play az eddigi legjobb ker\u00e9kp\u00e1rom.<\/p>\n<p><strong>Mi\u00e9rt kezdt\u00e9l el mountain bike-ozni?<\/strong><\/p>\n<p>Nemr\u00e9g sokkoltam magam azzal, hogy kisz\u00e1moltam: m\u00e1r majdnem 20 \u00e9ve bring\u00e1zom! Az els\u0151 biciklim egy 20\u201d-es freestlye BMX volt, neh\u00e9z ac\u00e9l v\u00e1zzal. A Dave Mirra Pro Freestyle BMX nev\u0171 Playstation j\u00e1t\u00e9k miatt kezdtem el ker\u00e9kp\u00e1rozni, anno sokat j\u00e1tszottam ezzel a j\u00e1t\u00e9kkal. Az orvosom nem javasolta, hogy nyeregbe \u00fcljek, m\u00e9g \u00fagysem, hogy nem is gondolta, hogy a bicikliz\u00e9s melyik form\u00e1j\u00e1t v\u00e1lasztom. Ha l\u00e1tta volna az akkori vide\u00f3imat, biztosan sz\u00edvrohamot kap, hiszen tele voltak \u0151r\u00fclt mutatv\u00e1nyokkal \u00e9s es\u00e9sekkel! Miut\u00e1n kider\u00fclt, hogy a freestyle BMX nem az \u00e9n sportom, montira v\u00e1ltottam. De m\u00e9g mindig h\u00e1l\u00e1s vagyok Dave Mirr\u00e1nak, aki bevont a bicikliz\u00e9s vil\u00e1g\u00e1ba.<\/p>\n<figure id=\"attachment_12096\" aria-describedby=\"caption-attachment-12096\" style=\"width: 1024px\" class=\"wp-caption alignnone\"><a href=\"https:\/\/d2p6e6u75xmxt8.cloudfront.net\/2\/2021\/07\/Big-Buba-4.jpg\"><img loading=\"lazy\" decoding=\"async\" class=\"wp-image-12096 size-large\" src=\"https:\/\/d2p6e6u75xmxt8.cloudfront.net\/12\/2021\/07\/Big-Buba-4-1024x682.jpg\" alt=\"Big Buba \" width=\"1024\" height=\"682\" srcset=\"https:\/\/d2p6e6u75xmxt8.cloudfront.net\/12\/2021\/07\/Big-Buba-4-1024x682.jpg 1024w, https:\/\/d2p6e6u75xmxt8.cloudfront.net\/12\/2021\/07\/Big-Buba-4-300x200.jpg 300w, https:\/\/d2p6e6u75xmxt8.cloudfront.net\/12\/2021\/07\/Big-Buba-4-768x512.jpg 768w, https:\/\/d2p6e6u75xmxt8.cloudfront.net\/12\/2021\/07\/Big-Buba-4-272x182.jpg 272w, https:\/\/d2p6e6u75xmxt8.cloudfront.net\/12\/2021\/07\/Big-Buba-4.jpg 1037w\" sizes=\"auto, (max-width: 1024px) 100vw, 1024px\" \/><\/a><figcaption id=\"caption-attachment-12096\" class=\"wp-caption-text\">\u00a9 Adam Mar\u0161\u00e1l<\/figcaption><\/figure>\n<p><strong>Milyen volt \u00e9leted els\u0151 \u00fatja?<\/strong><\/p>\n<p>\u00dagy eml\u00e9kszem r\u00e1, mintha csak tegnap lett volna. A csehorsz\u00e1gi Sn\u011b\u017en\u00edk-torony melletti \u00f6sv\u00e9nyen indultam el, onnan gurultam le a v\u00f6lgybe. Mindenf\u00e9le kor\u00e1bbi edz\u00e9s hi\u00e1ny\u00e1ban, nagy er\u0151fesz\u00edt\u00e9st ig\u00e9nyelt \u00e9s k\u00e9t napra ki is f\u00e1rasztott! Az \u00f6sv\u00e9ny n\u00e9h\u00e1ny szakasza olyan megterhel\u0151 volt, hogy m\u00e9g \u00e1lmomban is k\u00eds\u00e9rtett.<\/p>\n<p><strong>A legjobb ker\u00e9kp\u00e1ros \u00e9lm\u00e9nyed?<\/strong><\/p>\n<p>Egyszer r\u00e9szt vettem egy akci\u00f3ban: egy bev\u00e1s\u00e1rl\u00f3k\u00f6zpontban ki\u00e9p\u00edtett p\u00e1ly\u00e1n kellett lejutni a legmagasabb szintr\u0151l a f\u00f6ldszintre. Ez hatalmas ugr\u00e1sokat jelentett! Emellett minden olyan \u00e9lm\u00e9ny, amit a bar\u00e1taimmal, j\u00f3 id\u0151ben, t\u00e1bort\u0171z mellett t\u00f6lt\u00f6ttem, csod\u00e1latos volt.<\/p>\n<figure id=\"attachment_12097\" aria-describedby=\"caption-attachment-12097\" style=\"width: 1024px\" class=\"wp-caption alignnone\"><a href=\"https:\/\/d2p6e6u75xmxt8.cloudfront.net\/2\/2021\/07\/Big-Buba-3.jpg\"><img loading=\"lazy\" decoding=\"async\" class=\"wp-image-12097 size-large\" src=\"https:\/\/d2p6e6u75xmxt8.cloudfront.net\/12\/2021\/07\/Big-Buba-3-1024x682.jpg\" alt=\"Big Buba\" width=\"1024\" height=\"682\" srcset=\"https:\/\/d2p6e6u75xmxt8.cloudfront.net\/12\/2021\/07\/Big-Buba-3-1024x682.jpg 1024w, https:\/\/d2p6e6u75xmxt8.cloudfront.net\/12\/2021\/07\/Big-Buba-3-300x200.jpg 300w, https:\/\/d2p6e6u75xmxt8.cloudfront.net\/12\/2021\/07\/Big-Buba-3-768x512.jpg 768w, https:\/\/d2p6e6u75xmxt8.cloudfront.net\/12\/2021\/07\/Big-Buba-3-272x182.jpg 272w, https:\/\/d2p6e6u75xmxt8.cloudfront.net\/12\/2021\/07\/Big-Buba-3.jpg 1037w\" sizes=\"auto, (max-width: 1024px) 100vw, 1024px\" \/><\/a><figcaption id=\"caption-attachment-12097\" class=\"wp-caption-text\">\u00a9 Adam Mar\u0161\u00e1l<\/figcaption><\/figure>\n<p><strong>Mi a legnehezebb a teker\u00e9sben?<\/strong><\/p>\n<p>A f\u00e1jdalmaim miatt k\u00e9tszer is meggondolom, hogy fel\u00fcl\u00f6k-e a nyeregbe, hogy megtegyek-e egy k\u00f6rt. S\u0151t, az is el\u0151fordul, hogy musz\u00e1j f\u00e9lbehagynom az utat. Hogy fitt maradjak, sok id\u0151t kell elt\u00f6ltenem a gy\u00f3gytorn\u00e1szomn\u00e1l. Ami m\u00e9g neh\u00e9z, id\u0151t tal\u00e1lni a ker\u00e9kp\u00e1roz\u00e1sra, \u00edgy, 32 \u00e9vesen.<\/p>\n<p><strong>Milyen c\u00e9ljaid vannak a j\u00f6v\u0151re n\u00e9zve?<\/strong><\/p>\n<p>Az a c\u00e9lom, hogy kitartsak, \u00e9s folytassam a mozg\u00e1st, hogy eg\u00e9szs\u00e9ges maradjak \u00e9s elker\u00fcljem a s\u00e9r\u00fcl\u00e9seket. Szeretn\u00e9k tov\u00e1bbra is biciklizni a bar\u00e1taimmal!<\/p>\n","protected":false},"excerpt":{"rendered":"<p>Annak ellen\u00e9re, hogy csak 135 cm magas, a cseh Jakub Ouvin-ra nem v\u00e9letlen\u00fcl ragasztott\u00e1k r\u00e1 bar\u00e1tai a \u201eNagy Bubba\u201d becenevet. [&hellip;]<\/p>\n","protected":false},"author":71,"featured_media":12099,"comment_status":"closed","ping_status":"closed","sticky":false,"template":"","format":"standard","meta":{"footnotes":""},"categories":[12],"tags":[],"global-categories":[],"class_list":["post-12093","post","type-post","status-publish","format-standard","has-post-thumbnail","hentry","category-kozosseg-es-kultura"],"yoast_head":"<!-- This site is optimized with the Yoast SEO Premium plugin v25.3 (Yoast SEO v25.9) - https:\/\/yoast.com\/wordpress\/plugins\/seo\/ -->\n<title>\u201eBig Bubba\u201d a f\u00e1jdalom ellen\u00e9re is folytatja a bicikliz\u00e9st<\/title>\n<meta name=\"description\" content=\"Annak ellen\u00e9re, hogy csak 135 cm magas, a cseh Jakub Ouvin-ra nem v\u00e9letlen\u00fcl ragasztott\u00e1k r\u00e1 bar\u00e1tai a \u201eNagy Bubba\u201d becenevet.\" \/>\n<meta name=\"robots\" content=\"index, follow, max-snippet:-1, max-image-preview:large, max-video-preview:-1\" \/>\n<link rel=\"canonical\" href=\"https:\/\/www.welovecycling.com\/hu\/kozosseg-es-kultura\/big-bubba-a-fajdalom-ellenere-is-folytatja-a-biciklizest\/\" \/>\n<meta property=\"og:locale\" content=\"hu_HU\" \/>\n<meta property=\"og:type\" content=\"article\" \/>\n<meta property=\"og:title\" content=\"\u201eBig Bubba\u201d a f\u00e1jdalom ellen\u00e9re is folytatja a bicikliz\u00e9st\" \/>\n<meta property=\"og:description\" content=\"Annak ellen\u00e9re, hogy csak 135 cm magas, a cseh Jakub Ouvin-ra nem v\u00e9letlen\u00fcl ragasztott\u00e1k r\u00e1 bar\u00e1tai a \u201eNagy Bubba\u201d becenevet.\" \/>\n<meta property=\"og:url\" content=\"https:\/\/www.welovecycling.com\/hu\/kozosseg-es-kultura\/big-bubba-a-fajdalom-ellenere-is-folytatja-a-biciklizest\/\" \/>\n<meta property=\"og:site_name\" content=\"\u0160koda We Love Cycling - Magyarorsz\u00e1g\" \/>\n<meta property=\"article:publisher\" content=\"https:\/\/www.facebook.com\/WeLoveCyclingHungary\/\" \/>\n<meta property=\"article:published_time\" content=\"2021-08-02T06:00:12+00:00\" \/>\n<meta property=\"og:image\" content=\"https:\/\/d2p6e6u75xmxt8.cloudfront.net\/12\/2021\/07\/BIG_BUBA_CVR.jpg\" \/>\n\t<meta property=\"og:image:width\" content=\"1366\" \/>\n\t<meta property=\"og:image:height\" content=\"600\" \/>\n\t<meta property=\"og:image:type\" content=\"image\/jpeg\" \/>\n<meta name=\"author\" content=\"hegyizs\" \/>\n<meta name=\"twitter:card\" content=\"summary_large_image\" \/>\n<meta name=\"twitter:label1\" content=\"Written by\" \/>\n\t<meta name=\"twitter:data1\" content=\"Adam Marsal\" \/>\n\t<meta name=\"twitter:label2\" content=\"Est. reading time\" \/>\n\t<meta name=\"twitter:data2\" content=\"6\" \/>\n<script type=\"application\/ld+json\" class=\"yoast-schema-graph\">{\"@context\":\"https:\/\/schema.org\",\"@graph\":[{\"@type\":\"WebPage\",\"@id\":\"https:\/\/www.welovecycling.com\/hu\/kozosseg-es-kultura\/big-bubba-a-fajdalom-ellenere-is-folytatja-a-biciklizest\/\",\"url\":\"https:\/\/www.welovecycling.com\/hu\/kozosseg-es-kultura\/big-bubba-a-fajdalom-ellenere-is-folytatja-a-biciklizest\/\",\"name\":\"\u201eBig Bubba\u201d a f\u00e1jdalom ellen\u00e9re is folytatja a bicikliz\u00e9st\",\"isPartOf\":{\"@id\":\"https:\/\/www.welovecycling.com\/hu\/#website\"},\"primaryImageOfPage\":{\"@id\":\"https:\/\/www.welovecycling.com\/hu\/kozosseg-es-kultura\/big-bubba-a-fajdalom-ellenere-is-folytatja-a-biciklizest\/#primaryimage\"},\"image\":{\"@id\":\"https:\/\/www.welovecycling.com\/hu\/kozosseg-es-kultura\/big-bubba-a-fajdalom-ellenere-is-folytatja-a-biciklizest\/#primaryimage\"},\"thumbnailUrl\":\"https:\/\/d2p6e6u75xmxt8.cloudfront.net\/12\/2021\/07\/BIG_BUBA_CVR.jpg\",\"datePublished\":\"2021-08-02T06:00:12+00:00\",\"author\":{\"@id\":\"https:\/\/www.welovecycling.com\/hu\/#\/schema\/person\/414a2aebf1801691a5320edb6468e194\"},\"description\":\"Annak ellen\u00e9re, hogy csak 135 cm magas, a cseh Jakub Ouvin-ra nem v\u00e9letlen\u00fcl ragasztott\u00e1k r\u00e1 bar\u00e1tai a \u201eNagy Bubba\u201d becenevet.\",\"breadcrumb\":{\"@id\":\"https:\/\/www.welovecycling.com\/hu\/kozosseg-es-kultura\/big-bubba-a-fajdalom-ellenere-is-folytatja-a-biciklizest\/#breadcrumb\"},\"inLanguage\":\"hu\",\"potentialAction\":[{\"@type\":\"ReadAction\",\"target\":[\"https:\/\/www.welovecycling.com\/hu\/kozosseg-es-kultura\/big-bubba-a-fajdalom-ellenere-is-folytatja-a-biciklizest\/\"]}]},{\"@type\":\"ImageObject\",\"inLanguage\":\"hu\",\"@id\":\"https:\/\/www.welovecycling.com\/hu\/kozosseg-es-kultura\/big-bubba-a-fajdalom-ellenere-is-folytatja-a-biciklizest\/#primaryimage\",\"url\":\"https:\/\/d2p6e6u75xmxt8.cloudfront.net\/12\/2021\/07\/BIG_BUBA_CVR.jpg\",\"contentUrl\":\"https:\/\/d2p6e6u75xmxt8.cloudfront.net\/12\/2021\/07\/BIG_BUBA_CVR.jpg\",\"width\":1366,\"height\":600},{\"@type\":\"BreadcrumbList\",\"@id\":\"https:\/\/www.welovecycling.com\/hu\/kozosseg-es-kultura\/big-bubba-a-fajdalom-ellenere-is-folytatja-a-biciklizest\/#breadcrumb\",\"itemListElement\":[{\"@type\":\"ListItem\",\"position\":1,\"name\":\"Home\",\"item\":\"https:\/\/www.welovecycling.com\/hu\/\"},{\"@type\":\"ListItem\",\"position\":2,\"name\":\"\u201eBig Bubba\u201d a f\u00e1jdalom ellen\u00e9re is folytatja a bicikliz\u00e9st\"}]},{\"@type\":\"WebSite\",\"@id\":\"https:\/\/www.welovecycling.com\/hu\/#website\",\"url\":\"https:\/\/www.welovecycling.com\/hu\/\",\"name\":\"\u0160koda We Love Cycling - Magyarorsz\u00e1g\",\"description\":\"\u0160koda WeLoveCycling\",\"potentialAction\":[{\"@type\":\"SearchAction\",\"target\":{\"@type\":\"EntryPoint\",\"urlTemplate\":\"https:\/\/www.welovecycling.com\/hu\/?s={search_term_string}\"},\"query-input\":{\"@type\":\"PropertyValueSpecification\",\"valueRequired\":true,\"valueName\":\"search_term_string\"}}],\"inLanguage\":\"hu\"},{\"@type\":\"Person\",\"@id\":\"https:\/\/www.welovecycling.com\/hu\/#\/schema\/person\/414a2aebf1801691a5320edb6468e194\",\"name\":\"hegyizs\",\"image\":{\"@type\":\"ImageObject\",\"inLanguage\":\"hu\",\"@id\":\"https:\/\/www.welovecycling.com\/hu\/#\/schema\/person\/image\/\",\"url\":\"https:\/\/secure.gravatar.com\/avatar\/02cf8a7906b8cf90cecb4679defac7cfd33a1c2e3b88e4903d947f3bb58eedd3?s=96&d=mm&r=g\",\"contentUrl\":\"https:\/\/secure.gravatar.com\/avatar\/02cf8a7906b8cf90cecb4679defac7cfd33a1c2e3b88e4903d947f3bb58eedd3?s=96&d=mm&r=g\",\"caption\":\"hegyizs\"},\"url\":\"https:\/\/www.welovecycling.com\/hu\/author\/hegyizs\/\"}]}<\/script>\n<!-- \/ Yoast SEO Premium plugin. -->","yoast_head_json":{"title":"\u201eBig Bubba\u201d a f\u00e1jdalom ellen\u00e9re is folytatja a bicikliz\u00e9st","description":"Annak ellen\u00e9re, hogy csak 135 cm magas, a cseh Jakub Ouvin-ra nem v\u00e9letlen\u00fcl ragasztott\u00e1k r\u00e1 bar\u00e1tai a \u201eNagy Bubba\u201d becenevet.","robots":{"index":"index","follow":"follow","max-snippet":"max-snippet:-1","max-image-preview":"max-image-preview:large","max-video-preview":"max-video-preview:-1"},"canonical":"https:\/\/www.welovecycling.com\/hu\/kozosseg-es-kultura\/big-bubba-a-fajdalom-ellenere-is-folytatja-a-biciklizest\/","og_locale":"hu_HU","og_type":"article","og_title":"\u201eBig Bubba\u201d a f\u00e1jdalom ellen\u00e9re is folytatja a bicikliz\u00e9st","og_description":"Annak ellen\u00e9re, hogy csak 135 cm magas, a cseh Jakub Ouvin-ra nem v\u00e9letlen\u00fcl ragasztott\u00e1k r\u00e1 bar\u00e1tai a \u201eNagy Bubba\u201d becenevet.","og_url":"https:\/\/www.welovecycling.com\/hu\/kozosseg-es-kultura\/big-bubba-a-fajdalom-ellenere-is-folytatja-a-biciklizest\/","og_site_name":"\u0160koda We Love Cycling - Magyarorsz\u00e1g","article_publisher":"https:\/\/www.facebook.com\/WeLoveCyclingHungary\/","article_published_time":"2021-08-02T06:00:12+00:00","og_image":[{"width":1366,"height":600,"url":"https:\/\/d2p6e6u75xmxt8.cloudfront.net\/12\/2021\/07\/BIG_BUBA_CVR.jpg","type":"image\/jpeg"}],"author":"hegyizs","twitter_card":"summary_large_image","twitter_misc":{"Written by":"Adam Marsal","Est. reading time":"6"},"schema":{"@context":"https:\/\/schema.org","@graph":[{"@type":"WebPage","@id":"https:\/\/www.welovecycling.com\/hu\/kozosseg-es-kultura\/big-bubba-a-fajdalom-ellenere-is-folytatja-a-biciklizest\/","url":"https:\/\/www.welovecycling.com\/hu\/kozosseg-es-kultura\/big-bubba-a-fajdalom-ellenere-is-folytatja-a-biciklizest\/","name":"\u201eBig Bubba\u201d a f\u00e1jdalom ellen\u00e9re is folytatja a bicikliz\u00e9st","isPartOf":{"@id":"https:\/\/www.welovecycling.com\/hu\/#website"},"primaryImageOfPage":{"@id":"https:\/\/www.welovecycling.com\/hu\/kozosseg-es-kultura\/big-bubba-a-fajdalom-ellenere-is-folytatja-a-biciklizest\/#primaryimage"},"image":{"@id":"https:\/\/www.welovecycling.com\/hu\/kozosseg-es-kultura\/big-bubba-a-fajdalom-ellenere-is-folytatja-a-biciklizest\/#primaryimage"},"thumbnailUrl":"https:\/\/d2p6e6u75xmxt8.cloudfront.net\/12\/2021\/07\/BIG_BUBA_CVR.jpg","datePublished":"2021-08-02T06:00:12+00:00","author":{"@id":"https:\/\/www.welovecycling.com\/hu\/#\/schema\/person\/414a2aebf1801691a5320edb6468e194"},"description":"Annak ellen\u00e9re, hogy csak 135 cm magas, a cseh Jakub Ouvin-ra nem v\u00e9letlen\u00fcl ragasztott\u00e1k r\u00e1 bar\u00e1tai a \u201eNagy Bubba\u201d becenevet.","breadcrumb":{"@id":"https:\/\/www.welovecycling.com\/hu\/kozosseg-es-kultura\/big-bubba-a-fajdalom-ellenere-is-folytatja-a-biciklizest\/#breadcrumb"},"inLanguage":"hu","potentialAction":[{"@type":"ReadAction","target":["https:\/\/www.welovecycling.com\/hu\/kozosseg-es-kultura\/big-bubba-a-fajdalom-ellenere-is-folytatja-a-biciklizest\/"]}]},{"@type":"ImageObject","inLanguage":"hu","@id":"https:\/\/www.welovecycling.com\/hu\/kozosseg-es-kultura\/big-bubba-a-fajdalom-ellenere-is-folytatja-a-biciklizest\/#primaryimage","url":"https:\/\/d2p6e6u75xmxt8.cloudfront.net\/12\/2021\/07\/BIG_BUBA_CVR.jpg","contentUrl":"https:\/\/d2p6e6u75xmxt8.cloudfront.net\/12\/2021\/07\/BIG_BUBA_CVR.jpg","width":1366,"height":600},{"@type":"BreadcrumbList","@id":"https:\/\/www.welovecycling.com\/hu\/kozosseg-es-kultura\/big-bubba-a-fajdalom-ellenere-is-folytatja-a-biciklizest\/#breadcrumb","itemListElement":[{"@type":"ListItem","position":1,"name":"Home","item":"https:\/\/www.welovecycling.com\/hu\/"},{"@type":"ListItem","position":2,"name":"\u201eBig Bubba\u201d a f\u00e1jdalom ellen\u00e9re is folytatja a bicikliz\u00e9st"}]},{"@type":"WebSite","@id":"https:\/\/www.welovecycling.com\/hu\/#website","url":"https:\/\/www.welovecycling.com\/hu\/","name":"\u0160koda We Love Cycling - Magyarorsz\u00e1g","description":"\u0160koda WeLoveCycling","potentialAction":[{"@type":"SearchAction","target":{"@type":"EntryPoint","urlTemplate":"https:\/\/www.welovecycling.com\/hu\/?s={search_term_string}"},"query-input":{"@type":"PropertyValueSpecification","valueRequired":true,"valueName":"search_term_string"}}],"inLanguage":"hu"},{"@type":"Person","@id":"https:\/\/www.welovecycling.com\/hu\/#\/schema\/person\/414a2aebf1801691a5320edb6468e194","name":"hegyizs","image":{"@type":"ImageObject","inLanguage":"hu","@id":"https:\/\/www.welovecycling.com\/hu\/#\/schema\/person\/image\/","url":"https:\/\/secure.gravatar.com\/avatar\/02cf8a7906b8cf90cecb4679defac7cfd33a1c2e3b88e4903d947f3bb58eedd3?s=96&d=mm&r=g","contentUrl":"https:\/\/secure.gravatar.com\/avatar\/02cf8a7906b8cf90cecb4679defac7cfd33a1c2e3b88e4903d947f3bb58eedd3?s=96&d=mm&r=g","caption":"hegyizs"},"url":"https:\/\/www.welovecycling.com\/hu\/author\/hegyizs\/"}]}},"_links":{"self":[{"href":"https:\/\/www.welovecycling.com\/hu\/wp-json\/wp\/v2\/posts\/12093","targetHints":{"allow":["GET"]}}],"collection":[{"href":"https:\/\/www.welovecycling.com\/hu\/wp-json\/wp\/v2\/posts"}],"about":[{"href":"https:\/\/www.welovecycling.com\/hu\/wp-json\/wp\/v2\/types\/post"}],"author":[{"embeddable":true,"href":"https:\/\/www.welovecycling.com\/hu\/wp-json\/wp\/v2\/users\/71"}],"replies":[{"embeddable":true,"href":"https:\/\/www.welovecycling.com\/hu\/wp-json\/wp\/v2\/comments?post=12093"}],"version-history":[{"count":2,"href":"https:\/\/www.welovecycling.com\/hu\/wp-json\/wp\/v2\/posts\/12093\/revisions"}],"predecessor-version":[{"id":12123,"href":"https:\/\/www.welovecycling.com\/hu\/wp-json\/wp\/v2\/posts\/12093\/revisions\/12123"}],"wp:featuredmedia":[{"embeddable":true,"href":"https:\/\/www.welovecycling.com\/hu\/wp-json\/wp\/v2\/media\/12099"}],"wp:attachment":[{"href":"https:\/\/www.welovecycling.com\/hu\/wp-json\/wp\/v2\/media?parent=12093"}],"wp:term":[{"taxonomy":"category","embeddable":true,"href":"https:\/\/www.welovecycling.com\/hu\/wp-json\/wp\/v2\/categories?post=12093"},{"taxonomy":"post_tag","embeddable":true,"href":"https:\/\/www.welovecycling.com\/hu\/wp-json\/wp\/v2\/tags?post=12093"},{"taxonomy":"global-categories","embeddable":true,"href":"https:\/\/www.welovecycling.com\/hu\/wp-json\/wp\/v2\/global-categories?post=12093"}],"curies":[{"name":"wp","href":"https:\/\/api.w.org\/{rel}","templated":true}]}}