{"id":12039,"date":"2021-07-23T10:00:13","date_gmt":"2021-07-23T08:00:13","guid":{"rendered":"https:\/\/www.welovecycling.com\/hu\/?p=12039"},"modified":"2021-07-23T10:01:51","modified_gmt":"2021-07-23T08:01:51","slug":"olimpiai-klasszikusok","status":"publish","type":"post","link":"https:\/\/www.welovecycling.com\/hu\/orszaguti-kerekpar\/olimpiai-klasszikusok\/","title":{"rendered":"Olimpiai klasszikusok: amikor a 38 \u00e9ves Vinokurov boh\u00f3cot csin\u00e1lt a brit dream teamb\u0151l"},"content":{"rendered":"<p><strong>A 2012-es londoni olimpi\u00e1n mindenki a vil\u00e1gbajnoki c\u00edmv\u00e9d\u0151 Mark Cavendish-t, esetleg a friss Tour de France-gy\u0151ztes Bradley Wigginst k\u00e9pzelte oda a dobog\u00f3 tetej\u00e9re, \u00e1m a hazai k\u00f6z\u00f6ns\u00e9g el\u0151tt versenyz\u0151 favoritok leves\u00e9be belek\u00f6p\u00f6tt valaki, akit\u0151l senki sem v\u00e1rta: a f\u00e9lig m\u00e1r \u201enyugd\u00edjas\u201d Alekszandr Vinokurov 12 \u00e9vvel sydneyi ez\u00fcstje ut\u00e1n tr\u00e9f\u00e1lta meg a mez\u0151nyt, holott m\u00e1r a f\u00e9mdetektoros kapukkal is meggy\u0171lt a baja\u2026<\/strong><!--more--><\/p>\n<p><strong>\u00a0<\/strong>Ha m\u00e1r olimpia, felid\u00e9zz\u00fck az \u00fajkori j\u00e1t\u00e9kok egyik legeml\u00e9kezetesebb siker\u00e9t: Alekszandr Vinokurov kilenc \u00e9vvel ezel\u0151tti, londoni meglepet\u00e9sgy\u0151zelm\u00e9t.<\/p>\n<p>Az 1973-ban m\u00e9g b\u0151ven a Szovjetuni\u00f3hoz tartoz\u00f3 Petropavlban sz\u00fcletett kazah klasszis arany\u00e9rm\u00e9re 2012-ben m\u00e1r a legt\u00f6bben egy lyukas garast sem tettek volna, t\u00f6bb okb\u00f3l sem: a 38 \u00e9ves Vino egyr\u00e9szt m\u00e1r r\u00e9g t\u00fal volt p\u00e1lyafut\u00e1sa zenitj\u00e9n (mi t\u00f6bb, visszavonul\u00e1sa bejelent\u00e9s\u00e9n is), m\u00e1sr\u00e9szt senki sem gondolta volna, hogy alig egy \u00e9vvel cs\u00fanya buk\u00e1sa, \u00e9s 12 \u00e9vvel(!) a 2000-es sydneyi olimpi\u00e1n szerzett ez\u00fcst\u00e9rme ut\u00e1n maholnap negyven\u00e9vesen m\u00e9g labd\u00e1ba r\u00faghat, f\u0151leg a sprintereknek kedvez\u0151 kialak\u00edt\u00e1s\u00fa londoni p\u00e1ly\u00e1n. R\u00e1ad\u00e1sul a hazai k\u00f6z\u00f6ns\u00e9g el\u0151tt versenyz\u0151 brit favoritok mellett sz\u00f3lt el\u0151zetesen a fanatikus angol szurkol\u00f3k t\u00e1mogat\u00e1sa is, kimondva-kimondatlanul mindannyian az angol \u201edream team\u201d valamelyik tagj\u00e1t, f\u0151k\u00e9pp az akkor vil\u00e1gbajnoki c\u00edmv\u00e9d\u0151 Mark Cavendish-t vagy a friss Tour de France-gy\u0151ztes ikont, Bradley Wigginst v\u00e1rt\u00e1k volna a dobog\u00f3 legfels\u0151 fok\u00e1ra.<\/p>\n<p>A k\u00e9t brit klasszis sok\u00e1ig egy\u00fctt is ment, \u00e1m elsz\u00e1molt\u00e1k magukat, \u00e9s a t\u00e1v m\u00e1sodik fel\u00e9ben hi\u00e1ba dikt\u00e1ltak \u00f3ri\u00e1si iramot, v\u00e9g\u00fcl nem tudt\u00e1k utol\u00e9rni a kiv\u00e1l\u00f3 nevekb\u0151l \u00e1ll\u00f3 sz\u00f6kev\u00e9nycsoportot (melyben ott ment t\u00f6bbek k\u00f6z\u00f6tt Bodrogi L\u00e1szl\u00f3 egykori nagy riv\u00e1lisa, az id\u0151futam-vil\u00e1gbajnok sv\u00e1jci Fabian Cancellara is, aki viszont \u00f3ri\u00e1sit bukott mintegy t\u00edz kilom\u00e9terrel a c\u00e9l el\u0151tt).<\/p>\n<p>Ekkor l\u00e9pett el\u0151 az \u00e1rny\u00e9kb\u00f3l a nagy \u00f6reg, Vinokurov, akinek meglepet\u00e9sszer\u0171 t\u00e1mad\u00e1s\u00e1ra a sz\u00f6kev\u00e9nyt\u00e1rsak k\u00f6z\u00fcl csup\u00e1n a kolumbiaiak rem\u00e9nys\u00e9ge, Rigoberto Ur\u00e1n tudott reag\u00e1lni, \u0151k ketten azt\u00e1n egym\u00e1st h\u00fazva el is mentek sz\u00e9pen a c\u00e9lig, az \u00fcld\u00f6z\u0151boly egyszer\u0171en k\u00e9ptelen volt befogni az \u00f6sszedolgoz\u00f3 du\u00f3t.<\/p>\n<figure id=\"attachment_12041\" aria-describedby=\"caption-attachment-12041\" style=\"width: 908px\" class=\"wp-caption alignnone\"><a href=\"https:\/\/d2p6e6u75xmxt8.cloudfront.net\/12\/2021\/07\/wlc0723_02.jpg\"><img loading=\"lazy\" decoding=\"async\" class=\"size-full wp-image-12041\" src=\"https:\/\/d2p6e6u75xmxt8.cloudfront.net\/12\/2021\/07\/wlc0723_02.jpg\" alt=\"\" width=\"908\" height=\"510\" srcset=\"https:\/\/d2p6e6u75xmxt8.cloudfront.net\/12\/2021\/07\/wlc0723_02.jpg 908w, https:\/\/d2p6e6u75xmxt8.cloudfront.net\/12\/2021\/07\/wlc0723_02-300x169.jpg 300w, https:\/\/d2p6e6u75xmxt8.cloudfront.net\/12\/2021\/07\/wlc0723_02-768x431.jpg 768w\" sizes=\"auto, (max-width: 908px) 100vw, 908px\" \/><\/a><figcaption id=\"caption-attachment-12041\" class=\"wp-caption-text\">Vinokurov \u00e9s Ur\u00e1n eg\u00e9szen a c\u00e9lig egy\u00fctt ment \u2013 a t\u00f6bbi m\u00e1r t\u00f6rt\u00e9nelem\u2026 (fot\u00f3: Getty)<\/figcaption><\/figure>\n<p>Ahogy mondani szokt\u00e1k, a t\u00f6bbi m\u00e1r t\u00f6rt\u00e9nelem: eml\u00e9kezetes jelenetsor, amint Ur\u00e1n a c\u00e9legyenesben h\u00e1trapillant, hogy hol j\u00e1rnak az \u00fcld\u00f6z\u0151k, ezt Vinokurov abban a szempillant\u00e1sban kihaszn\u00e1lja, a m\u00e1sik oldalr\u00f3l vill\u00e1mgyorsan ritmust v\u00e1lt \u00e9s fak\u00e9pn\u00e9l hagyja a k\u00e9s\u0151n reag\u00e1l\u00f3 kolumbiait, akinek \u00edgy azzal a lend\u00fclettel el is \u00fasznak gy\u0151zelmi rem\u00e9nyei \u2013 a vil\u00e1gosk\u00e9k kazah mezben b\u00fcszk\u00e9n fesz\u00edt\u0151 Vinokurov pedig diadalittasan \u00fcnnepel a bring\u00e1n, majd a c\u00e9lvonalon \u00e1ttekerve fej\u00e9t fogja, s \u0151 sem akarja elhinni, hogy 38 \u00e9vesen, megannyi viszontags\u00e1g ut\u00e1n, f\u00e9mlemezekkel a test\u00e9ben siker\u00fclt fel\u00e9rnie a cs\u00facsra. \u00dagy, hogy esztend\u0151vel kor\u00e1bban hajsz\u00e1lra volt a visszavonul\u00e1st\u00f3l (konkr\u00e9tan m\u00e1r be is jelentette azt), miut\u00e1n a 2011-es Touron hatalmasat bukott \u00e9s combj\u00e1t t\u00f6rte\u2026<\/p>\n<p>\u201eNeh\u00e9z volt a visszat\u00e9r\u00e9s megannyi buk\u00e1s ut\u00e1n, de m\u00e9g \u00edgy is rem\u00e9nykedtem egy j\u00f3 eredm\u00e9nyben. A csal\u00e1dom, a gyerekeim, a sz\u00fcleim v\u00e9gig m\u00f6g\u00f6ttem \u00e1lltak. M\u00e9g mindig ott vannak a f\u00e9mlemezek a cs\u00edp\u0151mben \u00e9s a combcsontomban, sz\u00f3val nem volt egyszer\u0171\u2026 De most egy \u00e1lom v\u00e1lt val\u00f3ra!\u201d \u2013 nyilatkozta ut\u00f3bb a boldog gy\u0151ztes.<\/p>\n<figure id=\"attachment_12042\" aria-describedby=\"caption-attachment-12042\" style=\"width: 908px\" class=\"wp-caption alignnone\"><a href=\"https:\/\/d2p6e6u75xmxt8.cloudfront.net\/12\/2021\/07\/wlc0723_03.jpg\"><img loading=\"lazy\" decoding=\"async\" class=\"size-full wp-image-12042\" src=\"https:\/\/d2p6e6u75xmxt8.cloudfront.net\/12\/2021\/07\/wlc0723_03.jpg\" alt=\"\" width=\"908\" height=\"512\" srcset=\"https:\/\/d2p6e6u75xmxt8.cloudfront.net\/12\/2021\/07\/wlc0723_03.jpg 908w, https:\/\/d2p6e6u75xmxt8.cloudfront.net\/12\/2021\/07\/wlc0723_03-300x169.jpg 300w, https:\/\/d2p6e6u75xmxt8.cloudfront.net\/12\/2021\/07\/wlc0723_03-768x433.jpg 768w\" sizes=\"auto, (max-width: 908px) 100vw, 908px\" \/><\/a><figcaption id=\"caption-attachment-12042\" class=\"wp-caption-text\">Egy \u00e9vvel kor\u00e1bban \u00fagy t\u0171nt, Vinokurov karrierj\u00e9nek v\u00e9ge (fot\u00f3: Reuters)<\/figcaption><\/figure>\n<p>Vinokurov a szenz\u00e1ci\u00f3sz\u00e1mba men\u0151 olimpiai aranya ut\u00e1n vissza is vonult, \u00e1m ezt k\u00f6vet\u0151en is akt\u00edv maradt: p\u00e9ld\u00e1ul nagy triatlon \u00e9s ironman-fanatikus \u2013 olyannyira, hogy 2016-ban haz\u00e1nkba is ell\u00e1togatott, \u00e9s v\u00e9gigcsin\u00e1lta az Ironman 70.3 Budapest elnevez\u00e9s\u0171 versenyt.<\/p>\n<p>Emellett haz\u00e1ja nagycsapata, az Astana igazgat\u00f3ja volt, eg\u00e9szen egy h\u00f3nappal ezel\u0151ttig, amikor der\u00fclt \u00e9gb\u0151l vill\u00e1mcsap\u00e1sk\u00e9nt \u00e9rkezett a nagy port kavart h\u00edr, miszerint Vinokurovot mind\u00f6ssze k\u00e9t nappal az idei Tour de France rajtja el\u0151tt kir\u00fagt\u00e1k poz\u00edci\u00f3j\u00e1b\u00f3l \u2013 a kazah ikon szerint jogtalanul, \u00edgy alighanem cs\u00fanya peresked\u00e9s lesz a dolog v\u00e9ge\u2026<\/p>\n","protected":false},"excerpt":{"rendered":"<p>A 2012-es londoni olimpi\u00e1n mindenki a vil\u00e1gbajnoki c\u00edmv\u00e9d\u0151 Mark Cavendish-t, esetleg a friss Tour de France-gy\u0151ztes Bradley Wigginst k\u00e9pzelte oda [&hellip;]<\/p>\n","protected":false},"author":71,"featured_media":12040,"comment_status":"open","ping_status":"open","sticky":false,"template":"","format":"standard","meta":{"footnotes":""},"categories":[8],"tags":[],"global-categories":[419],"class_list":["post-12039","post","type-post","status-publish","format-standard","has-post-thumbnail","hentry","category-orszaguti-kerekpar","global-categories-cycling"],"yoast_head":"<!-- This site is optimized with the Yoast SEO Premium plugin v25.3 (Yoast SEO v25.9) - https:\/\/yoast.com\/wordpress\/plugins\/seo\/ -->\n<title>Olimpiai klasszikusok: amikor a 38 \u00e9ves Vinokurov boh\u00f3cot csin\u00e1lt a brit dream teamb\u0151l<\/title>\n<meta name=\"description\" content=\"A 2012-es londoni olimpi\u00e1n mindenki a vil\u00e1gbajnoki c\u00edmv\u00e9d\u0151 Mark Cavendish-t, esetleg a friss Tour de France-gy\u0151ztes Bradley Wigginst k\u00e9pzelte oda a dobog\u00f3 tetej\u00e9re, \u00e1m a hazai k\u00f6z\u00f6ns\u00e9g el\u0151tt versenyz\u0151 favoritok leves\u00e9be belek\u00f6p\u00f6tt valaki, akit\u0151l senki sem v\u00e1rta: a f\u00e9lig m\u00e1r \u201enyugd\u00edjas\u201d Alekszandr Vinokurov 12 \u00e9vvel sydneyi ez\u00fcstje ut\u00e1n tr\u00e9f\u00e1lta meg a mez\u0151nyt, holott m\u00e1r a f\u00e9mdetektoros kapukkal is meggy\u0171lt a baja\u2026\" \/>\n<meta name=\"robots\" content=\"index, follow, max-snippet:-1, max-image-preview:large, max-video-preview:-1\" \/>\n<link rel=\"canonical\" href=\"https:\/\/www.welovecycling.com\/hu\/orszaguti-kerekpar\/olimpiai-klasszikusok\/\" \/>\n<meta property=\"og:locale\" content=\"hu_HU\" \/>\n<meta property=\"og:type\" content=\"article\" \/>\n<meta property=\"og:title\" content=\"Olimpiai klasszikusok: amikor a 38 \u00e9ves Vinokurov boh\u00f3cot csin\u00e1lt a brit dream teamb\u0151l\" \/>\n<meta property=\"og:description\" content=\"A 2012-es londoni olimpi\u00e1n mindenki a vil\u00e1gbajnoki c\u00edmv\u00e9d\u0151 Mark Cavendish-t, esetleg a friss Tour de France-gy\u0151ztes Bradley Wigginst k\u00e9pzelte oda a dobog\u00f3 tetej\u00e9re, \u00e1m a hazai k\u00f6z\u00f6ns\u00e9g el\u0151tt versenyz\u0151 favoritok leves\u00e9be belek\u00f6p\u00f6tt valaki, akit\u0151l senki sem v\u00e1rta: a f\u00e9lig m\u00e1r \u201enyugd\u00edjas\u201d Alekszandr Vinokurov 12 \u00e9vvel sydneyi ez\u00fcstje ut\u00e1n tr\u00e9f\u00e1lta meg a mez\u0151nyt, holott m\u00e1r a f\u00e9mdetektoros kapukkal is meggy\u0171lt a baja\u2026\" \/>\n<meta property=\"og:url\" content=\"https:\/\/www.welovecycling.com\/hu\/orszaguti-kerekpar\/olimpiai-klasszikusok\/\" \/>\n<meta property=\"og:site_name\" content=\"\u0160koda We Love Cycling - Magyarorsz\u00e1g\" \/>\n<meta property=\"article:publisher\" content=\"https:\/\/www.facebook.com\/WeLoveCyclingHungary\/\" \/>\n<meta property=\"article:published_time\" content=\"2021-07-23T08:00:13+00:00\" \/>\n<meta property=\"article:modified_time\" content=\"2021-07-23T08:01:51+00:00\" \/>\n<meta property=\"og:image\" content=\"https:\/\/d2p6e6u75xmxt8.cloudfront.net\/12\/2021\/07\/wlc_0723_cover.jpg\" \/>\n\t<meta property=\"og:image:width\" content=\"1200\" \/>\n\t<meta property=\"og:image:height\" content=\"798\" \/>\n\t<meta property=\"og:image:type\" content=\"image\/jpeg\" \/>\n<meta name=\"author\" content=\"hegyizs\" \/>\n<meta name=\"twitter:card\" content=\"summary_large_image\" \/>\n<meta name=\"twitter:label1\" content=\"Written by\" \/>\n\t<meta name=\"twitter:data1\" content=\"WLC\" \/>\n\t<meta name=\"twitter:label2\" content=\"Est. reading time\" \/>\n\t<meta name=\"twitter:data2\" content=\"4 minutes\" \/>\n<script type=\"application\/ld+json\" class=\"yoast-schema-graph\">{\"@context\":\"https:\/\/schema.org\",\"@graph\":[{\"@type\":\"WebPage\",\"@id\":\"https:\/\/www.welovecycling.com\/hu\/orszaguti-kerekpar\/olimpiai-klasszikusok\/\",\"url\":\"https:\/\/www.welovecycling.com\/hu\/orszaguti-kerekpar\/olimpiai-klasszikusok\/\",\"name\":\"Olimpiai klasszikusok: amikor a 38 \u00e9ves Vinokurov boh\u00f3cot csin\u00e1lt a brit dream teamb\u0151l\",\"isPartOf\":{\"@id\":\"https:\/\/www.welovecycling.com\/hu\/#website\"},\"primaryImageOfPage\":{\"@id\":\"https:\/\/www.welovecycling.com\/hu\/orszaguti-kerekpar\/olimpiai-klasszikusok\/#primaryimage\"},\"image\":{\"@id\":\"https:\/\/www.welovecycling.com\/hu\/orszaguti-kerekpar\/olimpiai-klasszikusok\/#primaryimage\"},\"thumbnailUrl\":\"https:\/\/d2p6e6u75xmxt8.cloudfront.net\/12\/2021\/07\/wlc_0723_cover.jpg\",\"datePublished\":\"2021-07-23T08:00:13+00:00\",\"dateModified\":\"2021-07-23T08:01:51+00:00\",\"author\":{\"@id\":\"https:\/\/www.welovecycling.com\/hu\/#\/schema\/person\/414a2aebf1801691a5320edb6468e194\"},\"description\":\"A 2012-es londoni olimpi\u00e1n mindenki a vil\u00e1gbajnoki c\u00edmv\u00e9d\u0151 Mark Cavendish-t, esetleg a friss Tour de France-gy\u0151ztes Bradley Wigginst k\u00e9pzelte oda a dobog\u00f3 tetej\u00e9re, \u00e1m a hazai k\u00f6z\u00f6ns\u00e9g el\u0151tt versenyz\u0151 favoritok leves\u00e9be belek\u00f6p\u00f6tt valaki, akit\u0151l senki sem v\u00e1rta: a f\u00e9lig m\u00e1r \u201enyugd\u00edjas\u201d Alekszandr Vinokurov 12 \u00e9vvel sydneyi ez\u00fcstje ut\u00e1n tr\u00e9f\u00e1lta meg a mez\u0151nyt, holott m\u00e1r a f\u00e9mdetektoros kapukkal is meggy\u0171lt a baja\u2026\",\"breadcrumb\":{\"@id\":\"https:\/\/www.welovecycling.com\/hu\/orszaguti-kerekpar\/olimpiai-klasszikusok\/#breadcrumb\"},\"inLanguage\":\"hu\",\"potentialAction\":[{\"@type\":\"ReadAction\",\"target\":[\"https:\/\/www.welovecycling.com\/hu\/orszaguti-kerekpar\/olimpiai-klasszikusok\/\"]}]},{\"@type\":\"ImageObject\",\"inLanguage\":\"hu\",\"@id\":\"https:\/\/www.welovecycling.com\/hu\/orszaguti-kerekpar\/olimpiai-klasszikusok\/#primaryimage\",\"url\":\"https:\/\/d2p6e6u75xmxt8.cloudfront.net\/12\/2021\/07\/wlc_0723_cover.jpg\",\"contentUrl\":\"https:\/\/d2p6e6u75xmxt8.cloudfront.net\/12\/2021\/07\/wlc_0723_cover.jpg\",\"width\":1200,\"height\":798},{\"@type\":\"BreadcrumbList\",\"@id\":\"https:\/\/www.welovecycling.com\/hu\/orszaguti-kerekpar\/olimpiai-klasszikusok\/#breadcrumb\",\"itemListElement\":[{\"@type\":\"ListItem\",\"position\":1,\"name\":\"Home\",\"item\":\"https:\/\/www.welovecycling.com\/hu\/\"},{\"@type\":\"ListItem\",\"position\":2,\"name\":\"Olimpiai klasszikusok: amikor a 38 \u00e9ves Vinokurov boh\u00f3cot csin\u00e1lt a brit dream teamb\u0151l\"}]},{\"@type\":\"WebSite\",\"@id\":\"https:\/\/www.welovecycling.com\/hu\/#website\",\"url\":\"https:\/\/www.welovecycling.com\/hu\/\",\"name\":\"\u0160koda We Love Cycling - Magyarorsz\u00e1g\",\"description\":\"\u0160koda WeLoveCycling\",\"potentialAction\":[{\"@type\":\"SearchAction\",\"target\":{\"@type\":\"EntryPoint\",\"urlTemplate\":\"https:\/\/www.welovecycling.com\/hu\/?s={search_term_string}\"},\"query-input\":{\"@type\":\"PropertyValueSpecification\",\"valueRequired\":true,\"valueName\":\"search_term_string\"}}],\"inLanguage\":\"hu\"},{\"@type\":\"Person\",\"@id\":\"https:\/\/www.welovecycling.com\/hu\/#\/schema\/person\/414a2aebf1801691a5320edb6468e194\",\"name\":\"hegyizs\",\"image\":{\"@type\":\"ImageObject\",\"inLanguage\":\"hu\",\"@id\":\"https:\/\/www.welovecycling.com\/hu\/#\/schema\/person\/image\/\",\"url\":\"https:\/\/secure.gravatar.com\/avatar\/02cf8a7906b8cf90cecb4679defac7cfd33a1c2e3b88e4903d947f3bb58eedd3?s=96&d=mm&r=g\",\"contentUrl\":\"https:\/\/secure.gravatar.com\/avatar\/02cf8a7906b8cf90cecb4679defac7cfd33a1c2e3b88e4903d947f3bb58eedd3?s=96&d=mm&r=g\",\"caption\":\"hegyizs\"},\"url\":\"https:\/\/www.welovecycling.com\/hu\/author\/hegyizs\/\"}]}<\/script>\n<!-- \/ Yoast SEO Premium plugin. -->","yoast_head_json":{"title":"Olimpiai klasszikusok: amikor a 38 \u00e9ves Vinokurov boh\u00f3cot csin\u00e1lt a brit dream teamb\u0151l","description":"A 2012-es londoni olimpi\u00e1n mindenki a vil\u00e1gbajnoki c\u00edmv\u00e9d\u0151 Mark Cavendish-t, esetleg a friss Tour de France-gy\u0151ztes Bradley Wigginst k\u00e9pzelte oda a dobog\u00f3 tetej\u00e9re, \u00e1m a hazai k\u00f6z\u00f6ns\u00e9g el\u0151tt versenyz\u0151 favoritok leves\u00e9be belek\u00f6p\u00f6tt valaki, akit\u0151l senki sem v\u00e1rta: a f\u00e9lig m\u00e1r \u201enyugd\u00edjas\u201d Alekszandr Vinokurov 12 \u00e9vvel sydneyi ez\u00fcstje ut\u00e1n tr\u00e9f\u00e1lta meg a mez\u0151nyt, holott m\u00e1r a f\u00e9mdetektoros kapukkal is meggy\u0171lt a baja\u2026","robots":{"index":"index","follow":"follow","max-snippet":"max-snippet:-1","max-image-preview":"max-image-preview:large","max-video-preview":"max-video-preview:-1"},"canonical":"https:\/\/www.welovecycling.com\/hu\/orszaguti-kerekpar\/olimpiai-klasszikusok\/","og_locale":"hu_HU","og_type":"article","og_title":"Olimpiai klasszikusok: amikor a 38 \u00e9ves Vinokurov boh\u00f3cot csin\u00e1lt a brit dream teamb\u0151l","og_description":"A 2012-es londoni olimpi\u00e1n mindenki a vil\u00e1gbajnoki c\u00edmv\u00e9d\u0151 Mark Cavendish-t, esetleg a friss Tour de France-gy\u0151ztes Bradley Wigginst k\u00e9pzelte oda a dobog\u00f3 tetej\u00e9re, \u00e1m a hazai k\u00f6z\u00f6ns\u00e9g el\u0151tt versenyz\u0151 favoritok leves\u00e9be belek\u00f6p\u00f6tt valaki, akit\u0151l senki sem v\u00e1rta: a f\u00e9lig m\u00e1r \u201enyugd\u00edjas\u201d Alekszandr Vinokurov 12 \u00e9vvel sydneyi ez\u00fcstje ut\u00e1n tr\u00e9f\u00e1lta meg a mez\u0151nyt, holott m\u00e1r a f\u00e9mdetektoros kapukkal is meggy\u0171lt a baja\u2026","og_url":"https:\/\/www.welovecycling.com\/hu\/orszaguti-kerekpar\/olimpiai-klasszikusok\/","og_site_name":"\u0160koda We Love Cycling - Magyarorsz\u00e1g","article_publisher":"https:\/\/www.facebook.com\/WeLoveCyclingHungary\/","article_published_time":"2021-07-23T08:00:13+00:00","article_modified_time":"2021-07-23T08:01:51+00:00","og_image":[{"width":1200,"height":798,"url":"https:\/\/d2p6e6u75xmxt8.cloudfront.net\/12\/2021\/07\/wlc_0723_cover.jpg","type":"image\/jpeg"}],"author":"hegyizs","twitter_card":"summary_large_image","twitter_misc":{"Written by":"WLC","Est. reading time":"4 minutes"},"schema":{"@context":"https:\/\/schema.org","@graph":[{"@type":"WebPage","@id":"https:\/\/www.welovecycling.com\/hu\/orszaguti-kerekpar\/olimpiai-klasszikusok\/","url":"https:\/\/www.welovecycling.com\/hu\/orszaguti-kerekpar\/olimpiai-klasszikusok\/","name":"Olimpiai klasszikusok: amikor a 38 \u00e9ves Vinokurov boh\u00f3cot csin\u00e1lt a brit dream teamb\u0151l","isPartOf":{"@id":"https:\/\/www.welovecycling.com\/hu\/#website"},"primaryImageOfPage":{"@id":"https:\/\/www.welovecycling.com\/hu\/orszaguti-kerekpar\/olimpiai-klasszikusok\/#primaryimage"},"image":{"@id":"https:\/\/www.welovecycling.com\/hu\/orszaguti-kerekpar\/olimpiai-klasszikusok\/#primaryimage"},"thumbnailUrl":"https:\/\/d2p6e6u75xmxt8.cloudfront.net\/12\/2021\/07\/wlc_0723_cover.jpg","datePublished":"2021-07-23T08:00:13+00:00","dateModified":"2021-07-23T08:01:51+00:00","author":{"@id":"https:\/\/www.welovecycling.com\/hu\/#\/schema\/person\/414a2aebf1801691a5320edb6468e194"},"description":"A 2012-es londoni olimpi\u00e1n mindenki a vil\u00e1gbajnoki c\u00edmv\u00e9d\u0151 Mark Cavendish-t, esetleg a friss Tour de France-gy\u0151ztes Bradley Wigginst k\u00e9pzelte oda a dobog\u00f3 tetej\u00e9re, \u00e1m a hazai k\u00f6z\u00f6ns\u00e9g el\u0151tt versenyz\u0151 favoritok leves\u00e9be belek\u00f6p\u00f6tt valaki, akit\u0151l senki sem v\u00e1rta: a f\u00e9lig m\u00e1r \u201enyugd\u00edjas\u201d Alekszandr Vinokurov 12 \u00e9vvel sydneyi ez\u00fcstje ut\u00e1n tr\u00e9f\u00e1lta meg a mez\u0151nyt, holott m\u00e1r a f\u00e9mdetektoros kapukkal is meggy\u0171lt a baja\u2026","breadcrumb":{"@id":"https:\/\/www.welovecycling.com\/hu\/orszaguti-kerekpar\/olimpiai-klasszikusok\/#breadcrumb"},"inLanguage":"hu","potentialAction":[{"@type":"ReadAction","target":["https:\/\/www.welovecycling.com\/hu\/orszaguti-kerekpar\/olimpiai-klasszikusok\/"]}]},{"@type":"ImageObject","inLanguage":"hu","@id":"https:\/\/www.welovecycling.com\/hu\/orszaguti-kerekpar\/olimpiai-klasszikusok\/#primaryimage","url":"https:\/\/d2p6e6u75xmxt8.cloudfront.net\/12\/2021\/07\/wlc_0723_cover.jpg","contentUrl":"https:\/\/d2p6e6u75xmxt8.cloudfront.net\/12\/2021\/07\/wlc_0723_cover.jpg","width":1200,"height":798},{"@type":"BreadcrumbList","@id":"https:\/\/www.welovecycling.com\/hu\/orszaguti-kerekpar\/olimpiai-klasszikusok\/#breadcrumb","itemListElement":[{"@type":"ListItem","position":1,"name":"Home","item":"https:\/\/www.welovecycling.com\/hu\/"},{"@type":"ListItem","position":2,"name":"Olimpiai klasszikusok: amikor a 38 \u00e9ves Vinokurov boh\u00f3cot csin\u00e1lt a brit dream teamb\u0151l"}]},{"@type":"WebSite","@id":"https:\/\/www.welovecycling.com\/hu\/#website","url":"https:\/\/www.welovecycling.com\/hu\/","name":"\u0160koda We Love Cycling - Magyarorsz\u00e1g","description":"\u0160koda WeLoveCycling","potentialAction":[{"@type":"SearchAction","target":{"@type":"EntryPoint","urlTemplate":"https:\/\/www.welovecycling.com\/hu\/?s={search_term_string}"},"query-input":{"@type":"PropertyValueSpecification","valueRequired":true,"valueName":"search_term_string"}}],"inLanguage":"hu"},{"@type":"Person","@id":"https:\/\/www.welovecycling.com\/hu\/#\/schema\/person\/414a2aebf1801691a5320edb6468e194","name":"hegyizs","image":{"@type":"ImageObject","inLanguage":"hu","@id":"https:\/\/www.welovecycling.com\/hu\/#\/schema\/person\/image\/","url":"https:\/\/secure.gravatar.com\/avatar\/02cf8a7906b8cf90cecb4679defac7cfd33a1c2e3b88e4903d947f3bb58eedd3?s=96&d=mm&r=g","contentUrl":"https:\/\/secure.gravatar.com\/avatar\/02cf8a7906b8cf90cecb4679defac7cfd33a1c2e3b88e4903d947f3bb58eedd3?s=96&d=mm&r=g","caption":"hegyizs"},"url":"https:\/\/www.welovecycling.com\/hu\/author\/hegyizs\/"}]}},"_links":{"self":[{"href":"https:\/\/www.welovecycling.com\/hu\/wp-json\/wp\/v2\/posts\/12039","targetHints":{"allow":["GET"]}}],"collection":[{"href":"https:\/\/www.welovecycling.com\/hu\/wp-json\/wp\/v2\/posts"}],"about":[{"href":"https:\/\/www.welovecycling.com\/hu\/wp-json\/wp\/v2\/types\/post"}],"author":[{"embeddable":true,"href":"https:\/\/www.welovecycling.com\/hu\/wp-json\/wp\/v2\/users\/71"}],"replies":[{"embeddable":true,"href":"https:\/\/www.welovecycling.com\/hu\/wp-json\/wp\/v2\/comments?post=12039"}],"version-history":[{"count":1,"href":"https:\/\/www.welovecycling.com\/hu\/wp-json\/wp\/v2\/posts\/12039\/revisions"}],"predecessor-version":[{"id":12043,"href":"https:\/\/www.welovecycling.com\/hu\/wp-json\/wp\/v2\/posts\/12039\/revisions\/12043"}],"wp:featuredmedia":[{"embeddable":true,"href":"https:\/\/www.welovecycling.com\/hu\/wp-json\/wp\/v2\/media\/12040"}],"wp:attachment":[{"href":"https:\/\/www.welovecycling.com\/hu\/wp-json\/wp\/v2\/media?parent=12039"}],"wp:term":[{"taxonomy":"category","embeddable":true,"href":"https:\/\/www.welovecycling.com\/hu\/wp-json\/wp\/v2\/categories?post=12039"},{"taxonomy":"post_tag","embeddable":true,"href":"https:\/\/www.welovecycling.com\/hu\/wp-json\/wp\/v2\/tags?post=12039"},{"taxonomy":"global-categories","embeddable":true,"href":"https:\/\/www.welovecycling.com\/hu\/wp-json\/wp\/v2\/global-categories?post=12039"}],"curies":[{"name":"wp","href":"https:\/\/api.w.org\/{rel}","templated":true}]}}