{"id":12026,"date":"2021-07-17T08:00:52","date_gmt":"2021-07-17T06:00:52","guid":{"rendered":"https:\/\/www.welovecycling.com\/hu\/?p=12026"},"modified":"2021-07-16T15:13:05","modified_gmt":"2021-07-16T13:13:05","slug":"gilbert-es-froome-mentette-ki-a-szakadekba-zuhant-turakerekparost","status":"publish","type":"post","link":"https:\/\/www.welovecycling.com\/hu\/orszaguti-kerekpar\/gilbert-es-froome-mentette-ki-a-szakadekba-zuhant-turakerekparost\/","title":{"rendered":"Gilbert \u00e9s Froome mentette ki a szakad\u00e9kba zuhant t\u00faraker\u00e9kp\u00e1rost"},"content":{"rendered":"<p><strong>Nem mindennapi t\u00f6rt\u00e9netet osztott meg a Tour de France-on versenyz\u0151 Philippe Gilbert: a 2012-es vil\u00e1gbajnok a c\u00e9lba \u00e9rkez\u00e9s ut\u00e1n m\u00e1r a hegyr\u0151l lefel\u00e9 tartott, amikor egy figyelmetlen t\u00faraker\u00e9kp\u00e1ros \u00e9ppen az orruk el\u0151tt zuhant bele a szakad\u00e9kba \u2013 a hasonl\u00f3t kor\u00e1bban m\u00e1r \u00e1t\u00e9lt belga klasszis v\u00e9g\u00fcl harmadmag\u00e1val 20 percen \u00e1t seg\u00e9dkezett a szerencs\u00e9tlen\u00fcl j\u00e1rt bring\u00e1s kimenek\u00edt\u00e9s\u00e9ben.<\/strong><!--more--><\/p>\n<p>Hogy az orsz\u00e1g\u00fati ker\u00e9kp\u00e1rsport minden \u00e9rtelemben az egyik legemberk\u00f6zelibb sport\u00e1g, eddig is tudtuk, de Philippe Gilbert t\u00f6rt\u00e9nete \u00fajabb szinteket nyit meg \u2013 nem semmi sztori l\u00e1tott ugyanis napvil\u00e1got a Tour de France utols\u00f3 het\u00e9n!<\/p>\n<p>A belg\u00e1k vil\u00e1gbajnoka az RTBF-nek adott interj\u00faj\u00e1ban mes\u00e9lte el, hogy miut\u00e1n t\u00f6bb mint \u00f6t \u00e9s f\u00e9l\u00f3r\u00e1nyi teker\u00e9st k\u00f6vet\u0151en be\u00e9rt a c\u00e9lba egy k\u0151kem\u00e9ny m\u00e1sz\u00e1s, a Col du Portet kiemelt kateg\u00f3ri\u00e1s hegyi befut\u00f3ja ut\u00e1n, a c\u00e9lvonal ut\u00e1ni lejtmenetben ijeszt\u0151 jeleneteknek volt szemtan\u00faja: v\u00e9gign\u00e9zte, ahogy egy nem sokkal el\u0151tt\u00fck halad\u00f3 t\u00faraker\u00e9kp\u00e1ros elv\u00e9tett egy kanyart \u00e9s lezuhant az \u00fatr\u00f3l, egyenesen a szakad\u00e9kba. Gilbert term\u00e9szetesen nem habozott, tette, amit tennie kellett: \u201eEgyszer csak h\u00faszm\u00e9teres m\u00e9lys\u00e9gben tal\u00e1lta mag\u00e1t\u2026 Majdnem h\u00fasz perc\u00fcnkbe telt, mire seg\u00edts\u00e9get tudtunk neki ker\u00edteni! K\u00e9nytelenek voltunk seg\u00edts\u00e9get h\u00edvni, mert cs\u00fany\u00e1n megs\u00e9r\u00fclt.\u201d<\/p>\n<p>Gilbert nem egyed\u00fcl sietett a szerencs\u00e9tlen\u00fcl j\u00e1rt hobbibring\u00e1s megment\u00e9s\u00e9re, ott volt vele k\u00e9t, m\u00e1s \u00e9s m\u00e1s csapatban teker\u0151 versenyz\u0151 is, m\u00e9ghozz\u00e1 a n\u00e9gyszeres Tour de France-gy\u0151ztes ikon Chris Froome, valamint Christopher Juul-Jensen is, akik ugyancsak egyb\u0151l meg\u00e1lltak seg\u00edteni, amikor \u00e9szlelt\u00e9k a bajt. A p\u00f3rul j\u00e1rt t\u00faraker\u00e9kp\u00e1rost v\u00e9g\u00fcl a hegyiment\u0151k seg\u00edts\u00e9g\u00e9vel siker\u00fclt kihozni a m\u00e9lyb\u0151l, szem\u00e9lyazonoss\u00e1g\u00e1r\u00f3l \u00e9s \u00e1llapot\u00e1r\u00f3l egyel\u0151re b\u0151vebbet nem \u00e1rultak el \u2013 de az a tudat tal\u00e1n n\u00e9mi halov\u00e1ny gy\u00f3gy\u00edrt jelenthet neki, hogy egy vil\u00e1gbajnok \u00e9s egy h\u00e9tszeres Grand Tour-gy\u0151ztes legenda k\u00fczd\u00f6tt \u00e9rte v\u00e1llvetve, ami az\u00e9rt t\u00e9nyleg nem mindennapi eset.<\/p>\n<figure id=\"attachment_12027\" aria-describedby=\"caption-attachment-12027\" style=\"width: 1000px\" class=\"wp-caption alignnone\"><a href=\"https:\/\/d2p6e6u75xmxt8.cloudfront.net\/12\/2021\/07\/wlc_210717_2.jpg\"><img loading=\"lazy\" decoding=\"async\" class=\"size-full wp-image-12027\" src=\"https:\/\/d2p6e6u75xmxt8.cloudfront.net\/12\/2021\/07\/wlc_210717_2.jpg\" alt=\"\" width=\"1000\" height=\"707\" srcset=\"https:\/\/d2p6e6u75xmxt8.cloudfront.net\/12\/2021\/07\/wlc_210717_2.jpg 1000w, https:\/\/d2p6e6u75xmxt8.cloudfront.net\/12\/2021\/07\/wlc_210717_2-300x212.jpg 300w, https:\/\/d2p6e6u75xmxt8.cloudfront.net\/12\/2021\/07\/wlc_210717_2-768x543.jpg 768w\" sizes=\"auto, (max-width: 1000px) 100vw, 1000px\" \/><\/a><figcaption id=\"caption-attachment-12027\" class=\"wp-caption-text\">Gilbert 2018-as balesete ut\u00e1n (fot\u00f3: Bettini Photo)<\/figcaption><\/figure>\n<p>Gilbert egy\u00e9bk\u00e9nt val\u00f3sz\u00edn\u0171leg az\u00e9rt is viselhette ennyire a sz\u00edv\u00e9n a dolgot, mert \u0151 szem\u00e9lyesen is \u00e1t\u00e9lt m\u00e1r egy k\u00eds\u00e9rtetiesen hasonl\u00f3 esetet: a 2018-as Tour de France 16. szakasz\u00e1n egy m\u00e1sik pireneusi lejtmenetben \u0151 is ben\u00e9zett egy kanyart, \u00e9s egy k\u0151falon \u00e1tzuhanva a n\u00e9h\u00e1ny m\u00e9ter m\u00e9ly \u00fat menti, k\u00f6ves \u00e1rokban k\u00f6t\u00f6tt ki. \u0150 szerencs\u00e9re viszonylag olcs\u00f3n meg\u00faszta: miut\u00e1n kih\u00fazt\u00e1k, adrenalint\u00f3l f\u0171tve visszapattant a ker\u00e9kp\u00e1rj\u00e1ra, \u00e9s befejezte a szakaszt (ut\u00e1na meg is kapta a legakt\u00edvabb versenyz\u0151nek j\u00e1r\u00f3 k\u00fcl\u00f6nd\u00edjat), \u00e1m a c\u00e9lba \u00e9r\u00e9s ut\u00e1n m\u00e1r j\u00f6ttek a f\u00e1jdalmak, fel is kellett adnia a versenyt, mehetett helyette a k\u00f3rh\u00e1zba MRI-re\u2026<\/p>\n<p>A belga vil\u00e1gbajnok meg is er\u0151s\u00edtette, hogy ilyen tapasztalatokkal a h\u00e1ta m\u00f6g\u00f6tt gondolkod\u00e1s n\u00e9lk\u00fcl cselekedett \u2013 nagyszer\u0171 emberi \u00e9s sportemberi gesztus, Gilbert-nek, Froome-nak \u00e9s Juul-Jensennek is j\u00e1r a kalapemel\u00e9s!<\/p>\n<p><strong>Bor\u00edt\u00f3k\u00e9p<\/strong>: Philippe Gilbert<\/p>\n","protected":false},"excerpt":{"rendered":"<p>Nem mindennapi t\u00f6rt\u00e9netet osztott meg a Tour de France-on versenyz\u0151 Philippe Gilbert: a 2012-es vil\u00e1gbajnok a c\u00e9lba \u00e9rkez\u00e9s ut\u00e1n m\u00e1r [&hellip;]<\/p>\n","protected":false},"author":71,"featured_media":12028,"comment_status":"open","ping_status":"open","sticky":false,"template":"","format":"standard","meta":{"footnotes":""},"categories":[8],"tags":[],"global-categories":[],"class_list":["post-12026","post","type-post","status-publish","format-standard","has-post-thumbnail","hentry","category-orszaguti-kerekpar"],"yoast_head":"<!-- This site is optimized with the Yoast SEO Premium plugin v25.3 (Yoast SEO v25.9) - https:\/\/yoast.com\/wordpress\/plugins\/seo\/ -->\n<title>Gilbert \u00e9s Froome mentette ki a szakad\u00e9kba zuhant t\u00faraker\u00e9kp\u00e1rost<\/title>\n<meta name=\"description\" content=\"Nem mindennapi t\u00f6rt\u00e9netet osztott meg a Tour de France-on versenyz\u0151 Philippe Gilbert: a 2012-es vil\u00e1gbajnok a c\u00e9lba \u00e9rkez\u00e9s ut\u00e1n m\u00e1r a hegyr\u0151l lefel\u00e9 tartott, amikor egy figyelmetlen t\u00faraker\u00e9kp\u00e1ros \u00e9ppen az orruk el\u0151tt zuhant bele a szakad\u00e9kba \u2013 a hasonl\u00f3t kor\u00e1bban m\u00e1r \u00e1t\u00e9lt belga klasszis v\u00e9g\u00fcl harmadmag\u00e1val 20 percen \u00e1t seg\u00e9dkezett a szerencs\u00e9tlen\u00fcl j\u00e1rt bring\u00e1s kimenek\u00edt\u00e9s\u00e9ben.\" \/>\n<meta name=\"robots\" content=\"index, follow, max-snippet:-1, max-image-preview:large, max-video-preview:-1\" \/>\n<link rel=\"canonical\" href=\"https:\/\/www.welovecycling.com\/hu\/orszaguti-kerekpar\/gilbert-es-froome-mentette-ki-a-szakadekba-zuhant-turakerekparost\/\" \/>\n<meta property=\"og:locale\" content=\"hu_HU\" \/>\n<meta property=\"og:type\" content=\"article\" \/>\n<meta property=\"og:title\" content=\"Gilbert \u00e9s Froome mentette ki a szakad\u00e9kba zuhant t\u00faraker\u00e9kp\u00e1rost\" \/>\n<meta property=\"og:description\" content=\"Nem mindennapi t\u00f6rt\u00e9netet osztott meg a Tour de France-on versenyz\u0151 Philippe Gilbert: a 2012-es vil\u00e1gbajnok a c\u00e9lba \u00e9rkez\u00e9s ut\u00e1n m\u00e1r a hegyr\u0151l lefel\u00e9 tartott, amikor egy figyelmetlen t\u00faraker\u00e9kp\u00e1ros \u00e9ppen az orruk el\u0151tt zuhant bele a szakad\u00e9kba \u2013 a hasonl\u00f3t kor\u00e1bban m\u00e1r \u00e1t\u00e9lt belga klasszis v\u00e9g\u00fcl harmadmag\u00e1val 20 percen \u00e1t seg\u00e9dkezett a szerencs\u00e9tlen\u00fcl j\u00e1rt bring\u00e1s kimenek\u00edt\u00e9s\u00e9ben.\" \/>\n<meta property=\"og:url\" content=\"https:\/\/www.welovecycling.com\/hu\/orszaguti-kerekpar\/gilbert-es-froome-mentette-ki-a-szakadekba-zuhant-turakerekparost\/\" \/>\n<meta property=\"og:site_name\" content=\"\u0160koda We Love Cycling - Magyarorsz\u00e1g\" \/>\n<meta property=\"article:publisher\" content=\"https:\/\/www.facebook.com\/WeLoveCyclingHungary\/\" \/>\n<meta property=\"article:published_time\" content=\"2021-07-17T06:00:52+00:00\" \/>\n<meta property=\"og:image\" content=\"https:\/\/d2p6e6u75xmxt8.cloudfront.net\/12\/2021\/07\/wlc_210717.jpg\" \/>\n\t<meta property=\"og:image:width\" content=\"780\" \/>\n\t<meta property=\"og:image:height\" content=\"585\" \/>\n\t<meta property=\"og:image:type\" content=\"image\/jpeg\" \/>\n<meta name=\"author\" content=\"hegyizs\" \/>\n<meta name=\"twitter:card\" content=\"summary_large_image\" \/>\n<meta name=\"twitter:label1\" content=\"Written by\" \/>\n\t<meta name=\"twitter:data1\" content=\"WLC\" \/>\n\t<meta name=\"twitter:label2\" content=\"Est. reading time\" \/>\n\t<meta name=\"twitter:data2\" content=\"3 minutes\" \/>\n<script type=\"application\/ld+json\" class=\"yoast-schema-graph\">{\"@context\":\"https:\/\/schema.org\",\"@graph\":[{\"@type\":\"WebPage\",\"@id\":\"https:\/\/www.welovecycling.com\/hu\/orszaguti-kerekpar\/gilbert-es-froome-mentette-ki-a-szakadekba-zuhant-turakerekparost\/\",\"url\":\"https:\/\/www.welovecycling.com\/hu\/orszaguti-kerekpar\/gilbert-es-froome-mentette-ki-a-szakadekba-zuhant-turakerekparost\/\",\"name\":\"Gilbert \u00e9s Froome mentette ki a szakad\u00e9kba zuhant t\u00faraker\u00e9kp\u00e1rost\",\"isPartOf\":{\"@id\":\"https:\/\/www.welovecycling.com\/hu\/#website\"},\"primaryImageOfPage\":{\"@id\":\"https:\/\/www.welovecycling.com\/hu\/orszaguti-kerekpar\/gilbert-es-froome-mentette-ki-a-szakadekba-zuhant-turakerekparost\/#primaryimage\"},\"image\":{\"@id\":\"https:\/\/www.welovecycling.com\/hu\/orszaguti-kerekpar\/gilbert-es-froome-mentette-ki-a-szakadekba-zuhant-turakerekparost\/#primaryimage\"},\"thumbnailUrl\":\"https:\/\/d2p6e6u75xmxt8.cloudfront.net\/12\/2021\/07\/wlc_210717.jpg\",\"datePublished\":\"2021-07-17T06:00:52+00:00\",\"author\":{\"@id\":\"https:\/\/www.welovecycling.com\/hu\/#\/schema\/person\/414a2aebf1801691a5320edb6468e194\"},\"description\":\"Nem mindennapi t\u00f6rt\u00e9netet osztott meg a Tour de France-on versenyz\u0151 Philippe Gilbert: a 2012-es vil\u00e1gbajnok a c\u00e9lba \u00e9rkez\u00e9s ut\u00e1n m\u00e1r a hegyr\u0151l lefel\u00e9 tartott, amikor egy figyelmetlen t\u00faraker\u00e9kp\u00e1ros \u00e9ppen az orruk el\u0151tt zuhant bele a szakad\u00e9kba \u2013 a hasonl\u00f3t kor\u00e1bban m\u00e1r \u00e1t\u00e9lt belga klasszis v\u00e9g\u00fcl harmadmag\u00e1val 20 percen \u00e1t seg\u00e9dkezett a szerencs\u00e9tlen\u00fcl j\u00e1rt bring\u00e1s kimenek\u00edt\u00e9s\u00e9ben.\",\"breadcrumb\":{\"@id\":\"https:\/\/www.welovecycling.com\/hu\/orszaguti-kerekpar\/gilbert-es-froome-mentette-ki-a-szakadekba-zuhant-turakerekparost\/#breadcrumb\"},\"inLanguage\":\"hu\",\"potentialAction\":[{\"@type\":\"ReadAction\",\"target\":[\"https:\/\/www.welovecycling.com\/hu\/orszaguti-kerekpar\/gilbert-es-froome-mentette-ki-a-szakadekba-zuhant-turakerekparost\/\"]}]},{\"@type\":\"ImageObject\",\"inLanguage\":\"hu\",\"@id\":\"https:\/\/www.welovecycling.com\/hu\/orszaguti-kerekpar\/gilbert-es-froome-mentette-ki-a-szakadekba-zuhant-turakerekparost\/#primaryimage\",\"url\":\"https:\/\/d2p6e6u75xmxt8.cloudfront.net\/12\/2021\/07\/wlc_210717.jpg\",\"contentUrl\":\"https:\/\/d2p6e6u75xmxt8.cloudfront.net\/12\/2021\/07\/wlc_210717.jpg\",\"width\":780,\"height\":585},{\"@type\":\"BreadcrumbList\",\"@id\":\"https:\/\/www.welovecycling.com\/hu\/orszaguti-kerekpar\/gilbert-es-froome-mentette-ki-a-szakadekba-zuhant-turakerekparost\/#breadcrumb\",\"itemListElement\":[{\"@type\":\"ListItem\",\"position\":1,\"name\":\"Home\",\"item\":\"https:\/\/www.welovecycling.com\/hu\/\"},{\"@type\":\"ListItem\",\"position\":2,\"name\":\"Gilbert \u00e9s Froome mentette ki a szakad\u00e9kba zuhant t\u00faraker\u00e9kp\u00e1rost\"}]},{\"@type\":\"WebSite\",\"@id\":\"https:\/\/www.welovecycling.com\/hu\/#website\",\"url\":\"https:\/\/www.welovecycling.com\/hu\/\",\"name\":\"\u0160koda We Love Cycling - Magyarorsz\u00e1g\",\"description\":\"\u0160koda WeLoveCycling\",\"potentialAction\":[{\"@type\":\"SearchAction\",\"target\":{\"@type\":\"EntryPoint\",\"urlTemplate\":\"https:\/\/www.welovecycling.com\/hu\/?s={search_term_string}\"},\"query-input\":{\"@type\":\"PropertyValueSpecification\",\"valueRequired\":true,\"valueName\":\"search_term_string\"}}],\"inLanguage\":\"hu\"},{\"@type\":\"Person\",\"@id\":\"https:\/\/www.welovecycling.com\/hu\/#\/schema\/person\/414a2aebf1801691a5320edb6468e194\",\"name\":\"hegyizs\",\"image\":{\"@type\":\"ImageObject\",\"inLanguage\":\"hu\",\"@id\":\"https:\/\/www.welovecycling.com\/hu\/#\/schema\/person\/image\/\",\"url\":\"https:\/\/secure.gravatar.com\/avatar\/02cf8a7906b8cf90cecb4679defac7cfd33a1c2e3b88e4903d947f3bb58eedd3?s=96&d=mm&r=g\",\"contentUrl\":\"https:\/\/secure.gravatar.com\/avatar\/02cf8a7906b8cf90cecb4679defac7cfd33a1c2e3b88e4903d947f3bb58eedd3?s=96&d=mm&r=g\",\"caption\":\"hegyizs\"},\"url\":\"https:\/\/www.welovecycling.com\/hu\/author\/hegyizs\/\"}]}<\/script>\n<!-- \/ Yoast SEO Premium plugin. -->","yoast_head_json":{"title":"Gilbert \u00e9s Froome mentette ki a szakad\u00e9kba zuhant t\u00faraker\u00e9kp\u00e1rost","description":"Nem mindennapi t\u00f6rt\u00e9netet osztott meg a Tour de France-on versenyz\u0151 Philippe Gilbert: a 2012-es vil\u00e1gbajnok a c\u00e9lba \u00e9rkez\u00e9s ut\u00e1n m\u00e1r a hegyr\u0151l lefel\u00e9 tartott, amikor egy figyelmetlen t\u00faraker\u00e9kp\u00e1ros \u00e9ppen az orruk el\u0151tt zuhant bele a szakad\u00e9kba \u2013 a hasonl\u00f3t kor\u00e1bban m\u00e1r \u00e1t\u00e9lt belga klasszis v\u00e9g\u00fcl harmadmag\u00e1val 20 percen \u00e1t seg\u00e9dkezett a szerencs\u00e9tlen\u00fcl j\u00e1rt bring\u00e1s kimenek\u00edt\u00e9s\u00e9ben.","robots":{"index":"index","follow":"follow","max-snippet":"max-snippet:-1","max-image-preview":"max-image-preview:large","max-video-preview":"max-video-preview:-1"},"canonical":"https:\/\/www.welovecycling.com\/hu\/orszaguti-kerekpar\/gilbert-es-froome-mentette-ki-a-szakadekba-zuhant-turakerekparost\/","og_locale":"hu_HU","og_type":"article","og_title":"Gilbert \u00e9s Froome mentette ki a szakad\u00e9kba zuhant t\u00faraker\u00e9kp\u00e1rost","og_description":"Nem mindennapi t\u00f6rt\u00e9netet osztott meg a Tour de France-on versenyz\u0151 Philippe Gilbert: a 2012-es vil\u00e1gbajnok a c\u00e9lba \u00e9rkez\u00e9s ut\u00e1n m\u00e1r a hegyr\u0151l lefel\u00e9 tartott, amikor egy figyelmetlen t\u00faraker\u00e9kp\u00e1ros \u00e9ppen az orruk el\u0151tt zuhant bele a szakad\u00e9kba \u2013 a hasonl\u00f3t kor\u00e1bban m\u00e1r \u00e1t\u00e9lt belga klasszis v\u00e9g\u00fcl harmadmag\u00e1val 20 percen \u00e1t seg\u00e9dkezett a szerencs\u00e9tlen\u00fcl j\u00e1rt bring\u00e1s kimenek\u00edt\u00e9s\u00e9ben.","og_url":"https:\/\/www.welovecycling.com\/hu\/orszaguti-kerekpar\/gilbert-es-froome-mentette-ki-a-szakadekba-zuhant-turakerekparost\/","og_site_name":"\u0160koda We Love Cycling - Magyarorsz\u00e1g","article_publisher":"https:\/\/www.facebook.com\/WeLoveCyclingHungary\/","article_published_time":"2021-07-17T06:00:52+00:00","og_image":[{"width":780,"height":585,"url":"https:\/\/d2p6e6u75xmxt8.cloudfront.net\/12\/2021\/07\/wlc_210717.jpg","type":"image\/jpeg"}],"author":"hegyizs","twitter_card":"summary_large_image","twitter_misc":{"Written by":"WLC","Est. reading time":"3 minutes"},"schema":{"@context":"https:\/\/schema.org","@graph":[{"@type":"WebPage","@id":"https:\/\/www.welovecycling.com\/hu\/orszaguti-kerekpar\/gilbert-es-froome-mentette-ki-a-szakadekba-zuhant-turakerekparost\/","url":"https:\/\/www.welovecycling.com\/hu\/orszaguti-kerekpar\/gilbert-es-froome-mentette-ki-a-szakadekba-zuhant-turakerekparost\/","name":"Gilbert \u00e9s Froome mentette ki a szakad\u00e9kba zuhant t\u00faraker\u00e9kp\u00e1rost","isPartOf":{"@id":"https:\/\/www.welovecycling.com\/hu\/#website"},"primaryImageOfPage":{"@id":"https:\/\/www.welovecycling.com\/hu\/orszaguti-kerekpar\/gilbert-es-froome-mentette-ki-a-szakadekba-zuhant-turakerekparost\/#primaryimage"},"image":{"@id":"https:\/\/www.welovecycling.com\/hu\/orszaguti-kerekpar\/gilbert-es-froome-mentette-ki-a-szakadekba-zuhant-turakerekparost\/#primaryimage"},"thumbnailUrl":"https:\/\/d2p6e6u75xmxt8.cloudfront.net\/12\/2021\/07\/wlc_210717.jpg","datePublished":"2021-07-17T06:00:52+00:00","author":{"@id":"https:\/\/www.welovecycling.com\/hu\/#\/schema\/person\/414a2aebf1801691a5320edb6468e194"},"description":"Nem mindennapi t\u00f6rt\u00e9netet osztott meg a Tour de France-on versenyz\u0151 Philippe Gilbert: a 2012-es vil\u00e1gbajnok a c\u00e9lba \u00e9rkez\u00e9s ut\u00e1n m\u00e1r a hegyr\u0151l lefel\u00e9 tartott, amikor egy figyelmetlen t\u00faraker\u00e9kp\u00e1ros \u00e9ppen az orruk el\u0151tt zuhant bele a szakad\u00e9kba \u2013 a hasonl\u00f3t kor\u00e1bban m\u00e1r \u00e1t\u00e9lt belga klasszis v\u00e9g\u00fcl harmadmag\u00e1val 20 percen \u00e1t seg\u00e9dkezett a szerencs\u00e9tlen\u00fcl j\u00e1rt bring\u00e1s kimenek\u00edt\u00e9s\u00e9ben.","breadcrumb":{"@id":"https:\/\/www.welovecycling.com\/hu\/orszaguti-kerekpar\/gilbert-es-froome-mentette-ki-a-szakadekba-zuhant-turakerekparost\/#breadcrumb"},"inLanguage":"hu","potentialAction":[{"@type":"ReadAction","target":["https:\/\/www.welovecycling.com\/hu\/orszaguti-kerekpar\/gilbert-es-froome-mentette-ki-a-szakadekba-zuhant-turakerekparost\/"]}]},{"@type":"ImageObject","inLanguage":"hu","@id":"https:\/\/www.welovecycling.com\/hu\/orszaguti-kerekpar\/gilbert-es-froome-mentette-ki-a-szakadekba-zuhant-turakerekparost\/#primaryimage","url":"https:\/\/d2p6e6u75xmxt8.cloudfront.net\/12\/2021\/07\/wlc_210717.jpg","contentUrl":"https:\/\/d2p6e6u75xmxt8.cloudfront.net\/12\/2021\/07\/wlc_210717.jpg","width":780,"height":585},{"@type":"BreadcrumbList","@id":"https:\/\/www.welovecycling.com\/hu\/orszaguti-kerekpar\/gilbert-es-froome-mentette-ki-a-szakadekba-zuhant-turakerekparost\/#breadcrumb","itemListElement":[{"@type":"ListItem","position":1,"name":"Home","item":"https:\/\/www.welovecycling.com\/hu\/"},{"@type":"ListItem","position":2,"name":"Gilbert \u00e9s Froome mentette ki a szakad\u00e9kba zuhant t\u00faraker\u00e9kp\u00e1rost"}]},{"@type":"WebSite","@id":"https:\/\/www.welovecycling.com\/hu\/#website","url":"https:\/\/www.welovecycling.com\/hu\/","name":"\u0160koda We Love Cycling - Magyarorsz\u00e1g","description":"\u0160koda WeLoveCycling","potentialAction":[{"@type":"SearchAction","target":{"@type":"EntryPoint","urlTemplate":"https:\/\/www.welovecycling.com\/hu\/?s={search_term_string}"},"query-input":{"@type":"PropertyValueSpecification","valueRequired":true,"valueName":"search_term_string"}}],"inLanguage":"hu"},{"@type":"Person","@id":"https:\/\/www.welovecycling.com\/hu\/#\/schema\/person\/414a2aebf1801691a5320edb6468e194","name":"hegyizs","image":{"@type":"ImageObject","inLanguage":"hu","@id":"https:\/\/www.welovecycling.com\/hu\/#\/schema\/person\/image\/","url":"https:\/\/secure.gravatar.com\/avatar\/02cf8a7906b8cf90cecb4679defac7cfd33a1c2e3b88e4903d947f3bb58eedd3?s=96&d=mm&r=g","contentUrl":"https:\/\/secure.gravatar.com\/avatar\/02cf8a7906b8cf90cecb4679defac7cfd33a1c2e3b88e4903d947f3bb58eedd3?s=96&d=mm&r=g","caption":"hegyizs"},"url":"https:\/\/www.welovecycling.com\/hu\/author\/hegyizs\/"}]}},"_links":{"self":[{"href":"https:\/\/www.welovecycling.com\/hu\/wp-json\/wp\/v2\/posts\/12026","targetHints":{"allow":["GET"]}}],"collection":[{"href":"https:\/\/www.welovecycling.com\/hu\/wp-json\/wp\/v2\/posts"}],"about":[{"href":"https:\/\/www.welovecycling.com\/hu\/wp-json\/wp\/v2\/types\/post"}],"author":[{"embeddable":true,"href":"https:\/\/www.welovecycling.com\/hu\/wp-json\/wp\/v2\/users\/71"}],"replies":[{"embeddable":true,"href":"https:\/\/www.welovecycling.com\/hu\/wp-json\/wp\/v2\/comments?post=12026"}],"version-history":[{"count":2,"href":"https:\/\/www.welovecycling.com\/hu\/wp-json\/wp\/v2\/posts\/12026\/revisions"}],"predecessor-version":[{"id":12030,"href":"https:\/\/www.welovecycling.com\/hu\/wp-json\/wp\/v2\/posts\/12026\/revisions\/12030"}],"wp:featuredmedia":[{"embeddable":true,"href":"https:\/\/www.welovecycling.com\/hu\/wp-json\/wp\/v2\/media\/12028"}],"wp:attachment":[{"href":"https:\/\/www.welovecycling.com\/hu\/wp-json\/wp\/v2\/media?parent=12026"}],"wp:term":[{"taxonomy":"category","embeddable":true,"href":"https:\/\/www.welovecycling.com\/hu\/wp-json\/wp\/v2\/categories?post=12026"},{"taxonomy":"post_tag","embeddable":true,"href":"https:\/\/www.welovecycling.com\/hu\/wp-json\/wp\/v2\/tags?post=12026"},{"taxonomy":"global-categories","embeddable":true,"href":"https:\/\/www.welovecycling.com\/hu\/wp-json\/wp\/v2\/global-categories?post=12026"}],"curies":[{"name":"wp","href":"https:\/\/api.w.org\/{rel}","templated":true}]}}