{"id":12017,"date":"2021-07-19T08:00:06","date_gmt":"2021-07-19T06:00:06","guid":{"rendered":"https:\/\/www.welovecycling.com\/hu\/?p=12017"},"modified":"2021-07-20T10:37:03","modified_gmt":"2021-07-20T08:37:03","slug":"milyen-erzes-reszt-venni-egy-24-oras-csapatversenyen","status":"publish","type":"post","link":"https:\/\/www.welovecycling.com\/hu\/orszaguti-kerekpar\/milyen-erzes-reszt-venni-egy-24-oras-csapatversenyen\/","title":{"rendered":"Milyen \u00e9rz\u00e9s r\u00e9szt venni egy 24 \u00f3r\u00e1s csapatversenyen?"},"content":{"rendered":"<p><strong>Amikor egy bar\u00e1tom megkeresett, hogy megk\u00e9rdezze, lenne-e kedvem csatlakozni hozz\u00e1 egy 24 \u00f3r\u00e1s versenyre, csak annyit fogtam fel bel\u0151le, hogy 24 \u00f3ra. Az egy teljes nap. F\u00e9lelmetes! Im\u00e1dok biciklizni, de nem voltam benne biztos, hogy k\u00e9pes vagyok egy ilyen kih\u00edv\u00e1st teljes\u00edteni.<\/strong><\/p>\n<p><!--more--><\/p>\n<p>Elmagyar\u00e1zta, hogy egy 8 f\u0151s csapat tagja lenn\u00e9k, amit egy k\u00f6zelg\u0151 esem\u00e9nyre, a 24-Heures V\u00e9lo-ra \u00e1ll\u00edtott \u00f6ssze. A versenyt a franciaorsz\u00e1gi Le Mans v\u00e1ros k\u00f6zel\u00e9ben fekv\u0151 \u00fatvonalon rendezt\u00e9k meg, ami az azonos nev\u0171 aut\u00f3versenyr\u0151l h\u00edres. A c\u00e9l csak annyi volt, hogy hozzuk ki magunkb\u00f3l a legt\u00f6bbet \u00e9s \u00e9rezz\u00fck j\u00f3l magunkat! Ezzel v\u00e9g\u00fcl meggy\u0151z\u00f6tt: \u00e9n is besz\u00e1lltam.<\/p>\n<p>https:\/\/www.instagram.com\/p\/CD3zsMEKcxz\/?utm_source=ig_web_copy_link<\/p>\n<h2><strong>Felk\u00e9sz\u00fcl\u00e9s<\/strong><\/h2>\n<p>Minden nap biciklivel j\u00e1rtam dolgozni, h\u00e9tv\u00e9g\u00e9n pedig t\u00far\u00e1kat tettem, \u00edgy nem gondoltam, hogy t\u00f6bbet kell tekernem enn\u00e9l ahhoz, hogy felk\u00e9sz\u00fcljek a nagy napra. Hiszen a sz\u00f3rakoz\u00e1s a c\u00e9l, nem igaz? M\u00e9gis mennyire lehet neh\u00e9z 24 \u00f3r\u00e1n bel\u00fcl h\u00e1romszor \u00fclni nyeregbe? A h\u00e9tv\u00e9gi \u00fatjaim t\u00f6bb mint n\u00e9gy \u00f3r\u00e1sak szoktak lenni, sz\u00f3val \u00fagy d\u00f6nt\u00f6ttem, nem kell extra edz\u00e9st beiktatnom.<\/p>\n<p>Nem vagyok nagy rajong\u00f3ja a kempingez\u00e9snek \u00e9s nincs is hozz\u00e1 saj\u00e1t felszerel\u00e9sem, de a csapat t\u00f6bbi tagj\u00e1nak volt annyi, hogy meg tudt\u00e1k velem osztani. Megbesz\u00e9lt\u00fck, ki \u00e9r el\u0151sz\u00f6r a helysz\u00ednre s\u00e1torhelyeket foglalni.<\/p>\n<p>\u00c9n egy bar\u00e1tommal, aki most m\u00e1r a csapatt\u00e1rsam is volt, jutottam el a p\u00e1ly\u00e1hoz. Telepakoltuk az aut\u00f3j\u00e1t ker\u00e9kp\u00e1rjainkkal, h\u00e1l\u00f3zs\u00e1kjainkkal, s\u00e1trainkkal, f\u0151z\u0151eszk\u00f6z\u00f6kkel, v\u00edzzel, \u00e9lelemmel, p\u00f3tkerekekkel \u00e9s m\u00e1s felszerel\u00e9sekkel. Miut\u00e1n megtal\u00e1ltuk a t\u00f6bbieket, let\u00e1boroztunk \u00e9s neki\u00e1lltunk \u00f6ssze\u00e1ll\u00edtani az \u00fctemtervet.<\/p>\n<p>Nyolcan voltunk a csapatban, n\u00e9gy f\u00e9rfi \u00e9s n\u00e9gy n\u0151. Mindenkit 3 \u00f3r\u00e1ra osztottunk be. Sorsol\u00e1ssal d\u00f6nt\u00f6tt\u00fck el a sorrendet. Amikor ez megvolt, elindultunk megszeml\u00e9lni a terepet.<\/p>\n<p>https:\/\/www.instagram.com\/p\/CGPnjIRH2CR\/?utm_source=ig_web_copy_link<\/p>\n<p>B\u00e1r a p\u00e1ly\u00e1n a h\u0151m\u00e9rs\u00e9klet magasabb volt, mint m\u00e1shol, a falak m\u00e9g nem sz\u00edvt\u00e1k magukba az augusztusi napf\u00e9nyt, \u00edgy a leveg\u0151 friss volt \u00e9s h\u0171s\u00edt\u0151. El\u00e9g hely\u00fcnk volt, hogy minden cuccunkat lepakoljuk \u00e9s bemeleg\u00edts\u00fcnk.<\/p>\n<h2><strong>Rajt<\/strong><\/h2>\n<p>A t\u00e9nyleges 24-Hours de Mans aut\u00f3versenyen a r\u00e9sztvev\u0151k a p\u00e1lya t\u00faloldal\u00e1n sorakoznak \u00e9s a rajtpisztoly eld\u00f6rd\u00fcl\u00e9sekor kell odafutniuk az aut\u00f3ikhoz. A hagyom\u00e1ny megk\u00f6vetelte, hogy mi is \u00edgy tegy\u00fcnk. Az els\u0151 versenyz\u0151nk fel\u00e1llt h\u00e1t szemben vel\u00fcnk, egy m\u00e1sik pedig a biciklij\u00e9t fogta.<\/p>\n<p>Ker\u00e9kp\u00e1ros cip\u0151ben futni nem t\u00fal kecses, de egy darabban oda\u00e9rt j\u00e1rg\u00e1ny\u00e1hoz \u00e9s felpattant r\u00e1. A h\u00e1tt\u00e9rben hatalmas l\u00e1zban \u00e9gtek a n\u00e9z\u0151k \u00e9s a csapattagok: cseng\u0151vel, z\u00e1szl\u00f3kkal, dud\u00e1kkal biztatt\u00e1k a versenyz\u0151ket. Tapintani lehetett a leveg\u0151ben az izgatotts\u00e1got.<\/p>\n<p>https:\/\/www.instagram.com\/p\/B1q-bdjCkcm\/?utm_source=ig_web_copy_link<\/p>\n<p>Elj\u00f6tt a v\u00e1rakoz\u00e1s ideje. Visszaindultam a kempingbe, \u00fatk\u00f6zben kit\u00e9r\u0151t tettem, hogy megn\u00e9zzem a versenyfalut. A Shimano f\u00fcggetlen szerel\u0151i rendelkez\u00e9s\u00fcnkre \u00e1lltak, b\u00e1rmilyen probl\u00e9m\u00e1nk lenne a biciklinkkel. A s\u00e1trakn\u00e1l letelepedtem \u00e9s be\u00e1ll\u00edtottam k\u00e9t id\u0151z\u00edt\u0151t, hogy biztosan id\u0151ben vissza\u00e9rjek. Behunytam a szemem \u00e9s igyekeztem pihenni.<\/p>\n<h2><strong>Els\u0151 fordul\u00f3<\/strong><\/h2>\n<p>Az els\u0151 fordul\u00f3m este nyolckor indult, de m\u00e9g nappali vil\u00e1goss\u00e1gban tekertem. Franciaorsz\u00e1gnak ezen a r\u00e9sz\u00e9n, ny\u00e1ron ak\u00e1r tizenegyig is vil\u00e1gos lehet. Visszamentem a helysz\u00ednre \u00e9s megkerestem a szememmel a csapatt\u00e1rsam. Jelezt\u00fcnk egym\u00e1snak, hogy a k\u00f6vetkez\u0151 k\u00f6rn\u00e9l cser\u00e9l\u00fcnk. Val\u00f3sz\u00edn\u0171leg be kellett volna meleg\u00edtenem a fel\u00e1ll\u00edtott szobabiciklin, de nem tettem.<\/p>\n<p>Elfoglaltam a helyem \u00e9s v\u00e1rtam. Amikor meg\u00e9rkezett, az volt az els\u0151 dolga, hogy levette az id\u0151m\u00e9r\u0151t a jobb bok\u00e1j\u00e1r\u00f3l \u00e9s \u00e1tadta nekem. Ez egy nagyon fontos l\u00e9p\u00e9s volt, hiszen a szerkezet n\u00e9lk\u00fcl megtett k\u00f6r\u00f6k nem sz\u00e1m\u00edtottak. Felcsatoltam \u00e9s elindultam a p\u00e1lya fel\u00e9.<\/p>\n<p>https:\/\/www.instagram.com\/p\/B5SVmNAqtLZ\/?utm_source=ig_web_copy_link<\/p>\n<p>A Tv-ben \u00fagy t\u0171nik, hogy az aut\u00f3versenyek p\u00e1ly\u00e1i teljesen laposak, de ez nem igaz! Hamarosan egy r\u00f6vid, de meglehet\u0151sen neh\u00e9z emelked\u0151 lepett meg. Durva fogadtat\u00e1s! Ekkor m\u00e1r tudtam, hogy j\u00f3l j\u00f6tt volna az a bemeleg\u00edt\u00e9s. Felk\u00fczd\u00f6ttem magam a dombra \u00e9s tekertem tov\u00e1bb, az egy \u00f3r\u00e1s menet v\u00e9ge fel\u00e9.<\/p>\n<p>Amikor v\u00e9geztem, bekaptam egy kis kaj\u00e1t, ittam \u00e9s mentem vissza a s\u00e1torba pihenni. \u00dagy \u00e9reztem, friss vagyok, de tudtam, hogy kell az energia a k\u00f6vetkez\u0151 fordul\u00f3m el\u0151tt.<\/p>\n<h2><strong>M\u00e1sodik fordul\u00f3<\/strong><\/h2>\n<p>Hajnali h\u00e1romkor motiv\u00e1ltan \u00e9s a k\u00f6vetkez\u0151 teker\u00e9sre felk\u00e9sz\u00fclten kelni nem volt k\u00f6nny\u0171. Gy\u0171r\u00f6tt voltam \u00e9s alig tudtam r\u00e1venni magam, hogy egyek valamit. \u00c1t\u00f6lt\u00f6ztem tiszta ruh\u00e1ba. Az \u00e9jszakai leveg\u0151 h\u0171v\u00f6sebb volt, de egyszer\u0171en term\u00e9szetellenes volt ilyenkor \u00e9bren lenni. A nappali f\u00e9ny hi\u00e1nya eml\u00e9keztetett r\u00e1, hogy kelleni fognak a l\u00e1mp\u00e1im is.<\/p>\n<p>Am\u00edg v\u00e1rtam a csapatt\u00e1rsamra, a csillagokkal teli eget csod\u00e1ltam. A hangok eg\u00e9szen m\u00e1sok voltak ebben az \u00f3r\u00e1ban, mint este, szinte k\u00eds\u00e9rtetiesek. Kevesen voltak a lel\u00e1t\u00f3n, s\u0151t, a versenyz\u0151k is hallgattak. Csak a motoszk\u00e1l\u00e1s hallatszott, ahogy l\u00e1mp\u00e1kat kerest\u00fcnk a felszerel\u00e9s k\u00f6z\u00f6tt. Ha szerencs\u00e9d van, akkor csatlakozol a mez\u0151nyh\u00f6z, amikor elhalad arrafel\u00e9 egy csoport \u00e9s nem kell egyed\u00fcl tekerned.<\/p>\n<p>https:\/\/www.instagram.com\/p\/B5UuIItKOW-\/?utm_source=ig_web_copy_link<\/p>\n<p>M\u00e1r l\u00e1tsz\u00f3dott a versenyz\u0151k\u00f6n a f\u00e1radts\u00e1g, k\u00fcl\u00f6n\u00f6sen azokon, akik egyed\u00fcl vagy p\u00e1rban j\u00f6ttek. Szemtan\u00faja voltam n\u00e9h\u00e1ny borul\u00e1snak. Sajnos nem tehettem m\u00e1st, mint hogy kiker\u00fcl\u00f6m \u0151ket \u00e9s megyek tov\u00e1bb. Kulcsfontoss\u00e1g\u00fa volt, hogy \u00e9ber maradjak.<\/p>\n<p>A m\u00e1sodik menet ut\u00e1n kicsit visszaaludtam, de csak f\u00e9l\u00e1lomba. Miut\u00e1n feladtam, hogy rendesen pihenjek, visszamentem a p\u00e1ly\u00e1hoz. Ahogy \u00e9rezt\u00e9k a r\u00e9sztvev\u0151k a verseny v\u00e9g\u00e9nek k\u00f6zeledt\u00e9t, \u00fagy emelkedett \u00fajra a hangulat.<\/p>\n<h2><strong>Harmadik fordul\u00f3<\/strong><\/h2>\n<p>A harmadik k\u00f6r v\u00e9ge kiss\u00e9 hom\u00e1lyos. Hat\u00e1rozottan lassabbnak \u00e9s nehezebbnek \u00e9reztem magam, ak\u00e1rcsak egy zongor\u00e1t h\u00fazn\u00e9k magam m\u00f6g\u00f6tt. Miut\u00e1n teljes\u00edtettem a k\u00f6teless\u00e9gem, lezuhanyoztam, felvettem a tiszta ruh\u00e1imat \u00e9s egy forr\u00f3 te\u00e1val a kezemben visszamentem a p\u00e1lya sz\u00e9l\u00e9re, hogy megn\u00e9zzem a fin\u00e1l\u00e9t.<\/p>\n<p>Ahogy az utols\u00f3 versenyz\u0151k is v\u00e9geztek, egyre t\u00f6bben \u00e1lltunk az \u00fat sz\u00e9l\u00e9n, \u00e9s a lel\u00e1t\u00f3kon is gy\u00fclekeztek a n\u00e9z\u0151k. A fesz\u00fclts\u00e9g \u00e9rezhet\u0151 volt. Az alv\u00e1shi\u00e1ny sokak arc\u00e1n megl\u00e1tszott, de nem fedte el az \u00f6r\u00f6m\u00f6t \u00e9s a mosolyt. Ut\u00f3lag m\u00e1r nem is t\u0171nt olyan neh\u00e9znek a verseny.<\/p>\n<p>https:\/\/www.instagram.com\/p\/B5Sk6S4KwNx\/?utm_source=ig_web_copy_link<\/p>\n<h2><strong>Fin\u00e1l\u00e9<\/strong><\/h2>\n<p>A pontoz\u00e1s sor\u00e1n a teljes t\u00e1vols\u00e1got vett\u00e9k figyelembe, kateg\u00f3ri\u00e1nk\u00e9nt. A nyolc f\u0151s vegyes csapatokban legal\u00e1bb h\u00e1rom n\u0151nek kellett lennie, akik legal\u00e1bb egy fordul\u00f3ban tekertek. B\u00fcszk\u00e9n mondhatjuk, hogy a mi csapatunkban egyenl\u0151 volt a nemi eloszl\u00e1s \u00e9s mindannyian ugyanannyit \u00fclt\u00fcnk a nyeregben!<\/p>\n<p>V\u00e9g\u00fcl mi nyert\u00fck meg a kateg\u00f3ri\u00e1nkat, nem is kicsivel! T\u00f6bb mint 50 kilom\u00e9teres el\u0151ny\u00fcnk volt a t\u00f6bbi csapattal szemben! Fel\u00e1llhattunk a dobog\u00f3ra \u00e9s mindegyik\u00fcnk kapott egy csod\u00e1s 24-Heures V\u00e9lo tr\u00f3fe\u00e1t, a gy\u0151zteseknek j\u00e1r\u00f3 mezt \u00e9s egy csom\u00f3 hasznos aj\u00e1nd\u00e9kot.<\/p>\n<p>Hogy mit vittem haza a versenyr\u0151l? Fantasztikus \u00e9lm\u00e9nyeket. Soha nem gondoltam volna r\u00e1, hogy benevezzek egy ilyenre, de \u00f6r\u00fcl\u00f6k, hogy megtettem. \u00daj embereket ismerhettem meg \u00e9s \u00faj dolgokat tapasztalhattam meg egy olyan sport\u00e1gban, amit im\u00e1dok.<\/p>\n<p>A gy\u0151zelem csak hab volt a tort\u00e1n. A h\u00e9tv\u00e9ge legnagyobb nyerem\u00e9nye a bar\u00e1ts\u00e1g, ami a csapatom tagjaival k\u00f6ttetett k\u00f6z\u00f6tt\u00fcnk. Annyira \u00e9lvezt\u00fck, hogy j\u00f6v\u0151re is indulni fogunk!<\/p>\n","protected":false},"excerpt":{"rendered":"<p>Amikor egy bar\u00e1tom megkeresett, hogy megk\u00e9rdezze, lenne-e kedvem csatlakozni hozz\u00e1 egy 24 \u00f3r\u00e1s versenyre, csak annyit fogtam fel bel\u0151le, hogy [&hellip;]<\/p>\n","protected":false},"author":71,"featured_media":12024,"comment_status":"closed","ping_status":"closed","sticky":false,"template":"","format":"standard","meta":{"footnotes":""},"categories":[8],"tags":[],"global-categories":[],"class_list":["post-12017","post","type-post","status-publish","format-standard","has-post-thumbnail","hentry","category-orszaguti-kerekpar"],"yoast_head":"<!-- This site is optimized with the Yoast SEO Premium plugin v25.3 (Yoast SEO v25.9) - https:\/\/yoast.com\/wordpress\/plugins\/seo\/ -->\n<title>Milyen \u00e9rz\u00e9s r\u00e9szt venni egy 24 \u00f3r\u00e1s csapatversenyen?<\/title>\n<meta name=\"description\" content=\"Amikor egy bar\u00e1tom megkeresett, hogy megk\u00e9rdezze, lenne-e kedvem csatlakozni hozz\u00e1 egy 24 \u00f3r\u00e1s versenyre, csak annyit fogtam fel bel\u0151le, hogy 24 \u00f3ra. Az egy teljes nap. F\u00e9lelmetes! Im\u00e1dok biciklizni, de nem voltam benne biztos, hogy k\u00e9pes vagyok egy ilyen kih\u00edv\u00e1st teljes\u00edteni.\" \/>\n<meta name=\"robots\" content=\"index, follow, max-snippet:-1, max-image-preview:large, max-video-preview:-1\" \/>\n<link rel=\"canonical\" href=\"https:\/\/www.welovecycling.com\/hu\/orszaguti-kerekpar\/milyen-erzes-reszt-venni-egy-24-oras-csapatversenyen\/\" \/>\n<meta property=\"og:locale\" content=\"hu_HU\" \/>\n<meta property=\"og:type\" content=\"article\" \/>\n<meta property=\"og:title\" content=\"Milyen \u00e9rz\u00e9s r\u00e9szt venni egy 24 \u00f3r\u00e1s csapatversenyen?\" \/>\n<meta property=\"og:description\" content=\"Amikor egy bar\u00e1tom megkeresett, hogy megk\u00e9rdezze, lenne-e kedvem csatlakozni hozz\u00e1 egy 24 \u00f3r\u00e1s versenyre, csak annyit fogtam fel bel\u0151le, hogy 24 \u00f3ra. Az egy teljes nap. F\u00e9lelmetes! Im\u00e1dok biciklizni, de nem voltam benne biztos, hogy k\u00e9pes vagyok egy ilyen kih\u00edv\u00e1st teljes\u00edteni.\" \/>\n<meta property=\"og:url\" content=\"https:\/\/www.welovecycling.com\/hu\/orszaguti-kerekpar\/milyen-erzes-reszt-venni-egy-24-oras-csapatversenyen\/\" \/>\n<meta property=\"og:site_name\" content=\"\u0160koda We Love Cycling - Magyarorsz\u00e1g\" \/>\n<meta property=\"article:publisher\" content=\"https:\/\/www.facebook.com\/WeLoveCyclingHungary\/\" \/>\n<meta property=\"article:published_time\" content=\"2021-07-19T06:00:06+00:00\" \/>\n<meta property=\"article:modified_time\" content=\"2021-07-20T08:37:03+00:00\" \/>\n<meta property=\"og:image\" content=\"https:\/\/d2p6e6u75xmxt8.cloudfront.net\/12\/2021\/07\/24-Hour-Race-CVR.jpg\" \/>\n\t<meta property=\"og:image:width\" content=\"1366\" \/>\n\t<meta property=\"og:image:height\" content=\"600\" \/>\n\t<meta property=\"og:image:type\" content=\"image\/jpeg\" \/>\n<meta name=\"author\" content=\"hegyizs\" \/>\n<meta name=\"twitter:card\" content=\"summary_large_image\" \/>\n<meta name=\"twitter:label1\" content=\"Written by\" \/>\n\t<meta name=\"twitter:data1\" content=\"Andrea Champredonde\" \/>\n\t<meta name=\"twitter:label2\" content=\"Est. reading time\" \/>\n\t<meta name=\"twitter:data2\" content=\"6\" \/>\n<script type=\"application\/ld+json\" class=\"yoast-schema-graph\">{\"@context\":\"https:\/\/schema.org\",\"@graph\":[{\"@type\":\"WebPage\",\"@id\":\"https:\/\/www.welovecycling.com\/hu\/orszaguti-kerekpar\/milyen-erzes-reszt-venni-egy-24-oras-csapatversenyen\/\",\"url\":\"https:\/\/www.welovecycling.com\/hu\/orszaguti-kerekpar\/milyen-erzes-reszt-venni-egy-24-oras-csapatversenyen\/\",\"name\":\"Milyen \u00e9rz\u00e9s r\u00e9szt venni egy 24 \u00f3r\u00e1s csapatversenyen?\",\"isPartOf\":{\"@id\":\"https:\/\/www.welovecycling.com\/hu\/#website\"},\"primaryImageOfPage\":{\"@id\":\"https:\/\/www.welovecycling.com\/hu\/orszaguti-kerekpar\/milyen-erzes-reszt-venni-egy-24-oras-csapatversenyen\/#primaryimage\"},\"image\":{\"@id\":\"https:\/\/www.welovecycling.com\/hu\/orszaguti-kerekpar\/milyen-erzes-reszt-venni-egy-24-oras-csapatversenyen\/#primaryimage\"},\"thumbnailUrl\":\"https:\/\/d2p6e6u75xmxt8.cloudfront.net\/12\/2021\/07\/24-Hour-Race-CVR.jpg\",\"datePublished\":\"2021-07-19T06:00:06+00:00\",\"dateModified\":\"2021-07-20T08:37:03+00:00\",\"author\":{\"@id\":\"https:\/\/www.welovecycling.com\/hu\/#\/schema\/person\/414a2aebf1801691a5320edb6468e194\"},\"description\":\"Amikor egy bar\u00e1tom megkeresett, hogy megk\u00e9rdezze, lenne-e kedvem csatlakozni hozz\u00e1 egy 24 \u00f3r\u00e1s versenyre, csak annyit fogtam fel bel\u0151le, hogy 24 \u00f3ra. Az egy teljes nap. F\u00e9lelmetes! Im\u00e1dok biciklizni, de nem voltam benne biztos, hogy k\u00e9pes vagyok egy ilyen kih\u00edv\u00e1st teljes\u00edteni.\",\"breadcrumb\":{\"@id\":\"https:\/\/www.welovecycling.com\/hu\/orszaguti-kerekpar\/milyen-erzes-reszt-venni-egy-24-oras-csapatversenyen\/#breadcrumb\"},\"inLanguage\":\"hu\",\"potentialAction\":[{\"@type\":\"ReadAction\",\"target\":[\"https:\/\/www.welovecycling.com\/hu\/orszaguti-kerekpar\/milyen-erzes-reszt-venni-egy-24-oras-csapatversenyen\/\"]}]},{\"@type\":\"ImageObject\",\"inLanguage\":\"hu\",\"@id\":\"https:\/\/www.welovecycling.com\/hu\/orszaguti-kerekpar\/milyen-erzes-reszt-venni-egy-24-oras-csapatversenyen\/#primaryimage\",\"url\":\"https:\/\/d2p6e6u75xmxt8.cloudfront.net\/12\/2021\/07\/24-Hour-Race-CVR.jpg\",\"contentUrl\":\"https:\/\/d2p6e6u75xmxt8.cloudfront.net\/12\/2021\/07\/24-Hour-Race-CVR.jpg\",\"width\":1366,\"height\":600,\"caption\":\"24-Hour Race\"},{\"@type\":\"BreadcrumbList\",\"@id\":\"https:\/\/www.welovecycling.com\/hu\/orszaguti-kerekpar\/milyen-erzes-reszt-venni-egy-24-oras-csapatversenyen\/#breadcrumb\",\"itemListElement\":[{\"@type\":\"ListItem\",\"position\":1,\"name\":\"Home\",\"item\":\"https:\/\/www.welovecycling.com\/hu\/\"},{\"@type\":\"ListItem\",\"position\":2,\"name\":\"Milyen \u00e9rz\u00e9s r\u00e9szt venni egy 24 \u00f3r\u00e1s csapatversenyen?\"}]},{\"@type\":\"WebSite\",\"@id\":\"https:\/\/www.welovecycling.com\/hu\/#website\",\"url\":\"https:\/\/www.welovecycling.com\/hu\/\",\"name\":\"\u0160koda We Love Cycling - Magyarorsz\u00e1g\",\"description\":\"\u0160koda WeLoveCycling\",\"potentialAction\":[{\"@type\":\"SearchAction\",\"target\":{\"@type\":\"EntryPoint\",\"urlTemplate\":\"https:\/\/www.welovecycling.com\/hu\/?s={search_term_string}\"},\"query-input\":{\"@type\":\"PropertyValueSpecification\",\"valueRequired\":true,\"valueName\":\"search_term_string\"}}],\"inLanguage\":\"hu\"},{\"@type\":\"Person\",\"@id\":\"https:\/\/www.welovecycling.com\/hu\/#\/schema\/person\/414a2aebf1801691a5320edb6468e194\",\"name\":\"hegyizs\",\"image\":{\"@type\":\"ImageObject\",\"inLanguage\":\"hu\",\"@id\":\"https:\/\/www.welovecycling.com\/hu\/#\/schema\/person\/image\/\",\"url\":\"https:\/\/secure.gravatar.com\/avatar\/02cf8a7906b8cf90cecb4679defac7cfd33a1c2e3b88e4903d947f3bb58eedd3?s=96&d=mm&r=g\",\"contentUrl\":\"https:\/\/secure.gravatar.com\/avatar\/02cf8a7906b8cf90cecb4679defac7cfd33a1c2e3b88e4903d947f3bb58eedd3?s=96&d=mm&r=g\",\"caption\":\"hegyizs\"},\"url\":\"https:\/\/www.welovecycling.com\/hu\/author\/hegyizs\/\"}]}<\/script>\n<!-- \/ Yoast SEO Premium plugin. -->","yoast_head_json":{"title":"Milyen \u00e9rz\u00e9s r\u00e9szt venni egy 24 \u00f3r\u00e1s csapatversenyen?","description":"Amikor egy bar\u00e1tom megkeresett, hogy megk\u00e9rdezze, lenne-e kedvem csatlakozni hozz\u00e1 egy 24 \u00f3r\u00e1s versenyre, csak annyit fogtam fel bel\u0151le, hogy 24 \u00f3ra. Az egy teljes nap. F\u00e9lelmetes! Im\u00e1dok biciklizni, de nem voltam benne biztos, hogy k\u00e9pes vagyok egy ilyen kih\u00edv\u00e1st teljes\u00edteni.","robots":{"index":"index","follow":"follow","max-snippet":"max-snippet:-1","max-image-preview":"max-image-preview:large","max-video-preview":"max-video-preview:-1"},"canonical":"https:\/\/www.welovecycling.com\/hu\/orszaguti-kerekpar\/milyen-erzes-reszt-venni-egy-24-oras-csapatversenyen\/","og_locale":"hu_HU","og_type":"article","og_title":"Milyen \u00e9rz\u00e9s r\u00e9szt venni egy 24 \u00f3r\u00e1s csapatversenyen?","og_description":"Amikor egy bar\u00e1tom megkeresett, hogy megk\u00e9rdezze, lenne-e kedvem csatlakozni hozz\u00e1 egy 24 \u00f3r\u00e1s versenyre, csak annyit fogtam fel bel\u0151le, hogy 24 \u00f3ra. Az egy teljes nap. F\u00e9lelmetes! Im\u00e1dok biciklizni, de nem voltam benne biztos, hogy k\u00e9pes vagyok egy ilyen kih\u00edv\u00e1st teljes\u00edteni.","og_url":"https:\/\/www.welovecycling.com\/hu\/orszaguti-kerekpar\/milyen-erzes-reszt-venni-egy-24-oras-csapatversenyen\/","og_site_name":"\u0160koda We Love Cycling - Magyarorsz\u00e1g","article_publisher":"https:\/\/www.facebook.com\/WeLoveCyclingHungary\/","article_published_time":"2021-07-19T06:00:06+00:00","article_modified_time":"2021-07-20T08:37:03+00:00","og_image":[{"width":1366,"height":600,"url":"https:\/\/d2p6e6u75xmxt8.cloudfront.net\/12\/2021\/07\/24-Hour-Race-CVR.jpg","type":"image\/jpeg"}],"author":"hegyizs","twitter_card":"summary_large_image","twitter_misc":{"Written by":"Andrea Champredonde","Est. reading time":"6"},"schema":{"@context":"https:\/\/schema.org","@graph":[{"@type":"WebPage","@id":"https:\/\/www.welovecycling.com\/hu\/orszaguti-kerekpar\/milyen-erzes-reszt-venni-egy-24-oras-csapatversenyen\/","url":"https:\/\/www.welovecycling.com\/hu\/orszaguti-kerekpar\/milyen-erzes-reszt-venni-egy-24-oras-csapatversenyen\/","name":"Milyen \u00e9rz\u00e9s r\u00e9szt venni egy 24 \u00f3r\u00e1s csapatversenyen?","isPartOf":{"@id":"https:\/\/www.welovecycling.com\/hu\/#website"},"primaryImageOfPage":{"@id":"https:\/\/www.welovecycling.com\/hu\/orszaguti-kerekpar\/milyen-erzes-reszt-venni-egy-24-oras-csapatversenyen\/#primaryimage"},"image":{"@id":"https:\/\/www.welovecycling.com\/hu\/orszaguti-kerekpar\/milyen-erzes-reszt-venni-egy-24-oras-csapatversenyen\/#primaryimage"},"thumbnailUrl":"https:\/\/d2p6e6u75xmxt8.cloudfront.net\/12\/2021\/07\/24-Hour-Race-CVR.jpg","datePublished":"2021-07-19T06:00:06+00:00","dateModified":"2021-07-20T08:37:03+00:00","author":{"@id":"https:\/\/www.welovecycling.com\/hu\/#\/schema\/person\/414a2aebf1801691a5320edb6468e194"},"description":"Amikor egy bar\u00e1tom megkeresett, hogy megk\u00e9rdezze, lenne-e kedvem csatlakozni hozz\u00e1 egy 24 \u00f3r\u00e1s versenyre, csak annyit fogtam fel bel\u0151le, hogy 24 \u00f3ra. Az egy teljes nap. F\u00e9lelmetes! Im\u00e1dok biciklizni, de nem voltam benne biztos, hogy k\u00e9pes vagyok egy ilyen kih\u00edv\u00e1st teljes\u00edteni.","breadcrumb":{"@id":"https:\/\/www.welovecycling.com\/hu\/orszaguti-kerekpar\/milyen-erzes-reszt-venni-egy-24-oras-csapatversenyen\/#breadcrumb"},"inLanguage":"hu","potentialAction":[{"@type":"ReadAction","target":["https:\/\/www.welovecycling.com\/hu\/orszaguti-kerekpar\/milyen-erzes-reszt-venni-egy-24-oras-csapatversenyen\/"]}]},{"@type":"ImageObject","inLanguage":"hu","@id":"https:\/\/www.welovecycling.com\/hu\/orszaguti-kerekpar\/milyen-erzes-reszt-venni-egy-24-oras-csapatversenyen\/#primaryimage","url":"https:\/\/d2p6e6u75xmxt8.cloudfront.net\/12\/2021\/07\/24-Hour-Race-CVR.jpg","contentUrl":"https:\/\/d2p6e6u75xmxt8.cloudfront.net\/12\/2021\/07\/24-Hour-Race-CVR.jpg","width":1366,"height":600,"caption":"24-Hour Race"},{"@type":"BreadcrumbList","@id":"https:\/\/www.welovecycling.com\/hu\/orszaguti-kerekpar\/milyen-erzes-reszt-venni-egy-24-oras-csapatversenyen\/#breadcrumb","itemListElement":[{"@type":"ListItem","position":1,"name":"Home","item":"https:\/\/www.welovecycling.com\/hu\/"},{"@type":"ListItem","position":2,"name":"Milyen \u00e9rz\u00e9s r\u00e9szt venni egy 24 \u00f3r\u00e1s csapatversenyen?"}]},{"@type":"WebSite","@id":"https:\/\/www.welovecycling.com\/hu\/#website","url":"https:\/\/www.welovecycling.com\/hu\/","name":"\u0160koda We Love Cycling - Magyarorsz\u00e1g","description":"\u0160koda WeLoveCycling","potentialAction":[{"@type":"SearchAction","target":{"@type":"EntryPoint","urlTemplate":"https:\/\/www.welovecycling.com\/hu\/?s={search_term_string}"},"query-input":{"@type":"PropertyValueSpecification","valueRequired":true,"valueName":"search_term_string"}}],"inLanguage":"hu"},{"@type":"Person","@id":"https:\/\/www.welovecycling.com\/hu\/#\/schema\/person\/414a2aebf1801691a5320edb6468e194","name":"hegyizs","image":{"@type":"ImageObject","inLanguage":"hu","@id":"https:\/\/www.welovecycling.com\/hu\/#\/schema\/person\/image\/","url":"https:\/\/secure.gravatar.com\/avatar\/02cf8a7906b8cf90cecb4679defac7cfd33a1c2e3b88e4903d947f3bb58eedd3?s=96&d=mm&r=g","contentUrl":"https:\/\/secure.gravatar.com\/avatar\/02cf8a7906b8cf90cecb4679defac7cfd33a1c2e3b88e4903d947f3bb58eedd3?s=96&d=mm&r=g","caption":"hegyizs"},"url":"https:\/\/www.welovecycling.com\/hu\/author\/hegyizs\/"}]}},"_links":{"self":[{"href":"https:\/\/www.welovecycling.com\/hu\/wp-json\/wp\/v2\/posts\/12017","targetHints":{"allow":["GET"]}}],"collection":[{"href":"https:\/\/www.welovecycling.com\/hu\/wp-json\/wp\/v2\/posts"}],"about":[{"href":"https:\/\/www.welovecycling.com\/hu\/wp-json\/wp\/v2\/types\/post"}],"author":[{"embeddable":true,"href":"https:\/\/www.welovecycling.com\/hu\/wp-json\/wp\/v2\/users\/71"}],"replies":[{"embeddable":true,"href":"https:\/\/www.welovecycling.com\/hu\/wp-json\/wp\/v2\/comments?post=12017"}],"version-history":[{"count":1,"href":"https:\/\/www.welovecycling.com\/hu\/wp-json\/wp\/v2\/posts\/12017\/revisions"}],"predecessor-version":[{"id":12025,"href":"https:\/\/www.welovecycling.com\/hu\/wp-json\/wp\/v2\/posts\/12017\/revisions\/12025"}],"wp:featuredmedia":[{"embeddable":true,"href":"https:\/\/www.welovecycling.com\/hu\/wp-json\/wp\/v2\/media\/12024"}],"wp:attachment":[{"href":"https:\/\/www.welovecycling.com\/hu\/wp-json\/wp\/v2\/media?parent=12017"}],"wp:term":[{"taxonomy":"category","embeddable":true,"href":"https:\/\/www.welovecycling.com\/hu\/wp-json\/wp\/v2\/categories?post=12017"},{"taxonomy":"post_tag","embeddable":true,"href":"https:\/\/www.welovecycling.com\/hu\/wp-json\/wp\/v2\/tags?post=12017"},{"taxonomy":"global-categories","embeddable":true,"href":"https:\/\/www.welovecycling.com\/hu\/wp-json\/wp\/v2\/global-categories?post=12017"}],"curies":[{"name":"wp","href":"https:\/\/api.w.org\/{rel}","templated":true}]}}