{"id":12011,"date":"2021-07-22T08:00:30","date_gmt":"2021-07-22T06:00:30","guid":{"rendered":"https:\/\/www.welovecycling.com\/hu\/?p=12011"},"modified":"2022-02-03T13:00:36","modified_gmt":"2022-02-03T11:00:36","slug":"a-honap-utvonala-julius-mangart-hegy-szlovenia","status":"publish","type":"post","link":"https:\/\/www.welovecycling.com\/hu\/honap-utvonala\/a-honap-utvonala-julius-mangart-hegy-szlovenia\/","title":{"rendered":"A h\u00f3nap \u00fatvonala \u2013 J\u00falius: Mangart-hegy, Szlov\u00e9nia"},"content":{"rendered":"<p><strong>Csak \u00f6t \u00f3r\u00e1ra van Budapestt\u0151l \u00e9s m\u00e9gis eg\u00e9szen m\u00e1s \u00e9lm\u00e9nyt ny\u00fajt a szlov\u00e9n hegys\u00e9g, a maga 2500 m\u00e9ter feletti szintmagass\u00e1g\u00e1val, 18-20%-os emelked\u0151ivel \u00e9s leny\u0171g\u00f6z\u0151 l\u00e1tv\u00e1ny\u00e1val. A Mangart-nyerget \u00e9s a Jof di Montasio cs\u00facs\u00e1t vette c\u00e9lba L\u00e1szl\u00f3, P\u00e9ter \u00e9s D\u00e1vid a tiszteletrem\u00e9lt\u00f3 4148 m\u00e9teres szintemelked\u00e9st pedig 8 \u00f3ra alatt teljes\u00edtett\u00e9k is. A j\u00faliusi h\u00f3nap \u00fatvonal\u00e1t csak tapasztalt ker\u00e9kp\u00e1rosoknak aj\u00e1nljuk!<\/strong><!--more--><\/p>\n<p><em>\u201eA J\u00falia-Alpok p\u00e1ratlan k\u00f6rnyezeti adotts\u00e1gokkal rendelkezik\u201d<\/em> \u2013 mes\u00e9lte L\u00e1szl\u00f3. \u201e<em>Itt tal\u00e1lhat\u00f3 az Isonz\u00f3 foly\u00f3 (szlov\u00e9n\u00fcl Soca), ami Eur\u00f3pa legszebb vadvize, egyed\u00fcl\u00e1ll\u00f3 smaragdz\u00f6ld sz\u00edn\u00e9vel.<br \/>\nAz \u00fatvonal adta mag\u00e1t, mert ezen a k\u00f6r\u00f6n \u00e9rhetj\u00fck el az egyik legnagyobb szintet, \u00e9rintve Szlov\u00e9nia legmagasabb h\u00e1g\u00f3j\u00e1t, a Vrsic -et (1611m), legmagasabban fekv\u0151 panor\u00e1ma\u00fatj\u00e1t, a Mangart-nyerget (2032 m), \u00e9s &#8211; ha az id\u0151 \u00e9s a l\u00e1bak engedik &#8211; az olasz hat\u00e1ron \u00e1tkelve Jof di Montasio mes\u00e9be ill\u0151 alpesi legel\u0151it is l\u00e1thatjuk.\u201d<\/em><\/p>\n<p><a href=\"https:\/\/d2p6e6u75xmxt8.cloudfront.net\/12\/2021\/07\/wlc_huv_07_01.jpg\"><img loading=\"lazy\" decoding=\"async\" class=\"alignnone size-large wp-image-12012\" src=\"https:\/\/d2p6e6u75xmxt8.cloudfront.net\/12\/2021\/07\/wlc_huv_07_01-1024x461.jpg\" alt=\"\" width=\"1024\" height=\"461\" srcset=\"https:\/\/d2p6e6u75xmxt8.cloudfront.net\/12\/2021\/07\/wlc_huv_07_01-1024x461.jpg 1024w, https:\/\/d2p6e6u75xmxt8.cloudfront.net\/12\/2021\/07\/wlc_huv_07_01-300x135.jpg 300w, https:\/\/d2p6e6u75xmxt8.cloudfront.net\/12\/2021\/07\/wlc_huv_07_01-768x346.jpg 768w, https:\/\/d2p6e6u75xmxt8.cloudfront.net\/12\/2021\/07\/wlc_huv_07_01.jpg 1386w\" sizes=\"auto, (max-width: 1024px) 100vw, 1024px\" \/><\/a><\/p>\n<p>M\u00e1r ebb\u0151l a le\u00edr\u00e1sb\u00f3l is l\u00e1tszik, hogy L\u00e1szl\u00f3\u00e9k nem egy laza, csal\u00e1dbar\u00e1t teker\u00e9sre indultak. Laci 2013-ban kezdett el ker\u00e9kp\u00e1rozni, p\u00e1lyafut\u00e1sa a B\u00fckkben kezd\u0151d\u00f6tt, ahova egy bar\u00e1tja cs\u00e1b\u00edtotta el. A sport var\u00e1zsa \u0151t is rabul ejtette: <em>\u201eA term\u00e9szet k\u00f6zels\u00e9ge, a j\u00f3 illatok \u00e9s a sz\u00e9p k\u00f6rnyezet miatt egyre s\u0171r\u0171bben visszaj\u00e1rtam, ami azt eredm\u00e9nyezte, hogy egyre gyorsabban \u00e9s egyre nagyobb t\u00e1vokat tudtam letekerni.\u201d<\/em><\/p>\n<p>A mountain bike ut\u00e1n az orsz\u00e1g\u00fati ker\u00e9kp\u00e1roz\u00e1sba is belek\u00f3stolt, \u00e9s annyira megtetszett neki, hogy jelenleg ez az els\u0151dleges sportja.<\/p>\n<figure id=\"attachment_12013\" aria-describedby=\"caption-attachment-12013\" style=\"width: 1024px\" class=\"wp-caption alignnone\"><a href=\"https:\/\/d2p6e6u75xmxt8.cloudfront.net\/12\/2021\/07\/wlc_huv_07_02.jpg\"><img loading=\"lazy\" decoding=\"async\" class=\"wp-image-12013 size-large\" src=\"https:\/\/d2p6e6u75xmxt8.cloudfront.net\/12\/2021\/07\/wlc_huv_07_02-1024x461.jpg\" alt=\"\" width=\"1024\" height=\"461\" srcset=\"https:\/\/d2p6e6u75xmxt8.cloudfront.net\/12\/2021\/07\/wlc_huv_07_02-1024x461.jpg 1024w, https:\/\/d2p6e6u75xmxt8.cloudfront.net\/12\/2021\/07\/wlc_huv_07_02-300x135.jpg 300w, https:\/\/d2p6e6u75xmxt8.cloudfront.net\/12\/2021\/07\/wlc_huv_07_02-768x346.jpg 768w, https:\/\/d2p6e6u75xmxt8.cloudfront.net\/12\/2021\/07\/wlc_huv_07_02.jpg 1386w\" sizes=\"auto, (max-width: 1024px) 100vw, 1024px\" \/><\/a><figcaption id=\"caption-attachment-12013\" class=\"wp-caption-text\">A l\u00e1tv\u00e1ny\u00e9rt meg\u00e9ri a rengeteg m\u00e1sz\u00e1s.<\/figcaption><\/figure>\n<p>A 156 km-es t\u00far\u00e1t Superior X-road team issue ker\u00e9kp\u00e1rj\u00e1val tette meg, ami elmond\u00e1sa szerint egy nagyon k\u00e9nyelmes, de m\u00e9gis merev \u00e9s gyors bringa, t\u00f6k\u00e9letes a hossz\u00fa t\u00far\u00e1k teljes\u00edt\u00e9s\u00e9hez.<\/p>\n<p><a href=\"https:\/\/d2p6e6u75xmxt8.cloudfront.net\/12\/2021\/07\/wlc_huv_07_03.jpg\"><img loading=\"lazy\" decoding=\"async\" class=\"alignnone size-large wp-image-12014\" src=\"https:\/\/d2p6e6u75xmxt8.cloudfront.net\/12\/2021\/07\/wlc_huv_07_03-1024x461.jpg\" alt=\"\" width=\"1024\" height=\"461\" srcset=\"https:\/\/d2p6e6u75xmxt8.cloudfront.net\/12\/2021\/07\/wlc_huv_07_03-1024x461.jpg 1024w, https:\/\/d2p6e6u75xmxt8.cloudfront.net\/12\/2021\/07\/wlc_huv_07_03-300x135.jpg 300w, https:\/\/d2p6e6u75xmxt8.cloudfront.net\/12\/2021\/07\/wlc_huv_07_03-768x346.jpg 768w, https:\/\/d2p6e6u75xmxt8.cloudfront.net\/12\/2021\/07\/wlc_huv_07_03.jpg 1386w\" sizes=\"auto, (max-width: 1024px) 100vw, 1024px\" \/><\/a><\/p>\n<p>Kellett is a j\u00f3 bringa az Alpok hegyeihez: L\u00e1szl\u00f3 azt tan\u00e1csolja azoknak, akik \u00fagy d\u00f6ntenek, elt\u00f6ltenek egy h\u00e9tv\u00e9g\u00e9t ezen a szuperizgalmas \u00fatvonalon, hogy kiemelten figyeljenek oda biciklij\u00fck \u2013 \u00e9s f\u0151leg a f\u00e9kek &#8211; \u00e1llapot\u00e1ra, mert a hossz\u00fa \u00e9s meredek lejt\u0151k \u00e9s a hajt\u0171kanyarok ig\u00e9nybe veszik a technik\u00e1t.<\/p>\n<p><em>\u201eHa van r\u00e1 lehet\u0151s\u00e9g, c\u00e9lszer\u0171 csapatban nekiv\u00e1gni a t\u00far\u00e1nak, ami m\u00e9g ink\u00e1bb garant\u00e1lja a j\u00f3 hangulatot, \u00e9s b\u00e1rmi probl\u00e9ma l\u00e9pne fel, k\u00f6zel a seg\u00edts\u00e9g is. Az \u00fatvonal ment\u00e9n szinte minden faluban van v\u00edz vagy \u00e9tel beszerz\u00e9si lehet\u0151s\u00e9g, de \u00e9rdemes folyad\u00e9kkal \u00e9s \u00e9tellel elindulni, ezzel is cs\u00f6kkentve az \u00e1ll\u00e1si id\u0151t\u201d<\/em> \u2013 tette hozz\u00e1.<\/p>\n<p>Csak akkor v\u00e1gj bele, ha van m\u00e1r tapasztalatod a nagy t\u00e1vok \u00e9s neh\u00e9z terepek bev\u00e9tel\u00e9ben \u00e9s tudod, mivel j\u00e1r, ha 8 \u00f3r\u00e1t kell a nyeregben t\u00f6ltened. Akkor viszont mindenk\u00e9pp meg\u00e9ri: a l\u00e1tv\u00e1ny minden meredek emelked\u0151\u00e9rt k\u00e1rp\u00f3tol. Az \u00fatvonal <a href=\"https:\/\/www.strava.com\/activities\/5569573165?share_sig=%5BC%405b964651625409339&amp;utm_medium=social&amp;utm_source=android_share\">Strava linkj\u00e9t itt \u00e9red el<\/a>!<\/p>\n<p><em>Ha te is szeretn\u00e9d megosztani kedvenc \u00fatvonalaidat bring\u00e1s k\u00f6z\u00f6ss\u00e9g\u00fcnkkel, k\u00e9sz\u00edts fot\u00f3kat, \u00e9s k\u00fcldj el nek\u00fcnk egy besz\u00e1mol\u00f3t a t\u00far\u00e1r\u00f3l, illetve a legfontosabb tudnival\u00f3kr\u00f3l a <a href=\"https:\/\/www.welovecycling.com\/hu\/honap-utvonala\/honap-utvonala-szeptember-zelenij-linda-kedvenc-dh-palyaja\/welovecycling@skoda.hu\">welovecycling@skoda.hu<\/a>\u00a0e-mail c\u00edmre! Ha pedig tov\u00e1bbi inspir\u00e1ci\u00f3t keresel k\u00f6vetkez\u0151 t\u00far\u00e1dhoz, n\u00e9zd meg <\/em><a href=\"https:\/\/www.welovecycling.com\/hu\/category\/honap-utvonala\/\"><em>kor\u00e1bbi \u00fatvonalainkat<\/em><\/a><em>!<\/em><\/p>\n","protected":false},"excerpt":{"rendered":"<p>Csak \u00f6t \u00f3r\u00e1ra van Budapestt\u0151l \u00e9s m\u00e9gis eg\u00e9szen m\u00e1s \u00e9lm\u00e9nyt ny\u00fajt a szlov\u00e9n hegys\u00e9g, a maga 2500 m\u00e9ter feletti szintmagass\u00e1g\u00e1val, [&hellip;]<\/p>\n","protected":false},"author":71,"featured_media":12010,"comment_status":"closed","ping_status":"closed","sticky":false,"template":"","format":"video","meta":{"footnotes":""},"categories":[461],"tags":[],"global-categories":[],"class_list":["post-12011","post","type-post","status-publish","format-video","has-post-thumbnail","hentry","category-honap-utvonala","post_format-post-format-video"],"yoast_head":"<!-- This site is optimized with the Yoast SEO Premium plugin v25.3 (Yoast SEO v25.9) - https:\/\/yoast.com\/wordpress\/plugins\/seo\/ -->\n<title>A h\u00f3nap \u00fatvonala \u2013 J\u00falius: Mangart-hegy, Szlov\u00e9nia<\/title>\n<meta name=\"description\" content=\"Csak \u00f6t \u00f3r\u00e1ra van Budapestt\u0151l \u00e9s m\u00e9gis eg\u00e9szen m\u00e1s \u00e9lm\u00e9nyt ny\u00fajt a szlov\u00e9n hegys\u00e9g, a maga 2500 m\u00e9ter feletti szintmagass\u00e1g\u00e1val, 18-20%-os emelked\u0151ivel \u00e9s leny\u0171g\u00f6z\u0151 l\u00e1tv\u00e1ny\u00e1val. A Mangart-nyerget \u00e9s a Jof di Montasio cs\u00facs\u00e1t vette c\u00e9lba L\u00e1szl\u00f3, P\u00e9ter \u00e9s D\u00e1vid a tiszteletrem\u00e9lt\u00f3 4148 m\u00e9teres szintemelked\u00e9st pedig 8 \u00f3ra alatt teljes\u00edtett\u00e9k is. A j\u00faliusi h\u00f3nap \u00fatvonal\u00e1t csak tapasztalt ker\u00e9kp\u00e1rosoknak aj\u00e1nljuk!\" \/>\n<meta name=\"robots\" content=\"index, follow, max-snippet:-1, max-image-preview:large, max-video-preview:-1\" \/>\n<link rel=\"canonical\" href=\"https:\/\/www.welovecycling.com\/hu\/honap-utvonala\/a-honap-utvonala-julius-mangart-hegy-szlovenia\/\" \/>\n<meta property=\"og:locale\" content=\"hu_HU\" \/>\n<meta property=\"og:type\" content=\"article\" \/>\n<meta property=\"og:title\" content=\"A h\u00f3nap \u00fatvonala \u2013 J\u00falius: Mangart-hegy, Szlov\u00e9nia\" \/>\n<meta property=\"og:description\" content=\"Csak \u00f6t \u00f3r\u00e1ra van Budapestt\u0151l \u00e9s m\u00e9gis eg\u00e9szen m\u00e1s \u00e9lm\u00e9nyt ny\u00fajt a szlov\u00e9n hegys\u00e9g, a maga 2500 m\u00e9ter feletti szintmagass\u00e1g\u00e1val, 18-20%-os emelked\u0151ivel \u00e9s leny\u0171g\u00f6z\u0151 l\u00e1tv\u00e1ny\u00e1val. A Mangart-nyerget \u00e9s a Jof di Montasio cs\u00facs\u00e1t vette c\u00e9lba L\u00e1szl\u00f3, P\u00e9ter \u00e9s D\u00e1vid a tiszteletrem\u00e9lt\u00f3 4148 m\u00e9teres szintemelked\u00e9st pedig 8 \u00f3ra alatt teljes\u00edtett\u00e9k is. A j\u00faliusi h\u00f3nap \u00fatvonal\u00e1t csak tapasztalt ker\u00e9kp\u00e1rosoknak aj\u00e1nljuk!\" \/>\n<meta property=\"og:url\" content=\"https:\/\/www.welovecycling.com\/hu\/honap-utvonala\/a-honap-utvonala-julius-mangart-hegy-szlovenia\/\" \/>\n<meta property=\"og:site_name\" content=\"\u0160koda We Love Cycling - Magyarorsz\u00e1g\" \/>\n<meta property=\"article:publisher\" content=\"https:\/\/www.facebook.com\/WeLoveCyclingHungary\/\" \/>\n<meta property=\"article:published_time\" content=\"2021-07-22T06:00:30+00:00\" \/>\n<meta property=\"article:modified_time\" content=\"2022-02-03T11:00:36+00:00\" \/>\n<meta property=\"og:image\" content=\"https:\/\/d2p6e6u75xmxt8.cloudfront.net\/12\/2021\/07\/wl012_honap_utvonala_07.png\" \/>\n\t<meta property=\"og:image:width\" content=\"1200\" \/>\n\t<meta property=\"og:image:height\" content=\"628\" \/>\n\t<meta property=\"og:image:type\" content=\"image\/png\" \/>\n<meta name=\"author\" content=\"hegyizs\" \/>\n<meta name=\"twitter:card\" content=\"summary_large_image\" \/>\n<meta name=\"twitter:label1\" content=\"Written by\" \/>\n\t<meta name=\"twitter:data1\" content=\"WLC\" \/>\n\t<meta name=\"twitter:label2\" content=\"Est. reading time\" \/>\n\t<meta name=\"twitter:data2\" content=\"3 minutes\" \/>\n<script type=\"application\/ld+json\" class=\"yoast-schema-graph\">{\"@context\":\"https:\/\/schema.org\",\"@graph\":[{\"@type\":\"WebPage\",\"@id\":\"https:\/\/www.welovecycling.com\/hu\/honap-utvonala\/a-honap-utvonala-julius-mangart-hegy-szlovenia\/\",\"url\":\"https:\/\/www.welovecycling.com\/hu\/honap-utvonala\/a-honap-utvonala-julius-mangart-hegy-szlovenia\/\",\"name\":\"A h\u00f3nap \u00fatvonala \u2013 J\u00falius: Mangart-hegy, Szlov\u00e9nia\",\"isPartOf\":{\"@id\":\"https:\/\/www.welovecycling.com\/hu\/#website\"},\"primaryImageOfPage\":{\"@id\":\"https:\/\/www.welovecycling.com\/hu\/honap-utvonala\/a-honap-utvonala-julius-mangart-hegy-szlovenia\/#primaryimage\"},\"image\":{\"@id\":\"https:\/\/www.welovecycling.com\/hu\/honap-utvonala\/a-honap-utvonala-julius-mangart-hegy-szlovenia\/#primaryimage\"},\"thumbnailUrl\":\"https:\/\/d2p6e6u75xmxt8.cloudfront.net\/12\/2021\/07\/wl012_honap_utvonala_07.png\",\"datePublished\":\"2021-07-22T06:00:30+00:00\",\"dateModified\":\"2022-02-03T11:00:36+00:00\",\"author\":{\"@id\":\"https:\/\/www.welovecycling.com\/hu\/#\/schema\/person\/414a2aebf1801691a5320edb6468e194\"},\"description\":\"Csak \u00f6t \u00f3r\u00e1ra van Budapestt\u0151l \u00e9s m\u00e9gis eg\u00e9szen m\u00e1s \u00e9lm\u00e9nyt ny\u00fajt a szlov\u00e9n hegys\u00e9g, a maga 2500 m\u00e9ter feletti szintmagass\u00e1g\u00e1val, 18-20%-os emelked\u0151ivel \u00e9s leny\u0171g\u00f6z\u0151 l\u00e1tv\u00e1ny\u00e1val. A Mangart-nyerget \u00e9s a Jof di Montasio cs\u00facs\u00e1t vette c\u00e9lba L\u00e1szl\u00f3, P\u00e9ter \u00e9s D\u00e1vid a tiszteletrem\u00e9lt\u00f3 4148 m\u00e9teres szintemelked\u00e9st pedig 8 \u00f3ra alatt teljes\u00edtett\u00e9k is. A j\u00faliusi h\u00f3nap \u00fatvonal\u00e1t csak tapasztalt ker\u00e9kp\u00e1rosoknak aj\u00e1nljuk!\",\"breadcrumb\":{\"@id\":\"https:\/\/www.welovecycling.com\/hu\/honap-utvonala\/a-honap-utvonala-julius-mangart-hegy-szlovenia\/#breadcrumb\"},\"inLanguage\":\"hu\",\"potentialAction\":[{\"@type\":\"ReadAction\",\"target\":[\"https:\/\/www.welovecycling.com\/hu\/honap-utvonala\/a-honap-utvonala-julius-mangart-hegy-szlovenia\/\"]}]},{\"@type\":\"ImageObject\",\"inLanguage\":\"hu\",\"@id\":\"https:\/\/www.welovecycling.com\/hu\/honap-utvonala\/a-honap-utvonala-julius-mangart-hegy-szlovenia\/#primaryimage\",\"url\":\"https:\/\/d2p6e6u75xmxt8.cloudfront.net\/12\/2021\/07\/wl012_honap_utvonala_07.png\",\"contentUrl\":\"https:\/\/d2p6e6u75xmxt8.cloudfront.net\/12\/2021\/07\/wl012_honap_utvonala_07.png\",\"width\":1200,\"height\":628},{\"@type\":\"BreadcrumbList\",\"@id\":\"https:\/\/www.welovecycling.com\/hu\/honap-utvonala\/a-honap-utvonala-julius-mangart-hegy-szlovenia\/#breadcrumb\",\"itemListElement\":[{\"@type\":\"ListItem\",\"position\":1,\"name\":\"Home\",\"item\":\"https:\/\/www.welovecycling.com\/hu\/\"},{\"@type\":\"ListItem\",\"position\":2,\"name\":\"A h\u00f3nap \u00fatvonala \u2013 J\u00falius: Mangart-hegy, Szlov\u00e9nia\"}]},{\"@type\":\"WebSite\",\"@id\":\"https:\/\/www.welovecycling.com\/hu\/#website\",\"url\":\"https:\/\/www.welovecycling.com\/hu\/\",\"name\":\"\u0160koda We Love Cycling - Magyarorsz\u00e1g\",\"description\":\"\u0160koda WeLoveCycling\",\"potentialAction\":[{\"@type\":\"SearchAction\",\"target\":{\"@type\":\"EntryPoint\",\"urlTemplate\":\"https:\/\/www.welovecycling.com\/hu\/?s={search_term_string}\"},\"query-input\":{\"@type\":\"PropertyValueSpecification\",\"valueRequired\":true,\"valueName\":\"search_term_string\"}}],\"inLanguage\":\"hu\"},{\"@type\":\"Person\",\"@id\":\"https:\/\/www.welovecycling.com\/hu\/#\/schema\/person\/414a2aebf1801691a5320edb6468e194\",\"name\":\"hegyizs\",\"image\":{\"@type\":\"ImageObject\",\"inLanguage\":\"hu\",\"@id\":\"https:\/\/www.welovecycling.com\/hu\/#\/schema\/person\/image\/\",\"url\":\"https:\/\/secure.gravatar.com\/avatar\/02cf8a7906b8cf90cecb4679defac7cfd33a1c2e3b88e4903d947f3bb58eedd3?s=96&d=mm&r=g\",\"contentUrl\":\"https:\/\/secure.gravatar.com\/avatar\/02cf8a7906b8cf90cecb4679defac7cfd33a1c2e3b88e4903d947f3bb58eedd3?s=96&d=mm&r=g\",\"caption\":\"hegyizs\"},\"url\":\"https:\/\/www.welovecycling.com\/hu\/author\/hegyizs\/\"}]}<\/script>\n<!-- \/ Yoast SEO Premium plugin. -->","yoast_head_json":{"title":"A h\u00f3nap \u00fatvonala \u2013 J\u00falius: Mangart-hegy, Szlov\u00e9nia","description":"Csak \u00f6t \u00f3r\u00e1ra van Budapestt\u0151l \u00e9s m\u00e9gis eg\u00e9szen m\u00e1s \u00e9lm\u00e9nyt ny\u00fajt a szlov\u00e9n hegys\u00e9g, a maga 2500 m\u00e9ter feletti szintmagass\u00e1g\u00e1val, 18-20%-os emelked\u0151ivel \u00e9s leny\u0171g\u00f6z\u0151 l\u00e1tv\u00e1ny\u00e1val. A Mangart-nyerget \u00e9s a Jof di Montasio cs\u00facs\u00e1t vette c\u00e9lba L\u00e1szl\u00f3, P\u00e9ter \u00e9s D\u00e1vid a tiszteletrem\u00e9lt\u00f3 4148 m\u00e9teres szintemelked\u00e9st pedig 8 \u00f3ra alatt teljes\u00edtett\u00e9k is. A j\u00faliusi h\u00f3nap \u00fatvonal\u00e1t csak tapasztalt ker\u00e9kp\u00e1rosoknak aj\u00e1nljuk!","robots":{"index":"index","follow":"follow","max-snippet":"max-snippet:-1","max-image-preview":"max-image-preview:large","max-video-preview":"max-video-preview:-1"},"canonical":"https:\/\/www.welovecycling.com\/hu\/honap-utvonala\/a-honap-utvonala-julius-mangart-hegy-szlovenia\/","og_locale":"hu_HU","og_type":"article","og_title":"A h\u00f3nap \u00fatvonala \u2013 J\u00falius: Mangart-hegy, Szlov\u00e9nia","og_description":"Csak \u00f6t \u00f3r\u00e1ra van Budapestt\u0151l \u00e9s m\u00e9gis eg\u00e9szen m\u00e1s \u00e9lm\u00e9nyt ny\u00fajt a szlov\u00e9n hegys\u00e9g, a maga 2500 m\u00e9ter feletti szintmagass\u00e1g\u00e1val, 18-20%-os emelked\u0151ivel \u00e9s leny\u0171g\u00f6z\u0151 l\u00e1tv\u00e1ny\u00e1val. A Mangart-nyerget \u00e9s a Jof di Montasio cs\u00facs\u00e1t vette c\u00e9lba L\u00e1szl\u00f3, P\u00e9ter \u00e9s D\u00e1vid a tiszteletrem\u00e9lt\u00f3 4148 m\u00e9teres szintemelked\u00e9st pedig 8 \u00f3ra alatt teljes\u00edtett\u00e9k is. A j\u00faliusi h\u00f3nap \u00fatvonal\u00e1t csak tapasztalt ker\u00e9kp\u00e1rosoknak aj\u00e1nljuk!","og_url":"https:\/\/www.welovecycling.com\/hu\/honap-utvonala\/a-honap-utvonala-julius-mangart-hegy-szlovenia\/","og_site_name":"\u0160koda We Love Cycling - Magyarorsz\u00e1g","article_publisher":"https:\/\/www.facebook.com\/WeLoveCyclingHungary\/","article_published_time":"2021-07-22T06:00:30+00:00","article_modified_time":"2022-02-03T11:00:36+00:00","og_image":[{"width":1200,"height":628,"url":"https:\/\/d2p6e6u75xmxt8.cloudfront.net\/12\/2021\/07\/wl012_honap_utvonala_07.png","type":"image\/png"}],"author":"hegyizs","twitter_card":"summary_large_image","twitter_misc":{"Written by":"WLC","Est. reading time":"3 minutes"},"schema":{"@context":"https:\/\/schema.org","@graph":[{"@type":"WebPage","@id":"https:\/\/www.welovecycling.com\/hu\/honap-utvonala\/a-honap-utvonala-julius-mangart-hegy-szlovenia\/","url":"https:\/\/www.welovecycling.com\/hu\/honap-utvonala\/a-honap-utvonala-julius-mangart-hegy-szlovenia\/","name":"A h\u00f3nap \u00fatvonala \u2013 J\u00falius: Mangart-hegy, Szlov\u00e9nia","isPartOf":{"@id":"https:\/\/www.welovecycling.com\/hu\/#website"},"primaryImageOfPage":{"@id":"https:\/\/www.welovecycling.com\/hu\/honap-utvonala\/a-honap-utvonala-julius-mangart-hegy-szlovenia\/#primaryimage"},"image":{"@id":"https:\/\/www.welovecycling.com\/hu\/honap-utvonala\/a-honap-utvonala-julius-mangart-hegy-szlovenia\/#primaryimage"},"thumbnailUrl":"https:\/\/d2p6e6u75xmxt8.cloudfront.net\/12\/2021\/07\/wl012_honap_utvonala_07.png","datePublished":"2021-07-22T06:00:30+00:00","dateModified":"2022-02-03T11:00:36+00:00","author":{"@id":"https:\/\/www.welovecycling.com\/hu\/#\/schema\/person\/414a2aebf1801691a5320edb6468e194"},"description":"Csak \u00f6t \u00f3r\u00e1ra van Budapestt\u0151l \u00e9s m\u00e9gis eg\u00e9szen m\u00e1s \u00e9lm\u00e9nyt ny\u00fajt a szlov\u00e9n hegys\u00e9g, a maga 2500 m\u00e9ter feletti szintmagass\u00e1g\u00e1val, 18-20%-os emelked\u0151ivel \u00e9s leny\u0171g\u00f6z\u0151 l\u00e1tv\u00e1ny\u00e1val. A Mangart-nyerget \u00e9s a Jof di Montasio cs\u00facs\u00e1t vette c\u00e9lba L\u00e1szl\u00f3, P\u00e9ter \u00e9s D\u00e1vid a tiszteletrem\u00e9lt\u00f3 4148 m\u00e9teres szintemelked\u00e9st pedig 8 \u00f3ra alatt teljes\u00edtett\u00e9k is. A j\u00faliusi h\u00f3nap \u00fatvonal\u00e1t csak tapasztalt ker\u00e9kp\u00e1rosoknak aj\u00e1nljuk!","breadcrumb":{"@id":"https:\/\/www.welovecycling.com\/hu\/honap-utvonala\/a-honap-utvonala-julius-mangart-hegy-szlovenia\/#breadcrumb"},"inLanguage":"hu","potentialAction":[{"@type":"ReadAction","target":["https:\/\/www.welovecycling.com\/hu\/honap-utvonala\/a-honap-utvonala-julius-mangart-hegy-szlovenia\/"]}]},{"@type":"ImageObject","inLanguage":"hu","@id":"https:\/\/www.welovecycling.com\/hu\/honap-utvonala\/a-honap-utvonala-julius-mangart-hegy-szlovenia\/#primaryimage","url":"https:\/\/d2p6e6u75xmxt8.cloudfront.net\/12\/2021\/07\/wl012_honap_utvonala_07.png","contentUrl":"https:\/\/d2p6e6u75xmxt8.cloudfront.net\/12\/2021\/07\/wl012_honap_utvonala_07.png","width":1200,"height":628},{"@type":"BreadcrumbList","@id":"https:\/\/www.welovecycling.com\/hu\/honap-utvonala\/a-honap-utvonala-julius-mangart-hegy-szlovenia\/#breadcrumb","itemListElement":[{"@type":"ListItem","position":1,"name":"Home","item":"https:\/\/www.welovecycling.com\/hu\/"},{"@type":"ListItem","position":2,"name":"A h\u00f3nap \u00fatvonala \u2013 J\u00falius: Mangart-hegy, Szlov\u00e9nia"}]},{"@type":"WebSite","@id":"https:\/\/www.welovecycling.com\/hu\/#website","url":"https:\/\/www.welovecycling.com\/hu\/","name":"\u0160koda We Love Cycling - Magyarorsz\u00e1g","description":"\u0160koda WeLoveCycling","potentialAction":[{"@type":"SearchAction","target":{"@type":"EntryPoint","urlTemplate":"https:\/\/www.welovecycling.com\/hu\/?s={search_term_string}"},"query-input":{"@type":"PropertyValueSpecification","valueRequired":true,"valueName":"search_term_string"}}],"inLanguage":"hu"},{"@type":"Person","@id":"https:\/\/www.welovecycling.com\/hu\/#\/schema\/person\/414a2aebf1801691a5320edb6468e194","name":"hegyizs","image":{"@type":"ImageObject","inLanguage":"hu","@id":"https:\/\/www.welovecycling.com\/hu\/#\/schema\/person\/image\/","url":"https:\/\/secure.gravatar.com\/avatar\/02cf8a7906b8cf90cecb4679defac7cfd33a1c2e3b88e4903d947f3bb58eedd3?s=96&d=mm&r=g","contentUrl":"https:\/\/secure.gravatar.com\/avatar\/02cf8a7906b8cf90cecb4679defac7cfd33a1c2e3b88e4903d947f3bb58eedd3?s=96&d=mm&r=g","caption":"hegyizs"},"url":"https:\/\/www.welovecycling.com\/hu\/author\/hegyizs\/"}]}},"_links":{"self":[{"href":"https:\/\/www.welovecycling.com\/hu\/wp-json\/wp\/v2\/posts\/12011","targetHints":{"allow":["GET"]}}],"collection":[{"href":"https:\/\/www.welovecycling.com\/hu\/wp-json\/wp\/v2\/posts"}],"about":[{"href":"https:\/\/www.welovecycling.com\/hu\/wp-json\/wp\/v2\/types\/post"}],"author":[{"embeddable":true,"href":"https:\/\/www.welovecycling.com\/hu\/wp-json\/wp\/v2\/users\/71"}],"replies":[{"embeddable":true,"href":"https:\/\/www.welovecycling.com\/hu\/wp-json\/wp\/v2\/comments?post=12011"}],"version-history":[{"count":2,"href":"https:\/\/www.welovecycling.com\/hu\/wp-json\/wp\/v2\/posts\/12011\/revisions"}],"predecessor-version":[{"id":13529,"href":"https:\/\/www.welovecycling.com\/hu\/wp-json\/wp\/v2\/posts\/12011\/revisions\/13529"}],"wp:featuredmedia":[{"embeddable":true,"href":"https:\/\/www.welovecycling.com\/hu\/wp-json\/wp\/v2\/media\/12010"}],"wp:attachment":[{"href":"https:\/\/www.welovecycling.com\/hu\/wp-json\/wp\/v2\/media?parent=12011"}],"wp:term":[{"taxonomy":"category","embeddable":true,"href":"https:\/\/www.welovecycling.com\/hu\/wp-json\/wp\/v2\/categories?post=12011"},{"taxonomy":"post_tag","embeddable":true,"href":"https:\/\/www.welovecycling.com\/hu\/wp-json\/wp\/v2\/tags?post=12011"},{"taxonomy":"global-categories","embeddable":true,"href":"https:\/\/www.welovecycling.com\/hu\/wp-json\/wp\/v2\/global-categories?post=12011"}],"curies":[{"name":"wp","href":"https:\/\/api.w.org\/{rel}","templated":true}]}}