{"id":12002,"date":"2021-07-23T08:00:22","date_gmt":"2021-07-23T06:00:22","guid":{"rendered":"https:\/\/www.welovecycling.com\/hu\/?p=12002"},"modified":"2021-07-16T10:19:48","modified_gmt":"2021-07-16T08:19:48","slug":"milyen-erzes-reszt-venni-egy-bmx-freestyle-bajnoksagon","status":"publish","type":"post","link":"https:\/\/www.welovecycling.com\/hu\/adrenalin\/milyen-erzes-reszt-venni-egy-bmx-freestyle-bajnoksagon\/","title":{"rendered":"Milyen \u00e9rz\u00e9s r\u00e9szt venni egy BMX freestyle bajnoks\u00e1gon?"},"content":{"rendered":"<p><strong>Amikor megtudtam, hogy a Covid-helyzet ellen\u00e9re id\u00e9n sor ker\u00fcl az UCI World Urban Cycling vil\u00e1gbajnoks\u00e1gra, azonnal elkezdtem dolgozni a tr\u00fckkjeimen. Mivel t\u00f6bb mint egy \u00e9ve nem rendeztek hasonl\u00f3 versenyt, tudtam, hogy nem hagyhatom ki ezt a kih\u00edv\u00e1st. R\u00e9szt kellett vennem a j\u00fanius 4. \u00e9s 8. k\u00f6z\u00f6tt zajl\u00f3 esem\u00e9nyen! \u2013 <em>Martin Dra\u017eil besz\u00e1mol\u00f3ja.<\/em><\/strong><br \/>\n<!--more--><br \/>\nMivel az id\u0151j\u00e1r\u00e1s nem volt ide\u00e1lis a gyakorl\u00e1shoz, kedvenc p\u00e1ly\u00e1m pedig m\u00e9g mindig z\u00e1rva tartott a j\u00e1rv\u00e1ny miatt, be kellett \u00e9rnem kev\u00e9ske otthoni helyemmel. Ilyen apr\u00f3s\u00e1gok azonban nem tudtak meg\u00e1ll\u00edtani. Magabiztosan indultam el j\u00fanius elej\u00e9n Montpellierbe.<\/p>\n<div class=\"embed-controller-wrapper\">\n<blockquote class=\"twitter-tweet\" data-width=\"500\" data-dnt=\"true\">\n<p lang=\"en\" dir=\"ltr\">60sec of <a href=\"https:\/\/twitter.com\/TISSOT?ref_src=twsrc%5Etfw\">@TISSOT<\/a> action! \ud83d\udd50<\/p>\n<p>Check out the best moments from Day 5\ufe0f\u20e3 at <a href=\"https:\/\/twitter.com\/hashtag\/Montpellier2021?src=hash&amp;ref_src=twsrc%5Etfw\">#Montpellier2021<\/a> <a href=\"https:\/\/t.co\/KEAsjJwD4E\">pic.twitter.com\/KEAsjJwD4E<\/a><\/p>\n<p>&mdash; UCI BMX Freestyle (@UCI_BMX_FS) <a href=\"https:\/\/twitter.com\/UCI_BMX_FS\/status\/1402729037664067589?ref_src=twsrc%5Etfw\">June 9, 2021<\/a><\/p><\/blockquote>\n<p><script async data-src=\"https:\/\/platform.twitter.com\/widgets.js\" charset=\"utf-8\"><\/script><\/div>\n<p>Az idei bajnoks\u00e1got el\u00e1rasztott\u00e1k az \u00e9rzelmek. M\u00e1r t\u00f6bb mint egy \u00e9ve senki sem versenyzett a Covid miatt, \u00e9s ami m\u00e9g fontosabb: m\u00e1r csak k\u00e9t helyet lehetett megkaparintani a toki\u00f3i olimpi\u00e1ra.<\/p>\n<p>A vil\u00e1g minden t\u00e1j\u00e1r\u00f3l \u00e9rkeztek versenyz\u0151k \u2013 micsoda show volt! A gy\u0151ztes Matthias Dandois gy\u00f6ny\u00f6r\u0171 \u00e9s t\u00f6k\u00e9letes gyakorlatot mutatott be. Az ujjong\u00f3 n\u00e9z\u0151k hi\u00e1nya azonban teljesen m\u00e1s hangulatot keltett, mint amilyen a kor\u00e1bbi \u00e9vekben uralkodott.<\/p>\n<p>&nbsp;<\/p>\n<lite-youtube videoid=IRfv7D4KMBU params=\"enablejsapi=1\" style=\"background-image: url('https:\/\/i.ytimg.com\/vi_webp\/IRfv7D4KMBU\/maxresdefault.webp');\"><\/lite-youtube>\n<p>Saj\u00e1t fell\u00e9p\u00e9sem nem pont \u00fagy zajlott, ahogy szerettem volna, de ennek ellen\u00e9re is h\u00e1l\u00e1s vagyok ez\u00e9rt az \u00e9rt\u00e9kes tapasztalat\u00e9rt. A 14. helyen v\u00e9geztem, \u00e9ppen a kvalifik\u00e1ci\u00f3s vonal alatt. A szervez\u0151k kit\u0171n\u0151 munk\u00e1t v\u00e9geztek, ahogy a r\u00e9sztvev\u0151k is, \u00e9s mindenki tiszteletben tartotta a biztons\u00e1g megteremt\u00e9s\u00e9re hozott szab\u00e1lyokat. A t\u00f6k\u00e9letesen id\u0151z\u00edtett menetrend lehet\u0151v\u00e9 tette, hogy mindenki edzeni tudjon an\u00e9lk\u00fcl, hogy kock\u00e1ztatn\u00e1 a megbeteged\u00e9st.<\/p>\n<p>Nagy k\u00f6sz\u00f6net a We Love Cycling-nak, a cseh Freestlye BMX Sz\u00f6vets\u00e9gnek \u00e9s mindenkinek, aki t\u00e1mogatott \u00e9s b\u00edzott bennem. H\u00e1l\u00e1s vagyok, hogy k\u00e9pviselhettem Csehorsz\u00e1got!<\/p>\n","protected":false},"excerpt":{"rendered":"<p>Amikor megtudtam, hogy a Covid-helyzet ellen\u00e9re id\u00e9n sor ker\u00fcl az UCI World Urban Cycling vil\u00e1gbajnoks\u00e1gra, azonnal elkezdtem dolgozni a tr\u00fckkjeimen. [&hellip;]<\/p>\n","protected":false},"author":71,"featured_media":12005,"comment_status":"closed","ping_status":"closed","sticky":false,"template":"","format":"standard","meta":{"footnotes":""},"categories":[5],"tags":[],"global-categories":[],"class_list":["post-12002","post","type-post","status-publish","format-standard","has-post-thumbnail","hentry","category-adrenalin"],"yoast_head":"<!-- This site is optimized with the Yoast SEO Premium plugin v25.3 (Yoast SEO v25.9) - https:\/\/yoast.com\/wordpress\/plugins\/seo\/ -->\n<title>Milyen \u00e9rz\u00e9s r\u00e9szt venni egy BMX freestyle bajnoks\u00e1gon?<\/title>\n<meta name=\"description\" content=\"Amikor megtudtam, hogy a Covid-helyzet ellen\u00e9re id\u00e9n sor ker\u00fcl az UCI World Urban Cycling vil\u00e1gbajnoks\u00e1gra, azonnal elkezdtem dolgozni a tr\u00fckkjeimen. Mivel t\u00f6bb mint egy \u00e9ve nem rendeztek hasonl\u00f3 versenyt, tudtam, hogy nem hagyhatom ki ezt a kih\u00edv\u00e1st.\" \/>\n<meta name=\"robots\" content=\"index, follow, max-snippet:-1, max-image-preview:large, max-video-preview:-1\" \/>\n<link rel=\"canonical\" href=\"https:\/\/www.welovecycling.com\/hu\/adrenalin\/milyen-erzes-reszt-venni-egy-bmx-freestyle-bajnoksagon\/\" \/>\n<meta property=\"og:locale\" content=\"hu_HU\" \/>\n<meta property=\"og:type\" content=\"article\" \/>\n<meta property=\"og:title\" content=\"Milyen \u00e9rz\u00e9s r\u00e9szt venni egy BMX freestyle bajnoks\u00e1gon?\" \/>\n<meta property=\"og:description\" content=\"Amikor megtudtam, hogy a Covid-helyzet ellen\u00e9re id\u00e9n sor ker\u00fcl az UCI World Urban Cycling vil\u00e1gbajnoks\u00e1gra, azonnal elkezdtem dolgozni a tr\u00fckkjeimen. Mivel t\u00f6bb mint egy \u00e9ve nem rendeztek hasonl\u00f3 versenyt, tudtam, hogy nem hagyhatom ki ezt a kih\u00edv\u00e1st.\" \/>\n<meta property=\"og:url\" content=\"https:\/\/www.welovecycling.com\/hu\/adrenalin\/milyen-erzes-reszt-venni-egy-bmx-freestyle-bajnoksagon\/\" \/>\n<meta property=\"og:site_name\" content=\"\u0160koda We Love Cycling - Magyarorsz\u00e1g\" \/>\n<meta property=\"article:publisher\" content=\"https:\/\/www.facebook.com\/WeLoveCyclingHungary\/\" \/>\n<meta property=\"article:published_time\" content=\"2021-07-23T06:00:22+00:00\" \/>\n<meta property=\"og:image\" content=\"https:\/\/d2p6e6u75xmxt8.cloudfront.net\/12\/2021\/07\/UCI-World-BMX-CVR.jpg\" \/>\n\t<meta property=\"og:image:width\" content=\"1366\" \/>\n\t<meta property=\"og:image:height\" content=\"600\" \/>\n\t<meta property=\"og:image:type\" content=\"image\/jpeg\" \/>\n<meta name=\"author\" content=\"hegyizs\" \/>\n<meta name=\"twitter:card\" content=\"summary_large_image\" \/>\n<meta name=\"twitter:label1\" content=\"Written by\" \/>\n\t<meta name=\"twitter:data1\" content=\"Martin Dra\u017eil\" \/>\n\t<meta name=\"twitter:label2\" content=\"Est. reading time\" \/>\n\t<meta name=\"twitter:data2\" content=\"4\" \/>\n<script type=\"application\/ld+json\" class=\"yoast-schema-graph\">{\"@context\":\"https:\/\/schema.org\",\"@graph\":[{\"@type\":\"WebPage\",\"@id\":\"https:\/\/www.welovecycling.com\/hu\/adrenalin\/milyen-erzes-reszt-venni-egy-bmx-freestyle-bajnoksagon\/\",\"url\":\"https:\/\/www.welovecycling.com\/hu\/adrenalin\/milyen-erzes-reszt-venni-egy-bmx-freestyle-bajnoksagon\/\",\"name\":\"Milyen \u00e9rz\u00e9s r\u00e9szt venni egy BMX freestyle bajnoks\u00e1gon?\",\"isPartOf\":{\"@id\":\"https:\/\/www.welovecycling.com\/hu\/#website\"},\"primaryImageOfPage\":{\"@id\":\"https:\/\/www.welovecycling.com\/hu\/adrenalin\/milyen-erzes-reszt-venni-egy-bmx-freestyle-bajnoksagon\/#primaryimage\"},\"image\":{\"@id\":\"https:\/\/www.welovecycling.com\/hu\/adrenalin\/milyen-erzes-reszt-venni-egy-bmx-freestyle-bajnoksagon\/#primaryimage\"},\"thumbnailUrl\":\"https:\/\/d2p6e6u75xmxt8.cloudfront.net\/12\/2021\/07\/UCI-World-BMX-CVR.jpg\",\"datePublished\":\"2021-07-23T06:00:22+00:00\",\"author\":{\"@id\":\"https:\/\/www.welovecycling.com\/hu\/#\/schema\/person\/414a2aebf1801691a5320edb6468e194\"},\"description\":\"Amikor megtudtam, hogy a Covid-helyzet ellen\u00e9re id\u00e9n sor ker\u00fcl az UCI World Urban Cycling vil\u00e1gbajnoks\u00e1gra, azonnal elkezdtem dolgozni a tr\u00fckkjeimen. Mivel t\u00f6bb mint egy \u00e9ve nem rendeztek hasonl\u00f3 versenyt, tudtam, hogy nem hagyhatom ki ezt a kih\u00edv\u00e1st.\",\"breadcrumb\":{\"@id\":\"https:\/\/www.welovecycling.com\/hu\/adrenalin\/milyen-erzes-reszt-venni-egy-bmx-freestyle-bajnoksagon\/#breadcrumb\"},\"inLanguage\":\"hu\",\"potentialAction\":[{\"@type\":\"ReadAction\",\"target\":[\"https:\/\/www.welovecycling.com\/hu\/adrenalin\/milyen-erzes-reszt-venni-egy-bmx-freestyle-bajnoksagon\/\"]}]},{\"@type\":\"ImageObject\",\"inLanguage\":\"hu\",\"@id\":\"https:\/\/www.welovecycling.com\/hu\/adrenalin\/milyen-erzes-reszt-venni-egy-bmx-freestyle-bajnoksagon\/#primaryimage\",\"url\":\"https:\/\/d2p6e6u75xmxt8.cloudfront.net\/12\/2021\/07\/UCI-World-BMX-CVR.jpg\",\"contentUrl\":\"https:\/\/d2p6e6u75xmxt8.cloudfront.net\/12\/2021\/07\/UCI-World-BMX-CVR.jpg\",\"width\":1366,\"height\":600,\"caption\":\"BMX FreeStyle World Championships\"},{\"@type\":\"BreadcrumbList\",\"@id\":\"https:\/\/www.welovecycling.com\/hu\/adrenalin\/milyen-erzes-reszt-venni-egy-bmx-freestyle-bajnoksagon\/#breadcrumb\",\"itemListElement\":[{\"@type\":\"ListItem\",\"position\":1,\"name\":\"Home\",\"item\":\"https:\/\/www.welovecycling.com\/hu\/\"},{\"@type\":\"ListItem\",\"position\":2,\"name\":\"Milyen \u00e9rz\u00e9s r\u00e9szt venni egy BMX freestyle bajnoks\u00e1gon?\"}]},{\"@type\":\"WebSite\",\"@id\":\"https:\/\/www.welovecycling.com\/hu\/#website\",\"url\":\"https:\/\/www.welovecycling.com\/hu\/\",\"name\":\"\u0160koda We Love Cycling - Magyarorsz\u00e1g\",\"description\":\"\u0160koda WeLoveCycling\",\"potentialAction\":[{\"@type\":\"SearchAction\",\"target\":{\"@type\":\"EntryPoint\",\"urlTemplate\":\"https:\/\/www.welovecycling.com\/hu\/?s={search_term_string}\"},\"query-input\":{\"@type\":\"PropertyValueSpecification\",\"valueRequired\":true,\"valueName\":\"search_term_string\"}}],\"inLanguage\":\"hu\"},{\"@type\":\"Person\",\"@id\":\"https:\/\/www.welovecycling.com\/hu\/#\/schema\/person\/414a2aebf1801691a5320edb6468e194\",\"name\":\"hegyizs\",\"image\":{\"@type\":\"ImageObject\",\"inLanguage\":\"hu\",\"@id\":\"https:\/\/www.welovecycling.com\/hu\/#\/schema\/person\/image\/\",\"url\":\"https:\/\/secure.gravatar.com\/avatar\/02cf8a7906b8cf90cecb4679defac7cfd33a1c2e3b88e4903d947f3bb58eedd3?s=96&d=mm&r=g\",\"contentUrl\":\"https:\/\/secure.gravatar.com\/avatar\/02cf8a7906b8cf90cecb4679defac7cfd33a1c2e3b88e4903d947f3bb58eedd3?s=96&d=mm&r=g\",\"caption\":\"hegyizs\"},\"url\":\"https:\/\/www.welovecycling.com\/hu\/author\/hegyizs\/\"}]}<\/script>\n<!-- \/ Yoast SEO Premium plugin. -->","yoast_head_json":{"title":"Milyen \u00e9rz\u00e9s r\u00e9szt venni egy BMX freestyle bajnoks\u00e1gon?","description":"Amikor megtudtam, hogy a Covid-helyzet ellen\u00e9re id\u00e9n sor ker\u00fcl az UCI World Urban Cycling vil\u00e1gbajnoks\u00e1gra, azonnal elkezdtem dolgozni a tr\u00fckkjeimen. Mivel t\u00f6bb mint egy \u00e9ve nem rendeztek hasonl\u00f3 versenyt, tudtam, hogy nem hagyhatom ki ezt a kih\u00edv\u00e1st.","robots":{"index":"index","follow":"follow","max-snippet":"max-snippet:-1","max-image-preview":"max-image-preview:large","max-video-preview":"max-video-preview:-1"},"canonical":"https:\/\/www.welovecycling.com\/hu\/adrenalin\/milyen-erzes-reszt-venni-egy-bmx-freestyle-bajnoksagon\/","og_locale":"hu_HU","og_type":"article","og_title":"Milyen \u00e9rz\u00e9s r\u00e9szt venni egy BMX freestyle bajnoks\u00e1gon?","og_description":"Amikor megtudtam, hogy a Covid-helyzet ellen\u00e9re id\u00e9n sor ker\u00fcl az UCI World Urban Cycling vil\u00e1gbajnoks\u00e1gra, azonnal elkezdtem dolgozni a tr\u00fckkjeimen. Mivel t\u00f6bb mint egy \u00e9ve nem rendeztek hasonl\u00f3 versenyt, tudtam, hogy nem hagyhatom ki ezt a kih\u00edv\u00e1st.","og_url":"https:\/\/www.welovecycling.com\/hu\/adrenalin\/milyen-erzes-reszt-venni-egy-bmx-freestyle-bajnoksagon\/","og_site_name":"\u0160koda We Love Cycling - Magyarorsz\u00e1g","article_publisher":"https:\/\/www.facebook.com\/WeLoveCyclingHungary\/","article_published_time":"2021-07-23T06:00:22+00:00","og_image":[{"width":1366,"height":600,"url":"https:\/\/d2p6e6u75xmxt8.cloudfront.net\/12\/2021\/07\/UCI-World-BMX-CVR.jpg","type":"image\/jpeg"}],"author":"hegyizs","twitter_card":"summary_large_image","twitter_misc":{"Written by":"Martin Dra\u017eil","Est. reading time":"4"},"schema":{"@context":"https:\/\/schema.org","@graph":[{"@type":"WebPage","@id":"https:\/\/www.welovecycling.com\/hu\/adrenalin\/milyen-erzes-reszt-venni-egy-bmx-freestyle-bajnoksagon\/","url":"https:\/\/www.welovecycling.com\/hu\/adrenalin\/milyen-erzes-reszt-venni-egy-bmx-freestyle-bajnoksagon\/","name":"Milyen \u00e9rz\u00e9s r\u00e9szt venni egy BMX freestyle bajnoks\u00e1gon?","isPartOf":{"@id":"https:\/\/www.welovecycling.com\/hu\/#website"},"primaryImageOfPage":{"@id":"https:\/\/www.welovecycling.com\/hu\/adrenalin\/milyen-erzes-reszt-venni-egy-bmx-freestyle-bajnoksagon\/#primaryimage"},"image":{"@id":"https:\/\/www.welovecycling.com\/hu\/adrenalin\/milyen-erzes-reszt-venni-egy-bmx-freestyle-bajnoksagon\/#primaryimage"},"thumbnailUrl":"https:\/\/d2p6e6u75xmxt8.cloudfront.net\/12\/2021\/07\/UCI-World-BMX-CVR.jpg","datePublished":"2021-07-23T06:00:22+00:00","author":{"@id":"https:\/\/www.welovecycling.com\/hu\/#\/schema\/person\/414a2aebf1801691a5320edb6468e194"},"description":"Amikor megtudtam, hogy a Covid-helyzet ellen\u00e9re id\u00e9n sor ker\u00fcl az UCI World Urban Cycling vil\u00e1gbajnoks\u00e1gra, azonnal elkezdtem dolgozni a tr\u00fckkjeimen. Mivel t\u00f6bb mint egy \u00e9ve nem rendeztek hasonl\u00f3 versenyt, tudtam, hogy nem hagyhatom ki ezt a kih\u00edv\u00e1st.","breadcrumb":{"@id":"https:\/\/www.welovecycling.com\/hu\/adrenalin\/milyen-erzes-reszt-venni-egy-bmx-freestyle-bajnoksagon\/#breadcrumb"},"inLanguage":"hu","potentialAction":[{"@type":"ReadAction","target":["https:\/\/www.welovecycling.com\/hu\/adrenalin\/milyen-erzes-reszt-venni-egy-bmx-freestyle-bajnoksagon\/"]}]},{"@type":"ImageObject","inLanguage":"hu","@id":"https:\/\/www.welovecycling.com\/hu\/adrenalin\/milyen-erzes-reszt-venni-egy-bmx-freestyle-bajnoksagon\/#primaryimage","url":"https:\/\/d2p6e6u75xmxt8.cloudfront.net\/12\/2021\/07\/UCI-World-BMX-CVR.jpg","contentUrl":"https:\/\/d2p6e6u75xmxt8.cloudfront.net\/12\/2021\/07\/UCI-World-BMX-CVR.jpg","width":1366,"height":600,"caption":"BMX FreeStyle World Championships"},{"@type":"BreadcrumbList","@id":"https:\/\/www.welovecycling.com\/hu\/adrenalin\/milyen-erzes-reszt-venni-egy-bmx-freestyle-bajnoksagon\/#breadcrumb","itemListElement":[{"@type":"ListItem","position":1,"name":"Home","item":"https:\/\/www.welovecycling.com\/hu\/"},{"@type":"ListItem","position":2,"name":"Milyen \u00e9rz\u00e9s r\u00e9szt venni egy BMX freestyle bajnoks\u00e1gon?"}]},{"@type":"WebSite","@id":"https:\/\/www.welovecycling.com\/hu\/#website","url":"https:\/\/www.welovecycling.com\/hu\/","name":"\u0160koda We Love Cycling - Magyarorsz\u00e1g","description":"\u0160koda WeLoveCycling","potentialAction":[{"@type":"SearchAction","target":{"@type":"EntryPoint","urlTemplate":"https:\/\/www.welovecycling.com\/hu\/?s={search_term_string}"},"query-input":{"@type":"PropertyValueSpecification","valueRequired":true,"valueName":"search_term_string"}}],"inLanguage":"hu"},{"@type":"Person","@id":"https:\/\/www.welovecycling.com\/hu\/#\/schema\/person\/414a2aebf1801691a5320edb6468e194","name":"hegyizs","image":{"@type":"ImageObject","inLanguage":"hu","@id":"https:\/\/www.welovecycling.com\/hu\/#\/schema\/person\/image\/","url":"https:\/\/secure.gravatar.com\/avatar\/02cf8a7906b8cf90cecb4679defac7cfd33a1c2e3b88e4903d947f3bb58eedd3?s=96&d=mm&r=g","contentUrl":"https:\/\/secure.gravatar.com\/avatar\/02cf8a7906b8cf90cecb4679defac7cfd33a1c2e3b88e4903d947f3bb58eedd3?s=96&d=mm&r=g","caption":"hegyizs"},"url":"https:\/\/www.welovecycling.com\/hu\/author\/hegyizs\/"}]}},"_links":{"self":[{"href":"https:\/\/www.welovecycling.com\/hu\/wp-json\/wp\/v2\/posts\/12002","targetHints":{"allow":["GET"]}}],"collection":[{"href":"https:\/\/www.welovecycling.com\/hu\/wp-json\/wp\/v2\/posts"}],"about":[{"href":"https:\/\/www.welovecycling.com\/hu\/wp-json\/wp\/v2\/types\/post"}],"author":[{"embeddable":true,"href":"https:\/\/www.welovecycling.com\/hu\/wp-json\/wp\/v2\/users\/71"}],"replies":[{"embeddable":true,"href":"https:\/\/www.welovecycling.com\/hu\/wp-json\/wp\/v2\/comments?post=12002"}],"version-history":[{"count":1,"href":"https:\/\/www.welovecycling.com\/hu\/wp-json\/wp\/v2\/posts\/12002\/revisions"}],"predecessor-version":[{"id":12006,"href":"https:\/\/www.welovecycling.com\/hu\/wp-json\/wp\/v2\/posts\/12002\/revisions\/12006"}],"wp:featuredmedia":[{"embeddable":true,"href":"https:\/\/www.welovecycling.com\/hu\/wp-json\/wp\/v2\/media\/12005"}],"wp:attachment":[{"href":"https:\/\/www.welovecycling.com\/hu\/wp-json\/wp\/v2\/media?parent=12002"}],"wp:term":[{"taxonomy":"category","embeddable":true,"href":"https:\/\/www.welovecycling.com\/hu\/wp-json\/wp\/v2\/categories?post=12002"},{"taxonomy":"post_tag","embeddable":true,"href":"https:\/\/www.welovecycling.com\/hu\/wp-json\/wp\/v2\/tags?post=12002"},{"taxonomy":"global-categories","embeddable":true,"href":"https:\/\/www.welovecycling.com\/hu\/wp-json\/wp\/v2\/global-categories?post=12002"}],"curies":[{"name":"wp","href":"https:\/\/api.w.org\/{rel}","templated":true}]}}