{"id":11996,"date":"2021-07-24T08:00:51","date_gmt":"2021-07-24T06:00:51","guid":{"rendered":"https:\/\/www.welovecycling.com\/hu\/?p=11996"},"modified":"2021-07-26T16:44:41","modified_gmt":"2021-07-26T14:44:41","slug":"tour-de-france-taplalkozasi-szokasok-a-korai-evekben","status":"publish","type":"post","link":"https:\/\/www.welovecycling.com\/hu\/tour-de-france\/tour-de-france-taplalkozasi-szokasok-a-korai-evekben\/","title":{"rendered":"Tour de France t\u00e1pl\u00e1lkoz\u00e1si szok\u00e1sok \u2013 a korai \u00e9vekben"},"content":{"rendered":"<p><strong>Hogyan n\u00e9zett ki egy \u00e1tlagos versenyz\u0151 \u00e9trendje a Tour alatt, amikor m\u00e9g nem voltak szak\u00e1csok, szak\u00e9rt\u0151k \u00e9s asszisztensek? Mi\u00e9rt ittak s\u00f6rt \u00e9s pezsg\u0151t? Mi\u00e9rt szerveztek pikniket? Tegy\u00fcnk egy utaz\u00e1st a m\u00faltba!<\/strong><\/p>\n<p><!--more--><\/p>\n<h2><strong>Az 1900-as \u00e9vek eleje: minden j\u00f6het!<\/strong><\/h2>\n<p>A Tour els\u0151 \u00e9veiben a t\u00e1pl\u00e1lkoz\u00e1s k\u00e9rd\u00e9se finoman sz\u00f3lva nem \u00e1llt a k\u00f6z\u00e9ppontban. Az els\u0151 verseny gy\u0151ztese, Maurice Garin \u00e1ll\u00edt\u00f3lag b\u00e1rokban evett \u00e9s sz\u00f6k\u0151kutakb\u00f3l ivott. Az 1903-as bajnok szerint ezeket az \u00e9teleket fogyasztotta el a 24 \u00f3r\u00e1s verseny alatt: 45 kotlett, 19 liter forr\u00f3 csokol\u00e1d\u00e9, 8 f\u0151tt toj\u00e1s, 7 liter tea, 5 liter t\u00e1pi\u00f3ka, 2 kg rizs, sok er\u0151s v\u00f6r\u00f6sbor, k\u00e1v\u00e9, pezsg\u0151 \u00e9s osztriga.<\/p>\n<h2><strong>1900-1960-as \u00e9vek: Alkohol, mint sportital<\/strong><\/h2>\n<p>Az 1960-as \u00e9vekig megszokott volt, hogy az \u00e1ll\u00f3k\u00e9pess\u00e9gi verseny k\u00f6zben a r\u00e9sztvev\u0151k alkoholt ittak. A s\u00f6rt\u0151l kezdve a boron \u00e1t a pezsg\u0151ig mindent fogyasztottak, egyr\u00e9szt a hidrat\u00e1l\u00e1s miatt, m\u00e1sr\u00e9szt az\u00e9rt, hogy jobban \u00e9rezz\u00e9k magukat a hossz\u00fa, f\u00e1raszt\u00f3 szakaszokon. Eg\u00e9szen 1970-ig kellett v\u00e1rniuk arra, hogy a sportitalok \u00e1tvegy\u00e9k az alkohol hely\u00e9t.<\/p>\n<figure id=\"attachment_11997\" aria-describedby=\"caption-attachment-11997\" style=\"width: 1000px\" class=\"wp-caption alignnone\"><a href=\"https:\/\/d2p6e6u75xmxt8.cloudfront.net\/12\/2021\/07\/Tour-de-France-Dinner-1934-profimedia-0285657073.jpg\"><img loading=\"lazy\" decoding=\"async\" class=\"size-full wp-image-11997\" src=\"https:\/\/d2p6e6u75xmxt8.cloudfront.net\/12\/2021\/07\/Tour-de-France-Dinner-1934-profimedia-0285657073.jpg\" alt=\"Tour de France Dinner\" width=\"1000\" height=\"780\" srcset=\"https:\/\/d2p6e6u75xmxt8.cloudfront.net\/12\/2021\/07\/Tour-de-France-Dinner-1934-profimedia-0285657073.jpg 1000w, https:\/\/d2p6e6u75xmxt8.cloudfront.net\/12\/2021\/07\/Tour-de-France-Dinner-1934-profimedia-0285657073-300x234.jpg 300w, https:\/\/d2p6e6u75xmxt8.cloudfront.net\/12\/2021\/07\/Tour-de-France-Dinner-1934-profimedia-0285657073-768x599.jpg 768w\" sizes=\"auto, (max-width: 1000px) 100vw, 1000px\" \/><\/a><figcaption id=\"caption-attachment-11997\" class=\"wp-caption-text\"><em>A sv\u00e1jci Paul Egli (baloldalon) eb\u00e9d k\u00f6zben, az 1934-es Tour m\u00e1sodik szakasza ut\u00e1n. \u00a9 Profimedia<\/em><\/figcaption><\/figure>\n<h2><strong>1910-es \u00e9vek: Egy kellemes piknik?<\/strong><\/h2>\n<p>Az 1910-es \u00e9vekben m\u00e9g nem voltak kijel\u00f6lt \u00e1llom\u00e1sok vagy soigneur-ok, akik seg\u00edtettek volna ell\u00e1tni \u00fczemanyaggal a versenyz\u0151ket. Egyszer\u0171en meg\u00e1lltak az \u00fat ment\u00e9n, hogy egyenek, \u00e1ltal\u00e1ban k\u00fcls\u0151 seg\u00edts\u00e9get is ig\u00e9nybe vettek ehhez. A modern Tour kor\u00e1ban emiatt m\u00e1r kiz\u00e1r\u00e1s j\u00e1rna.<\/p>\n<p>A tehet\u0151sebb ker\u00e9kp\u00e1rosok komornyikjai piknikeket rendeztek az \u00fat sz\u00e9l\u00e9n, ak\u00e1r a szakasz k\u00f6zep\u00e9n is. Az \u00e9telv\u00e1laszt\u00e1s jellemz\u0151en azon alapult, hogy mi t\u00f6lti fel leggyorsabban \u0151ket. Franciaorsz\u00e1gban ez a hagyom\u00e1nyos eur\u00f3pai sz\u00e9nhidr\u00e1tbomb\u00e1kat, a kenyeret \u00e9s a t\u00e9szt\u00e1t jelentette.<\/p>\n<h2><strong>1920-as \u00e9vek: Az els\u0151 Musette t\u00e1sk\u00e1k<\/strong><\/h2>\n<p>Az I. Vil\u00e1gh\u00e1bor\u00fa idej\u00e9n haszn\u00e1lt\u00e1k el\u0151sz\u00f6r a t\u00e1sk\u00e1kat ker\u00e9kp\u00e1roz\u00e1s k\u00f6zben. Ezek k\u00eds\u00e9rtetiesen hasonl\u00edtottak a katonai t\u00e1sk\u00e1khoz. Seg\u00edts\u00e9g\u00fckkel a versenyz\u0151k &#8211; vagy seg\u00edt\u0151ik &#8211; minden sz\u00fcks\u00e9ges harapnival\u00f3t magukkal tudtak vinni, \u00edgy nem kellett lesz\u00e1llniuk a ker\u00e9kp\u00e1rr\u00f3l, ahhoz, hogy egyenek. Ez a hagyom\u00e1ny ma is jelen van, b\u00e1r a musettek tartalma jelent\u0151sen megv\u00e1ltozott.<\/p>\n<figure id=\"attachment_11998\" aria-describedby=\"caption-attachment-11998\" style=\"width: 1000px\" class=\"wp-caption alignnone\"><a href=\"https:\/\/d2p6e6u75xmxt8.cloudfront.net\/12\/2021\/07\/Fausto-Coppi-1949-profimedia-0068026996.jpg\"><img loading=\"lazy\" decoding=\"async\" class=\"size-full wp-image-11998\" src=\"https:\/\/d2p6e6u75xmxt8.cloudfront.net\/12\/2021\/07\/Fausto-Coppi-1949-profimedia-0068026996.jpg\" alt=\"Fausto Coppi\" width=\"1000\" height=\"727\" srcset=\"https:\/\/d2p6e6u75xmxt8.cloudfront.net\/12\/2021\/07\/Fausto-Coppi-1949-profimedia-0068026996.jpg 1000w, https:\/\/d2p6e6u75xmxt8.cloudfront.net\/12\/2021\/07\/Fausto-Coppi-1949-profimedia-0068026996-300x218.jpg 300w, https:\/\/d2p6e6u75xmxt8.cloudfront.net\/12\/2021\/07\/Fausto-Coppi-1949-profimedia-0068026996-768x558.jpg 768w\" sizes=\"auto, (max-width: 1000px) 100vw, 1000px\" \/><\/a><figcaption id=\"caption-attachment-11998\" class=\"wp-caption-text\"><em>A legend\u00e1s Fausto Coppi elveszi a musette-b\u0151l el\u0151ker\u00fclt \u00e9telt. \u00a9 Profimedia<\/em><\/figcaption><\/figure>\n<p>Az 1920-as \u00e9vek arr\u00f3l is ismertek, hogy a versenyz\u0151k el\u0151szeretettel cigarett\u00e1ztak, hogy \u201emegnyiss\u00e1k a t\u00fcdej\u00fcket.\u201d Szerencs\u00e9re ez a hagyom\u00e1ny nem \u00e1llta ki az id\u0151 pr\u00f3b\u00e1j\u00e1t.<\/p>\n<h2><strong>1930: Az els\u0151 kezdem\u00e9nyez\u00e9sek<\/strong><\/h2>\n<p>Az 1930-as \u00e9vekben kezdt\u00e9k csak el komolyan venni az \u00e9tkez\u00e9seket a versenyz\u00e9s szempontj\u00e1b\u00f3l. Egy 1997-ben megjelent tanulm\u00e1ny \u00edgy fogalmazott: <em>\u201e1939-re a Tour de France ker\u00e9kp\u00e1rosai \u2013 azok, akik az \u00e9lmez\u0151nyben v\u00e9geztek \u2013 jobban teljes\u00edtettek, miut\u00e1n vitaminban gazdag t\u00e1pl\u00e1l\u00e9kkieg\u00e9sz\u00edt\u0151ket fogyasztottak.\u201d<\/em><\/p>\n<figure id=\"attachment_11999\" aria-describedby=\"caption-attachment-11999\" style=\"width: 1000px\" class=\"wp-caption alignnone\"><a href=\"https:\/\/d2p6e6u75xmxt8.cloudfront.net\/12\/2021\/07\/Tour-de-France-1936-profimedia-0067990936.jpg\"><img loading=\"lazy\" decoding=\"async\" class=\"size-full wp-image-11999\" src=\"https:\/\/d2p6e6u75xmxt8.cloudfront.net\/12\/2021\/07\/Tour-de-France-1936-profimedia-0067990936.jpg\" alt=\"1936 Tour\" width=\"1000\" height=\"752\" srcset=\"https:\/\/d2p6e6u75xmxt8.cloudfront.net\/12\/2021\/07\/Tour-de-France-1936-profimedia-0067990936.jpg 1000w, https:\/\/d2p6e6u75xmxt8.cloudfront.net\/12\/2021\/07\/Tour-de-France-1936-profimedia-0067990936-300x226.jpg 300w, https:\/\/d2p6e6u75xmxt8.cloudfront.net\/12\/2021\/07\/Tour-de-France-1936-profimedia-0067990936-768x578.jpg 768w\" sizes=\"auto, (max-width: 1000px) 100vw, 1000px\" \/><\/a><figcaption id=\"caption-attachment-11999\" class=\"wp-caption-text\"><em>Ki \u00e9hes? \u00a9 Profimedia<\/em><\/figcaption><\/figure>\n<h2><strong>1930-1960-as \u00e9vek: Megjelennek a csapatok<\/strong><\/h2>\n<p>A Tour de France szervez\u0151i 1930-ban vezett\u00e9k be a nemzetk\u00f6zi csapatokat, \u00e9s 1962-ben enged\u00e9lyezt\u00e9k a szponzor\u00e1lt egy\u00fctteseket. Ez megv\u00e1ltoztatta a t\u00e1pl\u00e1lkoz\u00e1si szok\u00e1sokat is. A lazas\u00e1gnak v\u00e9ge lett. A versenyz\u0151k egy\u00fctt fogyasztott\u00e1k el eb\u00e9dj\u00fcket \u00e9s vacsor\u00e1jukat az \u00fatvonalak k\u00f6zel\u00e9ben tal\u00e1lhat\u00f3 sz\u00e1llod\u00e1kban.<\/p>\n<p>A legt\u00f6bb versenyz\u0151 m\u00e9g ekkor is csak az els\u0151 100 km ut\u00e1n evett el\u0151sz\u00f6r a musette-j\u00e9b\u0151l. De a t\u00e1pl\u00e1lkoz\u00e1s jelent\u0151s\u00e9ge innent\u0151l csak fokoz\u00f3dott. K\u00f6vetkez\u0151 cikk\u00fcnkben a h\u00e1bor\u00fa ut\u00e1ni korszakr\u00f3l lesz sz\u00f3!<\/p>\n","protected":false},"excerpt":{"rendered":"<p>Hogyan n\u00e9zett ki egy \u00e1tlagos versenyz\u0151 \u00e9trendje a Tour alatt, amikor m\u00e9g nem voltak szak\u00e1csok, szak\u00e9rt\u0151k \u00e9s asszisztensek? Mi\u00e9rt ittak [&hellip;]<\/p>\n","protected":false},"author":71,"featured_media":12001,"comment_status":"closed","ping_status":"closed","sticky":false,"template":"","format":"standard","meta":{"footnotes":""},"categories":[96],"tags":[],"global-categories":[],"class_list":["post-11996","post","type-post","status-publish","format-standard","has-post-thumbnail","hentry","category-tour-de-france"],"yoast_head":"<!-- This site is optimized with the Yoast SEO Premium plugin v25.3 (Yoast SEO v25.9) - https:\/\/yoast.com\/wordpress\/plugins\/seo\/ -->\n<title>Tour de France t\u00e1pl\u00e1lkoz\u00e1si szok\u00e1sok \u2013 a korai \u00e9vekben<\/title>\n<meta name=\"description\" content=\"Hogyan n\u00e9zett ki egy \u00e1tlagos versenyz\u0151 \u00e9trendje a Tour alatt, amikor m\u00e9g nem voltak szak\u00e1csok, szak\u00e9rt\u0151k \u00e9s asszisztensek? Mi\u00e9rt ittak s\u00f6rt \u00e9s pezsg\u0151t? Mi\u00e9rt szerveztek pikniket? Tegy\u00fcnk egy utaz\u00e1st a m\u00faltba!\" \/>\n<meta name=\"robots\" content=\"index, follow, max-snippet:-1, max-image-preview:large, max-video-preview:-1\" \/>\n<link rel=\"canonical\" href=\"https:\/\/www.welovecycling.com\/hu\/tour-de-france\/tour-de-france-taplalkozasi-szokasok-a-korai-evekben\/\" \/>\n<meta property=\"og:locale\" content=\"hu_HU\" \/>\n<meta property=\"og:type\" content=\"article\" \/>\n<meta property=\"og:title\" content=\"Tour de France t\u00e1pl\u00e1lkoz\u00e1si szok\u00e1sok \u2013 a korai \u00e9vekben\" \/>\n<meta property=\"og:description\" content=\"Hogyan n\u00e9zett ki egy \u00e1tlagos versenyz\u0151 \u00e9trendje a Tour alatt, amikor m\u00e9g nem voltak szak\u00e1csok, szak\u00e9rt\u0151k \u00e9s asszisztensek? Mi\u00e9rt ittak s\u00f6rt \u00e9s pezsg\u0151t? Mi\u00e9rt szerveztek pikniket? Tegy\u00fcnk egy utaz\u00e1st a m\u00faltba!\" \/>\n<meta property=\"og:url\" content=\"https:\/\/www.welovecycling.com\/hu\/tour-de-france\/tour-de-france-taplalkozasi-szokasok-a-korai-evekben\/\" \/>\n<meta property=\"og:site_name\" content=\"\u0160koda We Love Cycling - Magyarorsz\u00e1g\" \/>\n<meta property=\"article:publisher\" content=\"https:\/\/www.facebook.com\/WeLoveCyclingHungary\/\" \/>\n<meta property=\"article:published_time\" content=\"2021-07-24T06:00:51+00:00\" \/>\n<meta property=\"article:modified_time\" content=\"2021-07-26T14:44:41+00:00\" \/>\n<meta property=\"og:image\" content=\"https:\/\/d2p6e6u75xmxt8.cloudfront.net\/12\/2021\/07\/Tour-de-France-History-Food-profimedia-0285657356-CVR.jpg\" \/>\n\t<meta property=\"og:image:width\" content=\"1366\" \/>\n\t<meta property=\"og:image:height\" content=\"600\" \/>\n\t<meta property=\"og:image:type\" content=\"image\/jpeg\" \/>\n<meta name=\"author\" content=\"hegyizs\" \/>\n<meta name=\"twitter:card\" content=\"summary_large_image\" \/>\n<meta name=\"twitter:label1\" content=\"Written by\" \/>\n\t<meta name=\"twitter:data1\" content=\"Jiri Kaloc\" \/>\n\t<meta name=\"twitter:label2\" content=\"Est. reading time\" \/>\n\t<meta name=\"twitter:data2\" content=\"5\" \/>\n<script type=\"application\/ld+json\" class=\"yoast-schema-graph\">{\"@context\":\"https:\/\/schema.org\",\"@graph\":[{\"@type\":\"WebPage\",\"@id\":\"https:\/\/www.welovecycling.com\/hu\/tour-de-france\/tour-de-france-taplalkozasi-szokasok-a-korai-evekben\/\",\"url\":\"https:\/\/www.welovecycling.com\/hu\/tour-de-france\/tour-de-france-taplalkozasi-szokasok-a-korai-evekben\/\",\"name\":\"Tour de France t\u00e1pl\u00e1lkoz\u00e1si szok\u00e1sok \u2013 a korai \u00e9vekben\",\"isPartOf\":{\"@id\":\"https:\/\/www.welovecycling.com\/hu\/#website\"},\"primaryImageOfPage\":{\"@id\":\"https:\/\/www.welovecycling.com\/hu\/tour-de-france\/tour-de-france-taplalkozasi-szokasok-a-korai-evekben\/#primaryimage\"},\"image\":{\"@id\":\"https:\/\/www.welovecycling.com\/hu\/tour-de-france\/tour-de-france-taplalkozasi-szokasok-a-korai-evekben\/#primaryimage\"},\"thumbnailUrl\":\"https:\/\/d2p6e6u75xmxt8.cloudfront.net\/12\/2021\/07\/Tour-de-France-History-Food-profimedia-0285657356-CVR.jpg\",\"datePublished\":\"2021-07-24T06:00:51+00:00\",\"dateModified\":\"2021-07-26T14:44:41+00:00\",\"author\":{\"@id\":\"https:\/\/www.welovecycling.com\/hu\/#\/schema\/person\/414a2aebf1801691a5320edb6468e194\"},\"description\":\"Hogyan n\u00e9zett ki egy \u00e1tlagos versenyz\u0151 \u00e9trendje a Tour alatt, amikor m\u00e9g nem voltak szak\u00e1csok, szak\u00e9rt\u0151k \u00e9s asszisztensek? Mi\u00e9rt ittak s\u00f6rt \u00e9s pezsg\u0151t? Mi\u00e9rt szerveztek pikniket? Tegy\u00fcnk egy utaz\u00e1st a m\u00faltba!\",\"breadcrumb\":{\"@id\":\"https:\/\/www.welovecycling.com\/hu\/tour-de-france\/tour-de-france-taplalkozasi-szokasok-a-korai-evekben\/#breadcrumb\"},\"inLanguage\":\"hu\",\"potentialAction\":[{\"@type\":\"ReadAction\",\"target\":[\"https:\/\/www.welovecycling.com\/hu\/tour-de-france\/tour-de-france-taplalkozasi-szokasok-a-korai-evekben\/\"]}]},{\"@type\":\"ImageObject\",\"inLanguage\":\"hu\",\"@id\":\"https:\/\/www.welovecycling.com\/hu\/tour-de-france\/tour-de-france-taplalkozasi-szokasok-a-korai-evekben\/#primaryimage\",\"url\":\"https:\/\/d2p6e6u75xmxt8.cloudfront.net\/12\/2021\/07\/Tour-de-France-History-Food-profimedia-0285657356-CVR.jpg\",\"contentUrl\":\"https:\/\/d2p6e6u75xmxt8.cloudfront.net\/12\/2021\/07\/Tour-de-France-History-Food-profimedia-0285657356-CVR.jpg\",\"width\":1366,\"height\":600,\"caption\":\"1933 Tour Nutrition\"},{\"@type\":\"BreadcrumbList\",\"@id\":\"https:\/\/www.welovecycling.com\/hu\/tour-de-france\/tour-de-france-taplalkozasi-szokasok-a-korai-evekben\/#breadcrumb\",\"itemListElement\":[{\"@type\":\"ListItem\",\"position\":1,\"name\":\"Home\",\"item\":\"https:\/\/www.welovecycling.com\/hu\/\"},{\"@type\":\"ListItem\",\"position\":2,\"name\":\"Tour de France t\u00e1pl\u00e1lkoz\u00e1si szok\u00e1sok \u2013 a korai \u00e9vekben\"}]},{\"@type\":\"WebSite\",\"@id\":\"https:\/\/www.welovecycling.com\/hu\/#website\",\"url\":\"https:\/\/www.welovecycling.com\/hu\/\",\"name\":\"\u0160koda We Love Cycling - Magyarorsz\u00e1g\",\"description\":\"\u0160koda WeLoveCycling\",\"potentialAction\":[{\"@type\":\"SearchAction\",\"target\":{\"@type\":\"EntryPoint\",\"urlTemplate\":\"https:\/\/www.welovecycling.com\/hu\/?s={search_term_string}\"},\"query-input\":{\"@type\":\"PropertyValueSpecification\",\"valueRequired\":true,\"valueName\":\"search_term_string\"}}],\"inLanguage\":\"hu\"},{\"@type\":\"Person\",\"@id\":\"https:\/\/www.welovecycling.com\/hu\/#\/schema\/person\/414a2aebf1801691a5320edb6468e194\",\"name\":\"hegyizs\",\"image\":{\"@type\":\"ImageObject\",\"inLanguage\":\"hu\",\"@id\":\"https:\/\/www.welovecycling.com\/hu\/#\/schema\/person\/image\/\",\"url\":\"https:\/\/secure.gravatar.com\/avatar\/02cf8a7906b8cf90cecb4679defac7cfd33a1c2e3b88e4903d947f3bb58eedd3?s=96&d=mm&r=g\",\"contentUrl\":\"https:\/\/secure.gravatar.com\/avatar\/02cf8a7906b8cf90cecb4679defac7cfd33a1c2e3b88e4903d947f3bb58eedd3?s=96&d=mm&r=g\",\"caption\":\"hegyizs\"},\"url\":\"https:\/\/www.welovecycling.com\/hu\/author\/hegyizs\/\"}]}<\/script>\n<!-- \/ Yoast SEO Premium plugin. -->","yoast_head_json":{"title":"Tour de France t\u00e1pl\u00e1lkoz\u00e1si szok\u00e1sok \u2013 a korai \u00e9vekben","description":"Hogyan n\u00e9zett ki egy \u00e1tlagos versenyz\u0151 \u00e9trendje a Tour alatt, amikor m\u00e9g nem voltak szak\u00e1csok, szak\u00e9rt\u0151k \u00e9s asszisztensek? Mi\u00e9rt ittak s\u00f6rt \u00e9s pezsg\u0151t? Mi\u00e9rt szerveztek pikniket? Tegy\u00fcnk egy utaz\u00e1st a m\u00faltba!","robots":{"index":"index","follow":"follow","max-snippet":"max-snippet:-1","max-image-preview":"max-image-preview:large","max-video-preview":"max-video-preview:-1"},"canonical":"https:\/\/www.welovecycling.com\/hu\/tour-de-france\/tour-de-france-taplalkozasi-szokasok-a-korai-evekben\/","og_locale":"hu_HU","og_type":"article","og_title":"Tour de France t\u00e1pl\u00e1lkoz\u00e1si szok\u00e1sok \u2013 a korai \u00e9vekben","og_description":"Hogyan n\u00e9zett ki egy \u00e1tlagos versenyz\u0151 \u00e9trendje a Tour alatt, amikor m\u00e9g nem voltak szak\u00e1csok, szak\u00e9rt\u0151k \u00e9s asszisztensek? Mi\u00e9rt ittak s\u00f6rt \u00e9s pezsg\u0151t? Mi\u00e9rt szerveztek pikniket? Tegy\u00fcnk egy utaz\u00e1st a m\u00faltba!","og_url":"https:\/\/www.welovecycling.com\/hu\/tour-de-france\/tour-de-france-taplalkozasi-szokasok-a-korai-evekben\/","og_site_name":"\u0160koda We Love Cycling - Magyarorsz\u00e1g","article_publisher":"https:\/\/www.facebook.com\/WeLoveCyclingHungary\/","article_published_time":"2021-07-24T06:00:51+00:00","article_modified_time":"2021-07-26T14:44:41+00:00","og_image":[{"width":1366,"height":600,"url":"https:\/\/d2p6e6u75xmxt8.cloudfront.net\/12\/2021\/07\/Tour-de-France-History-Food-profimedia-0285657356-CVR.jpg","type":"image\/jpeg"}],"author":"hegyizs","twitter_card":"summary_large_image","twitter_misc":{"Written by":"Jiri Kaloc","Est. reading time":"5"},"schema":{"@context":"https:\/\/schema.org","@graph":[{"@type":"WebPage","@id":"https:\/\/www.welovecycling.com\/hu\/tour-de-france\/tour-de-france-taplalkozasi-szokasok-a-korai-evekben\/","url":"https:\/\/www.welovecycling.com\/hu\/tour-de-france\/tour-de-france-taplalkozasi-szokasok-a-korai-evekben\/","name":"Tour de France t\u00e1pl\u00e1lkoz\u00e1si szok\u00e1sok \u2013 a korai \u00e9vekben","isPartOf":{"@id":"https:\/\/www.welovecycling.com\/hu\/#website"},"primaryImageOfPage":{"@id":"https:\/\/www.welovecycling.com\/hu\/tour-de-france\/tour-de-france-taplalkozasi-szokasok-a-korai-evekben\/#primaryimage"},"image":{"@id":"https:\/\/www.welovecycling.com\/hu\/tour-de-france\/tour-de-france-taplalkozasi-szokasok-a-korai-evekben\/#primaryimage"},"thumbnailUrl":"https:\/\/d2p6e6u75xmxt8.cloudfront.net\/12\/2021\/07\/Tour-de-France-History-Food-profimedia-0285657356-CVR.jpg","datePublished":"2021-07-24T06:00:51+00:00","dateModified":"2021-07-26T14:44:41+00:00","author":{"@id":"https:\/\/www.welovecycling.com\/hu\/#\/schema\/person\/414a2aebf1801691a5320edb6468e194"},"description":"Hogyan n\u00e9zett ki egy \u00e1tlagos versenyz\u0151 \u00e9trendje a Tour alatt, amikor m\u00e9g nem voltak szak\u00e1csok, szak\u00e9rt\u0151k \u00e9s asszisztensek? Mi\u00e9rt ittak s\u00f6rt \u00e9s pezsg\u0151t? Mi\u00e9rt szerveztek pikniket? Tegy\u00fcnk egy utaz\u00e1st a m\u00faltba!","breadcrumb":{"@id":"https:\/\/www.welovecycling.com\/hu\/tour-de-france\/tour-de-france-taplalkozasi-szokasok-a-korai-evekben\/#breadcrumb"},"inLanguage":"hu","potentialAction":[{"@type":"ReadAction","target":["https:\/\/www.welovecycling.com\/hu\/tour-de-france\/tour-de-france-taplalkozasi-szokasok-a-korai-evekben\/"]}]},{"@type":"ImageObject","inLanguage":"hu","@id":"https:\/\/www.welovecycling.com\/hu\/tour-de-france\/tour-de-france-taplalkozasi-szokasok-a-korai-evekben\/#primaryimage","url":"https:\/\/d2p6e6u75xmxt8.cloudfront.net\/12\/2021\/07\/Tour-de-France-History-Food-profimedia-0285657356-CVR.jpg","contentUrl":"https:\/\/d2p6e6u75xmxt8.cloudfront.net\/12\/2021\/07\/Tour-de-France-History-Food-profimedia-0285657356-CVR.jpg","width":1366,"height":600,"caption":"1933 Tour Nutrition"},{"@type":"BreadcrumbList","@id":"https:\/\/www.welovecycling.com\/hu\/tour-de-france\/tour-de-france-taplalkozasi-szokasok-a-korai-evekben\/#breadcrumb","itemListElement":[{"@type":"ListItem","position":1,"name":"Home","item":"https:\/\/www.welovecycling.com\/hu\/"},{"@type":"ListItem","position":2,"name":"Tour de France t\u00e1pl\u00e1lkoz\u00e1si szok\u00e1sok \u2013 a korai \u00e9vekben"}]},{"@type":"WebSite","@id":"https:\/\/www.welovecycling.com\/hu\/#website","url":"https:\/\/www.welovecycling.com\/hu\/","name":"\u0160koda We Love Cycling - Magyarorsz\u00e1g","description":"\u0160koda WeLoveCycling","potentialAction":[{"@type":"SearchAction","target":{"@type":"EntryPoint","urlTemplate":"https:\/\/www.welovecycling.com\/hu\/?s={search_term_string}"},"query-input":{"@type":"PropertyValueSpecification","valueRequired":true,"valueName":"search_term_string"}}],"inLanguage":"hu"},{"@type":"Person","@id":"https:\/\/www.welovecycling.com\/hu\/#\/schema\/person\/414a2aebf1801691a5320edb6468e194","name":"hegyizs","image":{"@type":"ImageObject","inLanguage":"hu","@id":"https:\/\/www.welovecycling.com\/hu\/#\/schema\/person\/image\/","url":"https:\/\/secure.gravatar.com\/avatar\/02cf8a7906b8cf90cecb4679defac7cfd33a1c2e3b88e4903d947f3bb58eedd3?s=96&d=mm&r=g","contentUrl":"https:\/\/secure.gravatar.com\/avatar\/02cf8a7906b8cf90cecb4679defac7cfd33a1c2e3b88e4903d947f3bb58eedd3?s=96&d=mm&r=g","caption":"hegyizs"},"url":"https:\/\/www.welovecycling.com\/hu\/author\/hegyizs\/"}]}},"_links":{"self":[{"href":"https:\/\/www.welovecycling.com\/hu\/wp-json\/wp\/v2\/posts\/11996","targetHints":{"allow":["GET"]}}],"collection":[{"href":"https:\/\/www.welovecycling.com\/hu\/wp-json\/wp\/v2\/posts"}],"about":[{"href":"https:\/\/www.welovecycling.com\/hu\/wp-json\/wp\/v2\/types\/post"}],"author":[{"embeddable":true,"href":"https:\/\/www.welovecycling.com\/hu\/wp-json\/wp\/v2\/users\/71"}],"replies":[{"embeddable":true,"href":"https:\/\/www.welovecycling.com\/hu\/wp-json\/wp\/v2\/comments?post=11996"}],"version-history":[{"count":2,"href":"https:\/\/www.welovecycling.com\/hu\/wp-json\/wp\/v2\/posts\/11996\/revisions"}],"predecessor-version":[{"id":12007,"href":"https:\/\/www.welovecycling.com\/hu\/wp-json\/wp\/v2\/posts\/11996\/revisions\/12007"}],"wp:featuredmedia":[{"embeddable":true,"href":"https:\/\/www.welovecycling.com\/hu\/wp-json\/wp\/v2\/media\/12001"}],"wp:attachment":[{"href":"https:\/\/www.welovecycling.com\/hu\/wp-json\/wp\/v2\/media?parent=11996"}],"wp:term":[{"taxonomy":"category","embeddable":true,"href":"https:\/\/www.welovecycling.com\/hu\/wp-json\/wp\/v2\/categories?post=11996"},{"taxonomy":"post_tag","embeddable":true,"href":"https:\/\/www.welovecycling.com\/hu\/wp-json\/wp\/v2\/tags?post=11996"},{"taxonomy":"global-categories","embeddable":true,"href":"https:\/\/www.welovecycling.com\/hu\/wp-json\/wp\/v2\/global-categories?post=11996"}],"curies":[{"name":"wp","href":"https:\/\/api.w.org\/{rel}","templated":true}]}}