{"id":11989,"date":"2021-07-21T08:00:29","date_gmt":"2021-07-21T06:00:29","guid":{"rendered":"https:\/\/www.welovecycling.com\/hu\/?p=11989"},"modified":"2021-07-16T10:17:49","modified_gmt":"2021-07-16T08:17:49","slug":"miert-pazarolnad-az-ejszakat-alvasra-irany-tekerni","status":"publish","type":"post","link":"https:\/\/www.welovecycling.com\/hu\/trekking-mtb\/miert-pazarolnad-az-ejszakat-alvasra-irany-tekerni\/","title":{"rendered":"Mi\u00e9rt pazaroln\u00e1d az \u00e9jszak\u00e1t alv\u00e1sra? Ir\u00e1ny tekerni!"},"content":{"rendered":"<p><strong>Nem f\u00e9l\u00fcnk a s\u00f6t\u00e9tt\u0151l, \u00e9s hi\u00e1ba pr\u00f3b\u00e1lnak a horrorfilmek megijeszteni, nem bujk\u00e1lunk otthon, felkapcsolt l\u00e1mp\u00e1kkal. Ahhoz t\u00fals\u00e1gosan szeret\u00fcnk \u00e9jjel biciklizni. Sz\u00edvesen megosztjuk veled is a titkot, ami lehet\u0151v\u00e9 teszi, hogy ak\u00e1r egy koroms\u00f6t\u00e9t erd\u0151ben is j\u00f3l \u00e9rezd magad k\u00e9t ker\u00e9ken!<\/strong><\/p>\n<p><!--more--><\/p>\n<h2><strong>Neked is ki kell pr\u00f3b\u00e1lnod!<\/strong><\/h2>\n<figure id=\"attachment_11990\" aria-describedby=\"caption-attachment-11990\" style=\"width: 1024px\" class=\"wp-caption alignnone\"><a href=\"https:\/\/d2p6e6u75xmxt8.cloudfront.net\/2\/2021\/06\/Night-biking-profimedia-0557354911.jpg\"><img loading=\"lazy\" decoding=\"async\" class=\"wp-image-11990 size-large\" src=\"https:\/\/d2p6e6u75xmxt8.cloudfront.net\/12\/2021\/07\/Night-biking-profimedia-0557354911-1024x772.jpg\" alt=\"MTB in the night\" width=\"1024\" height=\"772\" srcset=\"https:\/\/d2p6e6u75xmxt8.cloudfront.net\/12\/2021\/07\/Night-biking-profimedia-0557354911-1024x772.jpg 1024w, https:\/\/d2p6e6u75xmxt8.cloudfront.net\/12\/2021\/07\/Night-biking-profimedia-0557354911-300x226.jpg 300w, https:\/\/d2p6e6u75xmxt8.cloudfront.net\/12\/2021\/07\/Night-biking-profimedia-0557354911-768x579.jpg 768w, https:\/\/d2p6e6u75xmxt8.cloudfront.net\/12\/2021\/07\/Night-biking-profimedia-0557354911.jpg 1080w\" sizes=\"auto, (max-width: 1024px) 100vw, 1024px\" \/><\/a><figcaption id=\"caption-attachment-11990\" class=\"wp-caption-text\"><em>\u00c9jjel minden teljesen m\u00e1shogy fest. \u00a9 Profimedia<\/em><\/figcaption><\/figure>\n<p>\u00c9jszaka tekerni a hegyekben hihetetlen \u00e9lm\u00e9ny. M\u00e9g akkor is, ha egy milli\u00f3szor bej\u00e1rt \u00f6sv\u00e9nyen gurulsz v\u00e9gig: s\u00f6t\u00e9tben eg\u00e9szen m\u00e1shogy fest majd. A ny\u00e1ri h\u00f3napok forr\u00f3s\u00e1g\u00e1t \u00e9jszaka friss\u00edt\u0151en h\u0171v\u00f6s szell\u0151k enyh\u00edtik. Semmi m\u00e1sra nem kell figyelned, csak az \u00fatra. Ezeben az \u00f3r\u00e1kban szinte sehol nincs ember: m\u00edg napk\u00f6zben a kedvelt helysz\u00ednek tele vannak turist\u00e1kkal \u00e9s m\u00e1s biciklisekkel, ilyenkor csak te vagy \u00e9s az \u00e9jszaka. Persze a biztons\u00e1g most is els\u0151dleges: \u00f6sszegy\u0171jt\u00f6tt\u00fcnk n\u00e9h\u00e1ny tippet, hogy \u00e9ps\u00e9gben el\u00e9rd az erd\u0151t.<\/p>\n<h2><strong>Maradj ismert utakon!<\/strong><\/h2>\n<p>A s\u00f6t\u00e9t \u00f3r\u00e1k nem alkalmasak arra, hogy D\u00f3ra, a felfedez\u0151 szerep\u00e9t vedd fel \u00e9s c\u00e9ltalanul bolyongj a hegyekben. Maradj azokn\u00e1l az \u00f6sv\u00e9nyekn\u00e9l, amiket ismersz! El\u0151sz\u00f6r is az\u00e9rt, mert teljesen m\u00e1shogy fognak festeni \u00e9s igaz\u00e1n megd\u00f6bbent\u0151 l\u00e1tni, hogyan v\u00e1ltoztatja meg a term\u00e9szetes f\u00e9ny hi\u00e1nya a t\u00e1jat. Olyan dolgokat is felfedezhetsz, amiket addig sosem. M\u00e9g misztikusabb az \u00e9lm\u00e9ny, ha lesz\u00e1ll a k\u00f6d.<\/p>\n<p>M\u00e1sodszor \u2013 \u00e9s ez a f\u0151 ok \u2013 \u00edgy maradhatsz biztons\u00e1gban. Mindig pontosan tudnod kell, hol vagy. A vad\u00e1llatok \u00e1ltal\u00e1ban elker\u00fclik a forgalmas \u00f6sv\u00e9nyeket, \u00e9pp ez\u00e9rt kell neked ezeken maradnod. Ne feledd, hogy sokkal k\u00f6nnyebb \u00e9jjel, k\u00f6dben elt\u00e9vedni!<\/p>\n<h2><strong>Sose menj egyed\u00fcl!<\/strong><\/h2>\n<p>Az \u00e9jszakai t\u00fara nem mag\u00e1nyos farkasoknak val\u00f3: meg kell osztanod m\u00e1sokkal is az \u00e9lm\u00e9nyt! Nem csak az\u00e9rt, mert \u00f6nzetlen \u00e9s j\u00f3s\u00e1gos vagy, de az\u00e9rt is, hogy biztons\u00e1gban legy\u00e9l. Nappal nagy val\u00f3sz\u00edn\u0171s\u00e9ggel tal\u00e1lkozol m\u00e1s emberekkel, akikt\u0151l seg\u00edts\u00e9get k\u00e9rhetsz, ha baj van, de \u00e9jjel erre jelent\u0151sen kisebb az es\u00e9ly. A fent eml\u00edtett vad\u00e1llatok pedig nagyobb es\u00e9llyel maradnak t\u00e1vol, ha t\u00f6bben vagytok.<\/p>\n<figure id=\"attachment_11991\" aria-describedby=\"caption-attachment-11991\" style=\"width: 1024px\" class=\"wp-caption alignnone\"><a href=\"https:\/\/d2p6e6u75xmxt8.cloudfront.net\/2\/2021\/06\/Night-cycling-profimedia-0178589044.jpg\"><img loading=\"lazy\" decoding=\"async\" class=\"size-large wp-image-11991\" src=\"https:\/\/d2p6e6u75xmxt8.cloudfront.net\/12\/2021\/07\/Night-cycling-profimedia-0178589044-1024x683.jpg\" alt=\"MTB in the night\" width=\"1024\" height=\"683\" srcset=\"https:\/\/d2p6e6u75xmxt8.cloudfront.net\/12\/2021\/07\/Night-cycling-profimedia-0178589044-1024x683.jpg 1024w, https:\/\/d2p6e6u75xmxt8.cloudfront.net\/12\/2021\/07\/Night-cycling-profimedia-0178589044-300x200.jpg 300w, https:\/\/d2p6e6u75xmxt8.cloudfront.net\/12\/2021\/07\/Night-cycling-profimedia-0178589044-768x512.jpg 768w, https:\/\/d2p6e6u75xmxt8.cloudfront.net\/12\/2021\/07\/Night-cycling-profimedia-0178589044-1536x1024.jpg 1536w, https:\/\/d2p6e6u75xmxt8.cloudfront.net\/12\/2021\/07\/Night-cycling-profimedia-0178589044-272x182.jpg 272w, https:\/\/d2p6e6u75xmxt8.cloudfront.net\/12\/2021\/07\/Night-cycling-profimedia-0178589044.jpg 1800w\" sizes=\"auto, (max-width: 1024px) 100vw, 1024px\" \/><\/a><figcaption id=\"caption-attachment-11991\" class=\"wp-caption-text\"><em>\u00c9lvezd a naplement\u00e9t k\u00e9t ker\u00e9ken! \u00a9 Profimedia<\/em><\/figcaption><\/figure>\n<h2><strong>Szerelkezz fel!<\/strong><\/h2>\n<p>Soha ne becs\u00fcld al\u00e1 a hegyeket, m\u00e9g napk\u00f6zben se! \u00c9jszaka pedig dupl\u00e1zd meg az el\u0151vigy\u00e1zatoss\u00e1got. A sisak elengedhetetlen, a t\u00fara elej\u00e9t\u0151l a v\u00e9g\u00e9ig. Tudjuk, hogy k\u00e9nyelmetlen \u00e9s egyenes talajon tal\u00e1n feleslegesnek is \u00e9rzed, de a leny\u00fal\u00f3 \u00e1gak csak arra v\u00e1rnak, hogy az \u00e1rny\u00e9kb\u00f3l az arcodba csap\u00f3djanak. A cs\u00fasz\u00f3s levelekr\u0151l \u00e9s bujk\u00e1l\u00f3 t\u00f3cs\u00e1kr\u00f3l nem is besz\u00e9lve.<\/p>\n<p>A szok\u00e1sos felszerel\u00e9seden ne v\u00e1ltoztass, \u00e9s told meg egy kis extra v\u00edzzel! A szem\u00fcveg abszol\u00fat k\u00f6telez\u0151. A s\u00f6t\u00e9tben vil\u00e1g\u00edt\u00f3 l\u00e1mp\u00e1id vonzz\u00e1k a rovarokat, akik valamilyen hom\u00e1lyos okb\u00f3l sokszor d\u00f6ntenek \u00fagy, hogy a szemed t\u00f6k\u00e9letes hely a hal\u00e1lra.<\/p>\n<h2><strong>Legy\u00e9l f\u00e9ny az \u00e9jszak\u00e1ban!<\/strong><\/h2>\n<p>Ha nem vagy eg\u00e9sz v\u00e9letlen\u00fcl denev\u00e9r, \u00e9rdemes l\u00e1tnod, hova tartasz. Megd\u00f6bbent\u0151, tudjuk. Azt m\u00e1r mondanunk sem kell, hogy ehhez hiper-szuper l\u00e1mp\u00e1kra lesz sz\u00fcks\u00e9ged.<\/p>\n<p>A v\u00e1laszt\u00e9k hatalmas. Azt javasoljuk, hogy szerezz be egy l\u00e1mp\u00e1t, amit a biciklid elej\u00e9re er\u0151s\u00edtesz, \u00e9s egy fejl\u00e1mp\u00e1t, amit rendeltet\u00e9sszer\u0171en haszn\u00e1lsz. \u00cdgy biztosan a teljes utat meg tudod vil\u00e1g\u00edtani. Ha csak a ker\u00e9kp\u00e1rodon vannak l\u00e1mp\u00e1k, akkor egy meredek lejt\u0151n vagy egy \u00e9les kanyarban ak\u00e1r vakon is maradhatsz. Ez\u00e9rt kell egy a fejedre is: \u00edgy mindig l\u00e1tni fogod, mit n\u00e9zel.<\/p>\n<figure id=\"attachment_11992\" aria-describedby=\"caption-attachment-11992\" style=\"width: 1024px\" class=\"wp-caption alignnone\"><a href=\"https:\/\/d2p6e6u75xmxt8.cloudfront.net\/2\/2021\/06\/Night-cycling-profimedia-0598922556.jpg\"><img loading=\"lazy\" decoding=\"async\" class=\"wp-image-11992 size-large\" src=\"https:\/\/d2p6e6u75xmxt8.cloudfront.net\/12\/2021\/07\/Night-cycling-profimedia-0598922556-1024x768.jpg\" alt=\"Cycling in the night\" width=\"1024\" height=\"768\" srcset=\"https:\/\/d2p6e6u75xmxt8.cloudfront.net\/12\/2021\/07\/Night-cycling-profimedia-0598922556-1024x768.jpg 1024w, https:\/\/d2p6e6u75xmxt8.cloudfront.net\/12\/2021\/07\/Night-cycling-profimedia-0598922556-300x225.jpg 300w, https:\/\/d2p6e6u75xmxt8.cloudfront.net\/12\/2021\/07\/Night-cycling-profimedia-0598922556-768x576.jpg 768w, https:\/\/d2p6e6u75xmxt8.cloudfront.net\/12\/2021\/07\/Night-cycling-profimedia-0598922556.jpg 1250w\" sizes=\"auto, (max-width: 1024px) 100vw, 1024px\" \/><\/a><figcaption id=\"caption-attachment-11992\" class=\"wp-caption-text\"><em>A vil\u00e1g\u00edt\u00e1s n\u00e9lk\u00fcl\u00f6zhetetlen. \u00a9 Profimedia<\/em><\/figcaption><\/figure>\n<p>Ha \u00e9jszaka indulsz \u00fatnak, nem el\u00e9gedhetsz meg ak\u00e1rmilyen vil\u00e1g\u00edt\u00e1ssal. M\u00edg a v\u00e1rosban valamivel gyeng\u00e9bb l\u00e1mpa is megteszi, a hegyekben elengedhetetlen az er\u0151s f\u00e9nysz\u00f3r\u00f3. A minimum 500 lumen! Ha viszont nagy sebess\u00e9ggel tervezel lerongyolni a hegyekr\u0151l, akkor m\u00e9g er\u0151sebb kell, ne sajn\u00e1ld a p\u00e9nzt egy 1500 lumenesre!<\/p>\n<p>\u00c9rdemes fontol\u00f3ra venni egy tartal\u00e9kl\u00e1mpa beszerz\u00e9s\u00e9t is, ha esetleg az els\u0151 t\u00f6nkremenne vagy elhagyn\u00e1d. Hidd el, hogy koroms\u00f6t\u00e9tben leereszkedni egy hegyr\u0151l kicsit sem m\u00f3k\u00e1s.<\/p>\n<p>Egy f\u00e9nyvisszaver\u0151 mell\u00e9ny szint\u00e9n nem \u00e1rt, hogy h\u00e1tulr\u00f3l is l\u00e1that\u00f3 legy\u00e9l, h\u00e1ts\u00f3 l\u00e1mp\u00e1kkal azonban csak \u00f3vatosan \u2013 megkeser\u00edtheted vele a m\u00f6g\u00f6tted halad\u00f3k \u00e9let\u00e9t.<\/p>\n<figure id=\"attachment_11993\" aria-describedby=\"caption-attachment-11993\" style=\"width: 1000px\" class=\"wp-caption alignnone\"><a href=\"https:\/\/d2p6e6u75xmxt8.cloudfront.net\/12\/2021\/07\/Night-ride-profimedia-0301587466.jpg\"><img loading=\"lazy\" decoding=\"async\" class=\"wp-image-11993 size-full\" src=\"https:\/\/d2p6e6u75xmxt8.cloudfront.net\/12\/2021\/07\/Night-ride-profimedia-0301587466.jpg\" alt=\"Night Ride\" width=\"1000\" height=\"670\" srcset=\"https:\/\/d2p6e6u75xmxt8.cloudfront.net\/12\/2021\/07\/Night-ride-profimedia-0301587466.jpg 1000w, https:\/\/d2p6e6u75xmxt8.cloudfront.net\/12\/2021\/07\/Night-ride-profimedia-0301587466-300x201.jpg 300w, https:\/\/d2p6e6u75xmxt8.cloudfront.net\/12\/2021\/07\/Night-ride-profimedia-0301587466-768x515.jpg 768w, https:\/\/d2p6e6u75xmxt8.cloudfront.net\/12\/2021\/07\/Night-ride-profimedia-0301587466-272x182.jpg 272w\" sizes=\"auto, (max-width: 1000px) 100vw, 1000px\" \/><\/a><figcaption id=\"caption-attachment-11993\" class=\"wp-caption-text\"><em>A biztons\u00e1g az els\u0151! \u00a9 Profimedia<\/em><\/figcaption><\/figure>\n<h2><strong>K\u00e9sz\u00fclj fel alaposan!<\/strong><\/h2>\n<p>Indul\u00e1s el\u0151tt t\u00f6ltsd fel az elemeket, a telefonod, a l\u00e1mp\u00e1kat. A telefonod v\u00e9letlen\u00fcl se hagyd otthon! Ha valaki megs\u00e9r\u00fcl, lehet, hogy seg\u00edts\u00e9get kell h\u00edvnod. Ha elt\u00e9vedsz, a GPS-re t\u00e1maszkodhatsz. \u00c9s a telefon az utols\u00f3 lehet\u0151s\u00e9ged az \u00fat megvil\u00e1g\u00edt\u00e1s\u00e1ra, ha minden m\u00e1s cserben hagy. R\u00e1ad\u00e1sul elk\u00e9peszt\u0151 k\u00e9peket k\u00e9sz\u00edthetsz Instagramra.<\/p>\n<h2><strong>\u00c9rezd j\u00f3l magad!<\/strong><\/h2>\n<p>Ha mindenre felk\u00e9sz\u00fclt\u00e9l, nincs m\u00e1s h\u00e1tra, mint el\u0151re. A legfontosabb, hogy \u00e9rezd j\u00f3l magad! Sokan nem tehetik meg, hogy kiruccannak egy \u00e9jszak\u00e1ra az erd\u0151be, sz\u00f3val \u00e9rt\u00e9keld, ha te igen! \u00c9lvezd a csendet, a b\u00e9k\u00e9t \u00e9s a s\u00f6t\u00e9ts\u00e9get. Semmi sem var\u00e1zslatosabb, mint a term\u00e9szet \u00e9jszaka.<\/p>\n","protected":false},"excerpt":{"rendered":"<p>Nem f\u00e9l\u00fcnk a s\u00f6t\u00e9tt\u0151l, \u00e9s hi\u00e1ba pr\u00f3b\u00e1lnak a horrorfilmek megijeszteni, nem bujk\u00e1lunk otthon, felkapcsolt l\u00e1mp\u00e1kkal. Ahhoz t\u00fals\u00e1gosan szeret\u00fcnk \u00e9jjel biciklizni. [&hellip;]<\/p>\n","protected":false},"author":71,"featured_media":11995,"comment_status":"closed","ping_status":"closed","sticky":false,"template":"","format":"standard","meta":{"footnotes":""},"categories":[7],"tags":[],"global-categories":[],"class_list":["post-11989","post","type-post","status-publish","format-standard","has-post-thumbnail","hentry","category-trekking-mtb"],"yoast_head":"<!-- This site is optimized with the Yoast SEO Premium plugin v25.3 (Yoast SEO v25.9) - https:\/\/yoast.com\/wordpress\/plugins\/seo\/ -->\n<title>Mi\u00e9rt pazaroln\u00e1d az \u00e9jszak\u00e1t alv\u00e1sra? Ir\u00e1ny tekerni!<\/title>\n<meta name=\"description\" content=\"Nem f\u00e9l\u00fcnk a s\u00f6t\u00e9tt\u0151l, \u00e9s hi\u00e1ba pr\u00f3b\u00e1lnak a horrorfilmek megijeszteni, nem bujk\u00e1lunk otthon, felkapcsolt l\u00e1mp\u00e1kkal. Ahhoz t\u00fals\u00e1gosan szeret\u00fcnk \u00e9jjel biciklizni. Sz\u00edvesen megosztjuk veled is a titkot, ami lehet\u0151v\u00e9 teszi, hogy ak\u00e1r egy koroms\u00f6t\u00e9t erd\u0151ben is j\u00f3l \u00e9rezd magad k\u00e9t ker\u00e9ken!\" \/>\n<meta name=\"robots\" content=\"index, follow, max-snippet:-1, max-image-preview:large, max-video-preview:-1\" \/>\n<link rel=\"canonical\" href=\"https:\/\/www.welovecycling.com\/hu\/trekking-mtb\/miert-pazarolnad-az-ejszakat-alvasra-irany-tekerni\/\" \/>\n<meta property=\"og:locale\" content=\"hu_HU\" \/>\n<meta property=\"og:type\" content=\"article\" \/>\n<meta property=\"og:title\" content=\"Mi\u00e9rt pazaroln\u00e1d az \u00e9jszak\u00e1t alv\u00e1sra? Ir\u00e1ny tekerni!\" \/>\n<meta property=\"og:description\" content=\"Nem f\u00e9l\u00fcnk a s\u00f6t\u00e9tt\u0151l, \u00e9s hi\u00e1ba pr\u00f3b\u00e1lnak a horrorfilmek megijeszteni, nem bujk\u00e1lunk otthon, felkapcsolt l\u00e1mp\u00e1kkal. Ahhoz t\u00fals\u00e1gosan szeret\u00fcnk \u00e9jjel biciklizni. Sz\u00edvesen megosztjuk veled is a titkot, ami lehet\u0151v\u00e9 teszi, hogy ak\u00e1r egy koroms\u00f6t\u00e9t erd\u0151ben is j\u00f3l \u00e9rezd magad k\u00e9t ker\u00e9ken!\" \/>\n<meta property=\"og:url\" content=\"https:\/\/www.welovecycling.com\/hu\/trekking-mtb\/miert-pazarolnad-az-ejszakat-alvasra-irany-tekerni\/\" \/>\n<meta property=\"og:site_name\" content=\"\u0160koda We Love Cycling - Magyarorsz\u00e1g\" \/>\n<meta property=\"article:publisher\" content=\"https:\/\/www.facebook.com\/WeLoveCyclingHungary\/\" \/>\n<meta property=\"article:published_time\" content=\"2021-07-21T06:00:29+00:00\" \/>\n<meta property=\"og:image\" content=\"https:\/\/d2p6e6u75xmxt8.cloudfront.net\/12\/2021\/07\/MTB-Night-profimedia-0501070455-CVR.jpg\" \/>\n\t<meta property=\"og:image:width\" content=\"1366\" \/>\n\t<meta property=\"og:image:height\" content=\"596\" \/>\n\t<meta property=\"og:image:type\" content=\"image\/jpeg\" \/>\n<meta name=\"author\" content=\"hegyizs\" \/>\n<meta name=\"twitter:card\" content=\"summary_large_image\" \/>\n<meta name=\"twitter:label1\" content=\"Written by\" \/>\n\t<meta name=\"twitter:data1\" content=\"Martin Atanasov\" \/>\n\t<meta name=\"twitter:label2\" content=\"Est. reading time\" \/>\n\t<meta name=\"twitter:data2\" content=\"6\" \/>\n<script type=\"application\/ld+json\" class=\"yoast-schema-graph\">{\"@context\":\"https:\/\/schema.org\",\"@graph\":[{\"@type\":\"WebPage\",\"@id\":\"https:\/\/www.welovecycling.com\/hu\/trekking-mtb\/miert-pazarolnad-az-ejszakat-alvasra-irany-tekerni\/\",\"url\":\"https:\/\/www.welovecycling.com\/hu\/trekking-mtb\/miert-pazarolnad-az-ejszakat-alvasra-irany-tekerni\/\",\"name\":\"Mi\u00e9rt pazaroln\u00e1d az \u00e9jszak\u00e1t alv\u00e1sra? Ir\u00e1ny tekerni!\",\"isPartOf\":{\"@id\":\"https:\/\/www.welovecycling.com\/hu\/#website\"},\"primaryImageOfPage\":{\"@id\":\"https:\/\/www.welovecycling.com\/hu\/trekking-mtb\/miert-pazarolnad-az-ejszakat-alvasra-irany-tekerni\/#primaryimage\"},\"image\":{\"@id\":\"https:\/\/www.welovecycling.com\/hu\/trekking-mtb\/miert-pazarolnad-az-ejszakat-alvasra-irany-tekerni\/#primaryimage\"},\"thumbnailUrl\":\"https:\/\/d2p6e6u75xmxt8.cloudfront.net\/12\/2021\/07\/MTB-Night-profimedia-0501070455-CVR.jpg\",\"datePublished\":\"2021-07-21T06:00:29+00:00\",\"author\":{\"@id\":\"https:\/\/www.welovecycling.com\/hu\/#\/schema\/person\/414a2aebf1801691a5320edb6468e194\"},\"description\":\"Nem f\u00e9l\u00fcnk a s\u00f6t\u00e9tt\u0151l, \u00e9s hi\u00e1ba pr\u00f3b\u00e1lnak a horrorfilmek megijeszteni, nem bujk\u00e1lunk otthon, felkapcsolt l\u00e1mp\u00e1kkal. Ahhoz t\u00fals\u00e1gosan szeret\u00fcnk \u00e9jjel biciklizni. Sz\u00edvesen megosztjuk veled is a titkot, ami lehet\u0151v\u00e9 teszi, hogy ak\u00e1r egy koroms\u00f6t\u00e9t erd\u0151ben is j\u00f3l \u00e9rezd magad k\u00e9t ker\u00e9ken!\",\"breadcrumb\":{\"@id\":\"https:\/\/www.welovecycling.com\/hu\/trekking-mtb\/miert-pazarolnad-az-ejszakat-alvasra-irany-tekerni\/#breadcrumb\"},\"inLanguage\":\"hu\",\"potentialAction\":[{\"@type\":\"ReadAction\",\"target\":[\"https:\/\/www.welovecycling.com\/hu\/trekking-mtb\/miert-pazarolnad-az-ejszakat-alvasra-irany-tekerni\/\"]}]},{\"@type\":\"ImageObject\",\"inLanguage\":\"hu\",\"@id\":\"https:\/\/www.welovecycling.com\/hu\/trekking-mtb\/miert-pazarolnad-az-ejszakat-alvasra-irany-tekerni\/#primaryimage\",\"url\":\"https:\/\/d2p6e6u75xmxt8.cloudfront.net\/12\/2021\/07\/MTB-Night-profimedia-0501070455-CVR.jpg\",\"contentUrl\":\"https:\/\/d2p6e6u75xmxt8.cloudfront.net\/12\/2021\/07\/MTB-Night-profimedia-0501070455-CVR.jpg\",\"width\":1366,\"height\":596,\"caption\":\"Night cycling\"},{\"@type\":\"BreadcrumbList\",\"@id\":\"https:\/\/www.welovecycling.com\/hu\/trekking-mtb\/miert-pazarolnad-az-ejszakat-alvasra-irany-tekerni\/#breadcrumb\",\"itemListElement\":[{\"@type\":\"ListItem\",\"position\":1,\"name\":\"Home\",\"item\":\"https:\/\/www.welovecycling.com\/hu\/\"},{\"@type\":\"ListItem\",\"position\":2,\"name\":\"Mi\u00e9rt pazaroln\u00e1d az \u00e9jszak\u00e1t alv\u00e1sra? Ir\u00e1ny tekerni!\"}]},{\"@type\":\"WebSite\",\"@id\":\"https:\/\/www.welovecycling.com\/hu\/#website\",\"url\":\"https:\/\/www.welovecycling.com\/hu\/\",\"name\":\"\u0160koda We Love Cycling - Magyarorsz\u00e1g\",\"description\":\"\u0160koda WeLoveCycling\",\"potentialAction\":[{\"@type\":\"SearchAction\",\"target\":{\"@type\":\"EntryPoint\",\"urlTemplate\":\"https:\/\/www.welovecycling.com\/hu\/?s={search_term_string}\"},\"query-input\":{\"@type\":\"PropertyValueSpecification\",\"valueRequired\":true,\"valueName\":\"search_term_string\"}}],\"inLanguage\":\"hu\"},{\"@type\":\"Person\",\"@id\":\"https:\/\/www.welovecycling.com\/hu\/#\/schema\/person\/414a2aebf1801691a5320edb6468e194\",\"name\":\"hegyizs\",\"image\":{\"@type\":\"ImageObject\",\"inLanguage\":\"hu\",\"@id\":\"https:\/\/www.welovecycling.com\/hu\/#\/schema\/person\/image\/\",\"url\":\"https:\/\/secure.gravatar.com\/avatar\/02cf8a7906b8cf90cecb4679defac7cfd33a1c2e3b88e4903d947f3bb58eedd3?s=96&d=mm&r=g\",\"contentUrl\":\"https:\/\/secure.gravatar.com\/avatar\/02cf8a7906b8cf90cecb4679defac7cfd33a1c2e3b88e4903d947f3bb58eedd3?s=96&d=mm&r=g\",\"caption\":\"hegyizs\"},\"url\":\"https:\/\/www.welovecycling.com\/hu\/author\/hegyizs\/\"}]}<\/script>\n<!-- \/ Yoast SEO Premium plugin. -->","yoast_head_json":{"title":"Mi\u00e9rt pazaroln\u00e1d az \u00e9jszak\u00e1t alv\u00e1sra? Ir\u00e1ny tekerni!","description":"Nem f\u00e9l\u00fcnk a s\u00f6t\u00e9tt\u0151l, \u00e9s hi\u00e1ba pr\u00f3b\u00e1lnak a horrorfilmek megijeszteni, nem bujk\u00e1lunk otthon, felkapcsolt l\u00e1mp\u00e1kkal. Ahhoz t\u00fals\u00e1gosan szeret\u00fcnk \u00e9jjel biciklizni. Sz\u00edvesen megosztjuk veled is a titkot, ami lehet\u0151v\u00e9 teszi, hogy ak\u00e1r egy koroms\u00f6t\u00e9t erd\u0151ben is j\u00f3l \u00e9rezd magad k\u00e9t ker\u00e9ken!","robots":{"index":"index","follow":"follow","max-snippet":"max-snippet:-1","max-image-preview":"max-image-preview:large","max-video-preview":"max-video-preview:-1"},"canonical":"https:\/\/www.welovecycling.com\/hu\/trekking-mtb\/miert-pazarolnad-az-ejszakat-alvasra-irany-tekerni\/","og_locale":"hu_HU","og_type":"article","og_title":"Mi\u00e9rt pazaroln\u00e1d az \u00e9jszak\u00e1t alv\u00e1sra? Ir\u00e1ny tekerni!","og_description":"Nem f\u00e9l\u00fcnk a s\u00f6t\u00e9tt\u0151l, \u00e9s hi\u00e1ba pr\u00f3b\u00e1lnak a horrorfilmek megijeszteni, nem bujk\u00e1lunk otthon, felkapcsolt l\u00e1mp\u00e1kkal. Ahhoz t\u00fals\u00e1gosan szeret\u00fcnk \u00e9jjel biciklizni. Sz\u00edvesen megosztjuk veled is a titkot, ami lehet\u0151v\u00e9 teszi, hogy ak\u00e1r egy koroms\u00f6t\u00e9t erd\u0151ben is j\u00f3l \u00e9rezd magad k\u00e9t ker\u00e9ken!","og_url":"https:\/\/www.welovecycling.com\/hu\/trekking-mtb\/miert-pazarolnad-az-ejszakat-alvasra-irany-tekerni\/","og_site_name":"\u0160koda We Love Cycling - Magyarorsz\u00e1g","article_publisher":"https:\/\/www.facebook.com\/WeLoveCyclingHungary\/","article_published_time":"2021-07-21T06:00:29+00:00","og_image":[{"width":1366,"height":596,"url":"https:\/\/d2p6e6u75xmxt8.cloudfront.net\/12\/2021\/07\/MTB-Night-profimedia-0501070455-CVR.jpg","type":"image\/jpeg"}],"author":"hegyizs","twitter_card":"summary_large_image","twitter_misc":{"Written by":"Martin Atanasov","Est. reading time":"6"},"schema":{"@context":"https:\/\/schema.org","@graph":[{"@type":"WebPage","@id":"https:\/\/www.welovecycling.com\/hu\/trekking-mtb\/miert-pazarolnad-az-ejszakat-alvasra-irany-tekerni\/","url":"https:\/\/www.welovecycling.com\/hu\/trekking-mtb\/miert-pazarolnad-az-ejszakat-alvasra-irany-tekerni\/","name":"Mi\u00e9rt pazaroln\u00e1d az \u00e9jszak\u00e1t alv\u00e1sra? Ir\u00e1ny tekerni!","isPartOf":{"@id":"https:\/\/www.welovecycling.com\/hu\/#website"},"primaryImageOfPage":{"@id":"https:\/\/www.welovecycling.com\/hu\/trekking-mtb\/miert-pazarolnad-az-ejszakat-alvasra-irany-tekerni\/#primaryimage"},"image":{"@id":"https:\/\/www.welovecycling.com\/hu\/trekking-mtb\/miert-pazarolnad-az-ejszakat-alvasra-irany-tekerni\/#primaryimage"},"thumbnailUrl":"https:\/\/d2p6e6u75xmxt8.cloudfront.net\/12\/2021\/07\/MTB-Night-profimedia-0501070455-CVR.jpg","datePublished":"2021-07-21T06:00:29+00:00","author":{"@id":"https:\/\/www.welovecycling.com\/hu\/#\/schema\/person\/414a2aebf1801691a5320edb6468e194"},"description":"Nem f\u00e9l\u00fcnk a s\u00f6t\u00e9tt\u0151l, \u00e9s hi\u00e1ba pr\u00f3b\u00e1lnak a horrorfilmek megijeszteni, nem bujk\u00e1lunk otthon, felkapcsolt l\u00e1mp\u00e1kkal. Ahhoz t\u00fals\u00e1gosan szeret\u00fcnk \u00e9jjel biciklizni. Sz\u00edvesen megosztjuk veled is a titkot, ami lehet\u0151v\u00e9 teszi, hogy ak\u00e1r egy koroms\u00f6t\u00e9t erd\u0151ben is j\u00f3l \u00e9rezd magad k\u00e9t ker\u00e9ken!","breadcrumb":{"@id":"https:\/\/www.welovecycling.com\/hu\/trekking-mtb\/miert-pazarolnad-az-ejszakat-alvasra-irany-tekerni\/#breadcrumb"},"inLanguage":"hu","potentialAction":[{"@type":"ReadAction","target":["https:\/\/www.welovecycling.com\/hu\/trekking-mtb\/miert-pazarolnad-az-ejszakat-alvasra-irany-tekerni\/"]}]},{"@type":"ImageObject","inLanguage":"hu","@id":"https:\/\/www.welovecycling.com\/hu\/trekking-mtb\/miert-pazarolnad-az-ejszakat-alvasra-irany-tekerni\/#primaryimage","url":"https:\/\/d2p6e6u75xmxt8.cloudfront.net\/12\/2021\/07\/MTB-Night-profimedia-0501070455-CVR.jpg","contentUrl":"https:\/\/d2p6e6u75xmxt8.cloudfront.net\/12\/2021\/07\/MTB-Night-profimedia-0501070455-CVR.jpg","width":1366,"height":596,"caption":"Night cycling"},{"@type":"BreadcrumbList","@id":"https:\/\/www.welovecycling.com\/hu\/trekking-mtb\/miert-pazarolnad-az-ejszakat-alvasra-irany-tekerni\/#breadcrumb","itemListElement":[{"@type":"ListItem","position":1,"name":"Home","item":"https:\/\/www.welovecycling.com\/hu\/"},{"@type":"ListItem","position":2,"name":"Mi\u00e9rt pazaroln\u00e1d az \u00e9jszak\u00e1t alv\u00e1sra? Ir\u00e1ny tekerni!"}]},{"@type":"WebSite","@id":"https:\/\/www.welovecycling.com\/hu\/#website","url":"https:\/\/www.welovecycling.com\/hu\/","name":"\u0160koda We Love Cycling - Magyarorsz\u00e1g","description":"\u0160koda WeLoveCycling","potentialAction":[{"@type":"SearchAction","target":{"@type":"EntryPoint","urlTemplate":"https:\/\/www.welovecycling.com\/hu\/?s={search_term_string}"},"query-input":{"@type":"PropertyValueSpecification","valueRequired":true,"valueName":"search_term_string"}}],"inLanguage":"hu"},{"@type":"Person","@id":"https:\/\/www.welovecycling.com\/hu\/#\/schema\/person\/414a2aebf1801691a5320edb6468e194","name":"hegyizs","image":{"@type":"ImageObject","inLanguage":"hu","@id":"https:\/\/www.welovecycling.com\/hu\/#\/schema\/person\/image\/","url":"https:\/\/secure.gravatar.com\/avatar\/02cf8a7906b8cf90cecb4679defac7cfd33a1c2e3b88e4903d947f3bb58eedd3?s=96&d=mm&r=g","contentUrl":"https:\/\/secure.gravatar.com\/avatar\/02cf8a7906b8cf90cecb4679defac7cfd33a1c2e3b88e4903d947f3bb58eedd3?s=96&d=mm&r=g","caption":"hegyizs"},"url":"https:\/\/www.welovecycling.com\/hu\/author\/hegyizs\/"}]}},"_links":{"self":[{"href":"https:\/\/www.welovecycling.com\/hu\/wp-json\/wp\/v2\/posts\/11989","targetHints":{"allow":["GET"]}}],"collection":[{"href":"https:\/\/www.welovecycling.com\/hu\/wp-json\/wp\/v2\/posts"}],"about":[{"href":"https:\/\/www.welovecycling.com\/hu\/wp-json\/wp\/v2\/types\/post"}],"author":[{"embeddable":true,"href":"https:\/\/www.welovecycling.com\/hu\/wp-json\/wp\/v2\/users\/71"}],"replies":[{"embeddable":true,"href":"https:\/\/www.welovecycling.com\/hu\/wp-json\/wp\/v2\/comments?post=11989"}],"version-history":[{"count":2,"href":"https:\/\/www.welovecycling.com\/hu\/wp-json\/wp\/v2\/posts\/11989\/revisions"}],"predecessor-version":[{"id":12008,"href":"https:\/\/www.welovecycling.com\/hu\/wp-json\/wp\/v2\/posts\/11989\/revisions\/12008"}],"wp:featuredmedia":[{"embeddable":true,"href":"https:\/\/www.welovecycling.com\/hu\/wp-json\/wp\/v2\/media\/11995"}],"wp:attachment":[{"href":"https:\/\/www.welovecycling.com\/hu\/wp-json\/wp\/v2\/media?parent=11989"}],"wp:term":[{"taxonomy":"category","embeddable":true,"href":"https:\/\/www.welovecycling.com\/hu\/wp-json\/wp\/v2\/categories?post=11989"},{"taxonomy":"post_tag","embeddable":true,"href":"https:\/\/www.welovecycling.com\/hu\/wp-json\/wp\/v2\/tags?post=11989"},{"taxonomy":"global-categories","embeddable":true,"href":"https:\/\/www.welovecycling.com\/hu\/wp-json\/wp\/v2\/global-categories?post=11989"}],"curies":[{"name":"wp","href":"https:\/\/api.w.org\/{rel}","templated":true}]}}