{"id":11982,"date":"2021-07-20T08:00:48","date_gmt":"2021-07-20T06:00:48","guid":{"rendered":"https:\/\/www.welovecycling.com\/hu\/?p=11982"},"modified":"2021-07-16T10:16:57","modified_gmt":"2021-07-16T08:16:57","slug":"jan-ullrich-varatlan-felemelkedese-az-1997-es-tour-on","status":"publish","type":"post","link":"https:\/\/www.welovecycling.com\/hu\/orszaguti-kerekpar\/jan-ullrich-varatlan-felemelkedese-az-1997-es-tour-on\/","title":{"rendered":"Jan Ullrich v\u00e1ratlan felemelked\u00e9se az 1997-es Tour-on"},"content":{"rendered":"<p><strong>A Tour de France bajnoki c\u00edm elnyer\u00e9se minden csapatvezet\u0151 sz\u00e1m\u00e1ra \u00e9letre sz\u00f3l\u00f3 eredm\u00e9ny, m\u00e9g a domestique csapattagok t\u00e1mogat\u00e1s\u00e1val is. Joggal mer\u00fcl h\u00e1t fel a k\u00e9rd\u00e9s, hogy hogyan siker\u00fclt Jan Ullrichnak, aki maga is domestique volt? A kiv\u00e9teles tehets\u00e9g, a kem\u00e9ny munka \u00e9s a szerencse kever\u00e9ke v\u00e1ratlan eredm\u00e9nnyel z\u00e1rta a \u201997-es Tour-t.<\/strong><\/p>\n<p><!--more--><\/p>\n<p>A rivaliz\u00e1l\u00e1s nem ritka jelens\u00e9g a Tour de France t\u00f6rt\u00e9nelm\u00e9ben, Bartali \u00e9s Coppi vagy Hinault \u00e9s LeMond t\u00f6k\u00e9letes p\u00e9ld\u00e1k erre. Sokkal ritk\u00e1bban fordult el\u0151 azonban, hogy a verseng\u00e9s csapaton bel\u00fcl alakuljon ki. A modern k\u00f6rversenyeken jellemz\u0151en el\u0151re meghat\u00e1rozott szerepe van mindegyik csapattagnak, \u00e9s \u00edgy volt ez a Team Telekom eset\u00e9ben is, 1997-ben. A csapatvezet\u0151 \u00e9s egyben c\u00edmv\u00e9d\u0151 Bjarne Riis volt, aki az \u00f6sszetett gy\u0151zelemre t\u00f6rekedett. A csapat t\u00f6bbi tagja t\u00e1mogatta \u0151t ebben. A domestique tagok vezet\u0151je, Jan Ullrich seg\u00edts\u00e9ge k\u00fcl\u00f6n\u00f6sen fontos volt a gy\u0151zelemhez.<\/p>\n<figure id=\"attachment_11983\" aria-describedby=\"caption-attachment-11983\" style=\"width: 1000px\" class=\"wp-caption alignnone\"><a href=\"https:\/\/d2p6e6u75xmxt8.cloudfront.net\/12\/2021\/07\/Bjarne-Riis-profimedia-0068568979.jpg\"><img loading=\"lazy\" decoding=\"async\" class=\"wp-image-11983 size-full\" src=\"https:\/\/d2p6e6u75xmxt8.cloudfront.net\/12\/2021\/07\/Bjarne-Riis-profimedia-0068568979.jpg\" alt=\"Bjarne Riis\" width=\"1000\" height=\"860\" srcset=\"https:\/\/d2p6e6u75xmxt8.cloudfront.net\/12\/2021\/07\/Bjarne-Riis-profimedia-0068568979.jpg 1000w, https:\/\/d2p6e6u75xmxt8.cloudfront.net\/12\/2021\/07\/Bjarne-Riis-profimedia-0068568979-300x258.jpg 300w, https:\/\/d2p6e6u75xmxt8.cloudfront.net\/12\/2021\/07\/Bjarne-Riis-profimedia-0068568979-768x660.jpg 768w\" sizes=\"auto, (max-width: 1000px) 100vw, 1000px\" \/><\/a><figcaption id=\"caption-attachment-11983\" class=\"wp-caption-text\"><em>Richard Virenque, Bjarne Riis \u00e9s Jan Ullrich az 1996-es Tour-on. \u00a9 Profimedia<\/em><\/figcaption><\/figure>\n<p>A verseny el\u0151tti interj\u00fak sor\u00e1n \u00fagy l\u00e1tszott, Ullrich rendk\u00edv\u00fcl elk\u00f6telezett: <em>\u201eBjarne a kapit\u00e1nyunk. Minden r\u00f3la sz\u00f3l. Szerezni fogunk neki egy \u00fajabb gy\u0151zelmet.\u201d <\/em>De az\u00e9rt hozz\u00e1tette azt is, hogy \u201e<em>ha valami t\u00f6rt\u00e9nne vele, az megv\u00e1ltoztatn\u00e1 a dolgokat.\u201d<\/em><\/p>\n<p>Ullrich t\u00edz \u00e9vvel volt fiatalabb Riis-n\u00e9l \u00e9s nagyon tehets\u00e9ges versenyz\u0151k\u00e9nt ismert\u00e9k. Egy\u00e9rtelm\u0171en a Tour egyik nagy rem\u00e9nys\u00e9gek\u00e9nt tartott\u00e1k sz\u00e1mon. M\u00e9g a Team Telekom igazgat\u00f3ja, Walter Godefroot is nehezen tudott v\u00e1lasztani a k\u00e9t ker\u00e9kp\u00e1ros k\u00f6z\u00f6tt.<\/p>\n<p>\u00c9s nem csak a Telekom csapat\u00e1ban tekertek er\u0151s versenyz\u0151k. A francia Richard Virenque, a Festina \u2013 Lotus csapat\u00e1b\u00f3l, Marco Pantani az olasz Mercatone Un\u00f3t\u00f3l, vagy a spanyol Banesto csapatban versenyz\u0151 Abraham Olano mind hazahozhatta volna a bajnoki c\u00edmet. \u00c9s az az el\u0151ny\u00fck is megvolt, hogy nem kellett csapaton bel\u00fcl szemben\u00e9zni\u00fck egy riv\u00e1lissal.<\/p>\n<p>A Telekomon bel\u00fcli fesz\u00fclts\u00e9g m\u00e1r az els\u0151 szakaszban nyilv\u00e1nval\u00f3 volt. A c\u00e9l el\u0151tt 11 km-el t\u00f6rt\u00e9nt csoportbaleset kett\u00e9osztotta a mez\u0151nyt. Ullrich az \u00e9lcsoportban, Riis pedig a lemarad\u00f3k k\u00f6z\u00f6tt tekert. A csapat minden tagja bev\u00e1rta a kapit\u00e1nyt, hogy seg\u00edtsenek neki befejezni a szakaszt. Mindenki, kiv\u00e9ve Ullrich. Z\u00f6ld utat kapott az igazgat\u00f3t\u00f3l, \u00edgy az \u00e9len maradt. Mondanunk sem kell, Riis nem volt t\u00fal boldog.<\/p>\n<figure id=\"attachment_11984\" aria-describedby=\"caption-attachment-11984\" style=\"width: 1024px\" class=\"wp-caption alignnone\"><a href=\"https:\/\/d2p6e6u75xmxt8.cloudfront.net\/2\/2021\/07\/Jan-Ullrich-Bjarne-Riis-profimedia-0068666402.jpg\"><img loading=\"lazy\" decoding=\"async\" class=\"size-large wp-image-11984\" src=\"https:\/\/d2p6e6u75xmxt8.cloudfront.net\/12\/2021\/07\/Jan-Ullrich-Bjarne-Riis-profimedia-0068666402-1024x901.jpg\" alt=\"1997 Tour\" width=\"1024\" height=\"901\" srcset=\"https:\/\/d2p6e6u75xmxt8.cloudfront.net\/12\/2021\/07\/Jan-Ullrich-Bjarne-Riis-profimedia-0068666402-1024x901.jpg 1024w, https:\/\/d2p6e6u75xmxt8.cloudfront.net\/12\/2021\/07\/Jan-Ullrich-Bjarne-Riis-profimedia-0068666402-300x264.jpg 300w, https:\/\/d2p6e6u75xmxt8.cloudfront.net\/12\/2021\/07\/Jan-Ullrich-Bjarne-Riis-profimedia-0068666402-768x676.jpg 768w, https:\/\/d2p6e6u75xmxt8.cloudfront.net\/12\/2021\/07\/Jan-Ullrich-Bjarne-Riis-profimedia-0068666402.jpg 1250w\" sizes=\"auto, (max-width: 1024px) 100vw, 1024px\" \/><\/a><figcaption id=\"caption-attachment-11984\" class=\"wp-caption-text\"><em>A vezet\u0151 vagy a domestique nyer? \u00a9 Profimedia<\/em><\/figcaption><\/figure>\n<p>A k\u00f6vetkez\u0151 n\u00e9h\u00e1ny nap alatt mindk\u00e9t versenyz\u0151 az \u00f6sszetett \u00e9l\u00e9n \u00e1llt. A Pireneusokhoz \u00e9rve azonban lassan \u00e1talakultak a dolgok. A 9. szakaszban Virenque \u00e1tvette az ir\u00e1ny\u00edt\u00e1st \u00e9s t\u00e1madott a Val Louron-Arez fel\u00e9 vezet\u0151 utols\u00f3 emelked\u0151n. Ullrich v\u00e1laszolt, de Riis lemaradt. Ullrich olyan j\u00f3l teljes\u00edtett aznap, hogy \u00fagy t\u0171nt, megel\u0151zheti Virenque-t, de nem kapott r\u00e1 enged\u00e9lyt. A c\u00e9lhoz k\u00f6zeledve, hi\u00e1ba volt 30 m\u00e1sodperc a k\u00e9t Telekom-versenyz\u0151 k\u00f6z\u00f6tt, m\u00e9g mindig Riis volt a csapatvezet\u0151. Azonban \u00fagy r\u00e9mlett, hogy a cselekedetek lassan fel\u00fclm\u00falj\u00e1k a szavak erej\u00e9t.<\/p>\n<p>A 10. szakasz egy 32 km hossz\u00fa emelked\u0151vel v\u00e1rta a mez\u0151nyt. K\u00f6r\u00fclbel\u00fcl 8 km volt m\u00e9g h\u00e1tra, amikor Riis gyeng\u00fclni kezdett \u00e9s lemaradt. Er\u0151sebb volt benne a csapatszellem, mint az ego, \u00edgy arra biztatta t\u00e1mogat\u00f3it, hogy hagyj\u00e1k h\u00e1tra: \u201e<em>Ha tudtok, akkor menjetek!\u201d<\/em><\/p>\n<p>Jan Ullrich meger\u0151s\u00edt\u00e9sre v\u00e1rt az igazgat\u00f3t\u00f3l. Amikor meghallotta Godefroot szavait &#8211; \u201ete vagy a vezet\u0151\u201d \u2013 t\u00e1madott. Utol\u00e9rte Pantanit \u00e9s Virenque-t is, \u00e9s hamarosan le is hagyta a k\u00e9t kiv\u00e1l\u00f3 hegym\u00e1sz\u00f3t. Ullrich egy teljes perccel a mez\u0151ny el\u0151tt \u00e9rt c\u00e9lba. Riis 3 percet \u00e9s 30 m\u00e1sodpercet vesz\u00edtett.<\/p>\n<figure id=\"attachment_11985\" aria-describedby=\"caption-attachment-11985\" style=\"width: 1000px\" class=\"wp-caption alignnone\"><a href=\"https:\/\/d2p6e6u75xmxt8.cloudfront.net\/12\/2021\/07\/Jan-Ullrich-profimedia-0068568978.jpg\"><img loading=\"lazy\" decoding=\"async\" class=\"size-full wp-image-11985\" src=\"https:\/\/d2p6e6u75xmxt8.cloudfront.net\/12\/2021\/07\/Jan-Ullrich-profimedia-0068568978.jpg\" alt=\"Jan Ullrich 1997\" width=\"1000\" height=\"648\" srcset=\"https:\/\/d2p6e6u75xmxt8.cloudfront.net\/12\/2021\/07\/Jan-Ullrich-profimedia-0068568978.jpg 1000w, https:\/\/d2p6e6u75xmxt8.cloudfront.net\/12\/2021\/07\/Jan-Ullrich-profimedia-0068568978-300x194.jpg 300w, https:\/\/d2p6e6u75xmxt8.cloudfront.net\/12\/2021\/07\/Jan-Ullrich-profimedia-0068568978-768x498.jpg 768w\" sizes=\"auto, (max-width: 1000px) 100vw, 1000px\" \/><\/a><figcaption id=\"caption-attachment-11985\" class=\"wp-caption-text\"><em>Ullrich vezeti a mez\u0151nyt a 15. szakasz utols\u00f3 emelked\u0151j\u00e9n. \u00a9 Profimedia<\/em><\/figcaption><\/figure>\n<p>\u00cdgy nyilatkozott a szakaszgy\u0151ztes az etap ut\u00e1n: \u201e<em>Teljesen kimer\u00fcltem, de nagyon boldog vagyok.\u201d<\/em> Riis pedig elismerte veres\u00e9g\u00e9t: <em>\u201eJan ma remek form\u00e1ban volt \u00e9s azt tette, amit tennie kellett. Fontos, hogy megtartsuk a s\u00e1rga mezt. A Tour egy csapatverseny.\u201d<\/em><\/p>\n<p>Aznap \u00faj csillag sz\u00fcletett. <em>\u201eVoil\u00e1 la Patron\u201d <\/em>\u2013 \u00edrta a francia h\u00edrlap, a L\u2019\u00c9quipe. \u00cdme, a f\u0151n\u00f6k. Merckx \u00e9s Indurain is elismer\u0151en nyilatkoztak r\u00f3la. \u201e<em>Ez a ker\u00e9kp\u00e1roz\u00e1s egy \u00faj id\u0151szak\u00e1nak kezdete. Ullrich h\u00e9t-nyolc \u00e9ven \u00e1t uralkodni fog\u201d <\/em>\u2013 mondta Hinault. \u00c9rthet\u0151 m\u00f3don, egyed\u00fcl Virenque nem volt olyan lelkes.<\/p>\n<p>A 12. szakasz egy hegyi id\u0151futam volt, ahol Ullrich ism\u00e9t remekelt. Utol\u00e9rte a kor\u00e1bban indul\u00f3 Virenque-t \u00e9s 5 perc 42 m\u00e1sodpercre n\u00f6velte el\u0151ny\u00e9t! N\u00e9metorsz\u00e1g teljes megsz\u00e1llts\u00e1ggal \u00fcnnepelte az \u00faj Tour de France-\u00f3ri\u00e1st. A ker\u00e9kp\u00e1ros el\u00e9rte azt, amit a politikusak az orsz\u00e1g egyes\u00fcl\u00e9se \u00f3ta eltelt h\u00e9t \u00e9vben nem tudtak: \u00f6sszek\u00f6t\u00f6tte keletet \u00e9s nyugatot.<\/p>\n<p>M\u00e1r csak az Alpok \u00e1llt k\u00f6zte \u00e9s a gy\u0151zelem k\u00f6z\u00f6tt. A k\u00f6vetkez\u0151 szakaszt, mely az Alpe d\u2019Huez cs\u00facs\u00e1ra vezet\u0151 legend\u00e1s emelked\u0151vel v\u00e9gz\u0151d\u00f6tt, Marco Pantani nyerte meg. A t\u00f6meg \u00fcdvrivalg\u00e1sa el\u00e9g er\u0151t adott neki, hogy megel\u0151zze Riist, Virenque-t \u00e9s m\u00e9g Ullrichot is. A szerencs\u00e9tlens\u00e9g azonban nem csak erre a szakaszra ker\u00edtette hatalm\u00e1ba a Telekomot.<\/p>\n<figure id=\"attachment_11986\" aria-describedby=\"caption-attachment-11986\" style=\"width: 1024px\" class=\"wp-caption alignnone\"><a href=\"https:\/\/d2p6e6u75xmxt8.cloudfront.net\/12\/2021\/07\/1997-Tour-Jan-Ullrich-profimedia-0068568920.jpg\"><img loading=\"lazy\" decoding=\"async\" class=\"size-full wp-image-11986\" src=\"https:\/\/d2p6e6u75xmxt8.cloudfront.net\/12\/2021\/07\/1997-Tour-Jan-Ullrich-profimedia-0068568920.jpg\" alt=\"1997 Tour\" width=\"1024\" height=\"809\" srcset=\"https:\/\/d2p6e6u75xmxt8.cloudfront.net\/12\/2021\/07\/1997-Tour-Jan-Ullrich-profimedia-0068568920.jpg 1024w, https:\/\/d2p6e6u75xmxt8.cloudfront.net\/12\/2021\/07\/1997-Tour-Jan-Ullrich-profimedia-0068568920-300x237.jpg 300w, https:\/\/d2p6e6u75xmxt8.cloudfront.net\/12\/2021\/07\/1997-Tour-Jan-Ullrich-profimedia-0068568920-768x607.jpg 768w\" sizes=\"auto, (max-width: 1024px) 100vw, 1024px\" \/><\/a><figcaption id=\"caption-attachment-11986\" class=\"wp-caption-text\"><em>A 14. szakasz \u2013 Fernando Escartin, Richard Virenque \u00e9s Jan Ullrich, a s\u00e1rga mezben. \u00a9 Profimedia<\/em><\/figcaption><\/figure>\n<p>Ullrich a 14. szakasz elej\u00e9n elesett \u00e9s az \u00e9lmez\u0151ny lehagyta. Az eg\u00e9sz Telekom csapat, k\u00f6zt\u00fck Riis is, aki m\u00e1r domestique-k\u00e9nt tekert, kem\u00e9nyen dolgozott, hogy visszaker\u00fclj\u00f6n az \u00e9lre. A c\u00e9l el\u0151tt 21 km-eel \u00e9rt\u00e9k utol Virenque-t. A k\u00e9t versenyz\u0151 a szakasz v\u00e9g\u00e9ig k\u00fczd\u00f6tt, v\u00e9g\u00fcl a francia megszerezte a gy\u0151zelmet. A n\u00e9met szuperszt\u00e1r k\u00e9s\u0151bb \u00edgy nyilatkozott: \u201e<em>Fantasztikus volt, ami Bjarne ma \u00e9rtem tett. Nem tudom el\u00e9gg\u00e9 megk\u00f6sz\u00f6nni. Igaz\u00e1n megmutatta, ki \u0151.\u201d<\/em><\/p>\n<p>Ullrich hat \u00e9s f\u00e9l perccel vezetett \u00e9s \u00fagy t\u0171nt, az egyetlen, ami legy\u0151zheti, a teste. \u00c9s pontosan ez is t\u00f6rt\u00e9nt. Ullrich megf\u00e1z\u00e1ssal \u00e9s kimer\u00fcl\u00e9ssel k\u00fczd\u00f6tt az utols\u00f3 n\u00e9h\u00e1ny napban. \u00c9desanyja \u00e9s bar\u00e1tn\u0151je meglept\u00e9k, \u00e9s 17. szakaszon \u00fajult er\u0151vel indult el. \u00c9s sikerrel j\u00e1rt! M\u00e9g az utols\u00f3 id\u0151futamon is n\u00f6velte el\u0151ny\u00e9t \u00e9s \u00fajra legy\u0151zte Virenque-t. Ullrich 9 perc \u00e9s 9 m\u00e1sodperces el\u0151nye a legmagasabb 1984 \u00f3ta, amikor Fignon 10 perccel nyert. Emellett \u0151 lett a h\u00e1bor\u00fa ut\u00e1ni legfiatalabb bajnok.<\/p>\n<p><em>\u201eA tavalyi Tour-on m\u00e1sodik lettem, \u00e9s m\u00e9g a post\u00e1som sem tudta, hogy ki vagyok. Most bomlanak ut\u00e1nam a n\u0151k!\u201d<\/em> \u2013 mondta Ullrich, miut\u00e1n visszat\u00e9rt a haz\u00e1j\u00e1ba.<\/p>\n","protected":false},"excerpt":{"rendered":"<p>A Tour de France bajnoki c\u00edm elnyer\u00e9se minden csapatvezet\u0151 sz\u00e1m\u00e1ra \u00e9letre sz\u00f3l\u00f3 eredm\u00e9ny, m\u00e9g a domestique csapattagok t\u00e1mogat\u00e1s\u00e1val is. Joggal [&hellip;]<\/p>\n","protected":false},"author":71,"featured_media":11988,"comment_status":"closed","ping_status":"closed","sticky":false,"template":"","format":"standard","meta":{"footnotes":""},"categories":[8],"tags":[],"global-categories":[],"class_list":["post-11982","post","type-post","status-publish","format-standard","has-post-thumbnail","hentry","category-orszaguti-kerekpar"],"yoast_head":"<!-- This site is optimized with the Yoast SEO Premium plugin v25.3 (Yoast SEO v25.9) - https:\/\/yoast.com\/wordpress\/plugins\/seo\/ -->\n<title>Jan Ullrich v\u00e1ratlan felemelked\u00e9se az 1997-es Tour-on<\/title>\n<meta name=\"description\" content=\"A Tour de France bajnoki c\u00edm elnyer\u00e9se minden csapatvezet\u0151 sz\u00e1m\u00e1ra \u00e9letre sz\u00f3l\u00f3 eredm\u00e9ny, m\u00e9g a domestique csapattagok t\u00e1mogat\u00e1s\u00e1val is. Joggal mer\u00fcl h\u00e1t fel a k\u00e9rd\u00e9s, hogy hogyan siker\u00fclt Jan Ullrichnak, aki maga is domestique volt?\" \/>\n<meta name=\"robots\" content=\"index, follow, max-snippet:-1, max-image-preview:large, max-video-preview:-1\" \/>\n<link rel=\"canonical\" href=\"https:\/\/www.welovecycling.com\/hu\/orszaguti-kerekpar\/jan-ullrich-varatlan-felemelkedese-az-1997-es-tour-on\/\" \/>\n<meta property=\"og:locale\" content=\"hu_HU\" \/>\n<meta property=\"og:type\" content=\"article\" \/>\n<meta property=\"og:title\" content=\"Jan Ullrich v\u00e1ratlan felemelked\u00e9se az 1997-es Tour-on\" \/>\n<meta property=\"og:description\" content=\"A Tour de France bajnoki c\u00edm elnyer\u00e9se minden csapatvezet\u0151 sz\u00e1m\u00e1ra \u00e9letre sz\u00f3l\u00f3 eredm\u00e9ny, m\u00e9g a domestique csapattagok t\u00e1mogat\u00e1s\u00e1val is. Joggal mer\u00fcl h\u00e1t fel a k\u00e9rd\u00e9s, hogy hogyan siker\u00fclt Jan Ullrichnak, aki maga is domestique volt?\" \/>\n<meta property=\"og:url\" content=\"https:\/\/www.welovecycling.com\/hu\/orszaguti-kerekpar\/jan-ullrich-varatlan-felemelkedese-az-1997-es-tour-on\/\" \/>\n<meta property=\"og:site_name\" content=\"\u0160koda We Love Cycling - Magyarorsz\u00e1g\" \/>\n<meta property=\"article:publisher\" content=\"https:\/\/www.facebook.com\/WeLoveCyclingHungary\/\" \/>\n<meta property=\"article:published_time\" content=\"2021-07-20T06:00:48+00:00\" \/>\n<meta property=\"og:image\" content=\"https:\/\/d2p6e6u75xmxt8.cloudfront.net\/12\/2021\/07\/Jan-Ullrich-profimedia-0068570253-CVR.jpg\" \/>\n\t<meta property=\"og:image:width\" content=\"1366\" \/>\n\t<meta property=\"og:image:height\" content=\"600\" \/>\n\t<meta property=\"og:image:type\" content=\"image\/jpeg\" \/>\n<meta name=\"author\" content=\"hegyizs\" \/>\n<meta name=\"twitter:card\" content=\"summary_large_image\" \/>\n<meta name=\"twitter:label1\" content=\"Written by\" \/>\n\t<meta name=\"twitter:data1\" content=\"Jiri Kaloc\" \/>\n\t<meta name=\"twitter:label2\" content=\"Est. reading time\" \/>\n\t<meta name=\"twitter:data2\" content=\"5\" \/>\n<script type=\"application\/ld+json\" class=\"yoast-schema-graph\">{\"@context\":\"https:\/\/schema.org\",\"@graph\":[{\"@type\":\"WebPage\",\"@id\":\"https:\/\/www.welovecycling.com\/hu\/orszaguti-kerekpar\/jan-ullrich-varatlan-felemelkedese-az-1997-es-tour-on\/\",\"url\":\"https:\/\/www.welovecycling.com\/hu\/orszaguti-kerekpar\/jan-ullrich-varatlan-felemelkedese-az-1997-es-tour-on\/\",\"name\":\"Jan Ullrich v\u00e1ratlan felemelked\u00e9se az 1997-es Tour-on\",\"isPartOf\":{\"@id\":\"https:\/\/www.welovecycling.com\/hu\/#website\"},\"primaryImageOfPage\":{\"@id\":\"https:\/\/www.welovecycling.com\/hu\/orszaguti-kerekpar\/jan-ullrich-varatlan-felemelkedese-az-1997-es-tour-on\/#primaryimage\"},\"image\":{\"@id\":\"https:\/\/www.welovecycling.com\/hu\/orszaguti-kerekpar\/jan-ullrich-varatlan-felemelkedese-az-1997-es-tour-on\/#primaryimage\"},\"thumbnailUrl\":\"https:\/\/d2p6e6u75xmxt8.cloudfront.net\/12\/2021\/07\/Jan-Ullrich-profimedia-0068570253-CVR.jpg\",\"datePublished\":\"2021-07-20T06:00:48+00:00\",\"author\":{\"@id\":\"https:\/\/www.welovecycling.com\/hu\/#\/schema\/person\/414a2aebf1801691a5320edb6468e194\"},\"description\":\"A Tour de France bajnoki c\u00edm elnyer\u00e9se minden csapatvezet\u0151 sz\u00e1m\u00e1ra \u00e9letre sz\u00f3l\u00f3 eredm\u00e9ny, m\u00e9g a domestique csapattagok t\u00e1mogat\u00e1s\u00e1val is. Joggal mer\u00fcl h\u00e1t fel a k\u00e9rd\u00e9s, hogy hogyan siker\u00fclt Jan Ullrichnak, aki maga is domestique volt?\",\"breadcrumb\":{\"@id\":\"https:\/\/www.welovecycling.com\/hu\/orszaguti-kerekpar\/jan-ullrich-varatlan-felemelkedese-az-1997-es-tour-on\/#breadcrumb\"},\"inLanguage\":\"hu\",\"potentialAction\":[{\"@type\":\"ReadAction\",\"target\":[\"https:\/\/www.welovecycling.com\/hu\/orszaguti-kerekpar\/jan-ullrich-varatlan-felemelkedese-az-1997-es-tour-on\/\"]}]},{\"@type\":\"ImageObject\",\"inLanguage\":\"hu\",\"@id\":\"https:\/\/www.welovecycling.com\/hu\/orszaguti-kerekpar\/jan-ullrich-varatlan-felemelkedese-az-1997-es-tour-on\/#primaryimage\",\"url\":\"https:\/\/d2p6e6u75xmxt8.cloudfront.net\/12\/2021\/07\/Jan-Ullrich-profimedia-0068570253-CVR.jpg\",\"contentUrl\":\"https:\/\/d2p6e6u75xmxt8.cloudfront.net\/12\/2021\/07\/Jan-Ullrich-profimedia-0068570253-CVR.jpg\",\"width\":1366,\"height\":600,\"caption\":\"Jan Ullrich\"},{\"@type\":\"BreadcrumbList\",\"@id\":\"https:\/\/www.welovecycling.com\/hu\/orszaguti-kerekpar\/jan-ullrich-varatlan-felemelkedese-az-1997-es-tour-on\/#breadcrumb\",\"itemListElement\":[{\"@type\":\"ListItem\",\"position\":1,\"name\":\"Home\",\"item\":\"https:\/\/www.welovecycling.com\/hu\/\"},{\"@type\":\"ListItem\",\"position\":2,\"name\":\"Jan Ullrich v\u00e1ratlan felemelked\u00e9se az 1997-es Tour-on\"}]},{\"@type\":\"WebSite\",\"@id\":\"https:\/\/www.welovecycling.com\/hu\/#website\",\"url\":\"https:\/\/www.welovecycling.com\/hu\/\",\"name\":\"\u0160koda We Love Cycling - Magyarorsz\u00e1g\",\"description\":\"\u0160koda WeLoveCycling\",\"potentialAction\":[{\"@type\":\"SearchAction\",\"target\":{\"@type\":\"EntryPoint\",\"urlTemplate\":\"https:\/\/www.welovecycling.com\/hu\/?s={search_term_string}\"},\"query-input\":{\"@type\":\"PropertyValueSpecification\",\"valueRequired\":true,\"valueName\":\"search_term_string\"}}],\"inLanguage\":\"hu\"},{\"@type\":\"Person\",\"@id\":\"https:\/\/www.welovecycling.com\/hu\/#\/schema\/person\/414a2aebf1801691a5320edb6468e194\",\"name\":\"hegyizs\",\"image\":{\"@type\":\"ImageObject\",\"inLanguage\":\"hu\",\"@id\":\"https:\/\/www.welovecycling.com\/hu\/#\/schema\/person\/image\/\",\"url\":\"https:\/\/secure.gravatar.com\/avatar\/02cf8a7906b8cf90cecb4679defac7cfd33a1c2e3b88e4903d947f3bb58eedd3?s=96&d=mm&r=g\",\"contentUrl\":\"https:\/\/secure.gravatar.com\/avatar\/02cf8a7906b8cf90cecb4679defac7cfd33a1c2e3b88e4903d947f3bb58eedd3?s=96&d=mm&r=g\",\"caption\":\"hegyizs\"},\"url\":\"https:\/\/www.welovecycling.com\/hu\/author\/hegyizs\/\"}]}<\/script>\n<!-- \/ Yoast SEO Premium plugin. -->","yoast_head_json":{"title":"Jan Ullrich v\u00e1ratlan felemelked\u00e9se az 1997-es Tour-on","description":"A Tour de France bajnoki c\u00edm elnyer\u00e9se minden csapatvezet\u0151 sz\u00e1m\u00e1ra \u00e9letre sz\u00f3l\u00f3 eredm\u00e9ny, m\u00e9g a domestique csapattagok t\u00e1mogat\u00e1s\u00e1val is. Joggal mer\u00fcl h\u00e1t fel a k\u00e9rd\u00e9s, hogy hogyan siker\u00fclt Jan Ullrichnak, aki maga is domestique volt?","robots":{"index":"index","follow":"follow","max-snippet":"max-snippet:-1","max-image-preview":"max-image-preview:large","max-video-preview":"max-video-preview:-1"},"canonical":"https:\/\/www.welovecycling.com\/hu\/orszaguti-kerekpar\/jan-ullrich-varatlan-felemelkedese-az-1997-es-tour-on\/","og_locale":"hu_HU","og_type":"article","og_title":"Jan Ullrich v\u00e1ratlan felemelked\u00e9se az 1997-es Tour-on","og_description":"A Tour de France bajnoki c\u00edm elnyer\u00e9se minden csapatvezet\u0151 sz\u00e1m\u00e1ra \u00e9letre sz\u00f3l\u00f3 eredm\u00e9ny, m\u00e9g a domestique csapattagok t\u00e1mogat\u00e1s\u00e1val is. Joggal mer\u00fcl h\u00e1t fel a k\u00e9rd\u00e9s, hogy hogyan siker\u00fclt Jan Ullrichnak, aki maga is domestique volt?","og_url":"https:\/\/www.welovecycling.com\/hu\/orszaguti-kerekpar\/jan-ullrich-varatlan-felemelkedese-az-1997-es-tour-on\/","og_site_name":"\u0160koda We Love Cycling - Magyarorsz\u00e1g","article_publisher":"https:\/\/www.facebook.com\/WeLoveCyclingHungary\/","article_published_time":"2021-07-20T06:00:48+00:00","og_image":[{"width":1366,"height":600,"url":"https:\/\/d2p6e6u75xmxt8.cloudfront.net\/12\/2021\/07\/Jan-Ullrich-profimedia-0068570253-CVR.jpg","type":"image\/jpeg"}],"author":"hegyizs","twitter_card":"summary_large_image","twitter_misc":{"Written by":"Jiri Kaloc","Est. reading time":"5"},"schema":{"@context":"https:\/\/schema.org","@graph":[{"@type":"WebPage","@id":"https:\/\/www.welovecycling.com\/hu\/orszaguti-kerekpar\/jan-ullrich-varatlan-felemelkedese-az-1997-es-tour-on\/","url":"https:\/\/www.welovecycling.com\/hu\/orszaguti-kerekpar\/jan-ullrich-varatlan-felemelkedese-az-1997-es-tour-on\/","name":"Jan Ullrich v\u00e1ratlan felemelked\u00e9se az 1997-es Tour-on","isPartOf":{"@id":"https:\/\/www.welovecycling.com\/hu\/#website"},"primaryImageOfPage":{"@id":"https:\/\/www.welovecycling.com\/hu\/orszaguti-kerekpar\/jan-ullrich-varatlan-felemelkedese-az-1997-es-tour-on\/#primaryimage"},"image":{"@id":"https:\/\/www.welovecycling.com\/hu\/orszaguti-kerekpar\/jan-ullrich-varatlan-felemelkedese-az-1997-es-tour-on\/#primaryimage"},"thumbnailUrl":"https:\/\/d2p6e6u75xmxt8.cloudfront.net\/12\/2021\/07\/Jan-Ullrich-profimedia-0068570253-CVR.jpg","datePublished":"2021-07-20T06:00:48+00:00","author":{"@id":"https:\/\/www.welovecycling.com\/hu\/#\/schema\/person\/414a2aebf1801691a5320edb6468e194"},"description":"A Tour de France bajnoki c\u00edm elnyer\u00e9se minden csapatvezet\u0151 sz\u00e1m\u00e1ra \u00e9letre sz\u00f3l\u00f3 eredm\u00e9ny, m\u00e9g a domestique csapattagok t\u00e1mogat\u00e1s\u00e1val is. Joggal mer\u00fcl h\u00e1t fel a k\u00e9rd\u00e9s, hogy hogyan siker\u00fclt Jan Ullrichnak, aki maga is domestique volt?","breadcrumb":{"@id":"https:\/\/www.welovecycling.com\/hu\/orszaguti-kerekpar\/jan-ullrich-varatlan-felemelkedese-az-1997-es-tour-on\/#breadcrumb"},"inLanguage":"hu","potentialAction":[{"@type":"ReadAction","target":["https:\/\/www.welovecycling.com\/hu\/orszaguti-kerekpar\/jan-ullrich-varatlan-felemelkedese-az-1997-es-tour-on\/"]}]},{"@type":"ImageObject","inLanguage":"hu","@id":"https:\/\/www.welovecycling.com\/hu\/orszaguti-kerekpar\/jan-ullrich-varatlan-felemelkedese-az-1997-es-tour-on\/#primaryimage","url":"https:\/\/d2p6e6u75xmxt8.cloudfront.net\/12\/2021\/07\/Jan-Ullrich-profimedia-0068570253-CVR.jpg","contentUrl":"https:\/\/d2p6e6u75xmxt8.cloudfront.net\/12\/2021\/07\/Jan-Ullrich-profimedia-0068570253-CVR.jpg","width":1366,"height":600,"caption":"Jan Ullrich"},{"@type":"BreadcrumbList","@id":"https:\/\/www.welovecycling.com\/hu\/orszaguti-kerekpar\/jan-ullrich-varatlan-felemelkedese-az-1997-es-tour-on\/#breadcrumb","itemListElement":[{"@type":"ListItem","position":1,"name":"Home","item":"https:\/\/www.welovecycling.com\/hu\/"},{"@type":"ListItem","position":2,"name":"Jan Ullrich v\u00e1ratlan felemelked\u00e9se az 1997-es Tour-on"}]},{"@type":"WebSite","@id":"https:\/\/www.welovecycling.com\/hu\/#website","url":"https:\/\/www.welovecycling.com\/hu\/","name":"\u0160koda We Love Cycling - Magyarorsz\u00e1g","description":"\u0160koda WeLoveCycling","potentialAction":[{"@type":"SearchAction","target":{"@type":"EntryPoint","urlTemplate":"https:\/\/www.welovecycling.com\/hu\/?s={search_term_string}"},"query-input":{"@type":"PropertyValueSpecification","valueRequired":true,"valueName":"search_term_string"}}],"inLanguage":"hu"},{"@type":"Person","@id":"https:\/\/www.welovecycling.com\/hu\/#\/schema\/person\/414a2aebf1801691a5320edb6468e194","name":"hegyizs","image":{"@type":"ImageObject","inLanguage":"hu","@id":"https:\/\/www.welovecycling.com\/hu\/#\/schema\/person\/image\/","url":"https:\/\/secure.gravatar.com\/avatar\/02cf8a7906b8cf90cecb4679defac7cfd33a1c2e3b88e4903d947f3bb58eedd3?s=96&d=mm&r=g","contentUrl":"https:\/\/secure.gravatar.com\/avatar\/02cf8a7906b8cf90cecb4679defac7cfd33a1c2e3b88e4903d947f3bb58eedd3?s=96&d=mm&r=g","caption":"hegyizs"},"url":"https:\/\/www.welovecycling.com\/hu\/author\/hegyizs\/"}]}},"_links":{"self":[{"href":"https:\/\/www.welovecycling.com\/hu\/wp-json\/wp\/v2\/posts\/11982","targetHints":{"allow":["GET"]}}],"collection":[{"href":"https:\/\/www.welovecycling.com\/hu\/wp-json\/wp\/v2\/posts"}],"about":[{"href":"https:\/\/www.welovecycling.com\/hu\/wp-json\/wp\/v2\/types\/post"}],"author":[{"embeddable":true,"href":"https:\/\/www.welovecycling.com\/hu\/wp-json\/wp\/v2\/users\/71"}],"replies":[{"embeddable":true,"href":"https:\/\/www.welovecycling.com\/hu\/wp-json\/wp\/v2\/comments?post=11982"}],"version-history":[{"count":2,"href":"https:\/\/www.welovecycling.com\/hu\/wp-json\/wp\/v2\/posts\/11982\/revisions"}],"predecessor-version":[{"id":12009,"href":"https:\/\/www.welovecycling.com\/hu\/wp-json\/wp\/v2\/posts\/11982\/revisions\/12009"}],"wp:featuredmedia":[{"embeddable":true,"href":"https:\/\/www.welovecycling.com\/hu\/wp-json\/wp\/v2\/media\/11988"}],"wp:attachment":[{"href":"https:\/\/www.welovecycling.com\/hu\/wp-json\/wp\/v2\/media?parent=11982"}],"wp:term":[{"taxonomy":"category","embeddable":true,"href":"https:\/\/www.welovecycling.com\/hu\/wp-json\/wp\/v2\/categories?post=11982"},{"taxonomy":"post_tag","embeddable":true,"href":"https:\/\/www.welovecycling.com\/hu\/wp-json\/wp\/v2\/tags?post=11982"},{"taxonomy":"global-categories","embeddable":true,"href":"https:\/\/www.welovecycling.com\/hu\/wp-json\/wp\/v2\/global-categories?post=11982"}],"curies":[{"name":"wp","href":"https:\/\/api.w.org\/{rel}","templated":true}]}}