{"id":11970,"date":"2021-07-16T12:00:04","date_gmt":"2021-07-16T10:00:04","guid":{"rendered":"https:\/\/www.welovecycling.com\/hu\/?p=11970"},"modified":"2021-07-09T15:21:58","modified_gmt":"2021-07-09T13:21:58","slug":"megprobaltam-bevenni-a-koppenberget","status":"publish","type":"post","link":"https:\/\/www.welovecycling.com\/hu\/tour-de-france\/megprobaltam-bevenni-a-koppenberget\/","title":{"rendered":"Megpr\u00f3b\u00e1ltam bevenni a Koppenberget"},"content":{"rendered":"<p><strong>A h\u00edres domb, ami annak idej\u00e9n Eddy Merckx-t is lesz\u00e1ll\u00edttatta a nyeregb\u0151l. Mi\u00e9rt is gondoltam, hogy engem nem fog legy\u0151zni?<\/strong><!--more--><\/p>\n<p>Egy s\u00edk mell\u00e9kutc\u00e1b\u00f3l \u00e9rkezve hirtelen falk\u00e9nt emelkedik el\u0151tt\u00fcnk az \u00fat. A domb csak 600 m\u00e9ter magas, de a l\u00e1b\u00e1n\u00e1l \u00e1llva \u00fagy t\u0171nik, lehetetlen megm\u00e1szni. M\u00e1r t\u00f6bb, mint hat \u00f3r\u00e1ja \u00fcl\u00f6k nyeregben.<\/p>\n<ul>\n<li>Ez meg mi?! \u2013 k\u00e9rdezi Andrea.<\/li>\n<li>Ez a Koppenberg \u2013 v\u00e1laszolom gyorsan \u00e9s a lehet\u0151 legkisebb energiafelhaszn\u00e1l\u00e1ssal.<\/li>\n<li>\u00d3, J\u00e9zusom.<\/li>\n<\/ul>\n<p>A vil\u00e1g egyik legkem\u00e9nyebb \u00fatvonal\u00e1n teker\u00fcnk: 229 km, t\u00f6bbek k\u00f6z\u00f6tt Belgium kockak\u00f6vekkel tark\u00edtott utc\u00e1in. Pontos m\u00e1solata ez a Tour de Flandria versenynek. H\u00e1rom bar\u00e1tommal indultam \u00fatnak. Miut\u00e1n 160 km-t megtett\u00fcnk, el\u00e9rt\u00fck a legnagyobb kih\u00edv\u00e1st: ott tornyosult el\u0151tt\u00fcnk a Koppenberg.<\/p>\n<figure id=\"attachment_11972\" aria-describedby=\"caption-attachment-11972\" style=\"width: 980px\" class=\"wp-caption alignnone\"><a href=\"https:\/\/d2p6e6u75xmxt8.cloudfront.net\/12\/2021\/07\/tourofflanders-8-1534452197.jpg\"><img loading=\"lazy\" decoding=\"async\" class=\"size-full wp-image-11972\" src=\"https:\/\/d2p6e6u75xmxt8.cloudfront.net\/12\/2021\/07\/tourofflanders-8-1534452197.jpg\" alt=\"\" width=\"980\" height=\"653\" srcset=\"https:\/\/d2p6e6u75xmxt8.cloudfront.net\/12\/2021\/07\/tourofflanders-8-1534452197.jpg 980w, https:\/\/d2p6e6u75xmxt8.cloudfront.net\/12\/2021\/07\/tourofflanders-8-1534452197-300x200.jpg 300w, https:\/\/d2p6e6u75xmxt8.cloudfront.net\/12\/2021\/07\/tourofflanders-8-1534452197-768x512.jpg 768w, https:\/\/d2p6e6u75xmxt8.cloudfront.net\/12\/2021\/07\/tourofflanders-8-1534452197-272x182.jpg 272w\" sizes=\"auto, (max-width: 980px) 100vw, 980px\" \/><\/a><figcaption id=\"caption-attachment-11972\" class=\"wp-caption-text\">A besz\u00e1mol\u00f3 \u00edr\u00f3ja (feket\u00e9ben) vezeti a csapatot. Fot\u00f3: Courtesy Sportograf<\/figcaption><\/figure>\n<p>Szemerk\u00e9l az es\u0151, \u00e9s az \u00e9les, szab\u00e1lytalan kockak\u00f6vek fel\u00fclet\u00e9n megcsillan az olaj. Az \u00fat \u00fagy fest, mint egy hadi\u00e1rok, amit a domb oldal\u00e1ba \u00e1stak. T\u00f6bb tucat ember tolja felfel\u00e9 lihegve a bring\u00e1t rajta. A neh\u00e9zkesen l\u00e9pdel\u0151 v\u00e1dlikat s\u00e1r bor\u00edtja. Van, akinek az arc\u00e1t is.<\/p>\n<p>Eleve alacsony fokozatban indulok el, de az izmaim \u00edgy is tiltakoznak. A frissess\u00e9g \u00e9s rugalmass\u00e1g, ami reggel m\u00e9g megvolt, mostanra csak eml\u00e9k. M\u00e9g alacsonyabb fokozatra v\u00e1ltok, de halk kattan\u00e1s jelzi, hogy nincs tov\u00e1bb: el\u00e9rtem a legkisebb fogaskereket, a 32-est. M\u00e9g csak 50-60 m\u00e9tert haladtam \u00e9s m\u00e1ris elhagy az er\u0151m.<\/p>\n<figure id=\"attachment_11973\" aria-describedby=\"caption-attachment-11973\" style=\"width: 787px\" class=\"wp-caption alignnone\"><a href=\"https:\/\/d2p6e6u75xmxt8.cloudfront.net\/12\/2021\/07\/Koppenberg5063.jpg\"><img loading=\"lazy\" decoding=\"async\" class=\"size-large wp-image-11973\" src=\"https:\/\/d2p6e6u75xmxt8.cloudfront.net\/12\/2021\/07\/Koppenberg5063-787x1024.jpg\" alt=\"\" width=\"787\" height=\"1024\" srcset=\"https:\/\/d2p6e6u75xmxt8.cloudfront.net\/12\/2021\/07\/Koppenberg5063-787x1024.jpg 787w, https:\/\/d2p6e6u75xmxt8.cloudfront.net\/12\/2021\/07\/Koppenberg5063-230x300.jpg 230w, https:\/\/d2p6e6u75xmxt8.cloudfront.net\/12\/2021\/07\/Koppenberg5063-768x1000.jpg 768w, https:\/\/d2p6e6u75xmxt8.cloudfront.net\/12\/2021\/07\/Koppenberg5063-1180x1536.jpg 1180w, https:\/\/d2p6e6u75xmxt8.cloudfront.net\/12\/2021\/07\/Koppenberg5063.jpg 1333w\" sizes=\"auto, (max-width: 787px) 100vw, 787px\" \/><\/a><figcaption id=\"caption-attachment-11973\" class=\"wp-caption-text\">A Koppenberg.<\/figcaption><\/figure>\n<p>Azt hitt\u00fck, fel vagyunk k\u00e9sz\u00fclve r\u00e1. Vastagabb gumikat szerezt\u00fcnk be \u00e9s meger\u0151s\u00edtett\u00fck a korm\u00e1nyt. Megn\u00e9zt\u00fck a Koppenbergen zajl\u00f3 versenyeket YouTube-on. H\u00f3napokig megsz\u00e1llottk\u00e9nt lestem minden inf\u00f3t a dombr\u00f3l.<\/p>\n<p>Els\u0151 alkalommal 1976-ban ker\u00fclt az emelked\u0151 a figyelem k\u00f6zpontj\u00e1ba, amikor m\u00e9g Eddy Merckx is k\u00e9nytelen volt lesz\u00e1llni a nyeregb\u0151l. 1985-ben, a Flandria legnehezebb \u00e9v\u00e9ben, amikor szakad\u00f3 es\u0151ben \u00e9s t\u00e9li hidegben kellett versenyezni\u00fck a r\u00e9sztvev\u0151knek, 173 f\u0151b\u0151l mind\u00f6ssze ketten tekertek fel a domb cs\u00facs\u00e1ra (\u00e9s csak 24-en \u00e9rtek c\u00e9lba).<\/p>\n<figure id=\"attachment_11974\" aria-describedby=\"caption-attachment-11974\" style=\"width: 1024px\" class=\"wp-caption alignnone\"><a href=\"https:\/\/d2p6e6u75xmxt8.cloudfront.net\/12\/2021\/07\/bke010120stokoppenberg-001-1576162396.jpg\"><img loading=\"lazy\" decoding=\"async\" class=\"size-large wp-image-11974\" src=\"https:\/\/d2p6e6u75xmxt8.cloudfront.net\/12\/2021\/07\/bke010120stokoppenberg-001-1576162396-1024x614.jpg\" alt=\"\" width=\"1024\" height=\"614\" srcset=\"https:\/\/d2p6e6u75xmxt8.cloudfront.net\/12\/2021\/07\/bke010120stokoppenberg-001-1576162396-1024x614.jpg 1024w, https:\/\/d2p6e6u75xmxt8.cloudfront.net\/12\/2021\/07\/bke010120stokoppenberg-001-1576162396-300x180.jpg 300w, https:\/\/d2p6e6u75xmxt8.cloudfront.net\/12\/2021\/07\/bke010120stokoppenberg-001-1576162396-768x461.jpg 768w, https:\/\/d2p6e6u75xmxt8.cloudfront.net\/12\/2021\/07\/bke010120stokoppenberg-001-1576162396-1536x921.jpg 1536w, https:\/\/d2p6e6u75xmxt8.cloudfront.net\/12\/2021\/07\/bke010120stokoppenberg-001-1576162396-1920x1151.jpg 1920w, https:\/\/d2p6e6u75xmxt8.cloudfront.net\/12\/2021\/07\/bke010120stokoppenberg-001-1576162396.jpg 2048w, https:\/\/d2p6e6u75xmxt8.cloudfront.net\/12\/2021\/07\/bke010120stokoppenberg-001-1576162396-1920x1151.jpg 1920w\" sizes=\"auto, (max-width: 1024px) 100vw, 1024px\" \/><\/a><figcaption id=\"caption-attachment-11974\" class=\"wp-caption-text\">Ahol Eddy Merckx is tolja a biciklij\u00e9t, ott baj van. Fot\u00f3: Courtesy Archive Het Nieuwsblad<\/figcaption><\/figure>\n<p>Bel\u00fcl tudtam, hogy b\u0151ven van f\u00e9lnival\u00f3m, azonban \u00f6nhitts\u00e9gem, a fot\u00f3k megt\u00e9veszt\u0151 kamera\u00e1ll\u00e1sa, mely k\u00f6vetkezt\u00e9ben online laposabbnak t\u0171nt a domb \u00e9s a modern felszerel\u00e9sbe vetett bizodalmam elhitette velem, hogy nem lesz ez olyan neh\u00e9z. A sz\u00e1mokra koncentr\u00e1ltam: a dombon \u00e1tvezet\u0151 \u00fat 600 m\u00e9ter hossz\u00fa, \u00e1tlagosan 11,6%-os emelked\u00e9ssel, aminek a maximuma 22%. Miut\u00e1n megm\u00e1sztam a h\u00edres olasz Monte Zoncolant (10 km 12%-os \u00e1tlagos emelked\u00e9ssel), \u00fagy gondoltam, hogy ha megfelel\u0151 sebess\u00e9ggel haladok, ezt is meg tudom csin\u00e1lni.<\/p>\n<p><em>De a Koppenberg m\u00e1s v\u00e9lem\u00e9nyen volt.<\/em><\/p>\n<p>Elj\u00f6tt a legnehezebb r\u00e9sz. Az \u00fat mintha egyre sz\u0171kebb lenne. Szlalomozni kezdek, hogy kiker\u00fcljem az el\u0151ttem halad\u00f3 bring\u00e1sokat, n\u00e9h\u00e1nyat siker\u00fcl is megel\u0151zn\u00f6m. A l\u00e1baim m\u00e1r nem b\u00edrj\u00e1k, a v\u00e1llaim pr\u00f3b\u00e1lj\u00e1k kiseg\u00edteni \u0151ket, jobbra-balra d\u0151l\u00f6k, hogy nagyobb s\u00falyt tudjak a ped\u00e1lokra helyezni. A pulzusom majdnem 180 \u00fct\u00e9s\/perc. De elhat\u00e1roztam, hogy nyeregben maradok.<\/p>\n<figure id=\"attachment_11975\" aria-describedby=\"caption-attachment-11975\" style=\"width: 980px\" class=\"wp-caption alignnone\"><a href=\"https:\/\/d2p6e6u75xmxt8.cloudfront.net\/12\/2021\/07\/tourofflanders-5-1534451165.jpg\"><img loading=\"lazy\" decoding=\"async\" class=\"size-full wp-image-11975\" src=\"https:\/\/d2p6e6u75xmxt8.cloudfront.net\/12\/2021\/07\/tourofflanders-5-1534451165.jpg\" alt=\"\" width=\"980\" height=\"639\" srcset=\"https:\/\/d2p6e6u75xmxt8.cloudfront.net\/12\/2021\/07\/tourofflanders-5-1534451165.jpg 980w, https:\/\/d2p6e6u75xmxt8.cloudfront.net\/12\/2021\/07\/tourofflanders-5-1534451165-300x196.jpg 300w, https:\/\/d2p6e6u75xmxt8.cloudfront.net\/12\/2021\/07\/tourofflanders-5-1534451165-768x501.jpg 768w\" sizes=\"auto, (max-width: 980px) 100vw, 980px\" \/><\/a><figcaption id=\"caption-attachment-11975\" class=\"wp-caption-text\">Courtesy Sportograf<\/figcaption><\/figure>\n<p>A kockak\u00f6vek r\u00e1znak, olyan \u00e9rz\u00e9s, mintha az izmaim lev\u00e1ln\u00e1nak a csontjaimr\u00f3l. Az el\u0151ttem halad\u00f3 balra fordul. Nincs m\u00e1s v\u00e1laszt\u00e1som, megyek ut\u00e1na. M\u00e1r a hat\u00e1raimat feszegetem, nincs er\u0151m megel\u0151zni. Hirtelen mindk\u00e9t kerekem beragad a s\u00e1rba. Hogy ne essek el, le kell tennem a jobb l\u00e1bam.<\/p>\n<p>V\u00e9ge.<\/p>\n<p>Lesz\u00e1llok. Kimer\u00fclt vagyok \u00e9s csal\u00f3dott. El\u0151re hallom a bar\u00e1taim hangj\u00e1t: <em>\u201eMilyen volt a Koppenberg? Hogy? H\u00e1t nem siker\u00fclt? Letetted a l\u00e1bad? Elment\u00e9l eg\u00e9szen Belgiumig, hogy azt\u00e1n fels\u00e9t\u00e1lj?\u201d<\/em><\/p>\n<p>Megpr\u00f3b\u00e1lok vissza\u00fclni a nyeregbe, de az \u00fat nagyon cs\u00faszik. K\u00e9t teker\u00e9s ut\u00e1n \u00fajra lesz\u00e1llok. Gyalog menni azonban m\u00e9g tal\u00e1n nehezebb is, mint biciklivel! A ker\u00e9kp\u00e1ros cip\u0151m cs\u00fasz\u00f3s talpa g\u00fanyosan nyikorog, ahogy pr\u00f3b\u00e1lom megt\u00e1masztani a kockak\u00f6veken. V\u00e9g\u00fcl fel\u00e9rek a cs\u00facsra, itt tal\u00e1lkozom a t\u00f6bbiekkel. Kider\u00fcl, hogy senki nem tudta v\u00e9gigtekerni. Mateus utols\u00f3 er\u0151fesz\u00edt\u00e9seit egy cifra k\u00e1romkod\u00e1sba fekteti. Mindannyian nevet\u00fcnk.<\/p>\n<p><em>\u201eSz\u00f3val<\/em> \u2013 k\u00e9rdezi Michael \u2013 <em>\u201ej\u00f6v\u0151re Roubaix?\u201d<\/em><\/p>\n<p><em>Forr\u00e1s: <\/em><a href=\"https:\/\/www.bicycling.com\/rides\/a22747882\/i-walked-the-koppenberg-and-i-refuse-to-be-ashamed\/\"><em>bicycling.com<\/em><\/a><\/p>\n<p><em>Bor\u00edt\u00f3k\u00e9p: Courtesy Sportograf<\/em><\/p>\n","protected":false},"excerpt":{"rendered":"<p>A h\u00edres domb, ami annak idej\u00e9n Eddy Merckx-t is lesz\u00e1ll\u00edttatta a nyeregb\u0151l. Mi\u00e9rt is gondoltam, hogy engem nem fog legy\u0151zni?<\/p>\n","protected":false},"author":71,"featured_media":11971,"comment_status":"closed","ping_status":"closed","sticky":false,"template":"","format":"standard","meta":{"footnotes":""},"categories":[96],"tags":[],"global-categories":[],"class_list":["post-11970","post","type-post","status-publish","format-standard","has-post-thumbnail","hentry","category-tour-de-france"],"yoast_head":"<!-- This site is optimized with the Yoast SEO Premium plugin v25.3 (Yoast SEO v25.9) - https:\/\/yoast.com\/wordpress\/plugins\/seo\/ -->\n<title>Megpr\u00f3b\u00e1ltam bevenni a Koppenberget - \u0160koda We Love Cycling - Magyarorsz\u00e1g<\/title>\n<meta name=\"description\" content=\"A h\u00edres domb, ami annak idej\u00e9n Eddy Merckx-t is lesz\u00e1ll\u00edttatta a nyeregb\u0151l. Mi\u00e9rt is gondoltam, hogy engem nem fog legy\u0151zni?\" \/>\n<meta name=\"robots\" content=\"index, follow, max-snippet:-1, max-image-preview:large, max-video-preview:-1\" \/>\n<link rel=\"canonical\" href=\"https:\/\/www.welovecycling.com\/hu\/tour-de-france\/megprobaltam-bevenni-a-koppenberget\/\" \/>\n<meta property=\"og:locale\" content=\"hu_HU\" \/>\n<meta property=\"og:type\" content=\"article\" \/>\n<meta property=\"og:title\" content=\"Megpr\u00f3b\u00e1ltam bevenni a Koppenberget\" \/>\n<meta property=\"og:description\" content=\"A h\u00edres domb, ami annak idej\u00e9n Eddy Merckx-t is lesz\u00e1ll\u00edttatta a nyeregb\u0151l. Mi\u00e9rt is gondoltam, hogy engem nem fog legy\u0151zni?\" \/>\n<meta property=\"og:url\" content=\"https:\/\/www.welovecycling.com\/hu\/tour-de-france\/megprobaltam-bevenni-a-koppenberget\/\" \/>\n<meta property=\"og:site_name\" content=\"\u0160koda We Love Cycling - Magyarorsz\u00e1g\" \/>\n<meta property=\"article:publisher\" content=\"https:\/\/www.facebook.com\/WeLoveCyclingHungary\/\" \/>\n<meta property=\"article:published_time\" content=\"2021-07-16T10:00:04+00:00\" \/>\n<meta property=\"og:image\" content=\"https:\/\/d2p6e6u75xmxt8.cloudfront.net\/12\/2021\/07\/tourofflanders-6-1534451226.jpg\" \/>\n\t<meta property=\"og:image:width\" content=\"1280\" \/>\n\t<meta property=\"og:image:height\" content=\"726\" \/>\n\t<meta property=\"og:image:type\" content=\"image\/jpeg\" \/>\n<meta name=\"author\" content=\"hegyizs\" \/>\n<meta name=\"twitter:card\" content=\"summary_large_image\" \/>\n<meta name=\"twitter:label1\" content=\"Written by\" \/>\n\t<meta name=\"twitter:data1\" content=\"WLC\" \/>\n\t<meta name=\"twitter:label2\" content=\"Est. reading time\" \/>\n\t<meta name=\"twitter:data2\" content=\"4 minutes\" \/>\n<script type=\"application\/ld+json\" class=\"yoast-schema-graph\">{\"@context\":\"https:\/\/schema.org\",\"@graph\":[{\"@type\":\"WebPage\",\"@id\":\"https:\/\/www.welovecycling.com\/hu\/tour-de-france\/megprobaltam-bevenni-a-koppenberget\/\",\"url\":\"https:\/\/www.welovecycling.com\/hu\/tour-de-france\/megprobaltam-bevenni-a-koppenberget\/\",\"name\":\"Megpr\u00f3b\u00e1ltam bevenni a Koppenberget - \u0160koda We Love Cycling - Magyarorsz\u00e1g\",\"isPartOf\":{\"@id\":\"https:\/\/www.welovecycling.com\/hu\/#website\"},\"primaryImageOfPage\":{\"@id\":\"https:\/\/www.welovecycling.com\/hu\/tour-de-france\/megprobaltam-bevenni-a-koppenberget\/#primaryimage\"},\"image\":{\"@id\":\"https:\/\/www.welovecycling.com\/hu\/tour-de-france\/megprobaltam-bevenni-a-koppenberget\/#primaryimage\"},\"thumbnailUrl\":\"https:\/\/d2p6e6u75xmxt8.cloudfront.net\/12\/2021\/07\/tourofflanders-6-1534451226.jpg\",\"datePublished\":\"2021-07-16T10:00:04+00:00\",\"author\":{\"@id\":\"https:\/\/www.welovecycling.com\/hu\/#\/schema\/person\/414a2aebf1801691a5320edb6468e194\"},\"description\":\"A h\u00edres domb, ami annak idej\u00e9n Eddy Merckx-t is lesz\u00e1ll\u00edttatta a nyeregb\u0151l. Mi\u00e9rt is gondoltam, hogy engem nem fog legy\u0151zni?\",\"breadcrumb\":{\"@id\":\"https:\/\/www.welovecycling.com\/hu\/tour-de-france\/megprobaltam-bevenni-a-koppenberget\/#breadcrumb\"},\"inLanguage\":\"hu\",\"potentialAction\":[{\"@type\":\"ReadAction\",\"target\":[\"https:\/\/www.welovecycling.com\/hu\/tour-de-france\/megprobaltam-bevenni-a-koppenberget\/\"]}]},{\"@type\":\"ImageObject\",\"inLanguage\":\"hu\",\"@id\":\"https:\/\/www.welovecycling.com\/hu\/tour-de-france\/megprobaltam-bevenni-a-koppenberget\/#primaryimage\",\"url\":\"https:\/\/d2p6e6u75xmxt8.cloudfront.net\/12\/2021\/07\/tourofflanders-6-1534451226.jpg\",\"contentUrl\":\"https:\/\/d2p6e6u75xmxt8.cloudfront.net\/12\/2021\/07\/tourofflanders-6-1534451226.jpg\",\"width\":1280,\"height\":726},{\"@type\":\"BreadcrumbList\",\"@id\":\"https:\/\/www.welovecycling.com\/hu\/tour-de-france\/megprobaltam-bevenni-a-koppenberget\/#breadcrumb\",\"itemListElement\":[{\"@type\":\"ListItem\",\"position\":1,\"name\":\"Home\",\"item\":\"https:\/\/www.welovecycling.com\/hu\/\"},{\"@type\":\"ListItem\",\"position\":2,\"name\":\"Megpr\u00f3b\u00e1ltam bevenni a Koppenberget\"}]},{\"@type\":\"WebSite\",\"@id\":\"https:\/\/www.welovecycling.com\/hu\/#website\",\"url\":\"https:\/\/www.welovecycling.com\/hu\/\",\"name\":\"\u0160koda We Love Cycling - Magyarorsz\u00e1g\",\"description\":\"\u0160koda WeLoveCycling\",\"potentialAction\":[{\"@type\":\"SearchAction\",\"target\":{\"@type\":\"EntryPoint\",\"urlTemplate\":\"https:\/\/www.welovecycling.com\/hu\/?s={search_term_string}\"},\"query-input\":{\"@type\":\"PropertyValueSpecification\",\"valueRequired\":true,\"valueName\":\"search_term_string\"}}],\"inLanguage\":\"hu\"},{\"@type\":\"Person\",\"@id\":\"https:\/\/www.welovecycling.com\/hu\/#\/schema\/person\/414a2aebf1801691a5320edb6468e194\",\"name\":\"hegyizs\",\"image\":{\"@type\":\"ImageObject\",\"inLanguage\":\"hu\",\"@id\":\"https:\/\/www.welovecycling.com\/hu\/#\/schema\/person\/image\/\",\"url\":\"https:\/\/secure.gravatar.com\/avatar\/02cf8a7906b8cf90cecb4679defac7cfd33a1c2e3b88e4903d947f3bb58eedd3?s=96&d=mm&r=g\",\"contentUrl\":\"https:\/\/secure.gravatar.com\/avatar\/02cf8a7906b8cf90cecb4679defac7cfd33a1c2e3b88e4903d947f3bb58eedd3?s=96&d=mm&r=g\",\"caption\":\"hegyizs\"},\"url\":\"https:\/\/www.welovecycling.com\/hu\/author\/hegyizs\/\"}]}<\/script>\n<!-- \/ Yoast SEO Premium plugin. -->","yoast_head_json":{"title":"Megpr\u00f3b\u00e1ltam bevenni a Koppenberget - \u0160koda We Love Cycling - Magyarorsz\u00e1g","description":"A h\u00edres domb, ami annak idej\u00e9n Eddy Merckx-t is lesz\u00e1ll\u00edttatta a nyeregb\u0151l. Mi\u00e9rt is gondoltam, hogy engem nem fog legy\u0151zni?","robots":{"index":"index","follow":"follow","max-snippet":"max-snippet:-1","max-image-preview":"max-image-preview:large","max-video-preview":"max-video-preview:-1"},"canonical":"https:\/\/www.welovecycling.com\/hu\/tour-de-france\/megprobaltam-bevenni-a-koppenberget\/","og_locale":"hu_HU","og_type":"article","og_title":"Megpr\u00f3b\u00e1ltam bevenni a Koppenberget","og_description":"A h\u00edres domb, ami annak idej\u00e9n Eddy Merckx-t is lesz\u00e1ll\u00edttatta a nyeregb\u0151l. Mi\u00e9rt is gondoltam, hogy engem nem fog legy\u0151zni?","og_url":"https:\/\/www.welovecycling.com\/hu\/tour-de-france\/megprobaltam-bevenni-a-koppenberget\/","og_site_name":"\u0160koda We Love Cycling - Magyarorsz\u00e1g","article_publisher":"https:\/\/www.facebook.com\/WeLoveCyclingHungary\/","article_published_time":"2021-07-16T10:00:04+00:00","og_image":[{"width":1280,"height":726,"url":"https:\/\/d2p6e6u75xmxt8.cloudfront.net\/12\/2021\/07\/tourofflanders-6-1534451226.jpg","type":"image\/jpeg"}],"author":"hegyizs","twitter_card":"summary_large_image","twitter_misc":{"Written by":"WLC","Est. reading time":"4 minutes"},"schema":{"@context":"https:\/\/schema.org","@graph":[{"@type":"WebPage","@id":"https:\/\/www.welovecycling.com\/hu\/tour-de-france\/megprobaltam-bevenni-a-koppenberget\/","url":"https:\/\/www.welovecycling.com\/hu\/tour-de-france\/megprobaltam-bevenni-a-koppenberget\/","name":"Megpr\u00f3b\u00e1ltam bevenni a Koppenberget - \u0160koda We Love Cycling - Magyarorsz\u00e1g","isPartOf":{"@id":"https:\/\/www.welovecycling.com\/hu\/#website"},"primaryImageOfPage":{"@id":"https:\/\/www.welovecycling.com\/hu\/tour-de-france\/megprobaltam-bevenni-a-koppenberget\/#primaryimage"},"image":{"@id":"https:\/\/www.welovecycling.com\/hu\/tour-de-france\/megprobaltam-bevenni-a-koppenberget\/#primaryimage"},"thumbnailUrl":"https:\/\/d2p6e6u75xmxt8.cloudfront.net\/12\/2021\/07\/tourofflanders-6-1534451226.jpg","datePublished":"2021-07-16T10:00:04+00:00","author":{"@id":"https:\/\/www.welovecycling.com\/hu\/#\/schema\/person\/414a2aebf1801691a5320edb6468e194"},"description":"A h\u00edres domb, ami annak idej\u00e9n Eddy Merckx-t is lesz\u00e1ll\u00edttatta a nyeregb\u0151l. Mi\u00e9rt is gondoltam, hogy engem nem fog legy\u0151zni?","breadcrumb":{"@id":"https:\/\/www.welovecycling.com\/hu\/tour-de-france\/megprobaltam-bevenni-a-koppenberget\/#breadcrumb"},"inLanguage":"hu","potentialAction":[{"@type":"ReadAction","target":["https:\/\/www.welovecycling.com\/hu\/tour-de-france\/megprobaltam-bevenni-a-koppenberget\/"]}]},{"@type":"ImageObject","inLanguage":"hu","@id":"https:\/\/www.welovecycling.com\/hu\/tour-de-france\/megprobaltam-bevenni-a-koppenberget\/#primaryimage","url":"https:\/\/d2p6e6u75xmxt8.cloudfront.net\/12\/2021\/07\/tourofflanders-6-1534451226.jpg","contentUrl":"https:\/\/d2p6e6u75xmxt8.cloudfront.net\/12\/2021\/07\/tourofflanders-6-1534451226.jpg","width":1280,"height":726},{"@type":"BreadcrumbList","@id":"https:\/\/www.welovecycling.com\/hu\/tour-de-france\/megprobaltam-bevenni-a-koppenberget\/#breadcrumb","itemListElement":[{"@type":"ListItem","position":1,"name":"Home","item":"https:\/\/www.welovecycling.com\/hu\/"},{"@type":"ListItem","position":2,"name":"Megpr\u00f3b\u00e1ltam bevenni a Koppenberget"}]},{"@type":"WebSite","@id":"https:\/\/www.welovecycling.com\/hu\/#website","url":"https:\/\/www.welovecycling.com\/hu\/","name":"\u0160koda We Love Cycling - Magyarorsz\u00e1g","description":"\u0160koda WeLoveCycling","potentialAction":[{"@type":"SearchAction","target":{"@type":"EntryPoint","urlTemplate":"https:\/\/www.welovecycling.com\/hu\/?s={search_term_string}"},"query-input":{"@type":"PropertyValueSpecification","valueRequired":true,"valueName":"search_term_string"}}],"inLanguage":"hu"},{"@type":"Person","@id":"https:\/\/www.welovecycling.com\/hu\/#\/schema\/person\/414a2aebf1801691a5320edb6468e194","name":"hegyizs","image":{"@type":"ImageObject","inLanguage":"hu","@id":"https:\/\/www.welovecycling.com\/hu\/#\/schema\/person\/image\/","url":"https:\/\/secure.gravatar.com\/avatar\/02cf8a7906b8cf90cecb4679defac7cfd33a1c2e3b88e4903d947f3bb58eedd3?s=96&d=mm&r=g","contentUrl":"https:\/\/secure.gravatar.com\/avatar\/02cf8a7906b8cf90cecb4679defac7cfd33a1c2e3b88e4903d947f3bb58eedd3?s=96&d=mm&r=g","caption":"hegyizs"},"url":"https:\/\/www.welovecycling.com\/hu\/author\/hegyizs\/"}]}},"_links":{"self":[{"href":"https:\/\/www.welovecycling.com\/hu\/wp-json\/wp\/v2\/posts\/11970","targetHints":{"allow":["GET"]}}],"collection":[{"href":"https:\/\/www.welovecycling.com\/hu\/wp-json\/wp\/v2\/posts"}],"about":[{"href":"https:\/\/www.welovecycling.com\/hu\/wp-json\/wp\/v2\/types\/post"}],"author":[{"embeddable":true,"href":"https:\/\/www.welovecycling.com\/hu\/wp-json\/wp\/v2\/users\/71"}],"replies":[{"embeddable":true,"href":"https:\/\/www.welovecycling.com\/hu\/wp-json\/wp\/v2\/comments?post=11970"}],"version-history":[{"count":1,"href":"https:\/\/www.welovecycling.com\/hu\/wp-json\/wp\/v2\/posts\/11970\/revisions"}],"predecessor-version":[{"id":11976,"href":"https:\/\/www.welovecycling.com\/hu\/wp-json\/wp\/v2\/posts\/11970\/revisions\/11976"}],"wp:featuredmedia":[{"embeddable":true,"href":"https:\/\/www.welovecycling.com\/hu\/wp-json\/wp\/v2\/media\/11971"}],"wp:attachment":[{"href":"https:\/\/www.welovecycling.com\/hu\/wp-json\/wp\/v2\/media?parent=11970"}],"wp:term":[{"taxonomy":"category","embeddable":true,"href":"https:\/\/www.welovecycling.com\/hu\/wp-json\/wp\/v2\/categories?post=11970"},{"taxonomy":"post_tag","embeddable":true,"href":"https:\/\/www.welovecycling.com\/hu\/wp-json\/wp\/v2\/tags?post=11970"},{"taxonomy":"global-categories","embeddable":true,"href":"https:\/\/www.welovecycling.com\/hu\/wp-json\/wp\/v2\/global-categories?post=11970"}],"curies":[{"name":"wp","href":"https:\/\/api.w.org\/{rel}","templated":true}]}}