{"id":11968,"date":"2021-07-14T08:00:29","date_gmt":"2021-07-14T06:00:29","guid":{"rendered":"https:\/\/www.welovecycling.com\/hu\/?p=11968"},"modified":"2021-07-14T09:47:49","modified_gmt":"2021-07-14T07:47:49","slug":"ti-kerdeztetek-szonyi-feri-valaszolt-bringazz-felelek-1-resz","status":"publish","type":"post","link":"https:\/\/www.welovecycling.com\/hu\/bringazz-felelek\/ti-kerdeztetek-szonyi-feri-valaszolt-bringazz-felelek-1-resz\/","title":{"rendered":"Ti k\u00e9rdeztetek, Sz\u0151nyi Feri v\u00e1laszolt \u2013 Bring\u00e1zz-Felelek 1.r\u00e9sz"},"content":{"rendered":"<p><strong>A magyar Vasember t\u00f6rt\u00e9nete igazi inspir\u00e1ci\u00f3 mindenki sz\u00e1m\u00e1ra, aki azt gondolja, k\u00e9s\u0151 elkezdeni. Sz\u0151nyi Feri 43 \u00e9vesen \u00fagy d\u00f6nt\u00f6tt, hogy v\u00e1ltoztat \u00e9letm\u00f3dj\u00e1n: sportol\u00f3i karrierje n\u00e9h\u00e1ny k\u00f6rrel kezd\u0151d\u00f6tt a k\u00f6zeli focip\u00e1lya k\u00f6r\u00fcl. Els\u0151 Bring\u00e1zz-Felelek vide\u00f3nkkal a 40 feletti sport vil\u00e1g\u00e1ban ker\u00fclhetsz nyeregbe!<\/strong><!--more--><\/p>\n<p>40 felett tal\u00e1n \u00fagy t\u0171nik, hogy m\u00e1r elk\u00e9st\u00fcnk: nincsenek meg az alapjaink, nincs rutinunk \u00e9s az \u00e9vtizedek alatt ber\u00f6gz\u00fclt szok\u00e1sokat lehetetlen levetk\u0151zni. Ahogy Sz\u0151nyi tal\u00e1l\u00f3an megfogalmazta: <em>\u201e\u00e9letm\u00f3dszer\u0171en meg\u00f6regsz\u00fcnk lassan\u201d<\/em> \u2013 \u00e9s ezt hajlamosak vagyunk elfogadni. \u0150 azonban nem fogadta el, \u00e9s titeket is arra b\u00edztat, hogy a sport erej\u00e9vel maradjatok fiatalok! Kor\u00e1bbi cikk\u00fcnkben b\u0151vebben is olvashattok <a href=\"https:\/\/www.welovecycling.com\/hu\/bringazz-felelek\/bringazz-felelek-kerdezz-szonyi-feritol\/\">r\u00f3la \u00e9s hihetetlen eredm\u00e9nyeir\u0151l<\/a>.<\/p>\n<p>Szuper \u00e9s igen v\u00e1ltozatos k\u00e9rd\u00e9seket kaptunk t\u0151letek, melyekre Feri legjobb tud\u00e1s\u00e1val igyekezett v\u00e1laszolni. A vide\u00f3b\u00f3l kider\u00fcl, mennyire tudta \u00e1talak\u00edtani \u00e9tkez\u00e9si szok\u00e1sait (k\u00f6zepesen), hogyan k\u00edm\u00e9li nemr\u00e9giben m\u0171t\u00f6tt t\u00e9rd\u00e9t (bicikliz\u00e9ssel) \u00e9s h\u00e1ny kilom\u00e9tert fut egy \u00e1tlagos h\u00e9tv\u00e9ge alatt (sokat). Az viszont sajnos nem, hogy hogyan lehet a legk\u00f6nnyebben leadni a felk\u00faszott kil\u00f3kat\u2026 M\u00e9g egy ultratriatlon-vil\u00e1gbajnok sem rendelkezhet az Istenek tud\u00e1s\u00e1val!<\/p>\n<p><em>\u201eNagyon neh\u00e9z \u00fagy k\u00e9sz\u00fclni, hogy nincs mire\u201d<\/em> \u2013 utalt a Covid miatt elmaradt versenyszezonokra, amikor a motiv\u00e1ci\u00f3r\u00f3l k\u00e9rdezt\u00e9tek. \u00dagy hidalta \u00e1t ezt a probl\u00e9m\u00e1t, hogy saj\u00e1t c\u00e9lokat t\u0171z\u00f6tt ki \u00e9s \u00f6nmag\u00e1val sz\u00e1llt szembe, hogy teljes\u00edtse ezeket. Augusztusban azonban m\u00e1r lehet, hogy egy\u00fctt szurkolhatunk neki egy val\u00f3di versenyen is!<\/p>\n<p>Nagyon k\u00f6sz\u00f6nj\u00fck Sz\u0151nyi Ferencnek a vide\u00f3t \u00e9s nektek is a k\u00e9rd\u00e9seket! Hamarosan bemutatjuk a Bring\u00e1zz-Felelek k\u00f6vetkez\u0151 szak\u00e9rt\u0151j\u00e9t, akit\u0151l k\u00e9rdezhettek majd, addig is \u00edrj\u00e1tok meg nek\u00fcnk, kivel, milyen t\u00e9m\u00e1ban szeretn\u00e9tek hasonl\u00f3 vide\u00f3t l\u00e1tni!<\/p>\n","protected":false},"excerpt":{"rendered":"<p>A magyar Vasember t\u00f6rt\u00e9nete igazi inspir\u00e1ci\u00f3 mindenki sz\u00e1m\u00e1ra, aki azt gondolja, k\u00e9s\u0151 elkezdeni. Sz\u0151nyi Feri 43 \u00e9vesen \u00fagy d\u00f6nt\u00f6tt, hogy [&hellip;]<\/p>\n","protected":false},"author":71,"featured_media":11967,"comment_status":"open","ping_status":"open","sticky":false,"template":"","format":"video","meta":{"footnotes":""},"categories":[464],"tags":[],"global-categories":[],"class_list":["post-11968","post","type-post","status-publish","format-video","has-post-thumbnail","hentry","category-bringazz-felelek","post_format-post-format-video"],"yoast_head":"<!-- This site is optimized with the Yoast SEO Premium plugin v25.3 (Yoast SEO v25.9) - https:\/\/yoast.com\/wordpress\/plugins\/seo\/ -->\n<title>Ti k\u00e9rdeztetek, Sz\u0151nyi Feri v\u00e1laszolt \u2013 Bring\u00e1zz-Felelek 1.r\u00e9sz<\/title>\n<meta name=\"description\" content=\"A magyar Vasember t\u00f6rt\u00e9nete igazi inspir\u00e1ci\u00f3 mindenki sz\u00e1m\u00e1ra, aki azt gondolja, k\u00e9s\u0151 elkezdeni. Sz\u0151nyi Feri 43 \u00e9vesen \u00fagy d\u00f6nt\u00f6tt, hogy v\u00e1ltoztat \u00e9letm\u00f3dj\u00e1n: sportol\u00f3i karrierje n\u00e9h\u00e1ny k\u00f6rrel kezd\u0151d\u00f6tt a k\u00f6zeli focip\u00e1lya k\u00f6r\u00fcl. Els\u0151 Bring\u00e1zz-Felelek vide\u00f3nkkal a 40 feletti sport vil\u00e1g\u00e1ban ker\u00fclhetsz nyeregbe!\" \/>\n<meta name=\"robots\" content=\"index, follow, max-snippet:-1, max-image-preview:large, max-video-preview:-1\" \/>\n<link rel=\"canonical\" href=\"https:\/\/www.welovecycling.com\/hu\/bringazz-felelek\/ti-kerdeztetek-szonyi-feri-valaszolt-bringazz-felelek-1-resz\/\" \/>\n<meta property=\"og:locale\" content=\"hu_HU\" \/>\n<meta property=\"og:type\" content=\"article\" \/>\n<meta property=\"og:title\" content=\"Ti k\u00e9rdeztetek, Sz\u0151nyi Feri v\u00e1laszolt \u2013 Bring\u00e1zz-Felelek 1.r\u00e9sz\" \/>\n<meta property=\"og:description\" content=\"A magyar Vasember t\u00f6rt\u00e9nete igazi inspir\u00e1ci\u00f3 mindenki sz\u00e1m\u00e1ra, aki azt gondolja, k\u00e9s\u0151 elkezdeni. Sz\u0151nyi Feri 43 \u00e9vesen \u00fagy d\u00f6nt\u00f6tt, hogy v\u00e1ltoztat \u00e9letm\u00f3dj\u00e1n: sportol\u00f3i karrierje n\u00e9h\u00e1ny k\u00f6rrel kezd\u0151d\u00f6tt a k\u00f6zeli focip\u00e1lya k\u00f6r\u00fcl. Els\u0151 Bring\u00e1zz-Felelek vide\u00f3nkkal a 40 feletti sport vil\u00e1g\u00e1ban ker\u00fclhetsz nyeregbe!\" \/>\n<meta property=\"og:url\" content=\"https:\/\/www.welovecycling.com\/hu\/bringazz-felelek\/ti-kerdeztetek-szonyi-feri-valaszolt-bringazz-felelek-1-resz\/\" \/>\n<meta property=\"og:site_name\" content=\"\u0160koda We Love Cycling - Magyarorsz\u00e1g\" \/>\n<meta property=\"article:publisher\" content=\"https:\/\/www.facebook.com\/WeLoveCyclingHungary\/\" \/>\n<meta property=\"article:published_time\" content=\"2021-07-14T06:00:29+00:00\" \/>\n<meta property=\"article:modified_time\" content=\"2021-07-14T07:47:49+00:00\" \/>\n<meta property=\"og:image\" content=\"https:\/\/d2p6e6u75xmxt8.cloudfront.net\/12\/2021\/07\/WLC_BF_social_1200x628px_video.png\" \/>\n\t<meta property=\"og:image:width\" content=\"1024\" \/>\n\t<meta property=\"og:image:height\" content=\"536\" \/>\n\t<meta property=\"og:image:type\" content=\"image\/png\" \/>\n<meta name=\"author\" content=\"hegyizs\" \/>\n<meta name=\"twitter:card\" content=\"summary_large_image\" \/>\n<meta name=\"twitter:label1\" content=\"Written by\" \/>\n\t<meta name=\"twitter:data1\" content=\"WLC\" \/>\n\t<meta name=\"twitter:label2\" content=\"Est. reading time\" \/>\n\t<meta name=\"twitter:data2\" content=\"2 minutes\" \/>\n<script type=\"application\/ld+json\" class=\"yoast-schema-graph\">{\"@context\":\"https:\/\/schema.org\",\"@graph\":[{\"@type\":\"WebPage\",\"@id\":\"https:\/\/www.welovecycling.com\/hu\/bringazz-felelek\/ti-kerdeztetek-szonyi-feri-valaszolt-bringazz-felelek-1-resz\/\",\"url\":\"https:\/\/www.welovecycling.com\/hu\/bringazz-felelek\/ti-kerdeztetek-szonyi-feri-valaszolt-bringazz-felelek-1-resz\/\",\"name\":\"Ti k\u00e9rdeztetek, Sz\u0151nyi Feri v\u00e1laszolt \u2013 Bring\u00e1zz-Felelek 1.r\u00e9sz\",\"isPartOf\":{\"@id\":\"https:\/\/www.welovecycling.com\/hu\/#website\"},\"primaryImageOfPage\":{\"@id\":\"https:\/\/www.welovecycling.com\/hu\/bringazz-felelek\/ti-kerdeztetek-szonyi-feri-valaszolt-bringazz-felelek-1-resz\/#primaryimage\"},\"image\":{\"@id\":\"https:\/\/www.welovecycling.com\/hu\/bringazz-felelek\/ti-kerdeztetek-szonyi-feri-valaszolt-bringazz-felelek-1-resz\/#primaryimage\"},\"thumbnailUrl\":\"https:\/\/d2p6e6u75xmxt8.cloudfront.net\/12\/2021\/07\/WLC_BF_social_1200x628px_video.png\",\"datePublished\":\"2021-07-14T06:00:29+00:00\",\"dateModified\":\"2021-07-14T07:47:49+00:00\",\"author\":{\"@id\":\"https:\/\/www.welovecycling.com\/hu\/#\/schema\/person\/414a2aebf1801691a5320edb6468e194\"},\"description\":\"A magyar Vasember t\u00f6rt\u00e9nete igazi inspir\u00e1ci\u00f3 mindenki sz\u00e1m\u00e1ra, aki azt gondolja, k\u00e9s\u0151 elkezdeni. Sz\u0151nyi Feri 43 \u00e9vesen \u00fagy d\u00f6nt\u00f6tt, hogy v\u00e1ltoztat \u00e9letm\u00f3dj\u00e1n: sportol\u00f3i karrierje n\u00e9h\u00e1ny k\u00f6rrel kezd\u0151d\u00f6tt a k\u00f6zeli focip\u00e1lya k\u00f6r\u00fcl. Els\u0151 Bring\u00e1zz-Felelek vide\u00f3nkkal a 40 feletti sport vil\u00e1g\u00e1ban ker\u00fclhetsz nyeregbe!\",\"breadcrumb\":{\"@id\":\"https:\/\/www.welovecycling.com\/hu\/bringazz-felelek\/ti-kerdeztetek-szonyi-feri-valaszolt-bringazz-felelek-1-resz\/#breadcrumb\"},\"inLanguage\":\"hu\",\"potentialAction\":[{\"@type\":\"ReadAction\",\"target\":[\"https:\/\/www.welovecycling.com\/hu\/bringazz-felelek\/ti-kerdeztetek-szonyi-feri-valaszolt-bringazz-felelek-1-resz\/\"]}]},{\"@type\":\"ImageObject\",\"inLanguage\":\"hu\",\"@id\":\"https:\/\/www.welovecycling.com\/hu\/bringazz-felelek\/ti-kerdeztetek-szonyi-feri-valaszolt-bringazz-felelek-1-resz\/#primaryimage\",\"url\":\"https:\/\/d2p6e6u75xmxt8.cloudfront.net\/12\/2021\/07\/WLC_BF_social_1200x628px_video.png\",\"contentUrl\":\"https:\/\/d2p6e6u75xmxt8.cloudfront.net\/12\/2021\/07\/WLC_BF_social_1200x628px_video.png\",\"width\":1024,\"height\":536},{\"@type\":\"BreadcrumbList\",\"@id\":\"https:\/\/www.welovecycling.com\/hu\/bringazz-felelek\/ti-kerdeztetek-szonyi-feri-valaszolt-bringazz-felelek-1-resz\/#breadcrumb\",\"itemListElement\":[{\"@type\":\"ListItem\",\"position\":1,\"name\":\"Home\",\"item\":\"https:\/\/www.welovecycling.com\/hu\/\"},{\"@type\":\"ListItem\",\"position\":2,\"name\":\"Ti k\u00e9rdeztetek, Sz\u0151nyi Feri v\u00e1laszolt \u2013 Bring\u00e1zz-Felelek 1.r\u00e9sz\"}]},{\"@type\":\"WebSite\",\"@id\":\"https:\/\/www.welovecycling.com\/hu\/#website\",\"url\":\"https:\/\/www.welovecycling.com\/hu\/\",\"name\":\"\u0160koda We Love Cycling - Magyarorsz\u00e1g\",\"description\":\"\u0160koda WeLoveCycling\",\"potentialAction\":[{\"@type\":\"SearchAction\",\"target\":{\"@type\":\"EntryPoint\",\"urlTemplate\":\"https:\/\/www.welovecycling.com\/hu\/?s={search_term_string}\"},\"query-input\":{\"@type\":\"PropertyValueSpecification\",\"valueRequired\":true,\"valueName\":\"search_term_string\"}}],\"inLanguage\":\"hu\"},{\"@type\":\"Person\",\"@id\":\"https:\/\/www.welovecycling.com\/hu\/#\/schema\/person\/414a2aebf1801691a5320edb6468e194\",\"name\":\"hegyizs\",\"image\":{\"@type\":\"ImageObject\",\"inLanguage\":\"hu\",\"@id\":\"https:\/\/www.welovecycling.com\/hu\/#\/schema\/person\/image\/\",\"url\":\"https:\/\/secure.gravatar.com\/avatar\/02cf8a7906b8cf90cecb4679defac7cfd33a1c2e3b88e4903d947f3bb58eedd3?s=96&d=mm&r=g\",\"contentUrl\":\"https:\/\/secure.gravatar.com\/avatar\/02cf8a7906b8cf90cecb4679defac7cfd33a1c2e3b88e4903d947f3bb58eedd3?s=96&d=mm&r=g\",\"caption\":\"hegyizs\"},\"url\":\"https:\/\/www.welovecycling.com\/hu\/author\/hegyizs\/\"}]}<\/script>\n<!-- \/ Yoast SEO Premium plugin. -->","yoast_head_json":{"title":"Ti k\u00e9rdeztetek, Sz\u0151nyi Feri v\u00e1laszolt \u2013 Bring\u00e1zz-Felelek 1.r\u00e9sz","description":"A magyar Vasember t\u00f6rt\u00e9nete igazi inspir\u00e1ci\u00f3 mindenki sz\u00e1m\u00e1ra, aki azt gondolja, k\u00e9s\u0151 elkezdeni. Sz\u0151nyi Feri 43 \u00e9vesen \u00fagy d\u00f6nt\u00f6tt, hogy v\u00e1ltoztat \u00e9letm\u00f3dj\u00e1n: sportol\u00f3i karrierje n\u00e9h\u00e1ny k\u00f6rrel kezd\u0151d\u00f6tt a k\u00f6zeli focip\u00e1lya k\u00f6r\u00fcl. Els\u0151 Bring\u00e1zz-Felelek vide\u00f3nkkal a 40 feletti sport vil\u00e1g\u00e1ban ker\u00fclhetsz nyeregbe!","robots":{"index":"index","follow":"follow","max-snippet":"max-snippet:-1","max-image-preview":"max-image-preview:large","max-video-preview":"max-video-preview:-1"},"canonical":"https:\/\/www.welovecycling.com\/hu\/bringazz-felelek\/ti-kerdeztetek-szonyi-feri-valaszolt-bringazz-felelek-1-resz\/","og_locale":"hu_HU","og_type":"article","og_title":"Ti k\u00e9rdeztetek, Sz\u0151nyi Feri v\u00e1laszolt \u2013 Bring\u00e1zz-Felelek 1.r\u00e9sz","og_description":"A magyar Vasember t\u00f6rt\u00e9nete igazi inspir\u00e1ci\u00f3 mindenki sz\u00e1m\u00e1ra, aki azt gondolja, k\u00e9s\u0151 elkezdeni. Sz\u0151nyi Feri 43 \u00e9vesen \u00fagy d\u00f6nt\u00f6tt, hogy v\u00e1ltoztat \u00e9letm\u00f3dj\u00e1n: sportol\u00f3i karrierje n\u00e9h\u00e1ny k\u00f6rrel kezd\u0151d\u00f6tt a k\u00f6zeli focip\u00e1lya k\u00f6r\u00fcl. Els\u0151 Bring\u00e1zz-Felelek vide\u00f3nkkal a 40 feletti sport vil\u00e1g\u00e1ban ker\u00fclhetsz nyeregbe!","og_url":"https:\/\/www.welovecycling.com\/hu\/bringazz-felelek\/ti-kerdeztetek-szonyi-feri-valaszolt-bringazz-felelek-1-resz\/","og_site_name":"\u0160koda We Love Cycling - Magyarorsz\u00e1g","article_publisher":"https:\/\/www.facebook.com\/WeLoveCyclingHungary\/","article_published_time":"2021-07-14T06:00:29+00:00","article_modified_time":"2021-07-14T07:47:49+00:00","og_image":[{"width":1024,"height":536,"url":"https:\/\/d2p6e6u75xmxt8.cloudfront.net\/12\/2021\/07\/WLC_BF_social_1200x628px_video.png","type":"image\/png"}],"author":"hegyizs","twitter_card":"summary_large_image","twitter_misc":{"Written by":"WLC","Est. reading time":"2 minutes"},"schema":{"@context":"https:\/\/schema.org","@graph":[{"@type":"WebPage","@id":"https:\/\/www.welovecycling.com\/hu\/bringazz-felelek\/ti-kerdeztetek-szonyi-feri-valaszolt-bringazz-felelek-1-resz\/","url":"https:\/\/www.welovecycling.com\/hu\/bringazz-felelek\/ti-kerdeztetek-szonyi-feri-valaszolt-bringazz-felelek-1-resz\/","name":"Ti k\u00e9rdeztetek, Sz\u0151nyi Feri v\u00e1laszolt \u2013 Bring\u00e1zz-Felelek 1.r\u00e9sz","isPartOf":{"@id":"https:\/\/www.welovecycling.com\/hu\/#website"},"primaryImageOfPage":{"@id":"https:\/\/www.welovecycling.com\/hu\/bringazz-felelek\/ti-kerdeztetek-szonyi-feri-valaszolt-bringazz-felelek-1-resz\/#primaryimage"},"image":{"@id":"https:\/\/www.welovecycling.com\/hu\/bringazz-felelek\/ti-kerdeztetek-szonyi-feri-valaszolt-bringazz-felelek-1-resz\/#primaryimage"},"thumbnailUrl":"https:\/\/d2p6e6u75xmxt8.cloudfront.net\/12\/2021\/07\/WLC_BF_social_1200x628px_video.png","datePublished":"2021-07-14T06:00:29+00:00","dateModified":"2021-07-14T07:47:49+00:00","author":{"@id":"https:\/\/www.welovecycling.com\/hu\/#\/schema\/person\/414a2aebf1801691a5320edb6468e194"},"description":"A magyar Vasember t\u00f6rt\u00e9nete igazi inspir\u00e1ci\u00f3 mindenki sz\u00e1m\u00e1ra, aki azt gondolja, k\u00e9s\u0151 elkezdeni. Sz\u0151nyi Feri 43 \u00e9vesen \u00fagy d\u00f6nt\u00f6tt, hogy v\u00e1ltoztat \u00e9letm\u00f3dj\u00e1n: sportol\u00f3i karrierje n\u00e9h\u00e1ny k\u00f6rrel kezd\u0151d\u00f6tt a k\u00f6zeli focip\u00e1lya k\u00f6r\u00fcl. Els\u0151 Bring\u00e1zz-Felelek vide\u00f3nkkal a 40 feletti sport vil\u00e1g\u00e1ban ker\u00fclhetsz nyeregbe!","breadcrumb":{"@id":"https:\/\/www.welovecycling.com\/hu\/bringazz-felelek\/ti-kerdeztetek-szonyi-feri-valaszolt-bringazz-felelek-1-resz\/#breadcrumb"},"inLanguage":"hu","potentialAction":[{"@type":"ReadAction","target":["https:\/\/www.welovecycling.com\/hu\/bringazz-felelek\/ti-kerdeztetek-szonyi-feri-valaszolt-bringazz-felelek-1-resz\/"]}]},{"@type":"ImageObject","inLanguage":"hu","@id":"https:\/\/www.welovecycling.com\/hu\/bringazz-felelek\/ti-kerdeztetek-szonyi-feri-valaszolt-bringazz-felelek-1-resz\/#primaryimage","url":"https:\/\/d2p6e6u75xmxt8.cloudfront.net\/12\/2021\/07\/WLC_BF_social_1200x628px_video.png","contentUrl":"https:\/\/d2p6e6u75xmxt8.cloudfront.net\/12\/2021\/07\/WLC_BF_social_1200x628px_video.png","width":1024,"height":536},{"@type":"BreadcrumbList","@id":"https:\/\/www.welovecycling.com\/hu\/bringazz-felelek\/ti-kerdeztetek-szonyi-feri-valaszolt-bringazz-felelek-1-resz\/#breadcrumb","itemListElement":[{"@type":"ListItem","position":1,"name":"Home","item":"https:\/\/www.welovecycling.com\/hu\/"},{"@type":"ListItem","position":2,"name":"Ti k\u00e9rdeztetek, Sz\u0151nyi Feri v\u00e1laszolt \u2013 Bring\u00e1zz-Felelek 1.r\u00e9sz"}]},{"@type":"WebSite","@id":"https:\/\/www.welovecycling.com\/hu\/#website","url":"https:\/\/www.welovecycling.com\/hu\/","name":"\u0160koda We Love Cycling - Magyarorsz\u00e1g","description":"\u0160koda WeLoveCycling","potentialAction":[{"@type":"SearchAction","target":{"@type":"EntryPoint","urlTemplate":"https:\/\/www.welovecycling.com\/hu\/?s={search_term_string}"},"query-input":{"@type":"PropertyValueSpecification","valueRequired":true,"valueName":"search_term_string"}}],"inLanguage":"hu"},{"@type":"Person","@id":"https:\/\/www.welovecycling.com\/hu\/#\/schema\/person\/414a2aebf1801691a5320edb6468e194","name":"hegyizs","image":{"@type":"ImageObject","inLanguage":"hu","@id":"https:\/\/www.welovecycling.com\/hu\/#\/schema\/person\/image\/","url":"https:\/\/secure.gravatar.com\/avatar\/02cf8a7906b8cf90cecb4679defac7cfd33a1c2e3b88e4903d947f3bb58eedd3?s=96&d=mm&r=g","contentUrl":"https:\/\/secure.gravatar.com\/avatar\/02cf8a7906b8cf90cecb4679defac7cfd33a1c2e3b88e4903d947f3bb58eedd3?s=96&d=mm&r=g","caption":"hegyizs"},"url":"https:\/\/www.welovecycling.com\/hu\/author\/hegyizs\/"}]}},"_links":{"self":[{"href":"https:\/\/www.welovecycling.com\/hu\/wp-json\/wp\/v2\/posts\/11968","targetHints":{"allow":["GET"]}}],"collection":[{"href":"https:\/\/www.welovecycling.com\/hu\/wp-json\/wp\/v2\/posts"}],"about":[{"href":"https:\/\/www.welovecycling.com\/hu\/wp-json\/wp\/v2\/types\/post"}],"author":[{"embeddable":true,"href":"https:\/\/www.welovecycling.com\/hu\/wp-json\/wp\/v2\/users\/71"}],"replies":[{"embeddable":true,"href":"https:\/\/www.welovecycling.com\/hu\/wp-json\/wp\/v2\/comments?post=11968"}],"version-history":[{"count":1,"href":"https:\/\/www.welovecycling.com\/hu\/wp-json\/wp\/v2\/posts\/11968\/revisions"}],"predecessor-version":[{"id":11969,"href":"https:\/\/www.welovecycling.com\/hu\/wp-json\/wp\/v2\/posts\/11968\/revisions\/11969"}],"wp:featuredmedia":[{"embeddable":true,"href":"https:\/\/www.welovecycling.com\/hu\/wp-json\/wp\/v2\/media\/11967"}],"wp:attachment":[{"href":"https:\/\/www.welovecycling.com\/hu\/wp-json\/wp\/v2\/media?parent=11968"}],"wp:term":[{"taxonomy":"category","embeddable":true,"href":"https:\/\/www.welovecycling.com\/hu\/wp-json\/wp\/v2\/categories?post=11968"},{"taxonomy":"post_tag","embeddable":true,"href":"https:\/\/www.welovecycling.com\/hu\/wp-json\/wp\/v2\/tags?post=11968"},{"taxonomy":"global-categories","embeddable":true,"href":"https:\/\/www.welovecycling.com\/hu\/wp-json\/wp\/v2\/global-categories?post=11968"}],"curies":[{"name":"wp","href":"https:\/\/api.w.org\/{rel}","templated":true}]}}