{"id":11962,"date":"2021-07-09T14:31:30","date_gmt":"2021-07-09T12:31:30","guid":{"rendered":"https:\/\/www.welovecycling.com\/hu\/?p=11962"},"modified":"2021-07-09T15:11:18","modified_gmt":"2021-07-09T13:11:18","slug":"egy-uj-legenda-marianne-vos-tortenelmi-30-asa","status":"publish","type":"post","link":"https:\/\/www.welovecycling.com\/hu\/tour-de-france\/egy-uj-legenda-marianne-vos-tortenelmi-30-asa\/","title":{"rendered":"Egy \u00faj legenda: Marianne Vos t\u00f6rt\u00e9nelmi 30-asa"},"content":{"rendered":"<p><strong>A holland \u00e1ll\u00f3csillag a Tour de France-szal egyid\u0151ben zajl\u00f3 n\u0151i Gir\u00f3n megszerezte p\u00e1lyafut\u00e1sa harmincadik szakaszsiker\u00e9t, amire m\u00e9g Mark Cavendish is csak csettinteni tudott: egyenesen minden id\u0151k legjobbj\u00e1nak \u00e9s a saj\u00e1t inspir\u00e1ci\u00f3j\u00e1nak titul\u00e1lta Vost!<\/strong><!--more--><\/p>\n<p>Noha az olimpi\u00e1kon \u00e9s a vil\u00e1gbajnoks\u00e1gokon j\u00f3 ideje m\u00e1r a f\u00e9rfiak\u00e9hoz hasonl\u00f3an, szok\u00e1sosan megrendezik a n\u0151k mez\u0151ny- \u00e9s id\u0151futamverseny\u00e9t is (csak nyilv\u00e1n r\u00f6videbb t\u00e1vokkal), a versenyszezon alatt sokszor m\u00e9g mindig m\u00e9ltatlanul h\u00e1tt\u00e9rbe szorulnak a h\u00f6lgyek \u2013 sokan tal\u00e1n azzal sincsenek tiszt\u00e1ban, hogy nekik is ugyan\u00fagy megvannak a maguk nagyszab\u00e1s\u00fa nemzetk\u00f6zi preszt\u00edzsversenyei, mint a f\u00e9rfiaknak.<\/p>\n<p>A Tour de France-szal egyid\u0151ben zajlik p\u00e9ld\u00e1ul a n\u0151k Gir\u00f3ja, a Giro d\u2019Italia Donne (az id\u0151z\u00edt\u00e9s eleve nem biztos, hogy szerencs\u00e9s), ahol a napokban t\u00f6rt\u00e9nelem \u00edr\u00f3dott: bizonyos Marianne Vos els\u0151 n\u0151k\u00e9nt \u00e1tl\u00e9pte a 30-as \u00e1lomhat\u00e1rt, azaz megszerezte harmincadik szakaszsiker\u00e9t, ami elk\u00e9peszt\u0151 sportteljes\u00edtm\u00e9ny. A holland ikon a n\u0151i ker\u00e9kp\u00e1rsport t\u00f6rt\u00e9net\u00e9nek egyik legeredm\u00e9nyesebb versenyz\u0151je, eredm\u00e9nyeit felsorolni is neh\u00e9z (a legfontosabbakat az\u00e9rt megk\u00eds\u00e9relj\u00fck): orsz\u00e1g\u00faton London olimpiai bajnoka, emellett h\u00e1romszoros vil\u00e1g- \u00e9s Eur\u00f3pa-bajnok, p\u00e1lyaker\u00e9kp\u00e1rban szint\u00e9n olimpiai bajnok m\u00e9g 2008-b\u00f3l, Pekingb\u0151l, s innen is van k\u00e9t vb-aranya, a cyclo-cross szak\u00e1gb\u00f3l meg egyenesen h\u00e9t \u2013 mindenn\u00e9l besz\u00e9desebb (egyben tal\u00e1n a legnagyobb elismer\u00e9s) hogy becen\u00e9vk\u00e9nt ugyan\u00fagy a \u201eKannib\u00e1lt\u201d ragasztott\u00e1k r\u00e1, mint anno a valaha volt tal\u00e1n legnagyobb f\u00e9rfiversenyz\u0151re, Eddy Merckxre.<\/p>\n<figure id=\"attachment_11964\" aria-describedby=\"caption-attachment-11964\" style=\"width: 1024px\" class=\"wp-caption alignnone\"><a href=\"https:\/\/d2p6e6u75xmxt8.cloudfront.net\/12\/2021\/07\/wlc_20210709_egyuj2.jpg\"><img loading=\"lazy\" decoding=\"async\" class=\"size-full wp-image-11964\" src=\"https:\/\/d2p6e6u75xmxt8.cloudfront.net\/12\/2021\/07\/wlc_20210709_egyuj2.jpg\" alt=\"\" width=\"1024\" height=\"683\" srcset=\"https:\/\/d2p6e6u75xmxt8.cloudfront.net\/12\/2021\/07\/wlc_20210709_egyuj2.jpg 1024w, https:\/\/d2p6e6u75xmxt8.cloudfront.net\/12\/2021\/07\/wlc_20210709_egyuj2-300x200.jpg 300w, https:\/\/d2p6e6u75xmxt8.cloudfront.net\/12\/2021\/07\/wlc_20210709_egyuj2-768x512.jpg 768w, https:\/\/d2p6e6u75xmxt8.cloudfront.net\/12\/2021\/07\/wlc_20210709_egyuj2-272x182.jpg 272w\" sizes=\"auto, (max-width: 1024px) 100vw, 1024px\" \/><\/a><figcaption id=\"caption-attachment-11964\" class=\"wp-caption-text\">\u00cdgy \u00f6r\u00fclt Marianne Vos harmincadik Giro-szakaszgy\u0151zelm\u00e9nek (fot\u00f3: Getty)<\/figcaption><\/figure>\n<p>A 34 \u00e9vesen t\u00f6rt\u00e9nelmet \u00edr\u00f3, a n\u0151k Gir\u00f3j\u00e1t kor\u00e1bban h\u00e1rom alkalommal is megnyer\u0151 (enn\u00e9l t\u00f6bb gy\u0151zelme csak az olasz Fabiana Luperininek van, sz\u00e1m szerint \u00f6t) Marianne m\u00e9rf\u00f6ldk\u00f6ve mellett legeredm\u00e9nyesebb f\u00e9rfikoll\u00e9g\u00e1i sem mentek el sz\u00f3 n\u00e9lk\u00fcl.\u00a0 A Touron par\u00e1d\u00e9z\u00f3, m\u00e1sf\u00e9l h\u00e9t ut\u00e1n h\u00e1rom szakaszsikern\u00e9l j\u00e1r\u00f3 Mark Cavendish \u2013 aki Merckx 34-es rekordj\u00e1t\u00f3l m\u00e1r csup\u00e1n egyetlen gy\u0151zelemre van &#8211; p\u00e9ld\u00e1ul egyenesen az egekig magasztalta: <em>\u201eMarianne \u00e9pp most aratta a harmincadik siker\u00e9t a vil\u00e1g legnagyobb n\u0151i verseny\u00e9n \u2013 ez \u00f3ri\u00e1si sz\u00f3, hatalmas m\u00e9rf\u00f6ldk\u0151! Sok szempontb\u00f3l \u00e9vek \u00f3ta \u0151 jelenti sz\u00e1momra az inspir\u00e1ci\u00f3t, abszol\u00fat minden id\u0151k legjobbja!\u201d<\/em><\/p>\n<p>A f\u0151h\u0151s maga azonban a legnagyobb bajnokokra jellemz\u0151 szer\u00e9nys\u00e9ggel vette tudom\u00e1sul a t\u00f6rt\u00e9nelmi tettet. <em>\u201eKimondva t\u00e9nyleg hihetetlen sz\u00e1m, de igaz\u00e1b\u00f3l nem e k\u00f6r\u00fcl forogtak a gondolataim. A Gir\u00f3n minden nap egy \u00faj nap, \u00e9s neked minden nap k\u00e9szen kell \u00e1llnod a harcra\u201d <\/em>\u2013 mondta a Jumbo-Visma n\u0151i sor\u00e1ban versenyz\u0151 Marianne Vos (akinek a testv\u00e9re, Anton am\u00fagy profi fot\u00f3sk\u00e9nt dolgozik, v\u00e9gigfot\u00f3zta p\u00e9ld\u00e1ul az idei Tour de Hongrie-t is \u2013 csak hogy egy kis magyar vonatkoz\u00e1s\u00fa \u00e9rdekess\u00e9get is belecsemp\u00e9ssz\u00fcnk a t\u00f6rt\u00e9netbe).<\/p>\n<figure id=\"attachment_11965\" aria-describedby=\"caption-attachment-11965\" style=\"width: 799px\" class=\"wp-caption alignnone\"><a href=\"https:\/\/d2p6e6u75xmxt8.cloudfront.net\/12\/2021\/07\/wlc_20210709_egyuj3.jpg\"><img loading=\"lazy\" decoding=\"async\" class=\"size-full wp-image-11965\" src=\"https:\/\/d2p6e6u75xmxt8.cloudfront.net\/12\/2021\/07\/wlc_20210709_egyuj3.jpg\" alt=\"\" width=\"799\" height=\"1200\" srcset=\"https:\/\/d2p6e6u75xmxt8.cloudfront.net\/12\/2021\/07\/wlc_20210709_egyuj3.jpg 799w, https:\/\/d2p6e6u75xmxt8.cloudfront.net\/12\/2021\/07\/wlc_20210709_egyuj3-200x300.jpg 200w, https:\/\/d2p6e6u75xmxt8.cloudfront.net\/12\/2021\/07\/wlc_20210709_egyuj3-682x1024.jpg 682w, https:\/\/d2p6e6u75xmxt8.cloudfront.net\/12\/2021\/07\/wlc_20210709_egyuj3-768x1153.jpg 768w\" sizes=\"auto, (max-width: 799px) 100vw, 799px\" \/><\/a><figcaption id=\"caption-attachment-11965\" class=\"wp-caption-text\">fot\u00f3: Marianne Vos\/Twitter<\/figcaption><\/figure>\n<p>\u00c9s ha m\u00e1r magyar vonatkoz\u00e1s: a Giro Donne \u00f6sszetettj\u00e9t Vos honfit\u00e1rsa, a hozz\u00e1 hasonl\u00f3an szint\u00e9n olimpiai \u00e9s h\u00e1romszoros vil\u00e1gbajnok Anna van der Breggen vezeti, aki egy\u00fattal Vas Kata Blanka csapatt\u00e1rsa a legjobb n\u0151i csapatn\u00e1l, a holland SD Worxn\u00e9l \u2013 \u00e9s ha megtartja el\u0151ny\u00e9t, \u00fagy negyedik Giro-gy\u0151zelm\u00e9vel meg is el\u0151zi Vost.<\/p>\n<p>J\u00f6v\u0151re j\u00f3 \u00e9vtizedes sz\u00fcnet ut\u00e1n \u00fajraind\u00edtj\u00e1k a legnagyobb orsz\u00e1g\u00fati verseny, a Tour de France n\u0151i v\u00e1ltozat\u00e1t is (amely az elm\u00falt \u00e9vekben csak egy- vagy k\u00e9tnapos versenyk\u00e9nt szerepelt a napt\u00e1rban): a Tour de France Femmes-re 2022. j\u00falius 24\u201331. k\u00f6z\u00f6tt ker\u00fcl sor, a pontos \u00fatvonalat id\u00e9n okt\u00f3berben fedi majd fel a f\u00e9rfiak Tour-j\u00e1t is szervez\u0151 francia ASO c\u00e9g. A n\u0151i Grand Tour-viadalok azonban nem h\u00e1romhetesek, mint a f\u00e9rfiak eset\u00e9ben: a h\u00f6lgyek cs\u00facsesem\u00e9nyei jellemz\u0151en 9-10 szakaszt \u00e9s nagyj\u00e1b\u00f3l ezer kilom\u00e9teres \u00f6sszt\u00e1vot foglalnak magukban.<\/p>\n<p><em>Bor\u00edt\u00f3k\u00e9p: Cor Vos<\/em><\/p>\n","protected":false},"excerpt":{"rendered":"<p>A holland \u00e1ll\u00f3csillag a Tour de France-szal egyid\u0151ben zajl\u00f3 n\u0151i Gir\u00f3n megszerezte p\u00e1lyafut\u00e1sa harmincadik szakaszsiker\u00e9t, amire m\u00e9g Mark Cavendish is [&hellip;]<\/p>\n","protected":false},"author":71,"featured_media":11963,"comment_status":"open","ping_status":"open","sticky":false,"template":"","format":"standard","meta":{"footnotes":""},"categories":[96],"tags":[],"global-categories":[419],"class_list":["post-11962","post","type-post","status-publish","format-standard","has-post-thumbnail","hentry","category-tour-de-france","global-categories-cycling"],"yoast_head":"<!-- This site is optimized with the Yoast SEO Premium plugin v25.3 (Yoast SEO v25.9) - https:\/\/yoast.com\/wordpress\/plugins\/seo\/ -->\n<title>Egy \u00faj legenda: Marianne Vos t\u00f6rt\u00e9nelmi 30-asa<\/title>\n<meta name=\"description\" content=\"A holland \u00e1ll\u00f3csillag a Tour de France-szal egyid\u0151ben zajl\u00f3 n\u0151i Gir\u00f3n megszerezte p\u00e1lyafut\u00e1sa harmincadik szakaszsiker\u00e9t, amire m\u00e9g Mark Cavendish is csak csettinteni tudott: egyenesen minden id\u0151k legjobbj\u00e1nak \u00e9s a saj\u00e1t inspir\u00e1ci\u00f3j\u00e1nak titul\u00e1lta Vost!\" \/>\n<meta name=\"robots\" content=\"index, follow, max-snippet:-1, max-image-preview:large, max-video-preview:-1\" \/>\n<link rel=\"canonical\" href=\"https:\/\/www.welovecycling.com\/hu\/tour-de-france\/egy-uj-legenda-marianne-vos-tortenelmi-30-asa\/\" \/>\n<meta property=\"og:locale\" content=\"hu_HU\" \/>\n<meta property=\"og:type\" content=\"article\" \/>\n<meta property=\"og:title\" content=\"Egy \u00faj legenda: Marianne Vos t\u00f6rt\u00e9nelmi 30-asa\" \/>\n<meta property=\"og:description\" content=\"A holland \u00e1ll\u00f3csillag a Tour de France-szal egyid\u0151ben zajl\u00f3 n\u0151i Gir\u00f3n megszerezte p\u00e1lyafut\u00e1sa harmincadik szakaszsiker\u00e9t, amire m\u00e9g Mark Cavendish is csak csettinteni tudott: egyenesen minden id\u0151k legjobbj\u00e1nak \u00e9s a saj\u00e1t inspir\u00e1ci\u00f3j\u00e1nak titul\u00e1lta Vost!\" \/>\n<meta property=\"og:url\" content=\"https:\/\/www.welovecycling.com\/hu\/tour-de-france\/egy-uj-legenda-marianne-vos-tortenelmi-30-asa\/\" \/>\n<meta property=\"og:site_name\" content=\"\u0160koda We Love Cycling - Magyarorsz\u00e1g\" \/>\n<meta property=\"article:publisher\" content=\"https:\/\/www.facebook.com\/WeLoveCyclingHungary\/\" \/>\n<meta property=\"article:published_time\" content=\"2021-07-09T12:31:30+00:00\" \/>\n<meta property=\"article:modified_time\" content=\"2021-07-09T13:11:18+00:00\" \/>\n<meta property=\"og:image\" content=\"https:\/\/d2p6e6u75xmxt8.cloudfront.net\/12\/2021\/07\/wlc_20210709_egyuj.jpg\" \/>\n\t<meta property=\"og:image:width\" content=\"1340\" \/>\n\t<meta property=\"og:image:height\" content=\"881\" \/>\n\t<meta property=\"og:image:type\" content=\"image\/jpeg\" \/>\n<meta name=\"author\" content=\"hegyizs\" \/>\n<meta name=\"twitter:card\" content=\"summary_large_image\" \/>\n<meta name=\"twitter:label1\" content=\"Written by\" \/>\n\t<meta name=\"twitter:data1\" content=\"WLC\" \/>\n\t<meta name=\"twitter:label2\" content=\"Est. reading time\" \/>\n\t<meta name=\"twitter:data2\" content=\"4 minutes\" \/>\n<script type=\"application\/ld+json\" class=\"yoast-schema-graph\">{\"@context\":\"https:\/\/schema.org\",\"@graph\":[{\"@type\":\"WebPage\",\"@id\":\"https:\/\/www.welovecycling.com\/hu\/tour-de-france\/egy-uj-legenda-marianne-vos-tortenelmi-30-asa\/\",\"url\":\"https:\/\/www.welovecycling.com\/hu\/tour-de-france\/egy-uj-legenda-marianne-vos-tortenelmi-30-asa\/\",\"name\":\"Egy \u00faj legenda: Marianne Vos t\u00f6rt\u00e9nelmi 30-asa\",\"isPartOf\":{\"@id\":\"https:\/\/www.welovecycling.com\/hu\/#website\"},\"primaryImageOfPage\":{\"@id\":\"https:\/\/www.welovecycling.com\/hu\/tour-de-france\/egy-uj-legenda-marianne-vos-tortenelmi-30-asa\/#primaryimage\"},\"image\":{\"@id\":\"https:\/\/www.welovecycling.com\/hu\/tour-de-france\/egy-uj-legenda-marianne-vos-tortenelmi-30-asa\/#primaryimage\"},\"thumbnailUrl\":\"https:\/\/d2p6e6u75xmxt8.cloudfront.net\/12\/2021\/07\/wlc_20210709_egyuj.jpg\",\"datePublished\":\"2021-07-09T12:31:30+00:00\",\"dateModified\":\"2021-07-09T13:11:18+00:00\",\"author\":{\"@id\":\"https:\/\/www.welovecycling.com\/hu\/#\/schema\/person\/414a2aebf1801691a5320edb6468e194\"},\"description\":\"A holland \u00e1ll\u00f3csillag a Tour de France-szal egyid\u0151ben zajl\u00f3 n\u0151i Gir\u00f3n megszerezte p\u00e1lyafut\u00e1sa harmincadik szakaszsiker\u00e9t, amire m\u00e9g Mark Cavendish is csak csettinteni tudott: egyenesen minden id\u0151k legjobbj\u00e1nak \u00e9s a saj\u00e1t inspir\u00e1ci\u00f3j\u00e1nak titul\u00e1lta Vost!\",\"breadcrumb\":{\"@id\":\"https:\/\/www.welovecycling.com\/hu\/tour-de-france\/egy-uj-legenda-marianne-vos-tortenelmi-30-asa\/#breadcrumb\"},\"inLanguage\":\"hu\",\"potentialAction\":[{\"@type\":\"ReadAction\",\"target\":[\"https:\/\/www.welovecycling.com\/hu\/tour-de-france\/egy-uj-legenda-marianne-vos-tortenelmi-30-asa\/\"]}]},{\"@type\":\"ImageObject\",\"inLanguage\":\"hu\",\"@id\":\"https:\/\/www.welovecycling.com\/hu\/tour-de-france\/egy-uj-legenda-marianne-vos-tortenelmi-30-asa\/#primaryimage\",\"url\":\"https:\/\/d2p6e6u75xmxt8.cloudfront.net\/12\/2021\/07\/wlc_20210709_egyuj.jpg\",\"contentUrl\":\"https:\/\/d2p6e6u75xmxt8.cloudfront.net\/12\/2021\/07\/wlc_20210709_egyuj.jpg\",\"width\":1340,\"height\":881},{\"@type\":\"BreadcrumbList\",\"@id\":\"https:\/\/www.welovecycling.com\/hu\/tour-de-france\/egy-uj-legenda-marianne-vos-tortenelmi-30-asa\/#breadcrumb\",\"itemListElement\":[{\"@type\":\"ListItem\",\"position\":1,\"name\":\"Home\",\"item\":\"https:\/\/www.welovecycling.com\/hu\/\"},{\"@type\":\"ListItem\",\"position\":2,\"name\":\"Egy \u00faj legenda: Marianne Vos t\u00f6rt\u00e9nelmi 30-asa\"}]},{\"@type\":\"WebSite\",\"@id\":\"https:\/\/www.welovecycling.com\/hu\/#website\",\"url\":\"https:\/\/www.welovecycling.com\/hu\/\",\"name\":\"\u0160koda We Love Cycling - Magyarorsz\u00e1g\",\"description\":\"\u0160koda WeLoveCycling\",\"potentialAction\":[{\"@type\":\"SearchAction\",\"target\":{\"@type\":\"EntryPoint\",\"urlTemplate\":\"https:\/\/www.welovecycling.com\/hu\/?s={search_term_string}\"},\"query-input\":{\"@type\":\"PropertyValueSpecification\",\"valueRequired\":true,\"valueName\":\"search_term_string\"}}],\"inLanguage\":\"hu\"},{\"@type\":\"Person\",\"@id\":\"https:\/\/www.welovecycling.com\/hu\/#\/schema\/person\/414a2aebf1801691a5320edb6468e194\",\"name\":\"hegyizs\",\"image\":{\"@type\":\"ImageObject\",\"inLanguage\":\"hu\",\"@id\":\"https:\/\/www.welovecycling.com\/hu\/#\/schema\/person\/image\/\",\"url\":\"https:\/\/secure.gravatar.com\/avatar\/02cf8a7906b8cf90cecb4679defac7cfd33a1c2e3b88e4903d947f3bb58eedd3?s=96&d=mm&r=g\",\"contentUrl\":\"https:\/\/secure.gravatar.com\/avatar\/02cf8a7906b8cf90cecb4679defac7cfd33a1c2e3b88e4903d947f3bb58eedd3?s=96&d=mm&r=g\",\"caption\":\"hegyizs\"},\"url\":\"https:\/\/www.welovecycling.com\/hu\/author\/hegyizs\/\"}]}<\/script>\n<!-- \/ Yoast SEO Premium plugin. -->","yoast_head_json":{"title":"Egy \u00faj legenda: Marianne Vos t\u00f6rt\u00e9nelmi 30-asa","description":"A holland \u00e1ll\u00f3csillag a Tour de France-szal egyid\u0151ben zajl\u00f3 n\u0151i Gir\u00f3n megszerezte p\u00e1lyafut\u00e1sa harmincadik szakaszsiker\u00e9t, amire m\u00e9g Mark Cavendish is csak csettinteni tudott: egyenesen minden id\u0151k legjobbj\u00e1nak \u00e9s a saj\u00e1t inspir\u00e1ci\u00f3j\u00e1nak titul\u00e1lta Vost!","robots":{"index":"index","follow":"follow","max-snippet":"max-snippet:-1","max-image-preview":"max-image-preview:large","max-video-preview":"max-video-preview:-1"},"canonical":"https:\/\/www.welovecycling.com\/hu\/tour-de-france\/egy-uj-legenda-marianne-vos-tortenelmi-30-asa\/","og_locale":"hu_HU","og_type":"article","og_title":"Egy \u00faj legenda: Marianne Vos t\u00f6rt\u00e9nelmi 30-asa","og_description":"A holland \u00e1ll\u00f3csillag a Tour de France-szal egyid\u0151ben zajl\u00f3 n\u0151i Gir\u00f3n megszerezte p\u00e1lyafut\u00e1sa harmincadik szakaszsiker\u00e9t, amire m\u00e9g Mark Cavendish is csak csettinteni tudott: egyenesen minden id\u0151k legjobbj\u00e1nak \u00e9s a saj\u00e1t inspir\u00e1ci\u00f3j\u00e1nak titul\u00e1lta Vost!","og_url":"https:\/\/www.welovecycling.com\/hu\/tour-de-france\/egy-uj-legenda-marianne-vos-tortenelmi-30-asa\/","og_site_name":"\u0160koda We Love Cycling - Magyarorsz\u00e1g","article_publisher":"https:\/\/www.facebook.com\/WeLoveCyclingHungary\/","article_published_time":"2021-07-09T12:31:30+00:00","article_modified_time":"2021-07-09T13:11:18+00:00","og_image":[{"width":1340,"height":881,"url":"https:\/\/d2p6e6u75xmxt8.cloudfront.net\/12\/2021\/07\/wlc_20210709_egyuj.jpg","type":"image\/jpeg"}],"author":"hegyizs","twitter_card":"summary_large_image","twitter_misc":{"Written by":"WLC","Est. reading time":"4 minutes"},"schema":{"@context":"https:\/\/schema.org","@graph":[{"@type":"WebPage","@id":"https:\/\/www.welovecycling.com\/hu\/tour-de-france\/egy-uj-legenda-marianne-vos-tortenelmi-30-asa\/","url":"https:\/\/www.welovecycling.com\/hu\/tour-de-france\/egy-uj-legenda-marianne-vos-tortenelmi-30-asa\/","name":"Egy \u00faj legenda: Marianne Vos t\u00f6rt\u00e9nelmi 30-asa","isPartOf":{"@id":"https:\/\/www.welovecycling.com\/hu\/#website"},"primaryImageOfPage":{"@id":"https:\/\/www.welovecycling.com\/hu\/tour-de-france\/egy-uj-legenda-marianne-vos-tortenelmi-30-asa\/#primaryimage"},"image":{"@id":"https:\/\/www.welovecycling.com\/hu\/tour-de-france\/egy-uj-legenda-marianne-vos-tortenelmi-30-asa\/#primaryimage"},"thumbnailUrl":"https:\/\/d2p6e6u75xmxt8.cloudfront.net\/12\/2021\/07\/wlc_20210709_egyuj.jpg","datePublished":"2021-07-09T12:31:30+00:00","dateModified":"2021-07-09T13:11:18+00:00","author":{"@id":"https:\/\/www.welovecycling.com\/hu\/#\/schema\/person\/414a2aebf1801691a5320edb6468e194"},"description":"A holland \u00e1ll\u00f3csillag a Tour de France-szal egyid\u0151ben zajl\u00f3 n\u0151i Gir\u00f3n megszerezte p\u00e1lyafut\u00e1sa harmincadik szakaszsiker\u00e9t, amire m\u00e9g Mark Cavendish is csak csettinteni tudott: egyenesen minden id\u0151k legjobbj\u00e1nak \u00e9s a saj\u00e1t inspir\u00e1ci\u00f3j\u00e1nak titul\u00e1lta Vost!","breadcrumb":{"@id":"https:\/\/www.welovecycling.com\/hu\/tour-de-france\/egy-uj-legenda-marianne-vos-tortenelmi-30-asa\/#breadcrumb"},"inLanguage":"hu","potentialAction":[{"@type":"ReadAction","target":["https:\/\/www.welovecycling.com\/hu\/tour-de-france\/egy-uj-legenda-marianne-vos-tortenelmi-30-asa\/"]}]},{"@type":"ImageObject","inLanguage":"hu","@id":"https:\/\/www.welovecycling.com\/hu\/tour-de-france\/egy-uj-legenda-marianne-vos-tortenelmi-30-asa\/#primaryimage","url":"https:\/\/d2p6e6u75xmxt8.cloudfront.net\/12\/2021\/07\/wlc_20210709_egyuj.jpg","contentUrl":"https:\/\/d2p6e6u75xmxt8.cloudfront.net\/12\/2021\/07\/wlc_20210709_egyuj.jpg","width":1340,"height":881},{"@type":"BreadcrumbList","@id":"https:\/\/www.welovecycling.com\/hu\/tour-de-france\/egy-uj-legenda-marianne-vos-tortenelmi-30-asa\/#breadcrumb","itemListElement":[{"@type":"ListItem","position":1,"name":"Home","item":"https:\/\/www.welovecycling.com\/hu\/"},{"@type":"ListItem","position":2,"name":"Egy \u00faj legenda: Marianne Vos t\u00f6rt\u00e9nelmi 30-asa"}]},{"@type":"WebSite","@id":"https:\/\/www.welovecycling.com\/hu\/#website","url":"https:\/\/www.welovecycling.com\/hu\/","name":"\u0160koda We Love Cycling - Magyarorsz\u00e1g","description":"\u0160koda WeLoveCycling","potentialAction":[{"@type":"SearchAction","target":{"@type":"EntryPoint","urlTemplate":"https:\/\/www.welovecycling.com\/hu\/?s={search_term_string}"},"query-input":{"@type":"PropertyValueSpecification","valueRequired":true,"valueName":"search_term_string"}}],"inLanguage":"hu"},{"@type":"Person","@id":"https:\/\/www.welovecycling.com\/hu\/#\/schema\/person\/414a2aebf1801691a5320edb6468e194","name":"hegyizs","image":{"@type":"ImageObject","inLanguage":"hu","@id":"https:\/\/www.welovecycling.com\/hu\/#\/schema\/person\/image\/","url":"https:\/\/secure.gravatar.com\/avatar\/02cf8a7906b8cf90cecb4679defac7cfd33a1c2e3b88e4903d947f3bb58eedd3?s=96&d=mm&r=g","contentUrl":"https:\/\/secure.gravatar.com\/avatar\/02cf8a7906b8cf90cecb4679defac7cfd33a1c2e3b88e4903d947f3bb58eedd3?s=96&d=mm&r=g","caption":"hegyizs"},"url":"https:\/\/www.welovecycling.com\/hu\/author\/hegyizs\/"}]}},"_links":{"self":[{"href":"https:\/\/www.welovecycling.com\/hu\/wp-json\/wp\/v2\/posts\/11962","targetHints":{"allow":["GET"]}}],"collection":[{"href":"https:\/\/www.welovecycling.com\/hu\/wp-json\/wp\/v2\/posts"}],"about":[{"href":"https:\/\/www.welovecycling.com\/hu\/wp-json\/wp\/v2\/types\/post"}],"author":[{"embeddable":true,"href":"https:\/\/www.welovecycling.com\/hu\/wp-json\/wp\/v2\/users\/71"}],"replies":[{"embeddable":true,"href":"https:\/\/www.welovecycling.com\/hu\/wp-json\/wp\/v2\/comments?post=11962"}],"version-history":[{"count":1,"href":"https:\/\/www.welovecycling.com\/hu\/wp-json\/wp\/v2\/posts\/11962\/revisions"}],"predecessor-version":[{"id":11966,"href":"https:\/\/www.welovecycling.com\/hu\/wp-json\/wp\/v2\/posts\/11962\/revisions\/11966"}],"wp:featuredmedia":[{"embeddable":true,"href":"https:\/\/www.welovecycling.com\/hu\/wp-json\/wp\/v2\/media\/11963"}],"wp:attachment":[{"href":"https:\/\/www.welovecycling.com\/hu\/wp-json\/wp\/v2\/media?parent=11962"}],"wp:term":[{"taxonomy":"category","embeddable":true,"href":"https:\/\/www.welovecycling.com\/hu\/wp-json\/wp\/v2\/categories?post=11962"},{"taxonomy":"post_tag","embeddable":true,"href":"https:\/\/www.welovecycling.com\/hu\/wp-json\/wp\/v2\/tags?post=11962"},{"taxonomy":"global-categories","embeddable":true,"href":"https:\/\/www.welovecycling.com\/hu\/wp-json\/wp\/v2\/global-categories?post=11962"}],"curies":[{"name":"wp","href":"https:\/\/api.w.org\/{rel}","templated":true}]}}