{"id":11948,"date":"2021-07-14T08:00:42","date_gmt":"2021-07-14T06:00:42","guid":{"rendered":"https:\/\/www.welovecycling.com\/hu\/?p=11948"},"modified":"2021-07-09T15:16:59","modified_gmt":"2021-07-09T13:16:59","slug":"ride2unite-podcast-primoz-roglic-al-meg-kellett-tanulnom-szenvedni","status":"publish","type":"post","link":"https:\/\/www.welovecycling.com\/hu\/ride2unite\/ride2unite-podcast-primoz-roglic-al-meg-kellett-tanulnom-szenvedni\/","title":{"rendered":"#Ride2Unite podcast Primo\u017e Rogli\u010d-al: \u201eMeg kellett tanulnom szenvedni\u201d"},"content":{"rendered":"<p><strong>Szinte lehetetlen nem tal\u00e1lkozni a nev\u00e9vel a profi orsz\u00e1g\u00fati ker\u00e9kp\u00e1roz\u00e1s vil\u00e1g\u00e1ban. Az ut\u00f3bbi hat \u00e9vben val\u00f3sz\u00edn\u0171tlen (\u00e9s a ker\u00e9kp\u00e1ros m\u00e9rc\u00e9vel m\u00e9rve k\u00e9sei) h\u00edrneve tov\u00e1bbra is elb\u0171v\u00f6li a vil\u00e1got. A 31 \u00e9ves Primo\u017e Rogli\u010d, a Team Jumbo \u2013 Visma \u00e9s a UCI WorldTeam szlov\u00e9n versenyz\u0151je volt Anna Glowinski vend\u00e9ge a #Ride2Unite podcast leg\u00fajabb epiz\u00f3dj\u00e1ban.<\/strong><\/p>\n<p><!--more--><\/p>\n<p>Anna nem k\u00e9slekedett \u00e9s azonnal m\u00e9lyebbre szeretett volna \u00e1sni, ahelyett, hogy Rogli\u010d elk\u00e9peszt\u0151 h\u00e1tt\u00e9rsztorij\u00e1t fogalmazta volna \u00fajra most m\u00e1r sokadik alkalommal. A vil\u00e1gels\u0151, UCI rangsorban szerepl\u0151 orsz\u00e1g\u00fati biciklis jelenlegi motiv\u00e1ci\u00f3ja, gondolkod\u00e1sm\u00f3dja \u00e9s hozz\u00e1\u00e1ll\u00e1sa \u00e9rdekelte n\u00e9h\u00e1ny nappal a 2021-es Tour de France el\u0151tt. Azonnal a nagy k\u00e9rd\u00e9sre kereste a v\u00e1laszt: mi\u00e9rt hajtott annyira arra, hogy a vil\u00e1g legjobb ker\u00e9kp\u00e1rosa legyen? <em>\u201eS\u00edugr\u00f3 koromban arr\u00f3l \u00e1lmodoztam, hogy a legjobb leszek. Nem \u00e9n voltam a legrosszabb, de k\u00f6zel sem voltam az, aki szerettem volna lenni. A bicikliz\u00e9s val\u00f3ban hihetetlen \u00e9lm\u00e9ny, \u00e9s az, hogy \u00e9n lehetek a legjobb benne, egy val\u00f3ra v\u00e1lt \u00e1lom.\u201c<\/em><\/p>\n<div class=\"embed-controller-wrapper\"><iframe title=\"Spotify Embed: \u201cI Had to Learn How to Suffer\u201d: #Ride2Unite Podcast with Primo\u017e Rogli\u010d\" style=\"border-radius: 12px\" width=\"100%\" height=\"152\" frameborder=\"0\" allowfullscreen allow=\"autoplay; clipboard-write; encrypted-media; fullscreen; picture-in-picture\" loading=\"lazy\" data-src=\"https:\/\/open.spotify.com\/embed\/episode\/3gJdvlZwia2oUTZzlX7TaJ?utm_source=oembed\"><\/iframe><\/div>\n<p>Mivel Primo\u017e meglehet\u0151sen k\u00e9s\u0151n v\u00e1ltott a s\u00edugr\u00e1sr\u00f3l az orsz\u00e1g\u00fati ker\u00e9kp\u00e1roz\u00e1sra, Anna megk\u00e9rdezte t\u0151le, mennyire volt neh\u00e9z egyik profi sportr\u00f3l a m\u00e1sikba \u00e1tl\u00e9pni. Primo\u017e \u0151szinte v\u00e1laszt adott: <em>\u201eAlapvet\u0151en mindent a null\u00e1r\u00f3l kellett megtanulnom. Tekerni csapatban, a ruh\u00e1k helyes felv\u00e9tele, lev\u00e9tele, pisil\u00e9s: \u00e9s mindezt bicikliz\u00e9s k\u00f6zben. Meg kellett tanulnom, hogyan kell szenvedni. [\u2026] A bicikliz\u00e9s kem\u00e9ny sport.\u201c<\/em><\/p>\n<p>Hallgasd meg a legfrissebb #Ride2Unite podcastot, \u00e9s tudd meg, milyen \u00e9rz\u00e9s a vil\u00e1g legjobbj\u00e1nak lenni, mit jelent Rogli\u010d sz\u00e1m\u00e1ra a \u201ecs\u00facs\u201c \u00e9s hogyan alak\u00edtja \u00e1t egy ember \u00e9let\u00e9t a h\u00edrn\u00e9v!<\/p>\n","protected":false},"excerpt":{"rendered":"<p>Szinte lehetetlen nem tal\u00e1lkozni a nev\u00e9vel a profi orsz\u00e1g\u00fati ker\u00e9kp\u00e1roz\u00e1s vil\u00e1g\u00e1ban. Az ut\u00f3bbi hat \u00e9vben val\u00f3sz\u00edn\u0171tlen (\u00e9s a ker\u00e9kp\u00e1ros m\u00e9rc\u00e9vel [&hellip;]<\/p>\n","protected":false},"author":71,"featured_media":11950,"comment_status":"closed","ping_status":"closed","sticky":false,"template":"","format":"standard","meta":{"footnotes":""},"categories":[466],"tags":[],"global-categories":[],"class_list":["post-11948","post","type-post","status-publish","format-standard","has-post-thumbnail","hentry","category-ride2unite"],"yoast_head":"<!-- This site is optimized with the Yoast SEO Premium plugin v25.3 (Yoast SEO v25.9) - https:\/\/yoast.com\/wordpress\/plugins\/seo\/ -->\n<title>#Ride2Unite podcast Primo\u017e Rogli\u010d-al: \u201eMeg kellett tanulnom szenvedni\u201d<\/title>\n<meta name=\"description\" content=\"Szinte lehetetlen nem tal\u00e1lkozni a nev\u00e9vel a profi orsz\u00e1g\u00fati ker\u00e9kp\u00e1roz\u00e1s vil\u00e1g\u00e1ban. Az ut\u00f3bbi hat \u00e9vben val\u00f3sz\u00edn\u0171tlen (\u00e9s a ker\u00e9kp\u00e1ros m\u00e9rc\u00e9vel m\u00e9rve k\u00e9sei) h\u00edrneve tov\u00e1bbra is elb\u0171v\u00f6li a vil\u00e1got. A 31 \u00e9ves Primo\u017e Rogli\u010d, a Team Jumbo \u2013 Visma \u00e9s a UCI WorldTeam szlov\u00e9n versenyz\u0151je volt Anna Glowinski vend\u00e9ge a #Ride2Unite podcast leg\u00fajabb epiz\u00f3dj\u00e1ban.\" \/>\n<meta name=\"robots\" content=\"index, follow, max-snippet:-1, max-image-preview:large, max-video-preview:-1\" \/>\n<link rel=\"canonical\" href=\"https:\/\/www.welovecycling.com\/hu\/ride2unite\/ride2unite-podcast-primoz-roglic-al-meg-kellett-tanulnom-szenvedni\/\" \/>\n<meta property=\"og:locale\" content=\"hu_HU\" \/>\n<meta property=\"og:type\" content=\"article\" \/>\n<meta property=\"og:title\" content=\"#Ride2Unite podcast Primo\u017e Rogli\u010d-al: \u201eMeg kellett tanulnom szenvedni\u201d\" \/>\n<meta property=\"og:description\" content=\"Szinte lehetetlen nem tal\u00e1lkozni a nev\u00e9vel a profi orsz\u00e1g\u00fati ker\u00e9kp\u00e1roz\u00e1s vil\u00e1g\u00e1ban. Az ut\u00f3bbi hat \u00e9vben val\u00f3sz\u00edn\u0171tlen (\u00e9s a ker\u00e9kp\u00e1ros m\u00e9rc\u00e9vel m\u00e9rve k\u00e9sei) h\u00edrneve tov\u00e1bbra is elb\u0171v\u00f6li a vil\u00e1got. A 31 \u00e9ves Primo\u017e Rogli\u010d, a Team Jumbo \u2013 Visma \u00e9s a UCI WorldTeam szlov\u00e9n versenyz\u0151je volt Anna Glowinski vend\u00e9ge a #Ride2Unite podcast leg\u00fajabb epiz\u00f3dj\u00e1ban.\" \/>\n<meta property=\"og:url\" content=\"https:\/\/www.welovecycling.com\/hu\/ride2unite\/ride2unite-podcast-primoz-roglic-al-meg-kellett-tanulnom-szenvedni\/\" \/>\n<meta property=\"og:site_name\" content=\"\u0160koda We Love Cycling - Magyarorsz\u00e1g\" \/>\n<meta property=\"article:publisher\" content=\"https:\/\/www.facebook.com\/WeLoveCyclingHungary\/\" \/>\n<meta property=\"article:published_time\" content=\"2021-07-14T06:00:42+00:00\" \/>\n<meta property=\"og:image\" content=\"https:\/\/d2p6e6u75xmxt8.cloudfront.net\/12\/2021\/07\/WLC_R2U_ArticleCover_Roglic.jpg\" \/>\n\t<meta property=\"og:image:width\" content=\"1366\" \/>\n\t<meta property=\"og:image:height\" content=\"600\" \/>\n\t<meta property=\"og:image:type\" content=\"image\/jpeg\" \/>\n<meta name=\"author\" content=\"hegyizs\" \/>\n<meta name=\"twitter:card\" content=\"summary_large_image\" \/>\n<meta name=\"twitter:label1\" content=\"Written by\" \/>\n\t<meta name=\"twitter:data1\" content=\"Frantiska Blazkova\" \/>\n\t<meta name=\"twitter:label2\" content=\"Est. reading time\" \/>\n\t<meta name=\"twitter:data2\" content=\"4\" \/>\n<script type=\"application\/ld+json\" class=\"yoast-schema-graph\">{\"@context\":\"https:\/\/schema.org\",\"@graph\":[{\"@type\":\"WebPage\",\"@id\":\"https:\/\/www.welovecycling.com\/hu\/ride2unite\/ride2unite-podcast-primoz-roglic-al-meg-kellett-tanulnom-szenvedni\/\",\"url\":\"https:\/\/www.welovecycling.com\/hu\/ride2unite\/ride2unite-podcast-primoz-roglic-al-meg-kellett-tanulnom-szenvedni\/\",\"name\":\"#Ride2Unite podcast Primo\u017e Rogli\u010d-al: \u201eMeg kellett tanulnom szenvedni\u201d\",\"isPartOf\":{\"@id\":\"https:\/\/www.welovecycling.com\/hu\/#website\"},\"primaryImageOfPage\":{\"@id\":\"https:\/\/www.welovecycling.com\/hu\/ride2unite\/ride2unite-podcast-primoz-roglic-al-meg-kellett-tanulnom-szenvedni\/#primaryimage\"},\"image\":{\"@id\":\"https:\/\/www.welovecycling.com\/hu\/ride2unite\/ride2unite-podcast-primoz-roglic-al-meg-kellett-tanulnom-szenvedni\/#primaryimage\"},\"thumbnailUrl\":\"https:\/\/d2p6e6u75xmxt8.cloudfront.net\/12\/2021\/07\/WLC_R2U_ArticleCover_Roglic.jpg\",\"datePublished\":\"2021-07-14T06:00:42+00:00\",\"author\":{\"@id\":\"https:\/\/www.welovecycling.com\/hu\/#\/schema\/person\/414a2aebf1801691a5320edb6468e194\"},\"description\":\"Szinte lehetetlen nem tal\u00e1lkozni a nev\u00e9vel a profi orsz\u00e1g\u00fati ker\u00e9kp\u00e1roz\u00e1s vil\u00e1g\u00e1ban. Az ut\u00f3bbi hat \u00e9vben val\u00f3sz\u00edn\u0171tlen (\u00e9s a ker\u00e9kp\u00e1ros m\u00e9rc\u00e9vel m\u00e9rve k\u00e9sei) h\u00edrneve tov\u00e1bbra is elb\u0171v\u00f6li a vil\u00e1got. A 31 \u00e9ves Primo\u017e Rogli\u010d, a Team Jumbo \u2013 Visma \u00e9s a UCI WorldTeam szlov\u00e9n versenyz\u0151je volt Anna Glowinski vend\u00e9ge a #Ride2Unite podcast leg\u00fajabb epiz\u00f3dj\u00e1ban.\",\"breadcrumb\":{\"@id\":\"https:\/\/www.welovecycling.com\/hu\/ride2unite\/ride2unite-podcast-primoz-roglic-al-meg-kellett-tanulnom-szenvedni\/#breadcrumb\"},\"inLanguage\":\"hu\",\"potentialAction\":[{\"@type\":\"ReadAction\",\"target\":[\"https:\/\/www.welovecycling.com\/hu\/ride2unite\/ride2unite-podcast-primoz-roglic-al-meg-kellett-tanulnom-szenvedni\/\"]}]},{\"@type\":\"ImageObject\",\"inLanguage\":\"hu\",\"@id\":\"https:\/\/www.welovecycling.com\/hu\/ride2unite\/ride2unite-podcast-primoz-roglic-al-meg-kellett-tanulnom-szenvedni\/#primaryimage\",\"url\":\"https:\/\/d2p6e6u75xmxt8.cloudfront.net\/12\/2021\/07\/WLC_R2U_ArticleCover_Roglic.jpg\",\"contentUrl\":\"https:\/\/d2p6e6u75xmxt8.cloudfront.net\/12\/2021\/07\/WLC_R2U_ArticleCover_Roglic.jpg\",\"width\":1366,\"height\":600,\"caption\":\"Primo\u017e Rogli\u010d\"},{\"@type\":\"BreadcrumbList\",\"@id\":\"https:\/\/www.welovecycling.com\/hu\/ride2unite\/ride2unite-podcast-primoz-roglic-al-meg-kellett-tanulnom-szenvedni\/#breadcrumb\",\"itemListElement\":[{\"@type\":\"ListItem\",\"position\":1,\"name\":\"Home\",\"item\":\"https:\/\/www.welovecycling.com\/hu\/\"},{\"@type\":\"ListItem\",\"position\":2,\"name\":\"#Ride2Unite podcast Primo\u017e Rogli\u010d-al: \u201eMeg kellett tanulnom szenvedni\u201d\"}]},{\"@type\":\"WebSite\",\"@id\":\"https:\/\/www.welovecycling.com\/hu\/#website\",\"url\":\"https:\/\/www.welovecycling.com\/hu\/\",\"name\":\"\u0160koda We Love Cycling - Magyarorsz\u00e1g\",\"description\":\"\u0160koda WeLoveCycling\",\"potentialAction\":[{\"@type\":\"SearchAction\",\"target\":{\"@type\":\"EntryPoint\",\"urlTemplate\":\"https:\/\/www.welovecycling.com\/hu\/?s={search_term_string}\"},\"query-input\":{\"@type\":\"PropertyValueSpecification\",\"valueRequired\":true,\"valueName\":\"search_term_string\"}}],\"inLanguage\":\"hu\"},{\"@type\":\"Person\",\"@id\":\"https:\/\/www.welovecycling.com\/hu\/#\/schema\/person\/414a2aebf1801691a5320edb6468e194\",\"name\":\"hegyizs\",\"image\":{\"@type\":\"ImageObject\",\"inLanguage\":\"hu\",\"@id\":\"https:\/\/www.welovecycling.com\/hu\/#\/schema\/person\/image\/\",\"url\":\"https:\/\/secure.gravatar.com\/avatar\/02cf8a7906b8cf90cecb4679defac7cfd33a1c2e3b88e4903d947f3bb58eedd3?s=96&d=mm&r=g\",\"contentUrl\":\"https:\/\/secure.gravatar.com\/avatar\/02cf8a7906b8cf90cecb4679defac7cfd33a1c2e3b88e4903d947f3bb58eedd3?s=96&d=mm&r=g\",\"caption\":\"hegyizs\"},\"url\":\"https:\/\/www.welovecycling.com\/hu\/author\/hegyizs\/\"}]}<\/script>\n<!-- \/ Yoast SEO Premium plugin. -->","yoast_head_json":{"title":"#Ride2Unite podcast Primo\u017e Rogli\u010d-al: \u201eMeg kellett tanulnom szenvedni\u201d","description":"Szinte lehetetlen nem tal\u00e1lkozni a nev\u00e9vel a profi orsz\u00e1g\u00fati ker\u00e9kp\u00e1roz\u00e1s vil\u00e1g\u00e1ban. Az ut\u00f3bbi hat \u00e9vben val\u00f3sz\u00edn\u0171tlen (\u00e9s a ker\u00e9kp\u00e1ros m\u00e9rc\u00e9vel m\u00e9rve k\u00e9sei) h\u00edrneve tov\u00e1bbra is elb\u0171v\u00f6li a vil\u00e1got. A 31 \u00e9ves Primo\u017e Rogli\u010d, a Team Jumbo \u2013 Visma \u00e9s a UCI WorldTeam szlov\u00e9n versenyz\u0151je volt Anna Glowinski vend\u00e9ge a #Ride2Unite podcast leg\u00fajabb epiz\u00f3dj\u00e1ban.","robots":{"index":"index","follow":"follow","max-snippet":"max-snippet:-1","max-image-preview":"max-image-preview:large","max-video-preview":"max-video-preview:-1"},"canonical":"https:\/\/www.welovecycling.com\/hu\/ride2unite\/ride2unite-podcast-primoz-roglic-al-meg-kellett-tanulnom-szenvedni\/","og_locale":"hu_HU","og_type":"article","og_title":"#Ride2Unite podcast Primo\u017e Rogli\u010d-al: \u201eMeg kellett tanulnom szenvedni\u201d","og_description":"Szinte lehetetlen nem tal\u00e1lkozni a nev\u00e9vel a profi orsz\u00e1g\u00fati ker\u00e9kp\u00e1roz\u00e1s vil\u00e1g\u00e1ban. Az ut\u00f3bbi hat \u00e9vben val\u00f3sz\u00edn\u0171tlen (\u00e9s a ker\u00e9kp\u00e1ros m\u00e9rc\u00e9vel m\u00e9rve k\u00e9sei) h\u00edrneve tov\u00e1bbra is elb\u0171v\u00f6li a vil\u00e1got. A 31 \u00e9ves Primo\u017e Rogli\u010d, a Team Jumbo \u2013 Visma \u00e9s a UCI WorldTeam szlov\u00e9n versenyz\u0151je volt Anna Glowinski vend\u00e9ge a #Ride2Unite podcast leg\u00fajabb epiz\u00f3dj\u00e1ban.","og_url":"https:\/\/www.welovecycling.com\/hu\/ride2unite\/ride2unite-podcast-primoz-roglic-al-meg-kellett-tanulnom-szenvedni\/","og_site_name":"\u0160koda We Love Cycling - Magyarorsz\u00e1g","article_publisher":"https:\/\/www.facebook.com\/WeLoveCyclingHungary\/","article_published_time":"2021-07-14T06:00:42+00:00","og_image":[{"width":1366,"height":600,"url":"https:\/\/d2p6e6u75xmxt8.cloudfront.net\/12\/2021\/07\/WLC_R2U_ArticleCover_Roglic.jpg","type":"image\/jpeg"}],"author":"hegyizs","twitter_card":"summary_large_image","twitter_misc":{"Written by":"Frantiska Blazkova","Est. reading time":"4"},"schema":{"@context":"https:\/\/schema.org","@graph":[{"@type":"WebPage","@id":"https:\/\/www.welovecycling.com\/hu\/ride2unite\/ride2unite-podcast-primoz-roglic-al-meg-kellett-tanulnom-szenvedni\/","url":"https:\/\/www.welovecycling.com\/hu\/ride2unite\/ride2unite-podcast-primoz-roglic-al-meg-kellett-tanulnom-szenvedni\/","name":"#Ride2Unite podcast Primo\u017e Rogli\u010d-al: \u201eMeg kellett tanulnom szenvedni\u201d","isPartOf":{"@id":"https:\/\/www.welovecycling.com\/hu\/#website"},"primaryImageOfPage":{"@id":"https:\/\/www.welovecycling.com\/hu\/ride2unite\/ride2unite-podcast-primoz-roglic-al-meg-kellett-tanulnom-szenvedni\/#primaryimage"},"image":{"@id":"https:\/\/www.welovecycling.com\/hu\/ride2unite\/ride2unite-podcast-primoz-roglic-al-meg-kellett-tanulnom-szenvedni\/#primaryimage"},"thumbnailUrl":"https:\/\/d2p6e6u75xmxt8.cloudfront.net\/12\/2021\/07\/WLC_R2U_ArticleCover_Roglic.jpg","datePublished":"2021-07-14T06:00:42+00:00","author":{"@id":"https:\/\/www.welovecycling.com\/hu\/#\/schema\/person\/414a2aebf1801691a5320edb6468e194"},"description":"Szinte lehetetlen nem tal\u00e1lkozni a nev\u00e9vel a profi orsz\u00e1g\u00fati ker\u00e9kp\u00e1roz\u00e1s vil\u00e1g\u00e1ban. Az ut\u00f3bbi hat \u00e9vben val\u00f3sz\u00edn\u0171tlen (\u00e9s a ker\u00e9kp\u00e1ros m\u00e9rc\u00e9vel m\u00e9rve k\u00e9sei) h\u00edrneve tov\u00e1bbra is elb\u0171v\u00f6li a vil\u00e1got. A 31 \u00e9ves Primo\u017e Rogli\u010d, a Team Jumbo \u2013 Visma \u00e9s a UCI WorldTeam szlov\u00e9n versenyz\u0151je volt Anna Glowinski vend\u00e9ge a #Ride2Unite podcast leg\u00fajabb epiz\u00f3dj\u00e1ban.","breadcrumb":{"@id":"https:\/\/www.welovecycling.com\/hu\/ride2unite\/ride2unite-podcast-primoz-roglic-al-meg-kellett-tanulnom-szenvedni\/#breadcrumb"},"inLanguage":"hu","potentialAction":[{"@type":"ReadAction","target":["https:\/\/www.welovecycling.com\/hu\/ride2unite\/ride2unite-podcast-primoz-roglic-al-meg-kellett-tanulnom-szenvedni\/"]}]},{"@type":"ImageObject","inLanguage":"hu","@id":"https:\/\/www.welovecycling.com\/hu\/ride2unite\/ride2unite-podcast-primoz-roglic-al-meg-kellett-tanulnom-szenvedni\/#primaryimage","url":"https:\/\/d2p6e6u75xmxt8.cloudfront.net\/12\/2021\/07\/WLC_R2U_ArticleCover_Roglic.jpg","contentUrl":"https:\/\/d2p6e6u75xmxt8.cloudfront.net\/12\/2021\/07\/WLC_R2U_ArticleCover_Roglic.jpg","width":1366,"height":600,"caption":"Primo\u017e Rogli\u010d"},{"@type":"BreadcrumbList","@id":"https:\/\/www.welovecycling.com\/hu\/ride2unite\/ride2unite-podcast-primoz-roglic-al-meg-kellett-tanulnom-szenvedni\/#breadcrumb","itemListElement":[{"@type":"ListItem","position":1,"name":"Home","item":"https:\/\/www.welovecycling.com\/hu\/"},{"@type":"ListItem","position":2,"name":"#Ride2Unite podcast Primo\u017e Rogli\u010d-al: \u201eMeg kellett tanulnom szenvedni\u201d"}]},{"@type":"WebSite","@id":"https:\/\/www.welovecycling.com\/hu\/#website","url":"https:\/\/www.welovecycling.com\/hu\/","name":"\u0160koda We Love Cycling - Magyarorsz\u00e1g","description":"\u0160koda WeLoveCycling","potentialAction":[{"@type":"SearchAction","target":{"@type":"EntryPoint","urlTemplate":"https:\/\/www.welovecycling.com\/hu\/?s={search_term_string}"},"query-input":{"@type":"PropertyValueSpecification","valueRequired":true,"valueName":"search_term_string"}}],"inLanguage":"hu"},{"@type":"Person","@id":"https:\/\/www.welovecycling.com\/hu\/#\/schema\/person\/414a2aebf1801691a5320edb6468e194","name":"hegyizs","image":{"@type":"ImageObject","inLanguage":"hu","@id":"https:\/\/www.welovecycling.com\/hu\/#\/schema\/person\/image\/","url":"https:\/\/secure.gravatar.com\/avatar\/02cf8a7906b8cf90cecb4679defac7cfd33a1c2e3b88e4903d947f3bb58eedd3?s=96&d=mm&r=g","contentUrl":"https:\/\/secure.gravatar.com\/avatar\/02cf8a7906b8cf90cecb4679defac7cfd33a1c2e3b88e4903d947f3bb58eedd3?s=96&d=mm&r=g","caption":"hegyizs"},"url":"https:\/\/www.welovecycling.com\/hu\/author\/hegyizs\/"}]}},"_links":{"self":[{"href":"https:\/\/www.welovecycling.com\/hu\/wp-json\/wp\/v2\/posts\/11948","targetHints":{"allow":["GET"]}}],"collection":[{"href":"https:\/\/www.welovecycling.com\/hu\/wp-json\/wp\/v2\/posts"}],"about":[{"href":"https:\/\/www.welovecycling.com\/hu\/wp-json\/wp\/v2\/types\/post"}],"author":[{"embeddable":true,"href":"https:\/\/www.welovecycling.com\/hu\/wp-json\/wp\/v2\/users\/71"}],"replies":[{"embeddable":true,"href":"https:\/\/www.welovecycling.com\/hu\/wp-json\/wp\/v2\/comments?post=11948"}],"version-history":[{"count":1,"href":"https:\/\/www.welovecycling.com\/hu\/wp-json\/wp\/v2\/posts\/11948\/revisions"}],"predecessor-version":[{"id":11960,"href":"https:\/\/www.welovecycling.com\/hu\/wp-json\/wp\/v2\/posts\/11948\/revisions\/11960"}],"wp:featuredmedia":[{"embeddable":true,"href":"https:\/\/www.welovecycling.com\/hu\/wp-json\/wp\/v2\/media\/11950"}],"wp:attachment":[{"href":"https:\/\/www.welovecycling.com\/hu\/wp-json\/wp\/v2\/media?parent=11948"}],"wp:term":[{"taxonomy":"category","embeddable":true,"href":"https:\/\/www.welovecycling.com\/hu\/wp-json\/wp\/v2\/categories?post=11948"},{"taxonomy":"post_tag","embeddable":true,"href":"https:\/\/www.welovecycling.com\/hu\/wp-json\/wp\/v2\/tags?post=11948"},{"taxonomy":"global-categories","embeddable":true,"href":"https:\/\/www.welovecycling.com\/hu\/wp-json\/wp\/v2\/global-categories?post=11948"}],"curies":[{"name":"wp","href":"https:\/\/api.w.org\/{rel}","templated":true}]}}