{"id":11936,"date":"2021-07-15T08:00:38","date_gmt":"2021-07-15T06:00:38","guid":{"rendered":"https:\/\/www.welovecycling.com\/hu\/?p=11936"},"modified":"2021-07-09T15:17:40","modified_gmt":"2021-07-09T13:17:40","slug":"igy-bukott-el-eddy-merckx-a-tour-de-france-egyik-legnagyobb-bajnoka","status":"publish","type":"post","link":"https:\/\/www.welovecycling.com\/hu\/orszaguti-kerekpar\/igy-bukott-el-eddy-merckx-a-tour-de-france-egyik-legnagyobb-bajnoka\/","title":{"rendered":"\u00cdgy bukott el Eddy Merckx, a Tour de France egyik legnagyobb bajnoka"},"content":{"rendered":"<p><strong>Az 1975-\u00f6s Tour de France-on Eddy, \u201ea Kannib\u00e1l\u201c Merckx legy\u0151zhetetlennek t\u0171nt. Az utols\u00f3 5 Tour-t, amin r\u00e9szt vett, mind megnyerte, \u00e9s nagyon \u00fagy t\u0171nt, hogy a hatodik gy\u0151zelem is szinte m\u00e1r a zseb\u00e9ben van. De az esem\u00e9nyek v\u00e1ratlan fordulata megv\u00e1ltoztatta az egyik legnagyobb biciklis bajnoki p\u00e1ly\u00e1j\u00e1t. <\/strong><!--more--><\/p>\n<p>Merckx 1975-\u00f6s szezonja remek\u00fcl n\u00e9zett ki, tavasszal n\u00e9gy klasszikus versenyt is megnyert. A belga uralma olyan er\u0151s volt, hogy fenyeget\u0151 leveleket kapott a francia rajong\u00f3kt\u00f3l. Az \u00fczenetekben mindig valami ehhez hasonl\u00f3 \u00e1llt:<\/p>\n<p><em>\u201eHa megint nyersz, rossz dolgok fognak t\u00f6rt\u00e9nni veled.\u201c<\/em><\/p>\n<p>Eddy Merckx-t nem volt k\u00f6nny\u0171 megf\u00e9lelm\u00edteni. Ezek a levelek csak motiv\u00e1lt\u00e1k arra, hogy \u00fajabb gy\u0151zelmet szerezzen a Tour-on. Az 1975-\u00f6s Tour-on a 6. szakasz ut\u00e1n 31 m\u00e1sodperccel vezetett a fiatal olasz szt\u00e1r, Francesco Moserrel szemben. Az els\u0151 id\u0151futam ut\u00e1n m\u00e9g j\u00f3l \u00e1llt, de amint be\u00e9rtek a Pireneusokba, riv\u00e1lisa m\u00e1r k\u00e9sz\u00fclt a csap\u00e1sra.<\/p>\n<figure id=\"attachment_11939\" aria-describedby=\"caption-attachment-11939\" style=\"width: 1000px\" class=\"wp-caption alignnone\"><a href=\"https:\/\/d2p6e6u75xmxt8.cloudfront.net\/12\/2021\/07\/Eddy-Merckx-profimedia-0068243243.jpg\"><img loading=\"lazy\" decoding=\"async\" class=\"size-full wp-image-11939\" src=\"https:\/\/d2p6e6u75xmxt8.cloudfront.net\/12\/2021\/07\/Eddy-Merckx-profimedia-0068243243.jpg\" alt=\"Eddy Merckx\" width=\"1000\" height=\"650\" srcset=\"https:\/\/d2p6e6u75xmxt8.cloudfront.net\/12\/2021\/07\/Eddy-Merckx-profimedia-0068243243.jpg 1000w, https:\/\/d2p6e6u75xmxt8.cloudfront.net\/12\/2021\/07\/Eddy-Merckx-profimedia-0068243243-300x195.jpg 300w, https:\/\/d2p6e6u75xmxt8.cloudfront.net\/12\/2021\/07\/Eddy-Merckx-profimedia-0068243243-768x499.jpg 768w\" sizes=\"auto, (max-width: 1000px) 100vw, 1000px\" \/><\/a><figcaption id=\"caption-attachment-11939\" class=\"wp-caption-text\"><em>Merckx az 1975-\u00f6s Touron. \u00a9 Profimedia<\/em><\/figcaption><\/figure>\n<p>Bernard Th\u00e9venetnek ez volt a 6. Tour-ja, \u00e9s miut\u00e1n k\u00e9t \u00e9vvel kor\u00e1bban a m\u00e1sodik helyen v\u00e9gzett, elhat\u00e1rozta, hogy gy\u0151zelemre viszi Franciaorsz\u00e1got. Egy h\u00f3nappal a Tour el\u0151tt megnyerte a Crit\u00e9rium du Dauphin\u00e9-t, ami m\u00e9g t\u00f6bb \u00f6nbizalmat adott neki ahhoz, hogy elhiggye, megvan minden k\u00e9pess\u00e9ge ahhoz, hogy legy\u0151zze a Kannib\u00e1lt.<\/p>\n<p>Th\u00e9venetnek a Tour egy m\u00e1sik tapasztalt versenyz\u0151j\u00e9vel, Joop Zoetemelkkel egy\u00fctt a Pireneusokn\u00e1l, a Tour de France legnehezebb szakasz\u00e1n\u00e1l, a \u201eHal\u00e1l K\u00f6r\u00e9n\u00e9l\u201c lett es\u00e9lye lehagyni Merckx-t. Merckx ekkor t\u0171nt el\u0151sz\u00f6r sebezhet\u0151nek, de n\u00e9gy nappal k\u00e9s\u0151bb, a Puy de D\u00f4me fel\u00e9 vezet\u0151 emelked\u0151 elej\u00e9n m\u00e9g 1 perc 31 m\u00e1sodperccel vezetett.<\/p>\n<p>K\u00f6r\u00fclbel\u00fcl 4 km-re a 12 km-es Puy de D\u00f4me emelked\u0151n m\u00e1r Th\u00e9venet volt az \u00e9len, akit egy kiv\u00e1l\u00f3 versenyz\u0151, Lucien Van Impe k\u00f6vetett. Merckx \u00fcld\u00f6zte, majd lassan be\u00e9rte \u0151ket. Egyed\u00fcl volt az utat szeg\u00e9lyez\u0151 rajong\u00f3kkal. Es akkor\u2026megt\u00f6rt\u00e9nt. Az egyik n\u00e9z\u0151 bele\u00fct\u00f6tt Merckx oldal\u00e1ba, oda, ahol a jobb vese tal\u00e1lhat\u00f3.<\/p>\n<div class=\"embed-controller-wrapper\">\n<div class=\"embed-wrapper\"><iframe title=\"1975 Tour de France Puy de Dome Eddy Merckx punched\" width=\"500\" height=\"375\" data-src=\"https:\/\/www.youtube.com\/embed\/Mmn9u_Qb8xo?feature=oembed\" frameborder=\"0\" allow=\"accelerometer; autoplay; clipboard-write; encrypted-media; gyroscope; picture-in-picture; web-share\" referrerpolicy=\"strict-origin-when-cross-origin\" allowfullscreen><\/iframe><\/div>\n<\/div>\n<p>Merckx f\u00e1jdalmasan szorongatta a has\u00e1t, de tov\u00e1bb biciklizett. Th\u00e9venet ut\u00e1n 34 m\u00e1sodperccel siker\u00fclt is teljes\u00edteni a szakaszt, a c\u00e9lvonal ut\u00e1n viszont azonnal h\u00e1nyt.<\/p>\n<p>A t\u00e1mad\u00f3t v\u00e9g\u00fcl megtal\u00e1lt\u00e1k, Nello Bretonnak h\u00edvt\u00e1k. Azt \u00e1ll\u00edtotta, baleset volt, kitolt\u00e1k az \u00fatra \u00e9s r\u00e1esett a biciklisre. Merckx k\u00e9s\u0151bb beperelte Bretont. A b\u00edr\u00f3s\u00e1g b\u0171n\u00f6snek tal\u00e1lta, de csak szimbolikus, 1 frankos b\u00edrs\u00e1got kellett fizetnie.<\/p>\n<p>A dr\u00e1mai 14. szakasz v\u00e9g\u00e9n Merckxnek 58 m\u00e1sodperces el\u0151nye volt. Sajnos az orvosok meg\u00e1llap\u00edtott\u00e1k, hogy enyhe vesegyullad\u00e1sa van, f\u00e1jdalomcsillap\u00edt\u00f3val \u00e9s v\u00e9rhig\u00edt\u00f3val is kezelni kellett. A Tour h\u00e1tral\u00e9v\u0151 r\u00e9sz\u00e9re \u00edgy m\u00e1r nem voltak j\u00f3 es\u00e9lyei.<\/p>\n<p>A pihen\u0151nap ut\u00e1n Merckx-nek szembe kellett n\u00e9znie Th\u00e9venettel a 15.szakaszban, ami 5 brut\u00e1lis alpesi hegym\u00e1sz\u00e1st tartalmazott. A k\u00fczdelem folyamatos volt, pr\u00f3b\u00e1lt\u00e1k megtal\u00e1lni egym\u00e1s gyenges\u00e9geit. A Pra-Loupe fel\u00e9 vezet\u0151 utols\u00f3 emelked\u0151 elej\u00e9n Merckx egy eg\u00e9sz perccel vezetett. Minden ide\u00e1lisnak t\u0171nt egy \u00fajabb gy\u0151zelemhez.<\/p>\n<figure id=\"attachment_11940\" aria-describedby=\"caption-attachment-11940\" style=\"width: 1000px\" class=\"wp-caption alignnone\"><a href=\"https:\/\/d2p6e6u75xmxt8.cloudfront.net\/12\/2021\/07\/Eddy-Merckx-1975-profimedia-0288070914.jpg\"><img loading=\"lazy\" decoding=\"async\" class=\"wp-image-11940 size-full\" src=\"https:\/\/d2p6e6u75xmxt8.cloudfront.net\/12\/2021\/07\/Eddy-Merckx-1975-profimedia-0288070914.jpg\" alt=\"Eddy Merckx\" width=\"1000\" height=\"667\" srcset=\"https:\/\/d2p6e6u75xmxt8.cloudfront.net\/12\/2021\/07\/Eddy-Merckx-1975-profimedia-0288070914.jpg 1000w, https:\/\/d2p6e6u75xmxt8.cloudfront.net\/12\/2021\/07\/Eddy-Merckx-1975-profimedia-0288070914-300x200.jpg 300w, https:\/\/d2p6e6u75xmxt8.cloudfront.net\/12\/2021\/07\/Eddy-Merckx-1975-profimedia-0288070914-768x512.jpg 768w, https:\/\/d2p6e6u75xmxt8.cloudfront.net\/12\/2021\/07\/Eddy-Merckx-1975-profimedia-0288070914-272x182.jpg 272w\" sizes=\"auto, (max-width: 1000px) 100vw, 1000px\" \/><\/a><figcaption id=\"caption-attachment-11940\" class=\"wp-caption-text\"><em>A kritikus 15. szakasz kezdet\u00e9n. \u00a9 Profimedia<\/em><\/figcaption><\/figure>\n<p>Amikor m\u00e1r csak k\u00f6r\u00fclbel\u00fcl 4 km maradt h\u00e1tra a cs\u00facsig, Merckx megt\u00f6rt. K\u00e9s\u0151bb \u00fagy jellemezte ezt az \u00e9rz\u00e9st, mintha j\u00f3zan \u00e1llapotb\u00f3l m\u00e1sodpercek alatt v\u00e1lt volna r\u00e9szegg\u00e9. Csakhogy ezt nem az alkohol okozta, hanem a pihen\u0151nap alatti orvosi kezel\u00e9s. F\u00e1jdalmas arccal, \u00fcres tekintettel \u00e9s g\u00f6rnyedt testtart\u00e1ssal pr\u00f3b\u00e1lt tekerni.<\/p>\n<p>Az olasz Gimondi volt az els\u0151, aki utol\u00e9rte, \u0151t Th\u00e9venet k\u00f6vette. A l\u00e1tottakt\u00f3l felbuzdulva Th\u00e9venet r\u00e1kapcsolt \u00e9s 23 m\u00e1sodperccel Gimondi el\u0151bb \u00e9rt c\u00e9lba, Merckx-szel szemben pedig majdnem 2 eg\u00e9sz perc el\u0151nye volt. Az egyik legeml\u00e9kezetesebb Tour de France szakaszon Bernard Th\u00e9venetnek v\u00e9gre siker\u00fclt elvennie a s\u00e1rga mezt a Kannib\u00e1lt\u00f3l.<\/p>\n<div class=\"embed-controller-wrapper\">\n<div class=\"embed-wrapper\"><iframe title=\"Tour 1975 - L&#039; \u00e9tape l\u00e9gendaire Nice - Pra Loup racont\u00e9e par De Muer, Bernard Th\u00e9venet &amp; Eddy Merckx\" width=\"500\" height=\"375\" data-src=\"https:\/\/www.youtube.com\/embed\/zktpzh9hLbs?feature=oembed\" frameborder=\"0\" allow=\"accelerometer; autoplay; clipboard-write; encrypted-media; gyroscope; picture-in-picture; web-share\" referrerpolicy=\"strict-origin-when-cross-origin\" allowfullscreen><\/iframe><\/div>\n<\/div>\n<p>A gy\u0151zelem pedig sz\u00e1rnyakat adott neki. A k\u00f6vetkez\u0151 szakaszban elk\u00e9peszt\u0151 3 perc 20 m\u00e1sodperccel n\u00f6velte az el\u0151ny\u00e9t. A francia rajong\u00f3k m\u00e1r \u00fcnnepelt\u00e9k Eddy Merckx buk\u00e1s\u00e1t. M\u00e9g maga Merckx is megjegyezte, hogy Th\u00e9venet aznap biztos\u00edtotta maga sz\u00e1m\u00e1ra a gy\u0151zelmet. Bl\u00f6ff\u00f6lt? M\u00e9g h\u00e1tra volt egy hegyi szakasz az Alpokban. M\u00e9g mindig volt es\u00e9ly a visszat\u00e9r\u00e9sre.<\/p>\n<p>Merckx a rajtvonalr\u00f3l t\u00e1madt, de a szerencse nem tartott vele aznap. Elesett. V\u00e9rzett, a t\u00e9rd\u00e9t \u00e9s a cs\u00edp\u0151j\u00e9t be\u00fct\u00f6tte, az arccsontja \u00e9s az \u00e1llkapcsa elt\u00f6rt, amit csak k\u00e9s\u0151bb fedeztek fel. Ennek ellen\u00e9re vissza\u00fclt a ker\u00e9kp\u00e1rra \u00e9s tov\u00e1bb k\u00fczd\u00f6tt. Elutas\u00edtotta az orvosi ell\u00e1t\u00e1st. 2 m\u00e1sodperccel Th\u00e9venet ut\u00e1n \u00e9rt a c\u00e9lba.<\/p>\n<p>Az orvosok Merckx s\u00e9r\u00fcl\u00e9seinek s\u00falyoss\u00e1ga l\u00e1tt\u00e1n azt javasolt\u00e1k, sz\u00e1lljon ki. Csak foly\u00e9kony \u00e9telt tudott fogyasztani, mivel a t\u00f6r\u00f6tt \u00e1llkapcs\u00e1val nem tudott r\u00e1gni. A figyelmeztet\u00e9sek ellen\u00e9re Merckx \u00fagy d\u00f6nt\u00f6tt, folytatja. K\u00e9s\u0151bb azonban megb\u00e1nta, hogy \u00edgy d\u00f6nt\u00f6tt: att\u00f3l f\u00e9lt, hogy s\u00e9r\u00fcl\u00e9sei karrierje v\u00e9g\u00e9t jelenthetik.<\/p>\n<figure id=\"attachment_11941\" aria-describedby=\"caption-attachment-11941\" style=\"width: 1000px\" class=\"wp-caption alignnone\"><a href=\"https:\/\/d2p6e6u75xmxt8.cloudfront.net\/12\/2021\/07\/1975-Tour-de-France-profimedia-0020467298.jpg\"><img loading=\"lazy\" decoding=\"async\" class=\"wp-image-11941 size-full\" src=\"https:\/\/d2p6e6u75xmxt8.cloudfront.net\/12\/2021\/07\/1975-Tour-de-France-profimedia-0020467298.jpg\" alt=\"1975 Tour de France\" width=\"1000\" height=\"700\" srcset=\"https:\/\/d2p6e6u75xmxt8.cloudfront.net\/12\/2021\/07\/1975-Tour-de-France-profimedia-0020467298.jpg 1000w, https:\/\/d2p6e6u75xmxt8.cloudfront.net\/12\/2021\/07\/1975-Tour-de-France-profimedia-0020467298-300x210.jpg 300w, https:\/\/d2p6e6u75xmxt8.cloudfront.net\/12\/2021\/07\/1975-Tour-de-France-profimedia-0020467298-768x538.jpg 768w\" sizes=\"auto, (max-width: 1000px) 100vw, 1000px\" \/><\/a><figcaption id=\"caption-attachment-11941\" class=\"wp-caption-text\"><em>Balr\u00f3l: Felice Gimondi Olaszorsz\u00e1gb\u00f3l, a francia Bernard Thevenet viseli a s\u00e1rga mezt, Lucien Van Impe Belgiumb\u00f3l a piros-feh\u00e9r mezt viseli, mint legjobb m\u00e1sz\u00f3, Joop Zoetelmelk D\u00e1ni\u00e1b\u00f3l \u00e9s Eddy Merckx. \u00a9 Profimedia<\/em><\/figcaption><\/figure>\n<p>Merckx szerint a Tour h\u00e1tral\u00e9v\u0151 r\u00e9sz\u00e9ben le\u00edrhatatlan volt a szenved\u00e9se. Nagy \u00e9s \u00e1lland\u00f3 f\u00e1jdalmai voltak. Csak az\u00e9rt folytatta, mert a Tour \u00e9s a csapatt\u00e1rsai fontosak voltak a sz\u00e1m\u00e1ra. Koll\u00e9g\u00e1i b\u00f3nuszai Merckx \u00e1ltal\u00e1nos besorol\u00e1si hely\u00e9t\u0151l f\u00fcggtek. Tudta, hogy m\u00e9g lehet m\u00e1sodik, de a teste nagy \u00e1rat fizetett \u00e9rte.<\/p>\n<p>A Tour de France abban az \u00e9vben el\u0151sz\u00f6r Champs-\u00c9lys\u00e9es-ben \u00e9rt c\u00e9lba. Ez egy hagyom\u00e1ny kezdet\u00e9t \u00e9s egyben a Merckx-korszak v\u00e9g\u00e9t is jelentette. Bernard Th\u00e9venet 2 perc 47 m\u00e1sodperces k\u00fcl\u00f6nbs\u00e9ggel gy\u0151z\u00f6tt, Val\u00e9ry Giscard d\u2019Estaing francia eln\u00f6k pedig nem gy\u0151z\u00f6tt gratul\u00e1lni neki a dobog\u00f3n.<\/p>\n<p><em>\u201eMindent megpr\u00f3b\u00e1ltam, de ez sem volt el\u00e9g. Mindig a leger\u0151sebb nyer, ez\u00fattal Th\u00e9venet volt az\u201c<\/em> \u2013 nyilatkozta k\u00e9s\u0151bb Merckx.<\/p>\n<p><em>\u201eMondd meg, ki lett ut\u00e1nad a m\u00e1sodik \u00e9s megmondom, mennyit \u00e9r a gy\u0151zelmed\u201c<\/em> \u2013 mondta Th\u00e9venet, kimutatva riv\u00e1lisa ir\u00e1nti tisztelet\u00e9t.<\/p>\n","protected":false},"excerpt":{"rendered":"<p>Az 1975-\u00f6s Tour de France-on Eddy, \u201ea Kannib\u00e1l\u201c Merckx legy\u0151zhetetlennek t\u0171nt. Az utols\u00f3 5 Tour-t, amin r\u00e9szt vett, mind megnyerte, [&hellip;]<\/p>\n","protected":false},"author":71,"featured_media":11943,"comment_status":"closed","ping_status":"closed","sticky":false,"template":"","format":"standard","meta":{"footnotes":""},"categories":[8],"tags":[],"global-categories":[],"class_list":["post-11936","post","type-post","status-publish","format-standard","has-post-thumbnail","hentry","category-orszaguti-kerekpar"],"yoast_head":"<!-- This site is optimized with the Yoast SEO Premium plugin v25.3 (Yoast SEO v25.9) - https:\/\/yoast.com\/wordpress\/plugins\/seo\/ -->\n<title>\u00cdgy bukott el Eddy Merckx, a Tour de France egyik legnagyobb bajnoka<\/title>\n<meta name=\"description\" content=\"Az 1975-\u00f6s Tour de France-on Eddy, \u201ea Kannib\u00e1l\u201c Merckx legy\u0151zhetetlennek t\u0171nt. Az utols\u00f3 5 Tour-t, amin r\u00e9szt vett, mind megnyerte, \u00e9s nagyon \u00fagy t\u0171nt, hogy a hatodik gy\u0151zelem is szinte m\u00e1r a zseb\u00e9ben van.\" \/>\n<meta name=\"robots\" content=\"index, follow, max-snippet:-1, max-image-preview:large, max-video-preview:-1\" \/>\n<link rel=\"canonical\" href=\"https:\/\/www.welovecycling.com\/hu\/orszaguti-kerekpar\/igy-bukott-el-eddy-merckx-a-tour-de-france-egyik-legnagyobb-bajnoka\/\" \/>\n<meta property=\"og:locale\" content=\"hu_HU\" \/>\n<meta property=\"og:type\" content=\"article\" \/>\n<meta property=\"og:title\" content=\"\u00cdgy bukott el Eddy Merckx, a Tour de France egyik legnagyobb bajnoka\" \/>\n<meta property=\"og:description\" content=\"Az 1975-\u00f6s Tour de France-on Eddy, \u201ea Kannib\u00e1l\u201c Merckx legy\u0151zhetetlennek t\u0171nt. Az utols\u00f3 5 Tour-t, amin r\u00e9szt vett, mind megnyerte, \u00e9s nagyon \u00fagy t\u0171nt, hogy a hatodik gy\u0151zelem is szinte m\u00e1r a zseb\u00e9ben van.\" \/>\n<meta property=\"og:url\" content=\"https:\/\/www.welovecycling.com\/hu\/orszaguti-kerekpar\/igy-bukott-el-eddy-merckx-a-tour-de-france-egyik-legnagyobb-bajnoka\/\" \/>\n<meta property=\"og:site_name\" content=\"\u0160koda We Love Cycling - Magyarorsz\u00e1g\" \/>\n<meta property=\"article:publisher\" content=\"https:\/\/www.facebook.com\/WeLoveCyclingHungary\/\" \/>\n<meta property=\"article:published_time\" content=\"2021-07-15T06:00:38+00:00\" \/>\n<meta property=\"og:image\" content=\"https:\/\/d2p6e6u75xmxt8.cloudfront.net\/12\/2021\/07\/Eddy-Merckx-profimedia-0068243222-CVR.jpg\" \/>\n\t<meta property=\"og:image:width\" content=\"1366\" \/>\n\t<meta property=\"og:image:height\" content=\"596\" \/>\n\t<meta property=\"og:image:type\" content=\"image\/jpeg\" \/>\n<meta name=\"author\" content=\"hegyizs\" \/>\n<meta name=\"twitter:card\" content=\"summary_large_image\" \/>\n<meta name=\"twitter:label1\" content=\"Written by\" \/>\n\t<meta name=\"twitter:data1\" content=\"Jiri Kaloc\" \/>\n\t<meta name=\"twitter:label2\" content=\"Est. reading time\" \/>\n\t<meta name=\"twitter:data2\" content=\"6\" \/>\n<script type=\"application\/ld+json\" class=\"yoast-schema-graph\">{\"@context\":\"https:\/\/schema.org\",\"@graph\":[{\"@type\":\"WebPage\",\"@id\":\"https:\/\/www.welovecycling.com\/hu\/orszaguti-kerekpar\/igy-bukott-el-eddy-merckx-a-tour-de-france-egyik-legnagyobb-bajnoka\/\",\"url\":\"https:\/\/www.welovecycling.com\/hu\/orszaguti-kerekpar\/igy-bukott-el-eddy-merckx-a-tour-de-france-egyik-legnagyobb-bajnoka\/\",\"name\":\"\u00cdgy bukott el Eddy Merckx, a Tour de France egyik legnagyobb bajnoka\",\"isPartOf\":{\"@id\":\"https:\/\/www.welovecycling.com\/hu\/#website\"},\"primaryImageOfPage\":{\"@id\":\"https:\/\/www.welovecycling.com\/hu\/orszaguti-kerekpar\/igy-bukott-el-eddy-merckx-a-tour-de-france-egyik-legnagyobb-bajnoka\/#primaryimage\"},\"image\":{\"@id\":\"https:\/\/www.welovecycling.com\/hu\/orszaguti-kerekpar\/igy-bukott-el-eddy-merckx-a-tour-de-france-egyik-legnagyobb-bajnoka\/#primaryimage\"},\"thumbnailUrl\":\"https:\/\/d2p6e6u75xmxt8.cloudfront.net\/12\/2021\/07\/Eddy-Merckx-profimedia-0068243222-CVR.jpg\",\"datePublished\":\"2021-07-15T06:00:38+00:00\",\"author\":{\"@id\":\"https:\/\/www.welovecycling.com\/hu\/#\/schema\/person\/414a2aebf1801691a5320edb6468e194\"},\"description\":\"Az 1975-\u00f6s Tour de France-on Eddy, \u201ea Kannib\u00e1l\u201c Merckx legy\u0151zhetetlennek t\u0171nt. Az utols\u00f3 5 Tour-t, amin r\u00e9szt vett, mind megnyerte, \u00e9s nagyon \u00fagy t\u0171nt, hogy a hatodik gy\u0151zelem is szinte m\u00e1r a zseb\u00e9ben van.\",\"breadcrumb\":{\"@id\":\"https:\/\/www.welovecycling.com\/hu\/orszaguti-kerekpar\/igy-bukott-el-eddy-merckx-a-tour-de-france-egyik-legnagyobb-bajnoka\/#breadcrumb\"},\"inLanguage\":\"hu\",\"potentialAction\":[{\"@type\":\"ReadAction\",\"target\":[\"https:\/\/www.welovecycling.com\/hu\/orszaguti-kerekpar\/igy-bukott-el-eddy-merckx-a-tour-de-france-egyik-legnagyobb-bajnoka\/\"]}]},{\"@type\":\"ImageObject\",\"inLanguage\":\"hu\",\"@id\":\"https:\/\/www.welovecycling.com\/hu\/orszaguti-kerekpar\/igy-bukott-el-eddy-merckx-a-tour-de-france-egyik-legnagyobb-bajnoka\/#primaryimage\",\"url\":\"https:\/\/d2p6e6u75xmxt8.cloudfront.net\/12\/2021\/07\/Eddy-Merckx-profimedia-0068243222-CVR.jpg\",\"contentUrl\":\"https:\/\/d2p6e6u75xmxt8.cloudfront.net\/12\/2021\/07\/Eddy-Merckx-profimedia-0068243222-CVR.jpg\",\"width\":1366,\"height\":596,\"caption\":\"Eddy Merckx at the 1975 Tour\"},{\"@type\":\"BreadcrumbList\",\"@id\":\"https:\/\/www.welovecycling.com\/hu\/orszaguti-kerekpar\/igy-bukott-el-eddy-merckx-a-tour-de-france-egyik-legnagyobb-bajnoka\/#breadcrumb\",\"itemListElement\":[{\"@type\":\"ListItem\",\"position\":1,\"name\":\"Home\",\"item\":\"https:\/\/www.welovecycling.com\/hu\/\"},{\"@type\":\"ListItem\",\"position\":2,\"name\":\"\u00cdgy bukott el Eddy Merckx, a Tour de France egyik legnagyobb bajnoka\"}]},{\"@type\":\"WebSite\",\"@id\":\"https:\/\/www.welovecycling.com\/hu\/#website\",\"url\":\"https:\/\/www.welovecycling.com\/hu\/\",\"name\":\"\u0160koda We Love Cycling - Magyarorsz\u00e1g\",\"description\":\"\u0160koda WeLoveCycling\",\"potentialAction\":[{\"@type\":\"SearchAction\",\"target\":{\"@type\":\"EntryPoint\",\"urlTemplate\":\"https:\/\/www.welovecycling.com\/hu\/?s={search_term_string}\"},\"query-input\":{\"@type\":\"PropertyValueSpecification\",\"valueRequired\":true,\"valueName\":\"search_term_string\"}}],\"inLanguage\":\"hu\"},{\"@type\":\"Person\",\"@id\":\"https:\/\/www.welovecycling.com\/hu\/#\/schema\/person\/414a2aebf1801691a5320edb6468e194\",\"name\":\"hegyizs\",\"image\":{\"@type\":\"ImageObject\",\"inLanguage\":\"hu\",\"@id\":\"https:\/\/www.welovecycling.com\/hu\/#\/schema\/person\/image\/\",\"url\":\"https:\/\/secure.gravatar.com\/avatar\/02cf8a7906b8cf90cecb4679defac7cfd33a1c2e3b88e4903d947f3bb58eedd3?s=96&d=mm&r=g\",\"contentUrl\":\"https:\/\/secure.gravatar.com\/avatar\/02cf8a7906b8cf90cecb4679defac7cfd33a1c2e3b88e4903d947f3bb58eedd3?s=96&d=mm&r=g\",\"caption\":\"hegyizs\"},\"url\":\"https:\/\/www.welovecycling.com\/hu\/author\/hegyizs\/\"}]}<\/script>\n<!-- \/ Yoast SEO Premium plugin. -->","yoast_head_json":{"title":"\u00cdgy bukott el Eddy Merckx, a Tour de France egyik legnagyobb bajnoka","description":"Az 1975-\u00f6s Tour de France-on Eddy, \u201ea Kannib\u00e1l\u201c Merckx legy\u0151zhetetlennek t\u0171nt. Az utols\u00f3 5 Tour-t, amin r\u00e9szt vett, mind megnyerte, \u00e9s nagyon \u00fagy t\u0171nt, hogy a hatodik gy\u0151zelem is szinte m\u00e1r a zseb\u00e9ben van.","robots":{"index":"index","follow":"follow","max-snippet":"max-snippet:-1","max-image-preview":"max-image-preview:large","max-video-preview":"max-video-preview:-1"},"canonical":"https:\/\/www.welovecycling.com\/hu\/orszaguti-kerekpar\/igy-bukott-el-eddy-merckx-a-tour-de-france-egyik-legnagyobb-bajnoka\/","og_locale":"hu_HU","og_type":"article","og_title":"\u00cdgy bukott el Eddy Merckx, a Tour de France egyik legnagyobb bajnoka","og_description":"Az 1975-\u00f6s Tour de France-on Eddy, \u201ea Kannib\u00e1l\u201c Merckx legy\u0151zhetetlennek t\u0171nt. Az utols\u00f3 5 Tour-t, amin r\u00e9szt vett, mind megnyerte, \u00e9s nagyon \u00fagy t\u0171nt, hogy a hatodik gy\u0151zelem is szinte m\u00e1r a zseb\u00e9ben van.","og_url":"https:\/\/www.welovecycling.com\/hu\/orszaguti-kerekpar\/igy-bukott-el-eddy-merckx-a-tour-de-france-egyik-legnagyobb-bajnoka\/","og_site_name":"\u0160koda We Love Cycling - Magyarorsz\u00e1g","article_publisher":"https:\/\/www.facebook.com\/WeLoveCyclingHungary\/","article_published_time":"2021-07-15T06:00:38+00:00","og_image":[{"width":1366,"height":596,"url":"https:\/\/d2p6e6u75xmxt8.cloudfront.net\/12\/2021\/07\/Eddy-Merckx-profimedia-0068243222-CVR.jpg","type":"image\/jpeg"}],"author":"hegyizs","twitter_card":"summary_large_image","twitter_misc":{"Written by":"Jiri Kaloc","Est. reading time":"6"},"schema":{"@context":"https:\/\/schema.org","@graph":[{"@type":"WebPage","@id":"https:\/\/www.welovecycling.com\/hu\/orszaguti-kerekpar\/igy-bukott-el-eddy-merckx-a-tour-de-france-egyik-legnagyobb-bajnoka\/","url":"https:\/\/www.welovecycling.com\/hu\/orszaguti-kerekpar\/igy-bukott-el-eddy-merckx-a-tour-de-france-egyik-legnagyobb-bajnoka\/","name":"\u00cdgy bukott el Eddy Merckx, a Tour de France egyik legnagyobb bajnoka","isPartOf":{"@id":"https:\/\/www.welovecycling.com\/hu\/#website"},"primaryImageOfPage":{"@id":"https:\/\/www.welovecycling.com\/hu\/orszaguti-kerekpar\/igy-bukott-el-eddy-merckx-a-tour-de-france-egyik-legnagyobb-bajnoka\/#primaryimage"},"image":{"@id":"https:\/\/www.welovecycling.com\/hu\/orszaguti-kerekpar\/igy-bukott-el-eddy-merckx-a-tour-de-france-egyik-legnagyobb-bajnoka\/#primaryimage"},"thumbnailUrl":"https:\/\/d2p6e6u75xmxt8.cloudfront.net\/12\/2021\/07\/Eddy-Merckx-profimedia-0068243222-CVR.jpg","datePublished":"2021-07-15T06:00:38+00:00","author":{"@id":"https:\/\/www.welovecycling.com\/hu\/#\/schema\/person\/414a2aebf1801691a5320edb6468e194"},"description":"Az 1975-\u00f6s Tour de France-on Eddy, \u201ea Kannib\u00e1l\u201c Merckx legy\u0151zhetetlennek t\u0171nt. Az utols\u00f3 5 Tour-t, amin r\u00e9szt vett, mind megnyerte, \u00e9s nagyon \u00fagy t\u0171nt, hogy a hatodik gy\u0151zelem is szinte m\u00e1r a zseb\u00e9ben van.","breadcrumb":{"@id":"https:\/\/www.welovecycling.com\/hu\/orszaguti-kerekpar\/igy-bukott-el-eddy-merckx-a-tour-de-france-egyik-legnagyobb-bajnoka\/#breadcrumb"},"inLanguage":"hu","potentialAction":[{"@type":"ReadAction","target":["https:\/\/www.welovecycling.com\/hu\/orszaguti-kerekpar\/igy-bukott-el-eddy-merckx-a-tour-de-france-egyik-legnagyobb-bajnoka\/"]}]},{"@type":"ImageObject","inLanguage":"hu","@id":"https:\/\/www.welovecycling.com\/hu\/orszaguti-kerekpar\/igy-bukott-el-eddy-merckx-a-tour-de-france-egyik-legnagyobb-bajnoka\/#primaryimage","url":"https:\/\/d2p6e6u75xmxt8.cloudfront.net\/12\/2021\/07\/Eddy-Merckx-profimedia-0068243222-CVR.jpg","contentUrl":"https:\/\/d2p6e6u75xmxt8.cloudfront.net\/12\/2021\/07\/Eddy-Merckx-profimedia-0068243222-CVR.jpg","width":1366,"height":596,"caption":"Eddy Merckx at the 1975 Tour"},{"@type":"BreadcrumbList","@id":"https:\/\/www.welovecycling.com\/hu\/orszaguti-kerekpar\/igy-bukott-el-eddy-merckx-a-tour-de-france-egyik-legnagyobb-bajnoka\/#breadcrumb","itemListElement":[{"@type":"ListItem","position":1,"name":"Home","item":"https:\/\/www.welovecycling.com\/hu\/"},{"@type":"ListItem","position":2,"name":"\u00cdgy bukott el Eddy Merckx, a Tour de France egyik legnagyobb bajnoka"}]},{"@type":"WebSite","@id":"https:\/\/www.welovecycling.com\/hu\/#website","url":"https:\/\/www.welovecycling.com\/hu\/","name":"\u0160koda We Love Cycling - Magyarorsz\u00e1g","description":"\u0160koda WeLoveCycling","potentialAction":[{"@type":"SearchAction","target":{"@type":"EntryPoint","urlTemplate":"https:\/\/www.welovecycling.com\/hu\/?s={search_term_string}"},"query-input":{"@type":"PropertyValueSpecification","valueRequired":true,"valueName":"search_term_string"}}],"inLanguage":"hu"},{"@type":"Person","@id":"https:\/\/www.welovecycling.com\/hu\/#\/schema\/person\/414a2aebf1801691a5320edb6468e194","name":"hegyizs","image":{"@type":"ImageObject","inLanguage":"hu","@id":"https:\/\/www.welovecycling.com\/hu\/#\/schema\/person\/image\/","url":"https:\/\/secure.gravatar.com\/avatar\/02cf8a7906b8cf90cecb4679defac7cfd33a1c2e3b88e4903d947f3bb58eedd3?s=96&d=mm&r=g","contentUrl":"https:\/\/secure.gravatar.com\/avatar\/02cf8a7906b8cf90cecb4679defac7cfd33a1c2e3b88e4903d947f3bb58eedd3?s=96&d=mm&r=g","caption":"hegyizs"},"url":"https:\/\/www.welovecycling.com\/hu\/author\/hegyizs\/"}]}},"_links":{"self":[{"href":"https:\/\/www.welovecycling.com\/hu\/wp-json\/wp\/v2\/posts\/11936","targetHints":{"allow":["GET"]}}],"collection":[{"href":"https:\/\/www.welovecycling.com\/hu\/wp-json\/wp\/v2\/posts"}],"about":[{"href":"https:\/\/www.welovecycling.com\/hu\/wp-json\/wp\/v2\/types\/post"}],"author":[{"embeddable":true,"href":"https:\/\/www.welovecycling.com\/hu\/wp-json\/wp\/v2\/users\/71"}],"replies":[{"embeddable":true,"href":"https:\/\/www.welovecycling.com\/hu\/wp-json\/wp\/v2\/comments?post=11936"}],"version-history":[{"count":2,"href":"https:\/\/www.welovecycling.com\/hu\/wp-json\/wp\/v2\/posts\/11936\/revisions"}],"predecessor-version":[{"id":11959,"href":"https:\/\/www.welovecycling.com\/hu\/wp-json\/wp\/v2\/posts\/11936\/revisions\/11959"}],"wp:featuredmedia":[{"embeddable":true,"href":"https:\/\/www.welovecycling.com\/hu\/wp-json\/wp\/v2\/media\/11943"}],"wp:attachment":[{"href":"https:\/\/www.welovecycling.com\/hu\/wp-json\/wp\/v2\/media?parent=11936"}],"wp:term":[{"taxonomy":"category","embeddable":true,"href":"https:\/\/www.welovecycling.com\/hu\/wp-json\/wp\/v2\/categories?post=11936"},{"taxonomy":"post_tag","embeddable":true,"href":"https:\/\/www.welovecycling.com\/hu\/wp-json\/wp\/v2\/tags?post=11936"},{"taxonomy":"global-categories","embeddable":true,"href":"https:\/\/www.welovecycling.com\/hu\/wp-json\/wp\/v2\/global-categories?post=11936"}],"curies":[{"name":"wp","href":"https:\/\/api.w.org\/{rel}","templated":true}]}}