{"id":11930,"date":"2021-07-13T08:00:59","date_gmt":"2021-07-13T06:00:59","guid":{"rendered":"https:\/\/www.welovecycling.com\/hu\/?p=11930"},"modified":"2021-07-14T09:47:30","modified_gmt":"2021-07-14T07:47:30","slug":"demi-vollering-nem-ismer-kegyelmet-a-8-es-egyben-utolso-la-course-versenyen","status":"publish","type":"post","link":"https:\/\/www.welovecycling.com\/hu\/orszaguti-kerekpar\/demi-vollering-nem-ismer-kegyelmet-a-8-es-egyben-utolso-la-course-versenyen\/","title":{"rendered":"Demi Vollering nem ismer kegyelmet a 8. (\u00e9s egyben utols\u00f3?) La Course versenyen"},"content":{"rendered":"<p><strong>Demi Vollering (SD Worx) els\u00f6pr\u0151 gy\u0151zelmet aratott a Tour de France 1. szakasz\u00e1nak reggel\u00e9n megrendezett 8. Le Tour de France La Course-on. Elk\u00e9pzelhet\u0151, hogy Volleringnek siker\u00fclt t\u00f6rt\u00e9nelmet \u00edrnia azzal, hogy \u0151 az utols\u00f3 n\u0151, aki megnyerte ezt a versenyt, ami a Women\u2019s WorldTour legn\u00e9pszer\u0171bb esem\u00e9nyei k\u00f6z\u00e9 tartozik.<\/strong><\/p>\n<p><!--more--><\/p>\n<p>A verseny, amit eredetileg a M\u00fbr-de-Bretagne-i k\u00f6rutakon rendeztek volna meg j\u00fanius 27-\u00e9n, v\u00e9g\u00fcl 26-\u00e1n val\u00f3sult meg, a Tour de France 1. szakasz\u00e1hoz hasonl\u00f3 \u00fatvonallal. V\u00e9g\u00fcl a n\u0151i mez\u0151ny Brestb\u0151l indulva 107,4 km-t tett meg, a v\u00e9g\u00e9n h\u00e1rom 14 kilom\u00e9teres k\u00f6rrel, \u00e9s a Landerneau-i C\u00f4te de la Fosse aux Loups tetej\u00e9n \u00e9rt be a c\u00e9lba.<\/p>\n<div class=\"embed-controller-wrapper\">\n<blockquote class=\"twitter-tweet\" data-width=\"500\" data-dnt=\"true\">\n<p lang=\"en\" dir=\"ltr\">A day to remember! <\/p>\n<p>Watch more \ud83c\udf9e\ufe0f : <a href=\"https:\/\/t.co\/ExHBT4FJYS\">https:\/\/t.co\/ExHBT4FJYS<\/a> <a href=\"https:\/\/t.co\/0Duu5VQksO\">pic.twitter.com\/0Duu5VQksO<\/a><\/p>\n<p>&mdash; Team SD Worx &#8211; Protime (@teamsdworx) <a href=\"https:\/\/twitter.com\/teamsdworx\/status\/1409072634097291267?ref_src=twsrc%5Etfw\">June 27, 2021<\/a><\/p><\/blockquote>\n<p><script async data-src=\"https:\/\/platform.twitter.com\/widgets.js\" charset=\"utf-8\"><\/script><\/div>\n<p>Ahogyan arra a rajong\u00f3k sz\u00e1m\u00edtottak, egy el\u00e9g agressz\u00edv verseny volt. Egy er\u0151s \u00e9s dinamikus k\u00fczdelem ut\u00e1n m\u00e1r j\u00f3l l\u00e1that\u00f3v\u00e1 v\u00e1lt az \u00e1ll\u00e1s, miut\u00e1n tizenk\u00e9t versenyz\u0151 er\u0151sen lemaradt a t\u00f6bbiekt\u0151l: ekkor pedig m\u00e1r csak \u00f6t kilom\u00e9ter volt h\u00e1tra. A verseny a C\u00f4te de la Fosse aux Loups utols\u00f3 emelked\u0151j\u00e9n d\u0151lt el, t\u00e1mad\u00e1s ut\u00e1n egy nyolcas csoport egy\u00fctt \u00e9rkezett a c\u00e9lhoz. A vil\u00e1gbajnok Anna van der Breggen (SD Worx csapat) kor\u00e1n sprintelni kezdett.<\/p>\n<p>V\u00e9g\u00fcl a n\u00e1la fiatalabb holland versenyz\u0151 szerezte meg az els\u0151 helyet. A 24 \u00e9ves Demi Vollering bizonyult a leggyorsabbnak a nyolcas csoportb\u00f3l, az utols\u00f3 m\u00e9tereken Vos Marianne-t (Jumbo-Visma csapat) megel\u0151zve gy\u0151z\u00f6tt. Cecilie Uttrup Ludwig (FDJ Nouvelle-Aquitaine Futuroscope) szint\u00e9n fel\u00fclm\u00falta Vos-t, \u00e9s v\u00e9g\u00fcl m\u00e1sodik lett, Vosnak \u00edgy a harmadik hely jutott.<\/p>\n<p><em>\u201eMajdnem rosszul s\u00fclt el, mert Vos jobbra tartott, \u00edgy kicsit beszorultam. Anna r\u00e1gyors\u00edtott \u00e9s erre k\u00e9nyszer\u00edtette Marianne-t is. Ezut\u00e1n ny\u00edlt lehet\u0151s\u00e9gem megel\u0151zni \u0151t\u201c<\/em> &#8211; nyilatkozta Vollering a Cycling News-nak.<\/p>\n<figure id=\"attachment_11933\" aria-describedby=\"caption-attachment-11933\" style=\"width: 1000px\" class=\"wp-caption alignnone\"><a href=\"https:\/\/d2p6e6u75xmxt8.cloudfront.net\/12\/2021\/07\/La-Course-2021-profimedia-0617981124.jpg\"><img loading=\"lazy\" decoding=\"async\" class=\"size-full wp-image-11933\" src=\"https:\/\/d2p6e6u75xmxt8.cloudfront.net\/12\/2021\/07\/La-Course-2021-profimedia-0617981124.jpg\" alt=\"La Course 2021\" width=\"1000\" height=\"666\" srcset=\"https:\/\/d2p6e6u75xmxt8.cloudfront.net\/12\/2021\/07\/La-Course-2021-profimedia-0617981124.jpg 1000w, https:\/\/d2p6e6u75xmxt8.cloudfront.net\/12\/2021\/07\/La-Course-2021-profimedia-0617981124-300x200.jpg 300w, https:\/\/d2p6e6u75xmxt8.cloudfront.net\/12\/2021\/07\/La-Course-2021-profimedia-0617981124-768x511.jpg 768w, https:\/\/d2p6e6u75xmxt8.cloudfront.net\/12\/2021\/07\/La-Course-2021-profimedia-0617981124-272x182.jpg 272w\" sizes=\"auto, (max-width: 1000px) 100vw, 1000px\" \/><\/a><figcaption id=\"caption-attachment-11933\" class=\"wp-caption-text\"><em>Demi Vollering (k\u00f6z\u00e9pen), Marianne Vos (baloldalt) \u00e9s Cecilie Uttrup Ludwig (jobboldalt). \u00a9 Profimedia<\/em><\/figcaption><\/figure>\n<p><em>\u201eNagyon v\u00e1rtam a reggeli versenyt, de nem sz\u00e1m\u00edtottam a gy\u0151zelemre. F\u00e9lelmetes k\u00fczdelem volt \u00e9s j\u00f3 nagy \u00f6nbizaloml\u00f6ketet adott. Most, hogy megnyertem a La Course-t, alig v\u00e1rom a j\u00f6v\u0151 \u00e9vi n\u0151i Tour de France-t\u201c-<\/em> tette hozz\u00e1.<\/p>\n<h2><strong>Demi Vollering meg\u00e1ll\u00edthatatlan<\/strong><\/h2>\n<p>K\u00e9ts\u00e9gtelen, hogy Vollering epikus gy\u0151zelmet tudhat maga m\u00f6g\u00f6tt, ami azt jelenti, hogy a n\u0151i World Tour \u00e9lmez\u0151ny\u00e9be ker\u00fclt. Vollering, aki mind\u00f6ssze k\u00e9t\u00e9ves professzion\u00e1lis versenyz\u0151i m\u00falttal rendelkezik, bebizony\u00edtotta, hogy a k\u00f6vetkezetess\u00e9g kulcsfontoss\u00e1g\u00fa, illetve, hogy egy versenyz\u0151nek b\u00edznia kell az \u00f6szt\u00f6neiben.<\/p>\n<p>Vollering nagy durran\u00e1ssal kezdte az idei szezont az Omloop Het Nieuwsbladn\u00e1l, \u00e9s hamar kider\u00fclt, hogy a fiatal holland versenyz\u0151 lesz az SD Worx \u00fct\u0151k\u00e1rty\u00e1ja. Az\u00f3ta t\u00f6bbsz\u00f6r hasonl\u00edtott\u00e1k m\u00e1r Anna Van der Breggenhez, \u00e9s id\u0151vel csak m\u00e9g ink\u00e1bb bizony\u00edtotta, hogy el\u00e9g m\u00e9lt\u00f3 ahhoz, hogy egy lapon eml\u00edts\u00e9k \u0151ket, \u00e9s \u00e1t tudja venni a staf\u00e9tabotot Van der Breggen k\u00f6zelg\u0151 nyugd\u00edjaz\u00e1sa ut\u00e1n.<\/p>\n<div class=\"embed-controller-wrapper\">\n<blockquote class=\"twitter-tweet\" data-width=\"500\" data-dnt=\"true\">\n<p lang=\"ca\" dir=\"ltr\">\ud83c\udff9 Podium <a href=\"https:\/\/twitter.com\/hashtag\/FWwomen?src=hash&amp;ref_src=twsrc%5Etfw\">#FWwomen<\/a> 2020 \ud83c\udff9<\/p>\n<p>\ud83c\udfc6\ud83c\uddf3\ud83c\uddf1 <a href=\"https:\/\/twitter.com\/AnnavdBreggen?ref_src=twsrc%5Etfw\">@AnnavdBreggen<\/a> <br \/>\ud83e\udd48\ud83c\udde9\ud83c\uddf0 <a href=\"https:\/\/twitter.com\/CUttrupLudwig?ref_src=twsrc%5Etfw\">@CUttrupLudwig<\/a> <br \/>\ud83e\udd49\ud83c\uddf3\ud83c\uddf1 <a href=\"https:\/\/twitter.com\/demivollering?ref_src=twsrc%5Etfw\">@demivollering<\/a> <\/p>\n<p>\ud83d\ude01 Congrats ladies! \ud83d\ude01 <a href=\"https:\/\/t.co\/rDVksrkqJY\">pic.twitter.com\/rDVksrkqJY<\/a><\/p>\n<p>&mdash; La Fl\u00e8che Wallonne (@flechewallonne) <a href=\"https:\/\/twitter.com\/flechewallonne\/status\/1311260146270601216?ref_src=twsrc%5Etfw\">September 30, 2020<\/a><\/p><\/blockquote>\n<p><script async data-src=\"https:\/\/platform.twitter.com\/widgets.js\" charset=\"utf-8\"><\/script><\/div>\n<p>A La Fl\u00e8che Wallonne-on t\u00f6rt\u00e9ntek mind a hatalom\u00e1tv\u00e9telr\u0151l sz\u00f3ltak. Van der Breggen kezdetben nem volt hajland\u00f3 el\u0151re tenni Volleringet, \u00e9s nem volt biztos benne, hogy minden megvan benne, ami ahhoz kell, hogy az \u00e9lre t\u00f6rj\u00f6n. Vollering azonban az \u00f6szt\u00f6neire hallgatott, figyelmen k\u00edv\u00fcl hagyta csapatvezet\u0151j\u00e9t \u00e9s hamar el\u0151ret\u00f6rt.<\/p>\n<p>A verseny ut\u00e1n Van der Breggen megdics\u00e9rte Vollering gyors reag\u00e1l\u00e1sait \u00e9s odaad\u00e1s\u00e1t. Nem telt sok id\u0151be, hogy lehet\u0151s\u00e9ge ny\u00edljon visszafizetni a sz\u00edvess\u00e9get. N\u00e9h\u00e1ny nappal k\u00e9s\u0151bb Van der Breggen 10 km-es el\u0151nyt hozott fiatal csapatt\u00e1rs\u00e1nak, aki \u00edgy megnyerte a Li\u00e8ge-Bastogne-Li\u00e8ge-t. Az epikus La Course gy\u0151zelm\u00e9nek k\u00f6sz\u00f6nhet\u0151en b\u00e1tran mondhatjuk, hogy Vollering az egyik legizgalmasabb \u00e9s legdinamikusabb versenyz\u0151 a mez\u0151nyben. K\u00e9ts\u00e9gtelen\u00fcl m\u00e9g sok leny\u0171g\u00f6z\u0151 gy\u0151zelemre sz\u00e1m\u00edthatunk t\u0151le, hiszen ez a fiatal versenyz\u0151 \u00fajra \u00e9s \u00fajra megmutatja, hogy mi mindenre k\u00e9pes.<\/p>\n<h2><strong>Az utols\u00f3 La Course<\/strong><\/h2>\n<p>Vollering szombati gy\u0151zelme val\u00f3sz\u00edn\u0171leg nagy nyomot fog hagyni a ker\u00e9kp\u00e1ros t\u00f6rt\u00e9nelemben. Annak ellen\u00e9re, hogy ez az egyik legn\u00e9pszer\u0171bb esem\u00e9ny a Women\u2019s WorldTour-on, ez az \u00e9v egyben a legutols\u00f3 La Course-t is jelentheti, mivel hely\u00e9be a Tour de France Femmes fog l\u00e9pni 2022-ben.<\/p>\n<p>Az eredetileg 2014-ben ind\u00edtott esem\u00e9ny az ASO-hoz beny\u00fajtott sikeres pet\u00edci\u00f3 ut\u00e1n kezd\u0151dhetett el, amely a Tour de France mellett a n\u0151i versenyeket is mag\u00e1ban foglalja. Siker\u00fclt el\u00e9rnie, hogy a n\u0151i ker\u00e9kp\u00e1roz\u00e1s legpatin\u00e1sabb verseny\u00e9v\u00e9 v\u00e1ljon. Az els\u0151 szakasz k\u00f6rversenyk\u00e9nt indult a Champs Elys\u00e9es-en a Tour de France utols\u00f3 napj\u00e1n. J\u00f6v\u0151re azonban itt az ideje, hogy a n\u0151k \u00e1tvegy\u00e9k az ir\u00e1ny\u00edt\u00e1st. A n\u0151i ker\u00e9kp\u00e1roz\u00e1s \u00f3ri\u00e1sit fejl\u0151d\u00f6tt az elm\u00falt \u00e9vek sor\u00e1n &#8211; alig v\u00e1rjuk, hogy a n\u0151i mez\u0151ny v\u00e9gre fel\u00e1lljon, \u00e9s m\u00e9g t\u00f6bb \u00f6r\u00f6met szerezzen a rajong\u00f3knak. Hajland\u00f3ak vagyunk fogadni is arra, hogy Vollering itt is meg fogja mutatni, hogy vele bizony sz\u00e1molni kell!<\/p>\n","protected":false},"excerpt":{"rendered":"<p>Demi Vollering (SD Worx) els\u00f6pr\u0151 gy\u0151zelmet aratott a Tour de France 1. szakasz\u00e1nak reggel\u00e9n megrendezett 8. Le Tour de France [&hellip;]<\/p>\n","protected":false},"author":71,"featured_media":11935,"comment_status":"closed","ping_status":"closed","sticky":false,"template":"","format":"standard","meta":{"footnotes":""},"categories":[8],"tags":[],"global-categories":[],"class_list":["post-11930","post","type-post","status-publish","format-standard","has-post-thumbnail","hentry","category-orszaguti-kerekpar"],"yoast_head":"<!-- This site is optimized with the Yoast SEO Premium plugin v25.3 (Yoast SEO v25.9) - https:\/\/yoast.com\/wordpress\/plugins\/seo\/ -->\n<title>Demi Vollering nem ismer kegyelmet a 8. (\u00e9s egyben utols\u00f3?) La Course versenyen<\/title>\n<meta name=\"description\" content=\"Demi Vollering (SD Worx) els\u00f6pr\u0151 gy\u0151zelmet aratott a Tour de France 1. szakasz\u00e1nak reggel\u00e9n megrendezett 8. Le Tour de France La Course-on. Elk\u00e9pzelhet\u0151, hogy Volleringnek siker\u00fclt t\u00f6rt\u00e9nelmet \u00edrnia azzal, hogy \u0151 az utols\u00f3 n\u0151, aki megnyerte ezt a versenyt, ami a Women\u2019s WorldTour legn\u00e9pszer\u0171bb esem\u00e9nyei k\u00f6z\u00e9 tartozik.\" \/>\n<meta name=\"robots\" content=\"index, follow, max-snippet:-1, max-image-preview:large, max-video-preview:-1\" \/>\n<link rel=\"canonical\" href=\"https:\/\/www.welovecycling.com\/hu\/orszaguti-kerekpar\/demi-vollering-nem-ismer-kegyelmet-a-8-es-egyben-utolso-la-course-versenyen\/\" \/>\n<meta property=\"og:locale\" content=\"hu_HU\" \/>\n<meta property=\"og:type\" content=\"article\" \/>\n<meta property=\"og:title\" content=\"Demi Vollering nem ismer kegyelmet a 8. (\u00e9s egyben utols\u00f3?) La Course versenyen\" \/>\n<meta property=\"og:description\" content=\"Demi Vollering (SD Worx) els\u00f6pr\u0151 gy\u0151zelmet aratott a Tour de France 1. szakasz\u00e1nak reggel\u00e9n megrendezett 8. Le Tour de France La Course-on. Elk\u00e9pzelhet\u0151, hogy Volleringnek siker\u00fclt t\u00f6rt\u00e9nelmet \u00edrnia azzal, hogy \u0151 az utols\u00f3 n\u0151, aki megnyerte ezt a versenyt, ami a Women\u2019s WorldTour legn\u00e9pszer\u0171bb esem\u00e9nyei k\u00f6z\u00e9 tartozik.\" \/>\n<meta property=\"og:url\" content=\"https:\/\/www.welovecycling.com\/hu\/orszaguti-kerekpar\/demi-vollering-nem-ismer-kegyelmet-a-8-es-egyben-utolso-la-course-versenyen\/\" \/>\n<meta property=\"og:site_name\" content=\"\u0160koda We Love Cycling - Magyarorsz\u00e1g\" \/>\n<meta property=\"article:publisher\" content=\"https:\/\/www.facebook.com\/WeLoveCyclingHungary\/\" \/>\n<meta property=\"article:published_time\" content=\"2021-07-13T06:00:59+00:00\" \/>\n<meta property=\"article:modified_time\" content=\"2021-07-14T07:47:30+00:00\" \/>\n<meta property=\"og:image\" content=\"https:\/\/d2p6e6u75xmxt8.cloudfront.net\/12\/2021\/07\/Demi-Vollering-profimedia-0617980686-CVR.jpg\" \/>\n\t<meta property=\"og:image:width\" content=\"1366\" \/>\n\t<meta property=\"og:image:height\" content=\"596\" \/>\n\t<meta property=\"og:image:type\" content=\"image\/jpeg\" \/>\n<meta name=\"author\" content=\"hegyizs\" \/>\n<meta name=\"twitter:card\" content=\"summary_large_image\" \/>\n<meta name=\"twitter:label1\" content=\"Written by\" \/>\n\t<meta name=\"twitter:data1\" content=\"Megan Flottorp\" \/>\n\t<meta name=\"twitter:label2\" content=\"Est. reading time\" \/>\n\t<meta name=\"twitter:data2\" content=\"5\" \/>\n<script type=\"application\/ld+json\" class=\"yoast-schema-graph\">{\"@context\":\"https:\/\/schema.org\",\"@graph\":[{\"@type\":\"WebPage\",\"@id\":\"https:\/\/www.welovecycling.com\/hu\/orszaguti-kerekpar\/demi-vollering-nem-ismer-kegyelmet-a-8-es-egyben-utolso-la-course-versenyen\/\",\"url\":\"https:\/\/www.welovecycling.com\/hu\/orszaguti-kerekpar\/demi-vollering-nem-ismer-kegyelmet-a-8-es-egyben-utolso-la-course-versenyen\/\",\"name\":\"Demi Vollering nem ismer kegyelmet a 8. (\u00e9s egyben utols\u00f3?) La Course versenyen\",\"isPartOf\":{\"@id\":\"https:\/\/www.welovecycling.com\/hu\/#website\"},\"primaryImageOfPage\":{\"@id\":\"https:\/\/www.welovecycling.com\/hu\/orszaguti-kerekpar\/demi-vollering-nem-ismer-kegyelmet-a-8-es-egyben-utolso-la-course-versenyen\/#primaryimage\"},\"image\":{\"@id\":\"https:\/\/www.welovecycling.com\/hu\/orszaguti-kerekpar\/demi-vollering-nem-ismer-kegyelmet-a-8-es-egyben-utolso-la-course-versenyen\/#primaryimage\"},\"thumbnailUrl\":\"https:\/\/d2p6e6u75xmxt8.cloudfront.net\/12\/2021\/07\/Demi-Vollering-profimedia-0617980686-CVR.jpg\",\"datePublished\":\"2021-07-13T06:00:59+00:00\",\"dateModified\":\"2021-07-14T07:47:30+00:00\",\"author\":{\"@id\":\"https:\/\/www.welovecycling.com\/hu\/#\/schema\/person\/414a2aebf1801691a5320edb6468e194\"},\"description\":\"Demi Vollering (SD Worx) els\u00f6pr\u0151 gy\u0151zelmet aratott a Tour de France 1. szakasz\u00e1nak reggel\u00e9n megrendezett 8. Le Tour de France La Course-on. Elk\u00e9pzelhet\u0151, hogy Volleringnek siker\u00fclt t\u00f6rt\u00e9nelmet \u00edrnia azzal, hogy \u0151 az utols\u00f3 n\u0151, aki megnyerte ezt a versenyt, ami a Women\u2019s WorldTour legn\u00e9pszer\u0171bb esem\u00e9nyei k\u00f6z\u00e9 tartozik.\",\"breadcrumb\":{\"@id\":\"https:\/\/www.welovecycling.com\/hu\/orszaguti-kerekpar\/demi-vollering-nem-ismer-kegyelmet-a-8-es-egyben-utolso-la-course-versenyen\/#breadcrumb\"},\"inLanguage\":\"hu\",\"potentialAction\":[{\"@type\":\"ReadAction\",\"target\":[\"https:\/\/www.welovecycling.com\/hu\/orszaguti-kerekpar\/demi-vollering-nem-ismer-kegyelmet-a-8-es-egyben-utolso-la-course-versenyen\/\"]}]},{\"@type\":\"ImageObject\",\"inLanguage\":\"hu\",\"@id\":\"https:\/\/www.welovecycling.com\/hu\/orszaguti-kerekpar\/demi-vollering-nem-ismer-kegyelmet-a-8-es-egyben-utolso-la-course-versenyen\/#primaryimage\",\"url\":\"https:\/\/d2p6e6u75xmxt8.cloudfront.net\/12\/2021\/07\/Demi-Vollering-profimedia-0617980686-CVR.jpg\",\"contentUrl\":\"https:\/\/d2p6e6u75xmxt8.cloudfront.net\/12\/2021\/07\/Demi-Vollering-profimedia-0617980686-CVR.jpg\",\"width\":1366,\"height\":596,\"caption\":\"Demi Vollering\"},{\"@type\":\"BreadcrumbList\",\"@id\":\"https:\/\/www.welovecycling.com\/hu\/orszaguti-kerekpar\/demi-vollering-nem-ismer-kegyelmet-a-8-es-egyben-utolso-la-course-versenyen\/#breadcrumb\",\"itemListElement\":[{\"@type\":\"ListItem\",\"position\":1,\"name\":\"Home\",\"item\":\"https:\/\/www.welovecycling.com\/hu\/\"},{\"@type\":\"ListItem\",\"position\":2,\"name\":\"Demi Vollering nem ismer kegyelmet a 8. (\u00e9s egyben utols\u00f3?) La Course versenyen\"}]},{\"@type\":\"WebSite\",\"@id\":\"https:\/\/www.welovecycling.com\/hu\/#website\",\"url\":\"https:\/\/www.welovecycling.com\/hu\/\",\"name\":\"\u0160koda We Love Cycling - Magyarorsz\u00e1g\",\"description\":\"\u0160koda WeLoveCycling\",\"potentialAction\":[{\"@type\":\"SearchAction\",\"target\":{\"@type\":\"EntryPoint\",\"urlTemplate\":\"https:\/\/www.welovecycling.com\/hu\/?s={search_term_string}\"},\"query-input\":{\"@type\":\"PropertyValueSpecification\",\"valueRequired\":true,\"valueName\":\"search_term_string\"}}],\"inLanguage\":\"hu\"},{\"@type\":\"Person\",\"@id\":\"https:\/\/www.welovecycling.com\/hu\/#\/schema\/person\/414a2aebf1801691a5320edb6468e194\",\"name\":\"hegyizs\",\"image\":{\"@type\":\"ImageObject\",\"inLanguage\":\"hu\",\"@id\":\"https:\/\/www.welovecycling.com\/hu\/#\/schema\/person\/image\/\",\"url\":\"https:\/\/secure.gravatar.com\/avatar\/02cf8a7906b8cf90cecb4679defac7cfd33a1c2e3b88e4903d947f3bb58eedd3?s=96&d=mm&r=g\",\"contentUrl\":\"https:\/\/secure.gravatar.com\/avatar\/02cf8a7906b8cf90cecb4679defac7cfd33a1c2e3b88e4903d947f3bb58eedd3?s=96&d=mm&r=g\",\"caption\":\"hegyizs\"},\"url\":\"https:\/\/www.welovecycling.com\/hu\/author\/hegyizs\/\"}]}<\/script>\n<!-- \/ Yoast SEO Premium plugin. -->","yoast_head_json":{"title":"Demi Vollering nem ismer kegyelmet a 8. (\u00e9s egyben utols\u00f3?) La Course versenyen","description":"Demi Vollering (SD Worx) els\u00f6pr\u0151 gy\u0151zelmet aratott a Tour de France 1. szakasz\u00e1nak reggel\u00e9n megrendezett 8. Le Tour de France La Course-on. Elk\u00e9pzelhet\u0151, hogy Volleringnek siker\u00fclt t\u00f6rt\u00e9nelmet \u00edrnia azzal, hogy \u0151 az utols\u00f3 n\u0151, aki megnyerte ezt a versenyt, ami a Women\u2019s WorldTour legn\u00e9pszer\u0171bb esem\u00e9nyei k\u00f6z\u00e9 tartozik.","robots":{"index":"index","follow":"follow","max-snippet":"max-snippet:-1","max-image-preview":"max-image-preview:large","max-video-preview":"max-video-preview:-1"},"canonical":"https:\/\/www.welovecycling.com\/hu\/orszaguti-kerekpar\/demi-vollering-nem-ismer-kegyelmet-a-8-es-egyben-utolso-la-course-versenyen\/","og_locale":"hu_HU","og_type":"article","og_title":"Demi Vollering nem ismer kegyelmet a 8. (\u00e9s egyben utols\u00f3?) La Course versenyen","og_description":"Demi Vollering (SD Worx) els\u00f6pr\u0151 gy\u0151zelmet aratott a Tour de France 1. szakasz\u00e1nak reggel\u00e9n megrendezett 8. Le Tour de France La Course-on. Elk\u00e9pzelhet\u0151, hogy Volleringnek siker\u00fclt t\u00f6rt\u00e9nelmet \u00edrnia azzal, hogy \u0151 az utols\u00f3 n\u0151, aki megnyerte ezt a versenyt, ami a Women\u2019s WorldTour legn\u00e9pszer\u0171bb esem\u00e9nyei k\u00f6z\u00e9 tartozik.","og_url":"https:\/\/www.welovecycling.com\/hu\/orszaguti-kerekpar\/demi-vollering-nem-ismer-kegyelmet-a-8-es-egyben-utolso-la-course-versenyen\/","og_site_name":"\u0160koda We Love Cycling - Magyarorsz\u00e1g","article_publisher":"https:\/\/www.facebook.com\/WeLoveCyclingHungary\/","article_published_time":"2021-07-13T06:00:59+00:00","article_modified_time":"2021-07-14T07:47:30+00:00","og_image":[{"width":1366,"height":596,"url":"https:\/\/d2p6e6u75xmxt8.cloudfront.net\/12\/2021\/07\/Demi-Vollering-profimedia-0617980686-CVR.jpg","type":"image\/jpeg"}],"author":"hegyizs","twitter_card":"summary_large_image","twitter_misc":{"Written by":"Megan Flottorp","Est. reading time":"5"},"schema":{"@context":"https:\/\/schema.org","@graph":[{"@type":"WebPage","@id":"https:\/\/www.welovecycling.com\/hu\/orszaguti-kerekpar\/demi-vollering-nem-ismer-kegyelmet-a-8-es-egyben-utolso-la-course-versenyen\/","url":"https:\/\/www.welovecycling.com\/hu\/orszaguti-kerekpar\/demi-vollering-nem-ismer-kegyelmet-a-8-es-egyben-utolso-la-course-versenyen\/","name":"Demi Vollering nem ismer kegyelmet a 8. (\u00e9s egyben utols\u00f3?) La Course versenyen","isPartOf":{"@id":"https:\/\/www.welovecycling.com\/hu\/#website"},"primaryImageOfPage":{"@id":"https:\/\/www.welovecycling.com\/hu\/orszaguti-kerekpar\/demi-vollering-nem-ismer-kegyelmet-a-8-es-egyben-utolso-la-course-versenyen\/#primaryimage"},"image":{"@id":"https:\/\/www.welovecycling.com\/hu\/orszaguti-kerekpar\/demi-vollering-nem-ismer-kegyelmet-a-8-es-egyben-utolso-la-course-versenyen\/#primaryimage"},"thumbnailUrl":"https:\/\/d2p6e6u75xmxt8.cloudfront.net\/12\/2021\/07\/Demi-Vollering-profimedia-0617980686-CVR.jpg","datePublished":"2021-07-13T06:00:59+00:00","dateModified":"2021-07-14T07:47:30+00:00","author":{"@id":"https:\/\/www.welovecycling.com\/hu\/#\/schema\/person\/414a2aebf1801691a5320edb6468e194"},"description":"Demi Vollering (SD Worx) els\u00f6pr\u0151 gy\u0151zelmet aratott a Tour de France 1. szakasz\u00e1nak reggel\u00e9n megrendezett 8. Le Tour de France La Course-on. Elk\u00e9pzelhet\u0151, hogy Volleringnek siker\u00fclt t\u00f6rt\u00e9nelmet \u00edrnia azzal, hogy \u0151 az utols\u00f3 n\u0151, aki megnyerte ezt a versenyt, ami a Women\u2019s WorldTour legn\u00e9pszer\u0171bb esem\u00e9nyei k\u00f6z\u00e9 tartozik.","breadcrumb":{"@id":"https:\/\/www.welovecycling.com\/hu\/orszaguti-kerekpar\/demi-vollering-nem-ismer-kegyelmet-a-8-es-egyben-utolso-la-course-versenyen\/#breadcrumb"},"inLanguage":"hu","potentialAction":[{"@type":"ReadAction","target":["https:\/\/www.welovecycling.com\/hu\/orszaguti-kerekpar\/demi-vollering-nem-ismer-kegyelmet-a-8-es-egyben-utolso-la-course-versenyen\/"]}]},{"@type":"ImageObject","inLanguage":"hu","@id":"https:\/\/www.welovecycling.com\/hu\/orszaguti-kerekpar\/demi-vollering-nem-ismer-kegyelmet-a-8-es-egyben-utolso-la-course-versenyen\/#primaryimage","url":"https:\/\/d2p6e6u75xmxt8.cloudfront.net\/12\/2021\/07\/Demi-Vollering-profimedia-0617980686-CVR.jpg","contentUrl":"https:\/\/d2p6e6u75xmxt8.cloudfront.net\/12\/2021\/07\/Demi-Vollering-profimedia-0617980686-CVR.jpg","width":1366,"height":596,"caption":"Demi Vollering"},{"@type":"BreadcrumbList","@id":"https:\/\/www.welovecycling.com\/hu\/orszaguti-kerekpar\/demi-vollering-nem-ismer-kegyelmet-a-8-es-egyben-utolso-la-course-versenyen\/#breadcrumb","itemListElement":[{"@type":"ListItem","position":1,"name":"Home","item":"https:\/\/www.welovecycling.com\/hu\/"},{"@type":"ListItem","position":2,"name":"Demi Vollering nem ismer kegyelmet a 8. (\u00e9s egyben utols\u00f3?) La Course versenyen"}]},{"@type":"WebSite","@id":"https:\/\/www.welovecycling.com\/hu\/#website","url":"https:\/\/www.welovecycling.com\/hu\/","name":"\u0160koda We Love Cycling - Magyarorsz\u00e1g","description":"\u0160koda WeLoveCycling","potentialAction":[{"@type":"SearchAction","target":{"@type":"EntryPoint","urlTemplate":"https:\/\/www.welovecycling.com\/hu\/?s={search_term_string}"},"query-input":{"@type":"PropertyValueSpecification","valueRequired":true,"valueName":"search_term_string"}}],"inLanguage":"hu"},{"@type":"Person","@id":"https:\/\/www.welovecycling.com\/hu\/#\/schema\/person\/414a2aebf1801691a5320edb6468e194","name":"hegyizs","image":{"@type":"ImageObject","inLanguage":"hu","@id":"https:\/\/www.welovecycling.com\/hu\/#\/schema\/person\/image\/","url":"https:\/\/secure.gravatar.com\/avatar\/02cf8a7906b8cf90cecb4679defac7cfd33a1c2e3b88e4903d947f3bb58eedd3?s=96&d=mm&r=g","contentUrl":"https:\/\/secure.gravatar.com\/avatar\/02cf8a7906b8cf90cecb4679defac7cfd33a1c2e3b88e4903d947f3bb58eedd3?s=96&d=mm&r=g","caption":"hegyizs"},"url":"https:\/\/www.welovecycling.com\/hu\/author\/hegyizs\/"}]}},"_links":{"self":[{"href":"https:\/\/www.welovecycling.com\/hu\/wp-json\/wp\/v2\/posts\/11930","targetHints":{"allow":["GET"]}}],"collection":[{"href":"https:\/\/www.welovecycling.com\/hu\/wp-json\/wp\/v2\/posts"}],"about":[{"href":"https:\/\/www.welovecycling.com\/hu\/wp-json\/wp\/v2\/types\/post"}],"author":[{"embeddable":true,"href":"https:\/\/www.welovecycling.com\/hu\/wp-json\/wp\/v2\/users\/71"}],"replies":[{"embeddable":true,"href":"https:\/\/www.welovecycling.com\/hu\/wp-json\/wp\/v2\/comments?post=11930"}],"version-history":[{"count":2,"href":"https:\/\/www.welovecycling.com\/hu\/wp-json\/wp\/v2\/posts\/11930\/revisions"}],"predecessor-version":[{"id":11958,"href":"https:\/\/www.welovecycling.com\/hu\/wp-json\/wp\/v2\/posts\/11930\/revisions\/11958"}],"wp:featuredmedia":[{"embeddable":true,"href":"https:\/\/www.welovecycling.com\/hu\/wp-json\/wp\/v2\/media\/11935"}],"wp:attachment":[{"href":"https:\/\/www.welovecycling.com\/hu\/wp-json\/wp\/v2\/media?parent=11930"}],"wp:term":[{"taxonomy":"category","embeddable":true,"href":"https:\/\/www.welovecycling.com\/hu\/wp-json\/wp\/v2\/categories?post=11930"},{"taxonomy":"post_tag","embeddable":true,"href":"https:\/\/www.welovecycling.com\/hu\/wp-json\/wp\/v2\/tags?post=11930"},{"taxonomy":"global-categories","embeddable":true,"href":"https:\/\/www.welovecycling.com\/hu\/wp-json\/wp\/v2\/global-categories?post=11930"}],"curies":[{"name":"wp","href":"https:\/\/api.w.org\/{rel}","templated":true}]}}