{"id":11899,"date":"2021-07-09T08:00:32","date_gmt":"2021-07-09T06:00:32","guid":{"rendered":"https:\/\/www.welovecycling.com\/hu\/?p=11899"},"modified":"2021-07-02T17:27:14","modified_gmt":"2021-07-02T15:27:14","slug":"igy-mentette-meg-a-skoda-szervizcsapata-a-tdf-felvezeto-autojat-egy-nappal-a-verseny-elott","status":"publish","type":"post","link":"https:\/\/www.welovecycling.com\/hu\/tour-de-france\/igy-mentette-meg-a-skoda-szervizcsapata-a-tdf-felvezeto-autojat-egy-nappal-a-verseny-elott\/","title":{"rendered":"\u00cdgy mentette meg a \u0160koda szervizcsapata a TdF felvezet\u0151 aut\u00f3j\u00e1t egy nappal a verseny el\u0151tt"},"content":{"rendered":"<p><strong><em>\u201eIstenem, seg\u00edts!\u201d<\/em> \u2013 ez volt az els\u0151 gondolatom, amikor tavaly \u00f6sszet\u00f6rtem a Tour de France versenyigazgat\u00f3j\u00e1nak h\u00edres, piros \u0160koda SUPERB iV aut\u00f3j\u00e1t. Nem az t\u00f6rt\u00e9nt, hogy a saj\u00e1t aut\u00f3mmal nekimentem, hanem \u00e9n vezettem az \u00e1talak\u00edtott v\u00f6r\u00f6s csod\u00e1t! Mindezt egy nappal a 2020-as TdF rajtja el\u0151tt\u2026<\/strong><!--more--><\/p>\n<p><em>A tavalyi Tour de France el\u0151tt egyik \u00fajs\u00e1g\u00edr\u00f3nknak volt szerencs\u00e9je <\/em><a href=\"https:\/\/www.welovecycling.com\/hu\/orszaguti-kerekpar\/egy-nap-a-tour-de-france-vezetoigazgatojanak-autojaban\/\"><em>kipr\u00f3b\u00e1lni a versenyigazgat\u00f3 aut\u00f3j\u00e1t<\/em><\/a><em>, m\u00e9g miel\u0151tt elindult volna a mez\u0151ny. Sajnos az \u00faton kev\u00e9sb\u00e9 volt szerencs\u00e9s. Olvasd el a besz\u00e1mol\u00f3j\u00e1t egy balesetr\u0151l, ami nem is t\u00f6rt\u00e9nhetett volna \u00e9rt\u00e9kesebb aut\u00f3ban!<\/em><\/p>\n<p>\u00dcres parkol\u00f3helyet kerestem, amikor a s\u00e1rga 33-as busz elindult a nizzai Promenade des Arts meg\u00e1ll\u00f3b\u00f3l. A t\u00f6bbi m\u00e1r t\u00f6rt\u00e9nelem.<\/p>\n<p>Nem \u00e9rdekelt, hogy kinek a hib\u00e1ja volt az \u00fctk\u00f6z\u00e9s. Hamar r\u00e1d\u00f6bbentem, mekkora bajban vagyok \u00e9s f\u00e9l perc alatt leizzadtam. Az aut\u00f3nak, ami szerencs\u00e9tlen\u00fcl tal\u00e1lkozott a busszal, m\u00e1snap t\u00f6k\u00e9letes \u00e1llapotban a Tour rajtj\u00e1n\u00e1l kellett \u00e1llnia. Ez azonban a balesetet k\u00f6vet\u0151 percekben nem t\u0171nt lehets\u00e9gesnek.<\/p>\n<p>R\u00e9g megb\u00e1ntam, hogy el\u0151z\u0151 este azzal viccel\u0151dtem, milyen k\u00ednos lenne, ha \u00f6sszet\u00f6rn\u00e9m az \u00e9rt\u00e9kes aut\u00f3t. Nem is szabadott volna gondolnom erre! Iszonyatos r\u00e9m\u00e1lmom v\u00e1lt val\u00f3ra, amikor vissza\u00fcltem a s\u00e9r\u00fclt j\u00e1rm\u0171be. Hogy t\u00f6rt\u00e9nhetett ez meg velem?<\/p>\n<figure id=\"attachment_11901\" aria-describedby=\"caption-attachment-11901\" style=\"width: 1024px\" class=\"wp-caption alignnone\"><a href=\"https:\/\/d2p6e6u75xmxt8.cloudfront.net\/12\/2021\/07\/Red-SKODA-SUPERB-iV-55-1024x683-1.jpg\"><img loading=\"lazy\" decoding=\"async\" class=\"size-full wp-image-11901\" src=\"https:\/\/d2p6e6u75xmxt8.cloudfront.net\/12\/2021\/07\/Red-SKODA-SUPERB-iV-55-1024x683-1.jpg\" alt=\"\" width=\"1024\" height=\"683\" srcset=\"https:\/\/d2p6e6u75xmxt8.cloudfront.net\/12\/2021\/07\/Red-SKODA-SUPERB-iV-55-1024x683-1.jpg 1024w, https:\/\/d2p6e6u75xmxt8.cloudfront.net\/12\/2021\/07\/Red-SKODA-SUPERB-iV-55-1024x683-1-300x200.jpg 300w, https:\/\/d2p6e6u75xmxt8.cloudfront.net\/12\/2021\/07\/Red-SKODA-SUPERB-iV-55-1024x683-1-768x512.jpg 768w, https:\/\/d2p6e6u75xmxt8.cloudfront.net\/12\/2021\/07\/Red-SKODA-SUPERB-iV-55-1024x683-1-272x182.jpg 272w\" sizes=\"auto, (max-width: 1024px) 100vw, 1024px\" \/><\/a><figcaption id=\"caption-attachment-11901\" class=\"wp-caption-text\">A tavalyi felvezet\u0151 aut\u00f3, itt m\u00e9g s\u00e9rtetlen\u00fcl.<\/figcaption><\/figure>\n<p>A \u0160koda SUPERB iV az idei felvezet\u0151 aut\u00f3hoz, <a href=\"https:\/\/www.welovecycling.com\/hu\/tour-de-france\/a-piros-enyiaq-iv-atalakitasa-hogyan-keszul-a-tdf-versenyigazgatojanak-autoja\/\">az ENYAQ iV modellhez<\/a> hasonl\u00f3an szem\u00e9lyre szabott felszerelts\u00e9gekkel eg\u00e9sz\u00fclt ki: a jelz\u0151f\u00e9nyek, antenn\u00e1k \u00e9s kommunik\u00e1ci\u00f3s eszk\u00f6z\u00f6k mellett a h\u00edres h\u0171t\u0151szekr\u00e9ny is beker\u00fclt m\u00e1r az aut\u00f3ba. Minden k\u00e9szen \u00e1llt, hogy mobilirodak\u00e9nt m\u0171k\u00f6dj\u00f6n, ahonnan a Tour legmagasabb tiszts\u00e9gvisel\u0151i ir\u00e1ny\u00edthatj\u00e1k \u00e9s szeml\u00e9lhetik a versenyt.<\/p>\n<p>A terv az volt, hogy Nizz\u00e1ban aut\u00f3zom vele \u00e9s a fot\u00f3s Jakub Frey elkap n\u00e9h\u00e1ny pillanatot k\u00f6z\u00f6s utunkb\u00f3l, hogy azt\u00e1n bemutathassuk a Tour sz\u00e1m\u00e1ra olyan fontos modellt a We Love Cycling olvas\u00f3inak. Aki vezetett valaha Nizz\u00e1ban, vagy m\u00e1s nagyv\u00e1rosban, p\u00e9ld\u00e1ul R\u00f3m\u00e1ban, Kair\u00f3ban vagy Bagdadban, tudja, milyen ideg\u0151rl\u0151. Szorozd meg ezt az \u0151r\u00fcletet t\u00edzzel \u00e9s megkapod, ami a Tour-ra k\u00e9sz\u00fcl\u0151d\u0151 v\u00e1rosban engem is v\u00e1rt. A vil\u00e1g minden t\u00e1j\u00e1r\u00f3l \u00f6z\u00f6nl\u00f6ttek a szervez\u0151k, a csapatok \u00e9s a rajong\u00f3k.<\/p>\n<p>Az A.S.O aut\u00f3- \u00e9s motorfelel\u0151se, Franck Meneghini szem\u00e9lyesen tal\u00e1lkozott velem, hogy meggy\u0151z\u00f6dj\u00f6n r\u00f3la: j\u00f3 kezekben lesz a modell. Ek\u00f6zben a v\u00e1ros megbolondult.<\/p>\n<p>A m\u00e9lygar\u00e1zsb\u00f3l kihajtva felvettem a kapcsolatot Jakubbal, aki robog\u00f3val k\u00f6zlekedett. Megbesz\u00e9lt\u00fck, hogy hol tal\u00e1lkozunk, mert \u00fajra kellett tervezn\u00fcnk a fot\u00f3z\u00e1st, az eredeti \u00f6tleteinket lehetetlen lett volna ilyen forgalomban megval\u00f3s\u00edtani. Amint oda\u00e9rtem a tal\u00e1lkoz\u00e1si ponthoz \u00e9s megpr\u00f3b\u00e1ltam leh\u00faz\u00f3dni a j\u00e1rdaszeg\u00e9ny mell\u00e9, megjelent a s\u00e1rga busz a jobb oldalamon. V\u00e9gzetesen k\u00f6zel. Azt\u00e1n m\u00e1r hallottam is az ijeszt\u0151 csikorg\u00e1st.<\/p>\n<figure id=\"attachment_11902\" aria-describedby=\"caption-attachment-11902\" style=\"width: 1250px\" class=\"wp-caption alignnone\"><a href=\"https:\/\/d2p6e6u75xmxt8.cloudfront.net\/12\/2021\/07\/SKODA-SUPERB-iV-7.jpg\"><img loading=\"lazy\" decoding=\"async\" class=\"size-full wp-image-11902\" src=\"https:\/\/d2p6e6u75xmxt8.cloudfront.net\/12\/2021\/07\/SKODA-SUPERB-iV-7.jpg\" alt=\"\" width=\"1250\" height=\"834\" srcset=\"https:\/\/d2p6e6u75xmxt8.cloudfront.net\/12\/2021\/07\/SKODA-SUPERB-iV-7.jpg 1250w, https:\/\/d2p6e6u75xmxt8.cloudfront.net\/12\/2021\/07\/SKODA-SUPERB-iV-7-300x200.jpg 300w, https:\/\/d2p6e6u75xmxt8.cloudfront.net\/12\/2021\/07\/SKODA-SUPERB-iV-7-1024x683.jpg 1024w, https:\/\/d2p6e6u75xmxt8.cloudfront.net\/12\/2021\/07\/SKODA-SUPERB-iV-7-768x512.jpg 768w, https:\/\/d2p6e6u75xmxt8.cloudfront.net\/12\/2021\/07\/SKODA-SUPERB-iV-7-272x182.jpg 272w\" sizes=\"auto, (max-width: 1250px) 100vw, 1250px\" \/><\/a><figcaption id=\"caption-attachment-11902\" class=\"wp-caption-text\">A k\u00e9pek az\u00e9rt j\u00f3l siker\u00fcltek!<\/figcaption><\/figure>\n<p>Elborzadva \u00e9s anyanyelvem legcifr\u00e1bb k\u00e1romkod\u00e1sainak felid\u00e9z\u00e9se k\u00f6zepette h\u00faz\u00f3dtam f\u00e9lre. A busz is meg\u00e1llt, a sof\u0151r kisz\u00e1llt, az utasok pedig az ablakokra tapadtak. Volt, aki szelfizett is. B\u00e1r egy sz\u00f3t sem \u00e9rtettem abb\u00f3l, amit a k\u00f6r\u00fcl\u00f6tt\u00fcnk \u00e1ll\u00f3k mondtak, valaki angolul biztos\u00edtott r\u00f3la, hogy nem az \u00e9n hib\u00e1m volt a baleset.<\/p>\n<p>Mivel a buszsof\u0151rnek az utasokkal teli j\u00e1rm\u0171v\u00e9vel kellett foglalkoznia, gyorsan a kezembe nyomott egy hivatalos \u0171rlapot, amit kit\u00f6lt\u00f6ttem, mindketten al\u00e1\u00edrtuk, \u00e9s m\u00e1r ment is. Ezut\u00e1n alaposabban felm\u00e9rtem a k\u00e1rt.<\/p>\n<p>Tulajdonk\u00e9ppen nem is volt olyan rossz a helyzet. Az els\u0151 s\u00e1rv\u00e9d\u0151 \u00e9s a ker\u00e9k f\u00f6l\u00f6tti f\u00e9nyez\u00e9s b\u00e1nta a dolgot. A t\u00f6r\u00f6tt visszapillant\u00f3t\u00fckr\u00f6t siker\u00fclt annyira megjav\u00edtanom, hogy szinte \u00fajnak t\u0171nt. Az aut\u00f3 m\u0171k\u00f6d\u0151k\u00e9pes volt, de kor\u00e1ntsem t\u00f6k\u00e9letes.<\/p>\n<p>Nem volt mit tenni, felh\u00edvtam az A.S.O-t. Megtudtam, hogy \u00e9pp akkor \u00e9rkezett egy szervizcsapat Nizz\u00e1ba, ami a Tour konvoj\u00e1hoz tartoz\u00f3 j\u00e1rm\u0171vek\u00e9rt volt felel\u0151s. Megkaptam a csapat f\u0151n\u00f6ke, Radovan Beran telefonsz\u00e1m\u00e1t.<\/p>\n<p><em>\u201eNe agg\u00f3dj, megoldjuk\u201d<\/em> \u2013 nyugtatott meg a telefonban. Volt teh\u00e1t m\u00e9g rem\u00e9ny!<\/p>\n<p>Mivel az igazgat\u00f3 piros aut\u00f3ja abszol\u00fat priorit\u00e1s, az \u00f6sszes p\u00f3talkatr\u00e9szt, bele\u00e9rtve a l\u00f6kh\u00e1r\u00edt\u00f3kat, a s\u00e1rv\u00e9d\u0151ket \u00e9s az ajt\u00f3kat is, szervizkocsikban sz\u00e1ll\u00edtj\u00e1k, \u00e9s el\u0151re pirosra festik, hogy id\u0151t takar\u00edtsanak meg, ha cser\u00e9re van sz\u00fcks\u00e9g. A szerel\u0151knek csak annyit kellett tenni\u00fck, hogy kicser\u00e9lik a megs\u00e9r\u00fclt r\u00e9szeket. Egy \u00e1tlagos szervizben ak\u00e1r h\u00e1rom napig is eltartott volna a jav\u00edt\u00e1s, most azonban csak n\u00e9h\u00e1ny \u00f3r\u00e1ba telt!<\/p>\n<p>A Tour t\u00f6bbi aut\u00f3ja eset\u00e9ben a mobil szervizcsapat gyorsan sz\u00e1rad\u00f3 fest\u00e9keket haszn\u00e1l. \u201e<em>Van, hogy az utc\u00e1n festj\u00fck le a s\u00e1rv\u00e9d\u0151ket\u201d<\/em> &#8211; mondta Beran. A Kosmonosy Service Center r\u00e9szleg\u00e9nek vezet\u0151jek\u00e9nt szem\u00e9lyesen felel a Tour de France-ra \u00e9s a Vuelt\u00e1ra k\u00fcld\u00f6tt aut\u00f3k\u00e9rt.<\/p>\n<figure id=\"attachment_11904\" aria-describedby=\"caption-attachment-11904\" style=\"width: 1600px\" class=\"wp-caption alignnone\"><a href=\"https:\/\/d2p6e6u75xmxt8.cloudfront.net\/12\/2021\/07\/MT274d6bb_TDF_180713_OLA_3446.jpg\"><img loading=\"lazy\" decoding=\"async\" class=\"size-full wp-image-11904\" src=\"https:\/\/d2p6e6u75xmxt8.cloudfront.net\/12\/2021\/07\/MT274d6bb_TDF_180713_OLA_3446.jpg\" alt=\"\" width=\"1600\" height=\"1066\" srcset=\"https:\/\/d2p6e6u75xmxt8.cloudfront.net\/12\/2021\/07\/MT274d6bb_TDF_180713_OLA_3446.jpg 1600w, https:\/\/d2p6e6u75xmxt8.cloudfront.net\/12\/2021\/07\/MT274d6bb_TDF_180713_OLA_3446-300x200.jpg 300w, https:\/\/d2p6e6u75xmxt8.cloudfront.net\/12\/2021\/07\/MT274d6bb_TDF_180713_OLA_3446-1024x682.jpg 1024w, https:\/\/d2p6e6u75xmxt8.cloudfront.net\/12\/2021\/07\/MT274d6bb_TDF_180713_OLA_3446-768x512.jpg 768w, https:\/\/d2p6e6u75xmxt8.cloudfront.net\/12\/2021\/07\/MT274d6bb_TDF_180713_OLA_3446-1536x1023.jpg 1536w, https:\/\/d2p6e6u75xmxt8.cloudfront.net\/12\/2021\/07\/MT274d6bb_TDF_180713_OLA_3446-272x182.jpg 272w\" sizes=\"auto, (max-width: 1600px) 100vw, 1600px\" \/><\/a><figcaption id=\"caption-attachment-11904\" class=\"wp-caption-text\">Radovan Beran. Fot\u00f3: Tom\u00e1\u0161 Macek I MAFRA<\/figcaption><\/figure>\n<p>Arra a k\u00e9rd\u00e9sre, hogy melyik versenyen akad t\u00f6bb dolga, \u00edgy v\u00e1laszolt: <em>\u201eA Tour vesz\u00e9lyesebb, t\u00f6bb az aut\u00f3 az utakon \u00e9s nagyobb a forgalom is. \u00c9s ha a szervez\u0151csapat egy hozz\u00e1d hasonl\u00f3 tagja megkeres egy t\u00f6r\u00f6tt visszapillant\u00f3val, \u0151t sem utas\u00edthatom vissza!\u201d<\/em><\/p>\n<p>Beran minden \u00e9vben statisztik\u00e1t vezet, ez\u00e9rt pontos sz\u00e1mokat is l\u00e1thatunk. A 2019-es \u00e9vben 250 jav\u00edt\u00e1st jegyzett fel. Ez 70 esetben kisebb beavatkoz\u00e1s volt: lyukas gumikat \u00e9s megrepedt sz\u00e9lv\u00e9d\u0151ket kellett cser\u00e9lni\u00fck. A t\u00f6bbi s\u00e9r\u00fclt vagy \u00f6sszet\u00f6rt f\u00e9m alkatr\u00e9sz volt. A leggyakrabban \u00e9rtintett elemek az els\u0151 l\u00f6kh\u00e1r\u00edt\u00f3k, a visszapillant\u00f3t\u00fckr\u00f6k, a sz\u00e9lv\u00e9d\u0151k \u00e9s a motorh\u00e1ztet\u0151k voltak. T\u00f6bb\u00e9ves tapasztalattal a h\u00e1tuk m\u00f6g\u00f6tt, a szervizcsapat tagja m\u00e1r meg tudj\u00e1k becs\u00fclni melyik alkatr\u00e9szb\u0151l, mennyire lesz sz\u00fcks\u00e9g. K\u00e9t nagy teheraut\u00f3val sz\u00e1ll\u00edtj\u00e1k ezeket Csehorsz\u00e1gb\u00f3l! Ha azonban m\u00e9gis sz\u00fcks\u00e9g\u00fck van valamire, ami nincs n\u00e1luk a mlad\u00e1 boleslav-i \u0160koda Auto Parts Centre k\u00e9szen \u00e1ll, hogy azonnal elk\u00fcldje nekik a hi\u00e1nyz\u00f3 r\u00e9szt.<\/p>\n<p>Annak ellen\u00e9re, hogy a helyi szervizek is seg\u00edtenek a bonyolultabb jav\u00edt\u00e1sokn\u00e1l, Beran jobban szereti saj\u00e1t maga elv\u00e9gezni a munk\u00e1t, mert a t\u00e1vols\u00e1gok \u00e9s a forgalom miatt sokat kell v\u00e1rni a seg\u00edts\u00e9gre.<\/p>\n<p>A csapat 11 emberb\u0151l \u00e1ll: \u00f6t szerel\u0151b\u0151l, k\u00e9t f\u00e9mmunk\u00e1sb\u00f3l, k\u00e9t sof\u0151rb\u0151l \u00e9s persze Beranb\u00f3l. Az egyik szerel\u0151 egy elektromos aut\u00f3kkal foglalkoz\u00f3 szakember, aki szervizelni tudja a \u0160koda ENYAQ iV modellt. A f\u00e9mmunk\u00e1soknak k\u00e9pesnek kell lenni\u00fck az egyes alkatr\u00e9szek kiegyenes\u00edt\u00e9s\u00e9re a fest\u00e9k k\u00e1rosod\u00e1sa n\u00e9lk\u00fcl. A sof\u0151r\u00f6k legnagyobb feladat a keskeny hegyi utakon val\u00f3 lav\u00edroz\u00e1s<em>. \u201eRengeteg tud\u00e1st \u00e9s tapasztalatot gy\u0171jt\u00f6ttem a Tour-on\u201d <\/em>\u2013 mes\u00e9lte Beran.<\/p>\n<p>A csapatnak minden nap legk\u00e9s\u0151bb d\u00e9lut\u00e1n kett\u0151kor a c\u00e9ln\u00e1l kell lennie, de m\u00e9g jobb, ha m\u00e1r d\u00e9lre oda\u00e9rnek, hogy elker\u00fclj\u00e9k a torl\u00f3d\u00e1sokat. Miut\u00e1n este 9 k\u00f6r\u00fcl v\u00e9geztek a munk\u00e1val, m\u00e9g mindig 100-250 km-et kell megtenni\u00fck, hogy a k\u00f6vetkez\u0151 sz\u00e1llod\u00e1ba \u00e9rjenek. <em>\u201eNom\u00e1d \u00e9let, de a 18. \u00e9v ut\u00e1n lassan megszokom\u201d<\/em> \u2013 nevetett Beran.<\/p>\n<p>M\u00e9g miel\u0151tt elk\u00e9sz\u00fclt volna r\u00f6gt\u00f6nz\u00f6tt interj\u00fank, a \u0160koda SUPERB iV \u00fajra t\u00f6k\u00e9letes form\u00e1ban gurult el\u00e9nk. \u201eSzeretne vezetni?\u201d \u2013 k\u00e9rdezte Beran. Udvariasan h\u00e1r\u00edtottam el a lehet\u0151s\u00e9get. Mindenf\u00e9le t\u00falz\u00e1s n\u00e9lk\u00fcl \u00e1ll\u00edthatom, hogy a szervizcsapat mentette meg a Tour-t! \u00d6r\u00f6k h\u00e1la, sr\u00e1cok!<\/p>\n","protected":false},"excerpt":{"rendered":"<p>\u201eIstenem, seg\u00edts!\u201d \u2013 ez volt az els\u0151 gondolatom, amikor tavaly \u00f6sszet\u00f6rtem a Tour de France versenyigazgat\u00f3j\u00e1nak h\u00edres, piros \u0160koda SUPERB [&hellip;]<\/p>\n","protected":false},"author":71,"featured_media":11900,"comment_status":"closed","ping_status":"closed","sticky":false,"template":"","format":"standard","meta":{"footnotes":""},"categories":[96],"tags":[],"global-categories":[],"class_list":["post-11899","post","type-post","status-publish","format-standard","has-post-thumbnail","hentry","category-tour-de-france"],"yoast_head":"<!-- This site is optimized with the Yoast SEO Premium plugin v25.3 (Yoast SEO v25.9) - https:\/\/yoast.com\/wordpress\/plugins\/seo\/ -->\n<title>\u00cdgy mentette meg a \u0160koda szervizcsapata a TdF felvezet\u0151 aut\u00f3j\u00e1t egy nappal a verseny el\u0151tt - \u0160koda We Love Cycling - Magyarorsz\u00e1g<\/title>\n<meta name=\"description\" content=\"\u201eIstenem, seg\u00edts!\u201d \u2013 ez volt az els\u0151 gondolatom, amikor tavaly \u00f6sszet\u00f6rtem a Tour de France versenyigazgat\u00f3j\u00e1nak h\u00edres, piros \u0160koda SUPERB iV aut\u00f3j\u00e1t. Nem az t\u00f6rt\u00e9nt, hogy a saj\u00e1t aut\u00f3mmal nekimentem, hanem \u00e9n vezettem az \u00e1talak\u00edtott v\u00f6r\u00f6s csod\u00e1t! Mindezt egy nappal a 2020-as TdF rajtja el\u0151tt\u2026\" \/>\n<meta name=\"robots\" content=\"index, follow, max-snippet:-1, max-image-preview:large, max-video-preview:-1\" \/>\n<link rel=\"canonical\" href=\"https:\/\/www.welovecycling.com\/hu\/tour-de-france\/igy-mentette-meg-a-skoda-szervizcsapata-a-tdf-felvezeto-autojat-egy-nappal-a-verseny-elott\/\" \/>\n<meta property=\"og:locale\" content=\"hu_HU\" \/>\n<meta property=\"og:type\" content=\"article\" \/>\n<meta property=\"og:title\" content=\"\u00cdgy mentette meg a \u0160koda szervizcsapata a TdF felvezet\u0151 aut\u00f3j\u00e1t egy nappal a verseny el\u0151tt\" \/>\n<meta property=\"og:description\" content=\"\u201eIstenem, seg\u00edts!\u201d \u2013 ez volt az els\u0151 gondolatom, amikor tavaly \u00f6sszet\u00f6rtem a Tour de France versenyigazgat\u00f3j\u00e1nak h\u00edres, piros \u0160koda SUPERB iV aut\u00f3j\u00e1t. Nem az t\u00f6rt\u00e9nt, hogy a saj\u00e1t aut\u00f3mmal nekimentem, hanem \u00e9n vezettem az \u00e1talak\u00edtott v\u00f6r\u00f6s csod\u00e1t! Mindezt egy nappal a 2020-as TdF rajtja el\u0151tt\u2026\" \/>\n<meta property=\"og:url\" content=\"https:\/\/www.welovecycling.com\/hu\/tour-de-france\/igy-mentette-meg-a-skoda-szervizcsapata-a-tdf-felvezeto-autojat-egy-nappal-a-verseny-elott\/\" \/>\n<meta property=\"og:site_name\" content=\"\u0160koda We Love Cycling - Magyarorsz\u00e1g\" \/>\n<meta property=\"article:publisher\" content=\"https:\/\/www.facebook.com\/WeLoveCyclingHungary\/\" \/>\n<meta property=\"article:published_time\" content=\"2021-07-09T06:00:32+00:00\" \/>\n<meta property=\"og:image\" content=\"https:\/\/d2p6e6u75xmxt8.cloudfront.net\/12\/2021\/07\/SKODA-SUPERB-iV-8.jpg\" \/>\n\t<meta property=\"og:image:width\" content=\"1250\" \/>\n\t<meta property=\"og:image:height\" content=\"834\" \/>\n\t<meta property=\"og:image:type\" content=\"image\/jpeg\" \/>\n<meta name=\"author\" content=\"hegyizs\" \/>\n<meta name=\"twitter:card\" content=\"summary_large_image\" \/>\n<meta name=\"twitter:label1\" content=\"Written by\" \/>\n\t<meta name=\"twitter:data1\" content=\"WLC\" \/>\n\t<meta name=\"twitter:label2\" content=\"Est. reading time\" \/>\n\t<meta name=\"twitter:data2\" content=\"7 minutes\" \/>\n<script type=\"application\/ld+json\" class=\"yoast-schema-graph\">{\"@context\":\"https:\/\/schema.org\",\"@graph\":[{\"@type\":\"WebPage\",\"@id\":\"https:\/\/www.welovecycling.com\/hu\/tour-de-france\/igy-mentette-meg-a-skoda-szervizcsapata-a-tdf-felvezeto-autojat-egy-nappal-a-verseny-elott\/\",\"url\":\"https:\/\/www.welovecycling.com\/hu\/tour-de-france\/igy-mentette-meg-a-skoda-szervizcsapata-a-tdf-felvezeto-autojat-egy-nappal-a-verseny-elott\/\",\"name\":\"\u00cdgy mentette meg a \u0160koda szervizcsapata a TdF felvezet\u0151 aut\u00f3j\u00e1t egy nappal a verseny el\u0151tt - \u0160koda We Love Cycling - Magyarorsz\u00e1g\",\"isPartOf\":{\"@id\":\"https:\/\/www.welovecycling.com\/hu\/#website\"},\"primaryImageOfPage\":{\"@id\":\"https:\/\/www.welovecycling.com\/hu\/tour-de-france\/igy-mentette-meg-a-skoda-szervizcsapata-a-tdf-felvezeto-autojat-egy-nappal-a-verseny-elott\/#primaryimage\"},\"image\":{\"@id\":\"https:\/\/www.welovecycling.com\/hu\/tour-de-france\/igy-mentette-meg-a-skoda-szervizcsapata-a-tdf-felvezeto-autojat-egy-nappal-a-verseny-elott\/#primaryimage\"},\"thumbnailUrl\":\"https:\/\/d2p6e6u75xmxt8.cloudfront.net\/12\/2021\/07\/SKODA-SUPERB-iV-8.jpg\",\"datePublished\":\"2021-07-09T06:00:32+00:00\",\"author\":{\"@id\":\"https:\/\/www.welovecycling.com\/hu\/#\/schema\/person\/414a2aebf1801691a5320edb6468e194\"},\"description\":\"\u201eIstenem, seg\u00edts!\u201d \u2013 ez volt az els\u0151 gondolatom, amikor tavaly \u00f6sszet\u00f6rtem a Tour de France versenyigazgat\u00f3j\u00e1nak h\u00edres, piros \u0160koda SUPERB iV aut\u00f3j\u00e1t. Nem az t\u00f6rt\u00e9nt, hogy a saj\u00e1t aut\u00f3mmal nekimentem, hanem \u00e9n vezettem az \u00e1talak\u00edtott v\u00f6r\u00f6s csod\u00e1t! Mindezt egy nappal a 2020-as TdF rajtja el\u0151tt\u2026\",\"breadcrumb\":{\"@id\":\"https:\/\/www.welovecycling.com\/hu\/tour-de-france\/igy-mentette-meg-a-skoda-szervizcsapata-a-tdf-felvezeto-autojat-egy-nappal-a-verseny-elott\/#breadcrumb\"},\"inLanguage\":\"hu\",\"potentialAction\":[{\"@type\":\"ReadAction\",\"target\":[\"https:\/\/www.welovecycling.com\/hu\/tour-de-france\/igy-mentette-meg-a-skoda-szervizcsapata-a-tdf-felvezeto-autojat-egy-nappal-a-verseny-elott\/\"]}]},{\"@type\":\"ImageObject\",\"inLanguage\":\"hu\",\"@id\":\"https:\/\/www.welovecycling.com\/hu\/tour-de-france\/igy-mentette-meg-a-skoda-szervizcsapata-a-tdf-felvezeto-autojat-egy-nappal-a-verseny-elott\/#primaryimage\",\"url\":\"https:\/\/d2p6e6u75xmxt8.cloudfront.net\/12\/2021\/07\/SKODA-SUPERB-iV-8.jpg\",\"contentUrl\":\"https:\/\/d2p6e6u75xmxt8.cloudfront.net\/12\/2021\/07\/SKODA-SUPERB-iV-8.jpg\",\"width\":1250,\"height\":834},{\"@type\":\"BreadcrumbList\",\"@id\":\"https:\/\/www.welovecycling.com\/hu\/tour-de-france\/igy-mentette-meg-a-skoda-szervizcsapata-a-tdf-felvezeto-autojat-egy-nappal-a-verseny-elott\/#breadcrumb\",\"itemListElement\":[{\"@type\":\"ListItem\",\"position\":1,\"name\":\"Home\",\"item\":\"https:\/\/www.welovecycling.com\/hu\/\"},{\"@type\":\"ListItem\",\"position\":2,\"name\":\"\u00cdgy mentette meg a \u0160koda szervizcsapata a TdF felvezet\u0151 aut\u00f3j\u00e1t egy nappal a verseny el\u0151tt\"}]},{\"@type\":\"WebSite\",\"@id\":\"https:\/\/www.welovecycling.com\/hu\/#website\",\"url\":\"https:\/\/www.welovecycling.com\/hu\/\",\"name\":\"\u0160koda We Love Cycling - Magyarorsz\u00e1g\",\"description\":\"\u0160koda WeLoveCycling\",\"potentialAction\":[{\"@type\":\"SearchAction\",\"target\":{\"@type\":\"EntryPoint\",\"urlTemplate\":\"https:\/\/www.welovecycling.com\/hu\/?s={search_term_string}\"},\"query-input\":{\"@type\":\"PropertyValueSpecification\",\"valueRequired\":true,\"valueName\":\"search_term_string\"}}],\"inLanguage\":\"hu\"},{\"@type\":\"Person\",\"@id\":\"https:\/\/www.welovecycling.com\/hu\/#\/schema\/person\/414a2aebf1801691a5320edb6468e194\",\"name\":\"hegyizs\",\"image\":{\"@type\":\"ImageObject\",\"inLanguage\":\"hu\",\"@id\":\"https:\/\/www.welovecycling.com\/hu\/#\/schema\/person\/image\/\",\"url\":\"https:\/\/secure.gravatar.com\/avatar\/02cf8a7906b8cf90cecb4679defac7cfd33a1c2e3b88e4903d947f3bb58eedd3?s=96&d=mm&r=g\",\"contentUrl\":\"https:\/\/secure.gravatar.com\/avatar\/02cf8a7906b8cf90cecb4679defac7cfd33a1c2e3b88e4903d947f3bb58eedd3?s=96&d=mm&r=g\",\"caption\":\"hegyizs\"},\"url\":\"https:\/\/www.welovecycling.com\/hu\/author\/hegyizs\/\"}]}<\/script>\n<!-- \/ Yoast SEO Premium plugin. -->","yoast_head_json":{"title":"\u00cdgy mentette meg a \u0160koda szervizcsapata a TdF felvezet\u0151 aut\u00f3j\u00e1t egy nappal a verseny el\u0151tt - \u0160koda We Love Cycling - Magyarorsz\u00e1g","description":"\u201eIstenem, seg\u00edts!\u201d \u2013 ez volt az els\u0151 gondolatom, amikor tavaly \u00f6sszet\u00f6rtem a Tour de France versenyigazgat\u00f3j\u00e1nak h\u00edres, piros \u0160koda SUPERB iV aut\u00f3j\u00e1t. Nem az t\u00f6rt\u00e9nt, hogy a saj\u00e1t aut\u00f3mmal nekimentem, hanem \u00e9n vezettem az \u00e1talak\u00edtott v\u00f6r\u00f6s csod\u00e1t! Mindezt egy nappal a 2020-as TdF rajtja el\u0151tt\u2026","robots":{"index":"index","follow":"follow","max-snippet":"max-snippet:-1","max-image-preview":"max-image-preview:large","max-video-preview":"max-video-preview:-1"},"canonical":"https:\/\/www.welovecycling.com\/hu\/tour-de-france\/igy-mentette-meg-a-skoda-szervizcsapata-a-tdf-felvezeto-autojat-egy-nappal-a-verseny-elott\/","og_locale":"hu_HU","og_type":"article","og_title":"\u00cdgy mentette meg a \u0160koda szervizcsapata a TdF felvezet\u0151 aut\u00f3j\u00e1t egy nappal a verseny el\u0151tt","og_description":"\u201eIstenem, seg\u00edts!\u201d \u2013 ez volt az els\u0151 gondolatom, amikor tavaly \u00f6sszet\u00f6rtem a Tour de France versenyigazgat\u00f3j\u00e1nak h\u00edres, piros \u0160koda SUPERB iV aut\u00f3j\u00e1t. Nem az t\u00f6rt\u00e9nt, hogy a saj\u00e1t aut\u00f3mmal nekimentem, hanem \u00e9n vezettem az \u00e1talak\u00edtott v\u00f6r\u00f6s csod\u00e1t! Mindezt egy nappal a 2020-as TdF rajtja el\u0151tt\u2026","og_url":"https:\/\/www.welovecycling.com\/hu\/tour-de-france\/igy-mentette-meg-a-skoda-szervizcsapata-a-tdf-felvezeto-autojat-egy-nappal-a-verseny-elott\/","og_site_name":"\u0160koda We Love Cycling - Magyarorsz\u00e1g","article_publisher":"https:\/\/www.facebook.com\/WeLoveCyclingHungary\/","article_published_time":"2021-07-09T06:00:32+00:00","og_image":[{"width":1250,"height":834,"url":"https:\/\/d2p6e6u75xmxt8.cloudfront.net\/12\/2021\/07\/SKODA-SUPERB-iV-8.jpg","type":"image\/jpeg"}],"author":"hegyizs","twitter_card":"summary_large_image","twitter_misc":{"Written by":"WLC","Est. reading time":"7 minutes"},"schema":{"@context":"https:\/\/schema.org","@graph":[{"@type":"WebPage","@id":"https:\/\/www.welovecycling.com\/hu\/tour-de-france\/igy-mentette-meg-a-skoda-szervizcsapata-a-tdf-felvezeto-autojat-egy-nappal-a-verseny-elott\/","url":"https:\/\/www.welovecycling.com\/hu\/tour-de-france\/igy-mentette-meg-a-skoda-szervizcsapata-a-tdf-felvezeto-autojat-egy-nappal-a-verseny-elott\/","name":"\u00cdgy mentette meg a \u0160koda szervizcsapata a TdF felvezet\u0151 aut\u00f3j\u00e1t egy nappal a verseny el\u0151tt - \u0160koda We Love Cycling - Magyarorsz\u00e1g","isPartOf":{"@id":"https:\/\/www.welovecycling.com\/hu\/#website"},"primaryImageOfPage":{"@id":"https:\/\/www.welovecycling.com\/hu\/tour-de-france\/igy-mentette-meg-a-skoda-szervizcsapata-a-tdf-felvezeto-autojat-egy-nappal-a-verseny-elott\/#primaryimage"},"image":{"@id":"https:\/\/www.welovecycling.com\/hu\/tour-de-france\/igy-mentette-meg-a-skoda-szervizcsapata-a-tdf-felvezeto-autojat-egy-nappal-a-verseny-elott\/#primaryimage"},"thumbnailUrl":"https:\/\/d2p6e6u75xmxt8.cloudfront.net\/12\/2021\/07\/SKODA-SUPERB-iV-8.jpg","datePublished":"2021-07-09T06:00:32+00:00","author":{"@id":"https:\/\/www.welovecycling.com\/hu\/#\/schema\/person\/414a2aebf1801691a5320edb6468e194"},"description":"\u201eIstenem, seg\u00edts!\u201d \u2013 ez volt az els\u0151 gondolatom, amikor tavaly \u00f6sszet\u00f6rtem a Tour de France versenyigazgat\u00f3j\u00e1nak h\u00edres, piros \u0160koda SUPERB iV aut\u00f3j\u00e1t. Nem az t\u00f6rt\u00e9nt, hogy a saj\u00e1t aut\u00f3mmal nekimentem, hanem \u00e9n vezettem az \u00e1talak\u00edtott v\u00f6r\u00f6s csod\u00e1t! Mindezt egy nappal a 2020-as TdF rajtja el\u0151tt\u2026","breadcrumb":{"@id":"https:\/\/www.welovecycling.com\/hu\/tour-de-france\/igy-mentette-meg-a-skoda-szervizcsapata-a-tdf-felvezeto-autojat-egy-nappal-a-verseny-elott\/#breadcrumb"},"inLanguage":"hu","potentialAction":[{"@type":"ReadAction","target":["https:\/\/www.welovecycling.com\/hu\/tour-de-france\/igy-mentette-meg-a-skoda-szervizcsapata-a-tdf-felvezeto-autojat-egy-nappal-a-verseny-elott\/"]}]},{"@type":"ImageObject","inLanguage":"hu","@id":"https:\/\/www.welovecycling.com\/hu\/tour-de-france\/igy-mentette-meg-a-skoda-szervizcsapata-a-tdf-felvezeto-autojat-egy-nappal-a-verseny-elott\/#primaryimage","url":"https:\/\/d2p6e6u75xmxt8.cloudfront.net\/12\/2021\/07\/SKODA-SUPERB-iV-8.jpg","contentUrl":"https:\/\/d2p6e6u75xmxt8.cloudfront.net\/12\/2021\/07\/SKODA-SUPERB-iV-8.jpg","width":1250,"height":834},{"@type":"BreadcrumbList","@id":"https:\/\/www.welovecycling.com\/hu\/tour-de-france\/igy-mentette-meg-a-skoda-szervizcsapata-a-tdf-felvezeto-autojat-egy-nappal-a-verseny-elott\/#breadcrumb","itemListElement":[{"@type":"ListItem","position":1,"name":"Home","item":"https:\/\/www.welovecycling.com\/hu\/"},{"@type":"ListItem","position":2,"name":"\u00cdgy mentette meg a \u0160koda szervizcsapata a TdF felvezet\u0151 aut\u00f3j\u00e1t egy nappal a verseny el\u0151tt"}]},{"@type":"WebSite","@id":"https:\/\/www.welovecycling.com\/hu\/#website","url":"https:\/\/www.welovecycling.com\/hu\/","name":"\u0160koda We Love Cycling - Magyarorsz\u00e1g","description":"\u0160koda WeLoveCycling","potentialAction":[{"@type":"SearchAction","target":{"@type":"EntryPoint","urlTemplate":"https:\/\/www.welovecycling.com\/hu\/?s={search_term_string}"},"query-input":{"@type":"PropertyValueSpecification","valueRequired":true,"valueName":"search_term_string"}}],"inLanguage":"hu"},{"@type":"Person","@id":"https:\/\/www.welovecycling.com\/hu\/#\/schema\/person\/414a2aebf1801691a5320edb6468e194","name":"hegyizs","image":{"@type":"ImageObject","inLanguage":"hu","@id":"https:\/\/www.welovecycling.com\/hu\/#\/schema\/person\/image\/","url":"https:\/\/secure.gravatar.com\/avatar\/02cf8a7906b8cf90cecb4679defac7cfd33a1c2e3b88e4903d947f3bb58eedd3?s=96&d=mm&r=g","contentUrl":"https:\/\/secure.gravatar.com\/avatar\/02cf8a7906b8cf90cecb4679defac7cfd33a1c2e3b88e4903d947f3bb58eedd3?s=96&d=mm&r=g","caption":"hegyizs"},"url":"https:\/\/www.welovecycling.com\/hu\/author\/hegyizs\/"}]}},"_links":{"self":[{"href":"https:\/\/www.welovecycling.com\/hu\/wp-json\/wp\/v2\/posts\/11899","targetHints":{"allow":["GET"]}}],"collection":[{"href":"https:\/\/www.welovecycling.com\/hu\/wp-json\/wp\/v2\/posts"}],"about":[{"href":"https:\/\/www.welovecycling.com\/hu\/wp-json\/wp\/v2\/types\/post"}],"author":[{"embeddable":true,"href":"https:\/\/www.welovecycling.com\/hu\/wp-json\/wp\/v2\/users\/71"}],"replies":[{"embeddable":true,"href":"https:\/\/www.welovecycling.com\/hu\/wp-json\/wp\/v2\/comments?post=11899"}],"version-history":[{"count":2,"href":"https:\/\/www.welovecycling.com\/hu\/wp-json\/wp\/v2\/posts\/11899\/revisions"}],"predecessor-version":[{"id":11906,"href":"https:\/\/www.welovecycling.com\/hu\/wp-json\/wp\/v2\/posts\/11899\/revisions\/11906"}],"wp:featuredmedia":[{"embeddable":true,"href":"https:\/\/www.welovecycling.com\/hu\/wp-json\/wp\/v2\/media\/11900"}],"wp:attachment":[{"href":"https:\/\/www.welovecycling.com\/hu\/wp-json\/wp\/v2\/media?parent=11899"}],"wp:term":[{"taxonomy":"category","embeddable":true,"href":"https:\/\/www.welovecycling.com\/hu\/wp-json\/wp\/v2\/categories?post=11899"},{"taxonomy":"post_tag","embeddable":true,"href":"https:\/\/www.welovecycling.com\/hu\/wp-json\/wp\/v2\/tags?post=11899"},{"taxonomy":"global-categories","embeddable":true,"href":"https:\/\/www.welovecycling.com\/hu\/wp-json\/wp\/v2\/global-categories?post=11899"}],"curies":[{"name":"wp","href":"https:\/\/api.w.org\/{rel}","templated":true}]}}