{"id":11891,"date":"2021-07-08T08:00:22","date_gmt":"2021-07-08T06:00:22","guid":{"rendered":"https:\/\/www.welovecycling.com\/hu\/?p=11891"},"modified":"2022-02-09T09:55:04","modified_gmt":"2022-02-09T07:55:04","slug":"a-skoda-shimano-fuggetlen-szervizautok-belulrol","status":"publish","type":"post","link":"https:\/\/www.welovecycling.com\/hu\/tour-de-france\/a-skoda-shimano-fuggetlen-szervizautok-belulrol\/","title":{"rendered":"A \u0160koda Shimano f\u00fcggetlen szervizaut\u00f3k bel\u00fclr\u0151l"},"content":{"rendered":"<p><strong>\u00daj k\u00f6nt\u00f6sbe \u00f6lt\u00f6znek a f\u00fcggetlen szervizkocsik az idei Tour de France-on. \u00c1tveszi a Shimano k\u00e9kje a Mavic s\u00e1rg\u00e1j\u00e1nak hely\u00e9t, ez pedig egy korszakot jelent a szervizaut\u00f3k t\u00f6rt\u00e9nelm\u00e9ben. Vess\u00fcnk egy pillant\u00e1st a kulissz\u00e1k m\u00f6g\u00e9, hogy l\u00e1ssuk, hogyan k\u00e9sz\u00fcl a Shimano els\u0151 Tour-j\u00e1ra!<\/strong><!--more--><\/p>\n<h2><strong>\u00c1tveszi a Shimano a \u0160koda SUPERB szervizaut\u00f3kat<\/strong><\/h2>\n<p>St\u00edlusosan \u00fcnnepli a c\u00e9g a 100. \u00e9vfordul\u00f3j\u00e1t azzal, hogy a k\u00f6vetkez\u0151 f\u00fcggetlen szervizaut\u00f3-\u00fczemeltet\u0151v\u00e9 l\u00e9p el\u0151. Ez azt jelenti, hogy a Shimano lev\u00e1ltja a Mavicot, ami az elm\u00falt 43 \u00e9vben sietett a bajbajutottak seg\u00edts\u00e9g\u00e9re. De a Shimano sz\u00e1m\u00e1ra sem eg\u00e9szen \u00faj a feladat. H\u00fasz \u00e9v tapasztalat \u00e1ll a h\u00e1tuk m\u00f6g\u00f6tt, melyet m\u00e1s versenyeken szereztek. R\u00e9gi partnerei a Tour de France szervez\u0151j\u00e9nek, az Amaury Sport Organization-nek (ASO), \u00e9s f\u00fcggetlen szervizszolg\u00e1ltat\u00e1st ny\u00fajtanak a La Vuelta-n is.<\/p>\n<div class=\"embed-controller-wrapper\">\n<blockquote class=\"twitter-tweet\" data-width=\"500\" data-dnt=\"true\">\n<p lang=\"en\" dir=\"ltr\">\ud83d\udeb2 <a href=\"https:\/\/twitter.com\/ShimanoROAD?ref_src=twsrc%5Etfw\">@ShimanoROAD<\/a> for neutral support at Tour de France ! \ud83d\udeb2 <\/p>\n<p>\ud83d\udd27 <a href=\"https:\/\/twitter.com\/ShimanoROAD?ref_src=twsrc%5Etfw\">@ShimanoROAD<\/a> will adorn the neutral support cars in all A.S.O. races, offering all riders assistance to get back on the road as quickly as possible in the event of a crash or mechanical issue.<a href=\"https:\/\/twitter.com\/hashtag\/RideShimano?src=hash&amp;ref_src=twsrc%5Etfw\">#RideShimano<\/a> <a href=\"https:\/\/twitter.com\/hashtag\/TDF2021?src=hash&amp;ref_src=twsrc%5Etfw\">#TDF2021<\/a> <a href=\"https:\/\/t.co\/wrJEupw71P\">pic.twitter.com\/wrJEupw71P<\/a><\/p>\n<p>&mdash; Tour de France\u2122 (@LeTour) <a href=\"https:\/\/twitter.com\/LeTour\/status\/1351454935964147715?ref_src=twsrc%5Etfw\">January 19, 2021<\/a><\/p><\/blockquote>\n<p><script async data-src=\"https:\/\/platform.twitter.com\/widgets.js\" charset=\"utf-8\"><\/script><\/div>\n<p>&nbsp;<\/p>\n<h2><strong>Akikr\u0151l nem sz\u00f3l dics\u0151 \u00e9nek<\/strong><\/h2>\n<p>Mit is csin\u00e1lnak pontosan ezek a szervizaut\u00f3k? Sok n\u00e9z\u0151 nem tudja, hogy az olyan hatalmas esem\u00e9nyeken, amilyen a Tour de France is, a szervez\u0151knek nagy sz\u00fcks\u00e9ge van az aut\u00f3kra. Csendesen k\u00f6vetik a mez\u0151nyt \u00e9s minden hib\u00e1t kijav\u00edtanak, amelyek m\u00e1sk\u00fcl\u00f6nben ak\u00e1r a versenyz\u0151k kies\u00e9s\u00e9t is jelenthetn\u00e9k.<\/p>\n<p>Minden csapatban 8 versenyz\u0151 indul, de csak k\u00e9t t\u00e1mogat\u00f3aut\u00f3t kapnak. El\u0151fordul teh\u00e1t, hogy saj\u00e1t aut\u00f3juk t\u00fal messze van, amikor sz\u00fcks\u00e9g lenne r\u00e1. Legyen sz\u00f3 macskak\u00f6vekr\u0151l vagy hegyi szakaszokr\u00f3l, b\u00e1rmikor t\u00f6nkremehet vagy megs\u00e9r\u00fclhet egy alkatr\u00e9sz, ilyenkor pedig a gyors megold\u00e1s \u00e9rdek\u00e9ben a versenyz\u0151k a f\u00fcggetlen szervizaut\u00f3kra t\u00e1maszkodnak.<\/p>\n<p>Ezek a kocsik tartj\u00e1k teh\u00e1t mozg\u00e1sban a versenyt!<\/p>\n<div class=\"embed-controller-wrapper\">\n<blockquote class=\"twitter-tweet\" data-width=\"500\" data-dnt=\"true\">\n<p lang=\"fr\" dir=\"ltr\">\ud83c\udf82 Our partner <a href=\"https:\/\/twitter.com\/ShimanoROAD?ref_src=twsrc%5Etfw\">@ShimanoROAD<\/a> is celebrating its 100th birthday in 2021. Congratulations on the longevity and we will see you on <a href=\"https:\/\/twitter.com\/hashtag\/TDF2021?src=hash&amp;ref_src=twsrc%5Etfw\">#TDF2021<\/a>! <\/p>\n<p>\ud83c\udf82 Notre partenaire <a href=\"https:\/\/twitter.com\/ShimanoROAD?ref_src=twsrc%5Etfw\">@ShimanoROAD<\/a> f\u00eate ses 100 ans en 2021. F\u00e9licitations pour cette long\u00e9vit\u00e9 et rendez-vous sur le <a href=\"https:\/\/twitter.com\/hashtag\/TDF2021?src=hash&amp;ref_src=twsrc%5Etfw\">#TDF2021<\/a> ! <a href=\"https:\/\/t.co\/5GqPBzOo3C\">pic.twitter.com\/5GqPBzOo3C<\/a><\/p>\n<p>&mdash; Tour de France\u2122 (@LeTour) <a href=\"https:\/\/twitter.com\/LeTour\/status\/1374054577436254214?ref_src=twsrc%5Etfw\">March 22, 2021<\/a><\/p><\/blockquote>\n<p><script async data-src=\"https:\/\/platform.twitter.com\/widgets.js\" charset=\"utf-8\"><\/script><\/div>\n<p>&nbsp;<\/p>\n<p>Volt alkalmunk besz\u00e9lgetni Bruno Mallettel, a Shimano szervizcsapat\u00e1nak koordin\u00e1tor\u00e1val, aki megengedte, hogy bekukkanthassunk a szervizaut\u00f3k sz\u00ednter\u00e9nek f\u00fcgg\u00f6nye m\u00f6g\u00e9.<\/p>\n<p>http:\/\/assistance-sports-medias.com\/lequipe\/<\/p>\n<h3><strong>H\u00e1ny f\u00fcggetlen szervizaut\u00f3 van a versenyen?<\/strong><\/h3>\n<p>Egy \u00e1tlagos szakaszon h\u00e1rom \u0160koda SUPERB k\u00eds\u00e9ri a mez\u0151nyt, illetve egy motorker\u00e9kp\u00e1r \u00e9s egy teheraut\u00f3. De minden versenynek megvan a maga egyedi k\u00f6vetelm\u00e9nye.<\/p>\n<p><em>\u201eEl\u0151fordul, hogy ugyanazon a napon k\u00e9t helyen is ott kell lenn\u00fcnk, p\u00e9ld\u00e1ul ha k\u00fcl\u00f6n zajlik a f\u00e9rfiak \u00e9s a n\u0151k megm\u00e9rettet\u00e9se, vagy az ut\u00e1np\u00f3tl\u00e1s \u00e9s a feln\u0151tt verseny. Ilyenkor kijel\u00f6l\u00fcnk egy m\u00e1sodik csapatot, mely k\u00e9t aut\u00f3b\u00f3l \u00e9s egy motorb\u00f3l \u00e1ll \u00e9s az egyik mez\u0151ny\u00e9rt ez felel. De teljesen m\u00e1s a helyzet p\u00e9ld\u00e1ul a P\u00e1rizs-Roubaix eset\u00e9n, ahol jelent\u0151sebb t\u00e1mogat\u00e1st kell ny\u00fajtanunk: itt n\u00e9gy aut\u00f3val, n\u00e9gy motorral \u00e9s egy teheraut\u00f3val vagyunk jelen, mely a t\u00f6bbi seg\u00edt\u0151 j\u00e1rm\u0171vet l\u00e1tja el. A n\u0151i versenyhez pedig h\u00e1rom aut\u00f3ra, k\u00e9t motorker\u00e9kp\u00e1rra \u00e9s egy teheraut\u00f3ra van sz\u00fcks\u00e9g \u201d-<\/em> mondta Bruno Mallet.<\/p>\n<h3><strong>Mi a helyzet a szem\u00e9lyzettel?<\/strong><\/h3>\n<p><em>&#8220;Minden j\u00e1rm\u0171 eset\u00e9ben k\u00e9t ember van a fed\u00e9lzeten, a sof\u0151r \u00e9s egy szerel\u0151&#8221;<\/em> &#8211; magyar\u00e1zta Bruno. Enn\u00e9l t\u00f6bben nem is nagyon f\u00e9rn\u00e9nek el a rengeteg felszerel\u00e9s mellett.<\/p>\n<h3><strong>H\u00e1ny extra ker\u00e9kp\u00e1rt hoztok a versenyz\u0151k sz\u00e1m\u00e1ra?<\/strong><\/h3>\n<p><em>\u201eMinden aut\u00f3hoz tartozik egy tet\u0151csomagtart\u00f3, hat k\u00fcl\u00f6nb\u00f6z\u0151 m\u00e9ret\u0171 ker\u00e9kp\u00e1rral \u00e9s h\u00e1rom p\u00e1r Shimano ker\u00e9kkel. De az aut\u00f3 belsej\u00e9ben m\u00e1s m\u00e1rk\u00e1k kerekei is megtal\u00e1lhat\u00f3k, hogy minden versenyz\u0151nek seg\u00edteni tudjunk\u201d-<\/em> mondta Bruno. Az egyik kih\u00edv\u00e1s, amellyel a szem\u00e9lyzetnek meg kell k\u00fczdenie, a felszerel\u00e9sek sokf\u00e9les\u00e9ge. A versenyz\u0151k egy\u00e9ni jellemz\u0151ir\u0151l nem is besz\u00e9lve!<\/p>\n<div class=\"embed-controller-wrapper\">\n<blockquote class=\"twitter-tweet\" data-width=\"500\" data-dnt=\"true\">\n<p lang=\"es\" dir=\"ltr\">Conor Dunne (2.04 m) y Samuel Dumoulin (1.59 m). El irland\u00e9s estuvo ayer en una de las fugas de <a href=\"https:\/\/twitter.com\/hashtag\/Richmond2015?src=hash&amp;ref_src=twsrc%5Etfw\">#Richmond2015<\/a>. <a href=\"http:\/\/t.co\/oqKWe7PDd6\">pic.twitter.com\/oqKWe7PDd6<\/a><\/p>\n<p>&mdash; Respira Ciclismo (@RespiraCiclismo) <a href=\"https:\/\/twitter.com\/RespiraCiclismo\/status\/648549813169074177?ref_src=twsrc%5Etfw\">September 28, 2015<\/a><\/p><\/blockquote>\n<p><script async data-src=\"https:\/\/platform.twitter.com\/widgets.js\" charset=\"utf-8\"><\/script><\/div>\n<p>&nbsp;<\/p>\n<h3><strong>Honnan tudod, milyen felszerel\u00e9st kell magatokkal vinni?<\/strong><\/h3>\n<p><em>\u201e\u00c9v elej\u00e9n lelt\u00e1rt k\u00e9sz\u00edt\u00fcnk az egyes csapatok felszerel\u00e9s\u00e9r\u0151l, \u00e9s minden verseny el\u0151tt \u00fajra ellen\u0151rizz\u00fck ezt a k\u00e9szletet, hogy megbizonyosodjunk arr\u00f3l, hogy a csapatok nem v\u00e1ltoztattak a ker\u00e9kp\u00e1rjaikon. Ez az\u00e9rt fontos, mert csak megfelel\u0151 felk\u00e9sz\u00fclts\u00e9ggel lehet\u00fcnk hat\u00e9konyak, amikor minden perc sz\u00e1m\u00edt. \u00cdgy pontosan azzal a felszerel\u00e9ssel sz\u00e1ll ki a szerel\u0151 a j\u00e1rm\u0171b\u0151l, amelyre a versenyz\u0151 ker\u00e9kp\u00e1rj\u00e1nak sz\u00fcks\u00e9ge van\u201d-<\/em> magyar\u00e1zta Bruno.<\/p>\n<p>Ez a megk\u00f6zel\u00edt\u00e9s azt jelenti, hogy a szervizaut\u00f3kat hihetetlen mennyis\u00e9g\u0171 felszerel\u00e9ssel kell megt\u00f6lteni. Ami mellett m\u00e9g h\u0171t\u0151knek is el kell f\u00e9rnie, melyek kulacsokkal, energiaszeletekkel \u00e9s g\u00e9lekkel vannak tele.<\/p>\n<p>\u00cdgy n\u00e9z ki egy \u00e1ltagos szervizj\u00e1rm\u0171 felszerelts\u00e9g-list\u00e1ja:<\/p>\n<ul>\n<li>3 Shimano ped\u00e1llal felszerelt ker\u00e9kp\u00e1r<\/li>\n<li>3 ker\u00e9kp\u00e1r m\u00e1s m\u00e1rk\u00e1j\u00fa ped\u00e1lokkal<\/li>\n<li>12 Shimano ker\u00e9k<\/li>\n<li>2 f\u00e9kt\u00e1rcsa<\/li>\n<li>4 h\u00e1ts\u00f3 ker\u00e9k m\u00e1s m\u00e1rk\u00e1t\u00f3l<\/li>\n<li>1 p\u00e1r ped\u00e1l minden versenyen jelenl\u00e9v\u0151 m\u00e1rk\u00e1t\u00f3l<\/li>\n<li>2 l\u00e1nc<\/li>\n<li>2 Shimano Di2 t\u00f6lt\u0151<\/li>\n<li>20 kulacs<\/li>\n<li>24 50 cl \u2013es vizespalack<\/li>\n<li>30 energiag\u00e9l<\/li>\n<li>30 energiaszelet<\/li>\n<li>mindenf\u00e9le szersz\u00e1m<\/li>\n<\/ul>\n<h3><strong>Hogy siker\u00fcl mindezt bepr\u00e9selni?<\/strong><\/h3>\n<p><em>\u201eMinden felszerel\u00e9snek megvan a maga helye. Hat\u00e9kony rendszert kellett ki\u00e9p\u00edten\u00fcnk, hogy gyorsan tudjunk cselekedni. Mi vagyunk a Tetris igazi szak\u00e9rt\u0151i!\u201d<\/em> \u2013 mosolygott Bruno.<\/p>\n<h3><strong>Mi\u00e9rt j\u00f3 mindehhez a \u0160koda SUPERB?<\/strong><\/h3>\n<p><em>\u201eEgy\u00e9rtelm\u0171, hogy t\u00e1gas j\u00e1rm\u0171vekre van sz\u00fcks\u00e9g\u00fcnk, de el\u00e9g er\u0151snek \u00e9s gyorsnak is kell lenni\u00fck ahhoz, hogy azonnal helyet tudjunk vel\u00fck v\u00e1ltoztatni. Ezek a j\u00e1rm\u0171vek szerencs\u00e9re t\u00f6k\u00e9letesen megfelelnek minden krit\u00e9riumnak, \u00e9s m\u00e9g gazdas\u00e1gosak is, hiszen hibridek\u201d<\/em> \u2013 v\u00e1laszolta.<\/p>\n<h3><strong>Hol l\u00e1thatjuk a verseny alatt a Shimano aut\u00f3kat?<\/strong><\/h3>\n<p><em>\u201eK\u00e9t aut\u00f3 \u00e9s egy motor a mez\u0151ny el\u0151tt, egy aut\u00f3 pedig m\u00f6g\u00f6tte halad. Mindegyik j\u00e1rm\u0171 k\u00e9t r\u00e1di\u00f3val van felszerelve, az egyik a Radio Tour v\u00e9tel\u00e9re szolg\u00e1l, a m\u00e1sik pedig egy bels\u0151 kommunik\u00e1ci\u00f3s rendszer, amin kereszt\u00fcl a Shimano j\u00e1rm\u0171vek koordin\u00e1l\u00e1sa zajlik.\u201d<\/em><\/p>\n<h3><strong>Hogyan kezelitek, ha sz\u00e9tszakad a mez\u0151ny?<\/strong><\/h3>\n<p><em>\u201e\u00c1ltal\u00e1nos szab\u00e1ly, hogy ilyenkor a Shimano motorker\u00e9kp\u00e1r k\u00f6veti az els\u0151 versenyz\u0151ket. Ez akkor l\u00e9p \u00e9letbe, amikor 20 m\u00e1sodperc k\u00f6r\u00fcli k\u00fcl\u00f6nbs\u00e9g alakul ki a sz\u00f6kev\u00e9nyek \u00e9s a lemarad\u00f3k k\u00f6z\u00f6tt. Amikor a k\u00fcl\u00f6nbs\u00e9g meghaladja a 35 m\u00e1sodpercet, az els\u0151 Shimano aut\u00f3 is csatlakozik az \u00e9lcsoporthoz. Ez azt jelenti, hogy a motorker\u00e9kp\u00e1r visszat\u00e9rhet a mez\u0151ny t\u00f6bbi r\u00e9sz\u00e9hez\u201d-<\/em> magyar\u00e1zta Bruno.<\/p>\n<p><em>\u201eAmikor az \u00e9lcsoport \u00e9s a mez\u0151ny k\u00f6z\u00f6tti k\u00fcl\u00f6nbs\u00e9g 2,5 perc k\u00f6r\u00fcli, akkor a m\u00e1sodik Shimano aut\u00f3 a motorker\u00e9kp\u00e1r helyett a mez\u0151ny el\u00e9 ker\u00fcl. A motor \u00fajra csatlakozik az el\u00f6l halad\u00f3khoz. Ez a m\u00e1sodik Shimano aut\u00f3 most abban a helyzetben van, hogy t\u00e1mogatni tudja a tov\u00e1bbi t\u00e1mad\u00f3 csoportokat is\u201d-<\/em> folytatta.<\/p>\n<p><em>&#8220;A harmadik Shimano aut\u00f3 a mez\u0151ny m\u00f6g\u00f6tt halad, a zs\u0171ri eln\u00f6ke rendelkez\u00e9s\u00e9re \u00e1ll, \u00e9s az UCI k\u00e9r\u00e9seit teljes\u00edti&#8221;<\/em> &#8211; teszi hozz\u00e1 Bruno.<\/p>\n<p><em>Bor\u00edt\u00f3k\u00e9p: Shimano<\/em><\/p>\n","protected":false},"excerpt":{"rendered":"<p>\u00daj k\u00f6nt\u00f6sbe \u00f6lt\u00f6znek a f\u00fcggetlen szervizkocsik az idei Tour de France-on. \u00c1tveszi a Shimano k\u00e9kje a Mavic s\u00e1rg\u00e1j\u00e1nak hely\u00e9t, ez [&hellip;]<\/p>\n","protected":false},"author":71,"featured_media":11897,"comment_status":"closed","ping_status":"closed","sticky":false,"template":"","format":"standard","meta":{"footnotes":""},"categories":[468,96],"tags":[],"global-categories":[],"class_list":["post-11891","post","type-post","status-publish","format-standard","has-post-thumbnail","hentry","category-skoda","category-tour-de-france"],"yoast_head":"<!-- This site is optimized with the Yoast SEO Premium plugin v25.3 (Yoast SEO v25.9) - https:\/\/yoast.com\/wordpress\/plugins\/seo\/ -->\n<title>A \u0160koda Shimano f\u00fcggetlen szervizaut\u00f3k bel\u00fclr\u0151l - \u0160koda We Love Cycling - Magyarorsz\u00e1g<\/title>\n<meta name=\"description\" content=\"\u00daj k\u00f6nt\u00f6sbe \u00f6lt\u00f6znek a f\u00fcggetlen szervizkocsik az idei Tour de France-on. \u00c1tveszi a Shimano k\u00e9kje a Mavic s\u00e1rg\u00e1j\u00e1nak hely\u00e9t, ez pedig egy korszakot jelent a szervizaut\u00f3k t\u00f6rt\u00e9nelm\u00e9ben. Vess\u00fcnk egy pillant\u00e1st a kulissz\u00e1k m\u00f6g\u00e9, hogy l\u00e1ssuk, hogyan k\u00e9sz\u00fcl a Shimano els\u0151 Tour-j\u00e1ra!\" \/>\n<meta name=\"robots\" content=\"index, follow, max-snippet:-1, max-image-preview:large, max-video-preview:-1\" \/>\n<link rel=\"canonical\" href=\"https:\/\/www.welovecycling.com\/hu\/tour-de-france\/a-skoda-shimano-fuggetlen-szervizautok-belulrol\/\" \/>\n<meta property=\"og:locale\" content=\"hu_HU\" \/>\n<meta property=\"og:type\" content=\"article\" \/>\n<meta property=\"og:title\" content=\"A \u0160koda Shimano f\u00fcggetlen szervizaut\u00f3k bel\u00fclr\u0151l\" \/>\n<meta property=\"og:description\" content=\"\u00daj k\u00f6nt\u00f6sbe \u00f6lt\u00f6znek a f\u00fcggetlen szervizkocsik az idei Tour de France-on. \u00c1tveszi a Shimano k\u00e9kje a Mavic s\u00e1rg\u00e1j\u00e1nak hely\u00e9t, ez pedig egy korszakot jelent a szervizaut\u00f3k t\u00f6rt\u00e9nelm\u00e9ben. Vess\u00fcnk egy pillant\u00e1st a kulissz\u00e1k m\u00f6g\u00e9, hogy l\u00e1ssuk, hogyan k\u00e9sz\u00fcl a Shimano els\u0151 Tour-j\u00e1ra!\" \/>\n<meta property=\"og:url\" content=\"https:\/\/www.welovecycling.com\/hu\/tour-de-france\/a-skoda-shimano-fuggetlen-szervizautok-belulrol\/\" \/>\n<meta property=\"og:site_name\" content=\"\u0160koda We Love Cycling - Magyarorsz\u00e1g\" \/>\n<meta property=\"article:publisher\" content=\"https:\/\/www.facebook.com\/WeLoveCyclingHungary\/\" \/>\n<meta property=\"article:published_time\" content=\"2021-07-08T06:00:22+00:00\" \/>\n<meta property=\"article:modified_time\" content=\"2022-02-09T07:55:04+00:00\" \/>\n<meta property=\"og:image\" content=\"https:\/\/d2p6e6u75xmxt8.cloudfront.net\/12\/2021\/07\/bszsiBDrP9JDygZXKX4xUm-scaled.jpg\" \/>\n\t<meta property=\"og:image:width\" content=\"2560\" \/>\n\t<meta property=\"og:image:height\" content=\"1440\" \/>\n\t<meta property=\"og:image:type\" content=\"image\/jpeg\" \/>\n<meta name=\"author\" content=\"hegyizs\" \/>\n<meta name=\"twitter:card\" content=\"summary_large_image\" \/>\n<meta name=\"twitter:label1\" content=\"Written by\" \/>\n\t<meta name=\"twitter:data1\" content=\"WLC\" \/>\n\t<meta name=\"twitter:label2\" content=\"Est. reading time\" \/>\n\t<meta name=\"twitter:data2\" content=\"6 minutes\" \/>\n<script type=\"application\/ld+json\" class=\"yoast-schema-graph\">{\"@context\":\"https:\/\/schema.org\",\"@graph\":[{\"@type\":\"WebPage\",\"@id\":\"https:\/\/www.welovecycling.com\/hu\/tour-de-france\/a-skoda-shimano-fuggetlen-szervizautok-belulrol\/\",\"url\":\"https:\/\/www.welovecycling.com\/hu\/tour-de-france\/a-skoda-shimano-fuggetlen-szervizautok-belulrol\/\",\"name\":\"A \u0160koda Shimano f\u00fcggetlen szervizaut\u00f3k bel\u00fclr\u0151l - \u0160koda We Love Cycling - Magyarorsz\u00e1g\",\"isPartOf\":{\"@id\":\"https:\/\/www.welovecycling.com\/hu\/#website\"},\"primaryImageOfPage\":{\"@id\":\"https:\/\/www.welovecycling.com\/hu\/tour-de-france\/a-skoda-shimano-fuggetlen-szervizautok-belulrol\/#primaryimage\"},\"image\":{\"@id\":\"https:\/\/www.welovecycling.com\/hu\/tour-de-france\/a-skoda-shimano-fuggetlen-szervizautok-belulrol\/#primaryimage\"},\"thumbnailUrl\":\"https:\/\/d2p6e6u75xmxt8.cloudfront.net\/12\/2021\/07\/bszsiBDrP9JDygZXKX4xUm-scaled.jpg\",\"datePublished\":\"2021-07-08T06:00:22+00:00\",\"dateModified\":\"2022-02-09T07:55:04+00:00\",\"author\":{\"@id\":\"https:\/\/www.welovecycling.com\/hu\/#\/schema\/person\/414a2aebf1801691a5320edb6468e194\"},\"description\":\"\u00daj k\u00f6nt\u00f6sbe \u00f6lt\u00f6znek a f\u00fcggetlen szervizkocsik az idei Tour de France-on. \u00c1tveszi a Shimano k\u00e9kje a Mavic s\u00e1rg\u00e1j\u00e1nak hely\u00e9t, ez pedig egy korszakot jelent a szervizaut\u00f3k t\u00f6rt\u00e9nelm\u00e9ben. Vess\u00fcnk egy pillant\u00e1st a kulissz\u00e1k m\u00f6g\u00e9, hogy l\u00e1ssuk, hogyan k\u00e9sz\u00fcl a Shimano els\u0151 Tour-j\u00e1ra!\",\"breadcrumb\":{\"@id\":\"https:\/\/www.welovecycling.com\/hu\/tour-de-france\/a-skoda-shimano-fuggetlen-szervizautok-belulrol\/#breadcrumb\"},\"inLanguage\":\"hu\",\"potentialAction\":[{\"@type\":\"ReadAction\",\"target\":[\"https:\/\/www.welovecycling.com\/hu\/tour-de-france\/a-skoda-shimano-fuggetlen-szervizautok-belulrol\/\"]}]},{\"@type\":\"ImageObject\",\"inLanguage\":\"hu\",\"@id\":\"https:\/\/www.welovecycling.com\/hu\/tour-de-france\/a-skoda-shimano-fuggetlen-szervizautok-belulrol\/#primaryimage\",\"url\":\"https:\/\/d2p6e6u75xmxt8.cloudfront.net\/12\/2021\/07\/bszsiBDrP9JDygZXKX4xUm-scaled.jpg\",\"contentUrl\":\"https:\/\/d2p6e6u75xmxt8.cloudfront.net\/12\/2021\/07\/bszsiBDrP9JDygZXKX4xUm-scaled.jpg\",\"width\":2560,\"height\":1440},{\"@type\":\"BreadcrumbList\",\"@id\":\"https:\/\/www.welovecycling.com\/hu\/tour-de-france\/a-skoda-shimano-fuggetlen-szervizautok-belulrol\/#breadcrumb\",\"itemListElement\":[{\"@type\":\"ListItem\",\"position\":1,\"name\":\"Home\",\"item\":\"https:\/\/www.welovecycling.com\/hu\/\"},{\"@type\":\"ListItem\",\"position\":2,\"name\":\"A \u0160koda Shimano f\u00fcggetlen szervizaut\u00f3k bel\u00fclr\u0151l\"}]},{\"@type\":\"WebSite\",\"@id\":\"https:\/\/www.welovecycling.com\/hu\/#website\",\"url\":\"https:\/\/www.welovecycling.com\/hu\/\",\"name\":\"\u0160koda We Love Cycling - Magyarorsz\u00e1g\",\"description\":\"\u0160koda WeLoveCycling\",\"potentialAction\":[{\"@type\":\"SearchAction\",\"target\":{\"@type\":\"EntryPoint\",\"urlTemplate\":\"https:\/\/www.welovecycling.com\/hu\/?s={search_term_string}\"},\"query-input\":{\"@type\":\"PropertyValueSpecification\",\"valueRequired\":true,\"valueName\":\"search_term_string\"}}],\"inLanguage\":\"hu\"},{\"@type\":\"Person\",\"@id\":\"https:\/\/www.welovecycling.com\/hu\/#\/schema\/person\/414a2aebf1801691a5320edb6468e194\",\"name\":\"hegyizs\",\"image\":{\"@type\":\"ImageObject\",\"inLanguage\":\"hu\",\"@id\":\"https:\/\/www.welovecycling.com\/hu\/#\/schema\/person\/image\/\",\"url\":\"https:\/\/secure.gravatar.com\/avatar\/02cf8a7906b8cf90cecb4679defac7cfd33a1c2e3b88e4903d947f3bb58eedd3?s=96&d=mm&r=g\",\"contentUrl\":\"https:\/\/secure.gravatar.com\/avatar\/02cf8a7906b8cf90cecb4679defac7cfd33a1c2e3b88e4903d947f3bb58eedd3?s=96&d=mm&r=g\",\"caption\":\"hegyizs\"},\"url\":\"https:\/\/www.welovecycling.com\/hu\/author\/hegyizs\/\"}]}<\/script>\n<!-- \/ Yoast SEO Premium plugin. -->","yoast_head_json":{"title":"A \u0160koda Shimano f\u00fcggetlen szervizaut\u00f3k bel\u00fclr\u0151l - \u0160koda We Love Cycling - Magyarorsz\u00e1g","description":"\u00daj k\u00f6nt\u00f6sbe \u00f6lt\u00f6znek a f\u00fcggetlen szervizkocsik az idei Tour de France-on. \u00c1tveszi a Shimano k\u00e9kje a Mavic s\u00e1rg\u00e1j\u00e1nak hely\u00e9t, ez pedig egy korszakot jelent a szervizaut\u00f3k t\u00f6rt\u00e9nelm\u00e9ben. Vess\u00fcnk egy pillant\u00e1st a kulissz\u00e1k m\u00f6g\u00e9, hogy l\u00e1ssuk, hogyan k\u00e9sz\u00fcl a Shimano els\u0151 Tour-j\u00e1ra!","robots":{"index":"index","follow":"follow","max-snippet":"max-snippet:-1","max-image-preview":"max-image-preview:large","max-video-preview":"max-video-preview:-1"},"canonical":"https:\/\/www.welovecycling.com\/hu\/tour-de-france\/a-skoda-shimano-fuggetlen-szervizautok-belulrol\/","og_locale":"hu_HU","og_type":"article","og_title":"A \u0160koda Shimano f\u00fcggetlen szervizaut\u00f3k bel\u00fclr\u0151l","og_description":"\u00daj k\u00f6nt\u00f6sbe \u00f6lt\u00f6znek a f\u00fcggetlen szervizkocsik az idei Tour de France-on. \u00c1tveszi a Shimano k\u00e9kje a Mavic s\u00e1rg\u00e1j\u00e1nak hely\u00e9t, ez pedig egy korszakot jelent a szervizaut\u00f3k t\u00f6rt\u00e9nelm\u00e9ben. Vess\u00fcnk egy pillant\u00e1st a kulissz\u00e1k m\u00f6g\u00e9, hogy l\u00e1ssuk, hogyan k\u00e9sz\u00fcl a Shimano els\u0151 Tour-j\u00e1ra!","og_url":"https:\/\/www.welovecycling.com\/hu\/tour-de-france\/a-skoda-shimano-fuggetlen-szervizautok-belulrol\/","og_site_name":"\u0160koda We Love Cycling - Magyarorsz\u00e1g","article_publisher":"https:\/\/www.facebook.com\/WeLoveCyclingHungary\/","article_published_time":"2021-07-08T06:00:22+00:00","article_modified_time":"2022-02-09T07:55:04+00:00","og_image":[{"width":2560,"height":1440,"url":"https:\/\/d2p6e6u75xmxt8.cloudfront.net\/12\/2021\/07\/bszsiBDrP9JDygZXKX4xUm-scaled.jpg","type":"image\/jpeg"}],"author":"hegyizs","twitter_card":"summary_large_image","twitter_misc":{"Written by":"WLC","Est. reading time":"6 minutes"},"schema":{"@context":"https:\/\/schema.org","@graph":[{"@type":"WebPage","@id":"https:\/\/www.welovecycling.com\/hu\/tour-de-france\/a-skoda-shimano-fuggetlen-szervizautok-belulrol\/","url":"https:\/\/www.welovecycling.com\/hu\/tour-de-france\/a-skoda-shimano-fuggetlen-szervizautok-belulrol\/","name":"A \u0160koda Shimano f\u00fcggetlen szervizaut\u00f3k bel\u00fclr\u0151l - \u0160koda We Love Cycling - Magyarorsz\u00e1g","isPartOf":{"@id":"https:\/\/www.welovecycling.com\/hu\/#website"},"primaryImageOfPage":{"@id":"https:\/\/www.welovecycling.com\/hu\/tour-de-france\/a-skoda-shimano-fuggetlen-szervizautok-belulrol\/#primaryimage"},"image":{"@id":"https:\/\/www.welovecycling.com\/hu\/tour-de-france\/a-skoda-shimano-fuggetlen-szervizautok-belulrol\/#primaryimage"},"thumbnailUrl":"https:\/\/d2p6e6u75xmxt8.cloudfront.net\/12\/2021\/07\/bszsiBDrP9JDygZXKX4xUm-scaled.jpg","datePublished":"2021-07-08T06:00:22+00:00","dateModified":"2022-02-09T07:55:04+00:00","author":{"@id":"https:\/\/www.welovecycling.com\/hu\/#\/schema\/person\/414a2aebf1801691a5320edb6468e194"},"description":"\u00daj k\u00f6nt\u00f6sbe \u00f6lt\u00f6znek a f\u00fcggetlen szervizkocsik az idei Tour de France-on. \u00c1tveszi a Shimano k\u00e9kje a Mavic s\u00e1rg\u00e1j\u00e1nak hely\u00e9t, ez pedig egy korszakot jelent a szervizaut\u00f3k t\u00f6rt\u00e9nelm\u00e9ben. Vess\u00fcnk egy pillant\u00e1st a kulissz\u00e1k m\u00f6g\u00e9, hogy l\u00e1ssuk, hogyan k\u00e9sz\u00fcl a Shimano els\u0151 Tour-j\u00e1ra!","breadcrumb":{"@id":"https:\/\/www.welovecycling.com\/hu\/tour-de-france\/a-skoda-shimano-fuggetlen-szervizautok-belulrol\/#breadcrumb"},"inLanguage":"hu","potentialAction":[{"@type":"ReadAction","target":["https:\/\/www.welovecycling.com\/hu\/tour-de-france\/a-skoda-shimano-fuggetlen-szervizautok-belulrol\/"]}]},{"@type":"ImageObject","inLanguage":"hu","@id":"https:\/\/www.welovecycling.com\/hu\/tour-de-france\/a-skoda-shimano-fuggetlen-szervizautok-belulrol\/#primaryimage","url":"https:\/\/d2p6e6u75xmxt8.cloudfront.net\/12\/2021\/07\/bszsiBDrP9JDygZXKX4xUm-scaled.jpg","contentUrl":"https:\/\/d2p6e6u75xmxt8.cloudfront.net\/12\/2021\/07\/bszsiBDrP9JDygZXKX4xUm-scaled.jpg","width":2560,"height":1440},{"@type":"BreadcrumbList","@id":"https:\/\/www.welovecycling.com\/hu\/tour-de-france\/a-skoda-shimano-fuggetlen-szervizautok-belulrol\/#breadcrumb","itemListElement":[{"@type":"ListItem","position":1,"name":"Home","item":"https:\/\/www.welovecycling.com\/hu\/"},{"@type":"ListItem","position":2,"name":"A \u0160koda Shimano f\u00fcggetlen szervizaut\u00f3k bel\u00fclr\u0151l"}]},{"@type":"WebSite","@id":"https:\/\/www.welovecycling.com\/hu\/#website","url":"https:\/\/www.welovecycling.com\/hu\/","name":"\u0160koda We Love Cycling - Magyarorsz\u00e1g","description":"\u0160koda WeLoveCycling","potentialAction":[{"@type":"SearchAction","target":{"@type":"EntryPoint","urlTemplate":"https:\/\/www.welovecycling.com\/hu\/?s={search_term_string}"},"query-input":{"@type":"PropertyValueSpecification","valueRequired":true,"valueName":"search_term_string"}}],"inLanguage":"hu"},{"@type":"Person","@id":"https:\/\/www.welovecycling.com\/hu\/#\/schema\/person\/414a2aebf1801691a5320edb6468e194","name":"hegyizs","image":{"@type":"ImageObject","inLanguage":"hu","@id":"https:\/\/www.welovecycling.com\/hu\/#\/schema\/person\/image\/","url":"https:\/\/secure.gravatar.com\/avatar\/02cf8a7906b8cf90cecb4679defac7cfd33a1c2e3b88e4903d947f3bb58eedd3?s=96&d=mm&r=g","contentUrl":"https:\/\/secure.gravatar.com\/avatar\/02cf8a7906b8cf90cecb4679defac7cfd33a1c2e3b88e4903d947f3bb58eedd3?s=96&d=mm&r=g","caption":"hegyizs"},"url":"https:\/\/www.welovecycling.com\/hu\/author\/hegyizs\/"}]}},"_links":{"self":[{"href":"https:\/\/www.welovecycling.com\/hu\/wp-json\/wp\/v2\/posts\/11891","targetHints":{"allow":["GET"]}}],"collection":[{"href":"https:\/\/www.welovecycling.com\/hu\/wp-json\/wp\/v2\/posts"}],"about":[{"href":"https:\/\/www.welovecycling.com\/hu\/wp-json\/wp\/v2\/types\/post"}],"author":[{"embeddable":true,"href":"https:\/\/www.welovecycling.com\/hu\/wp-json\/wp\/v2\/users\/71"}],"replies":[{"embeddable":true,"href":"https:\/\/www.welovecycling.com\/hu\/wp-json\/wp\/v2\/comments?post=11891"}],"version-history":[{"count":2,"href":"https:\/\/www.welovecycling.com\/hu\/wp-json\/wp\/v2\/posts\/11891\/revisions"}],"predecessor-version":[{"id":11898,"href":"https:\/\/www.welovecycling.com\/hu\/wp-json\/wp\/v2\/posts\/11891\/revisions\/11898"}],"wp:featuredmedia":[{"embeddable":true,"href":"https:\/\/www.welovecycling.com\/hu\/wp-json\/wp\/v2\/media\/11897"}],"wp:attachment":[{"href":"https:\/\/www.welovecycling.com\/hu\/wp-json\/wp\/v2\/media?parent=11891"}],"wp:term":[{"taxonomy":"category","embeddable":true,"href":"https:\/\/www.welovecycling.com\/hu\/wp-json\/wp\/v2\/categories?post=11891"},{"taxonomy":"post_tag","embeddable":true,"href":"https:\/\/www.welovecycling.com\/hu\/wp-json\/wp\/v2\/tags?post=11891"},{"taxonomy":"global-categories","embeddable":true,"href":"https:\/\/www.welovecycling.com\/hu\/wp-json\/wp\/v2\/global-categories?post=11891"}],"curies":[{"name":"wp","href":"https:\/\/api.w.org\/{rel}","templated":true}]}}