{"id":11887,"date":"2021-07-02T16:21:25","date_gmt":"2021-07-02T14:21:25","guid":{"rendered":"https:\/\/www.welovecycling.com\/hu\/?p=11887"},"modified":"2021-07-02T16:21:25","modified_gmt":"2021-07-02T14:21:25","slug":"mark-cavendish-a-pokolbol-vissza-a-csucsra","status":"publish","type":"post","link":"https:\/\/www.welovecycling.com\/hu\/orszaguti-kerekpar\/mark-cavendish-a-pokolbol-vissza-a-csucsra\/","title":{"rendered":"Mark Cavendish: a pokolb\u00f3l vissza a cs\u00facsra"},"content":{"rendered":"<p><strong>A 36 \u00e9ves \u00e9l\u0151 legenda tavaly okt\u00f3berben m\u00e9g s\u00edrva lengette be karrierje v\u00e9g\u00e9t, \u00e1m az\u00f3ta hatalmasat fordult a vil\u00e1g: a Quick Stept\u0151l kapott ment\u0151\u00f6v seg\u00edts\u00e9g\u00e9vel kik\u00e1sz\u00e1l\u00f3dott a nagyon m\u00e9ly testi-lelki g\u00f6d\u00f6rb\u0151l, s \u00fajra a r\u00e9gi \u00f6nmag\u00e1t id\u00e9zve m\u00e1r az idei Tour de France els\u0151 het\u00e9n dupl\u00e1zni tudott k\u00e9t roppant st\u00edlusos szakaszsikerrel!<\/strong><em>\u00a0<\/em><!--more--><\/p>\n<p><em>\u201eLehet, hogy ez volt p\u00e1lyafut\u00e1som utols\u00f3 versenye\u201d<\/em> \u2013 nyilatkozta let\u00f6rten, k\u00f6nnyek k\u00f6z\u00f6tt Mark Cavendish tavaly okt\u00f3berben az \u00fajabb, r\u00f6vid id\u0151 alatt m\u00e1r sokadik csal\u00f3d\u00e1st kelt\u0151 teljes\u00edtm\u00e9nye, a patin\u00e1s belga Gent\u2013Wevelgem egynapos\u00e1n el\u00e9rt 74. helyez\u00e9s\u00e9t k\u00f6vet\u0151en.<\/p>\n<p>A veter\u00e1n brit klasszis csal\u00f3dotts\u00e1ga \u00e9rthet\u0151 volt. Hi\u00e1ba az orsz\u00e1g\u00fati ker\u00e9kp\u00e1rsport egyik legeredm\u00e9nyesebb versenyz\u0151je (akkoriban a maga szer\u00e9ny 30 Tour de France-szakaszsiker\u00e9vel mind\u00f6ssze n\u00e9gy gy\u0151zelemre volt minden id\u0151k tal\u00e1n legnagyobbj\u00e1t\u00f3l, az \u00f6r\u00f6krekordot 34 Tour-sikerrel tart\u00f3 Eddy Merckxt\u0151l), pokoli id\u0151szakon ment kereszt\u00fcl, fizikailag \u00e9s lelkileg egyar\u00e1nt: kor\u00e1bban t\u00f6bbsz\u00f6r is megk\u00fczd\u00f6tt a l\u00e1zzal \u00e9s kr\u00f3nikus f\u00e1radts\u00e1ggal j\u00e1r\u00f3 Epstein-Barr-v\u00edrussal, amely miatt term\u00e9szetesen versenyezni sem tudott rendesen, v\u00e9g\u00fcl olyan m\u00e9lyre jutott, hogy depresszi\u00f3val is kezelt\u00e9k. S b\u00e1r \u00e9let\u00e9nek ezt a s\u00f6t\u00e9t \u00e9s neh\u00e9z fejezet\u00e9t siker\u00fclt maga m\u00f6g\u00f6tt hagynia, az eredm\u00e9nyek csak nem akartak j\u00f6nni \u2013 r\u00e1ad\u00e1sul \u00fagy n\u00e9zett ki, hogy csapata sem lesz, hiszen a Bahrain-McLarennel a 2020-as \u00e9v v\u00e9g\u00e9n lej\u00e1rt a szerz\u0151d\u00e9se.<\/p>\n<p>Akkor nagyon kevesen gondolt\u00e1k volna (val\u00f3sz\u00edn\u0171leg \u0151 maga sem), hogy n\u00e9h\u00e1ny h\u00f3nappal k\u00e9s\u0151bb \u00fajra a cs\u00facson lesz majd.<\/p>\n<figure id=\"attachment_11889\" aria-describedby=\"caption-attachment-11889\" style=\"width: 1620px\" class=\"wp-caption alignnone\"><a href=\"https:\/\/d2p6e6u75xmxt8.cloudfront.net\/12\/2021\/07\/wlc_markcave2.jpg\"><img loading=\"lazy\" decoding=\"async\" class=\"size-full wp-image-11889\" src=\"https:\/\/d2p6e6u75xmxt8.cloudfront.net\/12\/2021\/07\/wlc_markcave2.jpg\" alt=\"\" width=\"1620\" height=\"1080\" srcset=\"https:\/\/d2p6e6u75xmxt8.cloudfront.net\/12\/2021\/07\/wlc_markcave2.jpg 1620w, https:\/\/d2p6e6u75xmxt8.cloudfront.net\/12\/2021\/07\/wlc_markcave2-300x200.jpg 300w, https:\/\/d2p6e6u75xmxt8.cloudfront.net\/12\/2021\/07\/wlc_markcave2-1024x683.jpg 1024w, https:\/\/d2p6e6u75xmxt8.cloudfront.net\/12\/2021\/07\/wlc_markcave2-768x512.jpg 768w, https:\/\/d2p6e6u75xmxt8.cloudfront.net\/12\/2021\/07\/wlc_markcave2-1536x1024.jpg 1536w, https:\/\/d2p6e6u75xmxt8.cloudfront.net\/12\/2021\/07\/wlc_markcave2-272x182.jpg 272w\" sizes=\"auto, (max-width: 1620px) 100vw, 1620px\" \/><\/a><figcaption id=\"caption-attachment-11889\" class=\"wp-caption-text\">Mark Cavendish \u00fajra z\u00f6ldben \u00fcnnepelhetett. (Fot\u00f3: Guillaume Horcajuelo\/AP)<\/figcaption><\/figure>\n<p>Ehhez sok mindennek kellett szerencs\u00e9sen alakulnia, de ismerve a \u201eManxman\u201d becen\u00e9vre hallgat\u00f3 klasszis t\u00f6rt\u00e9net\u00e9t, abban tal\u00e1n egyet\u00e9rthet\u00fcnk, ha valaki, \u0151 nagyon r\u00e1szolg\u00e1lt a szerencs\u00e9re.<\/p>\n<p>Az akkor m\u00e1r 35 \u00e9ves Cavendishnek v\u00e9g\u00fcl napjaink egyik legsikeresebb csapata, a belga Deceuninck-Quick Step dobott ment\u0151\u00f6vet, szerz\u0151dtette az idei esztend\u0151re, lesz, ami lesz alapon \u2013 s l\u00e1ss csod\u00e1t, a minden h\u00e1jjal megkent rutinos csapatf\u0151n\u00f6k, Patrick Lefevere h\u00faz\u00e1sa megint bej\u00f6tt.<\/p>\n<p>Mondjuk, nem sok h\u00edja volt, hogy Cavendish el se induljon az idei Tour-on: ehhez kellett a tavalyi z\u00f6ld trik\u00f3s Sam Bennett \u00e9s Lefevere szemben\u00e1ll\u00e1sa, no meg el\u0151bbi \u00e1ll\u00edt\u00f3lag s\u00falyos t\u00e9rds\u00e9r\u00fcl\u00e9se, amelynek nyom\u00e1n az id\u00e9n m\u00e1r 36 esztend\u0151s brit v\u00e9g\u00fcl, sz\u00f3 szerint az utols\u00f3 ut\u00e1ni pillanatban, n\u00e9h\u00e1ny nappal a rajt el\u0151tt ker\u00fclt be a Quick Step Tour-keret\u00e9be.<\/p>\n<p>Cavendish azonban megh\u00e1l\u00e1lta a bizalmat, egy\u00fattal alaposan r\u00e1c\u00e1folt a k\u00e9tked\u0151kre. M\u00e1r az els\u0151 h\u00e9ten k\u00e9t roppant st\u00edlusos sprintergy\u0151zelmet aratott, k\u00e9t olyan helysz\u00ednen, ahol kor\u00e1bban is siker\u00fclt m\u00e1r nyernie. \u00cdgy egyr\u00e9szt \u00fajra mag\u00e1ra \u00f6lthette a z\u00f6ld trik\u00f3t, m\u00e1sr\u00e9szt m\u00e1r 32 Tour-szakaszgy\u0151zelemn\u00e9l j\u00e1r, amit kimondani is rengeteg, \u00e9s akkor foghat\u00f3 fel igaz\u00e1n az \u00e9rt\u00e9ke, ha hozz\u00e1tessz\u00fck, hogy \u00edgy m\u00e1r csup\u00e1n kett\u0151 kell neki ahhoz, hogy be\u00e9rje a \u201eKannib\u00e1l\u201d, Eddy Merckx megd\u00f6nthetetlennek hitt 34-es abszol\u00fat rekordj\u00e1t.<\/p>\n","protected":false},"excerpt":{"rendered":"<p>A 36 \u00e9ves \u00e9l\u0151 legenda tavaly okt\u00f3berben m\u00e9g s\u00edrva lengette be karrierje v\u00e9g\u00e9t, \u00e1m az\u00f3ta hatalmasat fordult a vil\u00e1g: a [&hellip;]<\/p>\n","protected":false},"author":71,"featured_media":11888,"comment_status":"open","ping_status":"open","sticky":false,"template":"","format":"standard","meta":{"footnotes":""},"categories":[8],"tags":[],"global-categories":[419],"class_list":["post-11887","post","type-post","status-publish","format-standard","has-post-thumbnail","hentry","category-orszaguti-kerekpar","global-categories-cycling"],"yoast_head":"<!-- This site is optimized with the Yoast SEO Premium plugin v25.3 (Yoast SEO v25.9) - https:\/\/yoast.com\/wordpress\/plugins\/seo\/ -->\n<title>Mark Cavendish: a pokolb\u00f3l vissza a cs\u00facsra - \u0160koda We Love Cycling - Magyarorsz\u00e1g<\/title>\n<meta name=\"description\" content=\"A 36 \u00e9ves \u00e9l\u0151 legenda tavaly okt\u00f3berben m\u00e9g s\u00edrva lengette be karrierje v\u00e9g\u00e9t, \u00e1m az\u00f3ta hatalmasat fordult a vil\u00e1g: a Quick Stept\u0151l kapott ment\u0151\u00f6v seg\u00edts\u00e9g\u00e9vel kik\u00e1sz\u00e1l\u00f3dott a nagyon m\u00e9ly testi-lelki g\u00f6d\u00f6rb\u0151l, s \u00fajra a r\u00e9gi \u00f6nmag\u00e1t id\u00e9zve m\u00e1r az idei Tour de France els\u0151 het\u00e9n dupl\u00e1zni tudott k\u00e9t roppant st\u00edlusos szakaszsikerrel!\u00a0\" \/>\n<meta name=\"robots\" content=\"index, follow, max-snippet:-1, max-image-preview:large, max-video-preview:-1\" \/>\n<link rel=\"canonical\" href=\"https:\/\/www.welovecycling.com\/hu\/orszaguti-kerekpar\/mark-cavendish-a-pokolbol-vissza-a-csucsra\/\" \/>\n<meta property=\"og:locale\" content=\"hu_HU\" \/>\n<meta property=\"og:type\" content=\"article\" \/>\n<meta property=\"og:title\" content=\"Mark Cavendish: a pokolb\u00f3l vissza a cs\u00facsra\" \/>\n<meta property=\"og:description\" content=\"A 36 \u00e9ves \u00e9l\u0151 legenda tavaly okt\u00f3berben m\u00e9g s\u00edrva lengette be karrierje v\u00e9g\u00e9t, \u00e1m az\u00f3ta hatalmasat fordult a vil\u00e1g: a Quick Stept\u0151l kapott ment\u0151\u00f6v seg\u00edts\u00e9g\u00e9vel kik\u00e1sz\u00e1l\u00f3dott a nagyon m\u00e9ly testi-lelki g\u00f6d\u00f6rb\u0151l, s \u00fajra a r\u00e9gi \u00f6nmag\u00e1t id\u00e9zve m\u00e1r az idei Tour de France els\u0151 het\u00e9n dupl\u00e1zni tudott k\u00e9t roppant st\u00edlusos szakaszsikerrel!\u00a0\" \/>\n<meta property=\"og:url\" content=\"https:\/\/www.welovecycling.com\/hu\/orszaguti-kerekpar\/mark-cavendish-a-pokolbol-vissza-a-csucsra\/\" \/>\n<meta property=\"og:site_name\" content=\"\u0160koda We Love Cycling - Magyarorsz\u00e1g\" \/>\n<meta property=\"article:publisher\" content=\"https:\/\/www.facebook.com\/WeLoveCyclingHungary\/\" \/>\n<meta property=\"article:published_time\" content=\"2021-07-02T14:21:25+00:00\" \/>\n<meta property=\"og:image\" content=\"https:\/\/d2p6e6u75xmxt8.cloudfront.net\/12\/2021\/07\/wlc_markcave.jpg\" \/>\n\t<meta property=\"og:image:width\" content=\"2000\" \/>\n\t<meta property=\"og:image:height\" content=\"1000\" \/>\n\t<meta property=\"og:image:type\" content=\"image\/jpeg\" \/>\n<meta name=\"author\" content=\"hegyizs\" \/>\n<meta name=\"twitter:card\" content=\"summary_large_image\" \/>\n<meta name=\"twitter:label1\" content=\"Written by\" \/>\n\t<meta name=\"twitter:data1\" content=\"WLC\" \/>\n\t<meta name=\"twitter:label2\" content=\"Est. reading time\" \/>\n\t<meta name=\"twitter:data2\" content=\"3 minutes\" \/>\n<script type=\"application\/ld+json\" class=\"yoast-schema-graph\">{\"@context\":\"https:\/\/schema.org\",\"@graph\":[{\"@type\":\"WebPage\",\"@id\":\"https:\/\/www.welovecycling.com\/hu\/orszaguti-kerekpar\/mark-cavendish-a-pokolbol-vissza-a-csucsra\/\",\"url\":\"https:\/\/www.welovecycling.com\/hu\/orszaguti-kerekpar\/mark-cavendish-a-pokolbol-vissza-a-csucsra\/\",\"name\":\"Mark Cavendish: a pokolb\u00f3l vissza a cs\u00facsra - \u0160koda We Love Cycling - Magyarorsz\u00e1g\",\"isPartOf\":{\"@id\":\"https:\/\/www.welovecycling.com\/hu\/#website\"},\"primaryImageOfPage\":{\"@id\":\"https:\/\/www.welovecycling.com\/hu\/orszaguti-kerekpar\/mark-cavendish-a-pokolbol-vissza-a-csucsra\/#primaryimage\"},\"image\":{\"@id\":\"https:\/\/www.welovecycling.com\/hu\/orszaguti-kerekpar\/mark-cavendish-a-pokolbol-vissza-a-csucsra\/#primaryimage\"},\"thumbnailUrl\":\"https:\/\/d2p6e6u75xmxt8.cloudfront.net\/12\/2021\/07\/wlc_markcave.jpg\",\"datePublished\":\"2021-07-02T14:21:25+00:00\",\"author\":{\"@id\":\"https:\/\/www.welovecycling.com\/hu\/#\/schema\/person\/414a2aebf1801691a5320edb6468e194\"},\"description\":\"A 36 \u00e9ves \u00e9l\u0151 legenda tavaly okt\u00f3berben m\u00e9g s\u00edrva lengette be karrierje v\u00e9g\u00e9t, \u00e1m az\u00f3ta hatalmasat fordult a vil\u00e1g: a Quick Stept\u0151l kapott ment\u0151\u00f6v seg\u00edts\u00e9g\u00e9vel kik\u00e1sz\u00e1l\u00f3dott a nagyon m\u00e9ly testi-lelki g\u00f6d\u00f6rb\u0151l, s \u00fajra a r\u00e9gi \u00f6nmag\u00e1t id\u00e9zve m\u00e1r az idei Tour de France els\u0151 het\u00e9n dupl\u00e1zni tudott k\u00e9t roppant st\u00edlusos szakaszsikerrel!\u00a0\",\"breadcrumb\":{\"@id\":\"https:\/\/www.welovecycling.com\/hu\/orszaguti-kerekpar\/mark-cavendish-a-pokolbol-vissza-a-csucsra\/#breadcrumb\"},\"inLanguage\":\"hu\",\"potentialAction\":[{\"@type\":\"ReadAction\",\"target\":[\"https:\/\/www.welovecycling.com\/hu\/orszaguti-kerekpar\/mark-cavendish-a-pokolbol-vissza-a-csucsra\/\"]}]},{\"@type\":\"ImageObject\",\"inLanguage\":\"hu\",\"@id\":\"https:\/\/www.welovecycling.com\/hu\/orszaguti-kerekpar\/mark-cavendish-a-pokolbol-vissza-a-csucsra\/#primaryimage\",\"url\":\"https:\/\/d2p6e6u75xmxt8.cloudfront.net\/12\/2021\/07\/wlc_markcave.jpg\",\"contentUrl\":\"https:\/\/d2p6e6u75xmxt8.cloudfront.net\/12\/2021\/07\/wlc_markcave.jpg\",\"width\":2000,\"height\":1000},{\"@type\":\"BreadcrumbList\",\"@id\":\"https:\/\/www.welovecycling.com\/hu\/orszaguti-kerekpar\/mark-cavendish-a-pokolbol-vissza-a-csucsra\/#breadcrumb\",\"itemListElement\":[{\"@type\":\"ListItem\",\"position\":1,\"name\":\"Home\",\"item\":\"https:\/\/www.welovecycling.com\/hu\/\"},{\"@type\":\"ListItem\",\"position\":2,\"name\":\"Mark Cavendish: a pokolb\u00f3l vissza a cs\u00facsra\"}]},{\"@type\":\"WebSite\",\"@id\":\"https:\/\/www.welovecycling.com\/hu\/#website\",\"url\":\"https:\/\/www.welovecycling.com\/hu\/\",\"name\":\"\u0160koda We Love Cycling - Magyarorsz\u00e1g\",\"description\":\"\u0160koda WeLoveCycling\",\"potentialAction\":[{\"@type\":\"SearchAction\",\"target\":{\"@type\":\"EntryPoint\",\"urlTemplate\":\"https:\/\/www.welovecycling.com\/hu\/?s={search_term_string}\"},\"query-input\":{\"@type\":\"PropertyValueSpecification\",\"valueRequired\":true,\"valueName\":\"search_term_string\"}}],\"inLanguage\":\"hu\"},{\"@type\":\"Person\",\"@id\":\"https:\/\/www.welovecycling.com\/hu\/#\/schema\/person\/414a2aebf1801691a5320edb6468e194\",\"name\":\"hegyizs\",\"image\":{\"@type\":\"ImageObject\",\"inLanguage\":\"hu\",\"@id\":\"https:\/\/www.welovecycling.com\/hu\/#\/schema\/person\/image\/\",\"url\":\"https:\/\/secure.gravatar.com\/avatar\/02cf8a7906b8cf90cecb4679defac7cfd33a1c2e3b88e4903d947f3bb58eedd3?s=96&d=mm&r=g\",\"contentUrl\":\"https:\/\/secure.gravatar.com\/avatar\/02cf8a7906b8cf90cecb4679defac7cfd33a1c2e3b88e4903d947f3bb58eedd3?s=96&d=mm&r=g\",\"caption\":\"hegyizs\"},\"url\":\"https:\/\/www.welovecycling.com\/hu\/author\/hegyizs\/\"}]}<\/script>\n<!-- \/ Yoast SEO Premium plugin. -->","yoast_head_json":{"title":"Mark Cavendish: a pokolb\u00f3l vissza a cs\u00facsra - \u0160koda We Love Cycling - Magyarorsz\u00e1g","description":"A 36 \u00e9ves \u00e9l\u0151 legenda tavaly okt\u00f3berben m\u00e9g s\u00edrva lengette be karrierje v\u00e9g\u00e9t, \u00e1m az\u00f3ta hatalmasat fordult a vil\u00e1g: a Quick Stept\u0151l kapott ment\u0151\u00f6v seg\u00edts\u00e9g\u00e9vel kik\u00e1sz\u00e1l\u00f3dott a nagyon m\u00e9ly testi-lelki g\u00f6d\u00f6rb\u0151l, s \u00fajra a r\u00e9gi \u00f6nmag\u00e1t id\u00e9zve m\u00e1r az idei Tour de France els\u0151 het\u00e9n dupl\u00e1zni tudott k\u00e9t roppant st\u00edlusos szakaszsikerrel!\u00a0","robots":{"index":"index","follow":"follow","max-snippet":"max-snippet:-1","max-image-preview":"max-image-preview:large","max-video-preview":"max-video-preview:-1"},"canonical":"https:\/\/www.welovecycling.com\/hu\/orszaguti-kerekpar\/mark-cavendish-a-pokolbol-vissza-a-csucsra\/","og_locale":"hu_HU","og_type":"article","og_title":"Mark Cavendish: a pokolb\u00f3l vissza a cs\u00facsra","og_description":"A 36 \u00e9ves \u00e9l\u0151 legenda tavaly okt\u00f3berben m\u00e9g s\u00edrva lengette be karrierje v\u00e9g\u00e9t, \u00e1m az\u00f3ta hatalmasat fordult a vil\u00e1g: a Quick Stept\u0151l kapott ment\u0151\u00f6v seg\u00edts\u00e9g\u00e9vel kik\u00e1sz\u00e1l\u00f3dott a nagyon m\u00e9ly testi-lelki g\u00f6d\u00f6rb\u0151l, s \u00fajra a r\u00e9gi \u00f6nmag\u00e1t id\u00e9zve m\u00e1r az idei Tour de France els\u0151 het\u00e9n dupl\u00e1zni tudott k\u00e9t roppant st\u00edlusos szakaszsikerrel!\u00a0","og_url":"https:\/\/www.welovecycling.com\/hu\/orszaguti-kerekpar\/mark-cavendish-a-pokolbol-vissza-a-csucsra\/","og_site_name":"\u0160koda We Love Cycling - Magyarorsz\u00e1g","article_publisher":"https:\/\/www.facebook.com\/WeLoveCyclingHungary\/","article_published_time":"2021-07-02T14:21:25+00:00","og_image":[{"width":2000,"height":1000,"url":"https:\/\/d2p6e6u75xmxt8.cloudfront.net\/12\/2021\/07\/wlc_markcave.jpg","type":"image\/jpeg"}],"author":"hegyizs","twitter_card":"summary_large_image","twitter_misc":{"Written by":"WLC","Est. reading time":"3 minutes"},"schema":{"@context":"https:\/\/schema.org","@graph":[{"@type":"WebPage","@id":"https:\/\/www.welovecycling.com\/hu\/orszaguti-kerekpar\/mark-cavendish-a-pokolbol-vissza-a-csucsra\/","url":"https:\/\/www.welovecycling.com\/hu\/orszaguti-kerekpar\/mark-cavendish-a-pokolbol-vissza-a-csucsra\/","name":"Mark Cavendish: a pokolb\u00f3l vissza a cs\u00facsra - \u0160koda We Love Cycling - Magyarorsz\u00e1g","isPartOf":{"@id":"https:\/\/www.welovecycling.com\/hu\/#website"},"primaryImageOfPage":{"@id":"https:\/\/www.welovecycling.com\/hu\/orszaguti-kerekpar\/mark-cavendish-a-pokolbol-vissza-a-csucsra\/#primaryimage"},"image":{"@id":"https:\/\/www.welovecycling.com\/hu\/orszaguti-kerekpar\/mark-cavendish-a-pokolbol-vissza-a-csucsra\/#primaryimage"},"thumbnailUrl":"https:\/\/d2p6e6u75xmxt8.cloudfront.net\/12\/2021\/07\/wlc_markcave.jpg","datePublished":"2021-07-02T14:21:25+00:00","author":{"@id":"https:\/\/www.welovecycling.com\/hu\/#\/schema\/person\/414a2aebf1801691a5320edb6468e194"},"description":"A 36 \u00e9ves \u00e9l\u0151 legenda tavaly okt\u00f3berben m\u00e9g s\u00edrva lengette be karrierje v\u00e9g\u00e9t, \u00e1m az\u00f3ta hatalmasat fordult a vil\u00e1g: a Quick Stept\u0151l kapott ment\u0151\u00f6v seg\u00edts\u00e9g\u00e9vel kik\u00e1sz\u00e1l\u00f3dott a nagyon m\u00e9ly testi-lelki g\u00f6d\u00f6rb\u0151l, s \u00fajra a r\u00e9gi \u00f6nmag\u00e1t id\u00e9zve m\u00e1r az idei Tour de France els\u0151 het\u00e9n dupl\u00e1zni tudott k\u00e9t roppant st\u00edlusos szakaszsikerrel!\u00a0","breadcrumb":{"@id":"https:\/\/www.welovecycling.com\/hu\/orszaguti-kerekpar\/mark-cavendish-a-pokolbol-vissza-a-csucsra\/#breadcrumb"},"inLanguage":"hu","potentialAction":[{"@type":"ReadAction","target":["https:\/\/www.welovecycling.com\/hu\/orszaguti-kerekpar\/mark-cavendish-a-pokolbol-vissza-a-csucsra\/"]}]},{"@type":"ImageObject","inLanguage":"hu","@id":"https:\/\/www.welovecycling.com\/hu\/orszaguti-kerekpar\/mark-cavendish-a-pokolbol-vissza-a-csucsra\/#primaryimage","url":"https:\/\/d2p6e6u75xmxt8.cloudfront.net\/12\/2021\/07\/wlc_markcave.jpg","contentUrl":"https:\/\/d2p6e6u75xmxt8.cloudfront.net\/12\/2021\/07\/wlc_markcave.jpg","width":2000,"height":1000},{"@type":"BreadcrumbList","@id":"https:\/\/www.welovecycling.com\/hu\/orszaguti-kerekpar\/mark-cavendish-a-pokolbol-vissza-a-csucsra\/#breadcrumb","itemListElement":[{"@type":"ListItem","position":1,"name":"Home","item":"https:\/\/www.welovecycling.com\/hu\/"},{"@type":"ListItem","position":2,"name":"Mark Cavendish: a pokolb\u00f3l vissza a cs\u00facsra"}]},{"@type":"WebSite","@id":"https:\/\/www.welovecycling.com\/hu\/#website","url":"https:\/\/www.welovecycling.com\/hu\/","name":"\u0160koda We Love Cycling - Magyarorsz\u00e1g","description":"\u0160koda WeLoveCycling","potentialAction":[{"@type":"SearchAction","target":{"@type":"EntryPoint","urlTemplate":"https:\/\/www.welovecycling.com\/hu\/?s={search_term_string}"},"query-input":{"@type":"PropertyValueSpecification","valueRequired":true,"valueName":"search_term_string"}}],"inLanguage":"hu"},{"@type":"Person","@id":"https:\/\/www.welovecycling.com\/hu\/#\/schema\/person\/414a2aebf1801691a5320edb6468e194","name":"hegyizs","image":{"@type":"ImageObject","inLanguage":"hu","@id":"https:\/\/www.welovecycling.com\/hu\/#\/schema\/person\/image\/","url":"https:\/\/secure.gravatar.com\/avatar\/02cf8a7906b8cf90cecb4679defac7cfd33a1c2e3b88e4903d947f3bb58eedd3?s=96&d=mm&r=g","contentUrl":"https:\/\/secure.gravatar.com\/avatar\/02cf8a7906b8cf90cecb4679defac7cfd33a1c2e3b88e4903d947f3bb58eedd3?s=96&d=mm&r=g","caption":"hegyizs"},"url":"https:\/\/www.welovecycling.com\/hu\/author\/hegyizs\/"}]}},"_links":{"self":[{"href":"https:\/\/www.welovecycling.com\/hu\/wp-json\/wp\/v2\/posts\/11887","targetHints":{"allow":["GET"]}}],"collection":[{"href":"https:\/\/www.welovecycling.com\/hu\/wp-json\/wp\/v2\/posts"}],"about":[{"href":"https:\/\/www.welovecycling.com\/hu\/wp-json\/wp\/v2\/types\/post"}],"author":[{"embeddable":true,"href":"https:\/\/www.welovecycling.com\/hu\/wp-json\/wp\/v2\/users\/71"}],"replies":[{"embeddable":true,"href":"https:\/\/www.welovecycling.com\/hu\/wp-json\/wp\/v2\/comments?post=11887"}],"version-history":[{"count":1,"href":"https:\/\/www.welovecycling.com\/hu\/wp-json\/wp\/v2\/posts\/11887\/revisions"}],"predecessor-version":[{"id":11890,"href":"https:\/\/www.welovecycling.com\/hu\/wp-json\/wp\/v2\/posts\/11887\/revisions\/11890"}],"wp:featuredmedia":[{"embeddable":true,"href":"https:\/\/www.welovecycling.com\/hu\/wp-json\/wp\/v2\/media\/11888"}],"wp:attachment":[{"href":"https:\/\/www.welovecycling.com\/hu\/wp-json\/wp\/v2\/media?parent=11887"}],"wp:term":[{"taxonomy":"category","embeddable":true,"href":"https:\/\/www.welovecycling.com\/hu\/wp-json\/wp\/v2\/categories?post=11887"},{"taxonomy":"post_tag","embeddable":true,"href":"https:\/\/www.welovecycling.com\/hu\/wp-json\/wp\/v2\/tags?post=11887"},{"taxonomy":"global-categories","embeddable":true,"href":"https:\/\/www.welovecycling.com\/hu\/wp-json\/wp\/v2\/global-categories?post=11887"}],"curies":[{"name":"wp","href":"https:\/\/api.w.org\/{rel}","templated":true}]}}