{"id":11878,"date":"2021-07-05T08:00:36","date_gmt":"2021-07-05T06:00:36","guid":{"rendered":"https:\/\/www.welovecycling.com\/hu\/?p=11878"},"modified":"2021-07-02T17:24:32","modified_gmt":"2021-07-02T15:24:32","slug":"hogyan-bannak-a-masodrangu-versenyzokkel-worldtour-szinten","status":"publish","type":"post","link":"https:\/\/www.welovecycling.com\/hu\/orszaguti-kerekpar\/hogyan-bannak-a-masodrangu-versenyzokkel-worldtour-szinten\/","title":{"rendered":"Hogyan b\u00e1nnak a m\u00e1sodrang\u00fa versenyz\u0151kkel WorldTour-szinten?"},"content":{"rendered":"<p><strong>Ahhoz, hogy valaki beker\u00fclhessen az orsz\u00e1g\u00fati versenyz\u0151k kr\u00e9mj\u00e9be \u00e9s a Giro vagy a Tour de France versenyen is helyt\u00e1llhasson, m\u00e9g ha csak domestique szerepben is, elengedhetetlen a b\u00fcszkes\u00e9g \u00e9s a teljes\u00edtm\u00e9nytudat. Ha az \u00e1lmok, az amb\u00edci\u00f3 \u00e9s k\u00fcl\u00f6n\u00f6sen a kem\u00e9ny munka \u00e1r\u00e1n siker\u00fcl el\u00e9rned, hogy a vil\u00e1g legjobbjai k\u00f6z\u00e9 tartozz, akkor nem csoda, hogy \u00fagy kezelnek, mint a sport kir\u00e1ly\u00e1t. Nem nagy meglepet\u00e9s, hogy n\u00e9melyik versenyz\u0151 egy id\u0151 ut\u00e1n \u00edgy is viselkedik.<\/strong><\/p>\n<p><!--more--><\/p>\n<p>Bizonyos szt\u00e1rversenyz\u0151k \u00fagy gondolj\u00e1k, joguk van fels\u0151bbrend\u0171nek \u00e9rezni magukat, \u00e9s ezt gyakran ki is fejezik, amikor \u00fagynevezett m\u00e1sodoszt\u00e1ly\u00fa versenyz\u0151k mellett \u00e1llnak rajthoz a GrandTour-ok egyik\u00e9n.<\/p>\n<figure id=\"attachment_11881\" aria-describedby=\"caption-attachment-11881\" style=\"width: 1250px\" class=\"wp-caption alignnone\"><img loading=\"lazy\" decoding=\"async\" class=\"size-full wp-image-11881\" src=\"https:\/\/d2p6e6u75xmxt8.cloudfront.net\/12\/2021\/07\/Burgos-BH-profimedia-0547869173.jpg\" alt=\"Burgos BH Cycling Team\" width=\"1250\" height=\"815\" srcset=\"https:\/\/d2p6e6u75xmxt8.cloudfront.net\/12\/2021\/07\/Burgos-BH-profimedia-0547869173.jpg 1250w, https:\/\/d2p6e6u75xmxt8.cloudfront.net\/12\/2021\/07\/Burgos-BH-profimedia-0547869173-300x196.jpg 300w, https:\/\/d2p6e6u75xmxt8.cloudfront.net\/12\/2021\/07\/Burgos-BH-profimedia-0547869173-1024x668.jpg 1024w, https:\/\/d2p6e6u75xmxt8.cloudfront.net\/12\/2021\/07\/Burgos-BH-profimedia-0547869173-768x501.jpg 768w\" sizes=\"auto, (max-width: 1250px) 100vw, 1250px\" \/><figcaption id=\"caption-attachment-11881\" class=\"wp-caption-text\"><em>A Burgos BH Team 2020 j\u00falius\u00e1ban. \u00a9\u00a0Profimedia<\/em><\/figcaption><\/figure>\n<p>Willie Smitnek, a m\u00e1sodoszt\u00e1ly\u00fa Burgos-BH csapat d\u00e9l-afrikai versenyz\u0151j\u00e9nek gyakran mondt\u00e1k, hogy ne legyenek t\u00fal nagy rem\u00e9nyei a versennyel kapcsolatban, csak ez\u00e9rt mert lila mezt visel. Hogy mit reag\u00e1lt erre? <em>\u201eEz el\u00e9g fairnek hangzik, haver, k\u00e9rlek, \u00edrj egy list\u00e1t, kik versenyezhetnek a d\u00f6nt\u0151ben \u00e9s kik nem\u201c<\/em> \u2013 posztolta Twitteren.<\/p>\n<p><em>\u201eA mez\u0151nyben hat\u00e1rozottan l\u00e9tezik hierarchia\u201c<\/em> &#8211; jelentette ki Smit. <em>\u201eAz ismertebb versenyz\u0151k gyakran len\u00e9zik a keb\u00e9sb\u00e9 ismert profi sportol\u00f3kat. A Vuelta a Espa\u00f1a-n el\u0151fordult n\u00e9h\u00e1ny olyan eset, amikor nagymen\u0151nek sz\u00e1m\u00edt\u00f3 versenyz\u0151k megk\u00e9rdezt\u00e9k t\u0151lem, hogy egy\u00e1ltal\u00e1n mit keresek a mez\u0151nyben\u201c<\/em> \u2013 mes\u00e9lte. <em>\u201eIronikus m\u00f3don, az illet\u0151 csapat\u00e1nak fele kiesett, de szerinte m\u00e9gis mi vagyunk rossz helyen.\u201c<\/em><\/p>\n<p>Ennek ellen\u00e9re persze nem minden els\u0151rang\u00fa versenyz\u0151 osztja ezt a hozz\u00e1\u00e1ll\u00e1st. <em>\u201eAz olyan versenyz\u0151k, mint Alejandro Movevar p\u00e9ld\u00e1ul, sosem mondana ilyet\u201c<\/em> \u2013 mondta Smit. \u2013 <em>\u201eAz a sr\u00e1c nagyon udvarias! N\u00e9h\u00e1ny szt\u00e1rversenyz\u0151 azonban kev\u00e9sb\u00e9 j\u00e1rtas man\u0151verez\u00e9sben \u00e9s rossz n\u00e9ven veszi, ha egy m\u00e1sodrang\u00fa ellenfele legy\u0151zi ebben. A kisebb csapatok versenyz\u0151inek sokszor kell elviselnie az ellenszenvet emiatt.\u201c<\/em><\/p>\n<p>https:\/\/www.instagram.com\/p\/COn0SQZM1h2\/<\/p>\n<p><em>\u201eIronikus, hogy a szt\u00e1rversenyz\u0151knek sz\u00fcks\u00e9g\u00fck van a m\u00e1sodrang\u00fa sportol\u00f3kra a hierarchia fenntart\u00e1s\u00e1hoz\u201c<\/em> \u2013 folytatja. <em>\u201eA nap v\u00e9g\u00e9n az\u00e9rt t\u0171nsz ki annyira, mert siker\u00fclt megverned az \u00e1ltalad m\u00e9ltatlannak min\u0151s\u00edtett versenyz\u0151ket\u201c<\/em> \u2013 jegyezte meg Smit.<\/p>\n<p>A ker\u00e9kp\u00e1ros j\u00f3l ismeri a WorldTour l\u00e9gk\u00f6rt, hiszen kor\u00e1bban a WorldTour Katusha-Alpecin csapat profi tagja volt. Els\u0151rang\u00fa versenyz\u0151k\u00e9nt soha nem l\u00e1tta mag\u00e1t \u00e9rt\u00e9kesebbnek vagy tehets\u00e9gesebbnek a t\u00f6bbiekn\u00e9l. <em>\u201eAmikor versenyeztem, tiszteltem ellenfeleimet, hiszen \u00e9n is \u00e9vekig amat\u0151rk\u00e9nt k\u00fczd\u00f6ttem fel magam a rangl\u00e9tr\u00e1n, egy k\u00f6lcs\u00f6nz\u00f6tt biciklivel, ad\u00f3ss\u00e1ggal \u00e9s egy random spanyol csal\u00e1d seg\u00edts\u00e9g\u00e9vel, akik megengedt\u00e9k, hogy n\u00e1luk lakjak.\u201c<\/em><\/p>\n<div class=\"embed-controller-wrapper\">\n<blockquote class=\"twitter-tweet\" data-width=\"500\" data-dnt=\"true\">\n<p lang=\"en\" dir=\"ltr\">Cycling is and will always be an absolute beautiful sport &amp; fulltime job. But it can also be one of the few jobs in the world where you sacrifice your life for it and give your best but sit without a job the next year. It is truly a sport for only HARD MEN! <a href=\"https:\/\/t.co\/VSAjmpuVWb\">pic.twitter.com\/VSAjmpuVWb<\/a><\/p>\n<p>&mdash; Willie Smit (@williesmurfy) <a href=\"https:\/\/twitter.com\/williesmurfy\/status\/1155902989334396928?ref_src=twsrc%5Etfw\">July 29, 2019<\/a><\/p><\/blockquote>\n<p><script async data-src=\"https:\/\/platform.twitter.com\/widgets.js\" charset=\"utf-8\"><\/script><\/div>\n<p>Smit m\u00e1r egy \u00e9vvel ezel\u0151tt megfogalmazta \u00e1ll\u00e1spontj\u00e1t, amikor a Vuelt\u00e1n r\u00e9sztvev\u0151 szt\u00e1rversenyz\u0151k viselked\u00e9s\u00e9r\u0151l panaszkodott \u00e9s k\u00f6zz\u00e9 is tett egy k\u00e9perny\u0151fot\u00f3t a k\u00f6vetkez\u0151 id\u00e9zetr\u0151l, ami Janez Brajkovi\u010dnak, a volt WorldTour-versenyz\u0151nek tulajdon\u00edthat\u00f3, aki most a Continental Adria Mobil csapat\u00e1ban teker: <em>\u201eAz egyetlen m\u00f3dja annak, hogy a Conti versenyz\u0151jek\u00e9nt az egoista szt\u00e1rok mellett tekerhessek a World Tour-on, ha er\u0151sebb vagyok n\u00e1luk. \u00c9s annyira j\u00f3 \u00e9rz\u00e9s, amikor m\u00e1r alig kapnak leveg\u0151t \u00e9s v\u00e9gre beengednek maguk k\u00f6z\u00e9&#8230; Term\u00e9szetesen k\u00f6zben figyelmeztetnek r\u00e1, hogy \u201eNe csin\u00e1lj h\u00fclyes\u00e9get!\u201c vagy \u201eNe l\u00e9gy h\u00fclye!\u201c<\/em><\/p>\n<p><em>\u201eNincs ann\u00e1l nagyobb \u00f6r\u00f6m, mint amikor hegym\u00e1sz\u00e1s k\u00f6zben kifulladnak, te meg b\u00edrod\u2026ennek ellen\u00e9re mindegyik\u0151j\u00fcket szeretem. Egy nap r\u00e1j\u00f6nnek, hogy nem az sz\u00e1m\u00edt, hogy ki vagy a biciklin, hanem arr\u00f3l, hogy ki vagy n\u00e9lk\u00fcle.\u201c<\/em><\/p>\n","protected":false},"excerpt":{"rendered":"<p>Ahhoz, hogy valaki beker\u00fclhessen az orsz\u00e1g\u00fati versenyz\u0151k kr\u00e9mj\u00e9be \u00e9s a Giro vagy a Tour de France versenyen is helyt\u00e1llhasson, m\u00e9g [&hellip;]<\/p>\n","protected":false},"author":71,"featured_media":11883,"comment_status":"closed","ping_status":"closed","sticky":false,"template":"","format":"standard","meta":{"footnotes":""},"categories":[8],"tags":[],"global-categories":[],"class_list":["post-11878","post","type-post","status-publish","format-standard","has-post-thumbnail","hentry","category-orszaguti-kerekpar"],"yoast_head":"<!-- This site is optimized with the Yoast SEO Premium plugin v25.3 (Yoast SEO v25.9) - https:\/\/yoast.com\/wordpress\/plugins\/seo\/ -->\n<title>Hogyan b\u00e1nnak a m\u00e1sodrang\u00fa versenyz\u0151kkel WorldTour-szinten? - \u0160koda We Love Cycling - Magyarorsz\u00e1g<\/title>\n<meta name=\"description\" content=\"Ahhoz, hogy valaki beker\u00fclhessen az orsz\u00e1g\u00fati versenyz\u0151k kr\u00e9mj\u00e9be \u00e9s a Giro vagy a Tour de France versenyen is helyt\u00e1llhasson, m\u00e9g ha csak domestique szerepben is, elengedhetetlen a b\u00fcszkes\u00e9g \u00e9s a teljes\u00edtm\u00e9nytudat.\" \/>\n<meta name=\"robots\" content=\"index, follow, max-snippet:-1, max-image-preview:large, max-video-preview:-1\" \/>\n<link rel=\"canonical\" href=\"https:\/\/www.welovecycling.com\/hu\/orszaguti-kerekpar\/hogyan-bannak-a-masodrangu-versenyzokkel-worldtour-szinten\/\" \/>\n<meta property=\"og:locale\" content=\"hu_HU\" \/>\n<meta property=\"og:type\" content=\"article\" \/>\n<meta property=\"og:title\" content=\"Hogyan b\u00e1nnak a m\u00e1sodrang\u00fa versenyz\u0151kkel WorldTour-szinten?\" \/>\n<meta property=\"og:description\" content=\"Ahhoz, hogy valaki beker\u00fclhessen az orsz\u00e1g\u00fati versenyz\u0151k kr\u00e9mj\u00e9be \u00e9s a Giro vagy a Tour de France versenyen is helyt\u00e1llhasson, m\u00e9g ha csak domestique szerepben is, elengedhetetlen a b\u00fcszkes\u00e9g \u00e9s a teljes\u00edtm\u00e9nytudat.\" \/>\n<meta property=\"og:url\" content=\"https:\/\/www.welovecycling.com\/hu\/orszaguti-kerekpar\/hogyan-bannak-a-masodrangu-versenyzokkel-worldtour-szinten\/\" \/>\n<meta property=\"og:site_name\" content=\"\u0160koda We Love Cycling - Magyarorsz\u00e1g\" \/>\n<meta property=\"article:publisher\" content=\"https:\/\/www.facebook.com\/WeLoveCyclingHungary\/\" \/>\n<meta property=\"article:published_time\" content=\"2021-07-05T06:00:36+00:00\" \/>\n<meta property=\"og:image\" content=\"https:\/\/d2p6e6u75xmxt8.cloudfront.net\/12\/2021\/07\/Willie-Smit-CVR-profimedia-0467190955.jpg\" \/>\n\t<meta property=\"og:image:width\" content=\"1366\" \/>\n\t<meta property=\"og:image:height\" content=\"600\" \/>\n\t<meta property=\"og:image:type\" content=\"image\/jpeg\" \/>\n<meta name=\"author\" content=\"hegyizs\" \/>\n<meta name=\"twitter:card\" content=\"summary_large_image\" \/>\n<meta name=\"twitter:label1\" content=\"Written by\" \/>\n\t<meta name=\"twitter:data1\" content=\"Siegfried Mortkowitz\" \/>\n\t<meta name=\"twitter:label2\" content=\"Est. reading time\" \/>\n\t<meta name=\"twitter:data2\" content=\"5\" \/>\n<script type=\"application\/ld+json\" class=\"yoast-schema-graph\">{\"@context\":\"https:\/\/schema.org\",\"@graph\":[{\"@type\":\"WebPage\",\"@id\":\"https:\/\/www.welovecycling.com\/hu\/orszaguti-kerekpar\/hogyan-bannak-a-masodrangu-versenyzokkel-worldtour-szinten\/\",\"url\":\"https:\/\/www.welovecycling.com\/hu\/orszaguti-kerekpar\/hogyan-bannak-a-masodrangu-versenyzokkel-worldtour-szinten\/\",\"name\":\"Hogyan b\u00e1nnak a m\u00e1sodrang\u00fa versenyz\u0151kkel WorldTour-szinten? - \u0160koda We Love Cycling - Magyarorsz\u00e1g\",\"isPartOf\":{\"@id\":\"https:\/\/www.welovecycling.com\/hu\/#website\"},\"primaryImageOfPage\":{\"@id\":\"https:\/\/www.welovecycling.com\/hu\/orszaguti-kerekpar\/hogyan-bannak-a-masodrangu-versenyzokkel-worldtour-szinten\/#primaryimage\"},\"image\":{\"@id\":\"https:\/\/www.welovecycling.com\/hu\/orszaguti-kerekpar\/hogyan-bannak-a-masodrangu-versenyzokkel-worldtour-szinten\/#primaryimage\"},\"thumbnailUrl\":\"https:\/\/d2p6e6u75xmxt8.cloudfront.net\/12\/2021\/07\/Willie-Smit-CVR-profimedia-0467190955.jpg\",\"datePublished\":\"2021-07-05T06:00:36+00:00\",\"author\":{\"@id\":\"https:\/\/www.welovecycling.com\/hu\/#\/schema\/person\/414a2aebf1801691a5320edb6468e194\"},\"description\":\"Ahhoz, hogy valaki beker\u00fclhessen az orsz\u00e1g\u00fati versenyz\u0151k kr\u00e9mj\u00e9be \u00e9s a Giro vagy a Tour de France versenyen is helyt\u00e1llhasson, m\u00e9g ha csak domestique szerepben is, elengedhetetlen a b\u00fcszkes\u00e9g \u00e9s a teljes\u00edtm\u00e9nytudat.\",\"breadcrumb\":{\"@id\":\"https:\/\/www.welovecycling.com\/hu\/orszaguti-kerekpar\/hogyan-bannak-a-masodrangu-versenyzokkel-worldtour-szinten\/#breadcrumb\"},\"inLanguage\":\"hu\",\"potentialAction\":[{\"@type\":\"ReadAction\",\"target\":[\"https:\/\/www.welovecycling.com\/hu\/orszaguti-kerekpar\/hogyan-bannak-a-masodrangu-versenyzokkel-worldtour-szinten\/\"]}]},{\"@type\":\"ImageObject\",\"inLanguage\":\"hu\",\"@id\":\"https:\/\/www.welovecycling.com\/hu\/orszaguti-kerekpar\/hogyan-bannak-a-masodrangu-versenyzokkel-worldtour-szinten\/#primaryimage\",\"url\":\"https:\/\/d2p6e6u75xmxt8.cloudfront.net\/12\/2021\/07\/Willie-Smit-CVR-profimedia-0467190955.jpg\",\"contentUrl\":\"https:\/\/d2p6e6u75xmxt8.cloudfront.net\/12\/2021\/07\/Willie-Smit-CVR-profimedia-0467190955.jpg\",\"width\":1366,\"height\":600,\"caption\":\"Willie Smit\"},{\"@type\":\"BreadcrumbList\",\"@id\":\"https:\/\/www.welovecycling.com\/hu\/orszaguti-kerekpar\/hogyan-bannak-a-masodrangu-versenyzokkel-worldtour-szinten\/#breadcrumb\",\"itemListElement\":[{\"@type\":\"ListItem\",\"position\":1,\"name\":\"Home\",\"item\":\"https:\/\/www.welovecycling.com\/hu\/\"},{\"@type\":\"ListItem\",\"position\":2,\"name\":\"Hogyan b\u00e1nnak a m\u00e1sodrang\u00fa versenyz\u0151kkel WorldTour-szinten?\"}]},{\"@type\":\"WebSite\",\"@id\":\"https:\/\/www.welovecycling.com\/hu\/#website\",\"url\":\"https:\/\/www.welovecycling.com\/hu\/\",\"name\":\"\u0160koda We Love Cycling - Magyarorsz\u00e1g\",\"description\":\"\u0160koda WeLoveCycling\",\"potentialAction\":[{\"@type\":\"SearchAction\",\"target\":{\"@type\":\"EntryPoint\",\"urlTemplate\":\"https:\/\/www.welovecycling.com\/hu\/?s={search_term_string}\"},\"query-input\":{\"@type\":\"PropertyValueSpecification\",\"valueRequired\":true,\"valueName\":\"search_term_string\"}}],\"inLanguage\":\"hu\"},{\"@type\":\"Person\",\"@id\":\"https:\/\/www.welovecycling.com\/hu\/#\/schema\/person\/414a2aebf1801691a5320edb6468e194\",\"name\":\"hegyizs\",\"image\":{\"@type\":\"ImageObject\",\"inLanguage\":\"hu\",\"@id\":\"https:\/\/www.welovecycling.com\/hu\/#\/schema\/person\/image\/\",\"url\":\"https:\/\/secure.gravatar.com\/avatar\/02cf8a7906b8cf90cecb4679defac7cfd33a1c2e3b88e4903d947f3bb58eedd3?s=96&d=mm&r=g\",\"contentUrl\":\"https:\/\/secure.gravatar.com\/avatar\/02cf8a7906b8cf90cecb4679defac7cfd33a1c2e3b88e4903d947f3bb58eedd3?s=96&d=mm&r=g\",\"caption\":\"hegyizs\"},\"url\":\"https:\/\/www.welovecycling.com\/hu\/author\/hegyizs\/\"}]}<\/script>\n<!-- \/ Yoast SEO Premium plugin. -->","yoast_head_json":{"title":"Hogyan b\u00e1nnak a m\u00e1sodrang\u00fa versenyz\u0151kkel WorldTour-szinten? - \u0160koda We Love Cycling - Magyarorsz\u00e1g","description":"Ahhoz, hogy valaki beker\u00fclhessen az orsz\u00e1g\u00fati versenyz\u0151k kr\u00e9mj\u00e9be \u00e9s a Giro vagy a Tour de France versenyen is helyt\u00e1llhasson, m\u00e9g ha csak domestique szerepben is, elengedhetetlen a b\u00fcszkes\u00e9g \u00e9s a teljes\u00edtm\u00e9nytudat.","robots":{"index":"index","follow":"follow","max-snippet":"max-snippet:-1","max-image-preview":"max-image-preview:large","max-video-preview":"max-video-preview:-1"},"canonical":"https:\/\/www.welovecycling.com\/hu\/orszaguti-kerekpar\/hogyan-bannak-a-masodrangu-versenyzokkel-worldtour-szinten\/","og_locale":"hu_HU","og_type":"article","og_title":"Hogyan b\u00e1nnak a m\u00e1sodrang\u00fa versenyz\u0151kkel WorldTour-szinten?","og_description":"Ahhoz, hogy valaki beker\u00fclhessen az orsz\u00e1g\u00fati versenyz\u0151k kr\u00e9mj\u00e9be \u00e9s a Giro vagy a Tour de France versenyen is helyt\u00e1llhasson, m\u00e9g ha csak domestique szerepben is, elengedhetetlen a b\u00fcszkes\u00e9g \u00e9s a teljes\u00edtm\u00e9nytudat.","og_url":"https:\/\/www.welovecycling.com\/hu\/orszaguti-kerekpar\/hogyan-bannak-a-masodrangu-versenyzokkel-worldtour-szinten\/","og_site_name":"\u0160koda We Love Cycling - Magyarorsz\u00e1g","article_publisher":"https:\/\/www.facebook.com\/WeLoveCyclingHungary\/","article_published_time":"2021-07-05T06:00:36+00:00","og_image":[{"width":1366,"height":600,"url":"https:\/\/d2p6e6u75xmxt8.cloudfront.net\/12\/2021\/07\/Willie-Smit-CVR-profimedia-0467190955.jpg","type":"image\/jpeg"}],"author":"hegyizs","twitter_card":"summary_large_image","twitter_misc":{"Written by":"Siegfried Mortkowitz","Est. reading time":"5"},"schema":{"@context":"https:\/\/schema.org","@graph":[{"@type":"WebPage","@id":"https:\/\/www.welovecycling.com\/hu\/orszaguti-kerekpar\/hogyan-bannak-a-masodrangu-versenyzokkel-worldtour-szinten\/","url":"https:\/\/www.welovecycling.com\/hu\/orszaguti-kerekpar\/hogyan-bannak-a-masodrangu-versenyzokkel-worldtour-szinten\/","name":"Hogyan b\u00e1nnak a m\u00e1sodrang\u00fa versenyz\u0151kkel WorldTour-szinten? - \u0160koda We Love Cycling - Magyarorsz\u00e1g","isPartOf":{"@id":"https:\/\/www.welovecycling.com\/hu\/#website"},"primaryImageOfPage":{"@id":"https:\/\/www.welovecycling.com\/hu\/orszaguti-kerekpar\/hogyan-bannak-a-masodrangu-versenyzokkel-worldtour-szinten\/#primaryimage"},"image":{"@id":"https:\/\/www.welovecycling.com\/hu\/orszaguti-kerekpar\/hogyan-bannak-a-masodrangu-versenyzokkel-worldtour-szinten\/#primaryimage"},"thumbnailUrl":"https:\/\/d2p6e6u75xmxt8.cloudfront.net\/12\/2021\/07\/Willie-Smit-CVR-profimedia-0467190955.jpg","datePublished":"2021-07-05T06:00:36+00:00","author":{"@id":"https:\/\/www.welovecycling.com\/hu\/#\/schema\/person\/414a2aebf1801691a5320edb6468e194"},"description":"Ahhoz, hogy valaki beker\u00fclhessen az orsz\u00e1g\u00fati versenyz\u0151k kr\u00e9mj\u00e9be \u00e9s a Giro vagy a Tour de France versenyen is helyt\u00e1llhasson, m\u00e9g ha csak domestique szerepben is, elengedhetetlen a b\u00fcszkes\u00e9g \u00e9s a teljes\u00edtm\u00e9nytudat.","breadcrumb":{"@id":"https:\/\/www.welovecycling.com\/hu\/orszaguti-kerekpar\/hogyan-bannak-a-masodrangu-versenyzokkel-worldtour-szinten\/#breadcrumb"},"inLanguage":"hu","potentialAction":[{"@type":"ReadAction","target":["https:\/\/www.welovecycling.com\/hu\/orszaguti-kerekpar\/hogyan-bannak-a-masodrangu-versenyzokkel-worldtour-szinten\/"]}]},{"@type":"ImageObject","inLanguage":"hu","@id":"https:\/\/www.welovecycling.com\/hu\/orszaguti-kerekpar\/hogyan-bannak-a-masodrangu-versenyzokkel-worldtour-szinten\/#primaryimage","url":"https:\/\/d2p6e6u75xmxt8.cloudfront.net\/12\/2021\/07\/Willie-Smit-CVR-profimedia-0467190955.jpg","contentUrl":"https:\/\/d2p6e6u75xmxt8.cloudfront.net\/12\/2021\/07\/Willie-Smit-CVR-profimedia-0467190955.jpg","width":1366,"height":600,"caption":"Willie Smit"},{"@type":"BreadcrumbList","@id":"https:\/\/www.welovecycling.com\/hu\/orszaguti-kerekpar\/hogyan-bannak-a-masodrangu-versenyzokkel-worldtour-szinten\/#breadcrumb","itemListElement":[{"@type":"ListItem","position":1,"name":"Home","item":"https:\/\/www.welovecycling.com\/hu\/"},{"@type":"ListItem","position":2,"name":"Hogyan b\u00e1nnak a m\u00e1sodrang\u00fa versenyz\u0151kkel WorldTour-szinten?"}]},{"@type":"WebSite","@id":"https:\/\/www.welovecycling.com\/hu\/#website","url":"https:\/\/www.welovecycling.com\/hu\/","name":"\u0160koda We Love Cycling - Magyarorsz\u00e1g","description":"\u0160koda WeLoveCycling","potentialAction":[{"@type":"SearchAction","target":{"@type":"EntryPoint","urlTemplate":"https:\/\/www.welovecycling.com\/hu\/?s={search_term_string}"},"query-input":{"@type":"PropertyValueSpecification","valueRequired":true,"valueName":"search_term_string"}}],"inLanguage":"hu"},{"@type":"Person","@id":"https:\/\/www.welovecycling.com\/hu\/#\/schema\/person\/414a2aebf1801691a5320edb6468e194","name":"hegyizs","image":{"@type":"ImageObject","inLanguage":"hu","@id":"https:\/\/www.welovecycling.com\/hu\/#\/schema\/person\/image\/","url":"https:\/\/secure.gravatar.com\/avatar\/02cf8a7906b8cf90cecb4679defac7cfd33a1c2e3b88e4903d947f3bb58eedd3?s=96&d=mm&r=g","contentUrl":"https:\/\/secure.gravatar.com\/avatar\/02cf8a7906b8cf90cecb4679defac7cfd33a1c2e3b88e4903d947f3bb58eedd3?s=96&d=mm&r=g","caption":"hegyizs"},"url":"https:\/\/www.welovecycling.com\/hu\/author\/hegyizs\/"}]}},"_links":{"self":[{"href":"https:\/\/www.welovecycling.com\/hu\/wp-json\/wp\/v2\/posts\/11878","targetHints":{"allow":["GET"]}}],"collection":[{"href":"https:\/\/www.welovecycling.com\/hu\/wp-json\/wp\/v2\/posts"}],"about":[{"href":"https:\/\/www.welovecycling.com\/hu\/wp-json\/wp\/v2\/types\/post"}],"author":[{"embeddable":true,"href":"https:\/\/www.welovecycling.com\/hu\/wp-json\/wp\/v2\/users\/71"}],"replies":[{"embeddable":true,"href":"https:\/\/www.welovecycling.com\/hu\/wp-json\/wp\/v2\/comments?post=11878"}],"version-history":[{"count":2,"href":"https:\/\/www.welovecycling.com\/hu\/wp-json\/wp\/v2\/posts\/11878\/revisions"}],"predecessor-version":[{"id":11909,"href":"https:\/\/www.welovecycling.com\/hu\/wp-json\/wp\/v2\/posts\/11878\/revisions\/11909"}],"wp:featuredmedia":[{"embeddable":true,"href":"https:\/\/www.welovecycling.com\/hu\/wp-json\/wp\/v2\/media\/11883"}],"wp:attachment":[{"href":"https:\/\/www.welovecycling.com\/hu\/wp-json\/wp\/v2\/media?parent=11878"}],"wp:term":[{"taxonomy":"category","embeddable":true,"href":"https:\/\/www.welovecycling.com\/hu\/wp-json\/wp\/v2\/categories?post=11878"},{"taxonomy":"post_tag","embeddable":true,"href":"https:\/\/www.welovecycling.com\/hu\/wp-json\/wp\/v2\/tags?post=11878"},{"taxonomy":"global-categories","embeddable":true,"href":"https:\/\/www.welovecycling.com\/hu\/wp-json\/wp\/v2\/global-categories?post=11878"}],"curies":[{"name":"wp","href":"https:\/\/api.w.org\/{rel}","templated":true}]}}