{"id":11872,"date":"2021-07-07T08:00:42","date_gmt":"2021-07-07T06:00:42","guid":{"rendered":"https:\/\/www.welovecycling.com\/hu\/?p=11872"},"modified":"2021-07-02T17:25:57","modified_gmt":"2021-07-02T15:25:57","slug":"a-fenntarthato-fogyas-titka","status":"publish","type":"post","link":"https:\/\/www.welovecycling.com\/hu\/edzes-es-eletmod\/a-fenntarthato-fogyas-titka\/","title":{"rendered":"A fenntarthat\u00f3 fogy\u00e1s titka"},"content":{"rendered":"<p><strong>A fogy\u00e1s sok biciklisnek \u00f6r\u00f6met okoz. Ez sz\u00f3rakoztat\u00f3bb\u00e1 teheti a ker\u00e9kp\u00e1roz\u00e1st \u00e9s jav\u00edthat a mutat\u00f3kon, p\u00e9ld\u00e1ul a teljes\u00edtm\u00e9ny \/ s\u00faly ar\u00e1nyon. Emellett cs\u00f6kkenti a korai hal\u00e1l kock\u00e1zat\u00e1t, a 2-es t\u00edpus\u00fa cukorbetegs\u00e9g, a sz\u00edv- \u00e9s \u00e9rrendszeri betegs\u00e9gek, a r\u00e1k \u00e9s a medd\u0151s\u00e9g kialakul\u00e1s\u00e1t. Sajnos egy dolog nehezebb a fogy\u00e1sn\u00e1l: a szintfenntart\u00e1s.<\/strong><\/p>\n<p><!--more--><\/p>\n<p>Rengeteg kutat\u00e1st v\u00e9geztek arr\u00f3l, hogy a di\u00e9t\u00e1k \u00e9s a k\u00fcl\u00f6nb\u00f6z\u0151 testmozg\u00e1sok mik\u00e9nt seg\u00edtenek a fogy\u00e1sban, de arr\u00f3l, hogyan tartsuk meg az el\u00e9rt s\u00falyt, m\u00e1r kevesebbet. Legal\u00e1bbis mostan\u00e1ig. A Koppenh\u00e1gai Egyetem \u00e9s a Hvidovre k\u00f3rh\u00e1z kutat\u00f3i \u00faj, szenz\u00e1ci\u00f3s tanulm\u00e1nyt \u00edrtak ebben a t\u00e9m\u00e1ban. N\u00e9gy k\u00fcl\u00f6nb\u00f6z\u0151 t\u00edpus\u00fa kezel\u00e9s tesztel\u00e9s\u00e9vel a kutat\u00f3k el\u0151sz\u00f6r vizsg\u00e1lt\u00e1k meg, hogyan lehet fenntarthat\u00f3v\u00e1 tenni a fogy\u00f3k\u00far\u00e1t.<\/p>\n<figure id=\"attachment_11873\" aria-describedby=\"caption-attachment-11873\" style=\"width: 1024px\" class=\"wp-caption alignnone\"><a href=\"https:\/\/d2p6e6u75xmxt8.cloudfront.net\/2\/2019\/01\/diet-calorie-counter-weight-loss-health.jpg\"><img loading=\"lazy\" decoding=\"async\" class=\"wp-image-11873 size-large\" src=\"https:\/\/d2p6e6u75xmxt8.cloudfront.net\/12\/2021\/07\/diet-calorie-counter-weight-loss-health-1024x682.jpg\" alt=\"Weight loss\" width=\"1024\" height=\"682\" srcset=\"https:\/\/d2p6e6u75xmxt8.cloudfront.net\/12\/2021\/07\/diet-calorie-counter-weight-loss-health-1024x682.jpg 1024w, https:\/\/d2p6e6u75xmxt8.cloudfront.net\/12\/2021\/07\/diet-calorie-counter-weight-loss-health-300x200.jpg 300w, https:\/\/d2p6e6u75xmxt8.cloudfront.net\/12\/2021\/07\/diet-calorie-counter-weight-loss-health-768x512.jpg 768w, https:\/\/d2p6e6u75xmxt8.cloudfront.net\/12\/2021\/07\/diet-calorie-counter-weight-loss-health-272x182.jpg 272w, https:\/\/d2p6e6u75xmxt8.cloudfront.net\/12\/2021\/07\/diet-calorie-counter-weight-loss-health.jpg 1280w\" sizes=\"auto, (max-width: 1024px) 100vw, 1024px\" \/><\/a><figcaption id=\"caption-attachment-11873\" class=\"wp-caption-text\"><em>Mi\u00e9rt olyan neh\u00e9z megtartani az el\u00e9rt s\u00falyt?<\/em><\/figcaption><\/figure>\n<h2><strong>Mi\u00e9rt neh\u00e9z karcs\u00fanak maradni a fogy\u00e1s ut\u00e1n?<\/strong><\/h2>\n<p>A kutat\u00f3k kifejtett\u00e9k, hogy a legnagyobb probl\u00e9m\u00e1t a s\u00falycs\u00f6kken\u00e9s okozta hormon\u00e1lis v\u00e1ltoz\u00e1sok jelentik. Amikor az emberek fogyni kezdenek, a hormonok \u00e9hesebb\u00e9 teszik \u0151ket.<\/p>\n<p><em>\u201eA probl\u00e9ma az, hogy az emberek er\u0151s biol\u00f3giai er\u0151kkel k\u00fczdenek, miut\u00e1n lefogytak. Az \u00e9tv\u00e1gy a cs\u00f6kkent energiafogyaszt\u00e1ssal egyidej\u0171leg n\u00f6vekszik. Az \u00e9tv\u00e1gystimul\u00e1l\u00f3 hormon drasztikusan megn\u0151 fogy\u00e1s k\u00f6zben, ezzel egy\u00fctt az \u00e9tv\u00e1gycs\u00f6kkent\u0151 hormok szintje dr\u00e1maian cs\u00f6kken. Ezenk\u00edv\u00fcl a fogy\u00e1s kiv\u00e1lthatja az izomt\u00f6meg cs\u00f6kken\u00e9s\u00e9t, mik\u00f6zben cs\u00f6kken az energiafogyaszt\u00e1s is. \u00cdgy val\u00f3ban neh\u00e9z szemben\u00e9zni ezzel a helyzettel\u201c<\/em> \u2013 mondta Signe Torekov professzor, a tanulm\u00e1ny t\u00e1rsszerz\u0151je.<\/p>\n<figure id=\"attachment_11874\" aria-describedby=\"caption-attachment-11874\" style=\"width: 1000px\" class=\"wp-caption alignnone\"><a href=\"https:\/\/d2p6e6u75xmxt8.cloudfront.net\/12\/2021\/07\/Measuring-tape-profimedia-0611767267.jpg\"><img loading=\"lazy\" decoding=\"async\" class=\"wp-image-11874 size-full\" src=\"https:\/\/d2p6e6u75xmxt8.cloudfront.net\/12\/2021\/07\/Measuring-tape-profimedia-0611767267.jpg\" alt=\"Measuring tape\" width=\"1000\" height=\"667\" srcset=\"https:\/\/d2p6e6u75xmxt8.cloudfront.net\/12\/2021\/07\/Measuring-tape-profimedia-0611767267.jpg 1000w, https:\/\/d2p6e6u75xmxt8.cloudfront.net\/12\/2021\/07\/Measuring-tape-profimedia-0611767267-300x200.jpg 300w, https:\/\/d2p6e6u75xmxt8.cloudfront.net\/12\/2021\/07\/Measuring-tape-profimedia-0611767267-768x512.jpg 768w, https:\/\/d2p6e6u75xmxt8.cloudfront.net\/12\/2021\/07\/Measuring-tape-profimedia-0611767267-272x182.jpg 272w\" sizes=\"auto, (max-width: 1000px) 100vw, 1000px\" \/><\/a><figcaption id=\"caption-attachment-11874\" class=\"wp-caption-text\"><em>A hormonv\u00e1ltoz\u00e1s nehezebb\u00e9 teszi a fogy\u00e1st. \u00a9 Profimedia<\/em><\/figcaption><\/figure>\n<h2><strong>Egy \u00faj tanulm\u00e1ny a kombin\u00e1lt kezel\u00e9seket tesztelte<\/strong><\/h2>\n<p>Az \u00faj tanulm\u00e1nyban 215 elh\u00edzott \u00e9s kev\u00e9sb\u00e9 fitt ember vett r\u00e9szt. A r\u00e9sztvev\u0151k el\u0151sz\u00f6r 8 h\u00e9tig k\u00f6vettek egy alacsony kal\u00f3riatartalm\u00fa \u00e9trendet, ami alatt mindegyik\u0151j\u00fck k\u00f6r\u00fclbel\u00fcl 13 kg-ot fogyott. Ezt k\u00f6vet\u0151en v\u00e9letlenszer\u0171en 4 csoportra osztott\u00e1k \u0151ket a k\u00eds\u00e9rlethez. A csoportok a k\u00f6vetkez\u0151 kezel\u00e9sekben r\u00e9szes\u00fcltek:<\/p>\n<ol>\n<li><strong>Edz\u0151s csoport:<\/strong> placebo gy\u00f3gyszer + hetente 150 perc mozg\u00e1s<\/li>\n<li><strong>Gy\u00f3gyszeres csoport:<\/strong> elh\u00edz\u00e1s elleni gy\u00f3gyszerek + szok\u00e1sos rutinok<\/li>\n<li><strong>Kombin\u00e1lt csoport:<\/strong> elh\u00edz\u00e1s elleni gy\u00f3gyszerek + heti 150 perc mozg\u00e1s<\/li>\n<li><strong>Placebo csoport<\/strong>: placebo gy\u00f3gyszer + szok\u00e1sos rutinok<\/li>\n<\/ol>\n<p>Az el\u0151\u00edrt mozg\u00e1s lehet 150 perc k\u00f6zepes intenzit\u00e1s\u00fa vagy 75 perc er\u0151teljes intenzit\u00e1s\u00fa edz\u00e9s, vagy a kett\u0151 kever\u00e9ke. Ezut\u00e1n a vizsg\u00e1lat minden r\u00e9sztvev\u0151j\u00e9t havonta megm\u00e9rt\u00e9k, emellett rendszeresen t\u00e1pl\u00e1lkoz\u00e1si \u00e9s \u00e9trendi tan\u00e1csokat is kaptak.<\/p>\n<figure id=\"attachment_11875\" aria-describedby=\"caption-attachment-11875\" style=\"width: 1000px\" class=\"wp-caption alignnone\"><a href=\"https:\/\/d2p6e6u75xmxt8.cloudfront.net\/12\/2021\/07\/healthy-meal-profimedia-0427445882.jpg\"><img loading=\"lazy\" decoding=\"async\" class=\"wp-image-11875 size-full\" src=\"https:\/\/d2p6e6u75xmxt8.cloudfront.net\/12\/2021\/07\/healthy-meal-profimedia-0427445882.jpg\" alt=\"Healthy meal\" width=\"1000\" height=\"667\" srcset=\"https:\/\/d2p6e6u75xmxt8.cloudfront.net\/12\/2021\/07\/healthy-meal-profimedia-0427445882.jpg 1000w, https:\/\/d2p6e6u75xmxt8.cloudfront.net\/12\/2021\/07\/healthy-meal-profimedia-0427445882-300x200.jpg 300w, https:\/\/d2p6e6u75xmxt8.cloudfront.net\/12\/2021\/07\/healthy-meal-profimedia-0427445882-768x512.jpg 768w, https:\/\/d2p6e6u75xmxt8.cloudfront.net\/12\/2021\/07\/healthy-meal-profimedia-0427445882-272x182.jpg 272w\" sizes=\"auto, (max-width: 1000px) 100vw, 1000px\" \/><\/a><figcaption id=\"caption-attachment-11875\" class=\"wp-caption-text\">A r\u00e9sztvev\u0151k el\u0151sz\u00f6r egy alacsony kal\u00f3ri\u00e1s di\u00e9t\u00e1t k\u00f6vettek 8 h\u00e9ten kereszt\u00fcl. \u00a9 Profimedia, Depositphotos Inc.<\/figcaption><\/figure>\n<h2><strong>Az 1 \u00e9v ut\u00e1ni eredm\u00e9nyek nem voltak meglep\u0151ek<\/strong><\/h2>\n<p>A kombin\u00e1lt csoportnak siker\u00fclt a legjobban a fogyk\u00fara, a r\u00e9sztvev\u0151k \u00e1tlagosan 16 kg-t fogytak. A placebo csoport viszont a kezdeti fogy\u00e1snak csup\u00e1n a fel\u00e9t tudta megtartani. A m\u00e1sik k\u00e9t csoport nagyj\u00e1b\u00f3l k\u00e9pes volt fenntartani a 13 kg-os s\u00falycs\u00f6kken\u00e9st.<\/p>\n<ul>\n<li><strong>Edz\u0151s csoport:<\/strong> fenntartotta a kezdeti 13 kg-os fogy\u00e1st<\/li>\n<li><strong>Gy\u00f3gyszeres csoport:<\/strong> fenntartotta a kezdeti 13 kg-os fogy\u00e1st<\/li>\n<li><strong>Kombin\u00e1lt csoport:<\/strong> Tov\u00e1bbi s\u00falycs\u00f6kken\u00e9s (16 kg)<\/li>\n<li><strong>Placebo csoport:<\/strong> \u00c1tlagosan csak 6,5 kg s\u00falycs\u00f6kken\u00e9st tartott fenn<\/li>\n<\/ul>\n<p><em>\u201eNagyszer\u0171 h\u00edr a k\u00f6zeg\u00e9szs\u00e9g\u00fcgy sz\u00e1m\u00e1ra, hogy a jelent\u0151s s\u00falycs\u00f6kken\u00e9s gyakorlatilag heti 115 perc akt\u00edv mozg\u00e1ssal tarthat\u00f3, p\u00e9ld\u00e1ul bicikliz\u00e9ssel. A testmozg\u00e1s az elh\u00edz\u00e1s elleni gy\u00f3gyszerekkel kombin\u00e1lva k\u00e9tszer olyan j\u00f3t hat\u00e9kony, mint a t\u00f6bbi kezel\u00e9s\u201c<\/em> \u2013 fejtette ki Signe Torekov.<\/p>\n<h2><strong>A testmozg\u00e1s eg\u00e9szs\u00e9gesebb\u00e9 teszi a fogy\u00e1st<\/strong><\/h2>\n<p>A kutat\u00f3k a kezel\u00e9s t\u00f6bbi hat\u00e1s\u00e1t is megfigyelt\u00e9k. A k\u00e9t testedz\u0151 csoport n\u00f6velte a mozg\u00e1st, ezzel cs\u00f6kkentve a zs\u00edr- \u00e9s izomt\u00f6meget. A kombin\u00e1lt csoport a v\u00e9rcukorszint cs\u00f6kkent\u00e9s\u00e9re \u00e9s az \u00e9letmin\u0151s\u00e9g jav\u00edt\u00e1s\u00e1ra is k\u00e9pes volt. M\u00e1sr\u00e9szt a placebo csoportn\u00e1l s\u00falyosbodtak a 2-es t\u00edpus\u00fa cukorbetegs\u00e9g \u00e9s a sz\u00edv- \u00e9s \u00e9rrendszeri betegs\u00e9gek jelei.<\/p>\n<p><em>\u201eFontos kiemelni, hogy nem felt\u00e9tlen\u00fcl kapunk eg\u00e9szs\u00e9gesebb testet fogy\u00e1s ut\u00e1n, ha sok izomt\u00f6meget vesz\u00edt\u00fcnk k\u00f6zben\u201c<\/em> \u2013 mondta Signe Torekov.<\/p>\n<figure id=\"attachment_6800\" aria-describedby=\"caption-attachment-6800\" style=\"width: 1024px\" class=\"wp-caption alignnone\"><a href=\"https:\/\/d2p6e6u75xmxt8.cloudfront.net\/2\/2019\/05\/workout-training-pexels-841131.jpg\"><img loading=\"lazy\" decoding=\"async\" class=\"wp-image-6800 size-large\" src=\"https:\/\/d2p6e6u75xmxt8.cloudfront.net\/12\/2020\/02\/workout-training-pexels-841131-1024x682.jpg\" alt=\"Workout\" width=\"1024\" height=\"682\" srcset=\"https:\/\/d2p6e6u75xmxt8.cloudfront.net\/12\/2020\/02\/workout-training-pexels-841131-1024x682.jpg 1024w, https:\/\/d2p6e6u75xmxt8.cloudfront.net\/12\/2020\/02\/workout-training-pexels-841131-300x200.jpg 300w, https:\/\/d2p6e6u75xmxt8.cloudfront.net\/12\/2020\/02\/workout-training-pexels-841131-768x512.jpg 768w, https:\/\/d2p6e6u75xmxt8.cloudfront.net\/12\/2020\/02\/workout-training-pexels-841131-272x182.jpg 272w, https:\/\/d2p6e6u75xmxt8.cloudfront.net\/12\/2020\/02\/workout-training-pexels-841131.jpg 1280w\" sizes=\"auto, (max-width: 1024px) 100vw, 1024px\" \/><\/a><figcaption id=\"caption-attachment-6800\" class=\"wp-caption-text\"><em>Az edz\u00e9s eg\u00e9szs\u00e9gesebb\u00e9 teszi a fogy\u00e1st.<\/em><\/figcaption><\/figure>\n<h2><strong>A tervez\u00e9s elengedhetetlen a fogy\u00e1s fenntart\u00e1s\u00e1hoz<\/strong><\/h2>\n<p>Ez a tanulm\u00e1ny r\u00e1vil\u00e1g\u00edt arra, hogy a s\u00falycs\u00f6kken\u00e9s tal\u00e1n m\u00e9g f\u00e9l sikernek sem mondhat\u00f3. A hossz\u00fa t\u00e1v\u00fa siker \u00e9rdek\u00e9ben elengedhetetlen a kezdeti s\u00falycs\u00f6kkent\u00e9si id\u0151szakot messze meghalad\u00f3 terv.<\/p>\n<p><em>\u201eA fogy\u00e1s eredm\u00e9ny\u00e9nek fenntart\u00e1sa rendk\u00edv\u00fcl neh\u00e9z. Az embereknek meg kell ezt \u00e9rteni\u00fck. Azzal, hogy lefogyt\u00e1l, nem \u201egy\u00f3gyult\u00e1l meg\u201c. A folyamatos testmozg\u00e1st \u00e9s az er\u0151fesz\u00edt\u00e9seket tov\u00e1bbra is folytatni kell\u201c<\/em> \u2013 \u00f6sszegezte Signe Torekov.<\/p>\n","protected":false},"excerpt":{"rendered":"<p>A fogy\u00e1s sok biciklisnek \u00f6r\u00f6met okoz. Ez sz\u00f3rakoztat\u00f3bb\u00e1 teheti a ker\u00e9kp\u00e1roz\u00e1st \u00e9s jav\u00edthat a mutat\u00f3kon, p\u00e9ld\u00e1ul a teljes\u00edtm\u00e9ny \/ s\u00faly [&hellip;]<\/p>\n","protected":false},"author":71,"featured_media":11877,"comment_status":"closed","ping_status":"closed","sticky":false,"template":"","format":"standard","meta":{"footnotes":""},"categories":[6],"tags":[],"global-categories":[],"class_list":["post-11872","post","type-post","status-publish","format-standard","has-post-thumbnail","hentry","category-edzes-es-eletmod"],"yoast_head":"<!-- This site is optimized with the Yoast SEO Premium plugin v25.3 (Yoast SEO v25.9) - https:\/\/yoast.com\/wordpress\/plugins\/seo\/ -->\n<title>A fenntarthat\u00f3 fogy\u00e1s titka - \u0160koda We Love Cycling - Magyarorsz\u00e1g<\/title>\n<meta name=\"description\" content=\"A fogy\u00e1s sok biciklisnek \u00f6r\u00f6met okoz. Ez sz\u00f3rakoztat\u00f3bb\u00e1 teheti a ker\u00e9kp\u00e1roz\u00e1st \u00e9s jav\u00edthat a mutat\u00f3kon, p\u00e9ld\u00e1ul a teljes\u00edtm\u00e9ny \/ s\u00faly ar\u00e1nyon.\" \/>\n<meta name=\"robots\" content=\"index, follow, max-snippet:-1, max-image-preview:large, max-video-preview:-1\" \/>\n<link rel=\"canonical\" href=\"https:\/\/www.welovecycling.com\/hu\/edzes-es-eletmod\/a-fenntarthato-fogyas-titka\/\" \/>\n<meta property=\"og:locale\" content=\"hu_HU\" \/>\n<meta property=\"og:type\" content=\"article\" \/>\n<meta property=\"og:title\" content=\"A fenntarthat\u00f3 fogy\u00e1s titka\" \/>\n<meta property=\"og:description\" content=\"A fogy\u00e1s sok biciklisnek \u00f6r\u00f6met okoz. Ez sz\u00f3rakoztat\u00f3bb\u00e1 teheti a ker\u00e9kp\u00e1roz\u00e1st \u00e9s jav\u00edthat a mutat\u00f3kon, p\u00e9ld\u00e1ul a teljes\u00edtm\u00e9ny \/ s\u00faly ar\u00e1nyon.\" \/>\n<meta property=\"og:url\" content=\"https:\/\/www.welovecycling.com\/hu\/edzes-es-eletmod\/a-fenntarthato-fogyas-titka\/\" \/>\n<meta property=\"og:site_name\" content=\"\u0160koda We Love Cycling - Magyarorsz\u00e1g\" \/>\n<meta property=\"article:publisher\" content=\"https:\/\/www.facebook.com\/WeLoveCyclingHungary\/\" \/>\n<meta property=\"article:published_time\" content=\"2021-07-07T06:00:42+00:00\" \/>\n<meta property=\"og:image\" content=\"https:\/\/d2p6e6u75xmxt8.cloudfront.net\/12\/2021\/07\/Weight-Loss-profimedia-0614756999-CVR.jpg\" \/>\n\t<meta property=\"og:image:width\" content=\"1366\" \/>\n\t<meta property=\"og:image:height\" content=\"596\" \/>\n\t<meta property=\"og:image:type\" content=\"image\/jpeg\" \/>\n<meta name=\"author\" content=\"hegyizs\" \/>\n<meta name=\"twitter:card\" content=\"summary_large_image\" \/>\n<meta name=\"twitter:label1\" content=\"Written by\" \/>\n\t<meta name=\"twitter:data1\" content=\"Jiri Kaloc\" \/>\n\t<meta name=\"twitter:label2\" content=\"Est. reading time\" \/>\n\t<meta name=\"twitter:data2\" content=\"6\" \/>\n<script type=\"application\/ld+json\" class=\"yoast-schema-graph\">{\"@context\":\"https:\/\/schema.org\",\"@graph\":[{\"@type\":\"WebPage\",\"@id\":\"https:\/\/www.welovecycling.com\/hu\/edzes-es-eletmod\/a-fenntarthato-fogyas-titka\/\",\"url\":\"https:\/\/www.welovecycling.com\/hu\/edzes-es-eletmod\/a-fenntarthato-fogyas-titka\/\",\"name\":\"A fenntarthat\u00f3 fogy\u00e1s titka - \u0160koda We Love Cycling - Magyarorsz\u00e1g\",\"isPartOf\":{\"@id\":\"https:\/\/www.welovecycling.com\/hu\/#website\"},\"primaryImageOfPage\":{\"@id\":\"https:\/\/www.welovecycling.com\/hu\/edzes-es-eletmod\/a-fenntarthato-fogyas-titka\/#primaryimage\"},\"image\":{\"@id\":\"https:\/\/www.welovecycling.com\/hu\/edzes-es-eletmod\/a-fenntarthato-fogyas-titka\/#primaryimage\"},\"thumbnailUrl\":\"https:\/\/d2p6e6u75xmxt8.cloudfront.net\/12\/2021\/07\/Weight-Loss-profimedia-0614756999-CVR.jpg\",\"datePublished\":\"2021-07-07T06:00:42+00:00\",\"author\":{\"@id\":\"https:\/\/www.welovecycling.com\/hu\/#\/schema\/person\/414a2aebf1801691a5320edb6468e194\"},\"description\":\"A fogy\u00e1s sok biciklisnek \u00f6r\u00f6met okoz. Ez sz\u00f3rakoztat\u00f3bb\u00e1 teheti a ker\u00e9kp\u00e1roz\u00e1st \u00e9s jav\u00edthat a mutat\u00f3kon, p\u00e9ld\u00e1ul a teljes\u00edtm\u00e9ny \/ s\u00faly ar\u00e1nyon.\",\"breadcrumb\":{\"@id\":\"https:\/\/www.welovecycling.com\/hu\/edzes-es-eletmod\/a-fenntarthato-fogyas-titka\/#breadcrumb\"},\"inLanguage\":\"hu\",\"potentialAction\":[{\"@type\":\"ReadAction\",\"target\":[\"https:\/\/www.welovecycling.com\/hu\/edzes-es-eletmod\/a-fenntarthato-fogyas-titka\/\"]}]},{\"@type\":\"ImageObject\",\"inLanguage\":\"hu\",\"@id\":\"https:\/\/www.welovecycling.com\/hu\/edzes-es-eletmod\/a-fenntarthato-fogyas-titka\/#primaryimage\",\"url\":\"https:\/\/d2p6e6u75xmxt8.cloudfront.net\/12\/2021\/07\/Weight-Loss-profimedia-0614756999-CVR.jpg\",\"contentUrl\":\"https:\/\/d2p6e6u75xmxt8.cloudfront.net\/12\/2021\/07\/Weight-Loss-profimedia-0614756999-CVR.jpg\",\"width\":1366,\"height\":596,\"caption\":\"Weight Loss\"},{\"@type\":\"BreadcrumbList\",\"@id\":\"https:\/\/www.welovecycling.com\/hu\/edzes-es-eletmod\/a-fenntarthato-fogyas-titka\/#breadcrumb\",\"itemListElement\":[{\"@type\":\"ListItem\",\"position\":1,\"name\":\"Home\",\"item\":\"https:\/\/www.welovecycling.com\/hu\/\"},{\"@type\":\"ListItem\",\"position\":2,\"name\":\"A fenntarthat\u00f3 fogy\u00e1s titka\"}]},{\"@type\":\"WebSite\",\"@id\":\"https:\/\/www.welovecycling.com\/hu\/#website\",\"url\":\"https:\/\/www.welovecycling.com\/hu\/\",\"name\":\"\u0160koda We Love Cycling - Magyarorsz\u00e1g\",\"description\":\"\u0160koda WeLoveCycling\",\"potentialAction\":[{\"@type\":\"SearchAction\",\"target\":{\"@type\":\"EntryPoint\",\"urlTemplate\":\"https:\/\/www.welovecycling.com\/hu\/?s={search_term_string}\"},\"query-input\":{\"@type\":\"PropertyValueSpecification\",\"valueRequired\":true,\"valueName\":\"search_term_string\"}}],\"inLanguage\":\"hu\"},{\"@type\":\"Person\",\"@id\":\"https:\/\/www.welovecycling.com\/hu\/#\/schema\/person\/414a2aebf1801691a5320edb6468e194\",\"name\":\"hegyizs\",\"image\":{\"@type\":\"ImageObject\",\"inLanguage\":\"hu\",\"@id\":\"https:\/\/www.welovecycling.com\/hu\/#\/schema\/person\/image\/\",\"url\":\"https:\/\/secure.gravatar.com\/avatar\/02cf8a7906b8cf90cecb4679defac7cfd33a1c2e3b88e4903d947f3bb58eedd3?s=96&d=mm&r=g\",\"contentUrl\":\"https:\/\/secure.gravatar.com\/avatar\/02cf8a7906b8cf90cecb4679defac7cfd33a1c2e3b88e4903d947f3bb58eedd3?s=96&d=mm&r=g\",\"caption\":\"hegyizs\"},\"url\":\"https:\/\/www.welovecycling.com\/hu\/author\/hegyizs\/\"}]}<\/script>\n<!-- \/ Yoast SEO Premium plugin. -->","yoast_head_json":{"title":"A fenntarthat\u00f3 fogy\u00e1s titka - \u0160koda We Love Cycling - Magyarorsz\u00e1g","description":"A fogy\u00e1s sok biciklisnek \u00f6r\u00f6met okoz. Ez sz\u00f3rakoztat\u00f3bb\u00e1 teheti a ker\u00e9kp\u00e1roz\u00e1st \u00e9s jav\u00edthat a mutat\u00f3kon, p\u00e9ld\u00e1ul a teljes\u00edtm\u00e9ny \/ s\u00faly ar\u00e1nyon.","robots":{"index":"index","follow":"follow","max-snippet":"max-snippet:-1","max-image-preview":"max-image-preview:large","max-video-preview":"max-video-preview:-1"},"canonical":"https:\/\/www.welovecycling.com\/hu\/edzes-es-eletmod\/a-fenntarthato-fogyas-titka\/","og_locale":"hu_HU","og_type":"article","og_title":"A fenntarthat\u00f3 fogy\u00e1s titka","og_description":"A fogy\u00e1s sok biciklisnek \u00f6r\u00f6met okoz. Ez sz\u00f3rakoztat\u00f3bb\u00e1 teheti a ker\u00e9kp\u00e1roz\u00e1st \u00e9s jav\u00edthat a mutat\u00f3kon, p\u00e9ld\u00e1ul a teljes\u00edtm\u00e9ny \/ s\u00faly ar\u00e1nyon.","og_url":"https:\/\/www.welovecycling.com\/hu\/edzes-es-eletmod\/a-fenntarthato-fogyas-titka\/","og_site_name":"\u0160koda We Love Cycling - Magyarorsz\u00e1g","article_publisher":"https:\/\/www.facebook.com\/WeLoveCyclingHungary\/","article_published_time":"2021-07-07T06:00:42+00:00","og_image":[{"width":1366,"height":596,"url":"https:\/\/d2p6e6u75xmxt8.cloudfront.net\/12\/2021\/07\/Weight-Loss-profimedia-0614756999-CVR.jpg","type":"image\/jpeg"}],"author":"hegyizs","twitter_card":"summary_large_image","twitter_misc":{"Written by":"Jiri Kaloc","Est. reading time":"6"},"schema":{"@context":"https:\/\/schema.org","@graph":[{"@type":"WebPage","@id":"https:\/\/www.welovecycling.com\/hu\/edzes-es-eletmod\/a-fenntarthato-fogyas-titka\/","url":"https:\/\/www.welovecycling.com\/hu\/edzes-es-eletmod\/a-fenntarthato-fogyas-titka\/","name":"A fenntarthat\u00f3 fogy\u00e1s titka - \u0160koda We Love Cycling - Magyarorsz\u00e1g","isPartOf":{"@id":"https:\/\/www.welovecycling.com\/hu\/#website"},"primaryImageOfPage":{"@id":"https:\/\/www.welovecycling.com\/hu\/edzes-es-eletmod\/a-fenntarthato-fogyas-titka\/#primaryimage"},"image":{"@id":"https:\/\/www.welovecycling.com\/hu\/edzes-es-eletmod\/a-fenntarthato-fogyas-titka\/#primaryimage"},"thumbnailUrl":"https:\/\/d2p6e6u75xmxt8.cloudfront.net\/12\/2021\/07\/Weight-Loss-profimedia-0614756999-CVR.jpg","datePublished":"2021-07-07T06:00:42+00:00","author":{"@id":"https:\/\/www.welovecycling.com\/hu\/#\/schema\/person\/414a2aebf1801691a5320edb6468e194"},"description":"A fogy\u00e1s sok biciklisnek \u00f6r\u00f6met okoz. Ez sz\u00f3rakoztat\u00f3bb\u00e1 teheti a ker\u00e9kp\u00e1roz\u00e1st \u00e9s jav\u00edthat a mutat\u00f3kon, p\u00e9ld\u00e1ul a teljes\u00edtm\u00e9ny \/ s\u00faly ar\u00e1nyon.","breadcrumb":{"@id":"https:\/\/www.welovecycling.com\/hu\/edzes-es-eletmod\/a-fenntarthato-fogyas-titka\/#breadcrumb"},"inLanguage":"hu","potentialAction":[{"@type":"ReadAction","target":["https:\/\/www.welovecycling.com\/hu\/edzes-es-eletmod\/a-fenntarthato-fogyas-titka\/"]}]},{"@type":"ImageObject","inLanguage":"hu","@id":"https:\/\/www.welovecycling.com\/hu\/edzes-es-eletmod\/a-fenntarthato-fogyas-titka\/#primaryimage","url":"https:\/\/d2p6e6u75xmxt8.cloudfront.net\/12\/2021\/07\/Weight-Loss-profimedia-0614756999-CVR.jpg","contentUrl":"https:\/\/d2p6e6u75xmxt8.cloudfront.net\/12\/2021\/07\/Weight-Loss-profimedia-0614756999-CVR.jpg","width":1366,"height":596,"caption":"Weight Loss"},{"@type":"BreadcrumbList","@id":"https:\/\/www.welovecycling.com\/hu\/edzes-es-eletmod\/a-fenntarthato-fogyas-titka\/#breadcrumb","itemListElement":[{"@type":"ListItem","position":1,"name":"Home","item":"https:\/\/www.welovecycling.com\/hu\/"},{"@type":"ListItem","position":2,"name":"A fenntarthat\u00f3 fogy\u00e1s titka"}]},{"@type":"WebSite","@id":"https:\/\/www.welovecycling.com\/hu\/#website","url":"https:\/\/www.welovecycling.com\/hu\/","name":"\u0160koda We Love Cycling - Magyarorsz\u00e1g","description":"\u0160koda WeLoveCycling","potentialAction":[{"@type":"SearchAction","target":{"@type":"EntryPoint","urlTemplate":"https:\/\/www.welovecycling.com\/hu\/?s={search_term_string}"},"query-input":{"@type":"PropertyValueSpecification","valueRequired":true,"valueName":"search_term_string"}}],"inLanguage":"hu"},{"@type":"Person","@id":"https:\/\/www.welovecycling.com\/hu\/#\/schema\/person\/414a2aebf1801691a5320edb6468e194","name":"hegyizs","image":{"@type":"ImageObject","inLanguage":"hu","@id":"https:\/\/www.welovecycling.com\/hu\/#\/schema\/person\/image\/","url":"https:\/\/secure.gravatar.com\/avatar\/02cf8a7906b8cf90cecb4679defac7cfd33a1c2e3b88e4903d947f3bb58eedd3?s=96&d=mm&r=g","contentUrl":"https:\/\/secure.gravatar.com\/avatar\/02cf8a7906b8cf90cecb4679defac7cfd33a1c2e3b88e4903d947f3bb58eedd3?s=96&d=mm&r=g","caption":"hegyizs"},"url":"https:\/\/www.welovecycling.com\/hu\/author\/hegyizs\/"}]}},"_links":{"self":[{"href":"https:\/\/www.welovecycling.com\/hu\/wp-json\/wp\/v2\/posts\/11872","targetHints":{"allow":["GET"]}}],"collection":[{"href":"https:\/\/www.welovecycling.com\/hu\/wp-json\/wp\/v2\/posts"}],"about":[{"href":"https:\/\/www.welovecycling.com\/hu\/wp-json\/wp\/v2\/types\/post"}],"author":[{"embeddable":true,"href":"https:\/\/www.welovecycling.com\/hu\/wp-json\/wp\/v2\/users\/71"}],"replies":[{"embeddable":true,"href":"https:\/\/www.welovecycling.com\/hu\/wp-json\/wp\/v2\/comments?post=11872"}],"version-history":[{"count":2,"href":"https:\/\/www.welovecycling.com\/hu\/wp-json\/wp\/v2\/posts\/11872\/revisions"}],"predecessor-version":[{"id":11907,"href":"https:\/\/www.welovecycling.com\/hu\/wp-json\/wp\/v2\/posts\/11872\/revisions\/11907"}],"wp:featuredmedia":[{"embeddable":true,"href":"https:\/\/www.welovecycling.com\/hu\/wp-json\/wp\/v2\/media\/11877"}],"wp:attachment":[{"href":"https:\/\/www.welovecycling.com\/hu\/wp-json\/wp\/v2\/media?parent=11872"}],"wp:term":[{"taxonomy":"category","embeddable":true,"href":"https:\/\/www.welovecycling.com\/hu\/wp-json\/wp\/v2\/categories?post=11872"},{"taxonomy":"post_tag","embeddable":true,"href":"https:\/\/www.welovecycling.com\/hu\/wp-json\/wp\/v2\/tags?post=11872"},{"taxonomy":"global-categories","embeddable":true,"href":"https:\/\/www.welovecycling.com\/hu\/wp-json\/wp\/v2\/global-categories?post=11872"}],"curies":[{"name":"wp","href":"https:\/\/api.w.org\/{rel}","templated":true}]}}