{"id":11852,"date":"2021-06-25T09:00:54","date_gmt":"2021-06-25T07:00:54","guid":{"rendered":"https:\/\/www.welovecycling.com\/hu\/?p=11852"},"modified":"2021-06-25T15:07:14","modified_gmt":"2021-06-25T13:07:14","slug":"haromeselyes-egyenlet","status":"publish","type":"post","link":"https:\/\/www.welovecycling.com\/hu\/tour-de-france\/haromeselyes-egyenlet\/","title":{"rendered":"H\u00e1romes\u00e9lyes egyenlet"},"content":{"rendered":"<p><strong>A tavaly felejthetetlen p\u00e1rharcot v\u00edv\u00f3 k\u00e9t szlov\u00e9n szt\u00e1r, Tadej Pogacar \u00e9s Primoz Roglic az idei Tour de France-on \u00fajra \u00f6sszem\u00e9rheti erej\u00e9t, \u00e1m a bivalyer\u0151s kerettel Franciaorsz\u00e1gba \u00e9rkez\u0151 Ineosnak is lesz egy-k\u00e9t szava hozz\u00e1juk\u2026<\/strong><!--more--><\/p>\n<p>Szombaton elrajtol a vil\u00e1g legnagyobb \u00e9s legr\u00e9gebbi ker\u00e9kp\u00e1ros k\u00f6rversenye, a Tour de France, amelyr\u0151l m\u00e1r sz\u00e1mos k\u00fcl\u00f6nleges rekordot \u00e9s \u00e9rdekess\u00e9get olvashattatok n\u00e1lunk is \u2013 most n\u00e9zz\u00fck meg, kik a legnagyobb favoritok a v\u00e9gs\u0151 gy\u0151zelemre!<\/p>\n<p>Aki csak kicsit is k\u00f6veti az orsz\u00e1g\u00fati ker\u00e9kp\u00e1roz\u00e1st, val\u00f3sz\u00edn\u0171leg j\u00f3 darabig nem felejti a tavalyi Tour-t, amely szinte v\u00e9gig a k\u00e9t \u0171rteljes\u00edtm\u00e9nyt ny\u00fajt\u00f3 szlov\u00e9n szt\u00e1r, Primoz Roglic \u00e9s Tadej Pogacar ki\u00e9lezett k\u00fcl\u00f6nharc\u00e1t hozta. Az eml\u00e9kezetes p\u00e1rharc v\u00e9g\u00fcl csak az utols\u00f3 el\u0151tti szakaszon, az id\u0151futamon d\u0151lt el, ahol a szemtelen\u00fcl fiatal Pogacar emberfeletti menettel ford\u00edtotta a maga jav\u00e1ra a versenyt, \u00e9s egyetlen nappal 22. sz\u00fclet\u00e9snapja el\u0151tt r\u00f6gt\u00f6n \u00e9lete els\u0151 Tour-j\u00e1n diadalmaskodni tudott, az utols\u00f3 pillanatban ki\u00e9nekelve a sajtot a verseny nagy r\u00e9sz\u00e9ben vezet\u0151 honfit\u00e1rsa sz\u00e1j\u00e1b\u00f3l.<\/p>\n<figure id=\"attachment_11854\" aria-describedby=\"caption-attachment-11854\" style=\"width: 900px\" class=\"wp-caption alignnone\"><a href=\"https:\/\/d2p6e6u75xmxt8.cloudfront.net\/12\/2021\/06\/wlc_0625_01.jpg\"><img loading=\"lazy\" decoding=\"async\" class=\"size-full wp-image-11854\" src=\"https:\/\/d2p6e6u75xmxt8.cloudfront.net\/12\/2021\/06\/wlc_0625_01.jpg\" alt=\"\" width=\"900\" height=\"600\" srcset=\"https:\/\/d2p6e6u75xmxt8.cloudfront.net\/12\/2021\/06\/wlc_0625_01.jpg 900w, https:\/\/d2p6e6u75xmxt8.cloudfront.net\/12\/2021\/06\/wlc_0625_01-300x200.jpg 300w, https:\/\/d2p6e6u75xmxt8.cloudfront.net\/12\/2021\/06\/wlc_0625_01-768x512.jpg 768w, https:\/\/d2p6e6u75xmxt8.cloudfront.net\/12\/2021\/06\/wlc_0625_01-272x182.jpg 272w\" sizes=\"auto, (max-width: 900px) 100vw, 900px\" \/><\/a><figcaption id=\"caption-attachment-11854\" class=\"wp-caption-text\">Fot\u00f3: Nik Jevsnik<\/figcaption><\/figure>\n<p>A j\u00f3 h\u00edr, hogy a k\u00e9t \u201eszuperszlov\u00e9n\u201d id\u00e9n \u00fajra \u00f6sszem\u00e9rheti erej\u00e9t, s rem\u00e9lhet\u0151leg hasonl\u00f3an izgalmas verseny kerekedik ki kettej\u00fck rivaliz\u00e1l\u00e1s\u00e1b\u00f3l \u2013 \u00e1m ez\u00fattal szinte biztosan sz\u00e1molni kell egy harmadik er\u0151vel is.<\/p>\n<p>Az Ineos ugyanis egy vil\u00e1gv\u00e1logatottal fel\u00e9r\u0151 sorral v\u00e1g neki a Tour-nak, nyolc versenyz\u0151j\u00fckb\u0151l n\u00e9gynek is lehet es\u00e9lye az \u00f6sszetettben: Geraint Thomas 2018-ban nyerte meg a k\u00f6rversenyt, Richard Carapaz a 2019-es Giro gy\u0151ztese, Tao Gheoghegan Hart tavaly diadalmaskodott az olasz k\u00f6r\u00f6n, Richie Porte pedig \u00e9vek \u00f3ta ott van a t\u0171zk\u00f6zelben, \u00e9s legut\u00f3bb fel is \u00e1llhatott a Tour dobog\u00f3j\u00e1ra. Hogy k\u00f6z\u00fcl\u00fck ki lesz a legjobb form\u00e1ban, \u00e9s ki l\u00e9p el\u0151 els\u0151 emberr\u00e9, el\u0151re megj\u00f3solhatatlan, majd menet k\u00f6zben kider\u00fcl, de egy ilyen csapat \u2013 a m\u0171faj egyik legjobbj\u00e1nak sz\u00e1m\u00edt\u00f3 Jonathan Castroviejo vezette seg\u00edt\u0151brig\u00e1ddal kieg\u00e9sz\u00fclve \u2013 t\u00e9nyleg b\u00e1rmire k\u00e9pes lehet. Felt\u00e9ve persze, hogy ennyi dud\u00e1s megf\u00e9r egy cs\u00e1rd\u00e1ban, s nem fordul a vissz\u00e1j\u00e1ra a dolog\u2026<\/p>\n<figure id=\"attachment_11855\" aria-describedby=\"caption-attachment-11855\" style=\"width: 1200px\" class=\"wp-caption alignnone\"><a href=\"https:\/\/d2p6e6u75xmxt8.cloudfront.net\/12\/2021\/06\/wlc_0625_02.jpg\"><img loading=\"lazy\" decoding=\"async\" class=\"size-full wp-image-11855\" src=\"https:\/\/d2p6e6u75xmxt8.cloudfront.net\/12\/2021\/06\/wlc_0625_02.jpg\" alt=\"\" width=\"1200\" height=\"675\" srcset=\"https:\/\/d2p6e6u75xmxt8.cloudfront.net\/12\/2021\/06\/wlc_0625_02.jpg 1200w, https:\/\/d2p6e6u75xmxt8.cloudfront.net\/12\/2021\/06\/wlc_0625_02-300x169.jpg 300w, https:\/\/d2p6e6u75xmxt8.cloudfront.net\/12\/2021\/06\/wlc_0625_02-1024x576.jpg 1024w, https:\/\/d2p6e6u75xmxt8.cloudfront.net\/12\/2021\/06\/wlc_0625_02-768x432.jpg 768w\" sizes=\"auto, (max-width: 1200px) 100vw, 1200px\" \/><\/a><figcaption id=\"caption-attachment-11855\" class=\"wp-caption-text\">Fot\u00f3: AFP<\/figcaption><\/figure>\n<p>A favorit nagymen\u0151k mindenesetre magabiztosak, amire nyilv\u00e1n minden okuk meg is van. A Tour-ra a szlov\u00e9n k\u00f6r megnyer\u00e9s\u00e9vel meleg\u00edt\u0151 Pogacar p\u00e9ld\u00e1ul azt nyilatkozta, nagy megtiszteltet\u00e9s \u00e9s motiv\u00e1ci\u00f3, hogy c\u00edmv\u00e9d\u0151k\u00e9nt \u00e9rkezhet vissza a Tour de France-ra, b\u00edzik saj\u00e1t mag\u00e1ban \u00e9s a csapat\u00e1ban, a c\u00e9lja pedig egy\u00e9rtelm\u0171: \u00fajra elh\u00f3d\u00edtani a s\u00e1rga trik\u00f3t!<\/p>\n<p>Roglic ugyanakkor figyelmeztetett, nemcsak kettej\u00fckr\u0151l sz\u00f3l majd az idei viadal, szerinte rajtuk k\u00edv\u00fcl is van m\u00e9g h\u00fasz m\u00e1sik olyan, er\u0151s versenyz\u0151, aki oda\u00e9rhet a v\u00e9g\u00e9n.<\/p>\n<p>\u00cdgy vagy \u00fagy, az\u00e9rt mindent egybev\u00e9ve m\u00e9giscsak nagy meglepet\u00e9snek kellene t\u00f6rt\u00e9nnie ahhoz, hogy a v\u00e9gs\u0151 gy\u0151ztes ne a k\u00e9t szlov\u00e9n, vagy az Ineos-szt\u00e1rok k\u00f6z\u00fcl ker\u00fclj\u00f6n ki\u2026<\/p>\n<p><em>Bor\u00edt\u00f3k\u00e9p: Yuzuru Sunada<\/em><\/p>\n","protected":false},"excerpt":{"rendered":"<p>A tavaly felejthetetlen p\u00e1rharcot v\u00edv\u00f3 k\u00e9t szlov\u00e9n szt\u00e1r, Tadej Pogacar \u00e9s Primoz Roglic az idei Tour de France-on \u00fajra \u00f6sszem\u00e9rheti [&hellip;]<\/p>\n","protected":false},"author":71,"featured_media":11853,"comment_status":"open","ping_status":"open","sticky":false,"template":"","format":"standard","meta":{"footnotes":""},"categories":[96],"tags":[],"global-categories":[],"class_list":["post-11852","post","type-post","status-publish","format-standard","has-post-thumbnail","hentry","category-tour-de-france"],"yoast_head":"<!-- This site is optimized with the Yoast SEO Premium plugin v25.3 (Yoast SEO v25.9) - https:\/\/yoast.com\/wordpress\/plugins\/seo\/ -->\n<title>H\u00e1romes\u00e9lyes egyenlet - \u0160koda We Love Cycling - Magyarorsz\u00e1g<\/title>\n<meta name=\"description\" content=\"A tavaly felejthetetlen p\u00e1rharcot v\u00edv\u00f3 k\u00e9t szlov\u00e9n szt\u00e1r, Tadej Pogacar \u00e9s Primoz Roglic az idei Tour de France-on \u00fajra \u00f6sszem\u00e9rheti erej\u00e9t, \u00e1m a bivalyer\u0151s kerettel Franciaorsz\u00e1gba \u00e9rkez\u0151 Ineosnak is lesz egy-k\u00e9t szava hozz\u00e1juk\u2026\" \/>\n<meta name=\"robots\" content=\"index, follow, max-snippet:-1, max-image-preview:large, max-video-preview:-1\" \/>\n<link rel=\"canonical\" href=\"https:\/\/www.welovecycling.com\/hu\/tour-de-france\/haromeselyes-egyenlet\/\" \/>\n<meta property=\"og:locale\" content=\"hu_HU\" \/>\n<meta property=\"og:type\" content=\"article\" \/>\n<meta property=\"og:title\" content=\"H\u00e1romes\u00e9lyes egyenlet\" \/>\n<meta property=\"og:description\" content=\"A tavaly felejthetetlen p\u00e1rharcot v\u00edv\u00f3 k\u00e9t szlov\u00e9n szt\u00e1r, Tadej Pogacar \u00e9s Primoz Roglic az idei Tour de France-on \u00fajra \u00f6sszem\u00e9rheti erej\u00e9t, \u00e1m a bivalyer\u0151s kerettel Franciaorsz\u00e1gba \u00e9rkez\u0151 Ineosnak is lesz egy-k\u00e9t szava hozz\u00e1juk\u2026\" \/>\n<meta property=\"og:url\" content=\"https:\/\/www.welovecycling.com\/hu\/tour-de-france\/haromeselyes-egyenlet\/\" \/>\n<meta property=\"og:site_name\" content=\"\u0160koda We Love Cycling - Magyarorsz\u00e1g\" \/>\n<meta property=\"article:publisher\" content=\"https:\/\/www.facebook.com\/WeLoveCyclingHungary\/\" \/>\n<meta property=\"article:published_time\" content=\"2021-06-25T07:00:54+00:00\" \/>\n<meta property=\"article:modified_time\" content=\"2021-06-25T13:07:14+00:00\" \/>\n<meta property=\"og:image\" content=\"https:\/\/d2p6e6u75xmxt8.cloudfront.net\/12\/2021\/06\/wlc_0625.jpg\" \/>\n\t<meta property=\"og:image:width\" content=\"1166\" \/>\n\t<meta property=\"og:image:height\" content=\"747\" \/>\n\t<meta property=\"og:image:type\" content=\"image\/jpeg\" \/>\n<meta name=\"author\" content=\"hegyizs\" \/>\n<meta name=\"twitter:card\" content=\"summary_large_image\" \/>\n<meta name=\"twitter:label1\" content=\"Written by\" \/>\n\t<meta name=\"twitter:data1\" content=\"WLC\" \/>\n\t<meta name=\"twitter:label2\" content=\"Est. reading time\" \/>\n\t<meta name=\"twitter:data2\" content=\"3 minutes\" \/>\n<script type=\"application\/ld+json\" class=\"yoast-schema-graph\">{\"@context\":\"https:\/\/schema.org\",\"@graph\":[{\"@type\":\"WebPage\",\"@id\":\"https:\/\/www.welovecycling.com\/hu\/tour-de-france\/haromeselyes-egyenlet\/\",\"url\":\"https:\/\/www.welovecycling.com\/hu\/tour-de-france\/haromeselyes-egyenlet\/\",\"name\":\"H\u00e1romes\u00e9lyes egyenlet - \u0160koda We Love Cycling - Magyarorsz\u00e1g\",\"isPartOf\":{\"@id\":\"https:\/\/www.welovecycling.com\/hu\/#website\"},\"primaryImageOfPage\":{\"@id\":\"https:\/\/www.welovecycling.com\/hu\/tour-de-france\/haromeselyes-egyenlet\/#primaryimage\"},\"image\":{\"@id\":\"https:\/\/www.welovecycling.com\/hu\/tour-de-france\/haromeselyes-egyenlet\/#primaryimage\"},\"thumbnailUrl\":\"https:\/\/d2p6e6u75xmxt8.cloudfront.net\/12\/2021\/06\/wlc_0625.jpg\",\"datePublished\":\"2021-06-25T07:00:54+00:00\",\"dateModified\":\"2021-06-25T13:07:14+00:00\",\"author\":{\"@id\":\"https:\/\/www.welovecycling.com\/hu\/#\/schema\/person\/414a2aebf1801691a5320edb6468e194\"},\"description\":\"A tavaly felejthetetlen p\u00e1rharcot v\u00edv\u00f3 k\u00e9t szlov\u00e9n szt\u00e1r, Tadej Pogacar \u00e9s Primoz Roglic az idei Tour de France-on \u00fajra \u00f6sszem\u00e9rheti erej\u00e9t, \u00e1m a bivalyer\u0151s kerettel Franciaorsz\u00e1gba \u00e9rkez\u0151 Ineosnak is lesz egy-k\u00e9t szava hozz\u00e1juk\u2026\",\"breadcrumb\":{\"@id\":\"https:\/\/www.welovecycling.com\/hu\/tour-de-france\/haromeselyes-egyenlet\/#breadcrumb\"},\"inLanguage\":\"hu\",\"potentialAction\":[{\"@type\":\"ReadAction\",\"target\":[\"https:\/\/www.welovecycling.com\/hu\/tour-de-france\/haromeselyes-egyenlet\/\"]}]},{\"@type\":\"ImageObject\",\"inLanguage\":\"hu\",\"@id\":\"https:\/\/www.welovecycling.com\/hu\/tour-de-france\/haromeselyes-egyenlet\/#primaryimage\",\"url\":\"https:\/\/d2p6e6u75xmxt8.cloudfront.net\/12\/2021\/06\/wlc_0625.jpg\",\"contentUrl\":\"https:\/\/d2p6e6u75xmxt8.cloudfront.net\/12\/2021\/06\/wlc_0625.jpg\",\"width\":1166,\"height\":747},{\"@type\":\"BreadcrumbList\",\"@id\":\"https:\/\/www.welovecycling.com\/hu\/tour-de-france\/haromeselyes-egyenlet\/#breadcrumb\",\"itemListElement\":[{\"@type\":\"ListItem\",\"position\":1,\"name\":\"Home\",\"item\":\"https:\/\/www.welovecycling.com\/hu\/\"},{\"@type\":\"ListItem\",\"position\":2,\"name\":\"H\u00e1romes\u00e9lyes egyenlet\"}]},{\"@type\":\"WebSite\",\"@id\":\"https:\/\/www.welovecycling.com\/hu\/#website\",\"url\":\"https:\/\/www.welovecycling.com\/hu\/\",\"name\":\"\u0160koda We Love Cycling - Magyarorsz\u00e1g\",\"description\":\"\u0160koda WeLoveCycling\",\"potentialAction\":[{\"@type\":\"SearchAction\",\"target\":{\"@type\":\"EntryPoint\",\"urlTemplate\":\"https:\/\/www.welovecycling.com\/hu\/?s={search_term_string}\"},\"query-input\":{\"@type\":\"PropertyValueSpecification\",\"valueRequired\":true,\"valueName\":\"search_term_string\"}}],\"inLanguage\":\"hu\"},{\"@type\":\"Person\",\"@id\":\"https:\/\/www.welovecycling.com\/hu\/#\/schema\/person\/414a2aebf1801691a5320edb6468e194\",\"name\":\"hegyizs\",\"image\":{\"@type\":\"ImageObject\",\"inLanguage\":\"hu\",\"@id\":\"https:\/\/www.welovecycling.com\/hu\/#\/schema\/person\/image\/\",\"url\":\"https:\/\/secure.gravatar.com\/avatar\/02cf8a7906b8cf90cecb4679defac7cfd33a1c2e3b88e4903d947f3bb58eedd3?s=96&d=mm&r=g\",\"contentUrl\":\"https:\/\/secure.gravatar.com\/avatar\/02cf8a7906b8cf90cecb4679defac7cfd33a1c2e3b88e4903d947f3bb58eedd3?s=96&d=mm&r=g\",\"caption\":\"hegyizs\"},\"url\":\"https:\/\/www.welovecycling.com\/hu\/author\/hegyizs\/\"}]}<\/script>\n<!-- \/ Yoast SEO Premium plugin. -->","yoast_head_json":{"title":"H\u00e1romes\u00e9lyes egyenlet - \u0160koda We Love Cycling - Magyarorsz\u00e1g","description":"A tavaly felejthetetlen p\u00e1rharcot v\u00edv\u00f3 k\u00e9t szlov\u00e9n szt\u00e1r, Tadej Pogacar \u00e9s Primoz Roglic az idei Tour de France-on \u00fajra \u00f6sszem\u00e9rheti erej\u00e9t, \u00e1m a bivalyer\u0151s kerettel Franciaorsz\u00e1gba \u00e9rkez\u0151 Ineosnak is lesz egy-k\u00e9t szava hozz\u00e1juk\u2026","robots":{"index":"index","follow":"follow","max-snippet":"max-snippet:-1","max-image-preview":"max-image-preview:large","max-video-preview":"max-video-preview:-1"},"canonical":"https:\/\/www.welovecycling.com\/hu\/tour-de-france\/haromeselyes-egyenlet\/","og_locale":"hu_HU","og_type":"article","og_title":"H\u00e1romes\u00e9lyes egyenlet","og_description":"A tavaly felejthetetlen p\u00e1rharcot v\u00edv\u00f3 k\u00e9t szlov\u00e9n szt\u00e1r, Tadej Pogacar \u00e9s Primoz Roglic az idei Tour de France-on \u00fajra \u00f6sszem\u00e9rheti erej\u00e9t, \u00e1m a bivalyer\u0151s kerettel Franciaorsz\u00e1gba \u00e9rkez\u0151 Ineosnak is lesz egy-k\u00e9t szava hozz\u00e1juk\u2026","og_url":"https:\/\/www.welovecycling.com\/hu\/tour-de-france\/haromeselyes-egyenlet\/","og_site_name":"\u0160koda We Love Cycling - Magyarorsz\u00e1g","article_publisher":"https:\/\/www.facebook.com\/WeLoveCyclingHungary\/","article_published_time":"2021-06-25T07:00:54+00:00","article_modified_time":"2021-06-25T13:07:14+00:00","og_image":[{"width":1166,"height":747,"url":"https:\/\/d2p6e6u75xmxt8.cloudfront.net\/12\/2021\/06\/wlc_0625.jpg","type":"image\/jpeg"}],"author":"hegyizs","twitter_card":"summary_large_image","twitter_misc":{"Written by":"WLC","Est. reading time":"3 minutes"},"schema":{"@context":"https:\/\/schema.org","@graph":[{"@type":"WebPage","@id":"https:\/\/www.welovecycling.com\/hu\/tour-de-france\/haromeselyes-egyenlet\/","url":"https:\/\/www.welovecycling.com\/hu\/tour-de-france\/haromeselyes-egyenlet\/","name":"H\u00e1romes\u00e9lyes egyenlet - \u0160koda We Love Cycling - Magyarorsz\u00e1g","isPartOf":{"@id":"https:\/\/www.welovecycling.com\/hu\/#website"},"primaryImageOfPage":{"@id":"https:\/\/www.welovecycling.com\/hu\/tour-de-france\/haromeselyes-egyenlet\/#primaryimage"},"image":{"@id":"https:\/\/www.welovecycling.com\/hu\/tour-de-france\/haromeselyes-egyenlet\/#primaryimage"},"thumbnailUrl":"https:\/\/d2p6e6u75xmxt8.cloudfront.net\/12\/2021\/06\/wlc_0625.jpg","datePublished":"2021-06-25T07:00:54+00:00","dateModified":"2021-06-25T13:07:14+00:00","author":{"@id":"https:\/\/www.welovecycling.com\/hu\/#\/schema\/person\/414a2aebf1801691a5320edb6468e194"},"description":"A tavaly felejthetetlen p\u00e1rharcot v\u00edv\u00f3 k\u00e9t szlov\u00e9n szt\u00e1r, Tadej Pogacar \u00e9s Primoz Roglic az idei Tour de France-on \u00fajra \u00f6sszem\u00e9rheti erej\u00e9t, \u00e1m a bivalyer\u0151s kerettel Franciaorsz\u00e1gba \u00e9rkez\u0151 Ineosnak is lesz egy-k\u00e9t szava hozz\u00e1juk\u2026","breadcrumb":{"@id":"https:\/\/www.welovecycling.com\/hu\/tour-de-france\/haromeselyes-egyenlet\/#breadcrumb"},"inLanguage":"hu","potentialAction":[{"@type":"ReadAction","target":["https:\/\/www.welovecycling.com\/hu\/tour-de-france\/haromeselyes-egyenlet\/"]}]},{"@type":"ImageObject","inLanguage":"hu","@id":"https:\/\/www.welovecycling.com\/hu\/tour-de-france\/haromeselyes-egyenlet\/#primaryimage","url":"https:\/\/d2p6e6u75xmxt8.cloudfront.net\/12\/2021\/06\/wlc_0625.jpg","contentUrl":"https:\/\/d2p6e6u75xmxt8.cloudfront.net\/12\/2021\/06\/wlc_0625.jpg","width":1166,"height":747},{"@type":"BreadcrumbList","@id":"https:\/\/www.welovecycling.com\/hu\/tour-de-france\/haromeselyes-egyenlet\/#breadcrumb","itemListElement":[{"@type":"ListItem","position":1,"name":"Home","item":"https:\/\/www.welovecycling.com\/hu\/"},{"@type":"ListItem","position":2,"name":"H\u00e1romes\u00e9lyes egyenlet"}]},{"@type":"WebSite","@id":"https:\/\/www.welovecycling.com\/hu\/#website","url":"https:\/\/www.welovecycling.com\/hu\/","name":"\u0160koda We Love Cycling - Magyarorsz\u00e1g","description":"\u0160koda WeLoveCycling","potentialAction":[{"@type":"SearchAction","target":{"@type":"EntryPoint","urlTemplate":"https:\/\/www.welovecycling.com\/hu\/?s={search_term_string}"},"query-input":{"@type":"PropertyValueSpecification","valueRequired":true,"valueName":"search_term_string"}}],"inLanguage":"hu"},{"@type":"Person","@id":"https:\/\/www.welovecycling.com\/hu\/#\/schema\/person\/414a2aebf1801691a5320edb6468e194","name":"hegyizs","image":{"@type":"ImageObject","inLanguage":"hu","@id":"https:\/\/www.welovecycling.com\/hu\/#\/schema\/person\/image\/","url":"https:\/\/secure.gravatar.com\/avatar\/02cf8a7906b8cf90cecb4679defac7cfd33a1c2e3b88e4903d947f3bb58eedd3?s=96&d=mm&r=g","contentUrl":"https:\/\/secure.gravatar.com\/avatar\/02cf8a7906b8cf90cecb4679defac7cfd33a1c2e3b88e4903d947f3bb58eedd3?s=96&d=mm&r=g","caption":"hegyizs"},"url":"https:\/\/www.welovecycling.com\/hu\/author\/hegyizs\/"}]}},"_links":{"self":[{"href":"https:\/\/www.welovecycling.com\/hu\/wp-json\/wp\/v2\/posts\/11852","targetHints":{"allow":["GET"]}}],"collection":[{"href":"https:\/\/www.welovecycling.com\/hu\/wp-json\/wp\/v2\/posts"}],"about":[{"href":"https:\/\/www.welovecycling.com\/hu\/wp-json\/wp\/v2\/types\/post"}],"author":[{"embeddable":true,"href":"https:\/\/www.welovecycling.com\/hu\/wp-json\/wp\/v2\/users\/71"}],"replies":[{"embeddable":true,"href":"https:\/\/www.welovecycling.com\/hu\/wp-json\/wp\/v2\/comments?post=11852"}],"version-history":[{"count":1,"href":"https:\/\/www.welovecycling.com\/hu\/wp-json\/wp\/v2\/posts\/11852\/revisions"}],"predecessor-version":[{"id":11856,"href":"https:\/\/www.welovecycling.com\/hu\/wp-json\/wp\/v2\/posts\/11852\/revisions\/11856"}],"wp:featuredmedia":[{"embeddable":true,"href":"https:\/\/www.welovecycling.com\/hu\/wp-json\/wp\/v2\/media\/11853"}],"wp:attachment":[{"href":"https:\/\/www.welovecycling.com\/hu\/wp-json\/wp\/v2\/media?parent=11852"}],"wp:term":[{"taxonomy":"category","embeddable":true,"href":"https:\/\/www.welovecycling.com\/hu\/wp-json\/wp\/v2\/categories?post=11852"},{"taxonomy":"post_tag","embeddable":true,"href":"https:\/\/www.welovecycling.com\/hu\/wp-json\/wp\/v2\/tags?post=11852"},{"taxonomy":"global-categories","embeddable":true,"href":"https:\/\/www.welovecycling.com\/hu\/wp-json\/wp\/v2\/global-categories?post=11852"}],"curies":[{"name":"wp","href":"https:\/\/api.w.org\/{rel}","templated":true}]}}