{"id":11845,"date":"2021-06-25T08:00:35","date_gmt":"2021-06-25T06:00:35","guid":{"rendered":"https:\/\/www.welovecycling.com\/hu\/?p=11845"},"modified":"2021-06-25T11:11:21","modified_gmt":"2021-06-25T09:11:21","slug":"a-tour-de-france-mezeinek-tortenete-a-zold-triko-eredete","status":"publish","type":"post","link":"https:\/\/www.welovecycling.com\/hu\/tour-de-france\/a-tour-de-france-mezeinek-tortenete-a-zold-triko-eredete\/","title":{"rendered":"A Tour de France mezeinek t\u00f6rt\u00e9nete: A Z\u00f6ld Trik\u00f3 eredete"},"content":{"rendered":"<p><strong>Ma m\u00e1r mag\u00e1t\u00f3l \u00e9rtet\u0151d\u0151, hogy a ker\u00e9kp\u00e1r versenyeken k\u00fcl\u00f6nf\u00e9le sz\u00ednes mezek jel\u00f6lik az egyes kateg\u00f3ri\u00e1k legjobbjait, hogy megk\u00fcl\u00f6nb\u00f6ztess\u00e9k \u0151ket a t\u00f6bbiekt\u0151l. De ez persze nem volt mindig \u00edgy.<\/strong><!--more--><\/p>\n<p>A Tour de France els\u0151 tucatnyi \u00e9v\u00e9ben, amikor m\u00e9g kev\u00e9s versenyz\u0151 indult, az \u00e9len \u00e1ll\u00f3 csak egy z\u00f6ld szalagot viselt a karj\u00e1n. Az els\u0151 trik\u00f3 \u00f6tlete Henri Desgrange versenyigazgat\u00f3 fej\u00e9b\u0151l pattant ki, a verseny 1919-es futam\u00e1nak v\u00e9ge fel\u00e9. Az 5560 km-es verseny k\u00e9tharmad\u00e1n\u00e1l, k\u00f6zvetlen\u00fcl a 325 km-es 11. szakasz el\u0151tt Desgrange \u00fagy d\u00f6nt\u00f6tt, hogy egy\u00e9rtelm\u0171bb megk\u00fcl\u00f6nb\u00f6ztet\u00e9sre van sz\u00fcks\u00e9g.<\/p>\n<p>\u00cdgy h\u00e1t j\u00falius 18-\u00e1n a francia Eug\u00e8ne Christophe felvette a Tour de France els\u0151 maillot jaune-j\u00e9t (s\u00e1rga mez\u00e9t). Azonban ker\u00e9kp\u00e1rja nem sokkal k\u00e9s\u0151bb elt\u00f6rt, \u00edgy v\u00e9g\u00fcl csak m\u00e1sodik helyen futott be a belga Firmin Lambot m\u00f6g\u00f6tt. Val\u00f3sz\u00edn\u0171leg nem is b\u00e1nta ezt annyira, hiszen ut\u00e1lta a s\u00e1rga trik\u00f3t, mert a n\u00e9z\u0151k g\u00fanyol\u00f3dtak rajta: kan\u00e1rinak h\u00edvt\u00e1k.<\/p>\n<p>Az\u00e9rt a s\u00e1rga sz\u00ednt v\u00e1lasztott\u00e1k az els\u0151 helyen \u00e1ll\u00f3 versenyz\u0151 kiemel\u00e9s\u00e9re, mert a verseny szponzor\u00e1nak, a L\u2019Auto-V\u00e9lo \u00fajs\u00e1gnak (ami a L\u2019\u00c9quipe c\u00edm\u0171 sportlap el\u0151dje volt) a lapsz\u00e1mait is s\u00e1rga pap\u00edrra nyomt\u00e1k.<\/p>\n<p>1933-ban jelent meg el\u0151sz\u00f6r a Tour-on a hegyek kir\u00e1ly\u00e1nak j\u00e1r\u00f3 elismer\u00e9s, hab\u00e1r a L\u2019Auto-V\u00e9lo m\u00e1r 1905 \u00f3ta kiemelte a legjobb hegym\u00e1sz\u00f3t. Azonban csak 28 \u00e9vvel k\u00e9s\u0151bb kapott hivatalos elismer\u00e9st az akkori legjobb hegyi men\u0151, a spanyol Vicente Trubea, 1934-t\u0151l pedig m\u00e1r id\u0151b\u00f3nusszal jutalmazt\u00e1k a hegyi befut\u00f3kat. Ebb\u0151l alakult ki a pontrendszer, ami m\u00e1r a hegyek neh\u00e9zs\u00e9gi szintjeit is figyelembe veszi.<\/p>\n<p>A jellegzetes, piros p\u00f6tty\u00f6s hegyi trik\u00f3t azonban csak 1975-ben vezett\u00e9k be. A mez sz\u00edn\u00e9t \u00e9s megjelen\u00e9s\u00e9t a Chocolat Poulain csokol\u00e1d\u00e9gy\u00e1rt\u00f3 hat\u00e1rozta meg, aminek piros-feh\u00e9r a log\u00f3ja.<\/p>\n<p>Szint\u00e9n szponzori k\u00e9r\u00e9sre lett z\u00f6ld a <em>maillot vert<\/em> is, amikor a versenyszervez\u0151k \u00fagy d\u00f6nt\u00f6ttek, hogy elind\u00edtj\u00e1k a k\u00fcl\u00f6n pontversenyt. A sz\u00ednt a mez szponzora, a La Belle Jardini\u00e8re f\u0171ny\u00edr\u00f3gy\u00e1rt\u00f3 ihlette. Az 50. k\u00f6rverseny j\u00f3 alkalomnak t\u0171nt az \u00faj trik\u00f3 bevezet\u00e9s\u00e9re, de a legjobb sprinternek j\u00e1r\u00f3 trik\u00f3 nem volt minden \u00e9vben z\u00f6ld. 1968-ban az \u00faj szponzor miatt piros lett, de egy \u00e9vvel k\u00e9s\u0151bb ism\u00e9t z\u00f6ld sz\u00ednben pomp\u00e1zott \u00e9s ez az\u00f3ta is \u00edgy van.<\/p>\n<p>Az \u00e9vek sor\u00e1n a Tour de France t\u00f6bb k\u00fcl\u00f6nb\u00f6z\u0151 szponzorral is dolgozott, am\u00edg 2004-ben a \u0160koda a hivatalos partner\u00fck nem lett. A m\u00e1rka elhivatotts\u00e1ga a ker\u00e9kp\u00e1roz\u00e1s ir\u00e1nt megmutatkozik abban is, hogy 2015 \u00f3ta a \u0160koda Z\u00f6ld trik\u00f3 t\u00e1mogat\u00f3ja.<\/p>\n<p>A z\u00f6ld mez els\u0151 \u00e9veiben azok a ker\u00e9kp\u00e1rosok kaptak b\u00fcntet\u0151pontokat, akik nem az els\u0151k k\u00f6z\u00f6tt \u00e9rtek be, \u00edgy a legkevesebb ponttal rendelkez\u0151 versenyz\u0151 kapta meg a trik\u00f3t. A mai rendszer 1959-ben indult el: most m\u00e1r a j\u00f3 helyez\u00e9sek\u00e9rt j\u00e1rnak a pontok, \u00edgy a legmagasabb pontsz\u00e1mmal lehet megszerezni a trik\u00f3t. Pontokat pedig az id\u0151m\u00e9r\u0151 szakaszokon is lehet szerezni.<\/p>\n<p>Az els\u0151 versenyz\u0151, aki megnyerte a z\u00f6ld trik\u00f3t, a sv\u00e1jci Fritz Sch\u00e4r volt. Nem meglep\u0151, hogy er\u0151ss\u00e9ge a gyorsas\u00e1g volt, de minden m\u00e1s szempontb\u00f3l is tisztess\u00e9ges versenyt\u00e1rsnak bizonyult. A z\u00f6ld mez megszerz\u00e9se sokoldal\u00fa k\u00e9pess\u00e9geket k\u00edv\u00e1n, hiszen a hegyi szakaszokat is hat\u00e1rid\u0151n bel\u00fcl teljes\u00edteni kell ahhoz, hogy versenyben maradjon az id\u0151m\u00e9r\u0151k\u00f6n es\u00e9lyesnek t\u0171n\u0151 versenyz\u0151. R\u00e1ad\u00e1sul a gyorsas\u00e1gi szakaszok is lehetnek \u00e9ppens\u00e9ggel a hegyekben\u2026<\/p>\n<p>Az olasz Mario Cipollini p\u00e9ld\u00e1ul kora egyik legjobb sprintere volt, de soha nem nyerte el a Tour de France z\u00f6ld trik\u00f3j\u00e1t, mert nem volt hajland\u00f3 v\u00e9gigvinni a hegyi szakaszokat \u00e9s befejezni a versenyt (annak ellen\u00e9re, hogy a Giro\u2019t t\u00f6bbsz\u00f6r is megnyerte).<\/p>\n<p>Mivel kevesebb a hegyi szakasz a Tour-on, mint a s\u00edk \u00e9s a dombos, \u00e1ltal\u00e1ban a legjobb sprinter \u00e1llhat a z\u00f6ld trik\u00f3ban a dobog\u00f3ra: mint amilyen Erik Zabel, hatszoros, \u00e9s Peter Sagan h\u00e9tszeres gy\u0151ztese a pontversenynek.<\/p>\n<p>M\u00e1r 1953 el\u0151tt is lehetett pontokat szerezni a Tour-on: 1905 \u00e9s 1912 k\u00f6z\u00f6tt az \u00f6sszetett gy\u0151ztes\u00e9t nem az id\u0151k szerint hat\u00e1rozt\u00e1k meg, hanem egy pontrendszer seg\u00edts\u00e9g\u00e9vel, melyben a napi helyez\u00e9seket v\u00e1ltott\u00e1k pontokra. Ez azonban azt eredm\u00e9nyezte, hogy nem k\u00fczd\u00f6ttek igaz\u00e1n a versenyz\u0151k, hiszen mindegy volt, hogy egy perccel vagy egy \u00f3r\u00e1val maradnak le az el\u0151tt\u00fck l\u00e9v\u0151t\u0151l. \u00cdgy k\u00e9nyelmesen tekertek \u00e9s csak a rajt el\u0151tt kezdtek sprintelni.<\/p>\n","protected":false},"excerpt":{"rendered":"<p>Ma m\u00e1r mag\u00e1t\u00f3l \u00e9rtet\u0151d\u0151, hogy a ker\u00e9kp\u00e1r versenyeken k\u00fcl\u00f6nf\u00e9le sz\u00ednes mezek jel\u00f6lik az egyes kateg\u00f3ri\u00e1k legjobbjait, hogy megk\u00fcl\u00f6nb\u00f6ztess\u00e9k \u0151ket a [&hellip;]<\/p>\n","protected":false},"author":71,"featured_media":11846,"comment_status":"open","ping_status":"open","sticky":false,"template":"","format":"standard","meta":{"footnotes":""},"categories":[96],"tags":[],"global-categories":[],"class_list":["post-11845","post","type-post","status-publish","format-standard","has-post-thumbnail","hentry","category-tour-de-france"],"yoast_head":"<!-- This site is optimized with the Yoast SEO Premium plugin v25.3 (Yoast SEO v25.9) - https:\/\/yoast.com\/wordpress\/plugins\/seo\/ -->\n<title>A Tour de France mezeinek t\u00f6rt\u00e9nete: A Z\u00f6ld Trik\u00f3 eredete<\/title>\n<meta name=\"description\" content=\"Ma m\u00e1r mag\u00e1t\u00f3l \u00e9rtet\u0151d\u0151, hogy a ker\u00e9kp\u00e1r versenyeken k\u00fcl\u00f6nf\u00e9le sz\u00ednes mezek jel\u00f6lik az egyes kateg\u00f3ri\u00e1k legjobbjait, hogy megk\u00fcl\u00f6nb\u00f6ztess\u00e9k \u0151ket a t\u00f6bbiekt\u0151l. De ez persze nem volt mindig \u00edgy.\" \/>\n<meta name=\"robots\" content=\"index, follow, max-snippet:-1, max-image-preview:large, max-video-preview:-1\" \/>\n<link rel=\"canonical\" href=\"https:\/\/www.welovecycling.com\/hu\/tour-de-france\/a-tour-de-france-mezeinek-tortenete-a-zold-triko-eredete\/\" \/>\n<meta property=\"og:locale\" content=\"hu_HU\" \/>\n<meta property=\"og:type\" content=\"article\" \/>\n<meta property=\"og:title\" content=\"A Tour de France mezeinek t\u00f6rt\u00e9nete: A Z\u00f6ld Trik\u00f3 eredete\" \/>\n<meta property=\"og:description\" content=\"Ma m\u00e1r mag\u00e1t\u00f3l \u00e9rtet\u0151d\u0151, hogy a ker\u00e9kp\u00e1r versenyeken k\u00fcl\u00f6nf\u00e9le sz\u00ednes mezek jel\u00f6lik az egyes kateg\u00f3ri\u00e1k legjobbjait, hogy megk\u00fcl\u00f6nb\u00f6ztess\u00e9k \u0151ket a t\u00f6bbiekt\u0151l. De ez persze nem volt mindig \u00edgy.\" \/>\n<meta property=\"og:url\" content=\"https:\/\/www.welovecycling.com\/hu\/tour-de-france\/a-tour-de-france-mezeinek-tortenete-a-zold-triko-eredete\/\" \/>\n<meta property=\"og:site_name\" content=\"\u0160koda We Love Cycling - Magyarorsz\u00e1g\" \/>\n<meta property=\"article:publisher\" content=\"https:\/\/www.facebook.com\/WeLoveCyclingHungary\/\" \/>\n<meta property=\"article:published_time\" content=\"2021-06-25T06:00:35+00:00\" \/>\n<meta property=\"article:modified_time\" content=\"2021-06-25T09:11:21+00:00\" \/>\n<meta property=\"og:image\" content=\"https:\/\/d2p6e6u75xmxt8.cloudfront.net\/12\/2021\/06\/xMBtSgWBVjijq5UHnsUmyL.jpg\" \/>\n\t<meta property=\"og:image:width\" content=\"2000\" \/>\n\t<meta property=\"og:image:height\" content=\"1332\" \/>\n\t<meta property=\"og:image:type\" content=\"image\/jpeg\" \/>\n<meta name=\"author\" content=\"hegyizs\" \/>\n<meta name=\"twitter:card\" content=\"summary_large_image\" \/>\n<meta name=\"twitter:label1\" content=\"Written by\" \/>\n\t<meta name=\"twitter:data1\" content=\"WLC\" \/>\n\t<meta name=\"twitter:label2\" content=\"Est. reading time\" \/>\n\t<meta name=\"twitter:data2\" content=\"4 minutes\" \/>\n<script type=\"application\/ld+json\" class=\"yoast-schema-graph\">{\"@context\":\"https:\/\/schema.org\",\"@graph\":[{\"@type\":\"WebPage\",\"@id\":\"https:\/\/www.welovecycling.com\/hu\/tour-de-france\/a-tour-de-france-mezeinek-tortenete-a-zold-triko-eredete\/\",\"url\":\"https:\/\/www.welovecycling.com\/hu\/tour-de-france\/a-tour-de-france-mezeinek-tortenete-a-zold-triko-eredete\/\",\"name\":\"A Tour de France mezeinek t\u00f6rt\u00e9nete: A Z\u00f6ld Trik\u00f3 eredete\",\"isPartOf\":{\"@id\":\"https:\/\/www.welovecycling.com\/hu\/#website\"},\"primaryImageOfPage\":{\"@id\":\"https:\/\/www.welovecycling.com\/hu\/tour-de-france\/a-tour-de-france-mezeinek-tortenete-a-zold-triko-eredete\/#primaryimage\"},\"image\":{\"@id\":\"https:\/\/www.welovecycling.com\/hu\/tour-de-france\/a-tour-de-france-mezeinek-tortenete-a-zold-triko-eredete\/#primaryimage\"},\"thumbnailUrl\":\"https:\/\/d2p6e6u75xmxt8.cloudfront.net\/12\/2021\/06\/xMBtSgWBVjijq5UHnsUmyL.jpg\",\"datePublished\":\"2021-06-25T06:00:35+00:00\",\"dateModified\":\"2021-06-25T09:11:21+00:00\",\"author\":{\"@id\":\"https:\/\/www.welovecycling.com\/hu\/#\/schema\/person\/414a2aebf1801691a5320edb6468e194\"},\"description\":\"Ma m\u00e1r mag\u00e1t\u00f3l \u00e9rtet\u0151d\u0151, hogy a ker\u00e9kp\u00e1r versenyeken k\u00fcl\u00f6nf\u00e9le sz\u00ednes mezek jel\u00f6lik az egyes kateg\u00f3ri\u00e1k legjobbjait, hogy megk\u00fcl\u00f6nb\u00f6ztess\u00e9k \u0151ket a t\u00f6bbiekt\u0151l. De ez persze nem volt mindig \u00edgy.\",\"breadcrumb\":{\"@id\":\"https:\/\/www.welovecycling.com\/hu\/tour-de-france\/a-tour-de-france-mezeinek-tortenete-a-zold-triko-eredete\/#breadcrumb\"},\"inLanguage\":\"hu\",\"potentialAction\":[{\"@type\":\"ReadAction\",\"target\":[\"https:\/\/www.welovecycling.com\/hu\/tour-de-france\/a-tour-de-france-mezeinek-tortenete-a-zold-triko-eredete\/\"]}]},{\"@type\":\"ImageObject\",\"inLanguage\":\"hu\",\"@id\":\"https:\/\/www.welovecycling.com\/hu\/tour-de-france\/a-tour-de-france-mezeinek-tortenete-a-zold-triko-eredete\/#primaryimage\",\"url\":\"https:\/\/d2p6e6u75xmxt8.cloudfront.net\/12\/2021\/06\/xMBtSgWBVjijq5UHnsUmyL.jpg\",\"contentUrl\":\"https:\/\/d2p6e6u75xmxt8.cloudfront.net\/12\/2021\/06\/xMBtSgWBVjijq5UHnsUmyL.jpg\",\"width\":2000,\"height\":1332,\"caption\":\"Tour de France 2020 - 107th Edition - 3rd stage Nice - Sisteron 198 km - 31\/08\/2020 - Peter Sagan (SVK - Bora - Hansgrohe) - photo POOL David Stockman\/Belga\/BettiniPhoto\u00a92020\"},{\"@type\":\"BreadcrumbList\",\"@id\":\"https:\/\/www.welovecycling.com\/hu\/tour-de-france\/a-tour-de-france-mezeinek-tortenete-a-zold-triko-eredete\/#breadcrumb\",\"itemListElement\":[{\"@type\":\"ListItem\",\"position\":1,\"name\":\"Home\",\"item\":\"https:\/\/www.welovecycling.com\/hu\/\"},{\"@type\":\"ListItem\",\"position\":2,\"name\":\"A Tour de France mezeinek t\u00f6rt\u00e9nete: A Z\u00f6ld Trik\u00f3 eredete\"}]},{\"@type\":\"WebSite\",\"@id\":\"https:\/\/www.welovecycling.com\/hu\/#website\",\"url\":\"https:\/\/www.welovecycling.com\/hu\/\",\"name\":\"\u0160koda We Love Cycling - Magyarorsz\u00e1g\",\"description\":\"\u0160koda WeLoveCycling\",\"potentialAction\":[{\"@type\":\"SearchAction\",\"target\":{\"@type\":\"EntryPoint\",\"urlTemplate\":\"https:\/\/www.welovecycling.com\/hu\/?s={search_term_string}\"},\"query-input\":{\"@type\":\"PropertyValueSpecification\",\"valueRequired\":true,\"valueName\":\"search_term_string\"}}],\"inLanguage\":\"hu\"},{\"@type\":\"Person\",\"@id\":\"https:\/\/www.welovecycling.com\/hu\/#\/schema\/person\/414a2aebf1801691a5320edb6468e194\",\"name\":\"hegyizs\",\"image\":{\"@type\":\"ImageObject\",\"inLanguage\":\"hu\",\"@id\":\"https:\/\/www.welovecycling.com\/hu\/#\/schema\/person\/image\/\",\"url\":\"https:\/\/secure.gravatar.com\/avatar\/02cf8a7906b8cf90cecb4679defac7cfd33a1c2e3b88e4903d947f3bb58eedd3?s=96&d=mm&r=g\",\"contentUrl\":\"https:\/\/secure.gravatar.com\/avatar\/02cf8a7906b8cf90cecb4679defac7cfd33a1c2e3b88e4903d947f3bb58eedd3?s=96&d=mm&r=g\",\"caption\":\"hegyizs\"},\"url\":\"https:\/\/www.welovecycling.com\/hu\/author\/hegyizs\/\"}]}<\/script>\n<!-- \/ Yoast SEO Premium plugin. -->","yoast_head_json":{"title":"A Tour de France mezeinek t\u00f6rt\u00e9nete: A Z\u00f6ld Trik\u00f3 eredete","description":"Ma m\u00e1r mag\u00e1t\u00f3l \u00e9rtet\u0151d\u0151, hogy a ker\u00e9kp\u00e1r versenyeken k\u00fcl\u00f6nf\u00e9le sz\u00ednes mezek jel\u00f6lik az egyes kateg\u00f3ri\u00e1k legjobbjait, hogy megk\u00fcl\u00f6nb\u00f6ztess\u00e9k \u0151ket a t\u00f6bbiekt\u0151l. De ez persze nem volt mindig \u00edgy.","robots":{"index":"index","follow":"follow","max-snippet":"max-snippet:-1","max-image-preview":"max-image-preview:large","max-video-preview":"max-video-preview:-1"},"canonical":"https:\/\/www.welovecycling.com\/hu\/tour-de-france\/a-tour-de-france-mezeinek-tortenete-a-zold-triko-eredete\/","og_locale":"hu_HU","og_type":"article","og_title":"A Tour de France mezeinek t\u00f6rt\u00e9nete: A Z\u00f6ld Trik\u00f3 eredete","og_description":"Ma m\u00e1r mag\u00e1t\u00f3l \u00e9rtet\u0151d\u0151, hogy a ker\u00e9kp\u00e1r versenyeken k\u00fcl\u00f6nf\u00e9le sz\u00ednes mezek jel\u00f6lik az egyes kateg\u00f3ri\u00e1k legjobbjait, hogy megk\u00fcl\u00f6nb\u00f6ztess\u00e9k \u0151ket a t\u00f6bbiekt\u0151l. De ez persze nem volt mindig \u00edgy.","og_url":"https:\/\/www.welovecycling.com\/hu\/tour-de-france\/a-tour-de-france-mezeinek-tortenete-a-zold-triko-eredete\/","og_site_name":"\u0160koda We Love Cycling - Magyarorsz\u00e1g","article_publisher":"https:\/\/www.facebook.com\/WeLoveCyclingHungary\/","article_published_time":"2021-06-25T06:00:35+00:00","article_modified_time":"2021-06-25T09:11:21+00:00","og_image":[{"width":2000,"height":1332,"url":"https:\/\/d2p6e6u75xmxt8.cloudfront.net\/12\/2021\/06\/xMBtSgWBVjijq5UHnsUmyL.jpg","type":"image\/jpeg"}],"author":"hegyizs","twitter_card":"summary_large_image","twitter_misc":{"Written by":"WLC","Est. reading time":"4 minutes"},"schema":{"@context":"https:\/\/schema.org","@graph":[{"@type":"WebPage","@id":"https:\/\/www.welovecycling.com\/hu\/tour-de-france\/a-tour-de-france-mezeinek-tortenete-a-zold-triko-eredete\/","url":"https:\/\/www.welovecycling.com\/hu\/tour-de-france\/a-tour-de-france-mezeinek-tortenete-a-zold-triko-eredete\/","name":"A Tour de France mezeinek t\u00f6rt\u00e9nete: A Z\u00f6ld Trik\u00f3 eredete","isPartOf":{"@id":"https:\/\/www.welovecycling.com\/hu\/#website"},"primaryImageOfPage":{"@id":"https:\/\/www.welovecycling.com\/hu\/tour-de-france\/a-tour-de-france-mezeinek-tortenete-a-zold-triko-eredete\/#primaryimage"},"image":{"@id":"https:\/\/www.welovecycling.com\/hu\/tour-de-france\/a-tour-de-france-mezeinek-tortenete-a-zold-triko-eredete\/#primaryimage"},"thumbnailUrl":"https:\/\/d2p6e6u75xmxt8.cloudfront.net\/12\/2021\/06\/xMBtSgWBVjijq5UHnsUmyL.jpg","datePublished":"2021-06-25T06:00:35+00:00","dateModified":"2021-06-25T09:11:21+00:00","author":{"@id":"https:\/\/www.welovecycling.com\/hu\/#\/schema\/person\/414a2aebf1801691a5320edb6468e194"},"description":"Ma m\u00e1r mag\u00e1t\u00f3l \u00e9rtet\u0151d\u0151, hogy a ker\u00e9kp\u00e1r versenyeken k\u00fcl\u00f6nf\u00e9le sz\u00ednes mezek jel\u00f6lik az egyes kateg\u00f3ri\u00e1k legjobbjait, hogy megk\u00fcl\u00f6nb\u00f6ztess\u00e9k \u0151ket a t\u00f6bbiekt\u0151l. De ez persze nem volt mindig \u00edgy.","breadcrumb":{"@id":"https:\/\/www.welovecycling.com\/hu\/tour-de-france\/a-tour-de-france-mezeinek-tortenete-a-zold-triko-eredete\/#breadcrumb"},"inLanguage":"hu","potentialAction":[{"@type":"ReadAction","target":["https:\/\/www.welovecycling.com\/hu\/tour-de-france\/a-tour-de-france-mezeinek-tortenete-a-zold-triko-eredete\/"]}]},{"@type":"ImageObject","inLanguage":"hu","@id":"https:\/\/www.welovecycling.com\/hu\/tour-de-france\/a-tour-de-france-mezeinek-tortenete-a-zold-triko-eredete\/#primaryimage","url":"https:\/\/d2p6e6u75xmxt8.cloudfront.net\/12\/2021\/06\/xMBtSgWBVjijq5UHnsUmyL.jpg","contentUrl":"https:\/\/d2p6e6u75xmxt8.cloudfront.net\/12\/2021\/06\/xMBtSgWBVjijq5UHnsUmyL.jpg","width":2000,"height":1332,"caption":"Tour de France 2020 - 107th Edition - 3rd stage Nice - Sisteron 198 km - 31\/08\/2020 - Peter Sagan (SVK - Bora - Hansgrohe) - photo POOL David Stockman\/Belga\/BettiniPhoto\u00a92020"},{"@type":"BreadcrumbList","@id":"https:\/\/www.welovecycling.com\/hu\/tour-de-france\/a-tour-de-france-mezeinek-tortenete-a-zold-triko-eredete\/#breadcrumb","itemListElement":[{"@type":"ListItem","position":1,"name":"Home","item":"https:\/\/www.welovecycling.com\/hu\/"},{"@type":"ListItem","position":2,"name":"A Tour de France mezeinek t\u00f6rt\u00e9nete: A Z\u00f6ld Trik\u00f3 eredete"}]},{"@type":"WebSite","@id":"https:\/\/www.welovecycling.com\/hu\/#website","url":"https:\/\/www.welovecycling.com\/hu\/","name":"\u0160koda We Love Cycling - Magyarorsz\u00e1g","description":"\u0160koda WeLoveCycling","potentialAction":[{"@type":"SearchAction","target":{"@type":"EntryPoint","urlTemplate":"https:\/\/www.welovecycling.com\/hu\/?s={search_term_string}"},"query-input":{"@type":"PropertyValueSpecification","valueRequired":true,"valueName":"search_term_string"}}],"inLanguage":"hu"},{"@type":"Person","@id":"https:\/\/www.welovecycling.com\/hu\/#\/schema\/person\/414a2aebf1801691a5320edb6468e194","name":"hegyizs","image":{"@type":"ImageObject","inLanguage":"hu","@id":"https:\/\/www.welovecycling.com\/hu\/#\/schema\/person\/image\/","url":"https:\/\/secure.gravatar.com\/avatar\/02cf8a7906b8cf90cecb4679defac7cfd33a1c2e3b88e4903d947f3bb58eedd3?s=96&d=mm&r=g","contentUrl":"https:\/\/secure.gravatar.com\/avatar\/02cf8a7906b8cf90cecb4679defac7cfd33a1c2e3b88e4903d947f3bb58eedd3?s=96&d=mm&r=g","caption":"hegyizs"},"url":"https:\/\/www.welovecycling.com\/hu\/author\/hegyizs\/"}]}},"_links":{"self":[{"href":"https:\/\/www.welovecycling.com\/hu\/wp-json\/wp\/v2\/posts\/11845","targetHints":{"allow":["GET"]}}],"collection":[{"href":"https:\/\/www.welovecycling.com\/hu\/wp-json\/wp\/v2\/posts"}],"about":[{"href":"https:\/\/www.welovecycling.com\/hu\/wp-json\/wp\/v2\/types\/post"}],"author":[{"embeddable":true,"href":"https:\/\/www.welovecycling.com\/hu\/wp-json\/wp\/v2\/users\/71"}],"replies":[{"embeddable":true,"href":"https:\/\/www.welovecycling.com\/hu\/wp-json\/wp\/v2\/comments?post=11845"}],"version-history":[{"count":1,"href":"https:\/\/www.welovecycling.com\/hu\/wp-json\/wp\/v2\/posts\/11845\/revisions"}],"predecessor-version":[{"id":11847,"href":"https:\/\/www.welovecycling.com\/hu\/wp-json\/wp\/v2\/posts\/11845\/revisions\/11847"}],"wp:featuredmedia":[{"embeddable":true,"href":"https:\/\/www.welovecycling.com\/hu\/wp-json\/wp\/v2\/media\/11846"}],"wp:attachment":[{"href":"https:\/\/www.welovecycling.com\/hu\/wp-json\/wp\/v2\/media?parent=11845"}],"wp:term":[{"taxonomy":"category","embeddable":true,"href":"https:\/\/www.welovecycling.com\/hu\/wp-json\/wp\/v2\/categories?post=11845"},{"taxonomy":"post_tag","embeddable":true,"href":"https:\/\/www.welovecycling.com\/hu\/wp-json\/wp\/v2\/tags?post=11845"},{"taxonomy":"global-categories","embeddable":true,"href":"https:\/\/www.welovecycling.com\/hu\/wp-json\/wp\/v2\/global-categories?post=11845"}],"curies":[{"name":"wp","href":"https:\/\/api.w.org\/{rel}","templated":true}]}}