{"id":11819,"date":"2021-06-25T08:00:33","date_gmt":"2021-06-25T06:00:33","guid":{"rendered":"https:\/\/www.welovecycling.com\/hu\/?p=11819"},"modified":"2021-06-25T11:11:59","modified_gmt":"2021-06-25T09:11:59","slug":"egy-atlagos-tour-versenyzo-vs-egy-atlagos-hobbibringas","status":"publish","type":"post","link":"https:\/\/www.welovecycling.com\/hu\/tour-de-france\/egy-atlagos-tour-versenyzo-vs-egy-atlagos-hobbibringas\/","title":{"rendered":"Egy \u00e1tlagos Tour-versenyz\u0151 vs. egy \u00e1tlagos hobbibring\u00e1s"},"content":{"rendered":"<p><strong>Ki nyerne, ha egy Tour de France versenyz\u0151vel sz\u00e1lln\u00e1l szembe? J\u00f3-j\u00f3, csak viccel\u00fcnk. De m\u00e9gis mennyire hagyna h\u00e1tra?<\/strong><!--more--><\/p>\n<p>A <a href=\"https:\/\/www.bicycling.com\/racing\/a20037750\/you-versus-a-tour-de-france-pro-cyclist\/\">Bicycling magazin<\/a> \u00f6sszehasonl\u00edtotta a vil\u00e1g legjobb ker\u00e9kp\u00e1rosainak statisztik\u00e1it, hogy megn\u00e9zz\u00fck, mennyire maradn\u00e1nk le mi, amat\u0151r biciklisek a mez\u0151nyt\u0151l. A saj\u00e1t adataid alapj\u00e1n, te neki mern\u00e9l v\u00e1gni?<\/p>\n<h2><strong>\u00c1tlagos sebess\u00e9g id\u0151futamon<\/strong><\/h2>\n<figure id=\"attachment_11820\" aria-describedby=\"caption-attachment-11820\" style=\"width: 1920px\" class=\"wp-caption alignnone\"><a href=\"https:\/\/d2p6e6u75xmxt8.cloudfront.net\/12\/2021\/06\/paolo-candelo-8tXukRrs7yk-unsplash.jpg\"><img loading=\"lazy\" decoding=\"async\" class=\"size-full wp-image-11820\" src=\"https:\/\/d2p6e6u75xmxt8.cloudfront.net\/12\/2021\/06\/paolo-candelo-8tXukRrs7yk-unsplash.jpg\" alt=\"\" width=\"1920\" height=\"1280\" srcset=\"https:\/\/d2p6e6u75xmxt8.cloudfront.net\/12\/2021\/06\/paolo-candelo-8tXukRrs7yk-unsplash.jpg 1920w, https:\/\/d2p6e6u75xmxt8.cloudfront.net\/12\/2021\/06\/paolo-candelo-8tXukRrs7yk-unsplash-300x200.jpg 300w, https:\/\/d2p6e6u75xmxt8.cloudfront.net\/12\/2021\/06\/paolo-candelo-8tXukRrs7yk-unsplash-1024x683.jpg 1024w, https:\/\/d2p6e6u75xmxt8.cloudfront.net\/12\/2021\/06\/paolo-candelo-8tXukRrs7yk-unsplash-768x512.jpg 768w, https:\/\/d2p6e6u75xmxt8.cloudfront.net\/12\/2021\/06\/paolo-candelo-8tXukRrs7yk-unsplash-1536x1024.jpg 1536w, https:\/\/d2p6e6u75xmxt8.cloudfront.net\/12\/2021\/06\/paolo-candelo-8tXukRrs7yk-unsplash-272x182.jpg 272w\" sizes=\"auto, (max-width: 1920px) 100vw, 1920px\" \/><\/a><figcaption id=\"caption-attachment-11820\" class=\"wp-caption-text\">Paolo Candelo I Unsplash<\/figcaption><\/figure>\n<p>Egy profinak tudnia kell hosszabb ideig energikusnak maradni, ami azt jelenti, hogy 30 km-es id\u0151futamon 20 perccel teljes\u00edtene jobban, mint egy amat\u0151r. Teh\u00e1t nagyon gyorsan teker, nagyon sok\u00e1ig.<\/p>\n<p>\u00c1tlagos bring\u00e1s: 30-32 km\/\u00f3ra<\/p>\n<p>Profi versenyz\u0151: 46-50 km\/\u00f3ra<\/p>\n<h2><strong>\u00c1tlagos sebess\u00e9g s\u00edk szakaszon<\/strong><\/h2>\n<figure id=\"attachment_11821\" aria-describedby=\"caption-attachment-11821\" style=\"width: 980px\" class=\"wp-caption alignnone\"><a href=\"https:\/\/d2p6e6u75xmxt8.cloudfront.net\/12\/2021\/06\/tadej-pogacar-of-slovenia-and-uae-team-emirates-yellow-news-photo-1601655215.jpg\"><img loading=\"lazy\" decoding=\"async\" class=\"size-full wp-image-11821\" src=\"https:\/\/d2p6e6u75xmxt8.cloudfront.net\/12\/2021\/06\/tadej-pogacar-of-slovenia-and-uae-team-emirates-yellow-news-photo-1601655215.jpg\" alt=\"\" width=\"980\" height=\"626\" srcset=\"https:\/\/d2p6e6u75xmxt8.cloudfront.net\/12\/2021\/06\/tadej-pogacar-of-slovenia-and-uae-team-emirates-yellow-news-photo-1601655215.jpg 980w, https:\/\/d2p6e6u75xmxt8.cloudfront.net\/12\/2021\/06\/tadej-pogacar-of-slovenia-and-uae-team-emirates-yellow-news-photo-1601655215-300x192.jpg 300w, https:\/\/d2p6e6u75xmxt8.cloudfront.net\/12\/2021\/06\/tadej-pogacar-of-slovenia-and-uae-team-emirates-yellow-news-photo-1601655215-768x491.jpg 768w\" sizes=\"auto, (max-width: 980px) 100vw, 980px\" \/><\/a><figcaption id=\"caption-attachment-11821\" class=\"wp-caption-text\">Pool I Getty Images<\/figcaption><\/figure>\n<p>M\u00e9g egy s\u00edk szakaszokon is nagyon meg kellene er\u0151ltetn\u00fcnk magunkat, hogy ne vesz\u00edts\u00fck teljesen szem el\u0151l profi versenyt\u00e1rsunkat. Ahhoz, hogy j\u00e1t\u00e9kban maradjanak, nagyj\u00e1b\u00f3l k\u00e9tszer olyan gyorsan kell tekerni\u00fck, mint ahogy egy \u00e1tlag amat\u0151r tud.<\/p>\n<p>\u00c1tlagos bring\u00e1s: 27-29 km\/\u00f3ra<\/p>\n<p>Profi versenyz\u0151: 40-45 km\/\u00f3ra<\/p>\n<h2><strong>Maximum teljes\u00edtm\u00e9ny sprintel\u00e9skor<\/strong><\/h2>\n<figure id=\"attachment_11822\" aria-describedby=\"caption-attachment-11822\" style=\"width: 1280px\" class=\"wp-caption alignnone\"><a href=\"https:\/\/d2p6e6u75xmxt8.cloudfront.net\/12\/2021\/06\/pexels-t-b-15765.jpg\"><img loading=\"lazy\" decoding=\"async\" class=\"size-full wp-image-11822\" src=\"https:\/\/d2p6e6u75xmxt8.cloudfront.net\/12\/2021\/06\/pexels-t-b-15765.jpg\" alt=\"\" width=\"1280\" height=\"853\" srcset=\"https:\/\/d2p6e6u75xmxt8.cloudfront.net\/12\/2021\/06\/pexels-t-b-15765.jpg 1280w, https:\/\/d2p6e6u75xmxt8.cloudfront.net\/12\/2021\/06\/pexels-t-b-15765-300x200.jpg 300w, https:\/\/d2p6e6u75xmxt8.cloudfront.net\/12\/2021\/06\/pexels-t-b-15765-1024x682.jpg 1024w, https:\/\/d2p6e6u75xmxt8.cloudfront.net\/12\/2021\/06\/pexels-t-b-15765-768x512.jpg 768w, https:\/\/d2p6e6u75xmxt8.cloudfront.net\/12\/2021\/06\/pexels-t-b-15765-272x182.jpg 272w\" sizes=\"auto, (max-width: 1280px) 100vw, 1280px\" \/><\/a><figcaption id=\"caption-attachment-11822\" class=\"wp-caption-text\">T B I Pexels<\/figcaption><\/figure>\n<p>A sprinterek hihetetlen mennyis\u00e9g\u0171 energi\u00e1t termelnek, az etap utols\u00f3 15 m\u00e1sodperc\u00e9ben k\u00fcl\u00f6n\u00f6sen. Egy olyan versenyz\u0151, mint Peter Sagan, 1500 wattot is el\u00e9rhet egy s\u00edk sprintszakasz v\u00e9g\u00e9n!<\/p>\n<p>\u00c1tlagos bring\u00e1s: 600-800 watt<\/p>\n<p>Profi versenyz\u0151: 1200-1400 watt<\/p>\n<h2><strong>\u00c1tlagos sebess\u00e9g macskak\u00f6v\u00f6n<\/strong><\/h2>\n<figure id=\"attachment_11823\" aria-describedby=\"caption-attachment-11823\" style=\"width: 768px\" class=\"wp-caption alignnone\"><a href=\"https:\/\/d2p6e6u75xmxt8.cloudfront.net\/12\/2021\/06\/bke010120stokoppenberg-001-1576162396.jpg\"><img loading=\"lazy\" decoding=\"async\" class=\"size-full wp-image-11823\" src=\"https:\/\/d2p6e6u75xmxt8.cloudfront.net\/12\/2021\/06\/bke010120stokoppenberg-001-1576162396.jpg\" alt=\"\" width=\"768\" height=\"575\" srcset=\"https:\/\/d2p6e6u75xmxt8.cloudfront.net\/12\/2021\/06\/bke010120stokoppenberg-001-1576162396.jpg 768w, https:\/\/d2p6e6u75xmxt8.cloudfront.net\/12\/2021\/06\/bke010120stokoppenberg-001-1576162396-300x225.jpg 300w\" sizes=\"auto, (max-width: 768px) 100vw, 768px\" \/><\/a><figcaption id=\"caption-attachment-11823\" class=\"wp-caption-text\">Eddy Merckx a Koppenberg emelked\u0151j\u00e9n. Fot\u00f3: Courtesy Archive Het Nieuwsblad<\/figcaption><\/figure>\n<p>A Tour de France gyakran lepi meg a versenyz\u0151ket legal\u00e1bb egy macskak\u00f6ves szakasszal. Peter Sagan \u00e9s Greg Van Avermaet p\u00e9ld\u00e1ul ezeken a gyilkos utakon alapozt\u00e1k meg karrierj\u00fcket! Pedig voltak m\u00e1s tehets\u00e9gek, akik ink\u00e1bb tolt\u00e1k a bring\u00e1t\u2026<\/p>\n<p>\u00c1tlagos bring\u00e1s: 22 \u2013 26 km\/\u00f3ra<\/p>\n<p>Profi versenyz\u0151: 35 \u2013 38 km\/\u00f3ra<\/p>\n<h2><strong>Nyugalmi pulzussz\u00e1m<\/strong><\/h2>\n<figure id=\"attachment_11824\" aria-describedby=\"caption-attachment-11824\" style=\"width: 1280px\" class=\"wp-caption alignnone\"><a href=\"https:\/\/d2p6e6u75xmxt8.cloudfront.net\/12\/2021\/06\/primoz-roglic-of-team-jumbo-visma-ahead-of-a-training-news-photo-1601655702.jpg\"><img loading=\"lazy\" decoding=\"async\" class=\"size-full wp-image-11824\" src=\"https:\/\/d2p6e6u75xmxt8.cloudfront.net\/12\/2021\/06\/primoz-roglic-of-team-jumbo-visma-ahead-of-a-training-news-photo-1601655702.jpg\" alt=\"\" width=\"1280\" height=\"853\" srcset=\"https:\/\/d2p6e6u75xmxt8.cloudfront.net\/12\/2021\/06\/primoz-roglic-of-team-jumbo-visma-ahead-of-a-training-news-photo-1601655702.jpg 1280w, https:\/\/d2p6e6u75xmxt8.cloudfront.net\/12\/2021\/06\/primoz-roglic-of-team-jumbo-visma-ahead-of-a-training-news-photo-1601655702-300x200.jpg 300w, https:\/\/d2p6e6u75xmxt8.cloudfront.net\/12\/2021\/06\/primoz-roglic-of-team-jumbo-visma-ahead-of-a-training-news-photo-1601655702-1024x682.jpg 1024w, https:\/\/d2p6e6u75xmxt8.cloudfront.net\/12\/2021\/06\/primoz-roglic-of-team-jumbo-visma-ahead-of-a-training-news-photo-1601655702-768x512.jpg 768w, https:\/\/d2p6e6u75xmxt8.cloudfront.net\/12\/2021\/06\/primoz-roglic-of-team-jumbo-visma-ahead-of-a-training-news-photo-1601655702-272x182.jpg 272w\" sizes=\"auto, (max-width: 1280px) 100vw, 1280px\" \/><\/a><figcaption id=\"caption-attachment-11824\" class=\"wp-caption-text\">David Stockman I Getty Images<\/figcaption><\/figure>\n<p>Egy tavalyi m\u00e9r\u00e9s eredm\u00e9nyei szerint a Tour kezdete el\u0151tt a versenyz\u0151k \u00e1tlagos pulzussz\u00e1ma 42\/perc, az els\u0151 pihen\u0151nap ut\u00e1n pedig 40\/perc. Ami pedig m\u00e9g megd\u00f6bbent\u0151bb, hogy Neilson Powless, aki r\u00e9szt vett a m\u00e9r\u00e9sben, a 8. szakaszon, 38 percen \u00e1t a maxim\u00e1lis pulzus\u00e1nak 90-100%-\u00e1ban vert a sz\u00edve. Durva!<\/p>\n<p>\u00c1tlagos bring\u00e1s: 60-100 \u00fct\u00e9s\/perc<\/p>\n<p>Profi versenyz\u0151: ~ 40 \u00fct\u00e9s\/perc<\/p>\n<h2><strong>Elfogyasztott italkever\u00e9k<\/strong><\/h2>\n<figure id=\"attachment_11825\" aria-describedby=\"caption-attachment-11825\" style=\"width: 980px\" class=\"wp-caption alignnone\"><a href=\"https:\/\/d2p6e6u75xmxt8.cloudfront.net\/12\/2021\/06\/team-ef-pro-cycling-soigneur-feed-zone-food-detail-view-news-photo-1601655964.jpg\"><img loading=\"lazy\" decoding=\"async\" class=\"size-full wp-image-11825\" src=\"https:\/\/d2p6e6u75xmxt8.cloudfront.net\/12\/2021\/06\/team-ef-pro-cycling-soigneur-feed-zone-food-detail-view-news-photo-1601655964.jpg\" alt=\"\" width=\"980\" height=\"653\" srcset=\"https:\/\/d2p6e6u75xmxt8.cloudfront.net\/12\/2021\/06\/team-ef-pro-cycling-soigneur-feed-zone-food-detail-view-news-photo-1601655964.jpg 980w, https:\/\/d2p6e6u75xmxt8.cloudfront.net\/12\/2021\/06\/team-ef-pro-cycling-soigneur-feed-zone-food-detail-view-news-photo-1601655964-300x200.jpg 300w, https:\/\/d2p6e6u75xmxt8.cloudfront.net\/12\/2021\/06\/team-ef-pro-cycling-soigneur-feed-zone-food-detail-view-news-photo-1601655964-768x512.jpg 768w, https:\/\/d2p6e6u75xmxt8.cloudfront.net\/12\/2021\/06\/team-ef-pro-cycling-soigneur-feed-zone-food-detail-view-news-photo-1601655964-272x182.jpg 272w\" sizes=\"auto, (max-width: 980px) 100vw, 980px\" \/><\/a><figcaption id=\"caption-attachment-11825\" class=\"wp-caption-text\">Tim de Waele I Getty Images<\/figcaption><\/figure>\n<p>A k\u00f6r\u00fclm\u00e9nyekt\u0151l f\u00fcgg\u0151en egyet-kett\u0151t iszol meg egy t\u00fara alatt. Egy csapat egy etap alatt 40-120 \u00fcveggel iszik meg bel\u0151le! Ez azt jelenti, hogy egy versenyz\u0151 ak\u00e1r 12 adagot is elfogyaszthat.<\/p>\n<p>\u00c1tlagos bring\u00e1s: 1-2 \u00fcveg<\/p>\n<p>Profi versenyz\u0151: 4-13 \u00fcveg<\/p>\n<h2><strong>Meddig tart megm\u00e1szni a Col du Tourmalet-t?<\/strong><\/h2>\n<figure id=\"attachment_11826\" aria-describedby=\"caption-attachment-11826\" style=\"width: 1280px\" class=\"wp-caption alignnone\"><a href=\"https:\/\/d2p6e6u75xmxt8.cloudfront.net\/12\/2021\/06\/col-de-la-bonette-1442836_1280.jpg\"><img loading=\"lazy\" decoding=\"async\" class=\"size-full wp-image-11826\" src=\"https:\/\/d2p6e6u75xmxt8.cloudfront.net\/12\/2021\/06\/col-de-la-bonette-1442836_1280.jpg\" alt=\"\" width=\"1280\" height=\"941\" srcset=\"https:\/\/d2p6e6u75xmxt8.cloudfront.net\/12\/2021\/06\/col-de-la-bonette-1442836_1280.jpg 1280w, https:\/\/d2p6e6u75xmxt8.cloudfront.net\/12\/2021\/06\/col-de-la-bonette-1442836_1280-300x221.jpg 300w, https:\/\/d2p6e6u75xmxt8.cloudfront.net\/12\/2021\/06\/col-de-la-bonette-1442836_1280-1024x753.jpg 1024w, https:\/\/d2p6e6u75xmxt8.cloudfront.net\/12\/2021\/06\/col-de-la-bonette-1442836_1280-768x565.jpg 768w\" sizes=\"auto, (max-width: 1280px) 100vw, 1280px\" \/><\/a><figcaption id=\"caption-attachment-11826\" class=\"wp-caption-text\">Pixabay<\/figcaption><\/figure>\n<p>Egy profi hegyi men\u0151 \u00e1tlagosan 350-375 watt energi\u00e1t termel, mire fel\u00e9r a Col du Tourmalet cs\u00facs\u00e1ra. Egy amat\u0151r nagyj\u00e1b\u00f3l 175-200 wattot \u2013 ami azt jelenti, hogy a Tour legjobb m\u00e1sz\u00f3i csaknem k\u00e9tszer fel\u00e9rn\u00e9nek a hegyre, mire te egyszer. B\u00e1r id\u00e9n nem szerepel a Tourmalet az \u00fatitervben, n\u00e9gy \u00faj emelked\u0151 v\u00e1rja a versenyz\u0151ket, k\u00f6zt\u00fck a Col de la Luz \u00e9s a Suc au May.<\/p>\n<p>\u00c1tlagos bring\u00e1s: 115 perc<\/p>\n<p>Profi versenyz\u0151: 60 perc<\/p>\n<h2><strong>Borotv\u00e1lt l\u00e1bak<\/strong><\/h2>\n<p><a href=\"https:\/\/d2p6e6u75xmxt8.cloudfront.net\/12\/2021\/06\/start-cannondale-bike-of-team-ef-pro-cycling-team-news-photo-1601656716.jpg\"><img loading=\"lazy\" decoding=\"async\" class=\"alignnone size-full wp-image-11827\" src=\"https:\/\/d2p6e6u75xmxt8.cloudfront.net\/12\/2021\/06\/start-cannondale-bike-of-team-ef-pro-cycling-team-news-photo-1601656716.jpg\" alt=\"\" width=\"1024\" height=\"683\" srcset=\"https:\/\/d2p6e6u75xmxt8.cloudfront.net\/12\/2021\/06\/start-cannondale-bike-of-team-ef-pro-cycling-team-news-photo-1601656716.jpg 1024w, https:\/\/d2p6e6u75xmxt8.cloudfront.net\/12\/2021\/06\/start-cannondale-bike-of-team-ef-pro-cycling-team-news-photo-1601656716-300x200.jpg 300w, https:\/\/d2p6e6u75xmxt8.cloudfront.net\/12\/2021\/06\/start-cannondale-bike-of-team-ef-pro-cycling-team-news-photo-1601656716-768x512.jpg 768w, https:\/\/d2p6e6u75xmxt8.cloudfront.net\/12\/2021\/06\/start-cannondale-bike-of-team-ef-pro-cycling-team-news-photo-1601656716-272x182.jpg 272w\" sizes=\"auto, (max-width: 1024px) 100vw, 1024px\" \/><\/a>Egy 40 kilom\u00e9teres versenyen egy borotv\u00e1lt l\u00e1b\u00fa profi 60-75 m\u00e1sodpercet nyerhet egy borotv\u00e1latlan versenyz\u0151vel szemben. Ennek ellen\u00e9re a profik \u00e1ltal\u00e1ban nem aerodinamikai okokb\u00f3l borotv\u00e1lj\u00e1k le a l\u00e1baikat. Sokszor a massz\u00e1zsok \u00e9s a s\u00e9r\u00fcl\u00e9sek miatt teszik \u2013 a sz\u0151rtelen b\u0151r ugyanis hamarabb gy\u00f3gyul.<\/p>\n<p>\u00c1tlagos bring\u00e1s: 2 db sz\u0151r\u00f6s l\u00e1b<\/p>\n<p>Profi versenyz\u0151: 2 db sz\u0151rtelen l\u00e1b<\/p>\n","protected":false},"excerpt":{"rendered":"<p>Ki nyerne, ha egy Tour de France versenyz\u0151vel sz\u00e1lln\u00e1l szembe? J\u00f3-j\u00f3, csak viccel\u00fcnk. De m\u00e9gis mennyire hagyna h\u00e1tra?<\/p>\n","protected":false},"author":71,"featured_media":11828,"comment_status":"open","ping_status":"open","sticky":false,"template":"","format":"standard","meta":{"footnotes":""},"categories":[96],"tags":[],"global-categories":[],"class_list":["post-11819","post","type-post","status-publish","format-standard","has-post-thumbnail","hentry","category-tour-de-france"],"yoast_head":"<!-- This site is optimized with the Yoast SEO Premium plugin v25.3 (Yoast SEO v25.9) - https:\/\/yoast.com\/wordpress\/plugins\/seo\/ -->\n<title>Egy \u00e1tlagos Tour-versenyz\u0151 vs. egy \u00e1tlagos hobbibring\u00e1s<\/title>\n<meta name=\"description\" content=\"Ki nyerne, ha egy Tour de France versenyz\u0151vel sz\u00e1lln\u00e1l szembe? J\u00f3-j\u00f3, csak viccel\u00fcnk. De m\u00e9gis mennyire hagyna h\u00e1tra?\" \/>\n<meta name=\"robots\" content=\"index, follow, max-snippet:-1, max-image-preview:large, max-video-preview:-1\" \/>\n<link rel=\"canonical\" href=\"https:\/\/www.welovecycling.com\/hu\/tour-de-france\/egy-atlagos-tour-versenyzo-vs-egy-atlagos-hobbibringas\/\" \/>\n<meta property=\"og:locale\" content=\"hu_HU\" \/>\n<meta property=\"og:type\" content=\"article\" \/>\n<meta property=\"og:title\" content=\"Egy \u00e1tlagos Tour-versenyz\u0151 vs. egy \u00e1tlagos hobbibring\u00e1s\" \/>\n<meta property=\"og:description\" content=\"Ki nyerne, ha egy Tour de France versenyz\u0151vel sz\u00e1lln\u00e1l szembe? J\u00f3-j\u00f3, csak viccel\u00fcnk. De m\u00e9gis mennyire hagyna h\u00e1tra?\" \/>\n<meta property=\"og:url\" content=\"https:\/\/www.welovecycling.com\/hu\/tour-de-france\/egy-atlagos-tour-versenyzo-vs-egy-atlagos-hobbibringas\/\" \/>\n<meta property=\"og:site_name\" content=\"\u0160koda We Love Cycling - Magyarorsz\u00e1g\" \/>\n<meta property=\"article:publisher\" content=\"https:\/\/www.facebook.com\/WeLoveCyclingHungary\/\" \/>\n<meta property=\"article:published_time\" content=\"2021-06-25T06:00:33+00:00\" \/>\n<meta property=\"article:modified_time\" content=\"2021-06-25T09:11:59+00:00\" \/>\n<meta property=\"og:image\" content=\"https:\/\/d2p6e6u75xmxt8.cloudfront.net\/12\/2021\/06\/jack-delulio-oro0KHgeQ_g-unsplash1.jpg\" \/>\n\t<meta property=\"og:image:width\" content=\"1920\" \/>\n\t<meta property=\"og:image:height\" content=\"1074\" \/>\n\t<meta property=\"og:image:type\" content=\"image\/jpeg\" \/>\n<meta name=\"author\" content=\"hegyizs\" \/>\n<meta name=\"twitter:card\" content=\"summary_large_image\" \/>\n<meta name=\"twitter:label1\" content=\"Written by\" \/>\n\t<meta name=\"twitter:data1\" content=\"WLC\" \/>\n\t<meta name=\"twitter:label2\" content=\"Est. reading time\" \/>\n\t<meta name=\"twitter:data2\" content=\"3 minutes\" \/>\n<script type=\"application\/ld+json\" class=\"yoast-schema-graph\">{\"@context\":\"https:\/\/schema.org\",\"@graph\":[{\"@type\":\"WebPage\",\"@id\":\"https:\/\/www.welovecycling.com\/hu\/tour-de-france\/egy-atlagos-tour-versenyzo-vs-egy-atlagos-hobbibringas\/\",\"url\":\"https:\/\/www.welovecycling.com\/hu\/tour-de-france\/egy-atlagos-tour-versenyzo-vs-egy-atlagos-hobbibringas\/\",\"name\":\"Egy \u00e1tlagos Tour-versenyz\u0151 vs. egy \u00e1tlagos hobbibring\u00e1s\",\"isPartOf\":{\"@id\":\"https:\/\/www.welovecycling.com\/hu\/#website\"},\"primaryImageOfPage\":{\"@id\":\"https:\/\/www.welovecycling.com\/hu\/tour-de-france\/egy-atlagos-tour-versenyzo-vs-egy-atlagos-hobbibringas\/#primaryimage\"},\"image\":{\"@id\":\"https:\/\/www.welovecycling.com\/hu\/tour-de-france\/egy-atlagos-tour-versenyzo-vs-egy-atlagos-hobbibringas\/#primaryimage\"},\"thumbnailUrl\":\"https:\/\/d2p6e6u75xmxt8.cloudfront.net\/12\/2021\/06\/jack-delulio-oro0KHgeQ_g-unsplash1.jpg\",\"datePublished\":\"2021-06-25T06:00:33+00:00\",\"dateModified\":\"2021-06-25T09:11:59+00:00\",\"author\":{\"@id\":\"https:\/\/www.welovecycling.com\/hu\/#\/schema\/person\/414a2aebf1801691a5320edb6468e194\"},\"description\":\"Ki nyerne, ha egy Tour de France versenyz\u0151vel sz\u00e1lln\u00e1l szembe? J\u00f3-j\u00f3, csak viccel\u00fcnk. De m\u00e9gis mennyire hagyna h\u00e1tra?\",\"breadcrumb\":{\"@id\":\"https:\/\/www.welovecycling.com\/hu\/tour-de-france\/egy-atlagos-tour-versenyzo-vs-egy-atlagos-hobbibringas\/#breadcrumb\"},\"inLanguage\":\"hu\",\"potentialAction\":[{\"@type\":\"ReadAction\",\"target\":[\"https:\/\/www.welovecycling.com\/hu\/tour-de-france\/egy-atlagos-tour-versenyzo-vs-egy-atlagos-hobbibringas\/\"]}]},{\"@type\":\"ImageObject\",\"inLanguage\":\"hu\",\"@id\":\"https:\/\/www.welovecycling.com\/hu\/tour-de-france\/egy-atlagos-tour-versenyzo-vs-egy-atlagos-hobbibringas\/#primaryimage\",\"url\":\"https:\/\/d2p6e6u75xmxt8.cloudfront.net\/12\/2021\/06\/jack-delulio-oro0KHgeQ_g-unsplash1.jpg\",\"contentUrl\":\"https:\/\/d2p6e6u75xmxt8.cloudfront.net\/12\/2021\/06\/jack-delulio-oro0KHgeQ_g-unsplash1.jpg\",\"width\":1920,\"height\":1074},{\"@type\":\"BreadcrumbList\",\"@id\":\"https:\/\/www.welovecycling.com\/hu\/tour-de-france\/egy-atlagos-tour-versenyzo-vs-egy-atlagos-hobbibringas\/#breadcrumb\",\"itemListElement\":[{\"@type\":\"ListItem\",\"position\":1,\"name\":\"Home\",\"item\":\"https:\/\/www.welovecycling.com\/hu\/\"},{\"@type\":\"ListItem\",\"position\":2,\"name\":\"Egy \u00e1tlagos Tour-versenyz\u0151 vs. egy \u00e1tlagos hobbibring\u00e1s\"}]},{\"@type\":\"WebSite\",\"@id\":\"https:\/\/www.welovecycling.com\/hu\/#website\",\"url\":\"https:\/\/www.welovecycling.com\/hu\/\",\"name\":\"\u0160koda We Love Cycling - Magyarorsz\u00e1g\",\"description\":\"\u0160koda WeLoveCycling\",\"potentialAction\":[{\"@type\":\"SearchAction\",\"target\":{\"@type\":\"EntryPoint\",\"urlTemplate\":\"https:\/\/www.welovecycling.com\/hu\/?s={search_term_string}\"},\"query-input\":{\"@type\":\"PropertyValueSpecification\",\"valueRequired\":true,\"valueName\":\"search_term_string\"}}],\"inLanguage\":\"hu\"},{\"@type\":\"Person\",\"@id\":\"https:\/\/www.welovecycling.com\/hu\/#\/schema\/person\/414a2aebf1801691a5320edb6468e194\",\"name\":\"hegyizs\",\"image\":{\"@type\":\"ImageObject\",\"inLanguage\":\"hu\",\"@id\":\"https:\/\/www.welovecycling.com\/hu\/#\/schema\/person\/image\/\",\"url\":\"https:\/\/secure.gravatar.com\/avatar\/02cf8a7906b8cf90cecb4679defac7cfd33a1c2e3b88e4903d947f3bb58eedd3?s=96&d=mm&r=g\",\"contentUrl\":\"https:\/\/secure.gravatar.com\/avatar\/02cf8a7906b8cf90cecb4679defac7cfd33a1c2e3b88e4903d947f3bb58eedd3?s=96&d=mm&r=g\",\"caption\":\"hegyizs\"},\"url\":\"https:\/\/www.welovecycling.com\/hu\/author\/hegyizs\/\"}]}<\/script>\n<!-- \/ Yoast SEO Premium plugin. -->","yoast_head_json":{"title":"Egy \u00e1tlagos Tour-versenyz\u0151 vs. egy \u00e1tlagos hobbibring\u00e1s","description":"Ki nyerne, ha egy Tour de France versenyz\u0151vel sz\u00e1lln\u00e1l szembe? J\u00f3-j\u00f3, csak viccel\u00fcnk. De m\u00e9gis mennyire hagyna h\u00e1tra?","robots":{"index":"index","follow":"follow","max-snippet":"max-snippet:-1","max-image-preview":"max-image-preview:large","max-video-preview":"max-video-preview:-1"},"canonical":"https:\/\/www.welovecycling.com\/hu\/tour-de-france\/egy-atlagos-tour-versenyzo-vs-egy-atlagos-hobbibringas\/","og_locale":"hu_HU","og_type":"article","og_title":"Egy \u00e1tlagos Tour-versenyz\u0151 vs. egy \u00e1tlagos hobbibring\u00e1s","og_description":"Ki nyerne, ha egy Tour de France versenyz\u0151vel sz\u00e1lln\u00e1l szembe? J\u00f3-j\u00f3, csak viccel\u00fcnk. De m\u00e9gis mennyire hagyna h\u00e1tra?","og_url":"https:\/\/www.welovecycling.com\/hu\/tour-de-france\/egy-atlagos-tour-versenyzo-vs-egy-atlagos-hobbibringas\/","og_site_name":"\u0160koda We Love Cycling - Magyarorsz\u00e1g","article_publisher":"https:\/\/www.facebook.com\/WeLoveCyclingHungary\/","article_published_time":"2021-06-25T06:00:33+00:00","article_modified_time":"2021-06-25T09:11:59+00:00","og_image":[{"width":1920,"height":1074,"url":"https:\/\/d2p6e6u75xmxt8.cloudfront.net\/12\/2021\/06\/jack-delulio-oro0KHgeQ_g-unsplash1.jpg","type":"image\/jpeg"}],"author":"hegyizs","twitter_card":"summary_large_image","twitter_misc":{"Written by":"WLC","Est. reading time":"3 minutes"},"schema":{"@context":"https:\/\/schema.org","@graph":[{"@type":"WebPage","@id":"https:\/\/www.welovecycling.com\/hu\/tour-de-france\/egy-atlagos-tour-versenyzo-vs-egy-atlagos-hobbibringas\/","url":"https:\/\/www.welovecycling.com\/hu\/tour-de-france\/egy-atlagos-tour-versenyzo-vs-egy-atlagos-hobbibringas\/","name":"Egy \u00e1tlagos Tour-versenyz\u0151 vs. egy \u00e1tlagos hobbibring\u00e1s","isPartOf":{"@id":"https:\/\/www.welovecycling.com\/hu\/#website"},"primaryImageOfPage":{"@id":"https:\/\/www.welovecycling.com\/hu\/tour-de-france\/egy-atlagos-tour-versenyzo-vs-egy-atlagos-hobbibringas\/#primaryimage"},"image":{"@id":"https:\/\/www.welovecycling.com\/hu\/tour-de-france\/egy-atlagos-tour-versenyzo-vs-egy-atlagos-hobbibringas\/#primaryimage"},"thumbnailUrl":"https:\/\/d2p6e6u75xmxt8.cloudfront.net\/12\/2021\/06\/jack-delulio-oro0KHgeQ_g-unsplash1.jpg","datePublished":"2021-06-25T06:00:33+00:00","dateModified":"2021-06-25T09:11:59+00:00","author":{"@id":"https:\/\/www.welovecycling.com\/hu\/#\/schema\/person\/414a2aebf1801691a5320edb6468e194"},"description":"Ki nyerne, ha egy Tour de France versenyz\u0151vel sz\u00e1lln\u00e1l szembe? J\u00f3-j\u00f3, csak viccel\u00fcnk. De m\u00e9gis mennyire hagyna h\u00e1tra?","breadcrumb":{"@id":"https:\/\/www.welovecycling.com\/hu\/tour-de-france\/egy-atlagos-tour-versenyzo-vs-egy-atlagos-hobbibringas\/#breadcrumb"},"inLanguage":"hu","potentialAction":[{"@type":"ReadAction","target":["https:\/\/www.welovecycling.com\/hu\/tour-de-france\/egy-atlagos-tour-versenyzo-vs-egy-atlagos-hobbibringas\/"]}]},{"@type":"ImageObject","inLanguage":"hu","@id":"https:\/\/www.welovecycling.com\/hu\/tour-de-france\/egy-atlagos-tour-versenyzo-vs-egy-atlagos-hobbibringas\/#primaryimage","url":"https:\/\/d2p6e6u75xmxt8.cloudfront.net\/12\/2021\/06\/jack-delulio-oro0KHgeQ_g-unsplash1.jpg","contentUrl":"https:\/\/d2p6e6u75xmxt8.cloudfront.net\/12\/2021\/06\/jack-delulio-oro0KHgeQ_g-unsplash1.jpg","width":1920,"height":1074},{"@type":"BreadcrumbList","@id":"https:\/\/www.welovecycling.com\/hu\/tour-de-france\/egy-atlagos-tour-versenyzo-vs-egy-atlagos-hobbibringas\/#breadcrumb","itemListElement":[{"@type":"ListItem","position":1,"name":"Home","item":"https:\/\/www.welovecycling.com\/hu\/"},{"@type":"ListItem","position":2,"name":"Egy \u00e1tlagos Tour-versenyz\u0151 vs. egy \u00e1tlagos hobbibring\u00e1s"}]},{"@type":"WebSite","@id":"https:\/\/www.welovecycling.com\/hu\/#website","url":"https:\/\/www.welovecycling.com\/hu\/","name":"\u0160koda We Love Cycling - Magyarorsz\u00e1g","description":"\u0160koda WeLoveCycling","potentialAction":[{"@type":"SearchAction","target":{"@type":"EntryPoint","urlTemplate":"https:\/\/www.welovecycling.com\/hu\/?s={search_term_string}"},"query-input":{"@type":"PropertyValueSpecification","valueRequired":true,"valueName":"search_term_string"}}],"inLanguage":"hu"},{"@type":"Person","@id":"https:\/\/www.welovecycling.com\/hu\/#\/schema\/person\/414a2aebf1801691a5320edb6468e194","name":"hegyizs","image":{"@type":"ImageObject","inLanguage":"hu","@id":"https:\/\/www.welovecycling.com\/hu\/#\/schema\/person\/image\/","url":"https:\/\/secure.gravatar.com\/avatar\/02cf8a7906b8cf90cecb4679defac7cfd33a1c2e3b88e4903d947f3bb58eedd3?s=96&d=mm&r=g","contentUrl":"https:\/\/secure.gravatar.com\/avatar\/02cf8a7906b8cf90cecb4679defac7cfd33a1c2e3b88e4903d947f3bb58eedd3?s=96&d=mm&r=g","caption":"hegyizs"},"url":"https:\/\/www.welovecycling.com\/hu\/author\/hegyizs\/"}]}},"_links":{"self":[{"href":"https:\/\/www.welovecycling.com\/hu\/wp-json\/wp\/v2\/posts\/11819","targetHints":{"allow":["GET"]}}],"collection":[{"href":"https:\/\/www.welovecycling.com\/hu\/wp-json\/wp\/v2\/posts"}],"about":[{"href":"https:\/\/www.welovecycling.com\/hu\/wp-json\/wp\/v2\/types\/post"}],"author":[{"embeddable":true,"href":"https:\/\/www.welovecycling.com\/hu\/wp-json\/wp\/v2\/users\/71"}],"replies":[{"embeddable":true,"href":"https:\/\/www.welovecycling.com\/hu\/wp-json\/wp\/v2\/comments?post=11819"}],"version-history":[{"count":1,"href":"https:\/\/www.welovecycling.com\/hu\/wp-json\/wp\/v2\/posts\/11819\/revisions"}],"predecessor-version":[{"id":11829,"href":"https:\/\/www.welovecycling.com\/hu\/wp-json\/wp\/v2\/posts\/11819\/revisions\/11829"}],"wp:featuredmedia":[{"embeddable":true,"href":"https:\/\/www.welovecycling.com\/hu\/wp-json\/wp\/v2\/media\/11828"}],"wp:attachment":[{"href":"https:\/\/www.welovecycling.com\/hu\/wp-json\/wp\/v2\/media?parent=11819"}],"wp:term":[{"taxonomy":"category","embeddable":true,"href":"https:\/\/www.welovecycling.com\/hu\/wp-json\/wp\/v2\/categories?post=11819"},{"taxonomy":"post_tag","embeddable":true,"href":"https:\/\/www.welovecycling.com\/hu\/wp-json\/wp\/v2\/tags?post=11819"},{"taxonomy":"global-categories","embeddable":true,"href":"https:\/\/www.welovecycling.com\/hu\/wp-json\/wp\/v2\/global-categories?post=11819"}],"curies":[{"name":"wp","href":"https:\/\/api.w.org\/{rel}","templated":true}]}}