{"id":11783,"date":"2021-06-27T08:00:20","date_gmt":"2021-06-27T06:00:20","guid":{"rendered":"https:\/\/www.welovecycling.com\/hu\/?p=11783"},"modified":"2021-06-21T16:39:52","modified_gmt":"2021-06-21T14:39:52","slug":"james-shaw-ez-mar-nem-sport-ez-egy-iparag","status":"publish","type":"post","link":"https:\/\/www.welovecycling.com\/hu\/orszaguti-kerekpar\/james-shaw-ez-mar-nem-sport-ez-egy-iparag\/","title":{"rendered":"James Shaw: \u201eEz m\u00e1r nem sport, ez egy ipar\u00e1g\u201d"},"content":{"rendered":"<p><strong>A szlov\u00e9n k\u00f6rverseny legnagyobb meglepet\u00e9s\u00e9t egy kontinent\u00e1lis csapatban teker\u0151 brit fiatalember, James Shaw szolg\u00e1ltatta a nagy\u00e1gy\u00fak k\u00f6z\u00f6tt el\u00e9rt \u00f6t\u00f6dik hely\u00e9vel. A 25 \u00e9ves versenyz\u0151 azonban r\u00f6g\u00f6s utat tett meg \u00e9lete legnagyobb siker\u00e9ig: a saj\u00e1t b\u0151r\u00e9n tapasztalta meg a sport\u00e1g \u00e1rnyoldalait, \u00e9s nemr\u00e9g m\u00e9g a visszavonul\u00e1st fontolgatta\u2026<\/strong><!--more--><\/p>\n<p>A Tour de France-c\u00edmv\u00e9d\u00e9sre k\u00e9sz\u00fcl\u0151 Tadej Pogacar pap\u00edrforma-gy\u0151zelme mellett egy igazi meglepet\u00e9ssel is szolg\u00e1lt a j\u00fanius 13-\u00e1n lez\u00e1rult Tour of Slovenia.<\/p>\n<p>A szlov\u00e9n k\u00f6r v\u00e9geredm\u00e9ny\u00e9nek \u00f6sszetett \u00e9lmez\u0151ny\u00e9ben csupa elit nagymen\u0151 nev\u00e9t tal\u00e1lhatjuk, az Emirates-, Astana-, BikeExchange-, Bahrain-klasszisok k\u00f6z\u00f6tt azonban az \u00f6t\u00f6dik helyen ott figyelt egy brit fiatalember, egy olyan csapat sz\u00edneiben, amelyre m\u00e9g az orsz\u00e1g\u00fati ker\u00e9kp\u00e1rsportot k\u00f6zelebbr\u0151l ismer\u0151knek is r\u00e1 kell keresni\u00fck: bizonyos James Shaw, a Ribble Weldtite Pro Cycling versenyz\u0151je.<\/p>\n<p>Ha els\u0151re csak \u00e9rtetlen\u00fcl pislogunk, nem csoda, hiszen a Ribble m\u00e9g csak nem is ProTeam besorol\u00e1s\u00fa, hanem kontinent\u00e1lis csapat, vagyis a \u201eharmadoszt\u00e1lyban\u201d szerepel \u2013 \u00edgy m\u00e1ris \u00e9rthet\u0151, mi\u00e9rt keltett kisebb szenz\u00e1ci\u00f3t Shaw nagyszer\u0171 \u00f6t\u00f6dik helye.<\/p>\n<p><em>\u201eA fellegekben j\u00e1runk: messze mi voltunk a legkisebb k\u00f6lts\u00e9gvet\u00e9s\u0171 csapat a mez\u0151nyben, de felsz\u00edvtuk magunkat a b\u00e9relt kocsijainkban \u00e9s megmutattuk, mire vagyunk k\u00e9pesek!\u201d <\/em>\u2013 lelkendezett a siker ut\u00e1n Shaw.<\/p>\n<p><a href=\"https:\/\/d2p6e6u75xmxt8.cloudfront.net\/12\/2021\/06\/shawn_02wlc_2106.jpg\"><img loading=\"lazy\" decoding=\"async\" class=\"alignnone size-full wp-image-11784\" src=\"https:\/\/d2p6e6u75xmxt8.cloudfront.net\/12\/2021\/06\/shawn_02wlc_2106.jpg\" alt=\"\" width=\"1280\" height=\"842\" srcset=\"https:\/\/d2p6e6u75xmxt8.cloudfront.net\/12\/2021\/06\/shawn_02wlc_2106.jpg 1280w, https:\/\/d2p6e6u75xmxt8.cloudfront.net\/12\/2021\/06\/shawn_02wlc_2106-300x197.jpg 300w, https:\/\/d2p6e6u75xmxt8.cloudfront.net\/12\/2021\/06\/shawn_02wlc_2106-1024x674.jpg 1024w, https:\/\/d2p6e6u75xmxt8.cloudfront.net\/12\/2021\/06\/shawn_02wlc_2106-768x505.jpg 768w\" sizes=\"auto, (max-width: 1280px) 100vw, 1280px\" \/><\/a><\/p>\n<p>A vit\u00e1n fel\u00fcl \u00e9lete legjobb eredm\u00e9ny\u00e9t el\u00e9r\u0151 25 \u00e9ves angol versenyz\u0151 esete azonban nemcsak emiatt \u00e9rdekes, hanem mert a Cyclingnews oldalnak kend\u0151zetlen\u00fcl besz\u00e9lt a profi ker\u00e9kp\u00e1rsport legmagasabb szintj\u00e9nek ritk\u00e1n hallhat\u00f3 \u00e1rnyoldalair\u00f3l is. Sokan azt gondolj\u00e1k, a vil\u00e1gelitben szerepelni val\u00f3s\u00e1gos t\u00fcnd\u00e9rmese, Shaw-t viszont \u2013 aki eg\u00e9szen 2018-ig a World Tourban szerepl\u0151 Lotto Soudal bring\u00e1sa volt \u2013 h\u00e1rom profi \u00e9v alatt annyira kizsigerelte ez a vil\u00e1g, hogy ezt k\u00f6vet\u0151en ink\u00e1bb alacsonyabb oszt\u00e1ly\u00fa egy\u00fcttesekben folytatta p\u00e1lyafut\u00e1s\u00e1t.<\/p>\n<p><em>\u201eRealiz\u00e1ltam, hogy a World Tour egy ipar\u00e1g, nem sport: sokkal ink\u00e1bb sz\u00f3l az \u00e1lland\u00f3 szponzorszerz\u00e9sr\u0151l \u00e9s a csapatok p\u00e9nzel\u00e9s\u00e9r\u0151l. Kem\u00e9ny lecke \u00e1r\u00e1n tanultam meg, hogy mennyire kegyetlen ez a sport\u00e1g. Furcsa meg\u00e9lni, hogy a karrierem legjobb \u00e9s leg\u00e9lvezetesebb \u00e9veit a legkisebb csapatokn\u00e1l abszolv\u00e1lom \u2013 vagy legal\u00e1bbis \u00edgy szokt\u00e1k h\u00edvni \u0151ket, \u00edgy a Ribble-t is, ahol igaz\u00e1n sz\u00edvmelenget\u0151 \u00e9vet tudhatok magam m\u00f6g\u00f6tt eddig.\u201d<\/em><\/p>\n<p><a href=\"https:\/\/d2p6e6u75xmxt8.cloudfront.net\/12\/2021\/06\/shawn_03wlc_2106.jpg\"><img loading=\"lazy\" decoding=\"async\" class=\"alignnone size-full wp-image-11785\" src=\"https:\/\/d2p6e6u75xmxt8.cloudfront.net\/12\/2021\/06\/shawn_03wlc_2106.jpg\" alt=\"\" width=\"1600\" height=\"1200\" srcset=\"https:\/\/d2p6e6u75xmxt8.cloudfront.net\/12\/2021\/06\/shawn_03wlc_2106.jpg 1600w, https:\/\/d2p6e6u75xmxt8.cloudfront.net\/12\/2021\/06\/shawn_03wlc_2106-300x225.jpg 300w, https:\/\/d2p6e6u75xmxt8.cloudfront.net\/12\/2021\/06\/shawn_03wlc_2106-1024x768.jpg 1024w, https:\/\/d2p6e6u75xmxt8.cloudfront.net\/12\/2021\/06\/shawn_03wlc_2106-768x576.jpg 768w, https:\/\/d2p6e6u75xmxt8.cloudfront.net\/12\/2021\/06\/shawn_03wlc_2106-1536x1152.jpg 1536w\" sizes=\"auto, (max-width: 1600px) 100vw, 1600px\" \/><\/a><\/p>\n<p>Shaw azt is el\u00e1rulta, a megannyi kij\u00f3zan\u00edt\u00f3 pofon miatt kor\u00e1bban m\u00e1r t\u00f6bbsz\u00f6r is felvet\u0151d\u00f6tt benne a visszavonul\u00e1s gondolata, de egy pont ut\u00e1n megtanult m\u00e1sok elv\u00e1r\u00e1sai helyett a saj\u00e1t \u00f6r\u00f6m\u00e9re biciklizni, ez a mostani siker pedig \u00f3ri\u00e1si l\u00f6ketet ad neki a rem\u00e9lhet\u0151leg hasonl\u00f3an boldog folytat\u00e1shoz.<\/p>\n<p>Forr\u00e1s: <a href=\"https:\/\/www.cyclingnews.com\/\" target=\"_blank\" rel=\"noopener\">cyclingnews.com<\/a><\/p>\n","protected":false},"excerpt":{"rendered":"<p>A szlov\u00e9n k\u00f6rverseny legnagyobb meglepet\u00e9s\u00e9t egy kontinent\u00e1lis csapatban teker\u0151 brit fiatalember, James Shaw szolg\u00e1ltatta a nagy\u00e1gy\u00fak k\u00f6z\u00f6tt el\u00e9rt \u00f6t\u00f6dik hely\u00e9vel. [&hellip;]<\/p>\n","protected":false},"author":71,"featured_media":11786,"comment_status":"open","ping_status":"open","sticky":false,"template":"","format":"standard","meta":{"footnotes":""},"categories":[8],"tags":[],"global-categories":[],"class_list":["post-11783","post","type-post","status-publish","format-standard","has-post-thumbnail","hentry","category-orszaguti-kerekpar"],"yoast_head":"<!-- This site is optimized with the Yoast SEO Premium plugin v25.3 (Yoast SEO v25.9) - https:\/\/yoast.com\/wordpress\/plugins\/seo\/ -->\n<title>James Shaw: \u201eEz m\u00e1r nem sport, ez egy ipar\u00e1g\u201d - \u0160koda We Love Cycling - Magyarorsz\u00e1g<\/title>\n<meta name=\"description\" content=\"A szlov\u00e9n k\u00f6rverseny legnagyobb meglepet\u00e9s\u00e9t egy kontinent\u00e1lis csapatban teker\u0151 brit fiatalember, James Shaw szolg\u00e1ltatta a nagy\u00e1gy\u00fak k\u00f6z\u00f6tt el\u00e9rt \u00f6t\u00f6dik hely\u00e9vel.\" \/>\n<meta name=\"robots\" content=\"index, follow, max-snippet:-1, max-image-preview:large, max-video-preview:-1\" \/>\n<link rel=\"canonical\" href=\"https:\/\/www.welovecycling.com\/hu\/orszaguti-kerekpar\/james-shaw-ez-mar-nem-sport-ez-egy-iparag\/\" \/>\n<meta property=\"og:locale\" content=\"hu_HU\" \/>\n<meta property=\"og:type\" content=\"article\" \/>\n<meta property=\"og:title\" content=\"James Shaw: \u201eEz m\u00e1r nem sport, ez egy ipar\u00e1g\u201d\" \/>\n<meta property=\"og:description\" content=\"A szlov\u00e9n k\u00f6rverseny legnagyobb meglepet\u00e9s\u00e9t egy kontinent\u00e1lis csapatban teker\u0151 brit fiatalember, James Shaw szolg\u00e1ltatta a nagy\u00e1gy\u00fak k\u00f6z\u00f6tt el\u00e9rt \u00f6t\u00f6dik hely\u00e9vel.\" \/>\n<meta property=\"og:url\" content=\"https:\/\/www.welovecycling.com\/hu\/orszaguti-kerekpar\/james-shaw-ez-mar-nem-sport-ez-egy-iparag\/\" \/>\n<meta property=\"og:site_name\" content=\"\u0160koda We Love Cycling - Magyarorsz\u00e1g\" \/>\n<meta property=\"article:publisher\" content=\"https:\/\/www.facebook.com\/WeLoveCyclingHungary\/\" \/>\n<meta property=\"article:published_time\" content=\"2021-06-27T06:00:20+00:00\" \/>\n<meta property=\"og:image\" content=\"https:\/\/d2p6e6u75xmxt8.cloudfront.net\/12\/2021\/06\/shawn_wlc_2106.jpg\" \/>\n\t<meta property=\"og:image:width\" content=\"1160\" \/>\n\t<meta property=\"og:image:height\" content=\"880\" \/>\n\t<meta property=\"og:image:type\" content=\"image\/jpeg\" \/>\n<meta name=\"author\" content=\"hegyizs\" \/>\n<meta name=\"twitter:card\" content=\"summary_large_image\" \/>\n<meta name=\"twitter:label1\" content=\"Written by\" \/>\n\t<meta name=\"twitter:data1\" content=\"WLC\" \/>\n\t<meta name=\"twitter:label2\" content=\"Est. reading time\" \/>\n\t<meta name=\"twitter:data2\" content=\"3 minutes\" \/>\n<script type=\"application\/ld+json\" class=\"yoast-schema-graph\">{\"@context\":\"https:\/\/schema.org\",\"@graph\":[{\"@type\":\"WebPage\",\"@id\":\"https:\/\/www.welovecycling.com\/hu\/orszaguti-kerekpar\/james-shaw-ez-mar-nem-sport-ez-egy-iparag\/\",\"url\":\"https:\/\/www.welovecycling.com\/hu\/orszaguti-kerekpar\/james-shaw-ez-mar-nem-sport-ez-egy-iparag\/\",\"name\":\"James Shaw: \u201eEz m\u00e1r nem sport, ez egy ipar\u00e1g\u201d - \u0160koda We Love Cycling - Magyarorsz\u00e1g\",\"isPartOf\":{\"@id\":\"https:\/\/www.welovecycling.com\/hu\/#website\"},\"primaryImageOfPage\":{\"@id\":\"https:\/\/www.welovecycling.com\/hu\/orszaguti-kerekpar\/james-shaw-ez-mar-nem-sport-ez-egy-iparag\/#primaryimage\"},\"image\":{\"@id\":\"https:\/\/www.welovecycling.com\/hu\/orszaguti-kerekpar\/james-shaw-ez-mar-nem-sport-ez-egy-iparag\/#primaryimage\"},\"thumbnailUrl\":\"https:\/\/d2p6e6u75xmxt8.cloudfront.net\/12\/2021\/06\/shawn_wlc_2106.jpg\",\"datePublished\":\"2021-06-27T06:00:20+00:00\",\"author\":{\"@id\":\"https:\/\/www.welovecycling.com\/hu\/#\/schema\/person\/414a2aebf1801691a5320edb6468e194\"},\"description\":\"A szlov\u00e9n k\u00f6rverseny legnagyobb meglepet\u00e9s\u00e9t egy kontinent\u00e1lis csapatban teker\u0151 brit fiatalember, James Shaw szolg\u00e1ltatta a nagy\u00e1gy\u00fak k\u00f6z\u00f6tt el\u00e9rt \u00f6t\u00f6dik hely\u00e9vel.\",\"breadcrumb\":{\"@id\":\"https:\/\/www.welovecycling.com\/hu\/orszaguti-kerekpar\/james-shaw-ez-mar-nem-sport-ez-egy-iparag\/#breadcrumb\"},\"inLanguage\":\"hu\",\"potentialAction\":[{\"@type\":\"ReadAction\",\"target\":[\"https:\/\/www.welovecycling.com\/hu\/orszaguti-kerekpar\/james-shaw-ez-mar-nem-sport-ez-egy-iparag\/\"]}]},{\"@type\":\"ImageObject\",\"inLanguage\":\"hu\",\"@id\":\"https:\/\/www.welovecycling.com\/hu\/orszaguti-kerekpar\/james-shaw-ez-mar-nem-sport-ez-egy-iparag\/#primaryimage\",\"url\":\"https:\/\/d2p6e6u75xmxt8.cloudfront.net\/12\/2021\/06\/shawn_wlc_2106.jpg\",\"contentUrl\":\"https:\/\/d2p6e6u75xmxt8.cloudfront.net\/12\/2021\/06\/shawn_wlc_2106.jpg\",\"width\":1160,\"height\":880},{\"@type\":\"BreadcrumbList\",\"@id\":\"https:\/\/www.welovecycling.com\/hu\/orszaguti-kerekpar\/james-shaw-ez-mar-nem-sport-ez-egy-iparag\/#breadcrumb\",\"itemListElement\":[{\"@type\":\"ListItem\",\"position\":1,\"name\":\"Home\",\"item\":\"https:\/\/www.welovecycling.com\/hu\/\"},{\"@type\":\"ListItem\",\"position\":2,\"name\":\"James Shaw: \u201eEz m\u00e1r nem sport, ez egy ipar\u00e1g\u201d\"}]},{\"@type\":\"WebSite\",\"@id\":\"https:\/\/www.welovecycling.com\/hu\/#website\",\"url\":\"https:\/\/www.welovecycling.com\/hu\/\",\"name\":\"\u0160koda We Love Cycling - Magyarorsz\u00e1g\",\"description\":\"\u0160koda WeLoveCycling\",\"potentialAction\":[{\"@type\":\"SearchAction\",\"target\":{\"@type\":\"EntryPoint\",\"urlTemplate\":\"https:\/\/www.welovecycling.com\/hu\/?s={search_term_string}\"},\"query-input\":{\"@type\":\"PropertyValueSpecification\",\"valueRequired\":true,\"valueName\":\"search_term_string\"}}],\"inLanguage\":\"hu\"},{\"@type\":\"Person\",\"@id\":\"https:\/\/www.welovecycling.com\/hu\/#\/schema\/person\/414a2aebf1801691a5320edb6468e194\",\"name\":\"hegyizs\",\"image\":{\"@type\":\"ImageObject\",\"inLanguage\":\"hu\",\"@id\":\"https:\/\/www.welovecycling.com\/hu\/#\/schema\/person\/image\/\",\"url\":\"https:\/\/secure.gravatar.com\/avatar\/02cf8a7906b8cf90cecb4679defac7cfd33a1c2e3b88e4903d947f3bb58eedd3?s=96&d=mm&r=g\",\"contentUrl\":\"https:\/\/secure.gravatar.com\/avatar\/02cf8a7906b8cf90cecb4679defac7cfd33a1c2e3b88e4903d947f3bb58eedd3?s=96&d=mm&r=g\",\"caption\":\"hegyizs\"},\"url\":\"https:\/\/www.welovecycling.com\/hu\/author\/hegyizs\/\"}]}<\/script>\n<!-- \/ Yoast SEO Premium plugin. -->","yoast_head_json":{"title":"James Shaw: \u201eEz m\u00e1r nem sport, ez egy ipar\u00e1g\u201d - \u0160koda We Love Cycling - Magyarorsz\u00e1g","description":"A szlov\u00e9n k\u00f6rverseny legnagyobb meglepet\u00e9s\u00e9t egy kontinent\u00e1lis csapatban teker\u0151 brit fiatalember, James Shaw szolg\u00e1ltatta a nagy\u00e1gy\u00fak k\u00f6z\u00f6tt el\u00e9rt \u00f6t\u00f6dik hely\u00e9vel.","robots":{"index":"index","follow":"follow","max-snippet":"max-snippet:-1","max-image-preview":"max-image-preview:large","max-video-preview":"max-video-preview:-1"},"canonical":"https:\/\/www.welovecycling.com\/hu\/orszaguti-kerekpar\/james-shaw-ez-mar-nem-sport-ez-egy-iparag\/","og_locale":"hu_HU","og_type":"article","og_title":"James Shaw: \u201eEz m\u00e1r nem sport, ez egy ipar\u00e1g\u201d","og_description":"A szlov\u00e9n k\u00f6rverseny legnagyobb meglepet\u00e9s\u00e9t egy kontinent\u00e1lis csapatban teker\u0151 brit fiatalember, James Shaw szolg\u00e1ltatta a nagy\u00e1gy\u00fak k\u00f6z\u00f6tt el\u00e9rt \u00f6t\u00f6dik hely\u00e9vel.","og_url":"https:\/\/www.welovecycling.com\/hu\/orszaguti-kerekpar\/james-shaw-ez-mar-nem-sport-ez-egy-iparag\/","og_site_name":"\u0160koda We Love Cycling - Magyarorsz\u00e1g","article_publisher":"https:\/\/www.facebook.com\/WeLoveCyclingHungary\/","article_published_time":"2021-06-27T06:00:20+00:00","og_image":[{"width":1160,"height":880,"url":"https:\/\/d2p6e6u75xmxt8.cloudfront.net\/12\/2021\/06\/shawn_wlc_2106.jpg","type":"image\/jpeg"}],"author":"hegyizs","twitter_card":"summary_large_image","twitter_misc":{"Written by":"WLC","Est. reading time":"3 minutes"},"schema":{"@context":"https:\/\/schema.org","@graph":[{"@type":"WebPage","@id":"https:\/\/www.welovecycling.com\/hu\/orszaguti-kerekpar\/james-shaw-ez-mar-nem-sport-ez-egy-iparag\/","url":"https:\/\/www.welovecycling.com\/hu\/orszaguti-kerekpar\/james-shaw-ez-mar-nem-sport-ez-egy-iparag\/","name":"James Shaw: \u201eEz m\u00e1r nem sport, ez egy ipar\u00e1g\u201d - \u0160koda We Love Cycling - Magyarorsz\u00e1g","isPartOf":{"@id":"https:\/\/www.welovecycling.com\/hu\/#website"},"primaryImageOfPage":{"@id":"https:\/\/www.welovecycling.com\/hu\/orszaguti-kerekpar\/james-shaw-ez-mar-nem-sport-ez-egy-iparag\/#primaryimage"},"image":{"@id":"https:\/\/www.welovecycling.com\/hu\/orszaguti-kerekpar\/james-shaw-ez-mar-nem-sport-ez-egy-iparag\/#primaryimage"},"thumbnailUrl":"https:\/\/d2p6e6u75xmxt8.cloudfront.net\/12\/2021\/06\/shawn_wlc_2106.jpg","datePublished":"2021-06-27T06:00:20+00:00","author":{"@id":"https:\/\/www.welovecycling.com\/hu\/#\/schema\/person\/414a2aebf1801691a5320edb6468e194"},"description":"A szlov\u00e9n k\u00f6rverseny legnagyobb meglepet\u00e9s\u00e9t egy kontinent\u00e1lis csapatban teker\u0151 brit fiatalember, James Shaw szolg\u00e1ltatta a nagy\u00e1gy\u00fak k\u00f6z\u00f6tt el\u00e9rt \u00f6t\u00f6dik hely\u00e9vel.","breadcrumb":{"@id":"https:\/\/www.welovecycling.com\/hu\/orszaguti-kerekpar\/james-shaw-ez-mar-nem-sport-ez-egy-iparag\/#breadcrumb"},"inLanguage":"hu","potentialAction":[{"@type":"ReadAction","target":["https:\/\/www.welovecycling.com\/hu\/orszaguti-kerekpar\/james-shaw-ez-mar-nem-sport-ez-egy-iparag\/"]}]},{"@type":"ImageObject","inLanguage":"hu","@id":"https:\/\/www.welovecycling.com\/hu\/orszaguti-kerekpar\/james-shaw-ez-mar-nem-sport-ez-egy-iparag\/#primaryimage","url":"https:\/\/d2p6e6u75xmxt8.cloudfront.net\/12\/2021\/06\/shawn_wlc_2106.jpg","contentUrl":"https:\/\/d2p6e6u75xmxt8.cloudfront.net\/12\/2021\/06\/shawn_wlc_2106.jpg","width":1160,"height":880},{"@type":"BreadcrumbList","@id":"https:\/\/www.welovecycling.com\/hu\/orszaguti-kerekpar\/james-shaw-ez-mar-nem-sport-ez-egy-iparag\/#breadcrumb","itemListElement":[{"@type":"ListItem","position":1,"name":"Home","item":"https:\/\/www.welovecycling.com\/hu\/"},{"@type":"ListItem","position":2,"name":"James Shaw: \u201eEz m\u00e1r nem sport, ez egy ipar\u00e1g\u201d"}]},{"@type":"WebSite","@id":"https:\/\/www.welovecycling.com\/hu\/#website","url":"https:\/\/www.welovecycling.com\/hu\/","name":"\u0160koda We Love Cycling - Magyarorsz\u00e1g","description":"\u0160koda WeLoveCycling","potentialAction":[{"@type":"SearchAction","target":{"@type":"EntryPoint","urlTemplate":"https:\/\/www.welovecycling.com\/hu\/?s={search_term_string}"},"query-input":{"@type":"PropertyValueSpecification","valueRequired":true,"valueName":"search_term_string"}}],"inLanguage":"hu"},{"@type":"Person","@id":"https:\/\/www.welovecycling.com\/hu\/#\/schema\/person\/414a2aebf1801691a5320edb6468e194","name":"hegyizs","image":{"@type":"ImageObject","inLanguage":"hu","@id":"https:\/\/www.welovecycling.com\/hu\/#\/schema\/person\/image\/","url":"https:\/\/secure.gravatar.com\/avatar\/02cf8a7906b8cf90cecb4679defac7cfd33a1c2e3b88e4903d947f3bb58eedd3?s=96&d=mm&r=g","contentUrl":"https:\/\/secure.gravatar.com\/avatar\/02cf8a7906b8cf90cecb4679defac7cfd33a1c2e3b88e4903d947f3bb58eedd3?s=96&d=mm&r=g","caption":"hegyizs"},"url":"https:\/\/www.welovecycling.com\/hu\/author\/hegyizs\/"}]}},"_links":{"self":[{"href":"https:\/\/www.welovecycling.com\/hu\/wp-json\/wp\/v2\/posts\/11783","targetHints":{"allow":["GET"]}}],"collection":[{"href":"https:\/\/www.welovecycling.com\/hu\/wp-json\/wp\/v2\/posts"}],"about":[{"href":"https:\/\/www.welovecycling.com\/hu\/wp-json\/wp\/v2\/types\/post"}],"author":[{"embeddable":true,"href":"https:\/\/www.welovecycling.com\/hu\/wp-json\/wp\/v2\/users\/71"}],"replies":[{"embeddable":true,"href":"https:\/\/www.welovecycling.com\/hu\/wp-json\/wp\/v2\/comments?post=11783"}],"version-history":[{"count":1,"href":"https:\/\/www.welovecycling.com\/hu\/wp-json\/wp\/v2\/posts\/11783\/revisions"}],"predecessor-version":[{"id":11787,"href":"https:\/\/www.welovecycling.com\/hu\/wp-json\/wp\/v2\/posts\/11783\/revisions\/11787"}],"wp:featuredmedia":[{"embeddable":true,"href":"https:\/\/www.welovecycling.com\/hu\/wp-json\/wp\/v2\/media\/11786"}],"wp:attachment":[{"href":"https:\/\/www.welovecycling.com\/hu\/wp-json\/wp\/v2\/media?parent=11783"}],"wp:term":[{"taxonomy":"category","embeddable":true,"href":"https:\/\/www.welovecycling.com\/hu\/wp-json\/wp\/v2\/categories?post=11783"},{"taxonomy":"post_tag","embeddable":true,"href":"https:\/\/www.welovecycling.com\/hu\/wp-json\/wp\/v2\/tags?post=11783"},{"taxonomy":"global-categories","embeddable":true,"href":"https:\/\/www.welovecycling.com\/hu\/wp-json\/wp\/v2\/global-categories?post=11783"}],"curies":[{"name":"wp","href":"https:\/\/api.w.org\/{rel}","templated":true}]}}