{"id":11776,"date":"2021-06-21T08:00:30","date_gmt":"2021-06-21T06:00:30","guid":{"rendered":"https:\/\/www.welovecycling.com\/hu\/?p=11776"},"modified":"2021-06-18T11:14:21","modified_gmt":"2021-06-18T09:14:21","slug":"caben-ewan-a-kritikak-ellenere-magasra-torekszik","status":"publish","type":"post","link":"https:\/\/www.welovecycling.com\/hu\/orszaguti-kerekpar\/caben-ewan-a-kritikak-ellenere-magasra-torekszik\/","title":{"rendered":"Caben Ewan a kritik\u00e1k ellen\u00e9re magasra t\u00f6rekszik"},"content":{"rendered":"<p><strong>Amikor az ausztr\u00e1l sprinter, Caleb Ewan a nyolcadik szakasz sor\u00e1n t\u00e9rdf\u00e1jdalmak miatt kiesett a Giro d&#8217;Italia-b\u00f3l, Eddy Merckx azonnal lecsapott r\u00e1.<\/strong><\/p>\n<p><!--more--><\/p>\n<p><em>&#8220;Ez a Caleb Ewan nekem nagyon piszk\u00e1lja a cs\u0151r\u00f6m&#8221;<\/em> &#8211; mondta a Het Nieuwsbladnak a Giro \u00e9s a Tour de France \u00f6tsz\u00f6r\u00f6s gy\u0151ztese. Kies\u00e9se <em>\u201ea profizmus, valamint a Giro \u00e9s a ker\u00e9kp\u00e1roz\u00e1s ir\u00e1nti tisztelet hi\u00e1nya. Szankci\u00f3t \u00e9rdemel: vegy\u00e9k el az \u00f6sszes d\u00edj\u00e1t.\u201d<\/em><\/p>\n<p>A kritika csal\u00e1di von\u00e1ss\u00e1 v\u00e1lt, amikor Merckx fia, Axel is hasonl\u00f3an nyilatkozott Ewan-r\u00f3l: <em>\u201eaz, hogy a t\u00e9rdf\u00e1jdalm\u00e1nak bizony\u00edt\u00e1sa n\u00e9lk\u00fcl t\u00e1vozott, a szervezet ir\u00e1nti tisztelet teljes hi\u00e1nya.\u201d<\/em><\/p>\n<figure id=\"attachment_11778\" aria-describedby=\"caption-attachment-11778\" style=\"width: 1024px\" class=\"wp-caption alignnone\"><a href=\"https:\/\/d2p6e6u75xmxt8.cloudfront.net\/2\/2021\/06\/Caleb-Ewan-profimedia-0610918270.jpg\"><img loading=\"lazy\" decoding=\"async\" class=\"size-large wp-image-11778\" src=\"https:\/\/d2p6e6u75xmxt8.cloudfront.net\/12\/2021\/06\/Caleb-Ewan-profimedia-0610918270-1024x682.jpg\" alt=\"Caleb Ewan\" width=\"1024\" height=\"682\" srcset=\"https:\/\/d2p6e6u75xmxt8.cloudfront.net\/12\/2021\/06\/Caleb-Ewan-profimedia-0610918270-1024x682.jpg 1024w, https:\/\/d2p6e6u75xmxt8.cloudfront.net\/12\/2021\/06\/Caleb-Ewan-profimedia-0610918270-300x200.jpg 300w, https:\/\/d2p6e6u75xmxt8.cloudfront.net\/12\/2021\/06\/Caleb-Ewan-profimedia-0610918270-768x512.jpg 768w, https:\/\/d2p6e6u75xmxt8.cloudfront.net\/12\/2021\/06\/Caleb-Ewan-profimedia-0610918270-272x182.jpg 272w, https:\/\/d2p6e6u75xmxt8.cloudfront.net\/12\/2021\/06\/Caleb-Ewan-profimedia-0610918270.jpg 1250w\" sizes=\"auto, (max-width: 1024px) 100vw, 1024px\" \/><\/a><figcaption id=\"caption-attachment-11778\" class=\"wp-caption-text\"><em>Ewan a 2021-es Giro 8. szakasz\u00e1n. \u00a9 Profimedia<\/em><\/figcaption><\/figure>\n<p>Lehet, hogy Merckx-\u00e9k nem tudt\u00e1k, hogy Ewan m\u00e1r a verseny kezdete el\u0151tt bejelentette, hogy nem fogja befejezni azt, mivel a szezonban a c\u00e9lja, hogy mindegyik Grand Tours versenyen szakaszgy\u0151zelmet szerezzen. A Giro-n k\u00e9t szakaszt val\u00f3ban megnyert \u00e9s a maglia ciclamino, vagyis az \u00f6sszetett vezet\u0151j\u00e9nek j\u00e1r\u00f3 lila trik\u00f3 gazd\u00e1jak\u00e9nt hagyta ott a versenyt.<\/p>\n<p>Ewan a kritik\u00e1ra v\u00e1laszk\u00e9nt azt nyilatkozta, hogy mindenkin\u00e9l jobban csal\u00f3dott, hogy ilyen kor\u00e1n fel kellett adnia a versenyt. <em>\u201eAzoknak az embereknek, akik szerint nem tisztelem a versenyt, azt \u00fczenem, hogy sajn\u00e1lom, ha \u00edgy \u00e9rzik. Ha l\u00e1tt\u00e1k volna, hogy mennyi munk\u00e1val \u00e9s elhivatotts\u00e1ggal k\u00e9sz\u00fcltem r\u00e1, hogy a lehet\u0151 legjobb teljes\u00edtm\u00e9nyemet ny\u00fajthassam, biztos vagyok benne, hogy nem ezt gondoln\u00e1k.\u201d<\/em><\/p>\n<p>Persze az is szerepet j\u00e1tszhat Eddy \u00e9s Alex Merckx felh\u00e1borod\u00e1s\u00e1ban, hogy Ewan \u00e9pp a verseny els\u0151 igazi akad\u00e1lya, egy m\u00e1sodik kateg\u00f3ri\u00e1s m\u00e1sz\u00e1s el\u0151tt sz\u00e1llt ki. Lehet, hogy azt gondolt\u00e1k, ha valaki el\u00e9g gyors ahhoz, hogy sprint-szakaszt nyerjen, akkor ahhoz is el\u00e9g fitt, hogy t\u00fal\u00e9lje a hegyi etapokat.<\/p>\n<div class=\"embed-controller-wrapper\">\n<blockquote class=\"twitter-tweet\" data-width=\"500\" data-dnt=\"true\">\n<p lang=\"en\" dir=\"ltr\">Just a short message on my departure from the giro <a href=\"https:\/\/t.co\/AwSR8AAN01\">pic.twitter.com\/AwSR8AAN01<\/a><\/p>\n<p>&mdash; Caleb Ewan (@CalebEwan) <a href=\"https:\/\/twitter.com\/CalebEwan\/status\/1394254996854738944?ref_src=twsrc%5Etfw\">May 17, 2021<\/a><\/p><\/blockquote>\n<p><script async data-src=\"https:\/\/platform.twitter.com\/widgets.js\" charset=\"utf-8\"><\/script><\/div>\n<p>Elavult hozz\u00e1\u00e1ll\u00e1s? V\u00e9g\u00fclis ma m\u00e1r sok sprintert fizetnek az\u00e9rt, hogy szakaszt nyerjenek majd kisz\u00e1lljanak, ha az eg\u00e9sz versenyt irre\u00e1lis vagy fizikailag t\u00fals\u00e1gosan megterhel\u0151 lenne teljes\u00edteni\u00fck.<\/p>\n<p>J\u00f3 p\u00e9lda erre Mario Cippolini, aki 12 etapot nyert meg a Tour de France-en \u00e9s h\u00e1rmat a Vuelt\u00e1n, de egyik versenyt sem fejezte be. Biztosan \u0151 is rengeteg ker\u00e9kp\u00e1rost d\u00fch\u00edtett fel azzal, hogy m\u00e9g a hegyi szakaszok el\u0151tt kisz\u00e1llt \u00e9s tengerparton hever\u00e9sz\u0151 fot\u00f3kat osztott meg, mik\u00f6zben versenyt\u00e1rsai az emelked\u0151kkel k\u00fczd\u00f6ttek.<\/p>\n<p>Furcsa m\u00f3don, ahhoz el\u00e9g ereje volt, hogy a Giro-n \u00f6sszesen 42 szakaszgy\u0151zelmet arasson \u00e9s n\u00e9gyszer teljes\u00edtse a versenyt.<\/p>\n<p>De tal\u00e1n Merckx azt sem tudta, hogy Ewan milyen magaslatokra t\u00f6rekszik: az idei szezonban, amellett, hogy mindh\u00e1rom Grand Tour-on szakaszgy\u0151zelemre v\u00e1gyik, a Tour de France z\u00f6ld trik\u00f3j\u00e1\u00e9rt is indulni fog.<\/p>\n<figure id=\"attachment_11779\" aria-describedby=\"caption-attachment-11779\" style=\"width: 1024px\" class=\"wp-caption alignnone\"><a href=\"https:\/\/d2p6e6u75xmxt8.cloudfront.net\/2\/2021\/06\/Caleb-Ewan-profimedia-0610866276.jpg\"><img loading=\"lazy\" decoding=\"async\" class=\"wp-image-11779 size-large\" src=\"https:\/\/d2p6e6u75xmxt8.cloudfront.net\/12\/2021\/06\/Caleb-Ewan-profimedia-0610866276-1024x682.jpg\" alt=\"Caleb Ewan\" width=\"1024\" height=\"682\" srcset=\"https:\/\/d2p6e6u75xmxt8.cloudfront.net\/12\/2021\/06\/Caleb-Ewan-profimedia-0610866276-1024x682.jpg 1024w, https:\/\/d2p6e6u75xmxt8.cloudfront.net\/12\/2021\/06\/Caleb-Ewan-profimedia-0610866276-300x200.jpg 300w, https:\/\/d2p6e6u75xmxt8.cloudfront.net\/12\/2021\/06\/Caleb-Ewan-profimedia-0610866276-768x512.jpg 768w, https:\/\/d2p6e6u75xmxt8.cloudfront.net\/12\/2021\/06\/Caleb-Ewan-profimedia-0610866276-272x182.jpg 272w, https:\/\/d2p6e6u75xmxt8.cloudfront.net\/12\/2021\/06\/Caleb-Ewan-profimedia-0610866276.jpg 1250w\" sizes=\"auto, (max-width: 1024px) 100vw, 1024px\" \/><\/a><figcaption id=\"caption-attachment-11779\" class=\"wp-caption-text\"><em>Ewan sok kritik\u00e1t kapott. \u00a9 Profimedia<\/em><\/figcaption><\/figure>\n<p><em>\u00a0\u201eAz idei Tour t\u00f6bb lehet\u0151s\u00e9get k\u00edn\u00e1l a sprinterek sz\u00e1m\u00e1ra, mint kor\u00e1bban \u00e9s ez nekem is egy j\u00f3 alkalom lehet, hogy induljak a z\u00f6ld mez\u00e9rt. Kor\u00e1bban csak a szakaszgy\u0151zelmeket t\u0171ztem ki c\u00e9lul.\u201d<\/em><\/p>\n<p>Ha val\u00f3ban indul a z\u00f6ld trik\u00f3\u00e9rt \u00e9s be is fejezi a versenyt, az biztosan megf\u0171szerezi a szezonj\u00e1t, \u00e9s f\u00e9nyesebb\u00e9 teszi a kit\u0171z\u00f6tt szakaszgy\u0151zelmeket.<\/p>\n<p>\u00c9s ami m\u00e9g izgalmasabb\u00e1 teszi az idei csat\u00e1t a z\u00f6ld trik\u00f3\u00e9t, hogy Ewannak a tavalyi gyorsas\u00e1gi men\u0151vel, Sam Bennettel \u00e9s az \u00fajra form\u00e1ban l\u00e9v\u0151, h\u00e9tszeres sprinter bajnokkal, Peter Sagannal is meg kell \u00e9rte k\u00fczdenie.<\/p>\n","protected":false},"excerpt":{"rendered":"<p>Amikor az ausztr\u00e1l sprinter, Caleb Ewan a nyolcadik szakasz sor\u00e1n t\u00e9rdf\u00e1jdalmak miatt kiesett a Giro d&#8217;Italia-b\u00f3l, Eddy Merckx azonnal lecsapott [&hellip;]<\/p>\n","protected":false},"author":71,"featured_media":11781,"comment_status":"open","ping_status":"open","sticky":false,"template":"","format":"standard","meta":{"footnotes":""},"categories":[8],"tags":[],"global-categories":[],"class_list":["post-11776","post","type-post","status-publish","format-standard","has-post-thumbnail","hentry","category-orszaguti-kerekpar"],"yoast_head":"<!-- This site is optimized with the Yoast SEO Premium plugin v25.3 (Yoast SEO v25.9) - https:\/\/yoast.com\/wordpress\/plugins\/seo\/ -->\n<title>Caben Ewan a kritik\u00e1k ellen\u00e9re magasra t\u00f6rekszik - We Love Cycling<\/title>\n<meta name=\"description\" content=\"Amikor az ausztr\u00e1l sprinter, Caleb Ewan a nyolcadik szakasz sor\u00e1n t\u00e9rdf\u00e1jdalmak miatt kiesett a Giro d&#039;Italia-b\u00f3l, Eddy Merckx azonnal lecsapott r\u00e1.\" \/>\n<meta name=\"robots\" content=\"index, follow, max-snippet:-1, max-image-preview:large, max-video-preview:-1\" \/>\n<link rel=\"canonical\" href=\"https:\/\/www.welovecycling.com\/hu\/orszaguti-kerekpar\/caben-ewan-a-kritikak-ellenere-magasra-torekszik\/\" \/>\n<meta property=\"og:locale\" content=\"hu_HU\" \/>\n<meta property=\"og:type\" content=\"article\" \/>\n<meta property=\"og:title\" content=\"Caben Ewan a kritik\u00e1k ellen\u00e9re magasra t\u00f6rekszik\" \/>\n<meta property=\"og:description\" content=\"Amikor az ausztr\u00e1l sprinter, Caleb Ewan a nyolcadik szakasz sor\u00e1n t\u00e9rdf\u00e1jdalmak miatt kiesett a Giro d&#039;Italia-b\u00f3l, Eddy Merckx azonnal lecsapott r\u00e1.\" \/>\n<meta property=\"og:url\" content=\"https:\/\/www.welovecycling.com\/hu\/orszaguti-kerekpar\/caben-ewan-a-kritikak-ellenere-magasra-torekszik\/\" \/>\n<meta property=\"og:site_name\" content=\"\u0160koda We Love Cycling - Magyarorsz\u00e1g\" \/>\n<meta property=\"article:publisher\" content=\"https:\/\/www.facebook.com\/WeLoveCyclingHungary\/\" \/>\n<meta property=\"article:published_time\" content=\"2021-06-21T06:00:30+00:00\" \/>\n<meta property=\"og:image\" content=\"https:\/\/d2p6e6u75xmxt8.cloudfront.net\/12\/2021\/06\/Caleb-Ewan-profimedia-0610917228-CVR.jpg\" \/>\n\t<meta property=\"og:image:width\" content=\"1366\" \/>\n\t<meta property=\"og:image:height\" content=\"600\" \/>\n\t<meta property=\"og:image:type\" content=\"image\/jpeg\" \/>\n<meta name=\"author\" content=\"hegyizs\" \/>\n<meta name=\"twitter:card\" content=\"summary_large_image\" \/>\n<meta name=\"twitter:label1\" content=\"Written by\" \/>\n\t<meta name=\"twitter:data1\" content=\"Siegfried Mortkowitz\" \/>\n\t<meta name=\"twitter:label2\" content=\"Est. reading time\" \/>\n\t<meta name=\"twitter:data2\" content=\"5\" \/>\n<script type=\"application\/ld+json\" class=\"yoast-schema-graph\">{\"@context\":\"https:\/\/schema.org\",\"@graph\":[{\"@type\":\"WebPage\",\"@id\":\"https:\/\/www.welovecycling.com\/hu\/orszaguti-kerekpar\/caben-ewan-a-kritikak-ellenere-magasra-torekszik\/\",\"url\":\"https:\/\/www.welovecycling.com\/hu\/orszaguti-kerekpar\/caben-ewan-a-kritikak-ellenere-magasra-torekszik\/\",\"name\":\"Caben Ewan a kritik\u00e1k ellen\u00e9re magasra t\u00f6rekszik - We Love Cycling\",\"isPartOf\":{\"@id\":\"https:\/\/www.welovecycling.com\/hu\/#website\"},\"primaryImageOfPage\":{\"@id\":\"https:\/\/www.welovecycling.com\/hu\/orszaguti-kerekpar\/caben-ewan-a-kritikak-ellenere-magasra-torekszik\/#primaryimage\"},\"image\":{\"@id\":\"https:\/\/www.welovecycling.com\/hu\/orszaguti-kerekpar\/caben-ewan-a-kritikak-ellenere-magasra-torekszik\/#primaryimage\"},\"thumbnailUrl\":\"https:\/\/d2p6e6u75xmxt8.cloudfront.net\/12\/2021\/06\/Caleb-Ewan-profimedia-0610917228-CVR.jpg\",\"datePublished\":\"2021-06-21T06:00:30+00:00\",\"author\":{\"@id\":\"https:\/\/www.welovecycling.com\/hu\/#\/schema\/person\/414a2aebf1801691a5320edb6468e194\"},\"description\":\"Amikor az ausztr\u00e1l sprinter, Caleb Ewan a nyolcadik szakasz sor\u00e1n t\u00e9rdf\u00e1jdalmak miatt kiesett a Giro d'Italia-b\u00f3l, Eddy Merckx azonnal lecsapott r\u00e1.\",\"breadcrumb\":{\"@id\":\"https:\/\/www.welovecycling.com\/hu\/orszaguti-kerekpar\/caben-ewan-a-kritikak-ellenere-magasra-torekszik\/#breadcrumb\"},\"inLanguage\":\"hu\",\"potentialAction\":[{\"@type\":\"ReadAction\",\"target\":[\"https:\/\/www.welovecycling.com\/hu\/orszaguti-kerekpar\/caben-ewan-a-kritikak-ellenere-magasra-torekszik\/\"]}]},{\"@type\":\"ImageObject\",\"inLanguage\":\"hu\",\"@id\":\"https:\/\/www.welovecycling.com\/hu\/orszaguti-kerekpar\/caben-ewan-a-kritikak-ellenere-magasra-torekszik\/#primaryimage\",\"url\":\"https:\/\/d2p6e6u75xmxt8.cloudfront.net\/12\/2021\/06\/Caleb-Ewan-profimedia-0610917228-CVR.jpg\",\"contentUrl\":\"https:\/\/d2p6e6u75xmxt8.cloudfront.net\/12\/2021\/06\/Caleb-Ewan-profimedia-0610917228-CVR.jpg\",\"width\":1366,\"height\":600,\"caption\":\"Caleb Ewan\"},{\"@type\":\"BreadcrumbList\",\"@id\":\"https:\/\/www.welovecycling.com\/hu\/orszaguti-kerekpar\/caben-ewan-a-kritikak-ellenere-magasra-torekszik\/#breadcrumb\",\"itemListElement\":[{\"@type\":\"ListItem\",\"position\":1,\"name\":\"Home\",\"item\":\"https:\/\/www.welovecycling.com\/hu\/\"},{\"@type\":\"ListItem\",\"position\":2,\"name\":\"Caben Ewan a kritik\u00e1k ellen\u00e9re magasra t\u00f6rekszik\"}]},{\"@type\":\"WebSite\",\"@id\":\"https:\/\/www.welovecycling.com\/hu\/#website\",\"url\":\"https:\/\/www.welovecycling.com\/hu\/\",\"name\":\"\u0160koda We Love Cycling - Magyarorsz\u00e1g\",\"description\":\"\u0160koda WeLoveCycling\",\"potentialAction\":[{\"@type\":\"SearchAction\",\"target\":{\"@type\":\"EntryPoint\",\"urlTemplate\":\"https:\/\/www.welovecycling.com\/hu\/?s={search_term_string}\"},\"query-input\":{\"@type\":\"PropertyValueSpecification\",\"valueRequired\":true,\"valueName\":\"search_term_string\"}}],\"inLanguage\":\"hu\"},{\"@type\":\"Person\",\"@id\":\"https:\/\/www.welovecycling.com\/hu\/#\/schema\/person\/414a2aebf1801691a5320edb6468e194\",\"name\":\"hegyizs\",\"image\":{\"@type\":\"ImageObject\",\"inLanguage\":\"hu\",\"@id\":\"https:\/\/www.welovecycling.com\/hu\/#\/schema\/person\/image\/\",\"url\":\"https:\/\/secure.gravatar.com\/avatar\/02cf8a7906b8cf90cecb4679defac7cfd33a1c2e3b88e4903d947f3bb58eedd3?s=96&d=mm&r=g\",\"contentUrl\":\"https:\/\/secure.gravatar.com\/avatar\/02cf8a7906b8cf90cecb4679defac7cfd33a1c2e3b88e4903d947f3bb58eedd3?s=96&d=mm&r=g\",\"caption\":\"hegyizs\"},\"url\":\"https:\/\/www.welovecycling.com\/hu\/author\/hegyizs\/\"}]}<\/script>\n<!-- \/ Yoast SEO Premium plugin. -->","yoast_head_json":{"title":"Caben Ewan a kritik\u00e1k ellen\u00e9re magasra t\u00f6rekszik - We Love Cycling","description":"Amikor az ausztr\u00e1l sprinter, Caleb Ewan a nyolcadik szakasz sor\u00e1n t\u00e9rdf\u00e1jdalmak miatt kiesett a Giro d'Italia-b\u00f3l, Eddy Merckx azonnal lecsapott r\u00e1.","robots":{"index":"index","follow":"follow","max-snippet":"max-snippet:-1","max-image-preview":"max-image-preview:large","max-video-preview":"max-video-preview:-1"},"canonical":"https:\/\/www.welovecycling.com\/hu\/orszaguti-kerekpar\/caben-ewan-a-kritikak-ellenere-magasra-torekszik\/","og_locale":"hu_HU","og_type":"article","og_title":"Caben Ewan a kritik\u00e1k ellen\u00e9re magasra t\u00f6rekszik","og_description":"Amikor az ausztr\u00e1l sprinter, Caleb Ewan a nyolcadik szakasz sor\u00e1n t\u00e9rdf\u00e1jdalmak miatt kiesett a Giro d'Italia-b\u00f3l, Eddy Merckx azonnal lecsapott r\u00e1.","og_url":"https:\/\/www.welovecycling.com\/hu\/orszaguti-kerekpar\/caben-ewan-a-kritikak-ellenere-magasra-torekszik\/","og_site_name":"\u0160koda We Love Cycling - Magyarorsz\u00e1g","article_publisher":"https:\/\/www.facebook.com\/WeLoveCyclingHungary\/","article_published_time":"2021-06-21T06:00:30+00:00","og_image":[{"width":1366,"height":600,"url":"https:\/\/d2p6e6u75xmxt8.cloudfront.net\/12\/2021\/06\/Caleb-Ewan-profimedia-0610917228-CVR.jpg","type":"image\/jpeg"}],"author":"hegyizs","twitter_card":"summary_large_image","twitter_misc":{"Written by":"Siegfried Mortkowitz","Est. reading time":"5"},"schema":{"@context":"https:\/\/schema.org","@graph":[{"@type":"WebPage","@id":"https:\/\/www.welovecycling.com\/hu\/orszaguti-kerekpar\/caben-ewan-a-kritikak-ellenere-magasra-torekszik\/","url":"https:\/\/www.welovecycling.com\/hu\/orszaguti-kerekpar\/caben-ewan-a-kritikak-ellenere-magasra-torekszik\/","name":"Caben Ewan a kritik\u00e1k ellen\u00e9re magasra t\u00f6rekszik - We Love Cycling","isPartOf":{"@id":"https:\/\/www.welovecycling.com\/hu\/#website"},"primaryImageOfPage":{"@id":"https:\/\/www.welovecycling.com\/hu\/orszaguti-kerekpar\/caben-ewan-a-kritikak-ellenere-magasra-torekszik\/#primaryimage"},"image":{"@id":"https:\/\/www.welovecycling.com\/hu\/orszaguti-kerekpar\/caben-ewan-a-kritikak-ellenere-magasra-torekszik\/#primaryimage"},"thumbnailUrl":"https:\/\/d2p6e6u75xmxt8.cloudfront.net\/12\/2021\/06\/Caleb-Ewan-profimedia-0610917228-CVR.jpg","datePublished":"2021-06-21T06:00:30+00:00","author":{"@id":"https:\/\/www.welovecycling.com\/hu\/#\/schema\/person\/414a2aebf1801691a5320edb6468e194"},"description":"Amikor az ausztr\u00e1l sprinter, Caleb Ewan a nyolcadik szakasz sor\u00e1n t\u00e9rdf\u00e1jdalmak miatt kiesett a Giro d'Italia-b\u00f3l, Eddy Merckx azonnal lecsapott r\u00e1.","breadcrumb":{"@id":"https:\/\/www.welovecycling.com\/hu\/orszaguti-kerekpar\/caben-ewan-a-kritikak-ellenere-magasra-torekszik\/#breadcrumb"},"inLanguage":"hu","potentialAction":[{"@type":"ReadAction","target":["https:\/\/www.welovecycling.com\/hu\/orszaguti-kerekpar\/caben-ewan-a-kritikak-ellenere-magasra-torekszik\/"]}]},{"@type":"ImageObject","inLanguage":"hu","@id":"https:\/\/www.welovecycling.com\/hu\/orszaguti-kerekpar\/caben-ewan-a-kritikak-ellenere-magasra-torekszik\/#primaryimage","url":"https:\/\/d2p6e6u75xmxt8.cloudfront.net\/12\/2021\/06\/Caleb-Ewan-profimedia-0610917228-CVR.jpg","contentUrl":"https:\/\/d2p6e6u75xmxt8.cloudfront.net\/12\/2021\/06\/Caleb-Ewan-profimedia-0610917228-CVR.jpg","width":1366,"height":600,"caption":"Caleb Ewan"},{"@type":"BreadcrumbList","@id":"https:\/\/www.welovecycling.com\/hu\/orszaguti-kerekpar\/caben-ewan-a-kritikak-ellenere-magasra-torekszik\/#breadcrumb","itemListElement":[{"@type":"ListItem","position":1,"name":"Home","item":"https:\/\/www.welovecycling.com\/hu\/"},{"@type":"ListItem","position":2,"name":"Caben Ewan a kritik\u00e1k ellen\u00e9re magasra t\u00f6rekszik"}]},{"@type":"WebSite","@id":"https:\/\/www.welovecycling.com\/hu\/#website","url":"https:\/\/www.welovecycling.com\/hu\/","name":"\u0160koda We Love Cycling - Magyarorsz\u00e1g","description":"\u0160koda WeLoveCycling","potentialAction":[{"@type":"SearchAction","target":{"@type":"EntryPoint","urlTemplate":"https:\/\/www.welovecycling.com\/hu\/?s={search_term_string}"},"query-input":{"@type":"PropertyValueSpecification","valueRequired":true,"valueName":"search_term_string"}}],"inLanguage":"hu"},{"@type":"Person","@id":"https:\/\/www.welovecycling.com\/hu\/#\/schema\/person\/414a2aebf1801691a5320edb6468e194","name":"hegyizs","image":{"@type":"ImageObject","inLanguage":"hu","@id":"https:\/\/www.welovecycling.com\/hu\/#\/schema\/person\/image\/","url":"https:\/\/secure.gravatar.com\/avatar\/02cf8a7906b8cf90cecb4679defac7cfd33a1c2e3b88e4903d947f3bb58eedd3?s=96&d=mm&r=g","contentUrl":"https:\/\/secure.gravatar.com\/avatar\/02cf8a7906b8cf90cecb4679defac7cfd33a1c2e3b88e4903d947f3bb58eedd3?s=96&d=mm&r=g","caption":"hegyizs"},"url":"https:\/\/www.welovecycling.com\/hu\/author\/hegyizs\/"}]}},"_links":{"self":[{"href":"https:\/\/www.welovecycling.com\/hu\/wp-json\/wp\/v2\/posts\/11776","targetHints":{"allow":["GET"]}}],"collection":[{"href":"https:\/\/www.welovecycling.com\/hu\/wp-json\/wp\/v2\/posts"}],"about":[{"href":"https:\/\/www.welovecycling.com\/hu\/wp-json\/wp\/v2\/types\/post"}],"author":[{"embeddable":true,"href":"https:\/\/www.welovecycling.com\/hu\/wp-json\/wp\/v2\/users\/71"}],"replies":[{"embeddable":true,"href":"https:\/\/www.welovecycling.com\/hu\/wp-json\/wp\/v2\/comments?post=11776"}],"version-history":[{"count":2,"href":"https:\/\/www.welovecycling.com\/hu\/wp-json\/wp\/v2\/posts\/11776\/revisions"}],"predecessor-version":[{"id":11782,"href":"https:\/\/www.welovecycling.com\/hu\/wp-json\/wp\/v2\/posts\/11776\/revisions\/11782"}],"wp:featuredmedia":[{"embeddable":true,"href":"https:\/\/www.welovecycling.com\/hu\/wp-json\/wp\/v2\/media\/11781"}],"wp:attachment":[{"href":"https:\/\/www.welovecycling.com\/hu\/wp-json\/wp\/v2\/media?parent=11776"}],"wp:term":[{"taxonomy":"category","embeddable":true,"href":"https:\/\/www.welovecycling.com\/hu\/wp-json\/wp\/v2\/categories?post=11776"},{"taxonomy":"post_tag","embeddable":true,"href":"https:\/\/www.welovecycling.com\/hu\/wp-json\/wp\/v2\/tags?post=11776"},{"taxonomy":"global-categories","embeddable":true,"href":"https:\/\/www.welovecycling.com\/hu\/wp-json\/wp\/v2\/global-categories?post=11776"}],"curies":[{"name":"wp","href":"https:\/\/api.w.org\/{rel}","templated":true}]}}