{"id":11766,"date":"2021-06-25T13:00:00","date_gmt":"2021-06-25T11:00:00","guid":{"rendered":"https:\/\/www.welovecycling.com\/hu\/?p=11766"},"modified":"2021-06-18T11:18:10","modified_gmt":"2021-06-18T09:18:10","slug":"tour-de-france-tenyek-es-adatok-nem-csak-kezdo-szurkoloknak","status":"publish","type":"post","link":"https:\/\/www.welovecycling.com\/hu\/tour-de-france\/tour-de-france-tenyek-es-adatok-nem-csak-kezdo-szurkoloknak\/","title":{"rendered":"Tour de France t\u00e9nyek \u00e9s adatok, nem csak kezd\u0151 szurkol\u00f3knak"},"content":{"rendered":"<p><strong>Holnap rajtol a 2021-es TdF, az elit ker\u00e9kp\u00e1ros versenyek kir\u00e1lya. Ahogy a neve is sugallja, ez val\u00f3ban egy franciaorsz\u00e1gi k\u00f6r\u00fat, ami a legr\u00e9gebbi \u00e9s legh\u00edresebb sportesem\u00e9ny a vil\u00e1gon! \u00d6sszegy\u0171jt\u00f6tt\u00fck a legfontosabb \u00e9s leg\u00e9rdekesebb statisztik\u00e1kat \u00e9s t\u00e9nyeket, amiket minden szurkol\u00f3nak ismernie kell.<\/strong><!--more--><\/p>\n<h2><strong>Az alapok<\/strong><\/h2>\n<p><img loading=\"lazy\" decoding=\"async\" class=\"alignnone size-full wp-image-11768\" src=\"https:\/\/d2p6e6u75xmxt8.cloudfront.net\/12\/2021\/06\/18-foto-az-elso-tour-de-francerol-07.jpg\" alt=\"\" width=\"640\" height=\"445\" srcset=\"https:\/\/d2p6e6u75xmxt8.cloudfront.net\/12\/2021\/06\/18-foto-az-elso-tour-de-francerol-07.jpg 640w, https:\/\/d2p6e6u75xmxt8.cloudfront.net\/12\/2021\/06\/18-foto-az-elso-tour-de-francerol-07-300x209.jpg 300w\" sizes=\"auto, (max-width: 640px) 100vw, 640px\" \/><br \/>\n<a href=\"https:\/\/www.welovecycling.com\/hu\/tour-de-france\/a-legelso-tour-de-france\/\">Az els\u0151 versenyt 1903-ban rendezt\u00e9k meg<\/a>, Henri Desgrange, az L\u2019Auto \u00fajs\u00e1g szerkeszt\u0151je, \u00e9s Geo Lefevre, \u00fajs\u00e1g\u00edr\u00f3 j\u00f3volt\u00e1b\u00f3l. Hatvan ker\u00e9kp\u00e1ros tette meg a 2400 km-es \u00fatvonalat, ami v\u00e9g\u00e9n 20000 frank v\u00e1rta a nyertest.<\/p>\n<p>A verseny 21 szakaszb\u00f3l \u00e1ll. Ezek hossza \u00e9s neh\u00e9zs\u00e9ge v\u00e1ltoz\u00f3, de minden \u00e9vben vannak s\u00edk \u00e9s hegyi szakaszok, illetve id\u0151futamok. Id\u00e9n az \u00f6sszt\u00e1v 3383 km lesz, az \u00fatvonalr\u00f3l <u>itt<\/u> \u00edrunk r\u00e9szletesebben.<\/p>\n<p>Minden \u00e9vben 22 csapat indul, \u00edgy a teljes l\u00e9tsz\u00e1m maximum 198 f\u0151. Minden csapatnak van egy vezet\u0151je, a t\u00f6bbiek neki seg\u00edtenek a verseny sor\u00e1n: megv\u00e9dik a sz\u00e9lt\u0151l, \u00e1tadj\u00e1k neki a vizet \u00e9s az \u00e9telt, s\u0151t, k\u00f6lcs\u00f6nadj\u00e1k nekik a biciklij\u00fcket is, ha kell.<\/p>\n<p>A Grand Depart mindig m\u00e1s helysz\u00ednr\u0151l \u2013 sokszor nem is Franciaorsz\u00e1gb\u00f3l &#8211; indul, de az utols\u00f3 befut\u00f3 mindig P\u00e1rizs. Az eddigi leggyakoribb rajt Hollandi\u00e1ban val\u00f3sult meg, \u00f6sszesen hatszor.<\/p>\n<h2><strong>T\u00f6rt\u00e9nelem<\/strong><\/h2>\n<p><a href=\"https:\/\/d2p6e6u75xmxt8.cloudfront.net\/12\/2021\/06\/drinking-beer-tour-de-france.jpg\"><img loading=\"lazy\" decoding=\"async\" class=\"alignnone size-full wp-image-11769\" src=\"https:\/\/d2p6e6u75xmxt8.cloudfront.net\/12\/2021\/06\/drinking-beer-tour-de-france.jpg\" alt=\"\" width=\"500\" height=\"661\" srcset=\"https:\/\/d2p6e6u75xmxt8.cloudfront.net\/12\/2021\/06\/drinking-beer-tour-de-france.jpg 500w, https:\/\/d2p6e6u75xmxt8.cloudfront.net\/12\/2021\/06\/drinking-beer-tour-de-france-227x300.jpg 227w\" sizes=\"auto, (max-width: 500px) 100vw, 500px\" \/><\/a><\/p>\n<p>Az eddigi leghosszabb \u00fatvonal 5745 kilom\u00e9teres volt. Az 1910-es, 1920-as \u00e9vekben nem volt egyed\u00fcl\u00e1ll\u00f3 az 5000 km-n\u00e9l is hosszabb verseny, a rekord azonban az 1926-os Tour lett, amit a belga Lucien Buysse nyert meg.<\/p>\n<p>Az els\u0151 hegyi szakaszok csak 1910-ben lettek az \u00fatvonal r\u00e9szei. Ekkor d\u00f6nt\u00f6tt \u00fagy a L\u2019Auto \u00fajs\u00e1g\u00edr\u00f3ja, Alphonse Steines, hogy m\u00e9g monument\u00e1lisabb\u00e1 teszi a versenyt. A kin\u00e9zett hegycs\u00facsokat \u0151 ellen\u0151rizte le: elt\u00e9vedt \u00e9s hypotermi\u00e1s sokkot kapott, de az\u00e9rt vissza\u00fczent szervez\u0151t\u00e1rs\u00e1nak, hogy minden rendben, az \u00fat j\u00e1rhat\u00f3. Err\u0151l a kalandr\u00f3l <a href=\"https:\/\/www.welovecycling.com\/hu\/orszaguti-kerekpar\/keszen-alltak-az-1910-es-tour-versenyzoi-a-pireneusokra\/\">itt olvashatsz b\u0151vebben.<\/a><\/p>\n<p>Eg\u00e9szen 1960-ig jelen volt az alkohol, mint stimul\u00e1ns. A versenyz\u0151k sokszor meg\u00e1lltak egy-egy kocsm\u00e1ban, hogy megigyanak n\u00e9h\u00e1ny s\u00f6rt. 1935-ben p\u00e9ld\u00e1ul a teljes mez\u0151ny meg\u00e1llt egy italra, kiv\u00e9ve Julien Moineau-t, aki meg is nyerte a versenyt. Az 1920-as \u00e9vekben pedig m\u00e9g doh\u00e1nyoztak is a Tour r\u00e9sztvev\u0151i, mondv\u00e1n, hogy seg\u00edt \u201emegnyitni a t\u00fcd\u0151t.\u201d<\/p>\n<p>1989-ben Greg LeMond mind\u00f6ssze 8 m\u00e1sodperccel hagyta le a m\u00e1sodik helyezettet, a k\u00e9tszeres bajnok Laurent Fignont. Sokan Fignon l\u00f3fark\u00e1t hib\u00e1ztatj\u00e1k a t\u00f6rt\u00e9netek\u00e9rt. Ez a 8 m\u00e1sodperc volt a legkisebb k\u00fcl\u00f6nbs\u00e9g az els\u0151 k\u00e9t befut\u00f3 k\u00f6z\u00f6tt, a legnagyobb pedig 2 \u00f3ra 49 perc \u00e9s 45 m\u00e1sodperc, 1903-ban.<\/p>\n<p>Az eddigi leggyorsabb versenyz\u0151 Ivan Basso, aki 2005-ben 41,654 km\/\u00f3r\u00e1s \u00e1tlagsebess\u00e9ggel szelte \u00e1t az \u00fatvonalat. A t\u00f6rt\u00e9nethez hozz\u00e1tartozik, hogy Basso csak m\u00e1sodik lett Lance Armstrong m\u00f6g\u00f6tt, aki 41,7 km\/\u00f3r\u00e1s sebess\u00e9get \u00e9rt el, de \u0151t kiz\u00e1rt\u00e1k a versenyb\u0151l.<\/p>\n<h2><strong>Versenyz\u0151k<\/strong><\/h2>\n<p><a href=\"https:\/\/d2p6e6u75xmxt8.cloudfront.net\/12\/2021\/06\/eddy-merckx-1971-profimedia-0068194472-CVR-1024x450-1.jpg\"><img loading=\"lazy\" decoding=\"async\" class=\"alignnone size-full wp-image-11770\" src=\"https:\/\/d2p6e6u75xmxt8.cloudfront.net\/12\/2021\/06\/eddy-merckx-1971-profimedia-0068194472-CVR-1024x450-1.jpg\" alt=\"\" width=\"1024\" height=\"450\" srcset=\"https:\/\/d2p6e6u75xmxt8.cloudfront.net\/12\/2021\/06\/eddy-merckx-1971-profimedia-0068194472-CVR-1024x450-1.jpg 1024w, https:\/\/d2p6e6u75xmxt8.cloudfront.net\/12\/2021\/06\/eddy-merckx-1971-profimedia-0068194472-CVR-1024x450-1-300x132.jpg 300w, https:\/\/d2p6e6u75xmxt8.cloudfront.net\/12\/2021\/06\/eddy-merckx-1971-profimedia-0068194472-CVR-1024x450-1-768x338.jpg 768w\" sizes=\"auto, (max-width: 1024px) 100vw, 1024px\" \/><\/a><\/p>\n<p>\u00c1tlagosan egy versenyz\u0151 126.000 kal\u00f3ri\u00e1t \u00e9get el a Tour alatt. K\u00f6r\u00fclbel\u00fcl 5000-re van sz\u00fcks\u00e9ge s\u00edk szakaszokon \u00e9s 7000-re a hegyi etapokon. Emellett 10 liter vizet is megisznak, naponta.<\/p>\n<p>Eddig n\u00e9gyen nyert\u00e9k meg \u00f6t alkalommal a versenyt: Jacques Anquetil, Eddy Merckx, Bernard Hinault \u00e9s Miguel Indurain. Enn\u00e9l t\u00f6bbsz\u00f6r csak Lance Armstrong gy\u0151z\u00f6tt, de t\u0151le mind a h\u00e9t gy\u0151zelmet visszavont\u00e1k.<\/p>\n<p>Szint\u00e9n <a href=\"https:\/\/www.welovecycling.com\/hu\/orszaguti-kerekpar\/merckx-a-vilag-ellen-kuzdelem-az-1971-es-tdf-en\/\">Eddy Merckx<\/a> b\u00fcszk\u00e9lkedhet a legt\u00f6bb szakaszgy\u0151zelemmel \u00e9s \u0151 viselte legt\u00f6bbsz\u00f6r a s\u00e1rga trik\u00f3t is.<\/p>\n<p>1919-ben mind\u00f6ssze 10-en indultak a versenyen. Ennek oka a vil\u00e1gh\u00e1bor\u00fa okozta rossz \u00fatviszonyok lehettek.<\/p>\n<p>Nyugalomban k\u00f6r\u00fclbel\u00fcl 42 bpm-el ver egy \u00e1tlagos versenyz\u0151 sz\u00edve. Ez a sz\u00e1m egy civil eset\u00e9ben 60 \u00e9s 100 k\u00f6z\u00f6tt van.<\/p>\n<p><em>Forr\u00e1s: <\/em><a href=\"https:\/\/playtoday.co\/blog\/stats\/tour-de-france-facts\/\"><em>playtoday.co<\/em><\/a><\/p>\n","protected":false},"excerpt":{"rendered":"<p>Holnap rajtol a 2021-es TdF, az elit ker\u00e9kp\u00e1ros versenyek kir\u00e1lya. Ahogy a neve is sugallja, ez val\u00f3ban egy franciaorsz\u00e1gi k\u00f6r\u00fat, [&hellip;]<\/p>\n","protected":false},"author":71,"featured_media":11767,"comment_status":"closed","ping_status":"closed","sticky":false,"template":"","format":"standard","meta":{"footnotes":""},"categories":[96],"tags":[],"global-categories":[],"class_list":["post-11766","post","type-post","status-publish","format-standard","has-post-thumbnail","hentry","category-tour-de-france"],"yoast_head":"<!-- This site is optimized with the Yoast SEO Premium plugin v25.3 (Yoast SEO v25.9) - https:\/\/yoast.com\/wordpress\/plugins\/seo\/ -->\n<title>Tour de France t\u00e9nyek \u00e9s adatok, nem csak kezd\u0151 szurkol\u00f3knak<\/title>\n<meta name=\"description\" content=\"Holnap rajtol a 2021-es TdF, az elit ker\u00e9kp\u00e1ros versenyek kir\u00e1lya. Ahogy a neve is sugallja, ez val\u00f3ban egy franciaorsz\u00e1gi k\u00f6r\u00fat, ami a legr\u00e9gebbi \u00e9s legh\u00edresebb sportesem\u00e9ny a vil\u00e1gon!\" \/>\n<meta name=\"robots\" content=\"index, follow, max-snippet:-1, max-image-preview:large, max-video-preview:-1\" \/>\n<link rel=\"canonical\" href=\"https:\/\/www.welovecycling.com\/hu\/tour-de-france\/tour-de-france-tenyek-es-adatok-nem-csak-kezdo-szurkoloknak\/\" \/>\n<meta property=\"og:locale\" content=\"hu_HU\" \/>\n<meta property=\"og:type\" content=\"article\" \/>\n<meta property=\"og:title\" content=\"Tour de France t\u00e9nyek \u00e9s adatok, nem csak kezd\u0151 szurkol\u00f3knak\" \/>\n<meta property=\"og:description\" content=\"Holnap rajtol a 2021-es TdF, az elit ker\u00e9kp\u00e1ros versenyek kir\u00e1lya. Ahogy a neve is sugallja, ez val\u00f3ban egy franciaorsz\u00e1gi k\u00f6r\u00fat, ami a legr\u00e9gebbi \u00e9s legh\u00edresebb sportesem\u00e9ny a vil\u00e1gon!\" \/>\n<meta property=\"og:url\" content=\"https:\/\/www.welovecycling.com\/hu\/tour-de-france\/tour-de-france-tenyek-es-adatok-nem-csak-kezdo-szurkoloknak\/\" \/>\n<meta property=\"og:site_name\" content=\"\u0160koda We Love Cycling - Magyarorsz\u00e1g\" \/>\n<meta property=\"article:publisher\" content=\"https:\/\/www.facebook.com\/WeLoveCyclingHungary\/\" \/>\n<meta property=\"article:published_time\" content=\"2021-06-25T11:00:00+00:00\" \/>\n<meta property=\"og:image\" content=\"https:\/\/d2p6e6u75xmxt8.cloudfront.net\/12\/2021\/06\/florian-schmetz-lbVKwIAZ6EY-unsplash.jpg\" \/>\n\t<meta property=\"og:image:width\" content=\"1920\" \/>\n\t<meta property=\"og:image:height\" content=\"1280\" \/>\n\t<meta property=\"og:image:type\" content=\"image\/jpeg\" \/>\n<meta name=\"author\" content=\"hegyizs\" \/>\n<meta name=\"twitter:card\" content=\"summary_large_image\" \/>\n<meta name=\"twitter:label1\" content=\"Written by\" \/>\n\t<meta name=\"twitter:data1\" content=\"WLC\" \/>\n\t<meta name=\"twitter:label2\" content=\"Est. reading time\" \/>\n\t<meta name=\"twitter:data2\" content=\"3 minutes\" \/>\n<script type=\"application\/ld+json\" class=\"yoast-schema-graph\">{\"@context\":\"https:\/\/schema.org\",\"@graph\":[{\"@type\":\"WebPage\",\"@id\":\"https:\/\/www.welovecycling.com\/hu\/tour-de-france\/tour-de-france-tenyek-es-adatok-nem-csak-kezdo-szurkoloknak\/\",\"url\":\"https:\/\/www.welovecycling.com\/hu\/tour-de-france\/tour-de-france-tenyek-es-adatok-nem-csak-kezdo-szurkoloknak\/\",\"name\":\"Tour de France t\u00e9nyek \u00e9s adatok, nem csak kezd\u0151 szurkol\u00f3knak\",\"isPartOf\":{\"@id\":\"https:\/\/www.welovecycling.com\/hu\/#website\"},\"primaryImageOfPage\":{\"@id\":\"https:\/\/www.welovecycling.com\/hu\/tour-de-france\/tour-de-france-tenyek-es-adatok-nem-csak-kezdo-szurkoloknak\/#primaryimage\"},\"image\":{\"@id\":\"https:\/\/www.welovecycling.com\/hu\/tour-de-france\/tour-de-france-tenyek-es-adatok-nem-csak-kezdo-szurkoloknak\/#primaryimage\"},\"thumbnailUrl\":\"https:\/\/d2p6e6u75xmxt8.cloudfront.net\/12\/2021\/06\/florian-schmetz-lbVKwIAZ6EY-unsplash.jpg\",\"datePublished\":\"2021-06-25T11:00:00+00:00\",\"author\":{\"@id\":\"https:\/\/www.welovecycling.com\/hu\/#\/schema\/person\/414a2aebf1801691a5320edb6468e194\"},\"description\":\"Holnap rajtol a 2021-es TdF, az elit ker\u00e9kp\u00e1ros versenyek kir\u00e1lya. Ahogy a neve is sugallja, ez val\u00f3ban egy franciaorsz\u00e1gi k\u00f6r\u00fat, ami a legr\u00e9gebbi \u00e9s legh\u00edresebb sportesem\u00e9ny a vil\u00e1gon!\",\"breadcrumb\":{\"@id\":\"https:\/\/www.welovecycling.com\/hu\/tour-de-france\/tour-de-france-tenyek-es-adatok-nem-csak-kezdo-szurkoloknak\/#breadcrumb\"},\"inLanguage\":\"hu\",\"potentialAction\":[{\"@type\":\"ReadAction\",\"target\":[\"https:\/\/www.welovecycling.com\/hu\/tour-de-france\/tour-de-france-tenyek-es-adatok-nem-csak-kezdo-szurkoloknak\/\"]}]},{\"@type\":\"ImageObject\",\"inLanguage\":\"hu\",\"@id\":\"https:\/\/www.welovecycling.com\/hu\/tour-de-france\/tour-de-france-tenyek-es-adatok-nem-csak-kezdo-szurkoloknak\/#primaryimage\",\"url\":\"https:\/\/d2p6e6u75xmxt8.cloudfront.net\/12\/2021\/06\/florian-schmetz-lbVKwIAZ6EY-unsplash.jpg\",\"contentUrl\":\"https:\/\/d2p6e6u75xmxt8.cloudfront.net\/12\/2021\/06\/florian-schmetz-lbVKwIAZ6EY-unsplash.jpg\",\"width\":1920,\"height\":1280},{\"@type\":\"BreadcrumbList\",\"@id\":\"https:\/\/www.welovecycling.com\/hu\/tour-de-france\/tour-de-france-tenyek-es-adatok-nem-csak-kezdo-szurkoloknak\/#breadcrumb\",\"itemListElement\":[{\"@type\":\"ListItem\",\"position\":1,\"name\":\"Home\",\"item\":\"https:\/\/www.welovecycling.com\/hu\/\"},{\"@type\":\"ListItem\",\"position\":2,\"name\":\"Tour de France t\u00e9nyek \u00e9s adatok, nem csak kezd\u0151 szurkol\u00f3knak\"}]},{\"@type\":\"WebSite\",\"@id\":\"https:\/\/www.welovecycling.com\/hu\/#website\",\"url\":\"https:\/\/www.welovecycling.com\/hu\/\",\"name\":\"\u0160koda We Love Cycling - Magyarorsz\u00e1g\",\"description\":\"\u0160koda WeLoveCycling\",\"potentialAction\":[{\"@type\":\"SearchAction\",\"target\":{\"@type\":\"EntryPoint\",\"urlTemplate\":\"https:\/\/www.welovecycling.com\/hu\/?s={search_term_string}\"},\"query-input\":{\"@type\":\"PropertyValueSpecification\",\"valueRequired\":true,\"valueName\":\"search_term_string\"}}],\"inLanguage\":\"hu\"},{\"@type\":\"Person\",\"@id\":\"https:\/\/www.welovecycling.com\/hu\/#\/schema\/person\/414a2aebf1801691a5320edb6468e194\",\"name\":\"hegyizs\",\"image\":{\"@type\":\"ImageObject\",\"inLanguage\":\"hu\",\"@id\":\"https:\/\/www.welovecycling.com\/hu\/#\/schema\/person\/image\/\",\"url\":\"https:\/\/secure.gravatar.com\/avatar\/02cf8a7906b8cf90cecb4679defac7cfd33a1c2e3b88e4903d947f3bb58eedd3?s=96&d=mm&r=g\",\"contentUrl\":\"https:\/\/secure.gravatar.com\/avatar\/02cf8a7906b8cf90cecb4679defac7cfd33a1c2e3b88e4903d947f3bb58eedd3?s=96&d=mm&r=g\",\"caption\":\"hegyizs\"},\"url\":\"https:\/\/www.welovecycling.com\/hu\/author\/hegyizs\/\"}]}<\/script>\n<!-- \/ Yoast SEO Premium plugin. -->","yoast_head_json":{"title":"Tour de France t\u00e9nyek \u00e9s adatok, nem csak kezd\u0151 szurkol\u00f3knak","description":"Holnap rajtol a 2021-es TdF, az elit ker\u00e9kp\u00e1ros versenyek kir\u00e1lya. Ahogy a neve is sugallja, ez val\u00f3ban egy franciaorsz\u00e1gi k\u00f6r\u00fat, ami a legr\u00e9gebbi \u00e9s legh\u00edresebb sportesem\u00e9ny a vil\u00e1gon!","robots":{"index":"index","follow":"follow","max-snippet":"max-snippet:-1","max-image-preview":"max-image-preview:large","max-video-preview":"max-video-preview:-1"},"canonical":"https:\/\/www.welovecycling.com\/hu\/tour-de-france\/tour-de-france-tenyek-es-adatok-nem-csak-kezdo-szurkoloknak\/","og_locale":"hu_HU","og_type":"article","og_title":"Tour de France t\u00e9nyek \u00e9s adatok, nem csak kezd\u0151 szurkol\u00f3knak","og_description":"Holnap rajtol a 2021-es TdF, az elit ker\u00e9kp\u00e1ros versenyek kir\u00e1lya. Ahogy a neve is sugallja, ez val\u00f3ban egy franciaorsz\u00e1gi k\u00f6r\u00fat, ami a legr\u00e9gebbi \u00e9s legh\u00edresebb sportesem\u00e9ny a vil\u00e1gon!","og_url":"https:\/\/www.welovecycling.com\/hu\/tour-de-france\/tour-de-france-tenyek-es-adatok-nem-csak-kezdo-szurkoloknak\/","og_site_name":"\u0160koda We Love Cycling - Magyarorsz\u00e1g","article_publisher":"https:\/\/www.facebook.com\/WeLoveCyclingHungary\/","article_published_time":"2021-06-25T11:00:00+00:00","og_image":[{"width":1920,"height":1280,"url":"https:\/\/d2p6e6u75xmxt8.cloudfront.net\/12\/2021\/06\/florian-schmetz-lbVKwIAZ6EY-unsplash.jpg","type":"image\/jpeg"}],"author":"hegyizs","twitter_card":"summary_large_image","twitter_misc":{"Written by":"WLC","Est. reading time":"3 minutes"},"schema":{"@context":"https:\/\/schema.org","@graph":[{"@type":"WebPage","@id":"https:\/\/www.welovecycling.com\/hu\/tour-de-france\/tour-de-france-tenyek-es-adatok-nem-csak-kezdo-szurkoloknak\/","url":"https:\/\/www.welovecycling.com\/hu\/tour-de-france\/tour-de-france-tenyek-es-adatok-nem-csak-kezdo-szurkoloknak\/","name":"Tour de France t\u00e9nyek \u00e9s adatok, nem csak kezd\u0151 szurkol\u00f3knak","isPartOf":{"@id":"https:\/\/www.welovecycling.com\/hu\/#website"},"primaryImageOfPage":{"@id":"https:\/\/www.welovecycling.com\/hu\/tour-de-france\/tour-de-france-tenyek-es-adatok-nem-csak-kezdo-szurkoloknak\/#primaryimage"},"image":{"@id":"https:\/\/www.welovecycling.com\/hu\/tour-de-france\/tour-de-france-tenyek-es-adatok-nem-csak-kezdo-szurkoloknak\/#primaryimage"},"thumbnailUrl":"https:\/\/d2p6e6u75xmxt8.cloudfront.net\/12\/2021\/06\/florian-schmetz-lbVKwIAZ6EY-unsplash.jpg","datePublished":"2021-06-25T11:00:00+00:00","author":{"@id":"https:\/\/www.welovecycling.com\/hu\/#\/schema\/person\/414a2aebf1801691a5320edb6468e194"},"description":"Holnap rajtol a 2021-es TdF, az elit ker\u00e9kp\u00e1ros versenyek kir\u00e1lya. Ahogy a neve is sugallja, ez val\u00f3ban egy franciaorsz\u00e1gi k\u00f6r\u00fat, ami a legr\u00e9gebbi \u00e9s legh\u00edresebb sportesem\u00e9ny a vil\u00e1gon!","breadcrumb":{"@id":"https:\/\/www.welovecycling.com\/hu\/tour-de-france\/tour-de-france-tenyek-es-adatok-nem-csak-kezdo-szurkoloknak\/#breadcrumb"},"inLanguage":"hu","potentialAction":[{"@type":"ReadAction","target":["https:\/\/www.welovecycling.com\/hu\/tour-de-france\/tour-de-france-tenyek-es-adatok-nem-csak-kezdo-szurkoloknak\/"]}]},{"@type":"ImageObject","inLanguage":"hu","@id":"https:\/\/www.welovecycling.com\/hu\/tour-de-france\/tour-de-france-tenyek-es-adatok-nem-csak-kezdo-szurkoloknak\/#primaryimage","url":"https:\/\/d2p6e6u75xmxt8.cloudfront.net\/12\/2021\/06\/florian-schmetz-lbVKwIAZ6EY-unsplash.jpg","contentUrl":"https:\/\/d2p6e6u75xmxt8.cloudfront.net\/12\/2021\/06\/florian-schmetz-lbVKwIAZ6EY-unsplash.jpg","width":1920,"height":1280},{"@type":"BreadcrumbList","@id":"https:\/\/www.welovecycling.com\/hu\/tour-de-france\/tour-de-france-tenyek-es-adatok-nem-csak-kezdo-szurkoloknak\/#breadcrumb","itemListElement":[{"@type":"ListItem","position":1,"name":"Home","item":"https:\/\/www.welovecycling.com\/hu\/"},{"@type":"ListItem","position":2,"name":"Tour de France t\u00e9nyek \u00e9s adatok, nem csak kezd\u0151 szurkol\u00f3knak"}]},{"@type":"WebSite","@id":"https:\/\/www.welovecycling.com\/hu\/#website","url":"https:\/\/www.welovecycling.com\/hu\/","name":"\u0160koda We Love Cycling - Magyarorsz\u00e1g","description":"\u0160koda WeLoveCycling","potentialAction":[{"@type":"SearchAction","target":{"@type":"EntryPoint","urlTemplate":"https:\/\/www.welovecycling.com\/hu\/?s={search_term_string}"},"query-input":{"@type":"PropertyValueSpecification","valueRequired":true,"valueName":"search_term_string"}}],"inLanguage":"hu"},{"@type":"Person","@id":"https:\/\/www.welovecycling.com\/hu\/#\/schema\/person\/414a2aebf1801691a5320edb6468e194","name":"hegyizs","image":{"@type":"ImageObject","inLanguage":"hu","@id":"https:\/\/www.welovecycling.com\/hu\/#\/schema\/person\/image\/","url":"https:\/\/secure.gravatar.com\/avatar\/02cf8a7906b8cf90cecb4679defac7cfd33a1c2e3b88e4903d947f3bb58eedd3?s=96&d=mm&r=g","contentUrl":"https:\/\/secure.gravatar.com\/avatar\/02cf8a7906b8cf90cecb4679defac7cfd33a1c2e3b88e4903d947f3bb58eedd3?s=96&d=mm&r=g","caption":"hegyizs"},"url":"https:\/\/www.welovecycling.com\/hu\/author\/hegyizs\/"}]}},"_links":{"self":[{"href":"https:\/\/www.welovecycling.com\/hu\/wp-json\/wp\/v2\/posts\/11766","targetHints":{"allow":["GET"]}}],"collection":[{"href":"https:\/\/www.welovecycling.com\/hu\/wp-json\/wp\/v2\/posts"}],"about":[{"href":"https:\/\/www.welovecycling.com\/hu\/wp-json\/wp\/v2\/types\/post"}],"author":[{"embeddable":true,"href":"https:\/\/www.welovecycling.com\/hu\/wp-json\/wp\/v2\/users\/71"}],"replies":[{"embeddable":true,"href":"https:\/\/www.welovecycling.com\/hu\/wp-json\/wp\/v2\/comments?post=11766"}],"version-history":[{"count":2,"href":"https:\/\/www.welovecycling.com\/hu\/wp-json\/wp\/v2\/posts\/11766\/revisions"}],"predecessor-version":[{"id":11775,"href":"https:\/\/www.welovecycling.com\/hu\/wp-json\/wp\/v2\/posts\/11766\/revisions\/11775"}],"wp:featuredmedia":[{"embeddable":true,"href":"https:\/\/www.welovecycling.com\/hu\/wp-json\/wp\/v2\/media\/11767"}],"wp:attachment":[{"href":"https:\/\/www.welovecycling.com\/hu\/wp-json\/wp\/v2\/media?parent=11766"}],"wp:term":[{"taxonomy":"category","embeddable":true,"href":"https:\/\/www.welovecycling.com\/hu\/wp-json\/wp\/v2\/categories?post=11766"},{"taxonomy":"post_tag","embeddable":true,"href":"https:\/\/www.welovecycling.com\/hu\/wp-json\/wp\/v2\/tags?post=11766"},{"taxonomy":"global-categories","embeddable":true,"href":"https:\/\/www.welovecycling.com\/hu\/wp-json\/wp\/v2\/global-categories?post=11766"}],"curies":[{"name":"wp","href":"https:\/\/api.w.org\/{rel}","templated":true}]}}