{"id":11753,"date":"2021-06-25T08:00:49","date_gmt":"2021-06-25T06:00:49","guid":{"rendered":"https:\/\/www.welovecycling.com\/hu\/?p=11753"},"modified":"2021-06-18T11:17:29","modified_gmt":"2021-06-18T09:17:29","slug":"5-dolog-amit-utalnak-a-palyaepitok","status":"publish","type":"post","link":"https:\/\/www.welovecycling.com\/hu\/trekking-mtb\/5-dolog-amit-utalnak-a-palyaepitok\/","title":{"rendered":"5 dolog, amit ut\u00e1lnak a p\u00e1lya\u00e9p\u00edt\u0151k"},"content":{"rendered":"<p><strong>P\u00e1lya\u00e9p\u00edt\u0151k n\u00e9lk\u00fcl nem lenn\u00e9nek izgalmas monti p\u00e1ly\u00e1k, csak sz\u00e9les, egyenes, unalmas utak. Hogyan viselkedj\u00fcnk a ki\u00e9p\u00edtett p\u00e1ly\u00e1kon, hogy az ut\u00e1nunk \u00e9rkez\u0151k is \u00e9lvezhess\u00e9k azokat? Mi\u00e9rt haragszanak az \u00e9p\u00edt\u0151k? \u00d6sszegy\u0171jt\u00f6tt\u00fck a panaszaikat.<\/strong><\/p>\n<p><!--more--><\/p>\n<h2><strong>S\u00e1ros id\u0151<\/strong><\/h2>\n<p>Ha a p\u00e1lya agyagb\u00f3l k\u00e9sz\u00fclt, es\u0151z\u00e9s ut\u00e1n s\u00e9r\u00fcl\u00e9kenny\u00e9 v\u00e1lik, \u00e9s a kerekek m\u00e9ly bar\u00e1zd\u00e1kat \u00e1shatnak bele. Amint az agyag kisz\u00e1rad, ezek k\u0151kem\u00e9nyek lesznek, mintha csak kemenc\u00e9ben \u00e9gett\u00e9k volna ki \u0151ket. Sok id\u0151be telik, mire kijav\u00edtj\u00e1k a vesz\u00e9lyes nyomokat.<\/p>\n<figure id=\"attachment_11754\" aria-describedby=\"caption-attachment-11754\" style=\"width: 1000px\" class=\"wp-caption alignnone\"><a href=\"https:\/\/d2p6e6u75xmxt8.cloudfront.net\/12\/2021\/06\/Trail-building-profimedia-0219433791.jpg\"><img loading=\"lazy\" decoding=\"async\" class=\"wp-image-11754 size-full\" src=\"https:\/\/d2p6e6u75xmxt8.cloudfront.net\/12\/2021\/06\/Trail-building-profimedia-0219433791.jpg\" alt=\"Building a MTB trail\" width=\"1000\" height=\"665\" srcset=\"https:\/\/d2p6e6u75xmxt8.cloudfront.net\/12\/2021\/06\/Trail-building-profimedia-0219433791.jpg 1000w, https:\/\/d2p6e6u75xmxt8.cloudfront.net\/12\/2021\/06\/Trail-building-profimedia-0219433791-300x200.jpg 300w, https:\/\/d2p6e6u75xmxt8.cloudfront.net\/12\/2021\/06\/Trail-building-profimedia-0219433791-768x511.jpg 768w, https:\/\/d2p6e6u75xmxt8.cloudfront.net\/12\/2021\/06\/Trail-building-profimedia-0219433791-272x182.jpg 272w\" sizes=\"auto, (max-width: 1000px) 100vw, 1000px\" \/><\/a><figcaption id=\"caption-attachment-11754\" class=\"wp-caption-text\"><em>A profi \u00e9p\u00edt\u0151k mindenf\u00e9le elemeket haszn\u00e1lnak: szikl\u00e1kat, dombokat, falakat, r\u00e1mp\u00e1kat \u00e9s \u00fagy helyezik el ezeket a p\u00e1ly\u00e1n, mintha gy\u00f6ngy\u00f6t f\u0171zn\u00e9nek. \u00a9 Profimedia<\/em><\/figcaption><\/figure>\n<h2><strong>Farol\u00e1s<\/strong><\/h2>\n<p>Driftel\u00e9s, farol\u00e1s, kontr\u00e1z\u00e1s \u2013 minden, ami k\u00e1ros\u00edtja a p\u00e1lya talaj\u00e1t. Ha p\u00e9ld\u00e1ul folyamatosan f\u00e9kezel egy lejt\u0151n, a mozdulatlan kerekek v\u00e9gigsz\u00e1ntj\u00e1k a f\u00f6ldet. A gumiabroncsok durva fel\u00fclete gyakorlatilag reszel\u0151k\u00e9nt m\u0171k\u00f6dik \u00e9s t\u00f6nkretesz mindent, ami az \u00fatj\u00e1ba ker\u00fcl. Driftel\u00e9skor ugyanez a helyzet. A megold\u00e1s? Tanulj meg lassan kanyarodni, hogy ne kelljen durv\u00e1n belef\u00e9kezned!<\/p>\n<h2><strong>V\u00e1ltoztat\u00e1sok<\/strong><\/h2>\n<p>Lehet, hogy egy adott p\u00e1lya sz\u00e1modra t\u00fal k\u00f6nny\u0171 vagy t\u00fal neh\u00e9z. Ez azonban nem jelenti azt, hogy megv\u00e1ltoztathatod! Az \u00e1talak\u00edt\u00e1sokat csak az eredeti \u00e9p\u00edt\u0151k enged\u00e9ly\u00e9vel v\u00e9gezheted el. S\u0151t, ennek hi\u00e1ny\u00e1ban nem csak udvariatlan, de vesz\u00e9lyes dolog is \u00e1t\u00e9p\u00edteni egy p\u00e1ly\u00e1t, amit a helyi versenyz\u0151k m\u00e1r megszoktak. Ha egy ugrat\u00f3 t\u00fal nagy sz\u00e1modra, gyakorolj m\u00e1shol \u00e9s t\u00e9rj vissza, amikor m\u00e1r \u00e1t tudod ugrani!<\/p>\n<figure id=\"attachment_11755\" aria-describedby=\"caption-attachment-11755\" style=\"width: 1000px\" class=\"wp-caption alignnone\"><a href=\"https:\/\/d2p6e6u75xmxt8.cloudfront.net\/12\/2021\/06\/Trail-builders-profimedia-0219433869.jpg\"><img loading=\"lazy\" decoding=\"async\" class=\"wp-image-11755 size-full\" src=\"https:\/\/d2p6e6u75xmxt8.cloudfront.net\/12\/2021\/06\/Trail-builders-profimedia-0219433869.jpg\" alt=\"Trail builders\" width=\"1000\" height=\"665\" srcset=\"https:\/\/d2p6e6u75xmxt8.cloudfront.net\/12\/2021\/06\/Trail-builders-profimedia-0219433869.jpg 1000w, https:\/\/d2p6e6u75xmxt8.cloudfront.net\/12\/2021\/06\/Trail-builders-profimedia-0219433869-300x200.jpg 300w, https:\/\/d2p6e6u75xmxt8.cloudfront.net\/12\/2021\/06\/Trail-builders-profimedia-0219433869-768x511.jpg 768w, https:\/\/d2p6e6u75xmxt8.cloudfront.net\/12\/2021\/06\/Trail-builders-profimedia-0219433869-272x182.jpg 272w\" sizes=\"auto, (max-width: 1000px) 100vw, 1000px\" \/><\/a><figcaption id=\"caption-attachment-11755\" class=\"wp-caption-text\"><em>Ha van egy \u00f6tleted valamelyik p\u00e1ly\u00e1val kapcsolatban, keresd meg a tulajdonos\u00e1t! \u00a9 Profimedia<\/em><\/figcaption><\/figure>\n<h2><strong>Szemetel\u00e9s<\/strong><\/h2>\n<p>Ha \u00e9telt vagy italt viszel magaddal, \u00fcgyelj r\u00e1, hogy a csomagol\u00e1st ne hagyd ott! Tudjuk, hogy v\u00e9letlen\u00fcl is lehet szemetelni, kics\u00faszhatnak a zsebedb\u0151l vagy a t\u00e1sk\u00e1db\u00f3l dolgok: zsepik, csomagol\u00e1sok, maszkok, stb. Figyelj oda erre, amikor kiveszed a mobilod a zsebedb\u0151l, \u00e9s n\u00e9zz k\u00f6r\u00fcl, miel\u0151tt hazaindulsz!<\/p>\n<h2><strong>A szab\u00e1lyok megszeg\u00e9se<\/strong><\/h2>\n<p>Az egyik alapvet\u0151 szab\u00e1ly, hogy ne haszn\u00e1lj \u00e9p\u00edt\u00e9s alatt \u00e1ll\u00f3 p\u00e1ly\u00e1t. A jelz\u00e9snek, miszerint a p\u00e1lya le van z\u00e1rva, ehhez el\u00e9gnek kell lennie. Lehet, hogy \u00fagy t\u0171nik, sim\u00e1n v\u00e9gig mehetn\u00e9l rajta, an\u00e9lk\u00fcl hogy neked vagy a p\u00e1ly\u00e1nak baja esne, de ha a tulajdonos nem akarja, hogy \u00edgy tegy\u00e9l, annak oka van. Lehet, hogy hi\u00e1nyzik m\u00e9g n\u00e9h\u00e1ny alkatr\u00e9sz, vagy g\u00e9pek dolgoznak a k\u00f6zelben. Ilyenkor vesz\u00e9lyes lehet r\u00e1hajtani a ter\u00fcletre!<\/p>\n","protected":false},"excerpt":{"rendered":"<p>P\u00e1lya\u00e9p\u00edt\u0151k n\u00e9lk\u00fcl nem lenn\u00e9nek izgalmas monti p\u00e1ly\u00e1k, csak sz\u00e9les, egyenes, unalmas utak. Hogyan viselkedj\u00fcnk a ki\u00e9p\u00edtett p\u00e1ly\u00e1kon, hogy az ut\u00e1nunk [&hellip;]<\/p>\n","protected":false},"author":71,"featured_media":11757,"comment_status":"closed","ping_status":"closed","sticky":false,"template":"","format":"standard","meta":{"footnotes":""},"categories":[7],"tags":[],"global-categories":[],"class_list":["post-11753","post","type-post","status-publish","format-standard","has-post-thumbnail","hentry","category-trekking-mtb"],"yoast_head":"<!-- This site is optimized with the Yoast SEO Premium plugin v25.3 (Yoast SEO v25.9) - https:\/\/yoast.com\/wordpress\/plugins\/seo\/ -->\n<title>5 dolog, amit ut\u00e1lnak a p\u00e1lya\u00e9p\u00edt\u0151k - \u0160koda We Love Cycling - Magyarorsz\u00e1g<\/title>\n<meta name=\"description\" content=\"P\u00e1lya\u00e9p\u00edt\u0151k n\u00e9lk\u00fcl nem lenn\u00e9nek izgalmas monti p\u00e1ly\u00e1k, csak sz\u00e9les, egyenes, unalmas utak. Hogyan viselkedj\u00fcnk a ki\u00e9p\u00edtett p\u00e1ly\u00e1kon, hogy az ut\u00e1nunk \u00e9rkez\u0151k is \u00e9lvezhess\u00e9k azokat?\" \/>\n<meta name=\"robots\" content=\"index, follow, max-snippet:-1, max-image-preview:large, max-video-preview:-1\" \/>\n<link rel=\"canonical\" href=\"https:\/\/www.welovecycling.com\/hu\/trekking-mtb\/5-dolog-amit-utalnak-a-palyaepitok\/\" \/>\n<meta property=\"og:locale\" content=\"hu_HU\" \/>\n<meta property=\"og:type\" content=\"article\" \/>\n<meta property=\"og:title\" content=\"5 dolog, amit ut\u00e1lnak a p\u00e1lya\u00e9p\u00edt\u0151k\" \/>\n<meta property=\"og:description\" content=\"P\u00e1lya\u00e9p\u00edt\u0151k n\u00e9lk\u00fcl nem lenn\u00e9nek izgalmas monti p\u00e1ly\u00e1k, csak sz\u00e9les, egyenes, unalmas utak. Hogyan viselkedj\u00fcnk a ki\u00e9p\u00edtett p\u00e1ly\u00e1kon, hogy az ut\u00e1nunk \u00e9rkez\u0151k is \u00e9lvezhess\u00e9k azokat?\" \/>\n<meta property=\"og:url\" content=\"https:\/\/www.welovecycling.com\/hu\/trekking-mtb\/5-dolog-amit-utalnak-a-palyaepitok\/\" \/>\n<meta property=\"og:site_name\" content=\"\u0160koda We Love Cycling - Magyarorsz\u00e1g\" \/>\n<meta property=\"article:publisher\" content=\"https:\/\/www.facebook.com\/WeLoveCyclingHungary\/\" \/>\n<meta property=\"article:published_time\" content=\"2021-06-25T06:00:49+00:00\" \/>\n<meta property=\"og:image\" content=\"https:\/\/d2p6e6u75xmxt8.cloudfront.net\/12\/2021\/06\/MTB-cycling-trails-profimedia-0558964165-CVR.jpg\" \/>\n\t<meta property=\"og:image:width\" content=\"1366\" \/>\n\t<meta property=\"og:image:height\" content=\"600\" \/>\n\t<meta property=\"og:image:type\" content=\"image\/jpeg\" \/>\n<meta name=\"author\" content=\"hegyizs\" \/>\n<meta name=\"twitter:card\" content=\"summary_large_image\" \/>\n<meta name=\"twitter:label1\" content=\"Written by\" \/>\n\t<meta name=\"twitter:data1\" content=\"Adam Marsal\" \/>\n\t<meta name=\"twitter:label2\" content=\"Est. reading time\" \/>\n\t<meta name=\"twitter:data2\" content=\"6\" \/>\n<script type=\"application\/ld+json\" class=\"yoast-schema-graph\">{\"@context\":\"https:\/\/schema.org\",\"@graph\":[{\"@type\":\"WebPage\",\"@id\":\"https:\/\/www.welovecycling.com\/hu\/trekking-mtb\/5-dolog-amit-utalnak-a-palyaepitok\/\",\"url\":\"https:\/\/www.welovecycling.com\/hu\/trekking-mtb\/5-dolog-amit-utalnak-a-palyaepitok\/\",\"name\":\"5 dolog, amit ut\u00e1lnak a p\u00e1lya\u00e9p\u00edt\u0151k - \u0160koda We Love Cycling - Magyarorsz\u00e1g\",\"isPartOf\":{\"@id\":\"https:\/\/www.welovecycling.com\/hu\/#website\"},\"primaryImageOfPage\":{\"@id\":\"https:\/\/www.welovecycling.com\/hu\/trekking-mtb\/5-dolog-amit-utalnak-a-palyaepitok\/#primaryimage\"},\"image\":{\"@id\":\"https:\/\/www.welovecycling.com\/hu\/trekking-mtb\/5-dolog-amit-utalnak-a-palyaepitok\/#primaryimage\"},\"thumbnailUrl\":\"https:\/\/d2p6e6u75xmxt8.cloudfront.net\/12\/2021\/06\/MTB-cycling-trails-profimedia-0558964165-CVR.jpg\",\"datePublished\":\"2021-06-25T06:00:49+00:00\",\"author\":{\"@id\":\"https:\/\/www.welovecycling.com\/hu\/#\/schema\/person\/414a2aebf1801691a5320edb6468e194\"},\"description\":\"P\u00e1lya\u00e9p\u00edt\u0151k n\u00e9lk\u00fcl nem lenn\u00e9nek izgalmas monti p\u00e1ly\u00e1k, csak sz\u00e9les, egyenes, unalmas utak. Hogyan viselkedj\u00fcnk a ki\u00e9p\u00edtett p\u00e1ly\u00e1kon, hogy az ut\u00e1nunk \u00e9rkez\u0151k is \u00e9lvezhess\u00e9k azokat?\",\"breadcrumb\":{\"@id\":\"https:\/\/www.welovecycling.com\/hu\/trekking-mtb\/5-dolog-amit-utalnak-a-palyaepitok\/#breadcrumb\"},\"inLanguage\":\"hu\",\"potentialAction\":[{\"@type\":\"ReadAction\",\"target\":[\"https:\/\/www.welovecycling.com\/hu\/trekking-mtb\/5-dolog-amit-utalnak-a-palyaepitok\/\"]}]},{\"@type\":\"ImageObject\",\"inLanguage\":\"hu\",\"@id\":\"https:\/\/www.welovecycling.com\/hu\/trekking-mtb\/5-dolog-amit-utalnak-a-palyaepitok\/#primaryimage\",\"url\":\"https:\/\/d2p6e6u75xmxt8.cloudfront.net\/12\/2021\/06\/MTB-cycling-trails-profimedia-0558964165-CVR.jpg\",\"contentUrl\":\"https:\/\/d2p6e6u75xmxt8.cloudfront.net\/12\/2021\/06\/MTB-cycling-trails-profimedia-0558964165-CVR.jpg\",\"width\":1366,\"height\":600,\"caption\":\"MTB Trail\"},{\"@type\":\"BreadcrumbList\",\"@id\":\"https:\/\/www.welovecycling.com\/hu\/trekking-mtb\/5-dolog-amit-utalnak-a-palyaepitok\/#breadcrumb\",\"itemListElement\":[{\"@type\":\"ListItem\",\"position\":1,\"name\":\"Home\",\"item\":\"https:\/\/www.welovecycling.com\/hu\/\"},{\"@type\":\"ListItem\",\"position\":2,\"name\":\"5 dolog, amit ut\u00e1lnak a p\u00e1lya\u00e9p\u00edt\u0151k\"}]},{\"@type\":\"WebSite\",\"@id\":\"https:\/\/www.welovecycling.com\/hu\/#website\",\"url\":\"https:\/\/www.welovecycling.com\/hu\/\",\"name\":\"\u0160koda We Love Cycling - Magyarorsz\u00e1g\",\"description\":\"\u0160koda WeLoveCycling\",\"potentialAction\":[{\"@type\":\"SearchAction\",\"target\":{\"@type\":\"EntryPoint\",\"urlTemplate\":\"https:\/\/www.welovecycling.com\/hu\/?s={search_term_string}\"},\"query-input\":{\"@type\":\"PropertyValueSpecification\",\"valueRequired\":true,\"valueName\":\"search_term_string\"}}],\"inLanguage\":\"hu\"},{\"@type\":\"Person\",\"@id\":\"https:\/\/www.welovecycling.com\/hu\/#\/schema\/person\/414a2aebf1801691a5320edb6468e194\",\"name\":\"hegyizs\",\"image\":{\"@type\":\"ImageObject\",\"inLanguage\":\"hu\",\"@id\":\"https:\/\/www.welovecycling.com\/hu\/#\/schema\/person\/image\/\",\"url\":\"https:\/\/secure.gravatar.com\/avatar\/02cf8a7906b8cf90cecb4679defac7cfd33a1c2e3b88e4903d947f3bb58eedd3?s=96&d=mm&r=g\",\"contentUrl\":\"https:\/\/secure.gravatar.com\/avatar\/02cf8a7906b8cf90cecb4679defac7cfd33a1c2e3b88e4903d947f3bb58eedd3?s=96&d=mm&r=g\",\"caption\":\"hegyizs\"},\"url\":\"https:\/\/www.welovecycling.com\/hu\/author\/hegyizs\/\"}]}<\/script>\n<!-- \/ Yoast SEO Premium plugin. -->","yoast_head_json":{"title":"5 dolog, amit ut\u00e1lnak a p\u00e1lya\u00e9p\u00edt\u0151k - \u0160koda We Love Cycling - Magyarorsz\u00e1g","description":"P\u00e1lya\u00e9p\u00edt\u0151k n\u00e9lk\u00fcl nem lenn\u00e9nek izgalmas monti p\u00e1ly\u00e1k, csak sz\u00e9les, egyenes, unalmas utak. Hogyan viselkedj\u00fcnk a ki\u00e9p\u00edtett p\u00e1ly\u00e1kon, hogy az ut\u00e1nunk \u00e9rkez\u0151k is \u00e9lvezhess\u00e9k azokat?","robots":{"index":"index","follow":"follow","max-snippet":"max-snippet:-1","max-image-preview":"max-image-preview:large","max-video-preview":"max-video-preview:-1"},"canonical":"https:\/\/www.welovecycling.com\/hu\/trekking-mtb\/5-dolog-amit-utalnak-a-palyaepitok\/","og_locale":"hu_HU","og_type":"article","og_title":"5 dolog, amit ut\u00e1lnak a p\u00e1lya\u00e9p\u00edt\u0151k","og_description":"P\u00e1lya\u00e9p\u00edt\u0151k n\u00e9lk\u00fcl nem lenn\u00e9nek izgalmas monti p\u00e1ly\u00e1k, csak sz\u00e9les, egyenes, unalmas utak. Hogyan viselkedj\u00fcnk a ki\u00e9p\u00edtett p\u00e1ly\u00e1kon, hogy az ut\u00e1nunk \u00e9rkez\u0151k is \u00e9lvezhess\u00e9k azokat?","og_url":"https:\/\/www.welovecycling.com\/hu\/trekking-mtb\/5-dolog-amit-utalnak-a-palyaepitok\/","og_site_name":"\u0160koda We Love Cycling - Magyarorsz\u00e1g","article_publisher":"https:\/\/www.facebook.com\/WeLoveCyclingHungary\/","article_published_time":"2021-06-25T06:00:49+00:00","og_image":[{"width":1366,"height":600,"url":"https:\/\/d2p6e6u75xmxt8.cloudfront.net\/12\/2021\/06\/MTB-cycling-trails-profimedia-0558964165-CVR.jpg","type":"image\/jpeg"}],"author":"hegyizs","twitter_card":"summary_large_image","twitter_misc":{"Written by":"Adam Marsal","Est. reading time":"6"},"schema":{"@context":"https:\/\/schema.org","@graph":[{"@type":"WebPage","@id":"https:\/\/www.welovecycling.com\/hu\/trekking-mtb\/5-dolog-amit-utalnak-a-palyaepitok\/","url":"https:\/\/www.welovecycling.com\/hu\/trekking-mtb\/5-dolog-amit-utalnak-a-palyaepitok\/","name":"5 dolog, amit ut\u00e1lnak a p\u00e1lya\u00e9p\u00edt\u0151k - \u0160koda We Love Cycling - Magyarorsz\u00e1g","isPartOf":{"@id":"https:\/\/www.welovecycling.com\/hu\/#website"},"primaryImageOfPage":{"@id":"https:\/\/www.welovecycling.com\/hu\/trekking-mtb\/5-dolog-amit-utalnak-a-palyaepitok\/#primaryimage"},"image":{"@id":"https:\/\/www.welovecycling.com\/hu\/trekking-mtb\/5-dolog-amit-utalnak-a-palyaepitok\/#primaryimage"},"thumbnailUrl":"https:\/\/d2p6e6u75xmxt8.cloudfront.net\/12\/2021\/06\/MTB-cycling-trails-profimedia-0558964165-CVR.jpg","datePublished":"2021-06-25T06:00:49+00:00","author":{"@id":"https:\/\/www.welovecycling.com\/hu\/#\/schema\/person\/414a2aebf1801691a5320edb6468e194"},"description":"P\u00e1lya\u00e9p\u00edt\u0151k n\u00e9lk\u00fcl nem lenn\u00e9nek izgalmas monti p\u00e1ly\u00e1k, csak sz\u00e9les, egyenes, unalmas utak. Hogyan viselkedj\u00fcnk a ki\u00e9p\u00edtett p\u00e1ly\u00e1kon, hogy az ut\u00e1nunk \u00e9rkez\u0151k is \u00e9lvezhess\u00e9k azokat?","breadcrumb":{"@id":"https:\/\/www.welovecycling.com\/hu\/trekking-mtb\/5-dolog-amit-utalnak-a-palyaepitok\/#breadcrumb"},"inLanguage":"hu","potentialAction":[{"@type":"ReadAction","target":["https:\/\/www.welovecycling.com\/hu\/trekking-mtb\/5-dolog-amit-utalnak-a-palyaepitok\/"]}]},{"@type":"ImageObject","inLanguage":"hu","@id":"https:\/\/www.welovecycling.com\/hu\/trekking-mtb\/5-dolog-amit-utalnak-a-palyaepitok\/#primaryimage","url":"https:\/\/d2p6e6u75xmxt8.cloudfront.net\/12\/2021\/06\/MTB-cycling-trails-profimedia-0558964165-CVR.jpg","contentUrl":"https:\/\/d2p6e6u75xmxt8.cloudfront.net\/12\/2021\/06\/MTB-cycling-trails-profimedia-0558964165-CVR.jpg","width":1366,"height":600,"caption":"MTB Trail"},{"@type":"BreadcrumbList","@id":"https:\/\/www.welovecycling.com\/hu\/trekking-mtb\/5-dolog-amit-utalnak-a-palyaepitok\/#breadcrumb","itemListElement":[{"@type":"ListItem","position":1,"name":"Home","item":"https:\/\/www.welovecycling.com\/hu\/"},{"@type":"ListItem","position":2,"name":"5 dolog, amit ut\u00e1lnak a p\u00e1lya\u00e9p\u00edt\u0151k"}]},{"@type":"WebSite","@id":"https:\/\/www.welovecycling.com\/hu\/#website","url":"https:\/\/www.welovecycling.com\/hu\/","name":"\u0160koda We Love Cycling - Magyarorsz\u00e1g","description":"\u0160koda WeLoveCycling","potentialAction":[{"@type":"SearchAction","target":{"@type":"EntryPoint","urlTemplate":"https:\/\/www.welovecycling.com\/hu\/?s={search_term_string}"},"query-input":{"@type":"PropertyValueSpecification","valueRequired":true,"valueName":"search_term_string"}}],"inLanguage":"hu"},{"@type":"Person","@id":"https:\/\/www.welovecycling.com\/hu\/#\/schema\/person\/414a2aebf1801691a5320edb6468e194","name":"hegyizs","image":{"@type":"ImageObject","inLanguage":"hu","@id":"https:\/\/www.welovecycling.com\/hu\/#\/schema\/person\/image\/","url":"https:\/\/secure.gravatar.com\/avatar\/02cf8a7906b8cf90cecb4679defac7cfd33a1c2e3b88e4903d947f3bb58eedd3?s=96&d=mm&r=g","contentUrl":"https:\/\/secure.gravatar.com\/avatar\/02cf8a7906b8cf90cecb4679defac7cfd33a1c2e3b88e4903d947f3bb58eedd3?s=96&d=mm&r=g","caption":"hegyizs"},"url":"https:\/\/www.welovecycling.com\/hu\/author\/hegyizs\/"}]}},"_links":{"self":[{"href":"https:\/\/www.welovecycling.com\/hu\/wp-json\/wp\/v2\/posts\/11753","targetHints":{"allow":["GET"]}}],"collection":[{"href":"https:\/\/www.welovecycling.com\/hu\/wp-json\/wp\/v2\/posts"}],"about":[{"href":"https:\/\/www.welovecycling.com\/hu\/wp-json\/wp\/v2\/types\/post"}],"author":[{"embeddable":true,"href":"https:\/\/www.welovecycling.com\/hu\/wp-json\/wp\/v2\/users\/71"}],"replies":[{"embeddable":true,"href":"https:\/\/www.welovecycling.com\/hu\/wp-json\/wp\/v2\/comments?post=11753"}],"version-history":[{"count":2,"href":"https:\/\/www.welovecycling.com\/hu\/wp-json\/wp\/v2\/posts\/11753\/revisions"}],"predecessor-version":[{"id":11764,"href":"https:\/\/www.welovecycling.com\/hu\/wp-json\/wp\/v2\/posts\/11753\/revisions\/11764"}],"wp:featuredmedia":[{"embeddable":true,"href":"https:\/\/www.welovecycling.com\/hu\/wp-json\/wp\/v2\/media\/11757"}],"wp:attachment":[{"href":"https:\/\/www.welovecycling.com\/hu\/wp-json\/wp\/v2\/media?parent=11753"}],"wp:term":[{"taxonomy":"category","embeddable":true,"href":"https:\/\/www.welovecycling.com\/hu\/wp-json\/wp\/v2\/categories?post=11753"},{"taxonomy":"post_tag","embeddable":true,"href":"https:\/\/www.welovecycling.com\/hu\/wp-json\/wp\/v2\/tags?post=11753"},{"taxonomy":"global-categories","embeddable":true,"href":"https:\/\/www.welovecycling.com\/hu\/wp-json\/wp\/v2\/global-categories?post=11753"}],"curies":[{"name":"wp","href":"https:\/\/api.w.org\/{rel}","templated":true}]}}