{"id":11749,"date":"2021-06-24T08:00:40","date_gmt":"2021-06-24T06:00:40","guid":{"rendered":"https:\/\/www.welovecycling.com\/hu\/?p=11749"},"modified":"2021-06-18T11:16:54","modified_gmt":"2021-06-18T09:16:54","slug":"tobbet-eszel-ha-biciklizel","status":"publish","type":"post","link":"https:\/\/www.welovecycling.com\/hu\/edzes-es-eletmod\/tobbet-eszel-ha-biciklizel\/","title":{"rendered":"T\u00f6bbet eszel, ha biciklizel?"},"content":{"rendered":"<p><strong>A fizikai aktivit\u00e1snak seg\u00edtenie kell a fogy\u00e1sban \u00e9s a k\u00edv\u00e1nt tests\u00faly megtart\u00e1s\u00e1ban, ugye? Egy \u00faj tanulm\u00e1ny szerint nem biztos, hogy a testmozg\u00e1s j\u00f3 hat\u00e1ssal van az \u00e9tkez\u00e9si szok\u00e1sainkra. A M\u00fcncheni M\u0171szaki Egyetem \u00e9s a Nebraskai Egyetem kutat\u00f3i azt vizsg\u00e1lt\u00e1k, mennyit esz\u00fcnk, miut\u00e1n tekert\u00fcnk.<\/strong><\/p>\n<p><!--more--><\/p>\n<h2><strong>Nem j\u00e1r a jutalom egy neh\u00e9z \u00fat ut\u00e1n?<\/strong><\/h2>\n<p><em>\u201eAzt figyelt\u00fck meg, hogy az emberek t\u00faleszik magukat, miut\u00e1n sportoltak. Meg akarj\u00e1k jutalmazni \u00f6nmagukat \u00e9s a test\u00fcket. Belev\u00e1gtunk h\u00e1t egy k\u00eds\u00e9rletbe, mely sor\u00e1n azt vizsg\u00e1ltuk, mi\u00e9rt esznek edz\u00e9s ut\u00e1n t\u00f6bbet, mint amikor nem sportolnak\u201d<\/em> \u2013 mondta Karsten K\u00f6hler professzor a m\u00fcncheni M\u0171szaki Egyetem munkat\u00e1rsa.<\/p>\n<figure id=\"attachment_3997\" aria-describedby=\"caption-attachment-3997\" style=\"width: 1024px\" class=\"wp-caption alignnone\"><a href=\"https:\/\/d2p6e6u75xmxt8.cloudfront.net\/2\/2019\/05\/cyclist-on-the-road-2-profimedia-0004023588.jpg\"><img loading=\"lazy\" decoding=\"async\" class=\"wp-image-3997 size-large\" src=\"https:\/\/d2p6e6u75xmxt8.cloudfront.net\/12\/2019\/06\/cyclist-on-the-road-2-profimedia-0004023588-1024x679.jpg\" alt=\"Cycling\" width=\"1024\" height=\"679\" srcset=\"https:\/\/d2p6e6u75xmxt8.cloudfront.net\/12\/2019\/06\/cyclist-on-the-road-2-profimedia-0004023588-1024x679.jpg 1024w, https:\/\/d2p6e6u75xmxt8.cloudfront.net\/12\/2019\/06\/cyclist-on-the-road-2-profimedia-0004023588-300x199.jpg 300w, https:\/\/d2p6e6u75xmxt8.cloudfront.net\/12\/2019\/06\/cyclist-on-the-road-2-profimedia-0004023588-768x509.jpg 768w, https:\/\/d2p6e6u75xmxt8.cloudfront.net\/12\/2019\/06\/cyclist-on-the-road-2-profimedia-0004023588.jpg 1250w\" sizes=\"auto, (max-width: 1024px) 100vw, 1024px\" \/><\/a><figcaption id=\"caption-attachment-3997\" class=\"wp-caption-text\"><em>Hajlamosak vagyunk t\u00f6bbet enni, ha sportolunk. \u00a9 Profimedia<\/em><\/figcaption><\/figure>\n<p>A k\u00eds\u00e9rletben 23 n\u0151 \u00e9s 18 f\u00e9rfi vett r\u00e9szt, mindannyian 19-29 \u00e9vesek, akiket v\u00e9letlenszer\u0171en k\u00e9t csoportra osztottak. Az els\u0151 teszt sor\u00e1n az egyik csoport 45 percen \u00e1t ker\u00e9kp\u00e1rozott, a m\u00e1sik ezalatt pihent. K\u00e9s\u0151bb, egy m\u00e1sodik tesztn\u00e9l felcser\u00e9lt\u00e9k a feladatokat.<\/p>\n<p>Mindk\u00e9t csoportnak meg kellett v\u00e1laszolni egy k\u00e9rd\u00e9ssort a 45 perces teker\u00e9s \u00e9s pihen\u00e9s el\u0151tt is. Ennek l\u00e9nyege az volt, hogy felm\u00e9rje, mennyire voltak \u00e9hesek \u00e9s mennyi \u00e9telt szerettek volna. A kutat\u00f3k arra k\u00e9rt\u00e9k \u0151ket, hogy jel\u00f6lj\u00e9k meg, mekkora adagot k\u00e9rnek 45 perc m\u00falva \u00e9s mekkor\u00e1t 4 \u00f3ra m\u00falva. A tesztek ut\u00e1n \u00fajra v\u00e1laszoltak ezekre a k\u00e9rd\u00e9sekre, majd f\u00e9l \u00f3ra m\u00falva megint.<\/p>\n<h2><strong>A testmozg\u00e1s \u00e9hess\u00e9 tesz<\/strong><\/h2>\n<p>A pihen\u0151 csoporthoz k\u00e9pest a testmozg\u00e1st v\u00e9gz\u0151 csoport tagjai sokkal nagyobb adagokat v\u00e1lasztottak, k\u00f6zvetlen\u00fcl az edz\u00e9s ut\u00e1n \u00e9s f\u00e9l \u00f3ra eltelt\u00e9vel is. R\u00e1ad\u00e1sul azonnal el is szerett\u00e9k volna fogyasztani a k\u00e9rt \u00e9telt.<\/p>\n<figure id=\"attachment_11750\" aria-describedby=\"caption-attachment-11750\" style=\"width: 1000px\" class=\"wp-caption alignnone\"><a href=\"https:\/\/d2p6e6u75xmxt8.cloudfront.net\/12\/2021\/06\/Friends-Cycling-profimedia-0474851328.jpg\"><img loading=\"lazy\" decoding=\"async\" class=\"wp-image-11750 size-full\" src=\"https:\/\/d2p6e6u75xmxt8.cloudfront.net\/12\/2021\/06\/Friends-Cycling-profimedia-0474851328.jpg\" alt=\"Friends cycling\" width=\"1000\" height=\"665\" srcset=\"https:\/\/d2p6e6u75xmxt8.cloudfront.net\/12\/2021\/06\/Friends-Cycling-profimedia-0474851328.jpg 1000w, https:\/\/d2p6e6u75xmxt8.cloudfront.net\/12\/2021\/06\/Friends-Cycling-profimedia-0474851328-300x200.jpg 300w, https:\/\/d2p6e6u75xmxt8.cloudfront.net\/12\/2021\/06\/Friends-Cycling-profimedia-0474851328-768x511.jpg 768w, https:\/\/d2p6e6u75xmxt8.cloudfront.net\/12\/2021\/06\/Friends-Cycling-profimedia-0474851328-272x182.jpg 272w\" sizes=\"auto, (max-width: 1000px) 100vw, 1000px\" \/><\/a><figcaption id=\"caption-attachment-11750\" class=\"wp-caption-text\"><em>Te is \u00fagy \u00e9rzed, hogy bicikliz\u00e9s ut\u00e1n r\u00f6gt\u00f6n enned kell? \u00a9 Profimedia<\/em><\/figcaption><\/figure>\n<h2><strong>D\u00f6nts azel\u0151tt, hogy elinduln\u00e1l!<\/strong><\/h2>\n<p>A kutat\u00f3k \u00f6sszefoglalt\u00e1k a vizsg\u00e1lat eredm\u00e9nyeit \u00e9s arra jutottak, hogy a testmozg\u00e1s megv\u00e1ltoztatja az \u00e9telhez val\u00f3 hozz\u00e1\u00e1ll\u00e1sunkat, \u00e9s ez a v\u00e1ltoz\u00e1s nem hasznos, ha p\u00e9ld\u00e1ul fogyni szeretn\u00e9nk. Ahhoz, hogy be tudd tartani az \u00e9trended, az a legjobb, ha m\u00e9g edz\u00e9s el\u0151tt eld\u00f6nt\u00f6d, mit eszel, ha v\u00e9gezt\u00e9l!<\/p>\n<p><em>\u201eAz eredm\u00e9nyek azt mutatj\u00e1k, hogy a fizikai megterhel\u00e9s arra cs\u00e1b\u00edthat, hogy edz\u00e9s ut\u00e1n r\u00f6gt\u00f6n \u00e9s sokat egy\u00fcnk. Mivel sokak sz\u00e1m\u00e1ra a fogy\u00e1s vagy a tests\u00faly megtart\u00e1sa a mozg\u00e1s c\u00e9lja, j\u00f3 strat\u00e9gia lehet, ha m\u00e1r azel\u0151tt eld\u00f6ntj\u00fck mit \u00e9s mennyit fogyasztunk miut\u00e1n lesz\u00e1lltunk a nyeregb\u0151l\u201d<\/em> \u2013 tan\u00e1csolta K\u00f6hler professzor.<\/p>\n","protected":false},"excerpt":{"rendered":"<p>A fizikai aktivit\u00e1snak seg\u00edtenie kell a fogy\u00e1sban \u00e9s a k\u00edv\u00e1nt tests\u00faly megtart\u00e1s\u00e1ban, ugye? Egy \u00faj tanulm\u00e1ny szerint nem biztos, hogy [&hellip;]<\/p>\n","protected":false},"author":71,"featured_media":11752,"comment_status":"closed","ping_status":"closed","sticky":false,"template":"","format":"standard","meta":{"footnotes":""},"categories":[6],"tags":[],"global-categories":[],"class_list":["post-11749","post","type-post","status-publish","format-standard","has-post-thumbnail","hentry","category-edzes-es-eletmod"],"yoast_head":"<!-- This site is optimized with the Yoast SEO Premium plugin v25.3 (Yoast SEO v25.9) - https:\/\/yoast.com\/wordpress\/plugins\/seo\/ -->\n<title>T\u00f6bbet eszel, ha biciklizel? - \u0160koda We Love Cycling - Magyarorsz\u00e1g<\/title>\n<meta name=\"description\" content=\"A fizikai aktivit\u00e1snak seg\u00edtenie kell a fogy\u00e1sban \u00e9s a k\u00edv\u00e1nt tests\u00faly megtart\u00e1s\u00e1ban, ugye? Egy \u00faj tanulm\u00e1ny szerint nem biztos, hogy a testmozg\u00e1s j\u00f3 hat\u00e1ssal van az \u00e9tkez\u00e9si szok\u00e1sainkra.\" \/>\n<meta name=\"robots\" content=\"index, follow, max-snippet:-1, max-image-preview:large, max-video-preview:-1\" \/>\n<link rel=\"canonical\" href=\"https:\/\/www.welovecycling.com\/hu\/edzes-es-eletmod\/tobbet-eszel-ha-biciklizel\/\" \/>\n<meta property=\"og:locale\" content=\"hu_HU\" \/>\n<meta property=\"og:type\" content=\"article\" \/>\n<meta property=\"og:title\" content=\"T\u00f6bbet eszel, ha biciklizel?\" \/>\n<meta property=\"og:description\" content=\"A fizikai aktivit\u00e1snak seg\u00edtenie kell a fogy\u00e1sban \u00e9s a k\u00edv\u00e1nt tests\u00faly megtart\u00e1s\u00e1ban, ugye? Egy \u00faj tanulm\u00e1ny szerint nem biztos, hogy a testmozg\u00e1s j\u00f3 hat\u00e1ssal van az \u00e9tkez\u00e9si szok\u00e1sainkra.\" \/>\n<meta property=\"og:url\" content=\"https:\/\/www.welovecycling.com\/hu\/edzes-es-eletmod\/tobbet-eszel-ha-biciklizel\/\" \/>\n<meta property=\"og:site_name\" content=\"\u0160koda We Love Cycling - Magyarorsz\u00e1g\" \/>\n<meta property=\"article:publisher\" content=\"https:\/\/www.facebook.com\/WeLoveCyclingHungary\/\" \/>\n<meta property=\"article:published_time\" content=\"2021-06-24T06:00:40+00:00\" \/>\n<meta property=\"og:image\" content=\"https:\/\/d2p6e6u75xmxt8.cloudfront.net\/12\/2021\/06\/Road-cycling-profimedia-0614548710-CVR.jpg\" \/>\n\t<meta property=\"og:image:width\" content=\"1366\" \/>\n\t<meta property=\"og:image:height\" content=\"600\" \/>\n\t<meta property=\"og:image:type\" content=\"image\/jpeg\" \/>\n<meta name=\"author\" content=\"hegyizs\" \/>\n<meta name=\"twitter:card\" content=\"summary_large_image\" \/>\n<meta name=\"twitter:label1\" content=\"Written by\" \/>\n\t<meta name=\"twitter:data1\" content=\"Ji\u0159\u00ed Kalo\u010d\" \/>\n\t<meta name=\"twitter:label2\" content=\"Est. reading time\" \/>\n\t<meta name=\"twitter:data2\" content=\"5\" \/>\n<script type=\"application\/ld+json\" class=\"yoast-schema-graph\">{\"@context\":\"https:\/\/schema.org\",\"@graph\":[{\"@type\":\"WebPage\",\"@id\":\"https:\/\/www.welovecycling.com\/hu\/edzes-es-eletmod\/tobbet-eszel-ha-biciklizel\/\",\"url\":\"https:\/\/www.welovecycling.com\/hu\/edzes-es-eletmod\/tobbet-eszel-ha-biciklizel\/\",\"name\":\"T\u00f6bbet eszel, ha biciklizel? - \u0160koda We Love Cycling - Magyarorsz\u00e1g\",\"isPartOf\":{\"@id\":\"https:\/\/www.welovecycling.com\/hu\/#website\"},\"primaryImageOfPage\":{\"@id\":\"https:\/\/www.welovecycling.com\/hu\/edzes-es-eletmod\/tobbet-eszel-ha-biciklizel\/#primaryimage\"},\"image\":{\"@id\":\"https:\/\/www.welovecycling.com\/hu\/edzes-es-eletmod\/tobbet-eszel-ha-biciklizel\/#primaryimage\"},\"thumbnailUrl\":\"https:\/\/d2p6e6u75xmxt8.cloudfront.net\/12\/2021\/06\/Road-cycling-profimedia-0614548710-CVR.jpg\",\"datePublished\":\"2021-06-24T06:00:40+00:00\",\"author\":{\"@id\":\"https:\/\/www.welovecycling.com\/hu\/#\/schema\/person\/414a2aebf1801691a5320edb6468e194\"},\"description\":\"A fizikai aktivit\u00e1snak seg\u00edtenie kell a fogy\u00e1sban \u00e9s a k\u00edv\u00e1nt tests\u00faly megtart\u00e1s\u00e1ban, ugye? Egy \u00faj tanulm\u00e1ny szerint nem biztos, hogy a testmozg\u00e1s j\u00f3 hat\u00e1ssal van az \u00e9tkez\u00e9si szok\u00e1sainkra.\",\"breadcrumb\":{\"@id\":\"https:\/\/www.welovecycling.com\/hu\/edzes-es-eletmod\/tobbet-eszel-ha-biciklizel\/#breadcrumb\"},\"inLanguage\":\"hu\",\"potentialAction\":[{\"@type\":\"ReadAction\",\"target\":[\"https:\/\/www.welovecycling.com\/hu\/edzes-es-eletmod\/tobbet-eszel-ha-biciklizel\/\"]}]},{\"@type\":\"ImageObject\",\"inLanguage\":\"hu\",\"@id\":\"https:\/\/www.welovecycling.com\/hu\/edzes-es-eletmod\/tobbet-eszel-ha-biciklizel\/#primaryimage\",\"url\":\"https:\/\/d2p6e6u75xmxt8.cloudfront.net\/12\/2021\/06\/Road-cycling-profimedia-0614548710-CVR.jpg\",\"contentUrl\":\"https:\/\/d2p6e6u75xmxt8.cloudfront.net\/12\/2021\/06\/Road-cycling-profimedia-0614548710-CVR.jpg\",\"width\":1366,\"height\":600,\"caption\":\"Cyclist on the road\"},{\"@type\":\"BreadcrumbList\",\"@id\":\"https:\/\/www.welovecycling.com\/hu\/edzes-es-eletmod\/tobbet-eszel-ha-biciklizel\/#breadcrumb\",\"itemListElement\":[{\"@type\":\"ListItem\",\"position\":1,\"name\":\"Home\",\"item\":\"https:\/\/www.welovecycling.com\/hu\/\"},{\"@type\":\"ListItem\",\"position\":2,\"name\":\"T\u00f6bbet eszel, ha biciklizel?\"}]},{\"@type\":\"WebSite\",\"@id\":\"https:\/\/www.welovecycling.com\/hu\/#website\",\"url\":\"https:\/\/www.welovecycling.com\/hu\/\",\"name\":\"\u0160koda We Love Cycling - Magyarorsz\u00e1g\",\"description\":\"\u0160koda WeLoveCycling\",\"potentialAction\":[{\"@type\":\"SearchAction\",\"target\":{\"@type\":\"EntryPoint\",\"urlTemplate\":\"https:\/\/www.welovecycling.com\/hu\/?s={search_term_string}\"},\"query-input\":{\"@type\":\"PropertyValueSpecification\",\"valueRequired\":true,\"valueName\":\"search_term_string\"}}],\"inLanguage\":\"hu\"},{\"@type\":\"Person\",\"@id\":\"https:\/\/www.welovecycling.com\/hu\/#\/schema\/person\/414a2aebf1801691a5320edb6468e194\",\"name\":\"hegyizs\",\"image\":{\"@type\":\"ImageObject\",\"inLanguage\":\"hu\",\"@id\":\"https:\/\/www.welovecycling.com\/hu\/#\/schema\/person\/image\/\",\"url\":\"https:\/\/secure.gravatar.com\/avatar\/02cf8a7906b8cf90cecb4679defac7cfd33a1c2e3b88e4903d947f3bb58eedd3?s=96&d=mm&r=g\",\"contentUrl\":\"https:\/\/secure.gravatar.com\/avatar\/02cf8a7906b8cf90cecb4679defac7cfd33a1c2e3b88e4903d947f3bb58eedd3?s=96&d=mm&r=g\",\"caption\":\"hegyizs\"},\"url\":\"https:\/\/www.welovecycling.com\/hu\/author\/hegyizs\/\"}]}<\/script>\n<!-- \/ Yoast SEO Premium plugin. -->","yoast_head_json":{"title":"T\u00f6bbet eszel, ha biciklizel? - \u0160koda We Love Cycling - Magyarorsz\u00e1g","description":"A fizikai aktivit\u00e1snak seg\u00edtenie kell a fogy\u00e1sban \u00e9s a k\u00edv\u00e1nt tests\u00faly megtart\u00e1s\u00e1ban, ugye? Egy \u00faj tanulm\u00e1ny szerint nem biztos, hogy a testmozg\u00e1s j\u00f3 hat\u00e1ssal van az \u00e9tkez\u00e9si szok\u00e1sainkra.","robots":{"index":"index","follow":"follow","max-snippet":"max-snippet:-1","max-image-preview":"max-image-preview:large","max-video-preview":"max-video-preview:-1"},"canonical":"https:\/\/www.welovecycling.com\/hu\/edzes-es-eletmod\/tobbet-eszel-ha-biciklizel\/","og_locale":"hu_HU","og_type":"article","og_title":"T\u00f6bbet eszel, ha biciklizel?","og_description":"A fizikai aktivit\u00e1snak seg\u00edtenie kell a fogy\u00e1sban \u00e9s a k\u00edv\u00e1nt tests\u00faly megtart\u00e1s\u00e1ban, ugye? Egy \u00faj tanulm\u00e1ny szerint nem biztos, hogy a testmozg\u00e1s j\u00f3 hat\u00e1ssal van az \u00e9tkez\u00e9si szok\u00e1sainkra.","og_url":"https:\/\/www.welovecycling.com\/hu\/edzes-es-eletmod\/tobbet-eszel-ha-biciklizel\/","og_site_name":"\u0160koda We Love Cycling - Magyarorsz\u00e1g","article_publisher":"https:\/\/www.facebook.com\/WeLoveCyclingHungary\/","article_published_time":"2021-06-24T06:00:40+00:00","og_image":[{"width":1366,"height":600,"url":"https:\/\/d2p6e6u75xmxt8.cloudfront.net\/12\/2021\/06\/Road-cycling-profimedia-0614548710-CVR.jpg","type":"image\/jpeg"}],"author":"hegyizs","twitter_card":"summary_large_image","twitter_misc":{"Written by":"Ji\u0159\u00ed Kalo\u010d","Est. reading time":"5"},"schema":{"@context":"https:\/\/schema.org","@graph":[{"@type":"WebPage","@id":"https:\/\/www.welovecycling.com\/hu\/edzes-es-eletmod\/tobbet-eszel-ha-biciklizel\/","url":"https:\/\/www.welovecycling.com\/hu\/edzes-es-eletmod\/tobbet-eszel-ha-biciklizel\/","name":"T\u00f6bbet eszel, ha biciklizel? - \u0160koda We Love Cycling - Magyarorsz\u00e1g","isPartOf":{"@id":"https:\/\/www.welovecycling.com\/hu\/#website"},"primaryImageOfPage":{"@id":"https:\/\/www.welovecycling.com\/hu\/edzes-es-eletmod\/tobbet-eszel-ha-biciklizel\/#primaryimage"},"image":{"@id":"https:\/\/www.welovecycling.com\/hu\/edzes-es-eletmod\/tobbet-eszel-ha-biciklizel\/#primaryimage"},"thumbnailUrl":"https:\/\/d2p6e6u75xmxt8.cloudfront.net\/12\/2021\/06\/Road-cycling-profimedia-0614548710-CVR.jpg","datePublished":"2021-06-24T06:00:40+00:00","author":{"@id":"https:\/\/www.welovecycling.com\/hu\/#\/schema\/person\/414a2aebf1801691a5320edb6468e194"},"description":"A fizikai aktivit\u00e1snak seg\u00edtenie kell a fogy\u00e1sban \u00e9s a k\u00edv\u00e1nt tests\u00faly megtart\u00e1s\u00e1ban, ugye? Egy \u00faj tanulm\u00e1ny szerint nem biztos, hogy a testmozg\u00e1s j\u00f3 hat\u00e1ssal van az \u00e9tkez\u00e9si szok\u00e1sainkra.","breadcrumb":{"@id":"https:\/\/www.welovecycling.com\/hu\/edzes-es-eletmod\/tobbet-eszel-ha-biciklizel\/#breadcrumb"},"inLanguage":"hu","potentialAction":[{"@type":"ReadAction","target":["https:\/\/www.welovecycling.com\/hu\/edzes-es-eletmod\/tobbet-eszel-ha-biciklizel\/"]}]},{"@type":"ImageObject","inLanguage":"hu","@id":"https:\/\/www.welovecycling.com\/hu\/edzes-es-eletmod\/tobbet-eszel-ha-biciklizel\/#primaryimage","url":"https:\/\/d2p6e6u75xmxt8.cloudfront.net\/12\/2021\/06\/Road-cycling-profimedia-0614548710-CVR.jpg","contentUrl":"https:\/\/d2p6e6u75xmxt8.cloudfront.net\/12\/2021\/06\/Road-cycling-profimedia-0614548710-CVR.jpg","width":1366,"height":600,"caption":"Cyclist on the road"},{"@type":"BreadcrumbList","@id":"https:\/\/www.welovecycling.com\/hu\/edzes-es-eletmod\/tobbet-eszel-ha-biciklizel\/#breadcrumb","itemListElement":[{"@type":"ListItem","position":1,"name":"Home","item":"https:\/\/www.welovecycling.com\/hu\/"},{"@type":"ListItem","position":2,"name":"T\u00f6bbet eszel, ha biciklizel?"}]},{"@type":"WebSite","@id":"https:\/\/www.welovecycling.com\/hu\/#website","url":"https:\/\/www.welovecycling.com\/hu\/","name":"\u0160koda We Love Cycling - Magyarorsz\u00e1g","description":"\u0160koda WeLoveCycling","potentialAction":[{"@type":"SearchAction","target":{"@type":"EntryPoint","urlTemplate":"https:\/\/www.welovecycling.com\/hu\/?s={search_term_string}"},"query-input":{"@type":"PropertyValueSpecification","valueRequired":true,"valueName":"search_term_string"}}],"inLanguage":"hu"},{"@type":"Person","@id":"https:\/\/www.welovecycling.com\/hu\/#\/schema\/person\/414a2aebf1801691a5320edb6468e194","name":"hegyizs","image":{"@type":"ImageObject","inLanguage":"hu","@id":"https:\/\/www.welovecycling.com\/hu\/#\/schema\/person\/image\/","url":"https:\/\/secure.gravatar.com\/avatar\/02cf8a7906b8cf90cecb4679defac7cfd33a1c2e3b88e4903d947f3bb58eedd3?s=96&d=mm&r=g","contentUrl":"https:\/\/secure.gravatar.com\/avatar\/02cf8a7906b8cf90cecb4679defac7cfd33a1c2e3b88e4903d947f3bb58eedd3?s=96&d=mm&r=g","caption":"hegyizs"},"url":"https:\/\/www.welovecycling.com\/hu\/author\/hegyizs\/"}]}},"_links":{"self":[{"href":"https:\/\/www.welovecycling.com\/hu\/wp-json\/wp\/v2\/posts\/11749","targetHints":{"allow":["GET"]}}],"collection":[{"href":"https:\/\/www.welovecycling.com\/hu\/wp-json\/wp\/v2\/posts"}],"about":[{"href":"https:\/\/www.welovecycling.com\/hu\/wp-json\/wp\/v2\/types\/post"}],"author":[{"embeddable":true,"href":"https:\/\/www.welovecycling.com\/hu\/wp-json\/wp\/v2\/users\/71"}],"replies":[{"embeddable":true,"href":"https:\/\/www.welovecycling.com\/hu\/wp-json\/wp\/v2\/comments?post=11749"}],"version-history":[{"count":2,"href":"https:\/\/www.welovecycling.com\/hu\/wp-json\/wp\/v2\/posts\/11749\/revisions"}],"predecessor-version":[{"id":11763,"href":"https:\/\/www.welovecycling.com\/hu\/wp-json\/wp\/v2\/posts\/11749\/revisions\/11763"}],"wp:featuredmedia":[{"embeddable":true,"href":"https:\/\/www.welovecycling.com\/hu\/wp-json\/wp\/v2\/media\/11752"}],"wp:attachment":[{"href":"https:\/\/www.welovecycling.com\/hu\/wp-json\/wp\/v2\/media?parent=11749"}],"wp:term":[{"taxonomy":"category","embeddable":true,"href":"https:\/\/www.welovecycling.com\/hu\/wp-json\/wp\/v2\/categories?post=11749"},{"taxonomy":"post_tag","embeddable":true,"href":"https:\/\/www.welovecycling.com\/hu\/wp-json\/wp\/v2\/tags?post=11749"},{"taxonomy":"global-categories","embeddable":true,"href":"https:\/\/www.welovecycling.com\/hu\/wp-json\/wp\/v2\/global-categories?post=11749"}],"curies":[{"name":"wp","href":"https:\/\/api.w.org\/{rel}","templated":true}]}}