{"id":11744,"date":"2021-06-23T08:00:01","date_gmt":"2021-06-23T06:00:01","guid":{"rendered":"https:\/\/www.welovecycling.com\/hu\/?p=11744"},"modified":"2021-06-18T11:16:01","modified_gmt":"2021-06-18T09:16:01","slug":"mit-tegyek-ha-megrekedtem-egy-szinten","status":"publish","type":"post","link":"https:\/\/www.welovecycling.com\/hu\/edzes-es-eletmod\/mit-tegyek-ha-megrekedtem-egy-szinten\/","title":{"rendered":"Mit tegyek, ha megrekedtem egy szinten?"},"content":{"rendered":"<p><strong>Valamin v\u00e1ltoztatnod kell. Ez az egyetlen m\u00f3dja, hogy kit\u00f6rj. Ezt t\u00f6bb m\u00f3don is megteheted: kezdj\u00fck a mennyis\u00e9ggel! T\u00f6bbet kellene edzened, ahhoz, hogy jobban fejl\u0151dj? M\u00e9gis, mennyivel t\u00f6bbet? Vagy pont, hogy pihen\u00e9sre van sz\u00fcks\u00e9ged?<\/strong><\/p>\n<p><!--more--><\/p>\n<h2><strong>Tartod a temp\u00f3d?<\/strong><\/h2>\n<p>Miel\u0151tt eld\u00f6nten\u00e9d, hogyan v\u00e1ltoztatod meg az edz\u00e9seid mennyis\u00e9g\u00e9t, \u0151szint\u00e9n meg kell vizsg\u00e1lnod a jelenlegi edz\u00e9seket. M\u00e9g ha olyan tervet k\u00f6vetsz is, ami egyre nehezedik, az sem garant\u00e1lja a fejl\u0151d\u00e9st. Ez az\u00e9rt van, mert nem veszi figyelembe a mindenkori \u00e1llapotod. Egyszer\u0171en megfogalmazva: van, hogy nem tudod teljes\u00edteni, amit el\u0151\u00edr. Ilyenkor meg kell ism\u00e9telned az adott hetet, vagy jobb, ha tov\u00e1bbl\u00e9psz a k\u00f6vetkez\u0151 feladatra?<\/p>\n<figure id=\"attachment_11745\" aria-describedby=\"caption-attachment-11745\" style=\"width: 1024px\" class=\"wp-caption alignnone\"><a href=\"https:\/\/d2p6e6u75xmxt8.cloudfront.net\/2\/2021\/06\/Cycling-outdoor-MTB-profimedia-0033936661.jpg\"><img loading=\"lazy\" decoding=\"async\" class=\"wp-image-11745 size-large\" src=\"https:\/\/d2p6e6u75xmxt8.cloudfront.net\/12\/2021\/06\/Cycling-outdoor-MTB-profimedia-0033936661-1024x681.jpg\" alt=\"MTB female\" width=\"1024\" height=\"681\" srcset=\"https:\/\/d2p6e6u75xmxt8.cloudfront.net\/12\/2021\/06\/Cycling-outdoor-MTB-profimedia-0033936661-1024x681.jpg 1024w, https:\/\/d2p6e6u75xmxt8.cloudfront.net\/12\/2021\/06\/Cycling-outdoor-MTB-profimedia-0033936661-300x199.jpg 300w, https:\/\/d2p6e6u75xmxt8.cloudfront.net\/12\/2021\/06\/Cycling-outdoor-MTB-profimedia-0033936661-768x511.jpg 768w, https:\/\/d2p6e6u75xmxt8.cloudfront.net\/12\/2021\/06\/Cycling-outdoor-MTB-profimedia-0033936661-272x182.jpg 272w, https:\/\/d2p6e6u75xmxt8.cloudfront.net\/12\/2021\/06\/Cycling-outdoor-MTB-profimedia-0033936661.jpg 1250w\" sizes=\"auto, (max-width: 1024px) 100vw, 1024px\" \/><\/a><figcaption id=\"caption-attachment-11745\" class=\"wp-caption-text\"><em>A tested hamar hozz\u00e1szokik a terhel\u00e9shez, ha nem n\u00f6veled, elj\u00f6n az a pont, ahol meg\u00e1ll a fejl\u0151d\u00e9s.<\/em> <em>\u00a9 Profimedia<\/em><\/figcaption><\/figure>\n<h2><strong>T\u00fcrelem!<\/strong><\/h2>\n<p>Sokszor \u00fagy d\u00f6ntenek a ker\u00e9kp\u00e1rosok, hogy tov\u00e1bbl\u00e9pnek \u00e9s k\u00f6vetik az edz\u00e9stervet, f\u00fcggetlen\u00fcl att\u00f3l, hogy az el\u0151z\u0151 feladat hogy ment. Lehet, hogy ez egyszer-egyszer nem okoz probl\u00e9m\u00e1t, hiszen lehet rossz napunk kialvatlans\u00e1g vagy a nem megfelel\u0151 \u00e9tkez\u00e9s miatt. De ha rendszeresen figyelmen k\u00edv\u00fcl hagyod azt, hogy az el\u0151z\u0151 heti edz\u00e9stervet nem tudtad teljes\u00edteni, bajba ker\u00fclhetsz. A tested azt jelzi, hogy t\u00f6bb id\u0151re van sz\u00fcks\u00e9ge az alkalmazkod\u00e1shoz \u00e9s nem tud \u00fagy fejl\u0151dni, ahogy nehez\u00edted az edz\u00e9seket. Addig ism\u00e9teld meg a legut\u00f3bbi feladatot, ameddig nem siker\u00fcl v\u00e9gigcsin\u00e1lnod! A t\u00fcrelem \u00e9s a rugalmass\u00e1g kulcsfontoss\u00e1g\u00fa. A mennyis\u00e9g tov\u00e1bbi n\u00f6vel\u00e9se, fejl\u0151d\u00e9s n\u00e9lk\u00fcl, csak rosszabb\u00e1 tenn\u00e9 a helyzetet.<\/p>\n<p>Van azonban olyan helyzet, amikor az edz\u00e9sek sz\u00e1m\u00e1nak \u00e9s id\u0151tartam\u00e1nak n\u00f6vel\u00e9se a v\u00e1lasz. A tested egy id\u0151 ut\u00e1n k\u00e9nytelen alkalmazkodni a folyamatos terhel\u00e9shez, ez azonban f\u0151leg azokn\u00e1l a sportol\u00f3kn\u00e1l hasznos m\u00f3dszer, akik id\u0151re teljes\u00edtenek. R\u00e1ad\u00e1sul ez a m\u00f3dszer id\u0151ig\u00e9nyes is.<\/p>\n<h2><strong>Ha n\u00f6velsz, n\u00f6velj legal\u00e1bb 20%-ot!<\/strong><\/h2>\n<p>Ha m\u00e9gis ezt a m\u00f3dszert haszn\u00e1lod, fontos, hogy olyan m\u00e9rt\u00e9kben emeld az edz\u00e9sek idej\u00e9t, ami t\u00e9nyleg v\u00e1ltoz\u00e1st v\u00e1lt majd ki. Ha \u00fagy \u00e9rzed, stagn\u00e1lsz, akkor val\u00f3sz\u00edn\u0171leg hi\u00e1ba pr\u00f3b\u00e1lsz 5-10%-kal t\u00f6bbet tekerni. T\u0171zz ki c\u00e9lk\u00e9nt 20%-ot, hogy biztos legyen a siker! Ez azt jelenti, hogy j\u00f3 sok id\u0151t kell a nyeregben t\u00f6ltened, de meg\u00e9ri!<\/p>\n<figure id=\"attachment_11746\" aria-describedby=\"caption-attachment-11746\" style=\"width: 1000px\" class=\"wp-caption alignnone\"><a href=\"https:\/\/d2p6e6u75xmxt8.cloudfront.net\/12\/2021\/06\/Cyclist-training-profimedia-0614192494.jpg\"><img loading=\"lazy\" decoding=\"async\" class=\"wp-image-11746 size-full\" src=\"https:\/\/d2p6e6u75xmxt8.cloudfront.net\/12\/2021\/06\/Cyclist-training-profimedia-0614192494.jpg\" alt=\"Cyclist training\" width=\"1000\" height=\"666\" srcset=\"https:\/\/d2p6e6u75xmxt8.cloudfront.net\/12\/2021\/06\/Cyclist-training-profimedia-0614192494.jpg 1000w, https:\/\/d2p6e6u75xmxt8.cloudfront.net\/12\/2021\/06\/Cyclist-training-profimedia-0614192494-300x200.jpg 300w, https:\/\/d2p6e6u75xmxt8.cloudfront.net\/12\/2021\/06\/Cyclist-training-profimedia-0614192494-768x511.jpg 768w, https:\/\/d2p6e6u75xmxt8.cloudfront.net\/12\/2021\/06\/Cyclist-training-profimedia-0614192494-272x182.jpg 272w\" sizes=\"auto, (max-width: 1000px) 100vw, 1000px\" \/><\/a><figcaption id=\"caption-attachment-11746\" class=\"wp-caption-text\"><em>K\u00e9t f\u0151 oka lehet, ha megrekedsz: vagy t\u00fal sokat edzel \u00e9s a tested nem tud alkalmazkodni, vagy t\u00fal keveset, \u00edgy nem fejl\u0151dsz. \u00a9 Profimedia<\/em><\/figcaption><\/figure>\n<p>N\u00e9zz\u00fcnk egy p\u00e9ld\u00e1t: ha hetente 8 \u00f3r\u00e1t biciklizel, a 20%-os n\u00f6vel\u00e9s azt jelenti, hogy minden h\u00e9ten k\u00f6r\u00fclbel\u00fcl m\u00e1sf\u00e9l \u00f3r\u00e1val t\u00f6bbet kell tekerned. A legjobb, ha ezt a plusz id\u0151t 1-2 alkalom alatt teljes\u00edted. Hasznosabb, ha egyben 45 percet letekersz, mint ha minden nap 15-\u00f6t! Persze tudjuk, hogy nem k\u00f6nny\u0171 id\u0151t szak\u00edtani hosszabb menetekre. \u00cdme, n\u00e9h\u00e1ny \u00f6tlet:<\/p>\n<p>1.\u00a0 Menj biciklivel a csoportos teker\u00e9s helysz\u00edn\u00e9re! Ha ing\u00e1zol vagy egy haveroddal tal\u00e1lkozol, kihaszn\u00e1lhatod az id\u0151t, ameddig oda\u00e9rsz, hogy eddz egy kicsit. Az esem\u00e9ny v\u00e9g\u00e9n megteheted ugyanezt, vagy megk\u00e9rheted egy ismer\u0151s\u00f6d, hogy vigyen haza.<\/p>\n<p>2. J\u00e1rj biciklivel dolgozni! Ha m\u00e9g nem v\u00e1ltott\u00e1l k\u00e9t ker\u00e9kre, legal\u00e1bb heti egyszer tedd meg! Nagyszer\u0171 m\u00f3dja ez egy kis plusz mozg\u00e1s beiktat\u00e1s\u00e1nak, r\u00e1ad\u00e1sul j\u00f3kedv\u0171en nyitod \u00e9s z\u00e1rod majd a napot.<\/p>\n<p>3. Dupl\u00e1zz! Pr\u00f3b\u00e1lj meg beiktatni egy r\u00f6vid reggeli edz\u00e9st egy olyan napra, amikor d\u00e9lut\u00e1n is edzeni tervezel.<\/p>\n<p>Ha sem az edz\u00e9sek mennyis\u00e9g\u00e9nek cs\u00f6kkent\u00e9se, sem a n\u00f6vel\u00e9se nem seg\u00edt kit\u00f6rni, akkor se agg\u00f3dj! A k\u00f6vetkez\u0151 cikk\u00fcnkben az intenzit\u00e1sr\u00f3l lesz sz\u00f3.<\/p>\n","protected":false},"excerpt":{"rendered":"<p>Valamin v\u00e1ltoztatnod kell. Ez az egyetlen m\u00f3dja, hogy kit\u00f6rj. Ezt t\u00f6bb m\u00f3don is megteheted: kezdj\u00fck a mennyis\u00e9ggel! T\u00f6bbet kellene edzened, [&hellip;]<\/p>\n","protected":false},"author":71,"featured_media":11748,"comment_status":"closed","ping_status":"closed","sticky":false,"template":"","format":"standard","meta":{"footnotes":""},"categories":[6],"tags":[],"global-categories":[],"class_list":["post-11744","post","type-post","status-publish","format-standard","has-post-thumbnail","hentry","category-edzes-es-eletmod"],"yoast_head":"<!-- This site is optimized with the Yoast SEO Premium plugin v25.3 (Yoast SEO v25.9) - https:\/\/yoast.com\/wordpress\/plugins\/seo\/ -->\n<title>Mit tegyek, ha megrekedtem egy szinten?<\/title>\n<meta name=\"description\" content=\"Valamin v\u00e1ltoztatnod kell. Ez az egyetlen m\u00f3dja, hogy kit\u00f6rj. Ezt t\u00f6bb m\u00f3don is megteheted: kezdj\u00fck a mennyis\u00e9ggel!\" \/>\n<meta name=\"robots\" content=\"index, follow, max-snippet:-1, max-image-preview:large, max-video-preview:-1\" \/>\n<link rel=\"canonical\" href=\"https:\/\/www.welovecycling.com\/hu\/edzes-es-eletmod\/mit-tegyek-ha-megrekedtem-egy-szinten\/\" \/>\n<meta property=\"og:locale\" content=\"hu_HU\" \/>\n<meta property=\"og:type\" content=\"article\" \/>\n<meta property=\"og:title\" content=\"Mit tegyek, ha megrekedtem egy szinten?\" \/>\n<meta property=\"og:description\" content=\"Valamin v\u00e1ltoztatnod kell. Ez az egyetlen m\u00f3dja, hogy kit\u00f6rj. Ezt t\u00f6bb m\u00f3don is megteheted: kezdj\u00fck a mennyis\u00e9ggel!\" \/>\n<meta property=\"og:url\" content=\"https:\/\/www.welovecycling.com\/hu\/edzes-es-eletmod\/mit-tegyek-ha-megrekedtem-egy-szinten\/\" \/>\n<meta property=\"og:site_name\" content=\"\u0160koda We Love Cycling - Magyarorsz\u00e1g\" \/>\n<meta property=\"article:publisher\" content=\"https:\/\/www.facebook.com\/WeLoveCyclingHungary\/\" \/>\n<meta property=\"article:published_time\" content=\"2021-06-23T06:00:01+00:00\" \/>\n<meta property=\"og:image\" content=\"https:\/\/d2p6e6u75xmxt8.cloudfront.net\/12\/2021\/06\/Cyclist-training-profimedia-0614548770-CVR.jpg\" \/>\n\t<meta property=\"og:image:width\" content=\"1366\" \/>\n\t<meta property=\"og:image:height\" content=\"600\" \/>\n\t<meta property=\"og:image:type\" content=\"image\/jpeg\" \/>\n<meta name=\"author\" content=\"hegyizs\" \/>\n<meta name=\"twitter:card\" content=\"summary_large_image\" \/>\n<meta name=\"twitter:label1\" content=\"Written by\" \/>\n\t<meta name=\"twitter:data1\" content=\"Jiri Kaloc\" \/>\n\t<meta name=\"twitter:label2\" content=\"Est. reading time\" \/>\n\t<meta name=\"twitter:data2\" content=\"5\" \/>\n<script type=\"application\/ld+json\" class=\"yoast-schema-graph\">{\"@context\":\"https:\/\/schema.org\",\"@graph\":[{\"@type\":\"WebPage\",\"@id\":\"https:\/\/www.welovecycling.com\/hu\/edzes-es-eletmod\/mit-tegyek-ha-megrekedtem-egy-szinten\/\",\"url\":\"https:\/\/www.welovecycling.com\/hu\/edzes-es-eletmod\/mit-tegyek-ha-megrekedtem-egy-szinten\/\",\"name\":\"Mit tegyek, ha megrekedtem egy szinten?\",\"isPartOf\":{\"@id\":\"https:\/\/www.welovecycling.com\/hu\/#website\"},\"primaryImageOfPage\":{\"@id\":\"https:\/\/www.welovecycling.com\/hu\/edzes-es-eletmod\/mit-tegyek-ha-megrekedtem-egy-szinten\/#primaryimage\"},\"image\":{\"@id\":\"https:\/\/www.welovecycling.com\/hu\/edzes-es-eletmod\/mit-tegyek-ha-megrekedtem-egy-szinten\/#primaryimage\"},\"thumbnailUrl\":\"https:\/\/d2p6e6u75xmxt8.cloudfront.net\/12\/2021\/06\/Cyclist-training-profimedia-0614548770-CVR.jpg\",\"datePublished\":\"2021-06-23T06:00:01+00:00\",\"author\":{\"@id\":\"https:\/\/www.welovecycling.com\/hu\/#\/schema\/person\/414a2aebf1801691a5320edb6468e194\"},\"description\":\"Valamin v\u00e1ltoztatnod kell. Ez az egyetlen m\u00f3dja, hogy kit\u00f6rj. Ezt t\u00f6bb m\u00f3don is megteheted: kezdj\u00fck a mennyis\u00e9ggel!\",\"breadcrumb\":{\"@id\":\"https:\/\/www.welovecycling.com\/hu\/edzes-es-eletmod\/mit-tegyek-ha-megrekedtem-egy-szinten\/#breadcrumb\"},\"inLanguage\":\"hu\",\"potentialAction\":[{\"@type\":\"ReadAction\",\"target\":[\"https:\/\/www.welovecycling.com\/hu\/edzes-es-eletmod\/mit-tegyek-ha-megrekedtem-egy-szinten\/\"]}]},{\"@type\":\"ImageObject\",\"inLanguage\":\"hu\",\"@id\":\"https:\/\/www.welovecycling.com\/hu\/edzes-es-eletmod\/mit-tegyek-ha-megrekedtem-egy-szinten\/#primaryimage\",\"url\":\"https:\/\/d2p6e6u75xmxt8.cloudfront.net\/12\/2021\/06\/Cyclist-training-profimedia-0614548770-CVR.jpg\",\"contentUrl\":\"https:\/\/d2p6e6u75xmxt8.cloudfront.net\/12\/2021\/06\/Cyclist-training-profimedia-0614548770-CVR.jpg\",\"width\":1366,\"height\":600,\"caption\":\"Cyclist\"},{\"@type\":\"BreadcrumbList\",\"@id\":\"https:\/\/www.welovecycling.com\/hu\/edzes-es-eletmod\/mit-tegyek-ha-megrekedtem-egy-szinten\/#breadcrumb\",\"itemListElement\":[{\"@type\":\"ListItem\",\"position\":1,\"name\":\"Home\",\"item\":\"https:\/\/www.welovecycling.com\/hu\/\"},{\"@type\":\"ListItem\",\"position\":2,\"name\":\"Mit tegyek, ha megrekedtem egy szinten?\"}]},{\"@type\":\"WebSite\",\"@id\":\"https:\/\/www.welovecycling.com\/hu\/#website\",\"url\":\"https:\/\/www.welovecycling.com\/hu\/\",\"name\":\"\u0160koda We Love Cycling - Magyarorsz\u00e1g\",\"description\":\"\u0160koda WeLoveCycling\",\"potentialAction\":[{\"@type\":\"SearchAction\",\"target\":{\"@type\":\"EntryPoint\",\"urlTemplate\":\"https:\/\/www.welovecycling.com\/hu\/?s={search_term_string}\"},\"query-input\":{\"@type\":\"PropertyValueSpecification\",\"valueRequired\":true,\"valueName\":\"search_term_string\"}}],\"inLanguage\":\"hu\"},{\"@type\":\"Person\",\"@id\":\"https:\/\/www.welovecycling.com\/hu\/#\/schema\/person\/414a2aebf1801691a5320edb6468e194\",\"name\":\"hegyizs\",\"image\":{\"@type\":\"ImageObject\",\"inLanguage\":\"hu\",\"@id\":\"https:\/\/www.welovecycling.com\/hu\/#\/schema\/person\/image\/\",\"url\":\"https:\/\/secure.gravatar.com\/avatar\/02cf8a7906b8cf90cecb4679defac7cfd33a1c2e3b88e4903d947f3bb58eedd3?s=96&d=mm&r=g\",\"contentUrl\":\"https:\/\/secure.gravatar.com\/avatar\/02cf8a7906b8cf90cecb4679defac7cfd33a1c2e3b88e4903d947f3bb58eedd3?s=96&d=mm&r=g\",\"caption\":\"hegyizs\"},\"url\":\"https:\/\/www.welovecycling.com\/hu\/author\/hegyizs\/\"}]}<\/script>\n<!-- \/ Yoast SEO Premium plugin. -->","yoast_head_json":{"title":"Mit tegyek, ha megrekedtem egy szinten?","description":"Valamin v\u00e1ltoztatnod kell. Ez az egyetlen m\u00f3dja, hogy kit\u00f6rj. Ezt t\u00f6bb m\u00f3don is megteheted: kezdj\u00fck a mennyis\u00e9ggel!","robots":{"index":"index","follow":"follow","max-snippet":"max-snippet:-1","max-image-preview":"max-image-preview:large","max-video-preview":"max-video-preview:-1"},"canonical":"https:\/\/www.welovecycling.com\/hu\/edzes-es-eletmod\/mit-tegyek-ha-megrekedtem-egy-szinten\/","og_locale":"hu_HU","og_type":"article","og_title":"Mit tegyek, ha megrekedtem egy szinten?","og_description":"Valamin v\u00e1ltoztatnod kell. Ez az egyetlen m\u00f3dja, hogy kit\u00f6rj. Ezt t\u00f6bb m\u00f3don is megteheted: kezdj\u00fck a mennyis\u00e9ggel!","og_url":"https:\/\/www.welovecycling.com\/hu\/edzes-es-eletmod\/mit-tegyek-ha-megrekedtem-egy-szinten\/","og_site_name":"\u0160koda We Love Cycling - Magyarorsz\u00e1g","article_publisher":"https:\/\/www.facebook.com\/WeLoveCyclingHungary\/","article_published_time":"2021-06-23T06:00:01+00:00","og_image":[{"width":1366,"height":600,"url":"https:\/\/d2p6e6u75xmxt8.cloudfront.net\/12\/2021\/06\/Cyclist-training-profimedia-0614548770-CVR.jpg","type":"image\/jpeg"}],"author":"hegyizs","twitter_card":"summary_large_image","twitter_misc":{"Written by":"Jiri Kaloc","Est. reading time":"5"},"schema":{"@context":"https:\/\/schema.org","@graph":[{"@type":"WebPage","@id":"https:\/\/www.welovecycling.com\/hu\/edzes-es-eletmod\/mit-tegyek-ha-megrekedtem-egy-szinten\/","url":"https:\/\/www.welovecycling.com\/hu\/edzes-es-eletmod\/mit-tegyek-ha-megrekedtem-egy-szinten\/","name":"Mit tegyek, ha megrekedtem egy szinten?","isPartOf":{"@id":"https:\/\/www.welovecycling.com\/hu\/#website"},"primaryImageOfPage":{"@id":"https:\/\/www.welovecycling.com\/hu\/edzes-es-eletmod\/mit-tegyek-ha-megrekedtem-egy-szinten\/#primaryimage"},"image":{"@id":"https:\/\/www.welovecycling.com\/hu\/edzes-es-eletmod\/mit-tegyek-ha-megrekedtem-egy-szinten\/#primaryimage"},"thumbnailUrl":"https:\/\/d2p6e6u75xmxt8.cloudfront.net\/12\/2021\/06\/Cyclist-training-profimedia-0614548770-CVR.jpg","datePublished":"2021-06-23T06:00:01+00:00","author":{"@id":"https:\/\/www.welovecycling.com\/hu\/#\/schema\/person\/414a2aebf1801691a5320edb6468e194"},"description":"Valamin v\u00e1ltoztatnod kell. Ez az egyetlen m\u00f3dja, hogy kit\u00f6rj. Ezt t\u00f6bb m\u00f3don is megteheted: kezdj\u00fck a mennyis\u00e9ggel!","breadcrumb":{"@id":"https:\/\/www.welovecycling.com\/hu\/edzes-es-eletmod\/mit-tegyek-ha-megrekedtem-egy-szinten\/#breadcrumb"},"inLanguage":"hu","potentialAction":[{"@type":"ReadAction","target":["https:\/\/www.welovecycling.com\/hu\/edzes-es-eletmod\/mit-tegyek-ha-megrekedtem-egy-szinten\/"]}]},{"@type":"ImageObject","inLanguage":"hu","@id":"https:\/\/www.welovecycling.com\/hu\/edzes-es-eletmod\/mit-tegyek-ha-megrekedtem-egy-szinten\/#primaryimage","url":"https:\/\/d2p6e6u75xmxt8.cloudfront.net\/12\/2021\/06\/Cyclist-training-profimedia-0614548770-CVR.jpg","contentUrl":"https:\/\/d2p6e6u75xmxt8.cloudfront.net\/12\/2021\/06\/Cyclist-training-profimedia-0614548770-CVR.jpg","width":1366,"height":600,"caption":"Cyclist"},{"@type":"BreadcrumbList","@id":"https:\/\/www.welovecycling.com\/hu\/edzes-es-eletmod\/mit-tegyek-ha-megrekedtem-egy-szinten\/#breadcrumb","itemListElement":[{"@type":"ListItem","position":1,"name":"Home","item":"https:\/\/www.welovecycling.com\/hu\/"},{"@type":"ListItem","position":2,"name":"Mit tegyek, ha megrekedtem egy szinten?"}]},{"@type":"WebSite","@id":"https:\/\/www.welovecycling.com\/hu\/#website","url":"https:\/\/www.welovecycling.com\/hu\/","name":"\u0160koda We Love Cycling - Magyarorsz\u00e1g","description":"\u0160koda WeLoveCycling","potentialAction":[{"@type":"SearchAction","target":{"@type":"EntryPoint","urlTemplate":"https:\/\/www.welovecycling.com\/hu\/?s={search_term_string}"},"query-input":{"@type":"PropertyValueSpecification","valueRequired":true,"valueName":"search_term_string"}}],"inLanguage":"hu"},{"@type":"Person","@id":"https:\/\/www.welovecycling.com\/hu\/#\/schema\/person\/414a2aebf1801691a5320edb6468e194","name":"hegyizs","image":{"@type":"ImageObject","inLanguage":"hu","@id":"https:\/\/www.welovecycling.com\/hu\/#\/schema\/person\/image\/","url":"https:\/\/secure.gravatar.com\/avatar\/02cf8a7906b8cf90cecb4679defac7cfd33a1c2e3b88e4903d947f3bb58eedd3?s=96&d=mm&r=g","contentUrl":"https:\/\/secure.gravatar.com\/avatar\/02cf8a7906b8cf90cecb4679defac7cfd33a1c2e3b88e4903d947f3bb58eedd3?s=96&d=mm&r=g","caption":"hegyizs"},"url":"https:\/\/www.welovecycling.com\/hu\/author\/hegyizs\/"}]}},"_links":{"self":[{"href":"https:\/\/www.welovecycling.com\/hu\/wp-json\/wp\/v2\/posts\/11744","targetHints":{"allow":["GET"]}}],"collection":[{"href":"https:\/\/www.welovecycling.com\/hu\/wp-json\/wp\/v2\/posts"}],"about":[{"href":"https:\/\/www.welovecycling.com\/hu\/wp-json\/wp\/v2\/types\/post"}],"author":[{"embeddable":true,"href":"https:\/\/www.welovecycling.com\/hu\/wp-json\/wp\/v2\/users\/71"}],"replies":[{"embeddable":true,"href":"https:\/\/www.welovecycling.com\/hu\/wp-json\/wp\/v2\/comments?post=11744"}],"version-history":[{"count":2,"href":"https:\/\/www.welovecycling.com\/hu\/wp-json\/wp\/v2\/posts\/11744\/revisions"}],"predecessor-version":[{"id":11762,"href":"https:\/\/www.welovecycling.com\/hu\/wp-json\/wp\/v2\/posts\/11744\/revisions\/11762"}],"wp:featuredmedia":[{"embeddable":true,"href":"https:\/\/www.welovecycling.com\/hu\/wp-json\/wp\/v2\/media\/11748"}],"wp:attachment":[{"href":"https:\/\/www.welovecycling.com\/hu\/wp-json\/wp\/v2\/media?parent=11744"}],"wp:term":[{"taxonomy":"category","embeddable":true,"href":"https:\/\/www.welovecycling.com\/hu\/wp-json\/wp\/v2\/categories?post=11744"},{"taxonomy":"post_tag","embeddable":true,"href":"https:\/\/www.welovecycling.com\/hu\/wp-json\/wp\/v2\/tags?post=11744"},{"taxonomy":"global-categories","embeddable":true,"href":"https:\/\/www.welovecycling.com\/hu\/wp-json\/wp\/v2\/global-categories?post=11744"}],"curies":[{"name":"wp","href":"https:\/\/api.w.org\/{rel}","templated":true}]}}